{"id":115473,"date":"2024-02-21T14:38:45","date_gmt":"2024-02-21T17:38:45","guid":{"rendered":"https:\/\/redenoticiaz.com.br\/barretos-regiao\/sp\/2024\/02\/21\/tse-multa-deputada-zambelli-em-r-30-mil-por-fake-news-sobre-e-titulo"},"modified":"2024-02-21T14:48:17","modified_gmt":"2024-02-21T17:48:17","slug":"tse-multa-deputada-zambelli-em-r-30-mil-por-fake-news-sobre-e-titulo","status":"publish","type":"post","link":"https:\/\/redenoticiaz.com.br\/ribeiraopreto-regiao\/sp\/2024\/02\/21\/tse-multa-deputada-zambelli-em-r-30-mil-por-fake-news-sobre-e-titulo","title":{"rendered":"TSE multa deputada Zambelli em R$ 30 mil por fake news sobre e-T\u00edtulo"},"content":{"rendered":"<p>O plen\u00e1rio do Tribunal Superior Eleitoral (TSE) multou a deputada Carla Zambelli (PL-SP), por unanimidade, em R$ 30 mil, por divulgar not\u00edcias falsas sobre o processo eleitoral e o aplicativo e-T\u00edtulo.\u00a0<img decoding=\"async\" src=\"https:\/\/agenciabrasil.ebc.com.br\/ebc.png?id=1582032&amp;o=node\" \/><img decoding=\"async\" src=\"https:\/\/agenciabrasil.ebc.com.br\/ebc.gif?id=1582032&amp;o=node\" \/><\/p>\n<p>Os ministros consideraram a deputada culpada por propaganda eleitoral irregular na internet. As publica\u00e7\u00f5es foram feitas durante a campanha eleitoral de 2022 nas redes sociais da parlamentar e diziam que o QR Code do t\u00edtulo de eleitor digital, ao ser lido, contabilizaria votos para o ent\u00e3o candidato \u00e0 Presid\u00eancia Luiz In\u00e1cio Lula da Silva.<\/p>\n<p>A retirada das publica\u00e7\u00f5es foi determinada \u00e0 \u00e9poca pelo ministro Raul Ara\u00fajo. Nesta ter\u00e7a-feira (20), os ministros julgaram o m\u00e9rito da conduta da deputada. O relator, ministro Floriano de Azevedo Marques, destacou que o valor da multa levou em considera\u00e7\u00e3o \u201ca reincid\u00eancia da conduta\u201d.<\/p>\n<p>A ministra C\u00e1rmen L\u00facia chamou aten\u00e7\u00e3o para o comportamento de Zambelli. \u201cA pessoa sabe que n\u00e3o pode adotar o comportamento, sabe que \u00e9 falso e, ainda assim, propaga com um dolo muito espec\u00edfico\u201d, ressaltou.<\/p>\n<p>Apenas o ministro Nunes Marques votou para que a multa ficasse pela metade, em R$ 15 mil, mas foi vencido.<\/p>\n<p>Leia mais<\/p>\n<p><a href=\"https:\/\/redenoticiaz.com.br\/blog\/2023\/08\/18\/maioria-do-stf-vota-para-tornar-zambelli-re-por-porte-ilegal-de-armas\">Maioria do STF vota para tornar Zambelli r\u00e9 por porte ilegal de armas<\/a><\/p>\n<p><a href=\"https:\/\/redenoticiaz.com.br\/blog\/2023\/07\/12\/ministro-do-tse-envia-para-sao-paulo-acao-contra-carla-zambelli\">Ministro do TSE envia para S\u00e3o Paulo a\u00e7\u00e3o contra Carla Zambelli<\/a><\/p>\n","protected":false},"excerpt":{"rendered":"<p>O plen\u00e1rio do Tribunal Superior Eleitoral (TSE) multou a deputada Carla Zambelli (PL-SP), por unanimidade, em R$ 30 mil, por divulgar not\u00edcias falsas sobre o processo eleitoral e o aplicativo e-T\u00edtulo.\u00a0 Os ministros consideraram a deputada culpada por propaganda eleitoral irregular na internet. As publica\u00e7\u00f5es foram feitas durante a campanha eleitoral de 2022 nas redes &hellip;<\/p>\n","protected":false},"author":12,"featured_media":108062,"comment_status":"open","ping_status":"closed","sticky":false,"template":"","format":"standard","meta":{"footnotes":""},"categories":[88,186],"tags":[21596,19973],"class_list":["post-115473","post","type-post","status-publish","format-standard","has-post-thumbnail","hentry","category-policia","category-politica","tag-carla-zambelli","tag-fake-news"],"yoast_head":"<!-- This site is optimized with the Yoast SEO plugin v27.4 - https:\/\/yoast.com\/product\/yoast-seo-wordpress\/ -->\n<title>TSE multa deputada Zambelli em R$ 30 mil por fake news sobre e-T\u00edtulo - Ribeir\u00e3o Preto e Regi\u00e3o<\/title>\n<meta name=\"description\" content=\"O plen\u00e1rio do Tribunal Superior Eleitoral (TSE) multou a deputada Carla Zambelli (PL-SP), por unanimidade, em R$ 30 mil, por divulgar not\u00edcias falsas sobre o processo eleitoral e o aplicativo e-T\u00edtulo.\u00a0\" \/>\n<meta name=\"robots\" content=\"index, follow, max-snippet:-1, max-image-preview:large, max-video-preview:-1\" \/>\n<link rel=\"canonical\" href=\"https:\/\/redenoticiaz.com.br\/ribeiraopreto-regiao\/sp\/2024\/02\/21\/tse-multa-deputada-zambelli-em-r-30-mil-por-fake-news-sobre-e-titulo\" \/>\n<meta property=\"og:locale\" content=\"pt_BR\" \/>\n<meta property=\"og:type\" content=\"article\" \/>\n<meta property=\"og:title\" content=\"TSE multa deputada Zambelli em R$ 30 mil por fake news sobre e-T\u00edtulo - Ribeir\u00e3o Preto e Regi\u00e3o\" \/>\n<meta property=\"og:description\" content=\"O plen\u00e1rio do Tribunal Superior Eleitoral (TSE) multou a deputada Carla Zambelli (PL-SP), por unanimidade, em R$ 30 mil, por divulgar not\u00edcias falsas sobre o processo eleitoral e o aplicativo e-T\u00edtulo.\u00a0\" \/>\n<meta property=\"og:url\" content=\"https:\/\/redenoticiaz.com.br\/ribeiraopreto-regiao\/sp\/2024\/02\/21\/tse-multa-deputada-zambelli-em-r-30-mil-por-fake-news-sobre-e-titulo\" \/>\n<meta property=\"og:site_name\" content=\"Ribeir\u00e3o Preto e Regi\u00e3o\" \/>\n<meta property=\"article:publisher\" content=\"https:\/\/m.facebook.com\/redenoticiaz.barretos\" \/>\n<meta property=\"article:published_time\" content=\"2024-02-21T17:38:45+00:00\" \/>\n<meta property=\"article:modified_time\" content=\"2024-02-21T17:48:17+00:00\" \/>\n<meta property=\"og:image\" content=\"https:\/\/redenoticiaz.com.br\/ribeiraopreto-regiao\/wp-content\/uploads\/sites\/4\/2023\/07\/img20220706213323124.jpg\" \/>\n\t<meta property=\"og:image:width\" content=\"1170\" \/>\n\t<meta property=\"og:image:height\" content=\"700\" \/>\n\t<meta property=\"og:image:type\" content=\"image\/jpeg\" \/>\n<meta name=\"author\" content=\"Gustavo Silva\" \/>\n<meta name=\"twitter:card\" content=\"summary_large_image\" \/>\n<meta name=\"twitter:creator\" content=\"@RN_barretos\" \/>\n<meta name=\"twitter:site\" content=\"@RN_barretos\" \/>\n<meta name=\"twitter:label1\" content=\"Escrito por\" \/>\n\t<meta name=\"twitter:data1\" content=\"Gustavo Silva\" \/>\n\t<meta name=\"twitter:label2\" content=\"Est. tempo de leitura\" \/>\n\t<meta name=\"twitter:data2\" content=\"2 minutos\" \/>\n<script type=\"application\/ld+json\" class=\"yoast-schema-graph\">{\"@context\":\"https:\\\/\\\/schema.org\",\"@graph\":[{\"@type\":\"Article\",\"@id\":\"https:\\\/\\\/redenoticiaz.com.br\\\/ribeiraopreto-regiao\\\/sp\\\/2024\\\/02\\\/21\\\/tse-multa-deputada-zambelli-em-r-30-mil-por-fake-news-sobre-e-titulo#article\",\"isPartOf\":{\"@id\":\"https:\\\/\\\/redenoticiaz.com.br\\\/ribeiraopreto-regiao\\\/sp\\\/2024\\\/02\\\/21\\\/tse-multa-deputada-zambelli-em-r-30-mil-por-fake-news-sobre-e-titulo\"},\"author\":{\"name\":\"Gustavo Silva\",\"@id\":\"https:\\\/\\\/redenoticiaz.com.br\\\/ribeiraopreto-regiao\\\/#\\\/schema\\\/person\\\/16057b37a3c0ee6b096d7f887c566e2e\"},\"headline\":\"TSE multa deputada Zambelli em R$ 30 mil por fake news sobre e-T\u00edtulo\",\"datePublished\":\"2024-02-21T17:38:45+00:00\",\"dateModified\":\"2024-02-21T17:48:17+00:00\",\"mainEntityOfPage\":{\"@id\":\"https:\\\/\\\/redenoticiaz.com.br\\\/ribeiraopreto-regiao\\\/sp\\\/2024\\\/02\\\/21\\\/tse-multa-deputada-zambelli-em-r-30-mil-por-fake-news-sobre-e-titulo\"},\"wordCount\":236,\"commentCount\":0,\"publisher\":{\"@id\":\"https:\\\/\\\/redenoticiaz.com.br\\\/ribeiraopreto-regiao\\\/#organization\"},\"image\":{\"@id\":\"https:\\\/\\\/redenoticiaz.com.br\\\/ribeiraopreto-regiao\\\/sp\\\/2024\\\/02\\\/21\\\/tse-multa-deputada-zambelli-em-r-30-mil-por-fake-news-sobre-e-titulo#primaryimage\"},\"thumbnailUrl\":\"https:\\\/\\\/redenoticiaz.com.br\\\/ribeiraopreto-regiao\\\/wp-content\\\/uploads\\\/sites\\\/4\\\/2023\\\/07\\\/img20220706213323124.jpg\",\"keywords\":[\"carla zambelli\",\"FAKE NEWS\"],\"articleSection\":[\"Pol\u00edcia\",\"Pol\u00edtica\"],\"inLanguage\":\"pt-BR\",\"potentialAction\":[{\"@type\":\"CommentAction\",\"name\":\"Comment\",\"target\":[\"https:\\\/\\\/redenoticiaz.com.br\\\/ribeiraopreto-regiao\\\/sp\\\/2024\\\/02\\\/21\\\/tse-multa-deputada-zambelli-em-r-30-mil-por-fake-news-sobre-e-titulo#respond\"]}]},{\"@type\":\"WebPage\",\"@id\":\"https:\\\/\\\/redenoticiaz.com.br\\\/ribeiraopreto-regiao\\\/sp\\\/2024\\\/02\\\/21\\\/tse-multa-deputada-zambelli-em-r-30-mil-por-fake-news-sobre-e-titulo\",\"url\":\"https:\\\/\\\/redenoticiaz.com.br\\\/ribeiraopreto-regiao\\\/sp\\\/2024\\\/02\\\/21\\\/tse-multa-deputada-zambelli-em-r-30-mil-por-fake-news-sobre-e-titulo\",\"name\":\"TSE multa deputada Zambelli em R$ 30 mil por fake news sobre e-T\u00edtulo - Ribeir\u00e3o Preto e Regi\u00e3o\",\"isPartOf\":{\"@id\":\"https:\\\/\\\/redenoticiaz.com.br\\\/ribeiraopreto-regiao\\\/#website\"},\"primaryImageOfPage\":{\"@id\":\"https:\\\/\\\/redenoticiaz.com.br\\\/ribeiraopreto-regiao\\\/sp\\\/2024\\\/02\\\/21\\\/tse-multa-deputada-zambelli-em-r-30-mil-por-fake-news-sobre-e-titulo#primaryimage\"},\"image\":{\"@id\":\"https:\\\/\\\/redenoticiaz.com.br\\\/ribeiraopreto-regiao\\\/sp\\\/2024\\\/02\\\/21\\\/tse-multa-deputada-zambelli-em-r-30-mil-por-fake-news-sobre-e-titulo#primaryimage\"},\"thumbnailUrl\":\"https:\\\/\\\/redenoticiaz.com.br\\\/ribeiraopreto-regiao\\\/wp-content\\\/uploads\\\/sites\\\/4\\\/2023\\\/07\\\/img20220706213323124.jpg\",\"datePublished\":\"2024-02-21T17:38:45+00:00\",\"dateModified\":\"2024-02-21T17:48:17+00:00\",\"description\":\"O plen\u00e1rio do Tribunal Superior Eleitoral (TSE) multou a deputada Carla Zambelli (PL-SP), por unanimidade, em R$ 30 mil, por divulgar not\u00edcias falsas sobre o processo eleitoral e o aplicativo e-T\u00edtulo.\u00a0\",\"inLanguage\":\"pt-BR\",\"potentialAction\":[{\"@type\":\"ReadAction\",\"target\":[\"https:\\\/\\\/redenoticiaz.com.br\\\/ribeiraopreto-regiao\\\/sp\\\/2024\\\/02\\\/21\\\/tse-multa-deputada-zambelli-em-r-30-mil-por-fake-news-sobre-e-titulo\"]}]},{\"@type\":\"ImageObject\",\"inLanguage\":\"pt-BR\",\"@id\":\"https:\\\/\\\/redenoticiaz.com.br\\\/ribeiraopreto-regiao\\\/sp\\\/2024\\\/02\\\/21\\\/tse-multa-deputada-zambelli-em-r-30-mil-por-fake-news-sobre-e-titulo#primaryimage\",\"url\":\"https:\\\/\\\/redenoticiaz.com.br\\\/ribeiraopreto-regiao\\\/wp-content\\\/uploads\\\/sites\\\/4\\\/2023\\\/07\\\/img20220706213323124.jpg\",\"contentUrl\":\"https:\\\/\\\/redenoticiaz.com.br\\\/ribeiraopreto-regiao\\\/wp-content\\\/uploads\\\/sites\\\/4\\\/2023\\\/07\\\/img20220706213323124.jpg\",\"width\":1170,\"height\":700,\"caption\":\"Ministro do TSE envia para S\u00e3o Paulo a\u00e7\u00e3o contra Carla Zambelli\"},{\"@type\":\"WebSite\",\"@id\":\"https:\\\/\\\/redenoticiaz.com.br\\\/ribeiraopreto-regiao\\\/#website\",\"url\":\"https:\\\/\\\/redenoticiaz.com.br\\\/ribeiraopreto-regiao\\\/\",\"name\":\"Ribeir\u00e3o Preto e Regi\u00e3o\",\"description\":\"Rede NoticiaZ - Ribeir\u00e3o Preto e regi\u00e3o\",\"publisher\":{\"@id\":\"https:\\\/\\\/redenoticiaz.com.br\\\/ribeiraopreto-regiao\\\/#organization\"},\"potentialAction\":[{\"@type\":\"SearchAction\",\"target\":{\"@type\":\"EntryPoint\",\"urlTemplate\":\"https:\\\/\\\/redenoticiaz.com.br\\\/ribeiraopreto-regiao\\\/?s={search_term_string}\"},\"query-input\":{\"@type\":\"PropertyValueSpecification\",\"valueRequired\":true,\"valueName\":\"search_term_string\"}}],\"inLanguage\":\"pt-BR\"},{\"@type\":\"Organization\",\"@id\":\"https:\\\/\\\/redenoticiaz.com.br\\\/ribeiraopreto-regiao\\\/#organization\",\"name\":\"Ribeir\u00e3o Preto e Regi\u00e3o\",\"url\":\"https:\\\/\\\/redenoticiaz.com.br\\\/ribeiraopreto-regiao\\\/\",\"logo\":{\"@type\":\"ImageObject\",\"inLanguage\":\"pt-BR\",\"@id\":\"https:\\\/\\\/redenoticiaz.com.br\\\/ribeiraopreto-regiao\\\/#\\\/schema\\\/logo\\\/image\\\/\",\"url\":\"https:\\\/\\\/redenoticiaz.com.br\\\/barretos-regiao\\\/wp-content\\\/uploads\\\/sites\\\/4\\\/2022\\\/02\\\/logo.jpg\",\"contentUrl\":\"https:\\\/\\\/redenoticiaz.com.br\\\/barretos-regiao\\\/wp-content\\\/uploads\\\/sites\\\/4\\\/2022\\\/02\\\/logo.jpg\",\"width\":400,\"height\":250,\"caption\":\"Ribeir\u00e3o Preto e Regi\u00e3o\"},\"image\":{\"@id\":\"https:\\\/\\\/redenoticiaz.com.br\\\/ribeiraopreto-regiao\\\/#\\\/schema\\\/logo\\\/image\\\/\"},\"sameAs\":[\"https:\\\/\\\/m.facebook.com\\\/redenoticiaz.barretos\",\"https:\\\/\\\/x.com\\\/RN_barretos\",\"https:\\\/\\\/www.instagram.com\\\/redenoticiaz.barretos\\\/?igshid=YmMyMTA2M2Y\",\"https:\\\/\\\/www.linkedin.com\\\/company\\\/rede-noticiaz-barretos-e-regio\\\/\"]},{\"@type\":\"Person\",\"@id\":\"https:\\\/\\\/redenoticiaz.com.br\\\/ribeiraopreto-regiao\\\/#\\\/schema\\\/person\\\/16057b37a3c0ee6b096d7f887c566e2e\",\"name\":\"Gustavo Silva\",\"image\":{\"@type\":\"ImageObject\",\"inLanguage\":\"pt-BR\",\"@id\":\"https:\\\/\\\/secure.gravatar.com\\\/avatar\\\/3ee4e82f93b26de0a7cf4ea5eb7893da637ed6bb0c9170c58065944c56e28a33?s=96&d=mm&r=g\",\"url\":\"https:\\\/\\\/secure.gravatar.com\\\/avatar\\\/3ee4e82f93b26de0a7cf4ea5eb7893da637ed6bb0c9170c58065944c56e28a33?s=96&d=mm&r=g\",\"contentUrl\":\"https:\\\/\\\/secure.gravatar.com\\\/avatar\\\/3ee4e82f93b26de0a7cf4ea5eb7893da637ed6bb0c9170c58065944c56e28a33?s=96&d=mm&r=g\",\"caption\":\"Gustavo Silva\"},\"url\":\"https:\\\/\\\/redenoticiaz.com.br\\\/ribeiraopreto-regiao\\\/sp\\\/author\\\/gustavosilva\"}]}<\/script>\n<!-- \/ Yoast SEO plugin. -->","yoast_head_json":{"title":"TSE multa deputada Zambelli em R$ 30 mil por fake news sobre e-T\u00edtulo - Ribeir\u00e3o Preto e Regi\u00e3o","description":"O plen\u00e1rio do Tribunal Superior Eleitoral (TSE) multou a deputada Carla Zambelli (PL-SP), por unanimidade, em R$ 30 mil, por divulgar not\u00edcias falsas sobre o processo eleitoral e o aplicativo e-T\u00edtulo.\u00a0","robots":{"index":"index","follow":"follow","max-snippet":"max-snippet:-1","max-image-preview":"max-image-preview:large","max-video-preview":"max-video-preview:-1"},"canonical":"https:\/\/redenoticiaz.com.br\/ribeiraopreto-regiao\/sp\/2024\/02\/21\/tse-multa-deputada-zambelli-em-r-30-mil-por-fake-news-sobre-e-titulo","og_locale":"pt_BR","og_type":"article","og_title":"TSE multa deputada Zambelli em R$ 30 mil por fake news sobre e-T\u00edtulo - Ribeir\u00e3o Preto e Regi\u00e3o","og_description":"O plen\u00e1rio do Tribunal Superior Eleitoral (TSE) multou a deputada Carla Zambelli (PL-SP), por unanimidade, em R$ 30 mil, por divulgar not\u00edcias falsas sobre o processo eleitoral e o aplicativo e-T\u00edtulo.\u00a0","og_url":"https:\/\/redenoticiaz.com.br\/ribeiraopreto-regiao\/sp\/2024\/02\/21\/tse-multa-deputada-zambelli-em-r-30-mil-por-fake-news-sobre-e-titulo","og_site_name":"Ribeir\u00e3o Preto e Regi\u00e3o","article_publisher":"https:\/\/m.facebook.com\/redenoticiaz.barretos","article_published_time":"2024-02-21T17:38:45+00:00","article_modified_time":"2024-02-21T17:48:17+00:00","og_image":[{"width":1170,"height":700,"url":"https:\/\/redenoticiaz.com.br\/ribeiraopreto-regiao\/wp-content\/uploads\/sites\/4\/2023\/07\/img20220706213323124.jpg","type":"image\/jpeg"}],"author":"Gustavo Silva","twitter_card":"summary_large_image","twitter_creator":"@RN_barretos","twitter_site":"@RN_barretos","twitter_misc":{"Escrito por":"Gustavo Silva","Est. tempo de leitura":"2 minutos"},"schema":{"@context":"https:\/\/schema.org","@graph":[{"@type":"Article","@id":"https:\/\/redenoticiaz.com.br\/ribeiraopreto-regiao\/sp\/2024\/02\/21\/tse-multa-deputada-zambelli-em-r-30-mil-por-fake-news-sobre-e-titulo#article","isPartOf":{"@id":"https:\/\/redenoticiaz.com.br\/ribeiraopreto-regiao\/sp\/2024\/02\/21\/tse-multa-deputada-zambelli-em-r-30-mil-por-fake-news-sobre-e-titulo"},"author":{"name":"Gustavo Silva","@id":"https:\/\/redenoticiaz.com.br\/ribeiraopreto-regiao\/#\/schema\/person\/16057b37a3c0ee6b096d7f887c566e2e"},"headline":"TSE multa deputada Zambelli em R$ 30 mil por fake news sobre e-T\u00edtulo","datePublished":"2024-02-21T17:38:45+00:00","dateModified":"2024-02-21T17:48:17+00:00","mainEntityOfPage":{"@id":"https:\/\/redenoticiaz.com.br\/ribeiraopreto-regiao\/sp\/2024\/02\/21\/tse-multa-deputada-zambelli-em-r-30-mil-por-fake-news-sobre-e-titulo"},"wordCount":236,"commentCount":0,"publisher":{"@id":"https:\/\/redenoticiaz.com.br\/ribeiraopreto-regiao\/#organization"},"image":{"@id":"https:\/\/redenoticiaz.com.br\/ribeiraopreto-regiao\/sp\/2024\/02\/21\/tse-multa-deputada-zambelli-em-r-30-mil-por-fake-news-sobre-e-titulo#primaryimage"},"thumbnailUrl":"https:\/\/redenoticiaz.com.br\/ribeiraopreto-regiao\/wp-content\/uploads\/sites\/4\/2023\/07\/img20220706213323124.jpg","keywords":["carla zambelli","FAKE NEWS"],"articleSection":["Pol\u00edcia","Pol\u00edtica"],"inLanguage":"pt-BR","potentialAction":[{"@type":"CommentAction","name":"Comment","target":["https:\/\/redenoticiaz.com.br\/ribeiraopreto-regiao\/sp\/2024\/02\/21\/tse-multa-deputada-zambelli-em-r-30-mil-por-fake-news-sobre-e-titulo#respond"]}]},{"@type":"WebPage","@id":"https:\/\/redenoticiaz.com.br\/ribeiraopreto-regiao\/sp\/2024\/02\/21\/tse-multa-deputada-zambelli-em-r-30-mil-por-fake-news-sobre-e-titulo","url":"https:\/\/redenoticiaz.com.br\/ribeiraopreto-regiao\/sp\/2024\/02\/21\/tse-multa-deputada-zambelli-em-r-30-mil-por-fake-news-sobre-e-titulo","name":"TSE multa deputada Zambelli em R$ 30 mil por fake news sobre e-T\u00edtulo - Ribeir\u00e3o Preto e Regi\u00e3o","isPartOf":{"@id":"https:\/\/redenoticiaz.com.br\/ribeiraopreto-regiao\/#website"},"primaryImageOfPage":{"@id":"https:\/\/redenoticiaz.com.br\/ribeiraopreto-regiao\/sp\/2024\/02\/21\/tse-multa-deputada-zambelli-em-r-30-mil-por-fake-news-sobre-e-titulo#primaryimage"},"image":{"@id":"https:\/\/redenoticiaz.com.br\/ribeiraopreto-regiao\/sp\/2024\/02\/21\/tse-multa-deputada-zambelli-em-r-30-mil-por-fake-news-sobre-e-titulo#primaryimage"},"thumbnailUrl":"https:\/\/redenoticiaz.com.br\/ribeiraopreto-regiao\/wp-content\/uploads\/sites\/4\/2023\/07\/img20220706213323124.jpg","datePublished":"2024-02-21T17:38:45+00:00","dateModified":"2024-02-21T17:48:17+00:00","description":"O plen\u00e1rio do Tribunal Superior Eleitoral (TSE) multou a deputada Carla Zambelli (PL-SP), por unanimidade, em R$ 30 mil, por divulgar not\u00edcias falsas sobre o processo eleitoral e o aplicativo e-T\u00edtulo.\u00a0","inLanguage":"pt-BR","potentialAction":[{"@type":"ReadAction","target":["https:\/\/redenoticiaz.com.br\/ribeiraopreto-regiao\/sp\/2024\/02\/21\/tse-multa-deputada-zambelli-em-r-30-mil-por-fake-news-sobre-e-titulo"]}]},{"@type":"ImageObject","inLanguage":"pt-BR","@id":"https:\/\/redenoticiaz.com.br\/ribeiraopreto-regiao\/sp\/2024\/02\/21\/tse-multa-deputada-zambelli-em-r-30-mil-por-fake-news-sobre-e-titulo#primaryimage","url":"https:\/\/redenoticiaz.com.br\/ribeiraopreto-regiao\/wp-content\/uploads\/sites\/4\/2023\/07\/img20220706213323124.jpg","contentUrl":"https:\/\/redenoticiaz.com.br\/ribeiraopreto-regiao\/wp-content\/uploads\/sites\/4\/2023\/07\/img20220706213323124.jpg","width":1170,"height":700,"caption":"Ministro do TSE envia para S\u00e3o Paulo a\u00e7\u00e3o contra Carla Zambelli"},{"@type":"WebSite","@id":"https:\/\/redenoticiaz.com.br\/ribeiraopreto-regiao\/#website","url":"https:\/\/redenoticiaz.com.br\/ribeiraopreto-regiao\/","name":"Ribeir\u00e3o Preto e Regi\u00e3o","description":"Rede NoticiaZ - Ribeir\u00e3o Preto e regi\u00e3o","publisher":{"@id":"https:\/\/redenoticiaz.com.br\/ribeiraopreto-regiao\/#organization"},"potentialAction":[{"@type":"SearchAction","target":{"@type":"EntryPoint","urlTemplate":"https:\/\/redenoticiaz.com.br\/ribeiraopreto-regiao\/?s={search_term_string}"},"query-input":{"@type":"PropertyValueSpecification","valueRequired":true,"valueName":"search_term_string"}}],"inLanguage":"pt-BR"},{"@type":"Organization","@id":"https:\/\/redenoticiaz.com.br\/ribeiraopreto-regiao\/#organization","name":"Ribeir\u00e3o Preto e Regi\u00e3o","url":"https:\/\/redenoticiaz.com.br\/ribeiraopreto-regiao\/","logo":{"@type":"ImageObject","inLanguage":"pt-BR","@id":"https:\/\/redenoticiaz.com.br\/ribeiraopreto-regiao\/#\/schema\/logo\/image\/","url":"https:\/\/redenoticiaz.com.br\/barretos-regiao\/wp-content\/uploads\/sites\/4\/2022\/02\/logo.jpg","contentUrl":"https:\/\/redenoticiaz.com.br\/barretos-regiao\/wp-content\/uploads\/sites\/4\/2022\/02\/logo.jpg","width":400,"height":250,"caption":"Ribeir\u00e3o Preto e Regi\u00e3o"},"image":{"@id":"https:\/\/redenoticiaz.com.br\/ribeiraopreto-regiao\/#\/schema\/logo\/image\/"},"sameAs":["https:\/\/m.facebook.com\/redenoticiaz.barretos","https:\/\/x.com\/RN_barretos","https:\/\/www.instagram.com\/redenoticiaz.barretos\/?igshid=YmMyMTA2M2Y","https:\/\/www.linkedin.com\/company\/rede-noticiaz-barretos-e-regio\/"]},{"@type":"Person","@id":"https:\/\/redenoticiaz.com.br\/ribeiraopreto-regiao\/#\/schema\/person\/16057b37a3c0ee6b096d7f887c566e2e","name":"Gustavo Silva","image":{"@type":"ImageObject","inLanguage":"pt-BR","@id":"https:\/\/secure.gravatar.com\/avatar\/3ee4e82f93b26de0a7cf4ea5eb7893da637ed6bb0c9170c58065944c56e28a33?s=96&d=mm&r=g","url":"https:\/\/secure.gravatar.com\/avatar\/3ee4e82f93b26de0a7cf4ea5eb7893da637ed6bb0c9170c58065944c56e28a33?s=96&d=mm&r=g","contentUrl":"https:\/\/secure.gravatar.com\/avatar\/3ee4e82f93b26de0a7cf4ea5eb7893da637ed6bb0c9170c58065944c56e28a33?s=96&d=mm&r=g","caption":"Gustavo Silva"},"url":"https:\/\/redenoticiaz.com.br\/ribeiraopreto-regiao\/sp\/author\/gustavosilva"}]}},"_links":{"self":[{"href":"https:\/\/redenoticiaz.com.br\/ribeiraopreto-regiao\/wp-json\/wp\/v2\/posts\/115473","targetHints":{"allow":["GET"]}}],"collection":[{"href":"https:\/\/redenoticiaz.com.br\/ribeiraopreto-regiao\/wp-json\/wp\/v2\/posts"}],"about":[{"href":"https:\/\/redenoticiaz.com.br\/ribeiraopreto-regiao\/wp-json\/wp\/v2\/types\/post"}],"author":[{"embeddable":true,"href":"https:\/\/redenoticiaz.com.br\/ribeiraopreto-regiao\/wp-json\/wp\/v2\/users\/12"}],"replies":[{"embeddable":true,"href":"https:\/\/redenoticiaz.com.br\/ribeiraopreto-regiao\/wp-json\/wp\/v2\/comments?post=115473"}],"version-history":[{"count":0,"href":"https:\/\/redenoticiaz.com.br\/ribeiraopreto-regiao\/wp-json\/wp\/v2\/posts\/115473\/revisions"}],"wp:featuredmedia":[{"embeddable":true,"href":"https:\/\/redenoticiaz.com.br\/ribeiraopreto-regiao\/wp-json\/wp\/v2\/media\/108062"}],"wp:attachment":[{"href":"https:\/\/redenoticiaz.com.br\/ribeiraopreto-regiao\/wp-json\/wp\/v2\/media?parent=115473"}],"wp:term":[{"taxonomy":"category","embeddable":true,"href":"https:\/\/redenoticiaz.com.br\/ribeiraopreto-regiao\/wp-json\/wp\/v2\/categories?post=115473"},{"taxonomy":"post_tag","embeddable":true,"href":"https:\/\/redenoticiaz.com.br\/ribeiraopreto-regiao\/wp-json\/wp\/v2\/tags?post=115473"}],"curies":[{"name":"wp","href":"https:\/\/api.w.org\/{rel}","templated":true}]}}