{"id":115670,"date":"2024-02-27T15:49:49","date_gmt":"2024-02-27T18:49:49","guid":{"rendered":"https:\/\/redenoticiaz.com.br\/barretos-regiao\/?p=115670"},"modified":"2024-02-27T15:50:21","modified_gmt":"2024-02-27T18:50:21","slug":"barretos-concurso-a-paixao-de-cristo-escolhe-imagem-que-sera-utilizada-na-divulgacao-da-encenacao","status":"publish","type":"post","link":"https:\/\/redenoticiaz.com.br\/ribeiraopreto-regiao\/sp\/2024\/02\/27\/barretos-concurso-a-paixao-de-cristo-escolhe-imagem-que-sera-utilizada-na-divulgacao-da-encenacao","title":{"rendered":"Barretos: concurso \u201cA Paix\u00e3o de Cristo\u201d escolhe imagem que ser\u00e1 utilizada na divulga\u00e7\u00e3o da encena\u00e7\u00e3o"},"content":{"rendered":"<p>A exposi\u00e7\u00e3o dos desenhos produzidos por alunos do Centro Municipal de Artes &#8220;Bezerra de Menezes&#8221;, o Cemart, para o Concurso &#8220;A Paix\u00e3o de Cristo &#8211; Barretos 2024&#8221;. At\u00e9 o dia 4 de mar\u00e7o, no North Shopping Barretos, os visitantes do centro de compras poder\u00e3o votar no trabalho que melhor representa a hist\u00f3ria b\u00edblica.<\/p>\n<p><img loading=\"lazy\" decoding=\"async\" class=\"size-medium wp-image-115675 alignleft\" src=\"https:\/\/redenoticiaz.com.br\/barretos-regiao\/wp-content\/uploads\/sites\/4\/2024\/02\/a2557a7b2e94197ff767970b67041697-300x169.jpeg\" alt=\"\" width=\"300\" height=\"169\" srcset=\"https:\/\/redenoticiaz.com.br\/ribeiraopreto-regiao\/wp-content\/uploads\/sites\/4\/2024\/02\/a2557a7b2e94197ff767970b67041697-300x169.jpeg 300w, https:\/\/redenoticiaz.com.br\/ribeiraopreto-regiao\/wp-content\/uploads\/sites\/4\/2024\/02\/a2557a7b2e94197ff767970b67041697-1024x577.jpeg 1024w, https:\/\/redenoticiaz.com.br\/ribeiraopreto-regiao\/wp-content\/uploads\/sites\/4\/2024\/02\/a2557a7b2e94197ff767970b67041697-768x432.jpeg 768w, https:\/\/redenoticiaz.com.br\/ribeiraopreto-regiao\/wp-content\/uploads\/sites\/4\/2024\/02\/a2557a7b2e94197ff767970b67041697-1536x865.jpeg 1536w, https:\/\/redenoticiaz.com.br\/ribeiraopreto-regiao\/wp-content\/uploads\/sites\/4\/2024\/02\/a2557a7b2e94197ff767970b67041697-2048x1153.jpeg 2048w, https:\/\/redenoticiaz.com.br\/ribeiraopreto-regiao\/wp-content\/uploads\/sites\/4\/2024\/02\/a2557a7b2e94197ff767970b67041697-390x220.jpeg 390w, https:\/\/redenoticiaz.com.br\/ribeiraopreto-regiao\/wp-content\/uploads\/sites\/4\/2024\/02\/a2557a7b2e94197ff767970b67041697-scaled.jpeg 1918w\" sizes=\"auto, (max-width: 300px) 100vw, 300px\" \/>O concurso, promovido pela Secretaria Municipal de Cultura da Est\u00e2ncia Tur\u00edstica de Barretos, em parceria com o North Shopping, tem como objetivo selecionar o trabalho art\u00edstico que ilustrar\u00e1 todo o material gr\u00e1fico de divulga\u00e7\u00e3o da pe\u00e7a teatral que ser\u00e1 realizada no dia 29 de mar\u00e7o, \u00e0s 20h, na Pra\u00e7a Francisco Barreto.<\/p>\n<p>Para o secret\u00e1rio de Cultura, Rog\u00e9rio Teod\u00f3sio, o concurso visa trazer para a pr\u00e1tica todo o ensino que o Cemart oportuniza para os nossos alunos. &#8220;O espet\u00e1culo A Paix\u00e3o de Cristo \u00e9 uma grande celebra\u00e7\u00e3o da arte c\u00eanica da nossa cidade e este concurso vem para agregar ainda mais. Com ele, alunos do Cemart colocam toda sua criatividade para criarem a identidade visual desta grande pe\u00e7a teatral&#8221;, comentou.<\/p>\n<p><strong>O concurso<\/strong><\/p>\n<p>O concurso \u00e9 dividido em duas fases, sendo a primeira, por meio de voto popular e a segunda, pelo corpo t\u00e9cnico de &#8220;A Paix\u00e3o de Cristo&#8221; e pela dire\u00e7\u00e3o do North Shopping Barretos, que juntos definir\u00e3o o primeiro, segundo e terceiro lugar, dentre os tr\u00eas desenhos mais votados.<\/p>\n<p>A abertura da urna e a comunica\u00e7\u00e3o do resultado ocorrer\u00e3o no dia 4 de mar\u00e7o, \u00e0s 19h30, no North Shopping Barretos. O 1\u00ba colocado receber\u00e1 um pr\u00eamio de R$ 500,00, al\u00e9m de certificado de participa\u00e7\u00e3o e a ilustra\u00e7\u00e3o de todo o material gr\u00e1fico de divulga\u00e7\u00e3o de &#8220;A Paix\u00e3o de Cristo 2024&#8221;. O 2\u00ba e o 3\u00b0 colocado recebem R$ 300,00 e R$ 200,00, respectivamente, mais o certificado de participa\u00e7\u00e3o.<\/p>\n<p>LEIA MAIS<\/p>\n<p><a href=\"https:\/\/redenoticiaz.com.br\/barretos-regiao\/sp\/2024\/02\/27\/casal-briga-apos-nu-frontal-de-ator-em-peca-de-teatro\">Casal briga ap\u00f3s n\u00fa frontal de ator em pe\u00e7a de teatro<\/a><\/p>\n<p><a href=\"https:\/\/redenoticiaz.com.br\/barretos-regiao\/sp\/2024\/02\/27\/faustao-passa-por-novo-transplante\">Faust\u00e3o passa por novo transplante<\/a><\/p>\n","protected":false},"excerpt":{"rendered":"<p>A exposi\u00e7\u00e3o dos desenhos produzidos por alunos do Centro Municipal de Artes &#8220;Bezerra de Menezes&#8221;, o Cemart, para o Concurso &#8220;A Paix\u00e3o de Cristo &#8211; Barretos 2024&#8221;. At\u00e9 o dia 4 de mar\u00e7o, no North Shopping Barretos, os visitantes do centro de compras poder\u00e3o votar no trabalho que melhor representa a hist\u00f3ria b\u00edblica. O concurso, &hellip;<\/p>\n","protected":false},"author":30,"featured_media":115672,"comment_status":"open","ping_status":"closed","sticky":false,"template":"","format":"standard","meta":{"footnotes":""},"categories":[469],"tags":[8546,29992],"class_list":["post-115670","post","type-post","status-publish","format-standard","has-post-thumbnail","hentry","category-cultura","tag-concurso","tag-paixao-de-cristo"],"yoast_head":"<!-- This site is optimized with the Yoast SEO plugin v27.5 - https:\/\/yoast.com\/product\/yoast-seo-wordpress\/ -->\n<title>Barretos: concurso \u201cA Paix\u00e3o de Cristo\u201d escolhe imagem que ser\u00e1 utilizada na divulga\u00e7\u00e3o da encena\u00e7\u00e3o - Ribeir\u00e3o Preto e Regi\u00e3o<\/title>\n<meta name=\"description\" content=\"A exposi\u00e7\u00e3o dos desenhos produzidos por alunos do Centro Municipal de Artes &quot;Bezerra de Menezes&quot;, o Cemart, para o Concurso &quot;A Paix\u00e3o de Cristo - Barretos 2024&quot;.\" \/>\n<meta name=\"robots\" content=\"index, follow, max-snippet:-1, max-image-preview:large, max-video-preview:-1\" \/>\n<link rel=\"canonical\" href=\"https:\/\/redenoticiaz.com.br\/ribeiraopreto-regiao\/sp\/2024\/02\/27\/barretos-concurso-a-paixao-de-cristo-escolhe-imagem-que-sera-utilizada-na-divulgacao-da-encenacao\" \/>\n<meta property=\"og:locale\" content=\"pt_BR\" \/>\n<meta property=\"og:type\" content=\"article\" \/>\n<meta property=\"og:title\" content=\"Barretos: concurso \u201cA Paix\u00e3o de Cristo\u201d escolhe imagem que ser\u00e1 utilizada na divulga\u00e7\u00e3o da encena\u00e7\u00e3o - Ribeir\u00e3o Preto e Regi\u00e3o\" \/>\n<meta property=\"og:description\" content=\"A exposi\u00e7\u00e3o dos desenhos produzidos por alunos do Centro Municipal de Artes &quot;Bezerra de Menezes&quot;, o Cemart, para o Concurso &quot;A Paix\u00e3o de Cristo - Barretos 2024&quot;.\" \/>\n<meta property=\"og:url\" content=\"https:\/\/redenoticiaz.com.br\/ribeiraopreto-regiao\/sp\/2024\/02\/27\/barretos-concurso-a-paixao-de-cristo-escolhe-imagem-que-sera-utilizada-na-divulgacao-da-encenacao\" \/>\n<meta property=\"og:site_name\" content=\"Ribeir\u00e3o Preto e Regi\u00e3o\" \/>\n<meta property=\"article:publisher\" content=\"https:\/\/m.facebook.com\/redenoticiaz.barretos\" \/>\n<meta property=\"article:published_time\" content=\"2024-02-27T18:49:49+00:00\" \/>\n<meta property=\"article:modified_time\" content=\"2024-02-27T18:50:21+00:00\" \/>\n<meta property=\"og:image\" content=\"https:\/\/redenoticiaz.com.br\/ribeiraopreto-regiao\/wp-content\/uploads\/sites\/4\/2024\/02\/084b6fbb10729ed4da8c3d3f5a3ae7c9-scaled.jpeg\" \/>\n\t<meta property=\"og:image:width\" content=\"1918\" \/>\n\t<meta property=\"og:image:height\" content=\"1080\" \/>\n\t<meta property=\"og:image:type\" content=\"image\/jpeg\" \/>\n<meta name=\"author\" content=\"Carina Reifonas\" \/>\n<meta name=\"twitter:card\" content=\"summary_large_image\" \/>\n<meta name=\"twitter:creator\" content=\"@RN_barretos\" \/>\n<meta name=\"twitter:site\" content=\"@RN_barretos\" \/>\n<meta name=\"twitter:label1\" content=\"Escrito por\" \/>\n\t<meta name=\"twitter:data1\" content=\"Carina Reifonas\" \/>\n\t<meta name=\"twitter:label2\" content=\"Est. tempo de leitura\" \/>\n\t<meta name=\"twitter:data2\" content=\"3 minutos\" \/>\n<script type=\"application\/ld+json\" class=\"yoast-schema-graph\">{\"@context\":\"https:\\\/\\\/schema.org\",\"@graph\":[{\"@type\":\"Article\",\"@id\":\"https:\\\/\\\/redenoticiaz.com.br\\\/ribeiraopreto-regiao\\\/sp\\\/2024\\\/02\\\/27\\\/barretos-concurso-a-paixao-de-cristo-escolhe-imagem-que-sera-utilizada-na-divulgacao-da-encenacao#article\",\"isPartOf\":{\"@id\":\"https:\\\/\\\/redenoticiaz.com.br\\\/ribeiraopreto-regiao\\\/sp\\\/2024\\\/02\\\/27\\\/barretos-concurso-a-paixao-de-cristo-escolhe-imagem-que-sera-utilizada-na-divulgacao-da-encenacao\"},\"author\":{\"name\":\"Carina Reifonas\",\"@id\":\"https:\\\/\\\/redenoticiaz.com.br\\\/ribeiraopreto-regiao\\\/#\\\/schema\\\/person\\\/1f84d6e94e6a62d2d81199d7503e9e90\"},\"headline\":\"Barretos: concurso \u201cA Paix\u00e3o de Cristo\u201d escolhe imagem que ser\u00e1 utilizada na divulga\u00e7\u00e3o da encena\u00e7\u00e3o\",\"datePublished\":\"2024-02-27T18:49:49+00:00\",\"dateModified\":\"2024-02-27T18:50:21+00:00\",\"mainEntityOfPage\":{\"@id\":\"https:\\\/\\\/redenoticiaz.com.br\\\/ribeiraopreto-regiao\\\/sp\\\/2024\\\/02\\\/27\\\/barretos-concurso-a-paixao-de-cristo-escolhe-imagem-que-sera-utilizada-na-divulgacao-da-encenacao\"},\"wordCount\":356,\"commentCount\":0,\"publisher\":{\"@id\":\"https:\\\/\\\/redenoticiaz.com.br\\\/ribeiraopreto-regiao\\\/#organization\"},\"image\":{\"@id\":\"https:\\\/\\\/redenoticiaz.com.br\\\/ribeiraopreto-regiao\\\/sp\\\/2024\\\/02\\\/27\\\/barretos-concurso-a-paixao-de-cristo-escolhe-imagem-que-sera-utilizada-na-divulgacao-da-encenacao#primaryimage\"},\"thumbnailUrl\":\"https:\\\/\\\/redenoticiaz.com.br\\\/ribeiraopreto-regiao\\\/wp-content\\\/uploads\\\/sites\\\/4\\\/2024\\\/02\\\/084b6fbb10729ed4da8c3d3f5a3ae7c9-scaled.jpeg\",\"keywords\":[\"CONCURSO\",\"Paix\u00e3o de Cristo\"],\"articleSection\":[\"Cultura\"],\"inLanguage\":\"pt-BR\",\"potentialAction\":[{\"@type\":\"CommentAction\",\"name\":\"Comment\",\"target\":[\"https:\\\/\\\/redenoticiaz.com.br\\\/ribeiraopreto-regiao\\\/sp\\\/2024\\\/02\\\/27\\\/barretos-concurso-a-paixao-de-cristo-escolhe-imagem-que-sera-utilizada-na-divulgacao-da-encenacao#respond\"]}]},{\"@type\":\"WebPage\",\"@id\":\"https:\\\/\\\/redenoticiaz.com.br\\\/ribeiraopreto-regiao\\\/sp\\\/2024\\\/02\\\/27\\\/barretos-concurso-a-paixao-de-cristo-escolhe-imagem-que-sera-utilizada-na-divulgacao-da-encenacao\",\"url\":\"https:\\\/\\\/redenoticiaz.com.br\\\/ribeiraopreto-regiao\\\/sp\\\/2024\\\/02\\\/27\\\/barretos-concurso-a-paixao-de-cristo-escolhe-imagem-que-sera-utilizada-na-divulgacao-da-encenacao\",\"name\":\"Barretos: concurso \u201cA Paix\u00e3o de Cristo\u201d escolhe imagem que ser\u00e1 utilizada na divulga\u00e7\u00e3o da encena\u00e7\u00e3o - Ribeir\u00e3o Preto e Regi\u00e3o\",\"isPartOf\":{\"@id\":\"https:\\\/\\\/redenoticiaz.com.br\\\/ribeiraopreto-regiao\\\/#website\"},\"primaryImageOfPage\":{\"@id\":\"https:\\\/\\\/redenoticiaz.com.br\\\/ribeiraopreto-regiao\\\/sp\\\/2024\\\/02\\\/27\\\/barretos-concurso-a-paixao-de-cristo-escolhe-imagem-que-sera-utilizada-na-divulgacao-da-encenacao#primaryimage\"},\"image\":{\"@id\":\"https:\\\/\\\/redenoticiaz.com.br\\\/ribeiraopreto-regiao\\\/sp\\\/2024\\\/02\\\/27\\\/barretos-concurso-a-paixao-de-cristo-escolhe-imagem-que-sera-utilizada-na-divulgacao-da-encenacao#primaryimage\"},\"thumbnailUrl\":\"https:\\\/\\\/redenoticiaz.com.br\\\/ribeiraopreto-regiao\\\/wp-content\\\/uploads\\\/sites\\\/4\\\/2024\\\/02\\\/084b6fbb10729ed4da8c3d3f5a3ae7c9-scaled.jpeg\",\"datePublished\":\"2024-02-27T18:49:49+00:00\",\"dateModified\":\"2024-02-27T18:50:21+00:00\",\"description\":\"A exposi\u00e7\u00e3o dos desenhos produzidos por alunos do Centro Municipal de Artes \\\"Bezerra de Menezes\\\", o Cemart, para o Concurso \\\"A Paix\u00e3o de Cristo - Barretos 2024\\\".\",\"inLanguage\":\"pt-BR\",\"potentialAction\":[{\"@type\":\"ReadAction\",\"target\":[\"https:\\\/\\\/redenoticiaz.com.br\\\/ribeiraopreto-regiao\\\/sp\\\/2024\\\/02\\\/27\\\/barretos-concurso-a-paixao-de-cristo-escolhe-imagem-que-sera-utilizada-na-divulgacao-da-encenacao\"]}]},{\"@type\":\"ImageObject\",\"inLanguage\":\"pt-BR\",\"@id\":\"https:\\\/\\\/redenoticiaz.com.br\\\/ribeiraopreto-regiao\\\/sp\\\/2024\\\/02\\\/27\\\/barretos-concurso-a-paixao-de-cristo-escolhe-imagem-que-sera-utilizada-na-divulgacao-da-encenacao#primaryimage\",\"url\":\"https:\\\/\\\/redenoticiaz.com.br\\\/ribeiraopreto-regiao\\\/wp-content\\\/uploads\\\/sites\\\/4\\\/2024\\\/02\\\/084b6fbb10729ed4da8c3d3f5a3ae7c9-scaled.jpeg\",\"contentUrl\":\"https:\\\/\\\/redenoticiaz.com.br\\\/ribeiraopreto-regiao\\\/wp-content\\\/uploads\\\/sites\\\/4\\\/2024\\\/02\\\/084b6fbb10729ed4da8c3d3f5a3ae7c9-scaled.jpeg\",\"width\":1918,\"height\":1080},{\"@type\":\"WebSite\",\"@id\":\"https:\\\/\\\/redenoticiaz.com.br\\\/ribeiraopreto-regiao\\\/#website\",\"url\":\"https:\\\/\\\/redenoticiaz.com.br\\\/ribeiraopreto-regiao\\\/\",\"name\":\"Ribeir\u00e3o Preto e Regi\u00e3o\",\"description\":\"Rede NoticiaZ - Ribeir\u00e3o Preto e regi\u00e3o\",\"publisher\":{\"@id\":\"https:\\\/\\\/redenoticiaz.com.br\\\/ribeiraopreto-regiao\\\/#organization\"},\"potentialAction\":[{\"@type\":\"SearchAction\",\"target\":{\"@type\":\"EntryPoint\",\"urlTemplate\":\"https:\\\/\\\/redenoticiaz.com.br\\\/ribeiraopreto-regiao\\\/?s={search_term_string}\"},\"query-input\":{\"@type\":\"PropertyValueSpecification\",\"valueRequired\":true,\"valueName\":\"search_term_string\"}}],\"inLanguage\":\"pt-BR\"},{\"@type\":\"Organization\",\"@id\":\"https:\\\/\\\/redenoticiaz.com.br\\\/ribeiraopreto-regiao\\\/#organization\",\"name\":\"Ribeir\u00e3o Preto e Regi\u00e3o\",\"url\":\"https:\\\/\\\/redenoticiaz.com.br\\\/ribeiraopreto-regiao\\\/\",\"logo\":{\"@type\":\"ImageObject\",\"inLanguage\":\"pt-BR\",\"@id\":\"https:\\\/\\\/redenoticiaz.com.br\\\/ribeiraopreto-regiao\\\/#\\\/schema\\\/logo\\\/image\\\/\",\"url\":\"https:\\\/\\\/redenoticiaz.com.br\\\/barretos-regiao\\\/wp-content\\\/uploads\\\/sites\\\/4\\\/2022\\\/02\\\/logo.jpg\",\"contentUrl\":\"https:\\\/\\\/redenoticiaz.com.br\\\/barretos-regiao\\\/wp-content\\\/uploads\\\/sites\\\/4\\\/2022\\\/02\\\/logo.jpg\",\"width\":400,\"height\":250,\"caption\":\"Ribeir\u00e3o Preto e Regi\u00e3o\"},\"image\":{\"@id\":\"https:\\\/\\\/redenoticiaz.com.br\\\/ribeiraopreto-regiao\\\/#\\\/schema\\\/logo\\\/image\\\/\"},\"sameAs\":[\"https:\\\/\\\/m.facebook.com\\\/redenoticiaz.barretos\",\"https:\\\/\\\/x.com\\\/RN_barretos\",\"https:\\\/\\\/www.instagram.com\\\/redenoticiaz.barretos\\\/?igshid=YmMyMTA2M2Y\",\"https:\\\/\\\/www.linkedin.com\\\/company\\\/rede-noticiaz-barretos-e-regio\\\/\"]},{\"@type\":\"Person\",\"@id\":\"https:\\\/\\\/redenoticiaz.com.br\\\/ribeiraopreto-regiao\\\/#\\\/schema\\\/person\\\/1f84d6e94e6a62d2d81199d7503e9e90\",\"name\":\"Carina Reifonas\",\"image\":{\"@type\":\"ImageObject\",\"inLanguage\":\"pt-BR\",\"@id\":\"https:\\\/\\\/secure.gravatar.com\\\/avatar\\\/04c59859b23696cf867715880f81d5c037e60109730bdb4e6670ec2a2245bc97?s=96&d=mm&r=g\",\"url\":\"https:\\\/\\\/secure.gravatar.com\\\/avatar\\\/04c59859b23696cf867715880f81d5c037e60109730bdb4e6670ec2a2245bc97?s=96&d=mm&r=g\",\"contentUrl\":\"https:\\\/\\\/secure.gravatar.com\\\/avatar\\\/04c59859b23696cf867715880f81d5c037e60109730bdb4e6670ec2a2245bc97?s=96&d=mm&r=g\",\"caption\":\"Carina Reifonas\"},\"url\":\"https:\\\/\\\/redenoticiaz.com.br\\\/ribeiraopreto-regiao\\\/sp\\\/author\\\/carinareifonas\"}]}<\/script>\n<!-- \/ Yoast SEO plugin. -->","yoast_head_json":{"title":"Barretos: concurso \u201cA Paix\u00e3o de Cristo\u201d escolhe imagem que ser\u00e1 utilizada na divulga\u00e7\u00e3o da encena\u00e7\u00e3o - Ribeir\u00e3o Preto e Regi\u00e3o","description":"A exposi\u00e7\u00e3o dos desenhos produzidos por alunos do Centro Municipal de Artes \"Bezerra de Menezes\", o Cemart, para o Concurso \"A Paix\u00e3o de Cristo - Barretos 2024\".","robots":{"index":"index","follow":"follow","max-snippet":"max-snippet:-1","max-image-preview":"max-image-preview:large","max-video-preview":"max-video-preview:-1"},"canonical":"https:\/\/redenoticiaz.com.br\/ribeiraopreto-regiao\/sp\/2024\/02\/27\/barretos-concurso-a-paixao-de-cristo-escolhe-imagem-que-sera-utilizada-na-divulgacao-da-encenacao","og_locale":"pt_BR","og_type":"article","og_title":"Barretos: concurso \u201cA Paix\u00e3o de Cristo\u201d escolhe imagem que ser\u00e1 utilizada na divulga\u00e7\u00e3o da encena\u00e7\u00e3o - Ribeir\u00e3o Preto e Regi\u00e3o","og_description":"A exposi\u00e7\u00e3o dos desenhos produzidos por alunos do Centro Municipal de Artes \"Bezerra de Menezes\", o Cemart, para o Concurso \"A Paix\u00e3o de Cristo - Barretos 2024\".","og_url":"https:\/\/redenoticiaz.com.br\/ribeiraopreto-regiao\/sp\/2024\/02\/27\/barretos-concurso-a-paixao-de-cristo-escolhe-imagem-que-sera-utilizada-na-divulgacao-da-encenacao","og_site_name":"Ribeir\u00e3o Preto e Regi\u00e3o","article_publisher":"https:\/\/m.facebook.com\/redenoticiaz.barretos","article_published_time":"2024-02-27T18:49:49+00:00","article_modified_time":"2024-02-27T18:50:21+00:00","og_image":[{"width":1918,"height":1080,"url":"https:\/\/redenoticiaz.com.br\/ribeiraopreto-regiao\/wp-content\/uploads\/sites\/4\/2024\/02\/084b6fbb10729ed4da8c3d3f5a3ae7c9-scaled.jpeg","type":"image\/jpeg"}],"author":"Carina Reifonas","twitter_card":"summary_large_image","twitter_creator":"@RN_barretos","twitter_site":"@RN_barretos","twitter_misc":{"Escrito por":"Carina Reifonas","Est. tempo de leitura":"3 minutos"},"schema":{"@context":"https:\/\/schema.org","@graph":[{"@type":"Article","@id":"https:\/\/redenoticiaz.com.br\/ribeiraopreto-regiao\/sp\/2024\/02\/27\/barretos-concurso-a-paixao-de-cristo-escolhe-imagem-que-sera-utilizada-na-divulgacao-da-encenacao#article","isPartOf":{"@id":"https:\/\/redenoticiaz.com.br\/ribeiraopreto-regiao\/sp\/2024\/02\/27\/barretos-concurso-a-paixao-de-cristo-escolhe-imagem-que-sera-utilizada-na-divulgacao-da-encenacao"},"author":{"name":"Carina Reifonas","@id":"https:\/\/redenoticiaz.com.br\/ribeiraopreto-regiao\/#\/schema\/person\/1f84d6e94e6a62d2d81199d7503e9e90"},"headline":"Barretos: concurso \u201cA Paix\u00e3o de Cristo\u201d escolhe imagem que ser\u00e1 utilizada na divulga\u00e7\u00e3o da encena\u00e7\u00e3o","datePublished":"2024-02-27T18:49:49+00:00","dateModified":"2024-02-27T18:50:21+00:00","mainEntityOfPage":{"@id":"https:\/\/redenoticiaz.com.br\/ribeiraopreto-regiao\/sp\/2024\/02\/27\/barretos-concurso-a-paixao-de-cristo-escolhe-imagem-que-sera-utilizada-na-divulgacao-da-encenacao"},"wordCount":356,"commentCount":0,"publisher":{"@id":"https:\/\/redenoticiaz.com.br\/ribeiraopreto-regiao\/#organization"},"image":{"@id":"https:\/\/redenoticiaz.com.br\/ribeiraopreto-regiao\/sp\/2024\/02\/27\/barretos-concurso-a-paixao-de-cristo-escolhe-imagem-que-sera-utilizada-na-divulgacao-da-encenacao#primaryimage"},"thumbnailUrl":"https:\/\/redenoticiaz.com.br\/ribeiraopreto-regiao\/wp-content\/uploads\/sites\/4\/2024\/02\/084b6fbb10729ed4da8c3d3f5a3ae7c9-scaled.jpeg","keywords":["CONCURSO","Paix\u00e3o de Cristo"],"articleSection":["Cultura"],"inLanguage":"pt-BR","potentialAction":[{"@type":"CommentAction","name":"Comment","target":["https:\/\/redenoticiaz.com.br\/ribeiraopreto-regiao\/sp\/2024\/02\/27\/barretos-concurso-a-paixao-de-cristo-escolhe-imagem-que-sera-utilizada-na-divulgacao-da-encenacao#respond"]}]},{"@type":"WebPage","@id":"https:\/\/redenoticiaz.com.br\/ribeiraopreto-regiao\/sp\/2024\/02\/27\/barretos-concurso-a-paixao-de-cristo-escolhe-imagem-que-sera-utilizada-na-divulgacao-da-encenacao","url":"https:\/\/redenoticiaz.com.br\/ribeiraopreto-regiao\/sp\/2024\/02\/27\/barretos-concurso-a-paixao-de-cristo-escolhe-imagem-que-sera-utilizada-na-divulgacao-da-encenacao","name":"Barretos: concurso \u201cA Paix\u00e3o de Cristo\u201d escolhe imagem que ser\u00e1 utilizada na divulga\u00e7\u00e3o da encena\u00e7\u00e3o - Ribeir\u00e3o Preto e Regi\u00e3o","isPartOf":{"@id":"https:\/\/redenoticiaz.com.br\/ribeiraopreto-regiao\/#website"},"primaryImageOfPage":{"@id":"https:\/\/redenoticiaz.com.br\/ribeiraopreto-regiao\/sp\/2024\/02\/27\/barretos-concurso-a-paixao-de-cristo-escolhe-imagem-que-sera-utilizada-na-divulgacao-da-encenacao#primaryimage"},"image":{"@id":"https:\/\/redenoticiaz.com.br\/ribeiraopreto-regiao\/sp\/2024\/02\/27\/barretos-concurso-a-paixao-de-cristo-escolhe-imagem-que-sera-utilizada-na-divulgacao-da-encenacao#primaryimage"},"thumbnailUrl":"https:\/\/redenoticiaz.com.br\/ribeiraopreto-regiao\/wp-content\/uploads\/sites\/4\/2024\/02\/084b6fbb10729ed4da8c3d3f5a3ae7c9-scaled.jpeg","datePublished":"2024-02-27T18:49:49+00:00","dateModified":"2024-02-27T18:50:21+00:00","description":"A exposi\u00e7\u00e3o dos desenhos produzidos por alunos do Centro Municipal de Artes \"Bezerra de Menezes\", o Cemart, para o Concurso \"A Paix\u00e3o de Cristo - Barretos 2024\".","inLanguage":"pt-BR","potentialAction":[{"@type":"ReadAction","target":["https:\/\/redenoticiaz.com.br\/ribeiraopreto-regiao\/sp\/2024\/02\/27\/barretos-concurso-a-paixao-de-cristo-escolhe-imagem-que-sera-utilizada-na-divulgacao-da-encenacao"]}]},{"@type":"ImageObject","inLanguage":"pt-BR","@id":"https:\/\/redenoticiaz.com.br\/ribeiraopreto-regiao\/sp\/2024\/02\/27\/barretos-concurso-a-paixao-de-cristo-escolhe-imagem-que-sera-utilizada-na-divulgacao-da-encenacao#primaryimage","url":"https:\/\/redenoticiaz.com.br\/ribeiraopreto-regiao\/wp-content\/uploads\/sites\/4\/2024\/02\/084b6fbb10729ed4da8c3d3f5a3ae7c9-scaled.jpeg","contentUrl":"https:\/\/redenoticiaz.com.br\/ribeiraopreto-regiao\/wp-content\/uploads\/sites\/4\/2024\/02\/084b6fbb10729ed4da8c3d3f5a3ae7c9-scaled.jpeg","width":1918,"height":1080},{"@type":"WebSite","@id":"https:\/\/redenoticiaz.com.br\/ribeiraopreto-regiao\/#website","url":"https:\/\/redenoticiaz.com.br\/ribeiraopreto-regiao\/","name":"Ribeir\u00e3o Preto e Regi\u00e3o","description":"Rede NoticiaZ - Ribeir\u00e3o Preto e regi\u00e3o","publisher":{"@id":"https:\/\/redenoticiaz.com.br\/ribeiraopreto-regiao\/#organization"},"potentialAction":[{"@type":"SearchAction","target":{"@type":"EntryPoint","urlTemplate":"https:\/\/redenoticiaz.com.br\/ribeiraopreto-regiao\/?s={search_term_string}"},"query-input":{"@type":"PropertyValueSpecification","valueRequired":true,"valueName":"search_term_string"}}],"inLanguage":"pt-BR"},{"@type":"Organization","@id":"https:\/\/redenoticiaz.com.br\/ribeiraopreto-regiao\/#organization","name":"Ribeir\u00e3o Preto e Regi\u00e3o","url":"https:\/\/redenoticiaz.com.br\/ribeiraopreto-regiao\/","logo":{"@type":"ImageObject","inLanguage":"pt-BR","@id":"https:\/\/redenoticiaz.com.br\/ribeiraopreto-regiao\/#\/schema\/logo\/image\/","url":"https:\/\/redenoticiaz.com.br\/barretos-regiao\/wp-content\/uploads\/sites\/4\/2022\/02\/logo.jpg","contentUrl":"https:\/\/redenoticiaz.com.br\/barretos-regiao\/wp-content\/uploads\/sites\/4\/2022\/02\/logo.jpg","width":400,"height":250,"caption":"Ribeir\u00e3o Preto e Regi\u00e3o"},"image":{"@id":"https:\/\/redenoticiaz.com.br\/ribeiraopreto-regiao\/#\/schema\/logo\/image\/"},"sameAs":["https:\/\/m.facebook.com\/redenoticiaz.barretos","https:\/\/x.com\/RN_barretos","https:\/\/www.instagram.com\/redenoticiaz.barretos\/?igshid=YmMyMTA2M2Y","https:\/\/www.linkedin.com\/company\/rede-noticiaz-barretos-e-regio\/"]},{"@type":"Person","@id":"https:\/\/redenoticiaz.com.br\/ribeiraopreto-regiao\/#\/schema\/person\/1f84d6e94e6a62d2d81199d7503e9e90","name":"Carina Reifonas","image":{"@type":"ImageObject","inLanguage":"pt-BR","@id":"https:\/\/secure.gravatar.com\/avatar\/04c59859b23696cf867715880f81d5c037e60109730bdb4e6670ec2a2245bc97?s=96&d=mm&r=g","url":"https:\/\/secure.gravatar.com\/avatar\/04c59859b23696cf867715880f81d5c037e60109730bdb4e6670ec2a2245bc97?s=96&d=mm&r=g","contentUrl":"https:\/\/secure.gravatar.com\/avatar\/04c59859b23696cf867715880f81d5c037e60109730bdb4e6670ec2a2245bc97?s=96&d=mm&r=g","caption":"Carina Reifonas"},"url":"https:\/\/redenoticiaz.com.br\/ribeiraopreto-regiao\/sp\/author\/carinareifonas"}]}},"_links":{"self":[{"href":"https:\/\/redenoticiaz.com.br\/ribeiraopreto-regiao\/wp-json\/wp\/v2\/posts\/115670","targetHints":{"allow":["GET"]}}],"collection":[{"href":"https:\/\/redenoticiaz.com.br\/ribeiraopreto-regiao\/wp-json\/wp\/v2\/posts"}],"about":[{"href":"https:\/\/redenoticiaz.com.br\/ribeiraopreto-regiao\/wp-json\/wp\/v2\/types\/post"}],"author":[{"embeddable":true,"href":"https:\/\/redenoticiaz.com.br\/ribeiraopreto-regiao\/wp-json\/wp\/v2\/users\/30"}],"replies":[{"embeddable":true,"href":"https:\/\/redenoticiaz.com.br\/ribeiraopreto-regiao\/wp-json\/wp\/v2\/comments?post=115670"}],"version-history":[{"count":2,"href":"https:\/\/redenoticiaz.com.br\/ribeiraopreto-regiao\/wp-json\/wp\/v2\/posts\/115670\/revisions"}],"predecessor-version":[{"id":115677,"href":"https:\/\/redenoticiaz.com.br\/ribeiraopreto-regiao\/wp-json\/wp\/v2\/posts\/115670\/revisions\/115677"}],"wp:featuredmedia":[{"embeddable":true,"href":"https:\/\/redenoticiaz.com.br\/ribeiraopreto-regiao\/wp-json\/wp\/v2\/media\/115672"}],"wp:attachment":[{"href":"https:\/\/redenoticiaz.com.br\/ribeiraopreto-regiao\/wp-json\/wp\/v2\/media?parent=115670"}],"wp:term":[{"taxonomy":"category","embeddable":true,"href":"https:\/\/redenoticiaz.com.br\/ribeiraopreto-regiao\/wp-json\/wp\/v2\/categories?post=115670"},{"taxonomy":"post_tag","embeddable":true,"href":"https:\/\/redenoticiaz.com.br\/ribeiraopreto-regiao\/wp-json\/wp\/v2\/tags?post=115670"}],"curies":[{"name":"wp","href":"https:\/\/api.w.org\/{rel}","templated":true}]}}