{"id":115703,"date":"2024-02-28T12:50:59","date_gmt":"2024-02-28T15:50:59","guid":{"rendered":"https:\/\/redenoticiaz.com.br\/barretos-regiao\/sp\/2024\/02\/28\/simm-brasil-2024-sera-realizado-em-campinas-com-mais-de-20-palestrantes"},"modified":"2024-03-04T05:01:39","modified_gmt":"2024-03-04T08:01:39","slug":"simm-brasil-2024-sera-realizado-em-campinas-com-mais-de-20-palestrantes","status":"publish","type":"post","link":"https:\/\/redenoticiaz.com.br\/ribeiraopreto-regiao\/sp\/2024\/02\/28\/simm-brasil-2024-sera-realizado-em-campinas-com-mais-de-20-palestrantes","title":{"rendered":"SIMM! Brasil 2024 ser\u00e1 realizado em Campinas com mais de 20 palestrantes"},"content":{"rendered":"<p>Um dos principais eventos do mercado imobili\u00e1rio, a 3\u00aa edi\u00e7\u00e3o do SIMM! Brasil, idealizado pela Datastore, maior empresa de dados do setor no pa\u00eds, ser\u00e1 realizada nos dias 13 e 14 de mar\u00e7o, no interior de S\u00e3o Paulo, na Expo Dom Pedro, em Campinas.<\/p>\n<p>O Congresso conta com a presen\u00e7a de l\u00edderes internacionais do segmento, dividindo e compartilhando conhecimento e informa\u00e7\u00e3o.<\/p>\n<p>No palco, mais de 20 profissionais qualificados e as empresas mais relevantes do setor imobili\u00e1rio do Brasil e do exterior tratam das tend\u00eancias do mercado, narrativas como ferramentas de trabalho, vendas, marketing, m\u00eddias sociais, entre outros.<\/p>\n<div id='gallery-1' class='gallery galleryid-115703 gallery-columns-2 gallery-size-large'><figure class='gallery-item'>\n\t\t\t<div class='gallery-icon landscape'>\n\t\t\t\t<a href='https:\/\/redenoticiaz.com.br\/ribeiraopreto-regiao\/sp\/2024\/02\/28\/simm-brasil-2024-sera-realizado-em-campinas-com-mais-de-20-palestrantes\/whatsapp-image-2024-02-28-at-11-16-48'><img loading=\"lazy\" decoding=\"async\" width=\"1024\" height=\"683\" src=\"https:\/\/redenoticiaz.com.br\/ribeiraopreto-regiao\/wp-content\/uploads\/sites\/4\/2024\/02\/WhatsApp-Image-2024-02-28-at-11.16.48-1024x683.jpeg?v=1709135390\" class=\"attachment-large size-large\" alt=\"\" srcset=\"https:\/\/redenoticiaz.com.br\/ribeiraopreto-regiao\/wp-content\/uploads\/sites\/4\/2024\/02\/WhatsApp-Image-2024-02-28-at-11.16.48-1024x683.jpeg?v=1709135390 1024w, https:\/\/redenoticiaz.com.br\/ribeiraopreto-regiao\/wp-content\/uploads\/sites\/4\/2024\/02\/WhatsApp-Image-2024-02-28-at-11.16.48-300x200.jpeg?v=1709135390 300w, https:\/\/redenoticiaz.com.br\/ribeiraopreto-regiao\/wp-content\/uploads\/sites\/4\/2024\/02\/WhatsApp-Image-2024-02-28-at-11.16.48-768x512.jpeg?v=1709135390 768w, https:\/\/redenoticiaz.com.br\/ribeiraopreto-regiao\/wp-content\/uploads\/sites\/4\/2024\/02\/WhatsApp-Image-2024-02-28-at-11.16.48-1536x1024.jpeg?v=1709135390 1536w, https:\/\/redenoticiaz.com.br\/ribeiraopreto-regiao\/wp-content\/uploads\/sites\/4\/2024\/02\/WhatsApp-Image-2024-02-28-at-11.16.48.jpeg?v=1709135390 1600w\" sizes=\"auto, (max-width: 1024px) 100vw, 1024px\" \/><\/a>\n\t\t\t<\/div><\/figure><figure class='gallery-item'>\n\t\t\t<div class='gallery-icon landscape'>\n\t\t\t\t<a href='https:\/\/redenoticiaz.com.br\/ribeiraopreto-regiao\/sp\/2024\/02\/28\/simm-brasil-2024-sera-realizado-em-campinas-com-mais-de-20-palestrantes\/whatsapp-image-2024-02-28-at-11-16-47-2'><img loading=\"lazy\" decoding=\"async\" width=\"1024\" height=\"669\" src=\"https:\/\/redenoticiaz.com.br\/ribeiraopreto-regiao\/wp-content\/uploads\/sites\/4\/2024\/02\/WhatsApp-Image-2024-02-28-at-11.16.47-2-1024x669.jpeg?v=1709135393\" class=\"attachment-large size-large\" alt=\"\" srcset=\"https:\/\/redenoticiaz.com.br\/ribeiraopreto-regiao\/wp-content\/uploads\/sites\/4\/2024\/02\/WhatsApp-Image-2024-02-28-at-11.16.47-2-1024x669.jpeg?v=1709135393 1024w, https:\/\/redenoticiaz.com.br\/ribeiraopreto-regiao\/wp-content\/uploads\/sites\/4\/2024\/02\/WhatsApp-Image-2024-02-28-at-11.16.47-2-300x196.jpeg?v=1709135393 300w, https:\/\/redenoticiaz.com.br\/ribeiraopreto-regiao\/wp-content\/uploads\/sites\/4\/2024\/02\/WhatsApp-Image-2024-02-28-at-11.16.47-2-768x502.jpeg?v=1709135393 768w, https:\/\/redenoticiaz.com.br\/ribeiraopreto-regiao\/wp-content\/uploads\/sites\/4\/2024\/02\/WhatsApp-Image-2024-02-28-at-11.16.47-2-1536x1004.jpeg?v=1709135393 1536w, https:\/\/redenoticiaz.com.br\/ribeiraopreto-regiao\/wp-content\/uploads\/sites\/4\/2024\/02\/WhatsApp-Image-2024-02-28-at-11.16.47-2.jpeg?v=1709135393 1600w\" sizes=\"auto, (max-width: 1024px) 100vw, 1024px\" \/><\/a>\n\t\t\t<\/div><\/figure>\n\t\t<\/div>\n\n<h2>Palestras<\/h2>\n<p>Entre os palestrantes convidados est\u00e3o Sophia Martins, empres\u00e1ria e refer\u00eancia no setor imobili\u00e1rio que apresenta a palestra: \u201cAlto Padr\u00e3o, alta performance! Saiba como chegar l\u00e1\u201d. Paulo Bethencourt (Estados Unidos) Vice-presidente de marketing Internacional da Lenner Homes, a construtora mais admirada do mundo. Fala sobre \u201cStorytelling, o poder da narrativa.\u201d A Palestra Magna vai ser feita por Massimo Forte (Portugal). Ele \u00e9 autor best-seller com 3 publica\u00e7\u00f5es na Europa. Massimo fala no SIMM! Brasil, sobre: \u201c A marca \u00e9 voc\u00ea.\u201d J\u00e1 Marcus Ara\u00fajo, criador do evento, pensador e futurologista apresenta a palestra sobre: \u201cOs novos n\u00fameros e tend\u00eancias do mercado imobili\u00e1rio em 2024.\u201d O evento ainda tem o ator Cau\u00e3 Reymond, como palestrante no painel: \u201c O lifestyle \u00e9 o novo patamar do mercado imobili\u00e1rio.\u201c O evento ainda traz com exclusividade o artista pl\u00e1stico brasileiro mais reconhecido em todo o mundo, Romero Britto, \u00a0que fala sobre: \u201cA arte de morar bem.\u201d<\/p>\n<p>\u201cVamos continuar o legado de excel\u00eancia das edi\u00e7\u00f5es anteriores e entregar ainda mais qualidade. \u00c9 uma oportunidade de networking e muita experi\u00eancia de diversas personalidades que entendem e conhecem o setor imobili\u00e1rio\u201d, explica Marcus Ara\u00fajo, pensador e futurologista do morar, fundador da Datastore.<\/p>\n<p>Ele conta que o evento j\u00e1 tem se caracterizado por originar e concretizar bilh\u00f5es de reais em neg\u00f3cios e parcerias, e milhares de oportunidades para se morar bem, investir melhor e criar im\u00f3veis que valorizam. \u201cReunimos os melhores incorporadores, corretores, arquitetos, engenheiros e profissionais da comunica\u00e7\u00e3o e marketing do Brasil e do mundo, bem como todas as grandes personalidades que estar\u00e3o no palco do SIMM!\u201d<\/p>\n<h3><strong>Servi\u00e7o<\/strong><\/h3>\n<p>SIMM! Brasil 2024<\/p>\n<p>Dias 13 e 14 de mar\u00e7o<\/p>\n<p>Expo Dom Pedro \u2013 Campinas \u2013 SP<\/p>\n<p>Avenida Guilherme Campos, 500 &#8211; Bloco II &#8211; Jardim Santa Genebra<\/p>\n<p>Site: https:\/\/datastore.com.br\/home<\/p>\n<p><a href=\"https:\/\/conteudo.datastore.com.br\/ingressos-simm-2024\">Ingressos<\/a><\/p>\n<p><strong>Leia mais<\/strong><\/p>\n<p><a href=\"https:\/\/redenoticiaz.com.br\/blog\/2024\/02\/04\/projeto-cultural-voltado-a-republica-tcheca-sera-idealizado-em-piracaia\">Empres\u00e1rios de Itupeva se re\u00fanem com prefeito da cidade<\/a><\/p>\n<p><a href=\"https:\/\/redenoticiaz.com.br\/blog\/2023\/09\/09\/quer-viajar-brasil-facilita-visto-para-imigrantes-de-paises-de-lingua-portuguesa\">Quer viajar ? Brasil facilita visto para imigrantes de pa\u00edses de l\u00edngua portuguesa<\/a><\/p>\n","protected":false},"excerpt":{"rendered":"<p>Um dos principais eventos do mercado imobili\u00e1rio, a 3\u00aa edi\u00e7\u00e3o do SIMM! Brasil, idealizado pela Datastore, maior empresa de dados do setor no pa\u00eds, ser\u00e1 realizada nos dias 13 e 14 de mar\u00e7o, no interior de S\u00e3o Paulo, na Expo Dom Pedro, em Campinas. O Congresso conta com a presen\u00e7a de l\u00edderes internacionais do segmento, &hellip;<\/p>\n","protected":false},"author":12,"featured_media":115706,"comment_status":"open","ping_status":"closed","sticky":false,"template":"","format":"standard","meta":{"footnotes":""},"categories":[1,101,12346],"tags":[26445,30015,680,30016,30014],"class_list":["post-115703","post","type-post","status-publish","format-standard","has-post-thumbnail","hentry","category-cidades","category-economia","category-habitacao","tag-caua-reymond","tag-congresso-imobiliario","tag-mercado-imobiliario","tag-romero-britto","tag-simm"],"yoast_head":"<!-- This site is optimized with the Yoast SEO plugin v27.4 - https:\/\/yoast.com\/product\/yoast-seo-wordpress\/ -->\n<title>SIMM! Brasil 2024 ser\u00e1 realizado em Campinas com mais de 20 palestrantes - Ribeir\u00e3o Preto e Regi\u00e3o<\/title>\n<meta name=\"robots\" content=\"index, follow, max-snippet:-1, max-image-preview:large, max-video-preview:-1\" \/>\n<link rel=\"canonical\" href=\"https:\/\/redenoticiaz.com.br\/ribeiraopreto-regiao\/sp\/2024\/02\/28\/simm-brasil-2024-sera-realizado-em-campinas-com-mais-de-20-palestrantes\" \/>\n<meta property=\"og:locale\" content=\"pt_BR\" \/>\n<meta property=\"og:type\" content=\"article\" \/>\n<meta property=\"og:title\" content=\"SIMM! Brasil 2024 ser\u00e1 realizado em Campinas com mais de 20 palestrantes - Ribeir\u00e3o Preto e Regi\u00e3o\" \/>\n<meta property=\"og:description\" content=\"Um dos principais eventos do mercado imobili\u00e1rio, a 3\u00aa edi\u00e7\u00e3o do SIMM! Brasil, idealizado pela Datastore, maior empresa de dados do setor no pa\u00eds, ser\u00e1 realizada nos dias 13 e 14 de mar\u00e7o, no interior de S\u00e3o Paulo, na Expo Dom Pedro, em Campinas. O Congresso conta com a presen\u00e7a de l\u00edderes internacionais do segmento, &hellip;\" \/>\n<meta property=\"og:url\" content=\"https:\/\/redenoticiaz.com.br\/ribeiraopreto-regiao\/sp\/2024\/02\/28\/simm-brasil-2024-sera-realizado-em-campinas-com-mais-de-20-palestrantes\" \/>\n<meta property=\"og:site_name\" content=\"Ribeir\u00e3o Preto e Regi\u00e3o\" \/>\n<meta property=\"article:publisher\" content=\"https:\/\/m.facebook.com\/redenoticiaz.barretos\" \/>\n<meta property=\"article:published_time\" content=\"2024-02-28T15:50:59+00:00\" \/>\n<meta property=\"article:modified_time\" content=\"2024-03-04T08:01:39+00:00\" \/>\n<meta property=\"og:image\" content=\"https:\/\/redenoticiaz.com.br\/ribeiraopreto-regiao\/wp-content\/uploads\/sites\/4\/2024\/02\/WhatsApp-Image-2024-02-28-at-11.16.47.jpeg?v=1709135373\" \/>\n\t<meta property=\"og:image:width\" content=\"1464\" \/>\n\t<meta property=\"og:image:height\" content=\"1080\" \/>\n\t<meta property=\"og:image:type\" content=\"image\/jpeg\" \/>\n<meta name=\"author\" content=\"Gustavo Silva\" \/>\n<meta name=\"twitter:card\" content=\"summary_large_image\" \/>\n<meta name=\"twitter:creator\" content=\"@RN_barretos\" \/>\n<meta name=\"twitter:site\" content=\"@RN_barretos\" \/>\n<meta name=\"twitter:label1\" content=\"Escrito por\" \/>\n\t<meta name=\"twitter:data1\" content=\"Gustavo Silva\" \/>\n\t<meta name=\"twitter:label2\" content=\"Est. tempo de leitura\" \/>\n\t<meta name=\"twitter:data2\" content=\"3 minutos\" \/>\n<script type=\"application\/ld+json\" class=\"yoast-schema-graph\">{\"@context\":\"https:\\\/\\\/schema.org\",\"@graph\":[{\"@type\":\"Article\",\"@id\":\"https:\\\/\\\/redenoticiaz.com.br\\\/ribeiraopreto-regiao\\\/sp\\\/2024\\\/02\\\/28\\\/simm-brasil-2024-sera-realizado-em-campinas-com-mais-de-20-palestrantes#article\",\"isPartOf\":{\"@id\":\"https:\\\/\\\/redenoticiaz.com.br\\\/ribeiraopreto-regiao\\\/sp\\\/2024\\\/02\\\/28\\\/simm-brasil-2024-sera-realizado-em-campinas-com-mais-de-20-palestrantes\"},\"author\":{\"name\":\"Gustavo Silva\",\"@id\":\"https:\\\/\\\/redenoticiaz.com.br\\\/ribeiraopreto-regiao\\\/#\\\/schema\\\/person\\\/16057b37a3c0ee6b096d7f887c566e2e\"},\"headline\":\"SIMM! Brasil 2024 ser\u00e1 realizado em Campinas com mais de 20 palestrantes\",\"datePublished\":\"2024-02-28T15:50:59+00:00\",\"dateModified\":\"2024-03-04T08:01:39+00:00\",\"mainEntityOfPage\":{\"@id\":\"https:\\\/\\\/redenoticiaz.com.br\\\/ribeiraopreto-regiao\\\/sp\\\/2024\\\/02\\\/28\\\/simm-brasil-2024-sera-realizado-em-campinas-com-mais-de-20-palestrantes\"},\"wordCount\":450,\"commentCount\":0,\"publisher\":{\"@id\":\"https:\\\/\\\/redenoticiaz.com.br\\\/ribeiraopreto-regiao\\\/#organization\"},\"image\":{\"@id\":\"https:\\\/\\\/redenoticiaz.com.br\\\/ribeiraopreto-regiao\\\/sp\\\/2024\\\/02\\\/28\\\/simm-brasil-2024-sera-realizado-em-campinas-com-mais-de-20-palestrantes#primaryimage\"},\"thumbnailUrl\":\"https:\\\/\\\/redenoticiaz.com.br\\\/ribeiraopreto-regiao\\\/wp-content\\\/uploads\\\/sites\\\/4\\\/2024\\\/02\\\/WhatsApp-Image-2024-02-28-at-11.16.47.jpeg?v=1709135373\",\"keywords\":[\"CAU\u00c3 REYMOND\",\"congresso imobili\u00e1rio\",\"MERCADO IMOBILI\u00c1RIO\",\"Romero Britto\",\"SIMM\"],\"articleSection\":[\"Cidades\",\"Economia\",\"Habita\u00e7\u00e3o\"],\"inLanguage\":\"pt-BR\",\"potentialAction\":[{\"@type\":\"CommentAction\",\"name\":\"Comment\",\"target\":[\"https:\\\/\\\/redenoticiaz.com.br\\\/ribeiraopreto-regiao\\\/sp\\\/2024\\\/02\\\/28\\\/simm-brasil-2024-sera-realizado-em-campinas-com-mais-de-20-palestrantes#respond\"]}]},{\"@type\":\"WebPage\",\"@id\":\"https:\\\/\\\/redenoticiaz.com.br\\\/ribeiraopreto-regiao\\\/sp\\\/2024\\\/02\\\/28\\\/simm-brasil-2024-sera-realizado-em-campinas-com-mais-de-20-palestrantes\",\"url\":\"https:\\\/\\\/redenoticiaz.com.br\\\/ribeiraopreto-regiao\\\/sp\\\/2024\\\/02\\\/28\\\/simm-brasil-2024-sera-realizado-em-campinas-com-mais-de-20-palestrantes\",\"name\":\"SIMM! Brasil 2024 ser\u00e1 realizado em Campinas com mais de 20 palestrantes - Ribeir\u00e3o Preto e Regi\u00e3o\",\"isPartOf\":{\"@id\":\"https:\\\/\\\/redenoticiaz.com.br\\\/ribeiraopreto-regiao\\\/#website\"},\"primaryImageOfPage\":{\"@id\":\"https:\\\/\\\/redenoticiaz.com.br\\\/ribeiraopreto-regiao\\\/sp\\\/2024\\\/02\\\/28\\\/simm-brasil-2024-sera-realizado-em-campinas-com-mais-de-20-palestrantes#primaryimage\"},\"image\":{\"@id\":\"https:\\\/\\\/redenoticiaz.com.br\\\/ribeiraopreto-regiao\\\/sp\\\/2024\\\/02\\\/28\\\/simm-brasil-2024-sera-realizado-em-campinas-com-mais-de-20-palestrantes#primaryimage\"},\"thumbnailUrl\":\"https:\\\/\\\/redenoticiaz.com.br\\\/ribeiraopreto-regiao\\\/wp-content\\\/uploads\\\/sites\\\/4\\\/2024\\\/02\\\/WhatsApp-Image-2024-02-28-at-11.16.47.jpeg?v=1709135373\",\"datePublished\":\"2024-02-28T15:50:59+00:00\",\"dateModified\":\"2024-03-04T08:01:39+00:00\",\"inLanguage\":\"pt-BR\",\"potentialAction\":[{\"@type\":\"ReadAction\",\"target\":[\"https:\\\/\\\/redenoticiaz.com.br\\\/ribeiraopreto-regiao\\\/sp\\\/2024\\\/02\\\/28\\\/simm-brasil-2024-sera-realizado-em-campinas-com-mais-de-20-palestrantes\"]}]},{\"@type\":\"ImageObject\",\"inLanguage\":\"pt-BR\",\"@id\":\"https:\\\/\\\/redenoticiaz.com.br\\\/ribeiraopreto-regiao\\\/sp\\\/2024\\\/02\\\/28\\\/simm-brasil-2024-sera-realizado-em-campinas-com-mais-de-20-palestrantes#primaryimage\",\"url\":\"https:\\\/\\\/redenoticiaz.com.br\\\/ribeiraopreto-regiao\\\/wp-content\\\/uploads\\\/sites\\\/4\\\/2024\\\/02\\\/WhatsApp-Image-2024-02-28-at-11.16.47.jpeg?v=1709135373\",\"contentUrl\":\"https:\\\/\\\/redenoticiaz.com.br\\\/ribeiraopreto-regiao\\\/wp-content\\\/uploads\\\/sites\\\/4\\\/2024\\\/02\\\/WhatsApp-Image-2024-02-28-at-11.16.47.jpeg?v=1709135373\",\"width\":1464,\"height\":1080},{\"@type\":\"WebSite\",\"@id\":\"https:\\\/\\\/redenoticiaz.com.br\\\/ribeiraopreto-regiao\\\/#website\",\"url\":\"https:\\\/\\\/redenoticiaz.com.br\\\/ribeiraopreto-regiao\\\/\",\"name\":\"Ribeir\u00e3o Preto e Regi\u00e3o\",\"description\":\"Rede NoticiaZ - Ribeir\u00e3o Preto e regi\u00e3o\",\"publisher\":{\"@id\":\"https:\\\/\\\/redenoticiaz.com.br\\\/ribeiraopreto-regiao\\\/#organization\"},\"potentialAction\":[{\"@type\":\"SearchAction\",\"target\":{\"@type\":\"EntryPoint\",\"urlTemplate\":\"https:\\\/\\\/redenoticiaz.com.br\\\/ribeiraopreto-regiao\\\/?s={search_term_string}\"},\"query-input\":{\"@type\":\"PropertyValueSpecification\",\"valueRequired\":true,\"valueName\":\"search_term_string\"}}],\"inLanguage\":\"pt-BR\"},{\"@type\":\"Organization\",\"@id\":\"https:\\\/\\\/redenoticiaz.com.br\\\/ribeiraopreto-regiao\\\/#organization\",\"name\":\"Ribeir\u00e3o Preto e Regi\u00e3o\",\"url\":\"https:\\\/\\\/redenoticiaz.com.br\\\/ribeiraopreto-regiao\\\/\",\"logo\":{\"@type\":\"ImageObject\",\"inLanguage\":\"pt-BR\",\"@id\":\"https:\\\/\\\/redenoticiaz.com.br\\\/ribeiraopreto-regiao\\\/#\\\/schema\\\/logo\\\/image\\\/\",\"url\":\"https:\\\/\\\/redenoticiaz.com.br\\\/barretos-regiao\\\/wp-content\\\/uploads\\\/sites\\\/4\\\/2022\\\/02\\\/logo.jpg\",\"contentUrl\":\"https:\\\/\\\/redenoticiaz.com.br\\\/barretos-regiao\\\/wp-content\\\/uploads\\\/sites\\\/4\\\/2022\\\/02\\\/logo.jpg\",\"width\":400,\"height\":250,\"caption\":\"Ribeir\u00e3o Preto e Regi\u00e3o\"},\"image\":{\"@id\":\"https:\\\/\\\/redenoticiaz.com.br\\\/ribeiraopreto-regiao\\\/#\\\/schema\\\/logo\\\/image\\\/\"},\"sameAs\":[\"https:\\\/\\\/m.facebook.com\\\/redenoticiaz.barretos\",\"https:\\\/\\\/x.com\\\/RN_barretos\",\"https:\\\/\\\/www.instagram.com\\\/redenoticiaz.barretos\\\/?igshid=YmMyMTA2M2Y\",\"https:\\\/\\\/www.linkedin.com\\\/company\\\/rede-noticiaz-barretos-e-regio\\\/\"]},{\"@type\":\"Person\",\"@id\":\"https:\\\/\\\/redenoticiaz.com.br\\\/ribeiraopreto-regiao\\\/#\\\/schema\\\/person\\\/16057b37a3c0ee6b096d7f887c566e2e\",\"name\":\"Gustavo Silva\",\"image\":{\"@type\":\"ImageObject\",\"inLanguage\":\"pt-BR\",\"@id\":\"https:\\\/\\\/secure.gravatar.com\\\/avatar\\\/3ee4e82f93b26de0a7cf4ea5eb7893da637ed6bb0c9170c58065944c56e28a33?s=96&d=mm&r=g\",\"url\":\"https:\\\/\\\/secure.gravatar.com\\\/avatar\\\/3ee4e82f93b26de0a7cf4ea5eb7893da637ed6bb0c9170c58065944c56e28a33?s=96&d=mm&r=g\",\"contentUrl\":\"https:\\\/\\\/secure.gravatar.com\\\/avatar\\\/3ee4e82f93b26de0a7cf4ea5eb7893da637ed6bb0c9170c58065944c56e28a33?s=96&d=mm&r=g\",\"caption\":\"Gustavo Silva\"},\"url\":\"https:\\\/\\\/redenoticiaz.com.br\\\/ribeiraopreto-regiao\\\/sp\\\/author\\\/gustavosilva\"}]}<\/script>\n<!-- \/ Yoast SEO plugin. -->","yoast_head_json":{"title":"SIMM! Brasil 2024 ser\u00e1 realizado em Campinas com mais de 20 palestrantes - Ribeir\u00e3o Preto e Regi\u00e3o","robots":{"index":"index","follow":"follow","max-snippet":"max-snippet:-1","max-image-preview":"max-image-preview:large","max-video-preview":"max-video-preview:-1"},"canonical":"https:\/\/redenoticiaz.com.br\/ribeiraopreto-regiao\/sp\/2024\/02\/28\/simm-brasil-2024-sera-realizado-em-campinas-com-mais-de-20-palestrantes","og_locale":"pt_BR","og_type":"article","og_title":"SIMM! Brasil 2024 ser\u00e1 realizado em Campinas com mais de 20 palestrantes - Ribeir\u00e3o Preto e Regi\u00e3o","og_description":"Um dos principais eventos do mercado imobili\u00e1rio, a 3\u00aa edi\u00e7\u00e3o do SIMM! Brasil, idealizado pela Datastore, maior empresa de dados do setor no pa\u00eds, ser\u00e1 realizada nos dias 13 e 14 de mar\u00e7o, no interior de S\u00e3o Paulo, na Expo Dom Pedro, em Campinas. O Congresso conta com a presen\u00e7a de l\u00edderes internacionais do segmento, &hellip;","og_url":"https:\/\/redenoticiaz.com.br\/ribeiraopreto-regiao\/sp\/2024\/02\/28\/simm-brasil-2024-sera-realizado-em-campinas-com-mais-de-20-palestrantes","og_site_name":"Ribeir\u00e3o Preto e Regi\u00e3o","article_publisher":"https:\/\/m.facebook.com\/redenoticiaz.barretos","article_published_time":"2024-02-28T15:50:59+00:00","article_modified_time":"2024-03-04T08:01:39+00:00","og_image":[{"width":1464,"height":1080,"url":"https:\/\/redenoticiaz.com.br\/ribeiraopreto-regiao\/wp-content\/uploads\/sites\/4\/2024\/02\/WhatsApp-Image-2024-02-28-at-11.16.47.jpeg?v=1709135373","type":"image\/jpeg"}],"author":"Gustavo Silva","twitter_card":"summary_large_image","twitter_creator":"@RN_barretos","twitter_site":"@RN_barretos","twitter_misc":{"Escrito por":"Gustavo Silva","Est. tempo de leitura":"3 minutos"},"schema":{"@context":"https:\/\/schema.org","@graph":[{"@type":"Article","@id":"https:\/\/redenoticiaz.com.br\/ribeiraopreto-regiao\/sp\/2024\/02\/28\/simm-brasil-2024-sera-realizado-em-campinas-com-mais-de-20-palestrantes#article","isPartOf":{"@id":"https:\/\/redenoticiaz.com.br\/ribeiraopreto-regiao\/sp\/2024\/02\/28\/simm-brasil-2024-sera-realizado-em-campinas-com-mais-de-20-palestrantes"},"author":{"name":"Gustavo Silva","@id":"https:\/\/redenoticiaz.com.br\/ribeiraopreto-regiao\/#\/schema\/person\/16057b37a3c0ee6b096d7f887c566e2e"},"headline":"SIMM! Brasil 2024 ser\u00e1 realizado em Campinas com mais de 20 palestrantes","datePublished":"2024-02-28T15:50:59+00:00","dateModified":"2024-03-04T08:01:39+00:00","mainEntityOfPage":{"@id":"https:\/\/redenoticiaz.com.br\/ribeiraopreto-regiao\/sp\/2024\/02\/28\/simm-brasil-2024-sera-realizado-em-campinas-com-mais-de-20-palestrantes"},"wordCount":450,"commentCount":0,"publisher":{"@id":"https:\/\/redenoticiaz.com.br\/ribeiraopreto-regiao\/#organization"},"image":{"@id":"https:\/\/redenoticiaz.com.br\/ribeiraopreto-regiao\/sp\/2024\/02\/28\/simm-brasil-2024-sera-realizado-em-campinas-com-mais-de-20-palestrantes#primaryimage"},"thumbnailUrl":"https:\/\/redenoticiaz.com.br\/ribeiraopreto-regiao\/wp-content\/uploads\/sites\/4\/2024\/02\/WhatsApp-Image-2024-02-28-at-11.16.47.jpeg?v=1709135373","keywords":["CAU\u00c3 REYMOND","congresso imobili\u00e1rio","MERCADO IMOBILI\u00c1RIO","Romero Britto","SIMM"],"articleSection":["Cidades","Economia","Habita\u00e7\u00e3o"],"inLanguage":"pt-BR","potentialAction":[{"@type":"CommentAction","name":"Comment","target":["https:\/\/redenoticiaz.com.br\/ribeiraopreto-regiao\/sp\/2024\/02\/28\/simm-brasil-2024-sera-realizado-em-campinas-com-mais-de-20-palestrantes#respond"]}]},{"@type":"WebPage","@id":"https:\/\/redenoticiaz.com.br\/ribeiraopreto-regiao\/sp\/2024\/02\/28\/simm-brasil-2024-sera-realizado-em-campinas-com-mais-de-20-palestrantes","url":"https:\/\/redenoticiaz.com.br\/ribeiraopreto-regiao\/sp\/2024\/02\/28\/simm-brasil-2024-sera-realizado-em-campinas-com-mais-de-20-palestrantes","name":"SIMM! Brasil 2024 ser\u00e1 realizado em Campinas com mais de 20 palestrantes - Ribeir\u00e3o Preto e Regi\u00e3o","isPartOf":{"@id":"https:\/\/redenoticiaz.com.br\/ribeiraopreto-regiao\/#website"},"primaryImageOfPage":{"@id":"https:\/\/redenoticiaz.com.br\/ribeiraopreto-regiao\/sp\/2024\/02\/28\/simm-brasil-2024-sera-realizado-em-campinas-com-mais-de-20-palestrantes#primaryimage"},"image":{"@id":"https:\/\/redenoticiaz.com.br\/ribeiraopreto-regiao\/sp\/2024\/02\/28\/simm-brasil-2024-sera-realizado-em-campinas-com-mais-de-20-palestrantes#primaryimage"},"thumbnailUrl":"https:\/\/redenoticiaz.com.br\/ribeiraopreto-regiao\/wp-content\/uploads\/sites\/4\/2024\/02\/WhatsApp-Image-2024-02-28-at-11.16.47.jpeg?v=1709135373","datePublished":"2024-02-28T15:50:59+00:00","dateModified":"2024-03-04T08:01:39+00:00","inLanguage":"pt-BR","potentialAction":[{"@type":"ReadAction","target":["https:\/\/redenoticiaz.com.br\/ribeiraopreto-regiao\/sp\/2024\/02\/28\/simm-brasil-2024-sera-realizado-em-campinas-com-mais-de-20-palestrantes"]}]},{"@type":"ImageObject","inLanguage":"pt-BR","@id":"https:\/\/redenoticiaz.com.br\/ribeiraopreto-regiao\/sp\/2024\/02\/28\/simm-brasil-2024-sera-realizado-em-campinas-com-mais-de-20-palestrantes#primaryimage","url":"https:\/\/redenoticiaz.com.br\/ribeiraopreto-regiao\/wp-content\/uploads\/sites\/4\/2024\/02\/WhatsApp-Image-2024-02-28-at-11.16.47.jpeg?v=1709135373","contentUrl":"https:\/\/redenoticiaz.com.br\/ribeiraopreto-regiao\/wp-content\/uploads\/sites\/4\/2024\/02\/WhatsApp-Image-2024-02-28-at-11.16.47.jpeg?v=1709135373","width":1464,"height":1080},{"@type":"WebSite","@id":"https:\/\/redenoticiaz.com.br\/ribeiraopreto-regiao\/#website","url":"https:\/\/redenoticiaz.com.br\/ribeiraopreto-regiao\/","name":"Ribeir\u00e3o Preto e Regi\u00e3o","description":"Rede NoticiaZ - Ribeir\u00e3o Preto e regi\u00e3o","publisher":{"@id":"https:\/\/redenoticiaz.com.br\/ribeiraopreto-regiao\/#organization"},"potentialAction":[{"@type":"SearchAction","target":{"@type":"EntryPoint","urlTemplate":"https:\/\/redenoticiaz.com.br\/ribeiraopreto-regiao\/?s={search_term_string}"},"query-input":{"@type":"PropertyValueSpecification","valueRequired":true,"valueName":"search_term_string"}}],"inLanguage":"pt-BR"},{"@type":"Organization","@id":"https:\/\/redenoticiaz.com.br\/ribeiraopreto-regiao\/#organization","name":"Ribeir\u00e3o Preto e Regi\u00e3o","url":"https:\/\/redenoticiaz.com.br\/ribeiraopreto-regiao\/","logo":{"@type":"ImageObject","inLanguage":"pt-BR","@id":"https:\/\/redenoticiaz.com.br\/ribeiraopreto-regiao\/#\/schema\/logo\/image\/","url":"https:\/\/redenoticiaz.com.br\/barretos-regiao\/wp-content\/uploads\/sites\/4\/2022\/02\/logo.jpg","contentUrl":"https:\/\/redenoticiaz.com.br\/barretos-regiao\/wp-content\/uploads\/sites\/4\/2022\/02\/logo.jpg","width":400,"height":250,"caption":"Ribeir\u00e3o Preto e Regi\u00e3o"},"image":{"@id":"https:\/\/redenoticiaz.com.br\/ribeiraopreto-regiao\/#\/schema\/logo\/image\/"},"sameAs":["https:\/\/m.facebook.com\/redenoticiaz.barretos","https:\/\/x.com\/RN_barretos","https:\/\/www.instagram.com\/redenoticiaz.barretos\/?igshid=YmMyMTA2M2Y","https:\/\/www.linkedin.com\/company\/rede-noticiaz-barretos-e-regio\/"]},{"@type":"Person","@id":"https:\/\/redenoticiaz.com.br\/ribeiraopreto-regiao\/#\/schema\/person\/16057b37a3c0ee6b096d7f887c566e2e","name":"Gustavo Silva","image":{"@type":"ImageObject","inLanguage":"pt-BR","@id":"https:\/\/secure.gravatar.com\/avatar\/3ee4e82f93b26de0a7cf4ea5eb7893da637ed6bb0c9170c58065944c56e28a33?s=96&d=mm&r=g","url":"https:\/\/secure.gravatar.com\/avatar\/3ee4e82f93b26de0a7cf4ea5eb7893da637ed6bb0c9170c58065944c56e28a33?s=96&d=mm&r=g","contentUrl":"https:\/\/secure.gravatar.com\/avatar\/3ee4e82f93b26de0a7cf4ea5eb7893da637ed6bb0c9170c58065944c56e28a33?s=96&d=mm&r=g","caption":"Gustavo Silva"},"url":"https:\/\/redenoticiaz.com.br\/ribeiraopreto-regiao\/sp\/author\/gustavosilva"}]}},"_links":{"self":[{"href":"https:\/\/redenoticiaz.com.br\/ribeiraopreto-regiao\/wp-json\/wp\/v2\/posts\/115703","targetHints":{"allow":["GET"]}}],"collection":[{"href":"https:\/\/redenoticiaz.com.br\/ribeiraopreto-regiao\/wp-json\/wp\/v2\/posts"}],"about":[{"href":"https:\/\/redenoticiaz.com.br\/ribeiraopreto-regiao\/wp-json\/wp\/v2\/types\/post"}],"author":[{"embeddable":true,"href":"https:\/\/redenoticiaz.com.br\/ribeiraopreto-regiao\/wp-json\/wp\/v2\/users\/12"}],"replies":[{"embeddable":true,"href":"https:\/\/redenoticiaz.com.br\/ribeiraopreto-regiao\/wp-json\/wp\/v2\/comments?post=115703"}],"version-history":[{"count":2,"href":"https:\/\/redenoticiaz.com.br\/ribeiraopreto-regiao\/wp-json\/wp\/v2\/posts\/115703\/revisions"}],"predecessor-version":[{"id":115708,"href":"https:\/\/redenoticiaz.com.br\/ribeiraopreto-regiao\/wp-json\/wp\/v2\/posts\/115703\/revisions\/115708"}],"wp:featuredmedia":[{"embeddable":true,"href":"https:\/\/redenoticiaz.com.br\/ribeiraopreto-regiao\/wp-json\/wp\/v2\/media\/115706"}],"wp:attachment":[{"href":"https:\/\/redenoticiaz.com.br\/ribeiraopreto-regiao\/wp-json\/wp\/v2\/media?parent=115703"}],"wp:term":[{"taxonomy":"category","embeddable":true,"href":"https:\/\/redenoticiaz.com.br\/ribeiraopreto-regiao\/wp-json\/wp\/v2\/categories?post=115703"},{"taxonomy":"post_tag","embeddable":true,"href":"https:\/\/redenoticiaz.com.br\/ribeiraopreto-regiao\/wp-json\/wp\/v2\/tags?post=115703"}],"curies":[{"name":"wp","href":"https:\/\/api.w.org\/{rel}","templated":true}]}}