{"id":115973,"date":"2024-03-09T16:20:57","date_gmt":"2024-03-09T19:20:57","guid":{"rendered":"https:\/\/redenoticiaz.com.br\/barretos-regiao\/?p=115973"},"modified":"2024-03-09T16:20:57","modified_gmt":"2024-03-09T19:20:57","slug":"policia-civil-investiga-roubo-de-caminhao-e-carga-de-soja-avaliada-em-r-95-mil","status":"publish","type":"post","link":"https:\/\/redenoticiaz.com.br\/ribeiraopreto-regiao\/sp\/2024\/03\/09\/policia-civil-investiga-roubo-de-caminhao-e-carga-de-soja-avaliada-em-r-95-mil","title":{"rendered":"Pol\u00edcia Civil investiga roubo de caminh\u00e3o e carga de soja avaliada em R$ 95 mil"},"content":{"rendered":"<p>Um roubo de impacto envolvendo um caminh\u00e3o VOLVO\/FH 540 e sua carga de soja, avaliada em R$ 95 mil, est\u00e1 sob investiga\u00e7\u00e3o da Pol\u00edcia Civil. Apesar de ter ocorrido em 21 de fevereiro, o caso foi registrado somente nesta quinta-feira (7).<\/p>\n<p>O caminh\u00e3o, pertencente a uma empresa transportadora de Araraquara, partiu de Quer\u00eancia, no Mato Grosso do Sul, com destino ao Porto de Santos. No Km 412 da Rodovia Brigadeiro Faria Lima, em Barretos, criminosos abordaram o motorista, que foi mantido ref\u00e9m durante o assalto.<\/p>\n<p>Ap\u00f3s o roubo, os criminosos libertaram o motorista, que procurou a base da Pol\u00edcia Rodovi\u00e1ria em Barretos em busca de ajuda. O propriet\u00e1rio da empresa, ao saber do ocorrido, registrou a ocorr\u00eancia no plant\u00e3o policial nesta quinta-feira.<\/p>\n<p>Detalhes sobre o conte\u00fado da ocorr\u00eancia n\u00e3o foram divulgados, pois o caso est\u00e1 sob investiga\u00e7\u00e3o. A Pol\u00edcia Civil busca informa\u00e7\u00f5es que levem \u00e0 identifica\u00e7\u00e3o e captura dos envolvidos no roubo do caminh\u00e3o e da valiosa carga de soja.<\/p>\n<p>LEIA MAIS<\/p>\n<p><a href=\"https:\/\/redenoticiaz.com.br\/barretos-regiao\/sp\/2024\/03\/09\/baixada-santista-tem-violencia-institucional-cronica-diz-defensoria\">Baixada Santista tem viol\u00eancia institucional cr\u00f4nica, diz Defensoria<\/a><\/p>\n<p><a href=\"https:\/\/redenoticiaz.com.br\/barretos-regiao\/sp\/2024\/03\/09\/prefeitura-de-barretos-realiza-leilao-online-de-imoveis\">Prefeitura de Barretos realiza leil\u00e3o online de im\u00f3veis<\/a><\/p>\n","protected":false},"excerpt":{"rendered":"<p>Um roubo de impacto envolvendo um caminh\u00e3o VOLVO\/FH 540 e sua carga de soja, avaliada em R$ 95 mil, est\u00e1 sob investiga\u00e7\u00e3o da Pol\u00edcia Civil. Apesar de ter ocorrido em 21 de fevereiro, o caso foi registrado somente nesta quinta-feira (7). O caminh\u00e3o, pertencente a uma empresa transportadora de Araraquara, partiu de Quer\u00eancia, no Mato &hellip;<\/p>\n","protected":false},"author":30,"featured_media":115975,"comment_status":"open","ping_status":"closed","sticky":false,"template":"","format":"standard","meta":{"footnotes":""},"categories":[88],"tags":[2743,30042],"class_list":["post-115973","post","type-post","status-publish","format-standard","has-post-thumbnail","hentry","category-policia","tag-caminhao","tag-rouba-de-carga"],"yoast_head":"<!-- This site is optimized with the Yoast SEO plugin v27.4 - https:\/\/yoast.com\/product\/yoast-seo-wordpress\/ -->\n<title>Pol\u00edcia Civil investiga roubo de caminh\u00e3o e carga de soja avaliada em R$ 95 mil - Ribeir\u00e3o Preto e Regi\u00e3o<\/title>\n<meta name=\"description\" content=\"Um roubo de impacto envolvendo um caminh\u00e3o VOLVO\/FH 540 e sua carga de soja, avaliada em R$ 95 mil, est\u00e1 sob investiga\u00e7\u00e3o da Pol\u00edcia Civil.\" \/>\n<meta name=\"robots\" content=\"index, follow, max-snippet:-1, max-image-preview:large, max-video-preview:-1\" \/>\n<link rel=\"canonical\" href=\"https:\/\/redenoticiaz.com.br\/ribeiraopreto-regiao\/sp\/2024\/03\/09\/policia-civil-investiga-roubo-de-caminhao-e-carga-de-soja-avaliada-em-r-95-mil\" \/>\n<meta property=\"og:locale\" content=\"pt_BR\" \/>\n<meta property=\"og:type\" content=\"article\" \/>\n<meta property=\"og:title\" content=\"Pol\u00edcia Civil investiga roubo de caminh\u00e3o e carga de soja avaliada em R$ 95 mil - Ribeir\u00e3o Preto e Regi\u00e3o\" \/>\n<meta property=\"og:description\" content=\"Um roubo de impacto envolvendo um caminh\u00e3o VOLVO\/FH 540 e sua carga de soja, avaliada em R$ 95 mil, est\u00e1 sob investiga\u00e7\u00e3o da Pol\u00edcia Civil.\" \/>\n<meta property=\"og:url\" content=\"https:\/\/redenoticiaz.com.br\/ribeiraopreto-regiao\/sp\/2024\/03\/09\/policia-civil-investiga-roubo-de-caminhao-e-carga-de-soja-avaliada-em-r-95-mil\" \/>\n<meta property=\"og:site_name\" content=\"Ribeir\u00e3o Preto e Regi\u00e3o\" \/>\n<meta property=\"article:publisher\" content=\"https:\/\/m.facebook.com\/redenoticiaz.barretos\" \/>\n<meta property=\"article:published_time\" content=\"2024-03-09T19:20:57+00:00\" \/>\n<meta property=\"og:image\" content=\"https:\/\/redenoticiaz.com.br\/ribeiraopreto-regiao\/wp-content\/uploads\/sites\/4\/2024\/03\/ladroes-araraquara.jpg\" \/>\n\t<meta property=\"og:image:width\" content=\"1188\" \/>\n\t<meta property=\"og:image:height\" content=\"626\" \/>\n\t<meta property=\"og:image:type\" content=\"image\/jpeg\" \/>\n<meta name=\"author\" content=\"Carina Reifonas\" \/>\n<meta name=\"twitter:card\" content=\"summary_large_image\" \/>\n<meta name=\"twitter:creator\" content=\"@RN_barretos\" \/>\n<meta name=\"twitter:site\" content=\"@RN_barretos\" \/>\n<meta name=\"twitter:label1\" content=\"Escrito por\" \/>\n\t<meta name=\"twitter:data1\" content=\"Carina Reifonas\" \/>\n\t<meta name=\"twitter:label2\" content=\"Est. tempo de leitura\" \/>\n\t<meta name=\"twitter:data2\" content=\"2 minutos\" \/>\n<script type=\"application\/ld+json\" class=\"yoast-schema-graph\">{\"@context\":\"https:\\\/\\\/schema.org\",\"@graph\":[{\"@type\":\"Article\",\"@id\":\"https:\\\/\\\/redenoticiaz.com.br\\\/ribeiraopreto-regiao\\\/sp\\\/2024\\\/03\\\/09\\\/policia-civil-investiga-roubo-de-caminhao-e-carga-de-soja-avaliada-em-r-95-mil#article\",\"isPartOf\":{\"@id\":\"https:\\\/\\\/redenoticiaz.com.br\\\/ribeiraopreto-regiao\\\/sp\\\/2024\\\/03\\\/09\\\/policia-civil-investiga-roubo-de-caminhao-e-carga-de-soja-avaliada-em-r-95-mil\"},\"author\":{\"name\":\"Carina Reifonas\",\"@id\":\"https:\\\/\\\/redenoticiaz.com.br\\\/ribeiraopreto-regiao\\\/#\\\/schema\\\/person\\\/1f84d6e94e6a62d2d81199d7503e9e90\"},\"headline\":\"Pol\u00edcia Civil investiga roubo de caminh\u00e3o e carga de soja avaliada em R$ 95 mil\",\"datePublished\":\"2024-03-09T19:20:57+00:00\",\"mainEntityOfPage\":{\"@id\":\"https:\\\/\\\/redenoticiaz.com.br\\\/ribeiraopreto-regiao\\\/sp\\\/2024\\\/03\\\/09\\\/policia-civil-investiga-roubo-de-caminhao-e-carga-de-soja-avaliada-em-r-95-mil\"},\"wordCount\":213,\"commentCount\":0,\"publisher\":{\"@id\":\"https:\\\/\\\/redenoticiaz.com.br\\\/ribeiraopreto-regiao\\\/#organization\"},\"image\":{\"@id\":\"https:\\\/\\\/redenoticiaz.com.br\\\/ribeiraopreto-regiao\\\/sp\\\/2024\\\/03\\\/09\\\/policia-civil-investiga-roubo-de-caminhao-e-carga-de-soja-avaliada-em-r-95-mil#primaryimage\"},\"thumbnailUrl\":\"https:\\\/\\\/redenoticiaz.com.br\\\/ribeiraopreto-regiao\\\/wp-content\\\/uploads\\\/sites\\\/4\\\/2024\\\/03\\\/ladroes-araraquara.jpg\",\"keywords\":[\"caminh\u00e3o\",\"rouba de carga\"],\"articleSection\":[\"Pol\u00edcia\"],\"inLanguage\":\"pt-BR\",\"potentialAction\":[{\"@type\":\"CommentAction\",\"name\":\"Comment\",\"target\":[\"https:\\\/\\\/redenoticiaz.com.br\\\/ribeiraopreto-regiao\\\/sp\\\/2024\\\/03\\\/09\\\/policia-civil-investiga-roubo-de-caminhao-e-carga-de-soja-avaliada-em-r-95-mil#respond\"]}]},{\"@type\":\"WebPage\",\"@id\":\"https:\\\/\\\/redenoticiaz.com.br\\\/ribeiraopreto-regiao\\\/sp\\\/2024\\\/03\\\/09\\\/policia-civil-investiga-roubo-de-caminhao-e-carga-de-soja-avaliada-em-r-95-mil\",\"url\":\"https:\\\/\\\/redenoticiaz.com.br\\\/ribeiraopreto-regiao\\\/sp\\\/2024\\\/03\\\/09\\\/policia-civil-investiga-roubo-de-caminhao-e-carga-de-soja-avaliada-em-r-95-mil\",\"name\":\"Pol\u00edcia Civil investiga roubo de caminh\u00e3o e carga de soja avaliada em R$ 95 mil - Ribeir\u00e3o Preto e Regi\u00e3o\",\"isPartOf\":{\"@id\":\"https:\\\/\\\/redenoticiaz.com.br\\\/ribeiraopreto-regiao\\\/#website\"},\"primaryImageOfPage\":{\"@id\":\"https:\\\/\\\/redenoticiaz.com.br\\\/ribeiraopreto-regiao\\\/sp\\\/2024\\\/03\\\/09\\\/policia-civil-investiga-roubo-de-caminhao-e-carga-de-soja-avaliada-em-r-95-mil#primaryimage\"},\"image\":{\"@id\":\"https:\\\/\\\/redenoticiaz.com.br\\\/ribeiraopreto-regiao\\\/sp\\\/2024\\\/03\\\/09\\\/policia-civil-investiga-roubo-de-caminhao-e-carga-de-soja-avaliada-em-r-95-mil#primaryimage\"},\"thumbnailUrl\":\"https:\\\/\\\/redenoticiaz.com.br\\\/ribeiraopreto-regiao\\\/wp-content\\\/uploads\\\/sites\\\/4\\\/2024\\\/03\\\/ladroes-araraquara.jpg\",\"datePublished\":\"2024-03-09T19:20:57+00:00\",\"description\":\"Um roubo de impacto envolvendo um caminh\u00e3o VOLVO\\\/FH 540 e sua carga de soja, avaliada em R$ 95 mil, est\u00e1 sob investiga\u00e7\u00e3o da Pol\u00edcia Civil.\",\"inLanguage\":\"pt-BR\",\"potentialAction\":[{\"@type\":\"ReadAction\",\"target\":[\"https:\\\/\\\/redenoticiaz.com.br\\\/ribeiraopreto-regiao\\\/sp\\\/2024\\\/03\\\/09\\\/policia-civil-investiga-roubo-de-caminhao-e-carga-de-soja-avaliada-em-r-95-mil\"]}]},{\"@type\":\"ImageObject\",\"inLanguage\":\"pt-BR\",\"@id\":\"https:\\\/\\\/redenoticiaz.com.br\\\/ribeiraopreto-regiao\\\/sp\\\/2024\\\/03\\\/09\\\/policia-civil-investiga-roubo-de-caminhao-e-carga-de-soja-avaliada-em-r-95-mil#primaryimage\",\"url\":\"https:\\\/\\\/redenoticiaz.com.br\\\/ribeiraopreto-regiao\\\/wp-content\\\/uploads\\\/sites\\\/4\\\/2024\\\/03\\\/ladroes-araraquara.jpg\",\"contentUrl\":\"https:\\\/\\\/redenoticiaz.com.br\\\/ribeiraopreto-regiao\\\/wp-content\\\/uploads\\\/sites\\\/4\\\/2024\\\/03\\\/ladroes-araraquara.jpg\",\"width\":1188,\"height\":626},{\"@type\":\"WebSite\",\"@id\":\"https:\\\/\\\/redenoticiaz.com.br\\\/ribeiraopreto-regiao\\\/#website\",\"url\":\"https:\\\/\\\/redenoticiaz.com.br\\\/ribeiraopreto-regiao\\\/\",\"name\":\"Ribeir\u00e3o Preto e Regi\u00e3o\",\"description\":\"Rede NoticiaZ - Ribeir\u00e3o Preto e regi\u00e3o\",\"publisher\":{\"@id\":\"https:\\\/\\\/redenoticiaz.com.br\\\/ribeiraopreto-regiao\\\/#organization\"},\"potentialAction\":[{\"@type\":\"SearchAction\",\"target\":{\"@type\":\"EntryPoint\",\"urlTemplate\":\"https:\\\/\\\/redenoticiaz.com.br\\\/ribeiraopreto-regiao\\\/?s={search_term_string}\"},\"query-input\":{\"@type\":\"PropertyValueSpecification\",\"valueRequired\":true,\"valueName\":\"search_term_string\"}}],\"inLanguage\":\"pt-BR\"},{\"@type\":\"Organization\",\"@id\":\"https:\\\/\\\/redenoticiaz.com.br\\\/ribeiraopreto-regiao\\\/#organization\",\"name\":\"Ribeir\u00e3o Preto e Regi\u00e3o\",\"url\":\"https:\\\/\\\/redenoticiaz.com.br\\\/ribeiraopreto-regiao\\\/\",\"logo\":{\"@type\":\"ImageObject\",\"inLanguage\":\"pt-BR\",\"@id\":\"https:\\\/\\\/redenoticiaz.com.br\\\/ribeiraopreto-regiao\\\/#\\\/schema\\\/logo\\\/image\\\/\",\"url\":\"https:\\\/\\\/redenoticiaz.com.br\\\/barretos-regiao\\\/wp-content\\\/uploads\\\/sites\\\/4\\\/2022\\\/02\\\/logo.jpg\",\"contentUrl\":\"https:\\\/\\\/redenoticiaz.com.br\\\/barretos-regiao\\\/wp-content\\\/uploads\\\/sites\\\/4\\\/2022\\\/02\\\/logo.jpg\",\"width\":400,\"height\":250,\"caption\":\"Ribeir\u00e3o Preto e Regi\u00e3o\"},\"image\":{\"@id\":\"https:\\\/\\\/redenoticiaz.com.br\\\/ribeiraopreto-regiao\\\/#\\\/schema\\\/logo\\\/image\\\/\"},\"sameAs\":[\"https:\\\/\\\/m.facebook.com\\\/redenoticiaz.barretos\",\"https:\\\/\\\/x.com\\\/RN_barretos\",\"https:\\\/\\\/www.instagram.com\\\/redenoticiaz.barretos\\\/?igshid=YmMyMTA2M2Y\",\"https:\\\/\\\/www.linkedin.com\\\/company\\\/rede-noticiaz-barretos-e-regio\\\/\"]},{\"@type\":\"Person\",\"@id\":\"https:\\\/\\\/redenoticiaz.com.br\\\/ribeiraopreto-regiao\\\/#\\\/schema\\\/person\\\/1f84d6e94e6a62d2d81199d7503e9e90\",\"name\":\"Carina Reifonas\",\"image\":{\"@type\":\"ImageObject\",\"inLanguage\":\"pt-BR\",\"@id\":\"https:\\\/\\\/secure.gravatar.com\\\/avatar\\\/04c59859b23696cf867715880f81d5c037e60109730bdb4e6670ec2a2245bc97?s=96&d=mm&r=g\",\"url\":\"https:\\\/\\\/secure.gravatar.com\\\/avatar\\\/04c59859b23696cf867715880f81d5c037e60109730bdb4e6670ec2a2245bc97?s=96&d=mm&r=g\",\"contentUrl\":\"https:\\\/\\\/secure.gravatar.com\\\/avatar\\\/04c59859b23696cf867715880f81d5c037e60109730bdb4e6670ec2a2245bc97?s=96&d=mm&r=g\",\"caption\":\"Carina Reifonas\"},\"url\":\"https:\\\/\\\/redenoticiaz.com.br\\\/ribeiraopreto-regiao\\\/sp\\\/author\\\/carinareifonas\"}]}<\/script>\n<!-- \/ Yoast SEO plugin. -->","yoast_head_json":{"title":"Pol\u00edcia Civil investiga roubo de caminh\u00e3o e carga de soja avaliada em R$ 95 mil - Ribeir\u00e3o Preto e Regi\u00e3o","description":"Um roubo de impacto envolvendo um caminh\u00e3o VOLVO\/FH 540 e sua carga de soja, avaliada em R$ 95 mil, est\u00e1 sob investiga\u00e7\u00e3o da Pol\u00edcia Civil.","robots":{"index":"index","follow":"follow","max-snippet":"max-snippet:-1","max-image-preview":"max-image-preview:large","max-video-preview":"max-video-preview:-1"},"canonical":"https:\/\/redenoticiaz.com.br\/ribeiraopreto-regiao\/sp\/2024\/03\/09\/policia-civil-investiga-roubo-de-caminhao-e-carga-de-soja-avaliada-em-r-95-mil","og_locale":"pt_BR","og_type":"article","og_title":"Pol\u00edcia Civil investiga roubo de caminh\u00e3o e carga de soja avaliada em R$ 95 mil - Ribeir\u00e3o Preto e Regi\u00e3o","og_description":"Um roubo de impacto envolvendo um caminh\u00e3o VOLVO\/FH 540 e sua carga de soja, avaliada em R$ 95 mil, est\u00e1 sob investiga\u00e7\u00e3o da Pol\u00edcia Civil.","og_url":"https:\/\/redenoticiaz.com.br\/ribeiraopreto-regiao\/sp\/2024\/03\/09\/policia-civil-investiga-roubo-de-caminhao-e-carga-de-soja-avaliada-em-r-95-mil","og_site_name":"Ribeir\u00e3o Preto e Regi\u00e3o","article_publisher":"https:\/\/m.facebook.com\/redenoticiaz.barretos","article_published_time":"2024-03-09T19:20:57+00:00","og_image":[{"width":1188,"height":626,"url":"https:\/\/redenoticiaz.com.br\/ribeiraopreto-regiao\/wp-content\/uploads\/sites\/4\/2024\/03\/ladroes-araraquara.jpg","type":"image\/jpeg"}],"author":"Carina Reifonas","twitter_card":"summary_large_image","twitter_creator":"@RN_barretos","twitter_site":"@RN_barretos","twitter_misc":{"Escrito por":"Carina Reifonas","Est. tempo de leitura":"2 minutos"},"schema":{"@context":"https:\/\/schema.org","@graph":[{"@type":"Article","@id":"https:\/\/redenoticiaz.com.br\/ribeiraopreto-regiao\/sp\/2024\/03\/09\/policia-civil-investiga-roubo-de-caminhao-e-carga-de-soja-avaliada-em-r-95-mil#article","isPartOf":{"@id":"https:\/\/redenoticiaz.com.br\/ribeiraopreto-regiao\/sp\/2024\/03\/09\/policia-civil-investiga-roubo-de-caminhao-e-carga-de-soja-avaliada-em-r-95-mil"},"author":{"name":"Carina Reifonas","@id":"https:\/\/redenoticiaz.com.br\/ribeiraopreto-regiao\/#\/schema\/person\/1f84d6e94e6a62d2d81199d7503e9e90"},"headline":"Pol\u00edcia Civil investiga roubo de caminh\u00e3o e carga de soja avaliada em R$ 95 mil","datePublished":"2024-03-09T19:20:57+00:00","mainEntityOfPage":{"@id":"https:\/\/redenoticiaz.com.br\/ribeiraopreto-regiao\/sp\/2024\/03\/09\/policia-civil-investiga-roubo-de-caminhao-e-carga-de-soja-avaliada-em-r-95-mil"},"wordCount":213,"commentCount":0,"publisher":{"@id":"https:\/\/redenoticiaz.com.br\/ribeiraopreto-regiao\/#organization"},"image":{"@id":"https:\/\/redenoticiaz.com.br\/ribeiraopreto-regiao\/sp\/2024\/03\/09\/policia-civil-investiga-roubo-de-caminhao-e-carga-de-soja-avaliada-em-r-95-mil#primaryimage"},"thumbnailUrl":"https:\/\/redenoticiaz.com.br\/ribeiraopreto-regiao\/wp-content\/uploads\/sites\/4\/2024\/03\/ladroes-araraquara.jpg","keywords":["caminh\u00e3o","rouba de carga"],"articleSection":["Pol\u00edcia"],"inLanguage":"pt-BR","potentialAction":[{"@type":"CommentAction","name":"Comment","target":["https:\/\/redenoticiaz.com.br\/ribeiraopreto-regiao\/sp\/2024\/03\/09\/policia-civil-investiga-roubo-de-caminhao-e-carga-de-soja-avaliada-em-r-95-mil#respond"]}]},{"@type":"WebPage","@id":"https:\/\/redenoticiaz.com.br\/ribeiraopreto-regiao\/sp\/2024\/03\/09\/policia-civil-investiga-roubo-de-caminhao-e-carga-de-soja-avaliada-em-r-95-mil","url":"https:\/\/redenoticiaz.com.br\/ribeiraopreto-regiao\/sp\/2024\/03\/09\/policia-civil-investiga-roubo-de-caminhao-e-carga-de-soja-avaliada-em-r-95-mil","name":"Pol\u00edcia Civil investiga roubo de caminh\u00e3o e carga de soja avaliada em R$ 95 mil - Ribeir\u00e3o Preto e Regi\u00e3o","isPartOf":{"@id":"https:\/\/redenoticiaz.com.br\/ribeiraopreto-regiao\/#website"},"primaryImageOfPage":{"@id":"https:\/\/redenoticiaz.com.br\/ribeiraopreto-regiao\/sp\/2024\/03\/09\/policia-civil-investiga-roubo-de-caminhao-e-carga-de-soja-avaliada-em-r-95-mil#primaryimage"},"image":{"@id":"https:\/\/redenoticiaz.com.br\/ribeiraopreto-regiao\/sp\/2024\/03\/09\/policia-civil-investiga-roubo-de-caminhao-e-carga-de-soja-avaliada-em-r-95-mil#primaryimage"},"thumbnailUrl":"https:\/\/redenoticiaz.com.br\/ribeiraopreto-regiao\/wp-content\/uploads\/sites\/4\/2024\/03\/ladroes-araraquara.jpg","datePublished":"2024-03-09T19:20:57+00:00","description":"Um roubo de impacto envolvendo um caminh\u00e3o VOLVO\/FH 540 e sua carga de soja, avaliada em R$ 95 mil, est\u00e1 sob investiga\u00e7\u00e3o da Pol\u00edcia Civil.","inLanguage":"pt-BR","potentialAction":[{"@type":"ReadAction","target":["https:\/\/redenoticiaz.com.br\/ribeiraopreto-regiao\/sp\/2024\/03\/09\/policia-civil-investiga-roubo-de-caminhao-e-carga-de-soja-avaliada-em-r-95-mil"]}]},{"@type":"ImageObject","inLanguage":"pt-BR","@id":"https:\/\/redenoticiaz.com.br\/ribeiraopreto-regiao\/sp\/2024\/03\/09\/policia-civil-investiga-roubo-de-caminhao-e-carga-de-soja-avaliada-em-r-95-mil#primaryimage","url":"https:\/\/redenoticiaz.com.br\/ribeiraopreto-regiao\/wp-content\/uploads\/sites\/4\/2024\/03\/ladroes-araraquara.jpg","contentUrl":"https:\/\/redenoticiaz.com.br\/ribeiraopreto-regiao\/wp-content\/uploads\/sites\/4\/2024\/03\/ladroes-araraquara.jpg","width":1188,"height":626},{"@type":"WebSite","@id":"https:\/\/redenoticiaz.com.br\/ribeiraopreto-regiao\/#website","url":"https:\/\/redenoticiaz.com.br\/ribeiraopreto-regiao\/","name":"Ribeir\u00e3o Preto e Regi\u00e3o","description":"Rede NoticiaZ - Ribeir\u00e3o Preto e regi\u00e3o","publisher":{"@id":"https:\/\/redenoticiaz.com.br\/ribeiraopreto-regiao\/#organization"},"potentialAction":[{"@type":"SearchAction","target":{"@type":"EntryPoint","urlTemplate":"https:\/\/redenoticiaz.com.br\/ribeiraopreto-regiao\/?s={search_term_string}"},"query-input":{"@type":"PropertyValueSpecification","valueRequired":true,"valueName":"search_term_string"}}],"inLanguage":"pt-BR"},{"@type":"Organization","@id":"https:\/\/redenoticiaz.com.br\/ribeiraopreto-regiao\/#organization","name":"Ribeir\u00e3o Preto e Regi\u00e3o","url":"https:\/\/redenoticiaz.com.br\/ribeiraopreto-regiao\/","logo":{"@type":"ImageObject","inLanguage":"pt-BR","@id":"https:\/\/redenoticiaz.com.br\/ribeiraopreto-regiao\/#\/schema\/logo\/image\/","url":"https:\/\/redenoticiaz.com.br\/barretos-regiao\/wp-content\/uploads\/sites\/4\/2022\/02\/logo.jpg","contentUrl":"https:\/\/redenoticiaz.com.br\/barretos-regiao\/wp-content\/uploads\/sites\/4\/2022\/02\/logo.jpg","width":400,"height":250,"caption":"Ribeir\u00e3o Preto e Regi\u00e3o"},"image":{"@id":"https:\/\/redenoticiaz.com.br\/ribeiraopreto-regiao\/#\/schema\/logo\/image\/"},"sameAs":["https:\/\/m.facebook.com\/redenoticiaz.barretos","https:\/\/x.com\/RN_barretos","https:\/\/www.instagram.com\/redenoticiaz.barretos\/?igshid=YmMyMTA2M2Y","https:\/\/www.linkedin.com\/company\/rede-noticiaz-barretos-e-regio\/"]},{"@type":"Person","@id":"https:\/\/redenoticiaz.com.br\/ribeiraopreto-regiao\/#\/schema\/person\/1f84d6e94e6a62d2d81199d7503e9e90","name":"Carina Reifonas","image":{"@type":"ImageObject","inLanguage":"pt-BR","@id":"https:\/\/secure.gravatar.com\/avatar\/04c59859b23696cf867715880f81d5c037e60109730bdb4e6670ec2a2245bc97?s=96&d=mm&r=g","url":"https:\/\/secure.gravatar.com\/avatar\/04c59859b23696cf867715880f81d5c037e60109730bdb4e6670ec2a2245bc97?s=96&d=mm&r=g","contentUrl":"https:\/\/secure.gravatar.com\/avatar\/04c59859b23696cf867715880f81d5c037e60109730bdb4e6670ec2a2245bc97?s=96&d=mm&r=g","caption":"Carina Reifonas"},"url":"https:\/\/redenoticiaz.com.br\/ribeiraopreto-regiao\/sp\/author\/carinareifonas"}]}},"_links":{"self":[{"href":"https:\/\/redenoticiaz.com.br\/ribeiraopreto-regiao\/wp-json\/wp\/v2\/posts\/115973","targetHints":{"allow":["GET"]}}],"collection":[{"href":"https:\/\/redenoticiaz.com.br\/ribeiraopreto-regiao\/wp-json\/wp\/v2\/posts"}],"about":[{"href":"https:\/\/redenoticiaz.com.br\/ribeiraopreto-regiao\/wp-json\/wp\/v2\/types\/post"}],"author":[{"embeddable":true,"href":"https:\/\/redenoticiaz.com.br\/ribeiraopreto-regiao\/wp-json\/wp\/v2\/users\/30"}],"replies":[{"embeddable":true,"href":"https:\/\/redenoticiaz.com.br\/ribeiraopreto-regiao\/wp-json\/wp\/v2\/comments?post=115973"}],"version-history":[{"count":1,"href":"https:\/\/redenoticiaz.com.br\/ribeiraopreto-regiao\/wp-json\/wp\/v2\/posts\/115973\/revisions"}],"predecessor-version":[{"id":115976,"href":"https:\/\/redenoticiaz.com.br\/ribeiraopreto-regiao\/wp-json\/wp\/v2\/posts\/115973\/revisions\/115976"}],"wp:featuredmedia":[{"embeddable":true,"href":"https:\/\/redenoticiaz.com.br\/ribeiraopreto-regiao\/wp-json\/wp\/v2\/media\/115975"}],"wp:attachment":[{"href":"https:\/\/redenoticiaz.com.br\/ribeiraopreto-regiao\/wp-json\/wp\/v2\/media?parent=115973"}],"wp:term":[{"taxonomy":"category","embeddable":true,"href":"https:\/\/redenoticiaz.com.br\/ribeiraopreto-regiao\/wp-json\/wp\/v2\/categories?post=115973"},{"taxonomy":"post_tag","embeddable":true,"href":"https:\/\/redenoticiaz.com.br\/ribeiraopreto-regiao\/wp-json\/wp\/v2\/tags?post=115973"}],"curies":[{"name":"wp","href":"https:\/\/api.w.org\/{rel}","templated":true}]}}