{"id":116022,"date":"2024-03-11T15:56:00","date_gmt":"2024-03-11T18:56:00","guid":{"rendered":"https:\/\/redenoticiaz.com.br\/barretos-regiao\/?p=116022"},"modified":"2024-03-11T15:56:00","modified_gmt":"2024-03-11T18:56:00","slug":"barretos-ocupa-o-4o-lugar-no-estado-de-sao-paulo-no-ranking-nacional-de-dispensa-de-alvaras-e-licencas","status":"publish","type":"post","link":"https:\/\/redenoticiaz.com.br\/ribeiraopreto-regiao\/sp\/2024\/03\/11\/barretos-ocupa-o-4o-lugar-no-estado-de-sao-paulo-no-ranking-nacional-de-dispensa-de-alvaras-e-licencas","title":{"rendered":"Barretos ocupa o 4\u00ba lugar no Estado de S\u00e3o Paulo no Ranking Nacional de Dispensa de Alvar\u00e1s e Licen\u00e7as"},"content":{"rendered":"<p>A Est\u00e2ncia Tur\u00edstica de Barretos ocupa o 4\u00b0 lugar, entre as cidades do Estado de S\u00e3o Paulo, no Ranking Nacional de Dispensa de Alvar\u00e1s e Licen\u00e7as. A informa\u00e7\u00e3o consta no relat\u00f3rio do 4\u00ba trimestre de 2023, elaborado e divulgado pelo Departamento Nacional de Registro Empresarial e Integra\u00e7\u00e3o, do Minist\u00e9rio do Desenvolvimento, Ind\u00fastria, Com\u00e9rcio e Servi\u00e7os (MDIC).<\/p>\n<p>O ranking fornece indicadores relativos ao quantitativo de atividades econ\u00f4micas dispensadas de alvar\u00e1s e licen\u00e7as nas unidades da federa\u00e7\u00e3o, nos termos da Lei n\u00ba 13.874\/2019, a Lei da Liberdade Econ\u00f4mica. Esta lei, em seu artigo 1\u00ba, \u00a7 6\u00ba, determina o efeito da dispensa de quaisquer atos p\u00fablicos para as atividades econ\u00f4micas classificadas como baixo risco.<\/p>\n<p>Para o secret\u00e1rio interino de Finan\u00e7as, Fernando Soares, a melhoria do ambiente de neg\u00f3cios, com a altera\u00e7\u00e3o do Plano Diretor e implementa\u00e7\u00e3o do princ\u00edpio constitucional de liberdade econ\u00f4mica no munic\u00edpio, foram fatores determinantes para este resultado. &#8220;Este \u00e9 um dos indicadores que medem a melhoria no ambiente de neg\u00f3cios dos munic\u00edpios e \u00e9 um dos maiores legados que a gest\u00e3o Paula Lemos deixar\u00e1 para Barretos. Em 2023 a atividade de viabilidade de instala\u00e7\u00e3o de empresa passou a ser realizada pela Secretaria de Finan\u00e7as.<\/p>\n<p>Logo nas primeiras semanas percebemos a grande quantidade de burocracias, empecilhos, entraves que existiam para se abrir empresa em Barretos. Estudamos as melhores pr\u00e1ticas no Brasil, enfrentamos as paix\u00f5es, apegos e propomos a altera\u00e7\u00e3o do Plano Diretor e outras regulamenta\u00e7\u00f5es para implementar o princ\u00edpio constitucional de liberdade econ\u00f4mica no munic\u00edpio. A \u00faltima altera\u00e7\u00e3o de lei foi feita na semana passada com a flexibiliza\u00e7\u00e3o da exig\u00eancia de habite-se no momento da an\u00e1lise da viabilidade locacional. Em menos de 1 ano sa\u00edmos do \u00faltimo lugar e estamos em 4\u00ba lugar no Estado de S\u00e3o Paulo&#8221;, explicou.<\/p>\n<p>De acordo com o relat\u00f3rio, Barretos tem 273 atividades econ\u00f4micas dispensadas de alvar\u00e1s e licen\u00e7as, ficando atr\u00e1s apenas das cidades paulistas de Jardin\u00f3polis, com 289, Guaruj\u00e1, com 404, e Ourinhos, com 507. &#8220;Gostaria de parabenizar nossa prefeita Paula Lemos pela coragem de enfrentar e mudar o paradigma e estender os cumprimentos a minha equipe do Departamento de Receita &#8211; Setor empresas e \u00e0 equipe da Secretaria de Planejamento, que compreendeu e aderiu \u00e0s mudan\u00e7as sugeridas. O resultado est\u00e1 a\u00ed&#8221;, agradeceu o secret\u00e1rio.<\/p>\n<p>De acordo com Fernando Soares, a Secretaria de Finan\u00e7as, em parceria com o Governo do Estado de S\u00e3o Paulo, se dedicar\u00e1 a formalizar a ades\u00e3o ao Programa Facilita SP para ampliar as dispensas e automatizar os processos de governo digital na abertura de empresas e para que a aprova\u00e7\u00e3o seja online\/instant\u00e2nea para atividades classificadas como de baixo risco.<\/p>\n<p>LEIA MAIS<\/p>\n<p><a href=\"https:\/\/redenoticiaz.com.br\/barretos-regiao\/sp\/2024\/03\/11\/oppenheimer-domina-e-conquista-sete-estatuetas-no-oscar\">\u201cOppenheimer\u201d domina e conquista sete estatuetas no Oscar<\/a><\/p>\n<p><a href=\"https:\/\/redenoticiaz.com.br\/barretos-regiao\/sp\/2024\/03\/11\/defesa-de-bolsonaro-solicita-ao-stf-autorizacao-para-viagem-a-israel\">Defesa de Bolsonaro solicita ao STF autoriza\u00e7\u00e3o para viagem a Israel<\/a><\/p>\n","protected":false},"excerpt":{"rendered":"<p>A Est\u00e2ncia Tur\u00edstica de Barretos ocupa o 4\u00b0 lugar, entre as cidades do Estado de S\u00e3o Paulo, no Ranking Nacional de Dispensa de Alvar\u00e1s e Licen\u00e7as. A informa\u00e7\u00e3o consta no relat\u00f3rio do 4\u00ba trimestre de 2023, elaborado e divulgado pelo Departamento Nacional de Registro Empresarial e Integra\u00e7\u00e3o, do Minist\u00e9rio do Desenvolvimento, Ind\u00fastria, Com\u00e9rcio e Servi\u00e7os &hellip;<\/p>\n","protected":false},"author":30,"featured_media":116023,"comment_status":"open","ping_status":"closed","sticky":false,"template":"","format":"standard","meta":{"footnotes":""},"categories":[101],"tags":[64,30051],"class_list":["post-116022","post","type-post","status-publish","format-standard","has-post-thumbnail","hentry","category-economia","tag-barretos","tag-ranking-nacional-de-dispensa-de-alvaras-e-licencas"],"yoast_head":"<!-- This site is optimized with the Yoast SEO plugin v28.3 - https:\/\/yoast.com\/product\/yoast-seo-wordpress\/ -->\n<title>Barretos ocupa o 4\u00ba lugar no Estado de S\u00e3o Paulo no Ranking Nacional de Dispensa de Alvar\u00e1s e Licen\u00e7as - Ribeir\u00e3o Preto e Regi\u00e3o<\/title>\n<meta name=\"description\" content=\"A informa\u00e7\u00e3o consta no relat\u00f3rio do 4\u00ba trimestre de 2023, elaborado e divulgado pelo Departamento Nacional de Registro Empresarial e Integra\u00e7\u00e3o.\" \/>\n<meta name=\"robots\" content=\"index, follow, max-snippet:-1, max-image-preview:large, max-video-preview:-1\" \/>\n<link rel=\"canonical\" href=\"https:\/\/redenoticiaz.com.br\/ribeiraopreto-regiao\/sp\/2024\/03\/11\/barretos-ocupa-o-4o-lugar-no-estado-de-sao-paulo-no-ranking-nacional-de-dispensa-de-alvaras-e-licencas\" \/>\n<meta property=\"og:locale\" content=\"pt_BR\" \/>\n<meta property=\"og:type\" content=\"article\" \/>\n<meta property=\"og:title\" content=\"Barretos ocupa o 4\u00ba lugar no Estado de S\u00e3o Paulo no Ranking Nacional de Dispensa de Alvar\u00e1s e Licen\u00e7as - Ribeir\u00e3o Preto e Regi\u00e3o\" \/>\n<meta property=\"og:description\" content=\"A informa\u00e7\u00e3o consta no relat\u00f3rio do 4\u00ba trimestre de 2023, elaborado e divulgado pelo Departamento Nacional de Registro Empresarial e Integra\u00e7\u00e3o.\" \/>\n<meta property=\"og:url\" content=\"https:\/\/redenoticiaz.com.br\/ribeiraopreto-regiao\/sp\/2024\/03\/11\/barretos-ocupa-o-4o-lugar-no-estado-de-sao-paulo-no-ranking-nacional-de-dispensa-de-alvaras-e-licencas\" \/>\n<meta property=\"og:site_name\" content=\"Ribeir\u00e3o Preto e Regi\u00e3o\" \/>\n<meta property=\"article:publisher\" content=\"https:\/\/m.facebook.com\/redenoticiaz.barretos\" \/>\n<meta property=\"article:published_time\" content=\"2024-03-11T18:56:00+00:00\" \/>\n<meta property=\"og:image\" content=\"https:\/\/redenoticiaz.com.br\/ribeiraopreto-regiao\/wp-content\/uploads\/sites\/4\/2024\/03\/Barretos-1-1024x577.png\" \/>\n\t<meta property=\"og:image:width\" content=\"1024\" \/>\n\t<meta property=\"og:image:height\" content=\"577\" \/>\n\t<meta property=\"og:image:type\" content=\"image\/png\" \/>\n<meta name=\"author\" content=\"Carina Reifonas\" \/>\n<meta name=\"twitter:card\" content=\"summary_large_image\" \/>\n<meta name=\"twitter:creator\" content=\"@RN_barretos\" \/>\n<meta name=\"twitter:site\" content=\"@RN_barretos\" \/>\n<meta name=\"twitter:label1\" content=\"Escrito por\" \/>\n\t<meta name=\"twitter:data1\" content=\"Carina Reifonas\" \/>\n\t<meta name=\"twitter:label2\" content=\"Est. tempo de leitura\" \/>\n\t<meta name=\"twitter:data2\" content=\"3 minutos\" \/>\n<script type=\"application\/ld+json\" class=\"yoast-schema-graph\">{\"@context\":\"https:\\\/\\\/schema.org\",\"@graph\":[{\"@type\":\"Article\",\"@id\":\"https:\\\/\\\/redenoticiaz.com.br\\\/ribeiraopreto-regiao\\\/sp\\\/2024\\\/03\\\/11\\\/barretos-ocupa-o-4o-lugar-no-estado-de-sao-paulo-no-ranking-nacional-de-dispensa-de-alvaras-e-licencas#article\",\"isPartOf\":{\"@id\":\"https:\\\/\\\/redenoticiaz.com.br\\\/ribeiraopreto-regiao\\\/sp\\\/2024\\\/03\\\/11\\\/barretos-ocupa-o-4o-lugar-no-estado-de-sao-paulo-no-ranking-nacional-de-dispensa-de-alvaras-e-licencas\"},\"author\":{\"name\":\"Carina Reifonas\",\"@id\":\"https:\\\/\\\/redenoticiaz.com.br\\\/ribeiraopreto-regiao\\\/#\\\/schema\\\/person\\\/1f84d6e94e6a62d2d81199d7503e9e90\"},\"headline\":\"Barretos ocupa o 4\u00ba lugar no Estado de S\u00e3o Paulo no Ranking Nacional de Dispensa de Alvar\u00e1s e Licen\u00e7as\",\"datePublished\":\"2024-03-11T18:56:00+00:00\",\"mainEntityOfPage\":{\"@id\":\"https:\\\/\\\/redenoticiaz.com.br\\\/ribeiraopreto-regiao\\\/sp\\\/2024\\\/03\\\/11\\\/barretos-ocupa-o-4o-lugar-no-estado-de-sao-paulo-no-ranking-nacional-de-dispensa-de-alvaras-e-licencas\"},\"wordCount\":513,\"commentCount\":0,\"publisher\":{\"@id\":\"https:\\\/\\\/redenoticiaz.com.br\\\/ribeiraopreto-regiao\\\/#organization\"},\"image\":{\"@id\":\"https:\\\/\\\/redenoticiaz.com.br\\\/ribeiraopreto-regiao\\\/sp\\\/2024\\\/03\\\/11\\\/barretos-ocupa-o-4o-lugar-no-estado-de-sao-paulo-no-ranking-nacional-de-dispensa-de-alvaras-e-licencas#primaryimage\"},\"thumbnailUrl\":\"https:\\\/\\\/redenoticiaz.com.br\\\/ribeiraopreto-regiao\\\/wp-content\\\/uploads\\\/sites\\\/4\\\/2024\\\/03\\\/Barretos-1.png\",\"keywords\":[\"BARRETOS\",\"Ranking Nacional de Dispensa de Alvar\u00e1s e Licen\u00e7as\"],\"articleSection\":[\"Economia\"],\"inLanguage\":\"pt-BR\",\"potentialAction\":[{\"@type\":\"CommentAction\",\"name\":\"Comment\",\"target\":[\"https:\\\/\\\/redenoticiaz.com.br\\\/ribeiraopreto-regiao\\\/sp\\\/2024\\\/03\\\/11\\\/barretos-ocupa-o-4o-lugar-no-estado-de-sao-paulo-no-ranking-nacional-de-dispensa-de-alvaras-e-licencas#respond\"]}]},{\"@type\":\"WebPage\",\"@id\":\"https:\\\/\\\/redenoticiaz.com.br\\\/ribeiraopreto-regiao\\\/sp\\\/2024\\\/03\\\/11\\\/barretos-ocupa-o-4o-lugar-no-estado-de-sao-paulo-no-ranking-nacional-de-dispensa-de-alvaras-e-licencas\",\"url\":\"https:\\\/\\\/redenoticiaz.com.br\\\/ribeiraopreto-regiao\\\/sp\\\/2024\\\/03\\\/11\\\/barretos-ocupa-o-4o-lugar-no-estado-de-sao-paulo-no-ranking-nacional-de-dispensa-de-alvaras-e-licencas\",\"name\":\"Barretos ocupa o 4\u00ba lugar no Estado de S\u00e3o Paulo no Ranking Nacional de Dispensa de Alvar\u00e1s e Licen\u00e7as - Ribeir\u00e3o Preto e Regi\u00e3o\",\"isPartOf\":{\"@id\":\"https:\\\/\\\/redenoticiaz.com.br\\\/ribeiraopreto-regiao\\\/#website\"},\"primaryImageOfPage\":{\"@id\":\"https:\\\/\\\/redenoticiaz.com.br\\\/ribeiraopreto-regiao\\\/sp\\\/2024\\\/03\\\/11\\\/barretos-ocupa-o-4o-lugar-no-estado-de-sao-paulo-no-ranking-nacional-de-dispensa-de-alvaras-e-licencas#primaryimage\"},\"image\":{\"@id\":\"https:\\\/\\\/redenoticiaz.com.br\\\/ribeiraopreto-regiao\\\/sp\\\/2024\\\/03\\\/11\\\/barretos-ocupa-o-4o-lugar-no-estado-de-sao-paulo-no-ranking-nacional-de-dispensa-de-alvaras-e-licencas#primaryimage\"},\"thumbnailUrl\":\"https:\\\/\\\/redenoticiaz.com.br\\\/ribeiraopreto-regiao\\\/wp-content\\\/uploads\\\/sites\\\/4\\\/2024\\\/03\\\/Barretos-1.png\",\"datePublished\":\"2024-03-11T18:56:00+00:00\",\"description\":\"A informa\u00e7\u00e3o consta no relat\u00f3rio do 4\u00ba trimestre de 2023, elaborado e divulgado pelo Departamento Nacional de Registro Empresarial e Integra\u00e7\u00e3o.\",\"inLanguage\":\"pt-BR\",\"potentialAction\":[{\"@type\":\"ReadAction\",\"target\":[\"https:\\\/\\\/redenoticiaz.com.br\\\/ribeiraopreto-regiao\\\/sp\\\/2024\\\/03\\\/11\\\/barretos-ocupa-o-4o-lugar-no-estado-de-sao-paulo-no-ranking-nacional-de-dispensa-de-alvaras-e-licencas\"]}]},{\"@type\":\"ImageObject\",\"inLanguage\":\"pt-BR\",\"@id\":\"https:\\\/\\\/redenoticiaz.com.br\\\/ribeiraopreto-regiao\\\/sp\\\/2024\\\/03\\\/11\\\/barretos-ocupa-o-4o-lugar-no-estado-de-sao-paulo-no-ranking-nacional-de-dispensa-de-alvaras-e-licencas#primaryimage\",\"url\":\"https:\\\/\\\/redenoticiaz.com.br\\\/ribeiraopreto-regiao\\\/wp-content\\\/uploads\\\/sites\\\/4\\\/2024\\\/03\\\/Barretos-1.png\",\"contentUrl\":\"https:\\\/\\\/redenoticiaz.com.br\\\/ribeiraopreto-regiao\\\/wp-content\\\/uploads\\\/sites\\\/4\\\/2024\\\/03\\\/Barretos-1.png\",\"width\":1640,\"height\":924},{\"@type\":\"WebSite\",\"@id\":\"https:\\\/\\\/redenoticiaz.com.br\\\/ribeiraopreto-regiao\\\/#website\",\"url\":\"https:\\\/\\\/redenoticiaz.com.br\\\/ribeiraopreto-regiao\\\/\",\"name\":\"Ribeir\u00e3o Preto e Regi\u00e3o\",\"description\":\"Rede NoticiaZ - Ribeir\u00e3o Preto e regi\u00e3o\",\"publisher\":{\"@id\":\"https:\\\/\\\/redenoticiaz.com.br\\\/ribeiraopreto-regiao\\\/#organization\"},\"potentialAction\":[{\"@type\":\"SearchAction\",\"target\":{\"@type\":\"EntryPoint\",\"urlTemplate\":\"https:\\\/\\\/redenoticiaz.com.br\\\/ribeiraopreto-regiao\\\/?s={search_term_string}\"},\"query-input\":{\"@type\":\"PropertyValueSpecification\",\"valueRequired\":true,\"valueName\":\"search_term_string\"}}],\"inLanguage\":\"pt-BR\"},{\"@type\":\"Organization\",\"@id\":\"https:\\\/\\\/redenoticiaz.com.br\\\/ribeiraopreto-regiao\\\/#organization\",\"name\":\"Ribeir\u00e3o Preto e Regi\u00e3o\",\"url\":\"https:\\\/\\\/redenoticiaz.com.br\\\/ribeiraopreto-regiao\\\/\",\"logo\":{\"@type\":\"ImageObject\",\"inLanguage\":\"pt-BR\",\"@id\":\"https:\\\/\\\/redenoticiaz.com.br\\\/ribeiraopreto-regiao\\\/#\\\/schema\\\/logo\\\/image\\\/\",\"url\":\"https:\\\/\\\/redenoticiaz.com.br\\\/barretos-regiao\\\/wp-content\\\/uploads\\\/sites\\\/4\\\/2022\\\/02\\\/logo.jpg\",\"contentUrl\":\"https:\\\/\\\/redenoticiaz.com.br\\\/barretos-regiao\\\/wp-content\\\/uploads\\\/sites\\\/4\\\/2022\\\/02\\\/logo.jpg\",\"width\":400,\"height\":250,\"caption\":\"Ribeir\u00e3o Preto e Regi\u00e3o\"},\"image\":{\"@id\":\"https:\\\/\\\/redenoticiaz.com.br\\\/ribeiraopreto-regiao\\\/#\\\/schema\\\/logo\\\/image\\\/\"},\"sameAs\":[\"https:\\\/\\\/m.facebook.com\\\/redenoticiaz.barretos\",\"https:\\\/\\\/x.com\\\/RN_barretos\",\"https:\\\/\\\/www.instagram.com\\\/redenoticiaz.barretos\\\/?igshid=YmMyMTA2M2Y\",\"https:\\\/\\\/www.linkedin.com\\\/company\\\/rede-noticiaz-barretos-e-regio\\\/\"]},{\"@type\":\"Person\",\"@id\":\"https:\\\/\\\/redenoticiaz.com.br\\\/ribeiraopreto-regiao\\\/#\\\/schema\\\/person\\\/1f84d6e94e6a62d2d81199d7503e9e90\",\"name\":\"Carina Reifonas\",\"image\":{\"@type\":\"ImageObject\",\"inLanguage\":\"pt-BR\",\"@id\":\"https:\\\/\\\/secure.gravatar.com\\\/avatar\\\/04c59859b23696cf867715880f81d5c037e60109730bdb4e6670ec2a2245bc97?s=96&d=mm&r=g\",\"url\":\"https:\\\/\\\/secure.gravatar.com\\\/avatar\\\/04c59859b23696cf867715880f81d5c037e60109730bdb4e6670ec2a2245bc97?s=96&d=mm&r=g\",\"contentUrl\":\"https:\\\/\\\/secure.gravatar.com\\\/avatar\\\/04c59859b23696cf867715880f81d5c037e60109730bdb4e6670ec2a2245bc97?s=96&d=mm&r=g\",\"caption\":\"Carina Reifonas\"},\"url\":\"https:\\\/\\\/redenoticiaz.com.br\\\/ribeiraopreto-regiao\\\/sp\\\/author\\\/carinareifonas\"}]}<\/script>\n<!-- \/ Yoast SEO plugin. -->","yoast_head_json":{"title":"Barretos ocupa o 4\u00ba lugar no Estado de S\u00e3o Paulo no Ranking Nacional de Dispensa de Alvar\u00e1s e Licen\u00e7as - Ribeir\u00e3o Preto e Regi\u00e3o","description":"A informa\u00e7\u00e3o consta no relat\u00f3rio do 4\u00ba trimestre de 2023, elaborado e divulgado pelo Departamento Nacional de Registro Empresarial e Integra\u00e7\u00e3o.","robots":{"index":"index","follow":"follow","max-snippet":"max-snippet:-1","max-image-preview":"max-image-preview:large","max-video-preview":"max-video-preview:-1"},"canonical":"https:\/\/redenoticiaz.com.br\/ribeiraopreto-regiao\/sp\/2024\/03\/11\/barretos-ocupa-o-4o-lugar-no-estado-de-sao-paulo-no-ranking-nacional-de-dispensa-de-alvaras-e-licencas","og_locale":"pt_BR","og_type":"article","og_title":"Barretos ocupa o 4\u00ba lugar no Estado de S\u00e3o Paulo no Ranking Nacional de Dispensa de Alvar\u00e1s e Licen\u00e7as - Ribeir\u00e3o Preto e Regi\u00e3o","og_description":"A informa\u00e7\u00e3o consta no relat\u00f3rio do 4\u00ba trimestre de 2023, elaborado e divulgado pelo Departamento Nacional de Registro Empresarial e Integra\u00e7\u00e3o.","og_url":"https:\/\/redenoticiaz.com.br\/ribeiraopreto-regiao\/sp\/2024\/03\/11\/barretos-ocupa-o-4o-lugar-no-estado-de-sao-paulo-no-ranking-nacional-de-dispensa-de-alvaras-e-licencas","og_site_name":"Ribeir\u00e3o Preto e Regi\u00e3o","article_publisher":"https:\/\/m.facebook.com\/redenoticiaz.barretos","article_published_time":"2024-03-11T18:56:00+00:00","og_image":[{"width":1024,"height":577,"url":"https:\/\/redenoticiaz.com.br\/ribeiraopreto-regiao\/wp-content\/uploads\/sites\/4\/2024\/03\/Barretos-1-1024x577.png","type":"image\/png"}],"author":"Carina Reifonas","twitter_card":"summary_large_image","twitter_creator":"@RN_barretos","twitter_site":"@RN_barretos","twitter_misc":{"Escrito por":"Carina Reifonas","Est. tempo de leitura":"3 minutos"},"schema":{"@context":"https:\/\/schema.org","@graph":[{"@type":"Article","@id":"https:\/\/redenoticiaz.com.br\/ribeiraopreto-regiao\/sp\/2024\/03\/11\/barretos-ocupa-o-4o-lugar-no-estado-de-sao-paulo-no-ranking-nacional-de-dispensa-de-alvaras-e-licencas#article","isPartOf":{"@id":"https:\/\/redenoticiaz.com.br\/ribeiraopreto-regiao\/sp\/2024\/03\/11\/barretos-ocupa-o-4o-lugar-no-estado-de-sao-paulo-no-ranking-nacional-de-dispensa-de-alvaras-e-licencas"},"author":{"name":"Carina Reifonas","@id":"https:\/\/redenoticiaz.com.br\/ribeiraopreto-regiao\/#\/schema\/person\/1f84d6e94e6a62d2d81199d7503e9e90"},"headline":"Barretos ocupa o 4\u00ba lugar no Estado de S\u00e3o Paulo no Ranking Nacional de Dispensa de Alvar\u00e1s e Licen\u00e7as","datePublished":"2024-03-11T18:56:00+00:00","mainEntityOfPage":{"@id":"https:\/\/redenoticiaz.com.br\/ribeiraopreto-regiao\/sp\/2024\/03\/11\/barretos-ocupa-o-4o-lugar-no-estado-de-sao-paulo-no-ranking-nacional-de-dispensa-de-alvaras-e-licencas"},"wordCount":513,"commentCount":0,"publisher":{"@id":"https:\/\/redenoticiaz.com.br\/ribeiraopreto-regiao\/#organization"},"image":{"@id":"https:\/\/redenoticiaz.com.br\/ribeiraopreto-regiao\/sp\/2024\/03\/11\/barretos-ocupa-o-4o-lugar-no-estado-de-sao-paulo-no-ranking-nacional-de-dispensa-de-alvaras-e-licencas#primaryimage"},"thumbnailUrl":"https:\/\/redenoticiaz.com.br\/ribeiraopreto-regiao\/wp-content\/uploads\/sites\/4\/2024\/03\/Barretos-1.png","keywords":["BARRETOS","Ranking Nacional de Dispensa de Alvar\u00e1s e Licen\u00e7as"],"articleSection":["Economia"],"inLanguage":"pt-BR","potentialAction":[{"@type":"CommentAction","name":"Comment","target":["https:\/\/redenoticiaz.com.br\/ribeiraopreto-regiao\/sp\/2024\/03\/11\/barretos-ocupa-o-4o-lugar-no-estado-de-sao-paulo-no-ranking-nacional-de-dispensa-de-alvaras-e-licencas#respond"]}]},{"@type":"WebPage","@id":"https:\/\/redenoticiaz.com.br\/ribeiraopreto-regiao\/sp\/2024\/03\/11\/barretos-ocupa-o-4o-lugar-no-estado-de-sao-paulo-no-ranking-nacional-de-dispensa-de-alvaras-e-licencas","url":"https:\/\/redenoticiaz.com.br\/ribeiraopreto-regiao\/sp\/2024\/03\/11\/barretos-ocupa-o-4o-lugar-no-estado-de-sao-paulo-no-ranking-nacional-de-dispensa-de-alvaras-e-licencas","name":"Barretos ocupa o 4\u00ba lugar no Estado de S\u00e3o Paulo no Ranking Nacional de Dispensa de Alvar\u00e1s e Licen\u00e7as - Ribeir\u00e3o Preto e Regi\u00e3o","isPartOf":{"@id":"https:\/\/redenoticiaz.com.br\/ribeiraopreto-regiao\/#website"},"primaryImageOfPage":{"@id":"https:\/\/redenoticiaz.com.br\/ribeiraopreto-regiao\/sp\/2024\/03\/11\/barretos-ocupa-o-4o-lugar-no-estado-de-sao-paulo-no-ranking-nacional-de-dispensa-de-alvaras-e-licencas#primaryimage"},"image":{"@id":"https:\/\/redenoticiaz.com.br\/ribeiraopreto-regiao\/sp\/2024\/03\/11\/barretos-ocupa-o-4o-lugar-no-estado-de-sao-paulo-no-ranking-nacional-de-dispensa-de-alvaras-e-licencas#primaryimage"},"thumbnailUrl":"https:\/\/redenoticiaz.com.br\/ribeiraopreto-regiao\/wp-content\/uploads\/sites\/4\/2024\/03\/Barretos-1.png","datePublished":"2024-03-11T18:56:00+00:00","description":"A informa\u00e7\u00e3o consta no relat\u00f3rio do 4\u00ba trimestre de 2023, elaborado e divulgado pelo Departamento Nacional de Registro Empresarial e Integra\u00e7\u00e3o.","inLanguage":"pt-BR","potentialAction":[{"@type":"ReadAction","target":["https:\/\/redenoticiaz.com.br\/ribeiraopreto-regiao\/sp\/2024\/03\/11\/barretos-ocupa-o-4o-lugar-no-estado-de-sao-paulo-no-ranking-nacional-de-dispensa-de-alvaras-e-licencas"]}]},{"@type":"ImageObject","inLanguage":"pt-BR","@id":"https:\/\/redenoticiaz.com.br\/ribeiraopreto-regiao\/sp\/2024\/03\/11\/barretos-ocupa-o-4o-lugar-no-estado-de-sao-paulo-no-ranking-nacional-de-dispensa-de-alvaras-e-licencas#primaryimage","url":"https:\/\/redenoticiaz.com.br\/ribeiraopreto-regiao\/wp-content\/uploads\/sites\/4\/2024\/03\/Barretos-1.png","contentUrl":"https:\/\/redenoticiaz.com.br\/ribeiraopreto-regiao\/wp-content\/uploads\/sites\/4\/2024\/03\/Barretos-1.png","width":1640,"height":924},{"@type":"WebSite","@id":"https:\/\/redenoticiaz.com.br\/ribeiraopreto-regiao\/#website","url":"https:\/\/redenoticiaz.com.br\/ribeiraopreto-regiao\/","name":"Ribeir\u00e3o Preto e Regi\u00e3o","description":"Rede NoticiaZ - Ribeir\u00e3o Preto e regi\u00e3o","publisher":{"@id":"https:\/\/redenoticiaz.com.br\/ribeiraopreto-regiao\/#organization"},"potentialAction":[{"@type":"SearchAction","target":{"@type":"EntryPoint","urlTemplate":"https:\/\/redenoticiaz.com.br\/ribeiraopreto-regiao\/?s={search_term_string}"},"query-input":{"@type":"PropertyValueSpecification","valueRequired":true,"valueName":"search_term_string"}}],"inLanguage":"pt-BR"},{"@type":"Organization","@id":"https:\/\/redenoticiaz.com.br\/ribeiraopreto-regiao\/#organization","name":"Ribeir\u00e3o Preto e Regi\u00e3o","url":"https:\/\/redenoticiaz.com.br\/ribeiraopreto-regiao\/","logo":{"@type":"ImageObject","inLanguage":"pt-BR","@id":"https:\/\/redenoticiaz.com.br\/ribeiraopreto-regiao\/#\/schema\/logo\/image\/","url":"https:\/\/redenoticiaz.com.br\/barretos-regiao\/wp-content\/uploads\/sites\/4\/2022\/02\/logo.jpg","contentUrl":"https:\/\/redenoticiaz.com.br\/barretos-regiao\/wp-content\/uploads\/sites\/4\/2022\/02\/logo.jpg","width":400,"height":250,"caption":"Ribeir\u00e3o Preto e Regi\u00e3o"},"image":{"@id":"https:\/\/redenoticiaz.com.br\/ribeiraopreto-regiao\/#\/schema\/logo\/image\/"},"sameAs":["https:\/\/m.facebook.com\/redenoticiaz.barretos","https:\/\/x.com\/RN_barretos","https:\/\/www.instagram.com\/redenoticiaz.barretos\/?igshid=YmMyMTA2M2Y","https:\/\/www.linkedin.com\/company\/rede-noticiaz-barretos-e-regio\/"]},{"@type":"Person","@id":"https:\/\/redenoticiaz.com.br\/ribeiraopreto-regiao\/#\/schema\/person\/1f84d6e94e6a62d2d81199d7503e9e90","name":"Carina Reifonas","image":{"@type":"ImageObject","inLanguage":"pt-BR","@id":"https:\/\/secure.gravatar.com\/avatar\/04c59859b23696cf867715880f81d5c037e60109730bdb4e6670ec2a2245bc97?s=96&d=mm&r=g","url":"https:\/\/secure.gravatar.com\/avatar\/04c59859b23696cf867715880f81d5c037e60109730bdb4e6670ec2a2245bc97?s=96&d=mm&r=g","contentUrl":"https:\/\/secure.gravatar.com\/avatar\/04c59859b23696cf867715880f81d5c037e60109730bdb4e6670ec2a2245bc97?s=96&d=mm&r=g","caption":"Carina Reifonas"},"url":"https:\/\/redenoticiaz.com.br\/ribeiraopreto-regiao\/sp\/author\/carinareifonas"}]}},"_links":{"self":[{"href":"https:\/\/redenoticiaz.com.br\/ribeiraopreto-regiao\/wp-json\/wp\/v2\/posts\/116022","targetHints":{"allow":["GET"]}}],"collection":[{"href":"https:\/\/redenoticiaz.com.br\/ribeiraopreto-regiao\/wp-json\/wp\/v2\/posts"}],"about":[{"href":"https:\/\/redenoticiaz.com.br\/ribeiraopreto-regiao\/wp-json\/wp\/v2\/types\/post"}],"author":[{"embeddable":true,"href":"https:\/\/redenoticiaz.com.br\/ribeiraopreto-regiao\/wp-json\/wp\/v2\/users\/30"}],"replies":[{"embeddable":true,"href":"https:\/\/redenoticiaz.com.br\/ribeiraopreto-regiao\/wp-json\/wp\/v2\/comments?post=116022"}],"version-history":[{"count":1,"href":"https:\/\/redenoticiaz.com.br\/ribeiraopreto-regiao\/wp-json\/wp\/v2\/posts\/116022\/revisions"}],"predecessor-version":[{"id":116024,"href":"https:\/\/redenoticiaz.com.br\/ribeiraopreto-regiao\/wp-json\/wp\/v2\/posts\/116022\/revisions\/116024"}],"wp:featuredmedia":[{"embeddable":true,"href":"https:\/\/redenoticiaz.com.br\/ribeiraopreto-regiao\/wp-json\/wp\/v2\/media\/116023"}],"wp:attachment":[{"href":"https:\/\/redenoticiaz.com.br\/ribeiraopreto-regiao\/wp-json\/wp\/v2\/media?parent=116022"}],"wp:term":[{"taxonomy":"category","embeddable":true,"href":"https:\/\/redenoticiaz.com.br\/ribeiraopreto-regiao\/wp-json\/wp\/v2\/categories?post=116022"},{"taxonomy":"post_tag","embeddable":true,"href":"https:\/\/redenoticiaz.com.br\/ribeiraopreto-regiao\/wp-json\/wp\/v2\/tags?post=116022"}],"curies":[{"name":"wp","href":"https:\/\/api.w.org\/{rel}","templated":true}]}}