{"id":116138,"date":"2024-03-14T17:03:40","date_gmt":"2024-03-14T20:03:40","guid":{"rendered":"https:\/\/redenoticiaz.com.br\/barretos-regiao\/sp\/2024\/03\/14\/video-trabalhadores-ficam-pendurados-apos-cabo-de-andaime-se-soltar-do-15o-andar-de-predio"},"modified":"2024-03-14T17:07:47","modified_gmt":"2024-03-14T20:07:47","slug":"video-trabalhadores-ficam-pendurados-apos-cabo-de-andaime-se-soltar-do-15o-andar-de-predio","status":"publish","type":"post","link":"https:\/\/redenoticiaz.com.br\/ribeiraopreto-regiao\/sp\/2024\/03\/14\/video-trabalhadores-ficam-pendurados-apos-cabo-de-andaime-se-soltar-do-15o-andar-de-predio","title":{"rendered":"V\u00cdDEO &#8211; Trabalhadores ficam pendurados ap\u00f3s cabo de andaime se soltar do 15\u00ba andar de pr\u00e9dio"},"content":{"rendered":"<p>Dois trabalhadores ficaram pendurados ap\u00f3s cabo de andaime se soltar do 15\u00ba andar de pr\u00e9dio em Itapema, Santa Catarina. V\u00eddeo registra momento dram\u00e1tico enquanto aguardavam resgate pelo 14\u00ba andar.<\/p>\n<p>Opera\u00e7\u00e3o bem-sucedida; n\u00e3o houve ferimentos graves. Equipados com &#8216;linha de vida&#8217;, comumente usado em alturas, os trabalhadores receberam atendimento no local e optaram por n\u00e3o ir ao hospital.<\/p>\n<div style=\"width: 848px;\" class=\"wp-video\"><video class=\"wp-video-shortcode\" id=\"video-116138-1\" width=\"848\" height=\"478\" preload=\"metadata\" controls=\"controls\"><source type=\"video\/mp4\" src=\"https:\/\/redenoticiaz.com.br\/barretos-regiao\/wp-content\/uploads\/sites\/4\/2024\/03\/Video-do-WhatsApp-de-2024-03-14-as-16.59.05_d5fe7155.mp4?_=1\" \/><a href=\"https:\/\/redenoticiaz.com.br\/barretos-regiao\/wp-content\/uploads\/sites\/4\/2024\/03\/Video-do-WhatsApp-de-2024-03-14-as-16.59.05_d5fe7155.mp4\">https:\/\/redenoticiaz.com.br\/barretos-regiao\/wp-content\/uploads\/sites\/4\/2024\/03\/Video-do-WhatsApp-de-2024-03-14-as-16.59.05_d5fe7155.mp4<\/a><\/video><\/div>\n<p>LEIA MAIS<\/p>\n<p><a href=\"https:\/\/redenoticiaz.com.br\/blog\/2024\/03\/13\/video-onibus-sao-incendiados-em-santos\">V\u00cdDEO \u2013 \u00d4nibus s\u00e3o incendiados em Santos<\/a><\/p>\n<p><a href=\"https:\/\/redenoticiaz.com.br\/blog\/2024\/03\/14\/tik-toker-de-29-anos-deu-10-facadas-em-sua-ex-namorada-diz-policia\">Tik Toker de 29 anos deu 10 facadas em sua ex-namorada, diz pol\u00edcia<\/a><\/p>\n","protected":false},"excerpt":{"rendered":"<p>Dois trabalhadores ficaram pendurados ap\u00f3s cabo de andaime se soltar do 15\u00ba andar de pr\u00e9dio em Itapema, Santa Catarina. V\u00eddeo registra momento dram\u00e1tico enquanto aguardavam resgate pelo 14\u00ba andar. Opera\u00e7\u00e3o bem-sucedida; n\u00e3o houve ferimentos graves. Equipados com &#8216;linha de vida&#8217;, comumente usado em alturas, os trabalhadores receberam atendimento no local e optaram por n\u00e3o ir &hellip;<\/p>\n","protected":false},"author":30,"featured_media":116139,"comment_status":"open","ping_status":"closed","sticky":false,"template":"","format":"standard","meta":{"footnotes":""},"categories":[88],"tags":[21203,8545],"class_list":["post-116138","post","type-post","status-publish","format-standard","has-post-thumbnail","hentry","category-policia","tag-predio","tag-trabalhadores"],"yoast_head":"<!-- This site is optimized with the Yoast SEO plugin v27.4 - https:\/\/yoast.com\/product\/yoast-seo-wordpress\/ -->\n<title>V\u00cdDEO &#8211; Trabalhadores ficam pendurados ap\u00f3s cabo de andaime se soltar do 15\u00ba andar de pr\u00e9dio - Ribeir\u00e3o Preto e Regi\u00e3o<\/title>\n<meta name=\"description\" content=\"Dois trabalhadores ficaram pendurados ap\u00f3s cabo de andaime se soltar do 15\u00ba andar de pr\u00e9dio em Itapema, Santa Catarina.\" \/>\n<meta name=\"robots\" content=\"index, follow, max-snippet:-1, max-image-preview:large, max-video-preview:-1\" \/>\n<link rel=\"canonical\" href=\"https:\/\/redenoticiaz.com.br\/ribeiraopreto-regiao\/sp\/2024\/03\/14\/video-trabalhadores-ficam-pendurados-apos-cabo-de-andaime-se-soltar-do-15o-andar-de-predio\" \/>\n<meta property=\"og:locale\" content=\"pt_BR\" \/>\n<meta property=\"og:type\" content=\"article\" \/>\n<meta property=\"og:title\" content=\"V\u00cdDEO &#8211; Trabalhadores ficam pendurados ap\u00f3s cabo de andaime se soltar do 15\u00ba andar de pr\u00e9dio - Ribeir\u00e3o Preto e Regi\u00e3o\" \/>\n<meta property=\"og:description\" content=\"Dois trabalhadores ficaram pendurados ap\u00f3s cabo de andaime se soltar do 15\u00ba andar de pr\u00e9dio em Itapema, Santa Catarina.\" \/>\n<meta property=\"og:url\" content=\"https:\/\/redenoticiaz.com.br\/ribeiraopreto-regiao\/sp\/2024\/03\/14\/video-trabalhadores-ficam-pendurados-apos-cabo-de-andaime-se-soltar-do-15o-andar-de-predio\" \/>\n<meta property=\"og:site_name\" content=\"Ribeir\u00e3o Preto e Regi\u00e3o\" \/>\n<meta property=\"article:publisher\" content=\"https:\/\/m.facebook.com\/redenoticiaz.barretos\" \/>\n<meta property=\"article:published_time\" content=\"2024-03-14T20:03:40+00:00\" \/>\n<meta property=\"article:modified_time\" content=\"2024-03-14T20:07:47+00:00\" \/>\n<meta property=\"og:image\" content=\"https:\/\/redenoticiaz.com.br\/ribeiraopreto-regiao\/wp-content\/uploads\/sites\/4\/2024\/03\/Captura-de-tela-2024-03-14-165851.jpg?v=1710446567\" \/>\n\t<meta property=\"og:image:width\" content=\"632\" \/>\n\t<meta property=\"og:image:height\" content=\"360\" \/>\n\t<meta property=\"og:image:type\" content=\"image\/jpeg\" \/>\n<meta name=\"author\" content=\"Carina Reifonas\" \/>\n<meta name=\"twitter:card\" content=\"summary_large_image\" \/>\n<meta name=\"twitter:creator\" content=\"@RN_barretos\" \/>\n<meta name=\"twitter:site\" content=\"@RN_barretos\" \/>\n<meta name=\"twitter:label1\" content=\"Escrito por\" \/>\n\t<meta name=\"twitter:data1\" content=\"Carina Reifonas\" \/>\n\t<meta name=\"twitter:label2\" content=\"Est. tempo de leitura\" \/>\n\t<meta name=\"twitter:data2\" content=\"1 minuto\" \/>\n<script type=\"application\/ld+json\" class=\"yoast-schema-graph\">{\"@context\":\"https:\\\/\\\/schema.org\",\"@graph\":[{\"@type\":\"Article\",\"@id\":\"https:\\\/\\\/redenoticiaz.com.br\\\/ribeiraopreto-regiao\\\/sp\\\/2024\\\/03\\\/14\\\/video-trabalhadores-ficam-pendurados-apos-cabo-de-andaime-se-soltar-do-15o-andar-de-predio#article\",\"isPartOf\":{\"@id\":\"https:\\\/\\\/redenoticiaz.com.br\\\/ribeiraopreto-regiao\\\/sp\\\/2024\\\/03\\\/14\\\/video-trabalhadores-ficam-pendurados-apos-cabo-de-andaime-se-soltar-do-15o-andar-de-predio\"},\"author\":{\"name\":\"Carina Reifonas\",\"@id\":\"https:\\\/\\\/redenoticiaz.com.br\\\/ribeiraopreto-regiao\\\/#\\\/schema\\\/person\\\/1f84d6e94e6a62d2d81199d7503e9e90\"},\"headline\":\"V\u00cdDEO &#8211; Trabalhadores ficam pendurados ap\u00f3s cabo de andaime se soltar do 15\u00ba andar de pr\u00e9dio\",\"datePublished\":\"2024-03-14T20:03:40+00:00\",\"dateModified\":\"2024-03-14T20:07:47+00:00\",\"mainEntityOfPage\":{\"@id\":\"https:\\\/\\\/redenoticiaz.com.br\\\/ribeiraopreto-regiao\\\/sp\\\/2024\\\/03\\\/14\\\/video-trabalhadores-ficam-pendurados-apos-cabo-de-andaime-se-soltar-do-15o-andar-de-predio\"},\"wordCount\":121,\"commentCount\":0,\"publisher\":{\"@id\":\"https:\\\/\\\/redenoticiaz.com.br\\\/ribeiraopreto-regiao\\\/#organization\"},\"image\":{\"@id\":\"https:\\\/\\\/redenoticiaz.com.br\\\/ribeiraopreto-regiao\\\/sp\\\/2024\\\/03\\\/14\\\/video-trabalhadores-ficam-pendurados-apos-cabo-de-andaime-se-soltar-do-15o-andar-de-predio#primaryimage\"},\"thumbnailUrl\":\"https:\\\/\\\/redenoticiaz.com.br\\\/ribeiraopreto-regiao\\\/wp-content\\\/uploads\\\/sites\\\/4\\\/2024\\\/03\\\/Captura-de-tela-2024-03-14-165851.jpg?v=1710446567\",\"keywords\":[\"PR\u00c9DIO\",\"trabalhadores\"],\"articleSection\":[\"Pol\u00edcia\"],\"inLanguage\":\"pt-BR\",\"potentialAction\":[{\"@type\":\"CommentAction\",\"name\":\"Comment\",\"target\":[\"https:\\\/\\\/redenoticiaz.com.br\\\/ribeiraopreto-regiao\\\/sp\\\/2024\\\/03\\\/14\\\/video-trabalhadores-ficam-pendurados-apos-cabo-de-andaime-se-soltar-do-15o-andar-de-predio#respond\"]}]},{\"@type\":\"WebPage\",\"@id\":\"https:\\\/\\\/redenoticiaz.com.br\\\/ribeiraopreto-regiao\\\/sp\\\/2024\\\/03\\\/14\\\/video-trabalhadores-ficam-pendurados-apos-cabo-de-andaime-se-soltar-do-15o-andar-de-predio\",\"url\":\"https:\\\/\\\/redenoticiaz.com.br\\\/ribeiraopreto-regiao\\\/sp\\\/2024\\\/03\\\/14\\\/video-trabalhadores-ficam-pendurados-apos-cabo-de-andaime-se-soltar-do-15o-andar-de-predio\",\"name\":\"V\u00cdDEO &#8211; Trabalhadores ficam pendurados ap\u00f3s cabo de andaime se soltar do 15\u00ba andar de pr\u00e9dio - Ribeir\u00e3o Preto e Regi\u00e3o\",\"isPartOf\":{\"@id\":\"https:\\\/\\\/redenoticiaz.com.br\\\/ribeiraopreto-regiao\\\/#website\"},\"primaryImageOfPage\":{\"@id\":\"https:\\\/\\\/redenoticiaz.com.br\\\/ribeiraopreto-regiao\\\/sp\\\/2024\\\/03\\\/14\\\/video-trabalhadores-ficam-pendurados-apos-cabo-de-andaime-se-soltar-do-15o-andar-de-predio#primaryimage\"},\"image\":{\"@id\":\"https:\\\/\\\/redenoticiaz.com.br\\\/ribeiraopreto-regiao\\\/sp\\\/2024\\\/03\\\/14\\\/video-trabalhadores-ficam-pendurados-apos-cabo-de-andaime-se-soltar-do-15o-andar-de-predio#primaryimage\"},\"thumbnailUrl\":\"https:\\\/\\\/redenoticiaz.com.br\\\/ribeiraopreto-regiao\\\/wp-content\\\/uploads\\\/sites\\\/4\\\/2024\\\/03\\\/Captura-de-tela-2024-03-14-165851.jpg?v=1710446567\",\"datePublished\":\"2024-03-14T20:03:40+00:00\",\"dateModified\":\"2024-03-14T20:07:47+00:00\",\"description\":\"Dois trabalhadores ficaram pendurados ap\u00f3s cabo de andaime se soltar do 15\u00ba andar de pr\u00e9dio em Itapema, Santa Catarina.\",\"inLanguage\":\"pt-BR\",\"potentialAction\":[{\"@type\":\"ReadAction\",\"target\":[\"https:\\\/\\\/redenoticiaz.com.br\\\/ribeiraopreto-regiao\\\/sp\\\/2024\\\/03\\\/14\\\/video-trabalhadores-ficam-pendurados-apos-cabo-de-andaime-se-soltar-do-15o-andar-de-predio\"]}]},{\"@type\":\"ImageObject\",\"inLanguage\":\"pt-BR\",\"@id\":\"https:\\\/\\\/redenoticiaz.com.br\\\/ribeiraopreto-regiao\\\/sp\\\/2024\\\/03\\\/14\\\/video-trabalhadores-ficam-pendurados-apos-cabo-de-andaime-se-soltar-do-15o-andar-de-predio#primaryimage\",\"url\":\"https:\\\/\\\/redenoticiaz.com.br\\\/ribeiraopreto-regiao\\\/wp-content\\\/uploads\\\/sites\\\/4\\\/2024\\\/03\\\/Captura-de-tela-2024-03-14-165851.jpg?v=1710446567\",\"contentUrl\":\"https:\\\/\\\/redenoticiaz.com.br\\\/ribeiraopreto-regiao\\\/wp-content\\\/uploads\\\/sites\\\/4\\\/2024\\\/03\\\/Captura-de-tela-2024-03-14-165851.jpg?v=1710446567\",\"width\":632,\"height\":360},{\"@type\":\"WebSite\",\"@id\":\"https:\\\/\\\/redenoticiaz.com.br\\\/ribeiraopreto-regiao\\\/#website\",\"url\":\"https:\\\/\\\/redenoticiaz.com.br\\\/ribeiraopreto-regiao\\\/\",\"name\":\"Ribeir\u00e3o Preto e Regi\u00e3o\",\"description\":\"Rede NoticiaZ - Ribeir\u00e3o Preto e regi\u00e3o\",\"publisher\":{\"@id\":\"https:\\\/\\\/redenoticiaz.com.br\\\/ribeiraopreto-regiao\\\/#organization\"},\"potentialAction\":[{\"@type\":\"SearchAction\",\"target\":{\"@type\":\"EntryPoint\",\"urlTemplate\":\"https:\\\/\\\/redenoticiaz.com.br\\\/ribeiraopreto-regiao\\\/?s={search_term_string}\"},\"query-input\":{\"@type\":\"PropertyValueSpecification\",\"valueRequired\":true,\"valueName\":\"search_term_string\"}}],\"inLanguage\":\"pt-BR\"},{\"@type\":\"Organization\",\"@id\":\"https:\\\/\\\/redenoticiaz.com.br\\\/ribeiraopreto-regiao\\\/#organization\",\"name\":\"Ribeir\u00e3o Preto e Regi\u00e3o\",\"url\":\"https:\\\/\\\/redenoticiaz.com.br\\\/ribeiraopreto-regiao\\\/\",\"logo\":{\"@type\":\"ImageObject\",\"inLanguage\":\"pt-BR\",\"@id\":\"https:\\\/\\\/redenoticiaz.com.br\\\/ribeiraopreto-regiao\\\/#\\\/schema\\\/logo\\\/image\\\/\",\"url\":\"https:\\\/\\\/redenoticiaz.com.br\\\/barretos-regiao\\\/wp-content\\\/uploads\\\/sites\\\/4\\\/2022\\\/02\\\/logo.jpg\",\"contentUrl\":\"https:\\\/\\\/redenoticiaz.com.br\\\/barretos-regiao\\\/wp-content\\\/uploads\\\/sites\\\/4\\\/2022\\\/02\\\/logo.jpg\",\"width\":400,\"height\":250,\"caption\":\"Ribeir\u00e3o Preto e Regi\u00e3o\"},\"image\":{\"@id\":\"https:\\\/\\\/redenoticiaz.com.br\\\/ribeiraopreto-regiao\\\/#\\\/schema\\\/logo\\\/image\\\/\"},\"sameAs\":[\"https:\\\/\\\/m.facebook.com\\\/redenoticiaz.barretos\",\"https:\\\/\\\/x.com\\\/RN_barretos\",\"https:\\\/\\\/www.instagram.com\\\/redenoticiaz.barretos\\\/?igshid=YmMyMTA2M2Y\",\"https:\\\/\\\/www.linkedin.com\\\/company\\\/rede-noticiaz-barretos-e-regio\\\/\"]},{\"@type\":\"Person\",\"@id\":\"https:\\\/\\\/redenoticiaz.com.br\\\/ribeiraopreto-regiao\\\/#\\\/schema\\\/person\\\/1f84d6e94e6a62d2d81199d7503e9e90\",\"name\":\"Carina Reifonas\",\"image\":{\"@type\":\"ImageObject\",\"inLanguage\":\"pt-BR\",\"@id\":\"https:\\\/\\\/secure.gravatar.com\\\/avatar\\\/04c59859b23696cf867715880f81d5c037e60109730bdb4e6670ec2a2245bc97?s=96&d=mm&r=g\",\"url\":\"https:\\\/\\\/secure.gravatar.com\\\/avatar\\\/04c59859b23696cf867715880f81d5c037e60109730bdb4e6670ec2a2245bc97?s=96&d=mm&r=g\",\"contentUrl\":\"https:\\\/\\\/secure.gravatar.com\\\/avatar\\\/04c59859b23696cf867715880f81d5c037e60109730bdb4e6670ec2a2245bc97?s=96&d=mm&r=g\",\"caption\":\"Carina Reifonas\"},\"url\":\"https:\\\/\\\/redenoticiaz.com.br\\\/ribeiraopreto-regiao\\\/sp\\\/author\\\/carinareifonas\"}]}<\/script>\n<!-- \/ Yoast SEO plugin. -->","yoast_head_json":{"title":"V\u00cdDEO &#8211; Trabalhadores ficam pendurados ap\u00f3s cabo de andaime se soltar do 15\u00ba andar de pr\u00e9dio - Ribeir\u00e3o Preto e Regi\u00e3o","description":"Dois trabalhadores ficaram pendurados ap\u00f3s cabo de andaime se soltar do 15\u00ba andar de pr\u00e9dio em Itapema, Santa Catarina.","robots":{"index":"index","follow":"follow","max-snippet":"max-snippet:-1","max-image-preview":"max-image-preview:large","max-video-preview":"max-video-preview:-1"},"canonical":"https:\/\/redenoticiaz.com.br\/ribeiraopreto-regiao\/sp\/2024\/03\/14\/video-trabalhadores-ficam-pendurados-apos-cabo-de-andaime-se-soltar-do-15o-andar-de-predio","og_locale":"pt_BR","og_type":"article","og_title":"V\u00cdDEO &#8211; Trabalhadores ficam pendurados ap\u00f3s cabo de andaime se soltar do 15\u00ba andar de pr\u00e9dio - Ribeir\u00e3o Preto e Regi\u00e3o","og_description":"Dois trabalhadores ficaram pendurados ap\u00f3s cabo de andaime se soltar do 15\u00ba andar de pr\u00e9dio em Itapema, Santa Catarina.","og_url":"https:\/\/redenoticiaz.com.br\/ribeiraopreto-regiao\/sp\/2024\/03\/14\/video-trabalhadores-ficam-pendurados-apos-cabo-de-andaime-se-soltar-do-15o-andar-de-predio","og_site_name":"Ribeir\u00e3o Preto e Regi\u00e3o","article_publisher":"https:\/\/m.facebook.com\/redenoticiaz.barretos","article_published_time":"2024-03-14T20:03:40+00:00","article_modified_time":"2024-03-14T20:07:47+00:00","og_image":[{"width":632,"height":360,"url":"https:\/\/redenoticiaz.com.br\/ribeiraopreto-regiao\/wp-content\/uploads\/sites\/4\/2024\/03\/Captura-de-tela-2024-03-14-165851.jpg?v=1710446567","type":"image\/jpeg"}],"author":"Carina Reifonas","twitter_card":"summary_large_image","twitter_creator":"@RN_barretos","twitter_site":"@RN_barretos","twitter_misc":{"Escrito por":"Carina Reifonas","Est. tempo de leitura":"1 minuto"},"schema":{"@context":"https:\/\/schema.org","@graph":[{"@type":"Article","@id":"https:\/\/redenoticiaz.com.br\/ribeiraopreto-regiao\/sp\/2024\/03\/14\/video-trabalhadores-ficam-pendurados-apos-cabo-de-andaime-se-soltar-do-15o-andar-de-predio#article","isPartOf":{"@id":"https:\/\/redenoticiaz.com.br\/ribeiraopreto-regiao\/sp\/2024\/03\/14\/video-trabalhadores-ficam-pendurados-apos-cabo-de-andaime-se-soltar-do-15o-andar-de-predio"},"author":{"name":"Carina Reifonas","@id":"https:\/\/redenoticiaz.com.br\/ribeiraopreto-regiao\/#\/schema\/person\/1f84d6e94e6a62d2d81199d7503e9e90"},"headline":"V\u00cdDEO &#8211; Trabalhadores ficam pendurados ap\u00f3s cabo de andaime se soltar do 15\u00ba andar de pr\u00e9dio","datePublished":"2024-03-14T20:03:40+00:00","dateModified":"2024-03-14T20:07:47+00:00","mainEntityOfPage":{"@id":"https:\/\/redenoticiaz.com.br\/ribeiraopreto-regiao\/sp\/2024\/03\/14\/video-trabalhadores-ficam-pendurados-apos-cabo-de-andaime-se-soltar-do-15o-andar-de-predio"},"wordCount":121,"commentCount":0,"publisher":{"@id":"https:\/\/redenoticiaz.com.br\/ribeiraopreto-regiao\/#organization"},"image":{"@id":"https:\/\/redenoticiaz.com.br\/ribeiraopreto-regiao\/sp\/2024\/03\/14\/video-trabalhadores-ficam-pendurados-apos-cabo-de-andaime-se-soltar-do-15o-andar-de-predio#primaryimage"},"thumbnailUrl":"https:\/\/redenoticiaz.com.br\/ribeiraopreto-regiao\/wp-content\/uploads\/sites\/4\/2024\/03\/Captura-de-tela-2024-03-14-165851.jpg?v=1710446567","keywords":["PR\u00c9DIO","trabalhadores"],"articleSection":["Pol\u00edcia"],"inLanguage":"pt-BR","potentialAction":[{"@type":"CommentAction","name":"Comment","target":["https:\/\/redenoticiaz.com.br\/ribeiraopreto-regiao\/sp\/2024\/03\/14\/video-trabalhadores-ficam-pendurados-apos-cabo-de-andaime-se-soltar-do-15o-andar-de-predio#respond"]}]},{"@type":"WebPage","@id":"https:\/\/redenoticiaz.com.br\/ribeiraopreto-regiao\/sp\/2024\/03\/14\/video-trabalhadores-ficam-pendurados-apos-cabo-de-andaime-se-soltar-do-15o-andar-de-predio","url":"https:\/\/redenoticiaz.com.br\/ribeiraopreto-regiao\/sp\/2024\/03\/14\/video-trabalhadores-ficam-pendurados-apos-cabo-de-andaime-se-soltar-do-15o-andar-de-predio","name":"V\u00cdDEO &#8211; Trabalhadores ficam pendurados ap\u00f3s cabo de andaime se soltar do 15\u00ba andar de pr\u00e9dio - Ribeir\u00e3o Preto e Regi\u00e3o","isPartOf":{"@id":"https:\/\/redenoticiaz.com.br\/ribeiraopreto-regiao\/#website"},"primaryImageOfPage":{"@id":"https:\/\/redenoticiaz.com.br\/ribeiraopreto-regiao\/sp\/2024\/03\/14\/video-trabalhadores-ficam-pendurados-apos-cabo-de-andaime-se-soltar-do-15o-andar-de-predio#primaryimage"},"image":{"@id":"https:\/\/redenoticiaz.com.br\/ribeiraopreto-regiao\/sp\/2024\/03\/14\/video-trabalhadores-ficam-pendurados-apos-cabo-de-andaime-se-soltar-do-15o-andar-de-predio#primaryimage"},"thumbnailUrl":"https:\/\/redenoticiaz.com.br\/ribeiraopreto-regiao\/wp-content\/uploads\/sites\/4\/2024\/03\/Captura-de-tela-2024-03-14-165851.jpg?v=1710446567","datePublished":"2024-03-14T20:03:40+00:00","dateModified":"2024-03-14T20:07:47+00:00","description":"Dois trabalhadores ficaram pendurados ap\u00f3s cabo de andaime se soltar do 15\u00ba andar de pr\u00e9dio em Itapema, Santa Catarina.","inLanguage":"pt-BR","potentialAction":[{"@type":"ReadAction","target":["https:\/\/redenoticiaz.com.br\/ribeiraopreto-regiao\/sp\/2024\/03\/14\/video-trabalhadores-ficam-pendurados-apos-cabo-de-andaime-se-soltar-do-15o-andar-de-predio"]}]},{"@type":"ImageObject","inLanguage":"pt-BR","@id":"https:\/\/redenoticiaz.com.br\/ribeiraopreto-regiao\/sp\/2024\/03\/14\/video-trabalhadores-ficam-pendurados-apos-cabo-de-andaime-se-soltar-do-15o-andar-de-predio#primaryimage","url":"https:\/\/redenoticiaz.com.br\/ribeiraopreto-regiao\/wp-content\/uploads\/sites\/4\/2024\/03\/Captura-de-tela-2024-03-14-165851.jpg?v=1710446567","contentUrl":"https:\/\/redenoticiaz.com.br\/ribeiraopreto-regiao\/wp-content\/uploads\/sites\/4\/2024\/03\/Captura-de-tela-2024-03-14-165851.jpg?v=1710446567","width":632,"height":360},{"@type":"WebSite","@id":"https:\/\/redenoticiaz.com.br\/ribeiraopreto-regiao\/#website","url":"https:\/\/redenoticiaz.com.br\/ribeiraopreto-regiao\/","name":"Ribeir\u00e3o Preto e Regi\u00e3o","description":"Rede NoticiaZ - Ribeir\u00e3o Preto e regi\u00e3o","publisher":{"@id":"https:\/\/redenoticiaz.com.br\/ribeiraopreto-regiao\/#organization"},"potentialAction":[{"@type":"SearchAction","target":{"@type":"EntryPoint","urlTemplate":"https:\/\/redenoticiaz.com.br\/ribeiraopreto-regiao\/?s={search_term_string}"},"query-input":{"@type":"PropertyValueSpecification","valueRequired":true,"valueName":"search_term_string"}}],"inLanguage":"pt-BR"},{"@type":"Organization","@id":"https:\/\/redenoticiaz.com.br\/ribeiraopreto-regiao\/#organization","name":"Ribeir\u00e3o Preto e Regi\u00e3o","url":"https:\/\/redenoticiaz.com.br\/ribeiraopreto-regiao\/","logo":{"@type":"ImageObject","inLanguage":"pt-BR","@id":"https:\/\/redenoticiaz.com.br\/ribeiraopreto-regiao\/#\/schema\/logo\/image\/","url":"https:\/\/redenoticiaz.com.br\/barretos-regiao\/wp-content\/uploads\/sites\/4\/2022\/02\/logo.jpg","contentUrl":"https:\/\/redenoticiaz.com.br\/barretos-regiao\/wp-content\/uploads\/sites\/4\/2022\/02\/logo.jpg","width":400,"height":250,"caption":"Ribeir\u00e3o Preto e Regi\u00e3o"},"image":{"@id":"https:\/\/redenoticiaz.com.br\/ribeiraopreto-regiao\/#\/schema\/logo\/image\/"},"sameAs":["https:\/\/m.facebook.com\/redenoticiaz.barretos","https:\/\/x.com\/RN_barretos","https:\/\/www.instagram.com\/redenoticiaz.barretos\/?igshid=YmMyMTA2M2Y","https:\/\/www.linkedin.com\/company\/rede-noticiaz-barretos-e-regio\/"]},{"@type":"Person","@id":"https:\/\/redenoticiaz.com.br\/ribeiraopreto-regiao\/#\/schema\/person\/1f84d6e94e6a62d2d81199d7503e9e90","name":"Carina Reifonas","image":{"@type":"ImageObject","inLanguage":"pt-BR","@id":"https:\/\/secure.gravatar.com\/avatar\/04c59859b23696cf867715880f81d5c037e60109730bdb4e6670ec2a2245bc97?s=96&d=mm&r=g","url":"https:\/\/secure.gravatar.com\/avatar\/04c59859b23696cf867715880f81d5c037e60109730bdb4e6670ec2a2245bc97?s=96&d=mm&r=g","contentUrl":"https:\/\/secure.gravatar.com\/avatar\/04c59859b23696cf867715880f81d5c037e60109730bdb4e6670ec2a2245bc97?s=96&d=mm&r=g","caption":"Carina Reifonas"},"url":"https:\/\/redenoticiaz.com.br\/ribeiraopreto-regiao\/sp\/author\/carinareifonas"}]}},"_links":{"self":[{"href":"https:\/\/redenoticiaz.com.br\/ribeiraopreto-regiao\/wp-json\/wp\/v2\/posts\/116138","targetHints":{"allow":["GET"]}}],"collection":[{"href":"https:\/\/redenoticiaz.com.br\/ribeiraopreto-regiao\/wp-json\/wp\/v2\/posts"}],"about":[{"href":"https:\/\/redenoticiaz.com.br\/ribeiraopreto-regiao\/wp-json\/wp\/v2\/types\/post"}],"author":[{"embeddable":true,"href":"https:\/\/redenoticiaz.com.br\/ribeiraopreto-regiao\/wp-json\/wp\/v2\/users\/30"}],"replies":[{"embeddable":true,"href":"https:\/\/redenoticiaz.com.br\/ribeiraopreto-regiao\/wp-json\/wp\/v2\/comments?post=116138"}],"version-history":[{"count":1,"href":"https:\/\/redenoticiaz.com.br\/ribeiraopreto-regiao\/wp-json\/wp\/v2\/posts\/116138\/revisions"}],"predecessor-version":[{"id":116141,"href":"https:\/\/redenoticiaz.com.br\/ribeiraopreto-regiao\/wp-json\/wp\/v2\/posts\/116138\/revisions\/116141"}],"wp:featuredmedia":[{"embeddable":true,"href":"https:\/\/redenoticiaz.com.br\/ribeiraopreto-regiao\/wp-json\/wp\/v2\/media\/116139"}],"wp:attachment":[{"href":"https:\/\/redenoticiaz.com.br\/ribeiraopreto-regiao\/wp-json\/wp\/v2\/media?parent=116138"}],"wp:term":[{"taxonomy":"category","embeddable":true,"href":"https:\/\/redenoticiaz.com.br\/ribeiraopreto-regiao\/wp-json\/wp\/v2\/categories?post=116138"},{"taxonomy":"post_tag","embeddable":true,"href":"https:\/\/redenoticiaz.com.br\/ribeiraopreto-regiao\/wp-json\/wp\/v2\/tags?post=116138"}],"curies":[{"name":"wp","href":"https:\/\/api.w.org\/{rel}","templated":true}]}}