{"id":116251,"date":"2024-03-23T10:00:23","date_gmt":"2024-03-23T13:00:23","guid":{"rendered":"https:\/\/redenoticiaz.com.br\/barretos-regiao\/?p=116251"},"modified":"2024-03-19T17:30:31","modified_gmt":"2024-03-19T20:30:31","slug":"agua-mineral-beneficios-vao-muito-alem-da-hidratacao","status":"publish","type":"post","link":"https:\/\/redenoticiaz.com.br\/ribeiraopreto-regiao\/sp\/2024\/03\/23\/agua-mineral-beneficios-vao-muito-alem-da-hidratacao","title":{"rendered":"\u00c1gua mineral: benef\u00edcios v\u00e3o muito al\u00e9m da hidrata\u00e7\u00e3o"},"content":{"rendered":"<p>Mesmo os alunos menos ass\u00edduos \u00e0s aulas de qu\u00edmica sabem que H2O \u00e9 a f\u00f3rmula da \u00e1gua. Nem todos, por\u00e9m, estudantes ou n\u00e3o, conhecem seus benef\u00edcios para o organismo. A falta de \u00e1gua pode, por exemplo, levar \u00e0 desidrata\u00e7\u00e3o, e como consequ\u00eancia severa, afetar a atividade cerebral e o funcionamento do sistema nervoso. Da mesma forma que a natural, a \u00e1gua mineral cumpre a fun\u00e7\u00e3o de saciar a sede. No entanto, por trazer em sua composi\u00e7\u00e3o um aporte de nutrientes, desempenha um papel ainda mais efetivo para a sa\u00fade.<\/p>\n<p>Cerca de 70% do corpo humano \u00e9 composto por \u00e1gua. N\u00e3o por acaso, o bom funcionamento do organismo depende da ingest\u00e3o de \u00e1gua em dosagem adequada. Segundo a OMS (Organiza\u00e7\u00e3o Mundial da Sa\u00fade), s\u00e3o necess\u00e1rios 35 ml di\u00e1rios para cada quilo corporal. No f\u00edgado se concentra a maior quantidade de \u00e1gua do organismo (86%), seguido pelos pulm\u00f5es (83%), rins e m\u00fasculos (79%) c\u00e9rebro e cora\u00e7\u00e3o (73%), pele (64%) e ossos (31%). A \u00e1gua tamb\u00e9m \u00e9 um importante componente do plasma sangu\u00edneo, respondendo pelo transporte de nutrientes, oxig\u00eanio e sais minerais para as c\u00e9lulas.<\/p>\n<p>A redu\u00e7\u00e3o de 10% da \u00e1gua corporal, por n\u00e3o ingest\u00e3o do l\u00edquido, acarreta diminui\u00e7\u00e3o do volume sangu\u00edneo, preju\u00edzos para a fun\u00e7\u00e3o renal, para regular a temperatura do corpo, fraqueza, tontura, n\u00e1useas, dor de cabe\u00e7a, entre outras consequ\u00eancias. Segundo especialista, a diminui\u00e7\u00e3o de 20% pode levar \u00e0 morte.<\/p>\n<p>A \u00e1gua mineral natural, classificada como min\u00e9rio, curiosamente \u00e9 o \u00fanico de fonte renov\u00e1vel. \u201cIsso porque ela faz parte do ciclo hidrol\u00f3gico, ou seja, \u00e9 chuva de muitos anos atr\u00e1s infiltrada em rochas, que no interior solo passa por um processo de purifica\u00e7\u00e3o e em seu percurso vai sendo acrescida de sais minerais\u201d, explica Cesar Dib, CEO da Lindoya Ver\u00e3o. \u201cEsses sais s\u00e3o um DNA e definem caracter\u00edsticas f\u00edsico-qu\u00edmicas diferentes para cada \u00e1gua mineral\u201d, destaca.<\/p>\n<p>No Pa\u00eds, h\u00e1 cerca de 700 fontes de \u00e1guas minerais naturais. Todas as \u00e1reas de prote\u00e7\u00e3o destas fontes somadas correspondem a um territ\u00f3rio maior que o Estado de Sergipe. \u201cEnquanto muitos pa\u00edses n\u00e3o possuem reservas, empresas brasileiras, como a Lindoya Ver\u00e3o, gozam deste privil\u00e9gio e engarrafam a \u00e1gua mineral sem a necessidade de qualquer tratamento artificial\u201d, destaca.<\/p>\n<p>A parcela de \u00e1gua mineral do Brasil corresponde a mais de 90% do mercado de \u00e1guas engarrafadas. \u201cManter este patrim\u00f4nio ambiental natural \u00e9 imperativo para que as ind\u00fastrias do setor continuem mantendo suas reservas\u201d, diz. O C\u00f3digo de \u00c1guas Minerais, que vigora desde 1945 no Pa\u00eds, espelha-se em legisla\u00e7\u00f5es europeias e determina a prote\u00e7\u00e3o das fontes. \u201cNossa \u00e1gua mineral \u00e9 uma riqueza para o Planeta e tem qualidade para contribuir para a sa\u00fade da popula\u00e7\u00e3o\u201d, completa Dib.<\/p>\n<p>A \u00e1gua mineral comercializada pela Lindoya Ver\u00e3o desde 1951, \u00e9 natural de fontes da Serra da Mantiqueira, no interior de S\u00e3o Paulo. Em cada garrafa de \u00e1gua, predominam nutrientes como bicarbonato, c\u00e1lcio, s\u00f3dio, magn\u00e9sio, pot\u00e1ssio.<\/p>\n<p>O s\u00f3dio \u00e9 um componente essencial e contribui para a normalidade do equil\u00edbrio h\u00eddrico do organismo. Este macronutriente tem papel importante na fun\u00e7\u00e3o normal de nervos e m\u00fasculos.<\/p>\n<p>Com a\u00e7\u00e3o preventiva, a ingest\u00e3o de pot\u00e1ssio pode diminuir o risco de hipertens\u00e3o. Tem ainda a\u00e7\u00e3o ben\u00e9fica sobre o controle da glicose, limitando o risco de desenvolvimento da diabetes, ajuda na forma\u00e7\u00e3o de m\u00fasculos e equilibra as fun\u00e7\u00f5es do sistema nervoso.<\/p>\n<p>O magn\u00e9sio desempenha importantes pap\u00e9is, entre eles regular a fun\u00e7\u00e3o nervosa, aliviar dores musculares, prevenir a osteoporose, aliviar a azia e controlar os n\u00edveis de a\u00e7\u00facar no sangue.<\/p>\n<p>O c\u00e1lcio atua na mineraliza\u00e7\u00e3o do esqueleto e \u00e9 requisito para o crescimento e desenvolvimento saud\u00e1vel dos ossos. A defici\u00eancia de c\u00e1lcio e vitamina D no organismo pode levar ao raquitismo, na popula\u00e7\u00e3o jovem, e \u00e0 osteoporose, nos adultos.<\/p>\n<p>Sobre a a\u00e7\u00e3o do bicarbonato, v\u00e1rios estudos indicam o efeito positivo no trato digestivo, neutralizando a secre\u00e7\u00e3o \u00e1cida e aumentando o pH.<\/p>\n<p>De acordo com o CEO da Lindoya Ver\u00e3o, para oferecer um produto de qualidade, cada vez mais apreciado pelo brasileiro, \u00e9 fundamental que as empresas respeitem o ciclo hidrol\u00f3gico da \u00e1gua mineral. \u201cIsso faz com que o produto n\u00e3o seja alterado em suas caracter\u00edsticas naturais e de pureza, o que se reverte em benef\u00edcios para a sa\u00fade de quem o consome\u201d, conclui Cesar Dib.<\/p>\n<p>LEIA MAIS<\/p>\n<p><a href=\"https:\/\/redenoticiaz.com.br\/blog\/2024\/03\/16\/saude-anuncia-r-30-milhoes-para-ampliacao-do-teste-do-pezinho\" target=\"_blank\" rel=\"noopener\">Sa\u00fade anuncia R$ 30 milh\u00f5es para amplia\u00e7\u00e3o do teste do pezinho<\/a><\/p>\n<p><a href=\"https:\/\/redenoticiaz.com.br\/blog\/2023\/05\/21\/conheca-a-bebida-hidrotonica-que-promete-revolucionar-a-hidratacao\" target=\"_blank\" rel=\"noopener\">Conhe\u00e7a a bebida hidrot\u00f4nica que promete revolucionar a hidrata\u00e7\u00e3o<\/a><\/p>\n","protected":false},"excerpt":{"rendered":"<p>Mesmo os alunos menos ass\u00edduos \u00e0s aulas de qu\u00edmica sabem que H2O \u00e9 a f\u00f3rmula da \u00e1gua. Nem todos, por\u00e9m, estudantes ou n\u00e3o, conhecem seus benef\u00edcios para o organismo. A falta de \u00e1gua pode, por exemplo, levar \u00e0 desidrata\u00e7\u00e3o, e como consequ\u00eancia severa, afetar a atividade cerebral e o funcionamento do sistema nervoso. Da mesma &hellip;<\/p>\n","protected":false},"author":30,"featured_media":116252,"comment_status":"open","ping_status":"closed","sticky":false,"template":"","format":"standard","meta":{"footnotes":""},"categories":[129],"tags":[3172,22807],"class_list":["post-116251","post","type-post","status-publish","format-standard","has-post-thumbnail","hentry","category-saude","tag-agua","tag-hidratacao"],"yoast_head":"<!-- This site is optimized with the Yoast SEO plugin v27.4 - https:\/\/yoast.com\/product\/yoast-seo-wordpress\/ -->\n<title>\u00c1gua mineral: benef\u00edcios v\u00e3o muito al\u00e9m da hidrata\u00e7\u00e3o - Ribeir\u00e3o Preto e Regi\u00e3o<\/title>\n<meta name=\"description\" content=\"A falta de \u00e1gua pode, por exemplo, levar \u00e0 desidrata\u00e7\u00e3o, e como consequ\u00eancia severa, afetar a atividade cerebral e o funcionamento do sistema nervoso.\" \/>\n<meta name=\"robots\" content=\"index, follow, max-snippet:-1, max-image-preview:large, max-video-preview:-1\" \/>\n<link rel=\"canonical\" href=\"https:\/\/redenoticiaz.com.br\/ribeiraopreto-regiao\/sp\/2024\/03\/23\/agua-mineral-beneficios-vao-muito-alem-da-hidratacao\" \/>\n<meta property=\"og:locale\" content=\"pt_BR\" \/>\n<meta property=\"og:type\" content=\"article\" \/>\n<meta property=\"og:title\" content=\"\u00c1gua mineral: benef\u00edcios v\u00e3o muito al\u00e9m da hidrata\u00e7\u00e3o - Ribeir\u00e3o Preto e Regi\u00e3o\" \/>\n<meta property=\"og:description\" content=\"A falta de \u00e1gua pode, por exemplo, levar \u00e0 desidrata\u00e7\u00e3o, e como consequ\u00eancia severa, afetar a atividade cerebral e o funcionamento do sistema nervoso.\" \/>\n<meta property=\"og:url\" content=\"https:\/\/redenoticiaz.com.br\/ribeiraopreto-regiao\/sp\/2024\/03\/23\/agua-mineral-beneficios-vao-muito-alem-da-hidratacao\" \/>\n<meta property=\"og:site_name\" content=\"Ribeir\u00e3o Preto e Regi\u00e3o\" \/>\n<meta property=\"article:publisher\" content=\"https:\/\/m.facebook.com\/redenoticiaz.barretos\" \/>\n<meta property=\"article:published_time\" content=\"2024-03-23T13:00:23+00:00\" \/>\n<meta property=\"og:image\" content=\"https:\/\/redenoticiaz.com.br\/ribeiraopreto-regiao\/wp-content\/uploads\/sites\/4\/2024\/03\/portrait-smiling-fitness-woman-earphones-scaled.jpg?v=1710879799\" \/>\n\t<meta property=\"og:image:width\" content=\"1620\" \/>\n\t<meta property=\"og:image:height\" content=\"1080\" \/>\n\t<meta property=\"og:image:type\" content=\"image\/jpeg\" \/>\n<meta name=\"author\" content=\"Carina Reifonas\" \/>\n<meta name=\"twitter:card\" content=\"summary_large_image\" \/>\n<meta name=\"twitter:creator\" content=\"@RN_barretos\" \/>\n<meta name=\"twitter:site\" content=\"@RN_barretos\" \/>\n<meta name=\"twitter:label1\" content=\"Escrito por\" \/>\n\t<meta name=\"twitter:data1\" content=\"Carina Reifonas\" \/>\n\t<meta name=\"twitter:label2\" content=\"Est. tempo de leitura\" \/>\n\t<meta name=\"twitter:data2\" content=\"5 minutos\" \/>\n<script type=\"application\/ld+json\" class=\"yoast-schema-graph\">{\"@context\":\"https:\\\/\\\/schema.org\",\"@graph\":[{\"@type\":\"Article\",\"@id\":\"https:\\\/\\\/redenoticiaz.com.br\\\/ribeiraopreto-regiao\\\/sp\\\/2024\\\/03\\\/23\\\/agua-mineral-beneficios-vao-muito-alem-da-hidratacao#article\",\"isPartOf\":{\"@id\":\"https:\\\/\\\/redenoticiaz.com.br\\\/ribeiraopreto-regiao\\\/sp\\\/2024\\\/03\\\/23\\\/agua-mineral-beneficios-vao-muito-alem-da-hidratacao\"},\"author\":{\"name\":\"Carina Reifonas\",\"@id\":\"https:\\\/\\\/redenoticiaz.com.br\\\/ribeiraopreto-regiao\\\/#\\\/schema\\\/person\\\/1f84d6e94e6a62d2d81199d7503e9e90\"},\"headline\":\"\u00c1gua mineral: benef\u00edcios v\u00e3o muito al\u00e9m da hidrata\u00e7\u00e3o\",\"datePublished\":\"2024-03-23T13:00:23+00:00\",\"mainEntityOfPage\":{\"@id\":\"https:\\\/\\\/redenoticiaz.com.br\\\/ribeiraopreto-regiao\\\/sp\\\/2024\\\/03\\\/23\\\/agua-mineral-beneficios-vao-muito-alem-da-hidratacao\"},\"wordCount\":811,\"commentCount\":0,\"publisher\":{\"@id\":\"https:\\\/\\\/redenoticiaz.com.br\\\/ribeiraopreto-regiao\\\/#organization\"},\"image\":{\"@id\":\"https:\\\/\\\/redenoticiaz.com.br\\\/ribeiraopreto-regiao\\\/sp\\\/2024\\\/03\\\/23\\\/agua-mineral-beneficios-vao-muito-alem-da-hidratacao#primaryimage\"},\"thumbnailUrl\":\"https:\\\/\\\/redenoticiaz.com.br\\\/ribeiraopreto-regiao\\\/wp-content\\\/uploads\\\/sites\\\/4\\\/2024\\\/03\\\/portrait-smiling-fitness-woman-earphones-scaled.jpg?v=1710879799\",\"keywords\":[\"\u00c1GUA\",\"HIDRATA\u00c7\u00c3O\"],\"articleSection\":[\"Sa\u00fade\"],\"inLanguage\":\"pt-BR\",\"potentialAction\":[{\"@type\":\"CommentAction\",\"name\":\"Comment\",\"target\":[\"https:\\\/\\\/redenoticiaz.com.br\\\/ribeiraopreto-regiao\\\/sp\\\/2024\\\/03\\\/23\\\/agua-mineral-beneficios-vao-muito-alem-da-hidratacao#respond\"]}]},{\"@type\":\"WebPage\",\"@id\":\"https:\\\/\\\/redenoticiaz.com.br\\\/ribeiraopreto-regiao\\\/sp\\\/2024\\\/03\\\/23\\\/agua-mineral-beneficios-vao-muito-alem-da-hidratacao\",\"url\":\"https:\\\/\\\/redenoticiaz.com.br\\\/ribeiraopreto-regiao\\\/sp\\\/2024\\\/03\\\/23\\\/agua-mineral-beneficios-vao-muito-alem-da-hidratacao\",\"name\":\"\u00c1gua mineral: benef\u00edcios v\u00e3o muito al\u00e9m da hidrata\u00e7\u00e3o - Ribeir\u00e3o Preto e Regi\u00e3o\",\"isPartOf\":{\"@id\":\"https:\\\/\\\/redenoticiaz.com.br\\\/ribeiraopreto-regiao\\\/#website\"},\"primaryImageOfPage\":{\"@id\":\"https:\\\/\\\/redenoticiaz.com.br\\\/ribeiraopreto-regiao\\\/sp\\\/2024\\\/03\\\/23\\\/agua-mineral-beneficios-vao-muito-alem-da-hidratacao#primaryimage\"},\"image\":{\"@id\":\"https:\\\/\\\/redenoticiaz.com.br\\\/ribeiraopreto-regiao\\\/sp\\\/2024\\\/03\\\/23\\\/agua-mineral-beneficios-vao-muito-alem-da-hidratacao#primaryimage\"},\"thumbnailUrl\":\"https:\\\/\\\/redenoticiaz.com.br\\\/ribeiraopreto-regiao\\\/wp-content\\\/uploads\\\/sites\\\/4\\\/2024\\\/03\\\/portrait-smiling-fitness-woman-earphones-scaled.jpg?v=1710879799\",\"datePublished\":\"2024-03-23T13:00:23+00:00\",\"description\":\"A falta de \u00e1gua pode, por exemplo, levar \u00e0 desidrata\u00e7\u00e3o, e como consequ\u00eancia severa, afetar a atividade cerebral e o funcionamento do sistema nervoso.\",\"inLanguage\":\"pt-BR\",\"potentialAction\":[{\"@type\":\"ReadAction\",\"target\":[\"https:\\\/\\\/redenoticiaz.com.br\\\/ribeiraopreto-regiao\\\/sp\\\/2024\\\/03\\\/23\\\/agua-mineral-beneficios-vao-muito-alem-da-hidratacao\"]}]},{\"@type\":\"ImageObject\",\"inLanguage\":\"pt-BR\",\"@id\":\"https:\\\/\\\/redenoticiaz.com.br\\\/ribeiraopreto-regiao\\\/sp\\\/2024\\\/03\\\/23\\\/agua-mineral-beneficios-vao-muito-alem-da-hidratacao#primaryimage\",\"url\":\"https:\\\/\\\/redenoticiaz.com.br\\\/ribeiraopreto-regiao\\\/wp-content\\\/uploads\\\/sites\\\/4\\\/2024\\\/03\\\/portrait-smiling-fitness-woman-earphones-scaled.jpg?v=1710879799\",\"contentUrl\":\"https:\\\/\\\/redenoticiaz.com.br\\\/ribeiraopreto-regiao\\\/wp-content\\\/uploads\\\/sites\\\/4\\\/2024\\\/03\\\/portrait-smiling-fitness-woman-earphones-scaled.jpg?v=1710879799\",\"width\":1620,\"height\":1080},{\"@type\":\"WebSite\",\"@id\":\"https:\\\/\\\/redenoticiaz.com.br\\\/ribeiraopreto-regiao\\\/#website\",\"url\":\"https:\\\/\\\/redenoticiaz.com.br\\\/ribeiraopreto-regiao\\\/\",\"name\":\"Ribeir\u00e3o Preto e Regi\u00e3o\",\"description\":\"Rede NoticiaZ - Ribeir\u00e3o Preto e regi\u00e3o\",\"publisher\":{\"@id\":\"https:\\\/\\\/redenoticiaz.com.br\\\/ribeiraopreto-regiao\\\/#organization\"},\"potentialAction\":[{\"@type\":\"SearchAction\",\"target\":{\"@type\":\"EntryPoint\",\"urlTemplate\":\"https:\\\/\\\/redenoticiaz.com.br\\\/ribeiraopreto-regiao\\\/?s={search_term_string}\"},\"query-input\":{\"@type\":\"PropertyValueSpecification\",\"valueRequired\":true,\"valueName\":\"search_term_string\"}}],\"inLanguage\":\"pt-BR\"},{\"@type\":\"Organization\",\"@id\":\"https:\\\/\\\/redenoticiaz.com.br\\\/ribeiraopreto-regiao\\\/#organization\",\"name\":\"Ribeir\u00e3o Preto e Regi\u00e3o\",\"url\":\"https:\\\/\\\/redenoticiaz.com.br\\\/ribeiraopreto-regiao\\\/\",\"logo\":{\"@type\":\"ImageObject\",\"inLanguage\":\"pt-BR\",\"@id\":\"https:\\\/\\\/redenoticiaz.com.br\\\/ribeiraopreto-regiao\\\/#\\\/schema\\\/logo\\\/image\\\/\",\"url\":\"https:\\\/\\\/redenoticiaz.com.br\\\/barretos-regiao\\\/wp-content\\\/uploads\\\/sites\\\/4\\\/2022\\\/02\\\/logo.jpg\",\"contentUrl\":\"https:\\\/\\\/redenoticiaz.com.br\\\/barretos-regiao\\\/wp-content\\\/uploads\\\/sites\\\/4\\\/2022\\\/02\\\/logo.jpg\",\"width\":400,\"height\":250,\"caption\":\"Ribeir\u00e3o Preto e Regi\u00e3o\"},\"image\":{\"@id\":\"https:\\\/\\\/redenoticiaz.com.br\\\/ribeiraopreto-regiao\\\/#\\\/schema\\\/logo\\\/image\\\/\"},\"sameAs\":[\"https:\\\/\\\/m.facebook.com\\\/redenoticiaz.barretos\",\"https:\\\/\\\/x.com\\\/RN_barretos\",\"https:\\\/\\\/www.instagram.com\\\/redenoticiaz.barretos\\\/?igshid=YmMyMTA2M2Y\",\"https:\\\/\\\/www.linkedin.com\\\/company\\\/rede-noticiaz-barretos-e-regio\\\/\"]},{\"@type\":\"Person\",\"@id\":\"https:\\\/\\\/redenoticiaz.com.br\\\/ribeiraopreto-regiao\\\/#\\\/schema\\\/person\\\/1f84d6e94e6a62d2d81199d7503e9e90\",\"name\":\"Carina Reifonas\",\"image\":{\"@type\":\"ImageObject\",\"inLanguage\":\"pt-BR\",\"@id\":\"https:\\\/\\\/secure.gravatar.com\\\/avatar\\\/04c59859b23696cf867715880f81d5c037e60109730bdb4e6670ec2a2245bc97?s=96&d=mm&r=g\",\"url\":\"https:\\\/\\\/secure.gravatar.com\\\/avatar\\\/04c59859b23696cf867715880f81d5c037e60109730bdb4e6670ec2a2245bc97?s=96&d=mm&r=g\",\"contentUrl\":\"https:\\\/\\\/secure.gravatar.com\\\/avatar\\\/04c59859b23696cf867715880f81d5c037e60109730bdb4e6670ec2a2245bc97?s=96&d=mm&r=g\",\"caption\":\"Carina Reifonas\"},\"url\":\"https:\\\/\\\/redenoticiaz.com.br\\\/ribeiraopreto-regiao\\\/sp\\\/author\\\/carinareifonas\"}]}<\/script>\n<!-- \/ Yoast SEO plugin. -->","yoast_head_json":{"title":"\u00c1gua mineral: benef\u00edcios v\u00e3o muito al\u00e9m da hidrata\u00e7\u00e3o - Ribeir\u00e3o Preto e Regi\u00e3o","description":"A falta de \u00e1gua pode, por exemplo, levar \u00e0 desidrata\u00e7\u00e3o, e como consequ\u00eancia severa, afetar a atividade cerebral e o funcionamento do sistema nervoso.","robots":{"index":"index","follow":"follow","max-snippet":"max-snippet:-1","max-image-preview":"max-image-preview:large","max-video-preview":"max-video-preview:-1"},"canonical":"https:\/\/redenoticiaz.com.br\/ribeiraopreto-regiao\/sp\/2024\/03\/23\/agua-mineral-beneficios-vao-muito-alem-da-hidratacao","og_locale":"pt_BR","og_type":"article","og_title":"\u00c1gua mineral: benef\u00edcios v\u00e3o muito al\u00e9m da hidrata\u00e7\u00e3o - Ribeir\u00e3o Preto e Regi\u00e3o","og_description":"A falta de \u00e1gua pode, por exemplo, levar \u00e0 desidrata\u00e7\u00e3o, e como consequ\u00eancia severa, afetar a atividade cerebral e o funcionamento do sistema nervoso.","og_url":"https:\/\/redenoticiaz.com.br\/ribeiraopreto-regiao\/sp\/2024\/03\/23\/agua-mineral-beneficios-vao-muito-alem-da-hidratacao","og_site_name":"Ribeir\u00e3o Preto e Regi\u00e3o","article_publisher":"https:\/\/m.facebook.com\/redenoticiaz.barretos","article_published_time":"2024-03-23T13:00:23+00:00","og_image":[{"width":1620,"height":1080,"url":"https:\/\/redenoticiaz.com.br\/ribeiraopreto-regiao\/wp-content\/uploads\/sites\/4\/2024\/03\/portrait-smiling-fitness-woman-earphones-scaled.jpg?v=1710879799","type":"image\/jpeg"}],"author":"Carina Reifonas","twitter_card":"summary_large_image","twitter_creator":"@RN_barretos","twitter_site":"@RN_barretos","twitter_misc":{"Escrito por":"Carina Reifonas","Est. tempo de leitura":"5 minutos"},"schema":{"@context":"https:\/\/schema.org","@graph":[{"@type":"Article","@id":"https:\/\/redenoticiaz.com.br\/ribeiraopreto-regiao\/sp\/2024\/03\/23\/agua-mineral-beneficios-vao-muito-alem-da-hidratacao#article","isPartOf":{"@id":"https:\/\/redenoticiaz.com.br\/ribeiraopreto-regiao\/sp\/2024\/03\/23\/agua-mineral-beneficios-vao-muito-alem-da-hidratacao"},"author":{"name":"Carina Reifonas","@id":"https:\/\/redenoticiaz.com.br\/ribeiraopreto-regiao\/#\/schema\/person\/1f84d6e94e6a62d2d81199d7503e9e90"},"headline":"\u00c1gua mineral: benef\u00edcios v\u00e3o muito al\u00e9m da hidrata\u00e7\u00e3o","datePublished":"2024-03-23T13:00:23+00:00","mainEntityOfPage":{"@id":"https:\/\/redenoticiaz.com.br\/ribeiraopreto-regiao\/sp\/2024\/03\/23\/agua-mineral-beneficios-vao-muito-alem-da-hidratacao"},"wordCount":811,"commentCount":0,"publisher":{"@id":"https:\/\/redenoticiaz.com.br\/ribeiraopreto-regiao\/#organization"},"image":{"@id":"https:\/\/redenoticiaz.com.br\/ribeiraopreto-regiao\/sp\/2024\/03\/23\/agua-mineral-beneficios-vao-muito-alem-da-hidratacao#primaryimage"},"thumbnailUrl":"https:\/\/redenoticiaz.com.br\/ribeiraopreto-regiao\/wp-content\/uploads\/sites\/4\/2024\/03\/portrait-smiling-fitness-woman-earphones-scaled.jpg?v=1710879799","keywords":["\u00c1GUA","HIDRATA\u00c7\u00c3O"],"articleSection":["Sa\u00fade"],"inLanguage":"pt-BR","potentialAction":[{"@type":"CommentAction","name":"Comment","target":["https:\/\/redenoticiaz.com.br\/ribeiraopreto-regiao\/sp\/2024\/03\/23\/agua-mineral-beneficios-vao-muito-alem-da-hidratacao#respond"]}]},{"@type":"WebPage","@id":"https:\/\/redenoticiaz.com.br\/ribeiraopreto-regiao\/sp\/2024\/03\/23\/agua-mineral-beneficios-vao-muito-alem-da-hidratacao","url":"https:\/\/redenoticiaz.com.br\/ribeiraopreto-regiao\/sp\/2024\/03\/23\/agua-mineral-beneficios-vao-muito-alem-da-hidratacao","name":"\u00c1gua mineral: benef\u00edcios v\u00e3o muito al\u00e9m da hidrata\u00e7\u00e3o - Ribeir\u00e3o Preto e Regi\u00e3o","isPartOf":{"@id":"https:\/\/redenoticiaz.com.br\/ribeiraopreto-regiao\/#website"},"primaryImageOfPage":{"@id":"https:\/\/redenoticiaz.com.br\/ribeiraopreto-regiao\/sp\/2024\/03\/23\/agua-mineral-beneficios-vao-muito-alem-da-hidratacao#primaryimage"},"image":{"@id":"https:\/\/redenoticiaz.com.br\/ribeiraopreto-regiao\/sp\/2024\/03\/23\/agua-mineral-beneficios-vao-muito-alem-da-hidratacao#primaryimage"},"thumbnailUrl":"https:\/\/redenoticiaz.com.br\/ribeiraopreto-regiao\/wp-content\/uploads\/sites\/4\/2024\/03\/portrait-smiling-fitness-woman-earphones-scaled.jpg?v=1710879799","datePublished":"2024-03-23T13:00:23+00:00","description":"A falta de \u00e1gua pode, por exemplo, levar \u00e0 desidrata\u00e7\u00e3o, e como consequ\u00eancia severa, afetar a atividade cerebral e o funcionamento do sistema nervoso.","inLanguage":"pt-BR","potentialAction":[{"@type":"ReadAction","target":["https:\/\/redenoticiaz.com.br\/ribeiraopreto-regiao\/sp\/2024\/03\/23\/agua-mineral-beneficios-vao-muito-alem-da-hidratacao"]}]},{"@type":"ImageObject","inLanguage":"pt-BR","@id":"https:\/\/redenoticiaz.com.br\/ribeiraopreto-regiao\/sp\/2024\/03\/23\/agua-mineral-beneficios-vao-muito-alem-da-hidratacao#primaryimage","url":"https:\/\/redenoticiaz.com.br\/ribeiraopreto-regiao\/wp-content\/uploads\/sites\/4\/2024\/03\/portrait-smiling-fitness-woman-earphones-scaled.jpg?v=1710879799","contentUrl":"https:\/\/redenoticiaz.com.br\/ribeiraopreto-regiao\/wp-content\/uploads\/sites\/4\/2024\/03\/portrait-smiling-fitness-woman-earphones-scaled.jpg?v=1710879799","width":1620,"height":1080},{"@type":"WebSite","@id":"https:\/\/redenoticiaz.com.br\/ribeiraopreto-regiao\/#website","url":"https:\/\/redenoticiaz.com.br\/ribeiraopreto-regiao\/","name":"Ribeir\u00e3o Preto e Regi\u00e3o","description":"Rede NoticiaZ - Ribeir\u00e3o Preto e regi\u00e3o","publisher":{"@id":"https:\/\/redenoticiaz.com.br\/ribeiraopreto-regiao\/#organization"},"potentialAction":[{"@type":"SearchAction","target":{"@type":"EntryPoint","urlTemplate":"https:\/\/redenoticiaz.com.br\/ribeiraopreto-regiao\/?s={search_term_string}"},"query-input":{"@type":"PropertyValueSpecification","valueRequired":true,"valueName":"search_term_string"}}],"inLanguage":"pt-BR"},{"@type":"Organization","@id":"https:\/\/redenoticiaz.com.br\/ribeiraopreto-regiao\/#organization","name":"Ribeir\u00e3o Preto e Regi\u00e3o","url":"https:\/\/redenoticiaz.com.br\/ribeiraopreto-regiao\/","logo":{"@type":"ImageObject","inLanguage":"pt-BR","@id":"https:\/\/redenoticiaz.com.br\/ribeiraopreto-regiao\/#\/schema\/logo\/image\/","url":"https:\/\/redenoticiaz.com.br\/barretos-regiao\/wp-content\/uploads\/sites\/4\/2022\/02\/logo.jpg","contentUrl":"https:\/\/redenoticiaz.com.br\/barretos-regiao\/wp-content\/uploads\/sites\/4\/2022\/02\/logo.jpg","width":400,"height":250,"caption":"Ribeir\u00e3o Preto e Regi\u00e3o"},"image":{"@id":"https:\/\/redenoticiaz.com.br\/ribeiraopreto-regiao\/#\/schema\/logo\/image\/"},"sameAs":["https:\/\/m.facebook.com\/redenoticiaz.barretos","https:\/\/x.com\/RN_barretos","https:\/\/www.instagram.com\/redenoticiaz.barretos\/?igshid=YmMyMTA2M2Y","https:\/\/www.linkedin.com\/company\/rede-noticiaz-barretos-e-regio\/"]},{"@type":"Person","@id":"https:\/\/redenoticiaz.com.br\/ribeiraopreto-regiao\/#\/schema\/person\/1f84d6e94e6a62d2d81199d7503e9e90","name":"Carina Reifonas","image":{"@type":"ImageObject","inLanguage":"pt-BR","@id":"https:\/\/secure.gravatar.com\/avatar\/04c59859b23696cf867715880f81d5c037e60109730bdb4e6670ec2a2245bc97?s=96&d=mm&r=g","url":"https:\/\/secure.gravatar.com\/avatar\/04c59859b23696cf867715880f81d5c037e60109730bdb4e6670ec2a2245bc97?s=96&d=mm&r=g","contentUrl":"https:\/\/secure.gravatar.com\/avatar\/04c59859b23696cf867715880f81d5c037e60109730bdb4e6670ec2a2245bc97?s=96&d=mm&r=g","caption":"Carina Reifonas"},"url":"https:\/\/redenoticiaz.com.br\/ribeiraopreto-regiao\/sp\/author\/carinareifonas"}]}},"_links":{"self":[{"href":"https:\/\/redenoticiaz.com.br\/ribeiraopreto-regiao\/wp-json\/wp\/v2\/posts\/116251","targetHints":{"allow":["GET"]}}],"collection":[{"href":"https:\/\/redenoticiaz.com.br\/ribeiraopreto-regiao\/wp-json\/wp\/v2\/posts"}],"about":[{"href":"https:\/\/redenoticiaz.com.br\/ribeiraopreto-regiao\/wp-json\/wp\/v2\/types\/post"}],"author":[{"embeddable":true,"href":"https:\/\/redenoticiaz.com.br\/ribeiraopreto-regiao\/wp-json\/wp\/v2\/users\/30"}],"replies":[{"embeddable":true,"href":"https:\/\/redenoticiaz.com.br\/ribeiraopreto-regiao\/wp-json\/wp\/v2\/comments?post=116251"}],"version-history":[{"count":1,"href":"https:\/\/redenoticiaz.com.br\/ribeiraopreto-regiao\/wp-json\/wp\/v2\/posts\/116251\/revisions"}],"predecessor-version":[{"id":116370,"href":"https:\/\/redenoticiaz.com.br\/ribeiraopreto-regiao\/wp-json\/wp\/v2\/posts\/116251\/revisions\/116370"}],"wp:featuredmedia":[{"embeddable":true,"href":"https:\/\/redenoticiaz.com.br\/ribeiraopreto-regiao\/wp-json\/wp\/v2\/media\/116252"}],"wp:attachment":[{"href":"https:\/\/redenoticiaz.com.br\/ribeiraopreto-regiao\/wp-json\/wp\/v2\/media?parent=116251"}],"wp:term":[{"taxonomy":"category","embeddable":true,"href":"https:\/\/redenoticiaz.com.br\/ribeiraopreto-regiao\/wp-json\/wp\/v2\/categories?post=116251"},{"taxonomy":"post_tag","embeddable":true,"href":"https:\/\/redenoticiaz.com.br\/ribeiraopreto-regiao\/wp-json\/wp\/v2\/tags?post=116251"}],"curies":[{"name":"wp","href":"https:\/\/api.w.org\/{rel}","templated":true}]}}