{"id":116271,"date":"2024-03-20T15:57:54","date_gmt":"2024-03-20T18:57:54","guid":{"rendered":"https:\/\/redenoticiaz.com.br\/barretos-regiao\/?p=116271"},"modified":"2024-03-20T15:57:54","modified_gmt":"2024-03-20T18:57:54","slug":"barretenses-participam-da-copa-dos-campeoes-de-voleibol-e-superliga-de-voleibol-adaptado","status":"publish","type":"post","link":"https:\/\/redenoticiaz.com.br\/ribeiraopreto-regiao\/sp\/2024\/03\/20\/barretenses-participam-da-copa-dos-campeoes-de-voleibol-e-superliga-de-voleibol-adaptado","title":{"rendered":"Barretenses participam da Copa dos Campe\u00f5es de Voleibol e Superliga de Voleibol adaptado"},"content":{"rendered":"<p>O voleibol feminino da Est\u00e2ncia Tur\u00edstica de Barretos foi muito bem representado no \u00faltimo domingo, 17 de mar\u00e7o, em jogos pela Copa dos Campe\u00f5es de Voleibol e pela Superliga de Voleibol adaptado.<\/p>\n<p>No Centro Municipal de Estudos e Projetos Educacionais (Cemepe) &#8220;Dr. Jo\u00e3o Carlos Soares de Oliveira Junior&#8221;, no bairro Pimenta, os times mirim e infanto-juvenil feminino da cidade enfrentaram as equipes da cidade de Guariba\/SP, pela Copa dos Campe\u00f5es de Voleibol.<\/p>\n<p>Na categoria infanto-juvenil, o time barretense venceu o visitante por 3 sets a zero. J\u00e1 no mirim, as meninas de Barretos perderam de Guariba em um jogo bastante acirrado, por 3 a 2.<\/p>\n<p>J\u00e1 a equipe at\u00e9 60 anos jogou contra o time de Jos\u00e9 Bonif\u00e1cio, mas perdeu por dois sets a zero. A partida foi na cidade de S\u00e3o Jos\u00e9 do Rio Preto.<\/p>\n<p>Pela Superliga de Voleibol adaptado, o time barretense categoria acima de 68 anos, tamb\u00e9m perdeu para o S\u00e3o Jos\u00e9 do Rio Preto por 2 a zero na casa do advers\u00e1rio.<\/p>\n<div id='gallery-1' class='gallery galleryid-116271 gallery-columns-4 gallery-size-medium'><figure class='gallery-item'>\n\t\t\t<div class='gallery-icon landscape'>\n\t\t\t\t<a href='https:\/\/redenoticiaz.com.br\/ribeiraopreto-regiao\/sp\/2024\/03\/20\/barretenses-participam-da-copa-dos-campeoes-de-voleibol-e-superliga-de-voleibol-adaptado\/0e65972dce68dad4d52d063967f0a705-7'><img loading=\"lazy\" decoding=\"async\" width=\"300\" height=\"300\" src=\"https:\/\/redenoticiaz.com.br\/ribeiraopreto-regiao\/wp-content\/uploads\/sites\/4\/2024\/03\/0e65972dce68dad4d52d063967f0a705-300x300.jpeg\" class=\"attachment-medium size-medium\" alt=\"\" srcset=\"https:\/\/redenoticiaz.com.br\/ribeiraopreto-regiao\/wp-content\/uploads\/sites\/4\/2024\/03\/0e65972dce68dad4d52d063967f0a705-300x300.jpeg 300w, https:\/\/redenoticiaz.com.br\/ribeiraopreto-regiao\/wp-content\/uploads\/sites\/4\/2024\/03\/0e65972dce68dad4d52d063967f0a705-1024x1024.jpeg 1024w, https:\/\/redenoticiaz.com.br\/ribeiraopreto-regiao\/wp-content\/uploads\/sites\/4\/2024\/03\/0e65972dce68dad4d52d063967f0a705-150x150.jpeg 150w, https:\/\/redenoticiaz.com.br\/ribeiraopreto-regiao\/wp-content\/uploads\/sites\/4\/2024\/03\/0e65972dce68dad4d52d063967f0a705-768x768.jpeg 768w, https:\/\/redenoticiaz.com.br\/ribeiraopreto-regiao\/wp-content\/uploads\/sites\/4\/2024\/03\/0e65972dce68dad4d52d063967f0a705.jpeg 1080w\" sizes=\"auto, (max-width: 300px) 100vw, 300px\" \/><\/a>\n\t\t\t<\/div><\/figure><figure class='gallery-item'>\n\t\t\t<div class='gallery-icon landscape'>\n\t\t\t\t<a href='https:\/\/redenoticiaz.com.br\/ribeiraopreto-regiao\/sp\/2024\/03\/20\/barretenses-participam-da-copa-dos-campeoes-de-voleibol-e-superliga-de-voleibol-adaptado\/07e1cd7dca89a1678042477183b7ac3f-11'><img loading=\"lazy\" decoding=\"async\" width=\"300\" height=\"200\" src=\"https:\/\/redenoticiaz.com.br\/ribeiraopreto-regiao\/wp-content\/uploads\/sites\/4\/2024\/03\/07e1cd7dca89a1678042477183b7ac3f-300x200.jpeg\" class=\"attachment-medium size-medium\" alt=\"\" srcset=\"https:\/\/redenoticiaz.com.br\/ribeiraopreto-regiao\/wp-content\/uploads\/sites\/4\/2024\/03\/07e1cd7dca89a1678042477183b7ac3f-300x200.jpeg 300w, https:\/\/redenoticiaz.com.br\/ribeiraopreto-regiao\/wp-content\/uploads\/sites\/4\/2024\/03\/07e1cd7dca89a1678042477183b7ac3f-768x512.jpeg 768w, https:\/\/redenoticiaz.com.br\/ribeiraopreto-regiao\/wp-content\/uploads\/sites\/4\/2024\/03\/07e1cd7dca89a1678042477183b7ac3f.jpeg 960w\" sizes=\"auto, (max-width: 300px) 100vw, 300px\" \/><\/a>\n\t\t\t<\/div><\/figure><figure class='gallery-item'>\n\t\t\t<div class='gallery-icon landscape'>\n\t\t\t\t<a href='https:\/\/redenoticiaz.com.br\/ribeiraopreto-regiao\/sp\/2024\/03\/20\/barretenses-participam-da-copa-dos-campeoes-de-voleibol-e-superliga-de-voleibol-adaptado\/2723d092b63885e0d7c260cc007e8b9d-8'><img loading=\"lazy\" decoding=\"async\" width=\"300\" height=\"225\" src=\"https:\/\/redenoticiaz.com.br\/ribeiraopreto-regiao\/wp-content\/uploads\/sites\/4\/2024\/03\/2723d092b63885e0d7c260cc007e8b9d-300x225.jpeg\" class=\"attachment-medium size-medium\" alt=\"\" srcset=\"https:\/\/redenoticiaz.com.br\/ribeiraopreto-regiao\/wp-content\/uploads\/sites\/4\/2024\/03\/2723d092b63885e0d7c260cc007e8b9d-300x225.jpeg 300w, https:\/\/redenoticiaz.com.br\/ribeiraopreto-regiao\/wp-content\/uploads\/sites\/4\/2024\/03\/2723d092b63885e0d7c260cc007e8b9d-1024x768.jpeg 1024w, https:\/\/redenoticiaz.com.br\/ribeiraopreto-regiao\/wp-content\/uploads\/sites\/4\/2024\/03\/2723d092b63885e0d7c260cc007e8b9d-768x576.jpeg 768w, https:\/\/redenoticiaz.com.br\/ribeiraopreto-regiao\/wp-content\/uploads\/sites\/4\/2024\/03\/2723d092b63885e0d7c260cc007e8b9d-1536x1153.jpeg 1536w, https:\/\/redenoticiaz.com.br\/ribeiraopreto-regiao\/wp-content\/uploads\/sites\/4\/2024\/03\/2723d092b63885e0d7c260cc007e8b9d.jpeg 1439w\" sizes=\"auto, (max-width: 300px) 100vw, 300px\" \/><\/a>\n\t\t\t<\/div><\/figure><figure class='gallery-item'>\n\t\t\t<div class='gallery-icon landscape'>\n\t\t\t\t<a href='https:\/\/redenoticiaz.com.br\/ribeiraopreto-regiao\/sp\/2024\/03\/20\/barretenses-participam-da-copa-dos-campeoes-de-voleibol-e-superliga-de-voleibol-adaptado\/da4fb5c6e93e74d3df8527599fa62642-4'><img loading=\"lazy\" decoding=\"async\" width=\"300\" height=\"169\" src=\"https:\/\/redenoticiaz.com.br\/ribeiraopreto-regiao\/wp-content\/uploads\/sites\/4\/2024\/03\/da4fb5c6e93e74d3df8527599fa62642-300x169.jpeg\" class=\"attachment-medium size-medium\" alt=\"\" srcset=\"https:\/\/redenoticiaz.com.br\/ribeiraopreto-regiao\/wp-content\/uploads\/sites\/4\/2024\/03\/da4fb5c6e93e74d3df8527599fa62642-300x169.jpeg 300w, https:\/\/redenoticiaz.com.br\/ribeiraopreto-regiao\/wp-content\/uploads\/sites\/4\/2024\/03\/da4fb5c6e93e74d3df8527599fa62642-1024x577.jpeg 1024w, https:\/\/redenoticiaz.com.br\/ribeiraopreto-regiao\/wp-content\/uploads\/sites\/4\/2024\/03\/da4fb5c6e93e74d3df8527599fa62642-768x432.jpeg 768w, https:\/\/redenoticiaz.com.br\/ribeiraopreto-regiao\/wp-content\/uploads\/sites\/4\/2024\/03\/da4fb5c6e93e74d3df8527599fa62642-390x220.jpeg 390w, https:\/\/redenoticiaz.com.br\/ribeiraopreto-regiao\/wp-content\/uploads\/sites\/4\/2024\/03\/da4fb5c6e93e74d3df8527599fa62642.jpeg 1156w\" sizes=\"auto, (max-width: 300px) 100vw, 300px\" \/><\/a>\n\t\t\t<\/div><\/figure>\n\t\t<\/div>\n\n<p>LEIA MAIS<\/p>\n<p><a href=\"https:\/\/redenoticiaz.com.br\/barretos-regiao\/sp\/2024\/03\/20\/avaliacao-do-mercado-financeiro-sobre-fernando-haddad-veja\">Avalia\u00e7\u00e3o do Mercado Financeiro sobre Fernando Haddad. Veja<\/a><\/p>\n<p><a href=\"https:\/\/redenoticiaz.com.br\/barretos-regiao\/sp\/2024\/03\/20\/daniel-alves-recebe-liberdade-provisoria-apos-condenacao-por-estupro-em-barcelona\">Daniel Alves recebe liberdade provis\u00f3ria ap\u00f3s condena\u00e7\u00e3o por estupro em Barcelona<\/a><\/p>\n","protected":false},"excerpt":{"rendered":"<p>O voleibol feminino da Est\u00e2ncia Tur\u00edstica de Barretos foi muito bem representado no \u00faltimo domingo, 17 de mar\u00e7o, em jogos pela Copa dos Campe\u00f5es de Voleibol e pela Superliga de Voleibol adaptado. No Centro Municipal de Estudos e Projetos Educacionais (Cemepe) &#8220;Dr. Jo\u00e3o Carlos Soares de Oliveira Junior&#8221;, no bairro Pimenta, os times mirim e &hellip;<\/p>\n","protected":false},"author":30,"featured_media":116276,"comment_status":"open","ping_status":"closed","sticky":false,"template":"","format":"standard","meta":{"footnotes":""},"categories":[87],"tags":[64,3663,26460],"class_list":["post-116271","post","type-post","status-publish","format-standard","has-post-thumbnail","hentry","category-esporte","tag-barretos","tag-jogos","tag-voleibol"],"yoast_head":"<!-- This site is optimized with the Yoast SEO plugin v28.4 - https:\/\/yoast.com\/product\/yoast-seo-wordpress\/ -->\n<title>Barretenses participam da Copa dos Campe\u00f5es de Voleibol e Superliga de Voleibol adaptado - Ribeir\u00e3o Preto e Regi\u00e3o<\/title>\n<meta name=\"description\" content=\"Barretos foi muito bem representado durante os jogos pela Copa dos Campe\u00f5es de Voleibol e pela Superliga de Voleibol adaptado.\" \/>\n<meta name=\"robots\" content=\"index, follow, max-snippet:-1, max-image-preview:large, max-video-preview:-1\" \/>\n<link rel=\"canonical\" href=\"https:\/\/redenoticiaz.com.br\/ribeiraopreto-regiao\/sp\/2024\/03\/20\/barretenses-participam-da-copa-dos-campeoes-de-voleibol-e-superliga-de-voleibol-adaptado\" \/>\n<meta property=\"og:locale\" content=\"pt_BR\" \/>\n<meta property=\"og:type\" content=\"article\" \/>\n<meta property=\"og:title\" content=\"Barretenses participam da Copa dos Campe\u00f5es de Voleibol e Superliga de Voleibol adaptado - Ribeir\u00e3o Preto e Regi\u00e3o\" \/>\n<meta property=\"og:description\" content=\"Barretos foi muito bem representado durante os jogos pela Copa dos Campe\u00f5es de Voleibol e pela Superliga de Voleibol adaptado.\" \/>\n<meta property=\"og:url\" content=\"https:\/\/redenoticiaz.com.br\/ribeiraopreto-regiao\/sp\/2024\/03\/20\/barretenses-participam-da-copa-dos-campeoes-de-voleibol-e-superliga-de-voleibol-adaptado\" \/>\n<meta property=\"og:site_name\" content=\"Ribeir\u00e3o Preto e Regi\u00e3o\" \/>\n<meta property=\"article:publisher\" content=\"https:\/\/m.facebook.com\/redenoticiaz.barretos\" \/>\n<meta property=\"article:published_time\" content=\"2024-03-20T18:57:54+00:00\" \/>\n<meta property=\"og:image\" content=\"https:\/\/redenoticiaz.com.br\/ribeiraopreto-regiao\/wp-content\/uploads\/sites\/4\/2024\/03\/1ff8a7b5dc7a7d1f0ed65aaa29c04b1e.jpeg\" \/>\n\t<meta property=\"og:image:width\" content=\"1280\" \/>\n\t<meta property=\"og:image:height\" content=\"960\" \/>\n\t<meta property=\"og:image:type\" content=\"image\/jpeg\" \/>\n<meta name=\"author\" content=\"Carina Reifonas\" \/>\n<meta name=\"twitter:card\" content=\"summary_large_image\" \/>\n<meta name=\"twitter:creator\" content=\"@RN_barretos\" \/>\n<meta name=\"twitter:site\" content=\"@RN_barretos\" \/>\n<meta name=\"twitter:label1\" content=\"Escrito por\" \/>\n\t<meta name=\"twitter:data1\" content=\"Carina Reifonas\" \/>\n\t<meta name=\"twitter:label2\" content=\"Est. tempo de leitura\" \/>\n\t<meta name=\"twitter:data2\" content=\"2 minutos\" \/>\n<script type=\"application\/ld+json\" class=\"yoast-schema-graph\">{\"@context\":\"https:\\\/\\\/schema.org\",\"@graph\":[{\"@type\":\"Article\",\"@id\":\"https:\\\/\\\/redenoticiaz.com.br\\\/ribeiraopreto-regiao\\\/sp\\\/2024\\\/03\\\/20\\\/barretenses-participam-da-copa-dos-campeoes-de-voleibol-e-superliga-de-voleibol-adaptado#article\",\"isPartOf\":{\"@id\":\"https:\\\/\\\/redenoticiaz.com.br\\\/ribeiraopreto-regiao\\\/sp\\\/2024\\\/03\\\/20\\\/barretenses-participam-da-copa-dos-campeoes-de-voleibol-e-superliga-de-voleibol-adaptado\"},\"author\":{\"name\":\"Carina Reifonas\",\"@id\":\"https:\\\/\\\/redenoticiaz.com.br\\\/ribeiraopreto-regiao\\\/#\\\/schema\\\/person\\\/1f84d6e94e6a62d2d81199d7503e9e90\"},\"headline\":\"Barretenses participam da Copa dos Campe\u00f5es de Voleibol e Superliga de Voleibol adaptado\",\"datePublished\":\"2024-03-20T18:57:54+00:00\",\"mainEntityOfPage\":{\"@id\":\"https:\\\/\\\/redenoticiaz.com.br\\\/ribeiraopreto-regiao\\\/sp\\\/2024\\\/03\\\/20\\\/barretenses-participam-da-copa-dos-campeoes-de-voleibol-e-superliga-de-voleibol-adaptado\"},\"wordCount\":215,\"commentCount\":0,\"publisher\":{\"@id\":\"https:\\\/\\\/redenoticiaz.com.br\\\/ribeiraopreto-regiao\\\/#organization\"},\"image\":{\"@id\":\"https:\\\/\\\/redenoticiaz.com.br\\\/ribeiraopreto-regiao\\\/sp\\\/2024\\\/03\\\/20\\\/barretenses-participam-da-copa-dos-campeoes-de-voleibol-e-superliga-de-voleibol-adaptado#primaryimage\"},\"thumbnailUrl\":\"https:\\\/\\\/redenoticiaz.com.br\\\/ribeiraopreto-regiao\\\/wp-content\\\/uploads\\\/sites\\\/4\\\/2024\\\/03\\\/1ff8a7b5dc7a7d1f0ed65aaa29c04b1e.jpeg\",\"keywords\":[\"BARRETOS\",\"JOGOS\",\"Voleibol\"],\"articleSection\":[\"Esporte\"],\"inLanguage\":\"pt-BR\",\"potentialAction\":[{\"@type\":\"CommentAction\",\"name\":\"Comment\",\"target\":[\"https:\\\/\\\/redenoticiaz.com.br\\\/ribeiraopreto-regiao\\\/sp\\\/2024\\\/03\\\/20\\\/barretenses-participam-da-copa-dos-campeoes-de-voleibol-e-superliga-de-voleibol-adaptado#respond\"]}]},{\"@type\":\"WebPage\",\"@id\":\"https:\\\/\\\/redenoticiaz.com.br\\\/ribeiraopreto-regiao\\\/sp\\\/2024\\\/03\\\/20\\\/barretenses-participam-da-copa-dos-campeoes-de-voleibol-e-superliga-de-voleibol-adaptado\",\"url\":\"https:\\\/\\\/redenoticiaz.com.br\\\/ribeiraopreto-regiao\\\/sp\\\/2024\\\/03\\\/20\\\/barretenses-participam-da-copa-dos-campeoes-de-voleibol-e-superliga-de-voleibol-adaptado\",\"name\":\"Barretenses participam da Copa dos Campe\u00f5es de Voleibol e Superliga de Voleibol adaptado - Ribeir\u00e3o Preto e Regi\u00e3o\",\"isPartOf\":{\"@id\":\"https:\\\/\\\/redenoticiaz.com.br\\\/ribeiraopreto-regiao\\\/#website\"},\"primaryImageOfPage\":{\"@id\":\"https:\\\/\\\/redenoticiaz.com.br\\\/ribeiraopreto-regiao\\\/sp\\\/2024\\\/03\\\/20\\\/barretenses-participam-da-copa-dos-campeoes-de-voleibol-e-superliga-de-voleibol-adaptado#primaryimage\"},\"image\":{\"@id\":\"https:\\\/\\\/redenoticiaz.com.br\\\/ribeiraopreto-regiao\\\/sp\\\/2024\\\/03\\\/20\\\/barretenses-participam-da-copa-dos-campeoes-de-voleibol-e-superliga-de-voleibol-adaptado#primaryimage\"},\"thumbnailUrl\":\"https:\\\/\\\/redenoticiaz.com.br\\\/ribeiraopreto-regiao\\\/wp-content\\\/uploads\\\/sites\\\/4\\\/2024\\\/03\\\/1ff8a7b5dc7a7d1f0ed65aaa29c04b1e.jpeg\",\"datePublished\":\"2024-03-20T18:57:54+00:00\",\"description\":\"Barretos foi muito bem representado durante os jogos pela Copa dos Campe\u00f5es de Voleibol e pela Superliga de Voleibol adaptado.\",\"inLanguage\":\"pt-BR\",\"potentialAction\":[{\"@type\":\"ReadAction\",\"target\":[\"https:\\\/\\\/redenoticiaz.com.br\\\/ribeiraopreto-regiao\\\/sp\\\/2024\\\/03\\\/20\\\/barretenses-participam-da-copa-dos-campeoes-de-voleibol-e-superliga-de-voleibol-adaptado\"]}]},{\"@type\":\"ImageObject\",\"inLanguage\":\"pt-BR\",\"@id\":\"https:\\\/\\\/redenoticiaz.com.br\\\/ribeiraopreto-regiao\\\/sp\\\/2024\\\/03\\\/20\\\/barretenses-participam-da-copa-dos-campeoes-de-voleibol-e-superliga-de-voleibol-adaptado#primaryimage\",\"url\":\"https:\\\/\\\/redenoticiaz.com.br\\\/ribeiraopreto-regiao\\\/wp-content\\\/uploads\\\/sites\\\/4\\\/2024\\\/03\\\/1ff8a7b5dc7a7d1f0ed65aaa29c04b1e.jpeg\",\"contentUrl\":\"https:\\\/\\\/redenoticiaz.com.br\\\/ribeiraopreto-regiao\\\/wp-content\\\/uploads\\\/sites\\\/4\\\/2024\\\/03\\\/1ff8a7b5dc7a7d1f0ed65aaa29c04b1e.jpeg\",\"width\":1280,\"height\":960},{\"@type\":\"WebSite\",\"@id\":\"https:\\\/\\\/redenoticiaz.com.br\\\/ribeiraopreto-regiao\\\/#website\",\"url\":\"https:\\\/\\\/redenoticiaz.com.br\\\/ribeiraopreto-regiao\\\/\",\"name\":\"Ribeir\u00e3o Preto e Regi\u00e3o\",\"description\":\"Rede NoticiaZ - Ribeir\u00e3o Preto e regi\u00e3o\",\"publisher\":{\"@id\":\"https:\\\/\\\/redenoticiaz.com.br\\\/ribeiraopreto-regiao\\\/#organization\"},\"potentialAction\":[{\"@type\":\"SearchAction\",\"target\":{\"@type\":\"EntryPoint\",\"urlTemplate\":\"https:\\\/\\\/redenoticiaz.com.br\\\/ribeiraopreto-regiao\\\/?s={search_term_string}\"},\"query-input\":{\"@type\":\"PropertyValueSpecification\",\"valueRequired\":true,\"valueName\":\"search_term_string\"}}],\"inLanguage\":\"pt-BR\"},{\"@type\":\"Organization\",\"@id\":\"https:\\\/\\\/redenoticiaz.com.br\\\/ribeiraopreto-regiao\\\/#organization\",\"name\":\"Ribeir\u00e3o Preto e Regi\u00e3o\",\"url\":\"https:\\\/\\\/redenoticiaz.com.br\\\/ribeiraopreto-regiao\\\/\",\"logo\":{\"@type\":\"ImageObject\",\"inLanguage\":\"pt-BR\",\"@id\":\"https:\\\/\\\/redenoticiaz.com.br\\\/ribeiraopreto-regiao\\\/#\\\/schema\\\/logo\\\/image\\\/\",\"url\":\"https:\\\/\\\/redenoticiaz.com.br\\\/barretos-regiao\\\/wp-content\\\/uploads\\\/sites\\\/4\\\/2022\\\/02\\\/logo.jpg\",\"contentUrl\":\"https:\\\/\\\/redenoticiaz.com.br\\\/barretos-regiao\\\/wp-content\\\/uploads\\\/sites\\\/4\\\/2022\\\/02\\\/logo.jpg\",\"width\":400,\"height\":250,\"caption\":\"Ribeir\u00e3o Preto e Regi\u00e3o\"},\"image\":{\"@id\":\"https:\\\/\\\/redenoticiaz.com.br\\\/ribeiraopreto-regiao\\\/#\\\/schema\\\/logo\\\/image\\\/\"},\"sameAs\":[\"https:\\\/\\\/m.facebook.com\\\/redenoticiaz.barretos\",\"https:\\\/\\\/x.com\\\/RN_barretos\",\"https:\\\/\\\/www.instagram.com\\\/redenoticiaz.barretos\\\/?igshid=YmMyMTA2M2Y\",\"https:\\\/\\\/www.linkedin.com\\\/company\\\/rede-noticiaz-barretos-e-regio\\\/\"]},{\"@type\":\"Person\",\"@id\":\"https:\\\/\\\/redenoticiaz.com.br\\\/ribeiraopreto-regiao\\\/#\\\/schema\\\/person\\\/1f84d6e94e6a62d2d81199d7503e9e90\",\"name\":\"Carina Reifonas\",\"image\":{\"@type\":\"ImageObject\",\"inLanguage\":\"pt-BR\",\"@id\":\"https:\\\/\\\/secure.gravatar.com\\\/avatar\\\/04c59859b23696cf867715880f81d5c037e60109730bdb4e6670ec2a2245bc97?s=96&d=mm&r=g\",\"url\":\"https:\\\/\\\/secure.gravatar.com\\\/avatar\\\/04c59859b23696cf867715880f81d5c037e60109730bdb4e6670ec2a2245bc97?s=96&d=mm&r=g\",\"contentUrl\":\"https:\\\/\\\/secure.gravatar.com\\\/avatar\\\/04c59859b23696cf867715880f81d5c037e60109730bdb4e6670ec2a2245bc97?s=96&d=mm&r=g\",\"caption\":\"Carina Reifonas\"},\"url\":\"https:\\\/\\\/redenoticiaz.com.br\\\/ribeiraopreto-regiao\\\/sp\\\/author\\\/carinareifonas\"}]}<\/script>\n<!-- \/ Yoast SEO plugin. -->","yoast_head_json":{"title":"Barretenses participam da Copa dos Campe\u00f5es de Voleibol e Superliga de Voleibol adaptado - Ribeir\u00e3o Preto e Regi\u00e3o","description":"Barretos foi muito bem representado durante os jogos pela Copa dos Campe\u00f5es de Voleibol e pela Superliga de Voleibol adaptado.","robots":{"index":"index","follow":"follow","max-snippet":"max-snippet:-1","max-image-preview":"max-image-preview:large","max-video-preview":"max-video-preview:-1"},"canonical":"https:\/\/redenoticiaz.com.br\/ribeiraopreto-regiao\/sp\/2024\/03\/20\/barretenses-participam-da-copa-dos-campeoes-de-voleibol-e-superliga-de-voleibol-adaptado","og_locale":"pt_BR","og_type":"article","og_title":"Barretenses participam da Copa dos Campe\u00f5es de Voleibol e Superliga de Voleibol adaptado - Ribeir\u00e3o Preto e Regi\u00e3o","og_description":"Barretos foi muito bem representado durante os jogos pela Copa dos Campe\u00f5es de Voleibol e pela Superliga de Voleibol adaptado.","og_url":"https:\/\/redenoticiaz.com.br\/ribeiraopreto-regiao\/sp\/2024\/03\/20\/barretenses-participam-da-copa-dos-campeoes-de-voleibol-e-superliga-de-voleibol-adaptado","og_site_name":"Ribeir\u00e3o Preto e Regi\u00e3o","article_publisher":"https:\/\/m.facebook.com\/redenoticiaz.barretos","article_published_time":"2024-03-20T18:57:54+00:00","og_image":[{"width":1280,"height":960,"url":"https:\/\/redenoticiaz.com.br\/ribeiraopreto-regiao\/wp-content\/uploads\/sites\/4\/2024\/03\/1ff8a7b5dc7a7d1f0ed65aaa29c04b1e.jpeg","type":"image\/jpeg"}],"author":"Carina Reifonas","twitter_card":"summary_large_image","twitter_creator":"@RN_barretos","twitter_site":"@RN_barretos","twitter_misc":{"Escrito por":"Carina Reifonas","Est. tempo de leitura":"2 minutos"},"schema":{"@context":"https:\/\/schema.org","@graph":[{"@type":"Article","@id":"https:\/\/redenoticiaz.com.br\/ribeiraopreto-regiao\/sp\/2024\/03\/20\/barretenses-participam-da-copa-dos-campeoes-de-voleibol-e-superliga-de-voleibol-adaptado#article","isPartOf":{"@id":"https:\/\/redenoticiaz.com.br\/ribeiraopreto-regiao\/sp\/2024\/03\/20\/barretenses-participam-da-copa-dos-campeoes-de-voleibol-e-superliga-de-voleibol-adaptado"},"author":{"name":"Carina Reifonas","@id":"https:\/\/redenoticiaz.com.br\/ribeiraopreto-regiao\/#\/schema\/person\/1f84d6e94e6a62d2d81199d7503e9e90"},"headline":"Barretenses participam da Copa dos Campe\u00f5es de Voleibol e Superliga de Voleibol adaptado","datePublished":"2024-03-20T18:57:54+00:00","mainEntityOfPage":{"@id":"https:\/\/redenoticiaz.com.br\/ribeiraopreto-regiao\/sp\/2024\/03\/20\/barretenses-participam-da-copa-dos-campeoes-de-voleibol-e-superliga-de-voleibol-adaptado"},"wordCount":215,"commentCount":0,"publisher":{"@id":"https:\/\/redenoticiaz.com.br\/ribeiraopreto-regiao\/#organization"},"image":{"@id":"https:\/\/redenoticiaz.com.br\/ribeiraopreto-regiao\/sp\/2024\/03\/20\/barretenses-participam-da-copa-dos-campeoes-de-voleibol-e-superliga-de-voleibol-adaptado#primaryimage"},"thumbnailUrl":"https:\/\/redenoticiaz.com.br\/ribeiraopreto-regiao\/wp-content\/uploads\/sites\/4\/2024\/03\/1ff8a7b5dc7a7d1f0ed65aaa29c04b1e.jpeg","keywords":["BARRETOS","JOGOS","Voleibol"],"articleSection":["Esporte"],"inLanguage":"pt-BR","potentialAction":[{"@type":"CommentAction","name":"Comment","target":["https:\/\/redenoticiaz.com.br\/ribeiraopreto-regiao\/sp\/2024\/03\/20\/barretenses-participam-da-copa-dos-campeoes-de-voleibol-e-superliga-de-voleibol-adaptado#respond"]}]},{"@type":"WebPage","@id":"https:\/\/redenoticiaz.com.br\/ribeiraopreto-regiao\/sp\/2024\/03\/20\/barretenses-participam-da-copa-dos-campeoes-de-voleibol-e-superliga-de-voleibol-adaptado","url":"https:\/\/redenoticiaz.com.br\/ribeiraopreto-regiao\/sp\/2024\/03\/20\/barretenses-participam-da-copa-dos-campeoes-de-voleibol-e-superliga-de-voleibol-adaptado","name":"Barretenses participam da Copa dos Campe\u00f5es de Voleibol e Superliga de Voleibol adaptado - Ribeir\u00e3o Preto e Regi\u00e3o","isPartOf":{"@id":"https:\/\/redenoticiaz.com.br\/ribeiraopreto-regiao\/#website"},"primaryImageOfPage":{"@id":"https:\/\/redenoticiaz.com.br\/ribeiraopreto-regiao\/sp\/2024\/03\/20\/barretenses-participam-da-copa-dos-campeoes-de-voleibol-e-superliga-de-voleibol-adaptado#primaryimage"},"image":{"@id":"https:\/\/redenoticiaz.com.br\/ribeiraopreto-regiao\/sp\/2024\/03\/20\/barretenses-participam-da-copa-dos-campeoes-de-voleibol-e-superliga-de-voleibol-adaptado#primaryimage"},"thumbnailUrl":"https:\/\/redenoticiaz.com.br\/ribeiraopreto-regiao\/wp-content\/uploads\/sites\/4\/2024\/03\/1ff8a7b5dc7a7d1f0ed65aaa29c04b1e.jpeg","datePublished":"2024-03-20T18:57:54+00:00","description":"Barretos foi muito bem representado durante os jogos pela Copa dos Campe\u00f5es de Voleibol e pela Superliga de Voleibol adaptado.","inLanguage":"pt-BR","potentialAction":[{"@type":"ReadAction","target":["https:\/\/redenoticiaz.com.br\/ribeiraopreto-regiao\/sp\/2024\/03\/20\/barretenses-participam-da-copa-dos-campeoes-de-voleibol-e-superliga-de-voleibol-adaptado"]}]},{"@type":"ImageObject","inLanguage":"pt-BR","@id":"https:\/\/redenoticiaz.com.br\/ribeiraopreto-regiao\/sp\/2024\/03\/20\/barretenses-participam-da-copa-dos-campeoes-de-voleibol-e-superliga-de-voleibol-adaptado#primaryimage","url":"https:\/\/redenoticiaz.com.br\/ribeiraopreto-regiao\/wp-content\/uploads\/sites\/4\/2024\/03\/1ff8a7b5dc7a7d1f0ed65aaa29c04b1e.jpeg","contentUrl":"https:\/\/redenoticiaz.com.br\/ribeiraopreto-regiao\/wp-content\/uploads\/sites\/4\/2024\/03\/1ff8a7b5dc7a7d1f0ed65aaa29c04b1e.jpeg","width":1280,"height":960},{"@type":"WebSite","@id":"https:\/\/redenoticiaz.com.br\/ribeiraopreto-regiao\/#website","url":"https:\/\/redenoticiaz.com.br\/ribeiraopreto-regiao\/","name":"Ribeir\u00e3o Preto e Regi\u00e3o","description":"Rede NoticiaZ - Ribeir\u00e3o Preto e regi\u00e3o","publisher":{"@id":"https:\/\/redenoticiaz.com.br\/ribeiraopreto-regiao\/#organization"},"potentialAction":[{"@type":"SearchAction","target":{"@type":"EntryPoint","urlTemplate":"https:\/\/redenoticiaz.com.br\/ribeiraopreto-regiao\/?s={search_term_string}"},"query-input":{"@type":"PropertyValueSpecification","valueRequired":true,"valueName":"search_term_string"}}],"inLanguage":"pt-BR"},{"@type":"Organization","@id":"https:\/\/redenoticiaz.com.br\/ribeiraopreto-regiao\/#organization","name":"Ribeir\u00e3o Preto e Regi\u00e3o","url":"https:\/\/redenoticiaz.com.br\/ribeiraopreto-regiao\/","logo":{"@type":"ImageObject","inLanguage":"pt-BR","@id":"https:\/\/redenoticiaz.com.br\/ribeiraopreto-regiao\/#\/schema\/logo\/image\/","url":"https:\/\/redenoticiaz.com.br\/barretos-regiao\/wp-content\/uploads\/sites\/4\/2022\/02\/logo.jpg","contentUrl":"https:\/\/redenoticiaz.com.br\/barretos-regiao\/wp-content\/uploads\/sites\/4\/2022\/02\/logo.jpg","width":400,"height":250,"caption":"Ribeir\u00e3o Preto e Regi\u00e3o"},"image":{"@id":"https:\/\/redenoticiaz.com.br\/ribeiraopreto-regiao\/#\/schema\/logo\/image\/"},"sameAs":["https:\/\/m.facebook.com\/redenoticiaz.barretos","https:\/\/x.com\/RN_barretos","https:\/\/www.instagram.com\/redenoticiaz.barretos\/?igshid=YmMyMTA2M2Y","https:\/\/www.linkedin.com\/company\/rede-noticiaz-barretos-e-regio\/"]},{"@type":"Person","@id":"https:\/\/redenoticiaz.com.br\/ribeiraopreto-regiao\/#\/schema\/person\/1f84d6e94e6a62d2d81199d7503e9e90","name":"Carina Reifonas","image":{"@type":"ImageObject","inLanguage":"pt-BR","@id":"https:\/\/secure.gravatar.com\/avatar\/04c59859b23696cf867715880f81d5c037e60109730bdb4e6670ec2a2245bc97?s=96&d=mm&r=g","url":"https:\/\/secure.gravatar.com\/avatar\/04c59859b23696cf867715880f81d5c037e60109730bdb4e6670ec2a2245bc97?s=96&d=mm&r=g","contentUrl":"https:\/\/secure.gravatar.com\/avatar\/04c59859b23696cf867715880f81d5c037e60109730bdb4e6670ec2a2245bc97?s=96&d=mm&r=g","caption":"Carina Reifonas"},"url":"https:\/\/redenoticiaz.com.br\/ribeiraopreto-regiao\/sp\/author\/carinareifonas"}]}},"_links":{"self":[{"href":"https:\/\/redenoticiaz.com.br\/ribeiraopreto-regiao\/wp-json\/wp\/v2\/posts\/116271","targetHints":{"allow":["GET"]}}],"collection":[{"href":"https:\/\/redenoticiaz.com.br\/ribeiraopreto-regiao\/wp-json\/wp\/v2\/posts"}],"about":[{"href":"https:\/\/redenoticiaz.com.br\/ribeiraopreto-regiao\/wp-json\/wp\/v2\/types\/post"}],"author":[{"embeddable":true,"href":"https:\/\/redenoticiaz.com.br\/ribeiraopreto-regiao\/wp-json\/wp\/v2\/users\/30"}],"replies":[{"embeddable":true,"href":"https:\/\/redenoticiaz.com.br\/ribeiraopreto-regiao\/wp-json\/wp\/v2\/comments?post=116271"}],"version-history":[{"count":1,"href":"https:\/\/redenoticiaz.com.br\/ribeiraopreto-regiao\/wp-json\/wp\/v2\/posts\/116271\/revisions"}],"predecessor-version":[{"id":116277,"href":"https:\/\/redenoticiaz.com.br\/ribeiraopreto-regiao\/wp-json\/wp\/v2\/posts\/116271\/revisions\/116277"}],"wp:featuredmedia":[{"embeddable":true,"href":"https:\/\/redenoticiaz.com.br\/ribeiraopreto-regiao\/wp-json\/wp\/v2\/media\/116276"}],"wp:attachment":[{"href":"https:\/\/redenoticiaz.com.br\/ribeiraopreto-regiao\/wp-json\/wp\/v2\/media?parent=116271"}],"wp:term":[{"taxonomy":"category","embeddable":true,"href":"https:\/\/redenoticiaz.com.br\/ribeiraopreto-regiao\/wp-json\/wp\/v2\/categories?post=116271"},{"taxonomy":"post_tag","embeddable":true,"href":"https:\/\/redenoticiaz.com.br\/ribeiraopreto-regiao\/wp-json\/wp\/v2\/tags?post=116271"}],"curies":[{"name":"wp","href":"https:\/\/api.w.org\/{rel}","templated":true}]}}