{"id":116339,"date":"2024-03-22T07:56:10","date_gmt":"2024-03-22T10:56:10","guid":{"rendered":"https:\/\/redenoticiaz.com.br\/barretos-regiao\/sp\/2024\/03\/22\/stf-e-stj-erram-ao-antecipar-prisao-de-robinho-diz-jurista"},"modified":"2024-03-22T07:56:40","modified_gmt":"2024-03-22T10:56:40","slug":"stf-e-stj-erram-ao-antecipar-prisao-de-robinho-diz-jurista","status":"publish","type":"post","link":"https:\/\/redenoticiaz.com.br\/ribeiraopreto-regiao\/sp\/2024\/03\/22\/stf-e-stj-erram-ao-antecipar-prisao-de-robinho-diz-jurista","title":{"rendered":"STF e STJ erram ao antecipar pris\u00e3o de Robinho, diz jurista"},"content":{"rendered":"<p>A jurista e mestre em Direito Penal Jacqueline Valles afirmou que a pris\u00e3o do ex-jogador Robinho viola a Constitui\u00e7\u00e3o ao permitir o cumprimento da pena antes do tr\u00e2nsito em julgado no Brasil, mesmo que ele tenha sido condenado nas tr\u00eas inst\u00e2ncias da justi\u00e7a italiana.<\/p>\n<blockquote><p>\u201cA legisla\u00e7\u00e3o brasileira determina que, independentemente do tr\u00e2nsito em julgado l\u00e1, n\u00f3s temos que homologar a decis\u00e3o estrangeira. A partir do momento que n\u00f3s homologamos essa senten\u00e7a, em respeito \u00e0 lei e ao direito ao contradit\u00f3rio, Robinho pode recorrer dessa homologa\u00e7\u00e3o em liberdade, a menos que se verifiquem raz\u00f5es para a pris\u00e3o preventiva, conforme prev\u00ea nosso C\u00f3digo de Processo Penal (CPP)\u201d<\/p><\/blockquote>\n<p>Segundo a jurista, a pris\u00e3o do ex-jogador antes da an\u00e1lise do recurso extraordin\u00e1rio que ele pode apresentar ao Supremo Tribunal Federal (STF) \u00e9 midi\u00e1tica.<\/p>\n<blockquote><p>\u201cDeterminar que ele seja preso imediatamente, sem aguardar o resultado do recurso, vai contra a pr\u00f3pria Constitui\u00e7\u00e3o, que o ministro Fux deveria proteger. Essa pris\u00e3o \u00e9 uma resposta ao clamor popular, \u00e9 uma resposta \u00e0 press\u00e3o da sociedade para a puni\u00e7\u00e3o de um crime muito cruel e que deve ser punido com o rigor da lei, mas n\u00e3o \u00e9 uma pris\u00e3o que est\u00e1 dentro da normalidade jur\u00eddica da Constitui\u00e7\u00e3o\u201d<\/p><\/blockquote>\n<p>Na noite desta quinta-feira (21\/03), o ministro do STF Luiz Fux indeferiu o habeas corpus solicitado pela defesa de Robinho.<\/p>\n<blockquote><p>\u201cMesmo depois dessa negativa, ele ainda tem direito ao recurso extraordin\u00e1rio ao pr\u00f3prio STF, portanto, o processo ainda n\u00e3o terminou, n\u00e3o transitou em julgado\u201d<\/p><\/blockquote>\n<p>Leia mais<\/p>\n<p><a href=\"https:\/\/redenoticiaz.com.br\/blog\/2024\/03\/22\/policia-federal-prende-robinho\">Pol\u00edcia Federal prende Robinho<\/a><\/p>\n<p><a href=\"https:\/\/redenoticiaz.com.br\/blog\/2024\/03\/20\/stj-decide-que-robinho-deve-cumprir-pena-por-estupro-no-brasil\">STJ decide que Robinho deve cumprir pena por estupro no Brasil<\/a><\/p>\n","protected":false},"excerpt":{"rendered":"<p>A jurista e mestre em Direito Penal Jacqueline Valles afirmou que a pris\u00e3o do ex-jogador Robinho viola a Constitui\u00e7\u00e3o ao permitir o cumprimento da pena antes do tr\u00e2nsito em julgado no Brasil, mesmo que ele tenha sido condenado nas tr\u00eas inst\u00e2ncias da justi\u00e7a italiana. \u201cA legisla\u00e7\u00e3o brasileira determina que, independentemente do tr\u00e2nsito em julgado l\u00e1, &hellip;<\/p>\n","protected":false},"author":12,"featured_media":116340,"comment_status":"open","ping_status":"closed","sticky":false,"template":"","format":"standard","meta":{"footnotes":""},"categories":[683,88],"tags":[3274,1329,21376],"class_list":["post-116339","post","type-post","status-publish","format-standard","has-post-thumbnail","hentry","category-justica","category-policia","tag-cpp","tag-prisao","tag-robinho"],"yoast_head":"<!-- This site is optimized with the Yoast SEO plugin v27.4 - https:\/\/yoast.com\/product\/yoast-seo-wordpress\/ -->\n<title>STF e STJ erram ao antecipar pris\u00e3o de Robinho, diz jurista - Ribeir\u00e3o Preto e Regi\u00e3o<\/title>\n<meta name=\"description\" content=\"Segundo a jurista, a pris\u00e3o do ex-jogador antes da an\u00e1lise do recurso extraordin\u00e1rio que ele pode apresentar ao Supremo Tribunal Federal (STF) \u00e9 midi\u00e1tica\" \/>\n<meta name=\"robots\" content=\"index, follow, max-snippet:-1, max-image-preview:large, max-video-preview:-1\" \/>\n<link rel=\"canonical\" href=\"https:\/\/redenoticiaz.com.br\/ribeiraopreto-regiao\/sp\/2024\/03\/22\/stf-e-stj-erram-ao-antecipar-prisao-de-robinho-diz-jurista\" \/>\n<meta property=\"og:locale\" content=\"pt_BR\" \/>\n<meta property=\"og:type\" content=\"article\" \/>\n<meta property=\"og:title\" content=\"STF e STJ erram ao antecipar pris\u00e3o de Robinho, diz jurista - Ribeir\u00e3o Preto e Regi\u00e3o\" \/>\n<meta property=\"og:description\" content=\"Segundo a jurista, a pris\u00e3o do ex-jogador antes da an\u00e1lise do recurso extraordin\u00e1rio que ele pode apresentar ao Supremo Tribunal Federal (STF) \u00e9 midi\u00e1tica\" \/>\n<meta property=\"og:url\" content=\"https:\/\/redenoticiaz.com.br\/ribeiraopreto-regiao\/sp\/2024\/03\/22\/stf-e-stj-erram-ao-antecipar-prisao-de-robinho-diz-jurista\" \/>\n<meta property=\"og:site_name\" content=\"Ribeir\u00e3o Preto e Regi\u00e3o\" \/>\n<meta property=\"article:publisher\" content=\"https:\/\/m.facebook.com\/redenoticiaz.barretos\" \/>\n<meta property=\"article:published_time\" content=\"2024-03-22T10:56:10+00:00\" \/>\n<meta property=\"article:modified_time\" content=\"2024-03-22T10:56:40+00:00\" \/>\n<meta property=\"og:image\" content=\"https:\/\/redenoticiaz.com.br\/ribeiraopreto-regiao\/wp-content\/uploads\/sites\/4\/2024\/03\/Dra-Jacqueline-7.jpg?v=1711104949\" \/>\n\t<meta property=\"og:image:width\" content=\"1620\" \/>\n\t<meta property=\"og:image:height\" content=\"1080\" \/>\n\t<meta property=\"og:image:type\" content=\"image\/jpeg\" \/>\n<meta name=\"author\" content=\"Gustavo Silva\" \/>\n<meta name=\"twitter:card\" content=\"summary_large_image\" \/>\n<meta name=\"twitter:creator\" content=\"@RN_barretos\" \/>\n<meta name=\"twitter:site\" content=\"@RN_barretos\" \/>\n<meta name=\"twitter:label1\" content=\"Escrito por\" \/>\n\t<meta name=\"twitter:data1\" content=\"Gustavo Silva\" \/>\n\t<meta name=\"twitter:label2\" content=\"Est. tempo de leitura\" \/>\n\t<meta name=\"twitter:data2\" content=\"1 minuto\" \/>\n<script type=\"application\/ld+json\" class=\"yoast-schema-graph\">{\"@context\":\"https:\\\/\\\/schema.org\",\"@graph\":[{\"@type\":\"Article\",\"@id\":\"https:\\\/\\\/redenoticiaz.com.br\\\/ribeiraopreto-regiao\\\/sp\\\/2024\\\/03\\\/22\\\/stf-e-stj-erram-ao-antecipar-prisao-de-robinho-diz-jurista#article\",\"isPartOf\":{\"@id\":\"https:\\\/\\\/redenoticiaz.com.br\\\/ribeiraopreto-regiao\\\/sp\\\/2024\\\/03\\\/22\\\/stf-e-stj-erram-ao-antecipar-prisao-de-robinho-diz-jurista\"},\"author\":{\"name\":\"Gustavo Silva\",\"@id\":\"https:\\\/\\\/redenoticiaz.com.br\\\/ribeiraopreto-regiao\\\/#\\\/schema\\\/person\\\/16057b37a3c0ee6b096d7f887c566e2e\"},\"headline\":\"STF e STJ erram ao antecipar pris\u00e3o de Robinho, diz jurista\",\"datePublished\":\"2024-03-22T10:56:10+00:00\",\"dateModified\":\"2024-03-22T10:56:40+00:00\",\"mainEntityOfPage\":{\"@id\":\"https:\\\/\\\/redenoticiaz.com.br\\\/ribeiraopreto-regiao\\\/sp\\\/2024\\\/03\\\/22\\\/stf-e-stj-erram-ao-antecipar-prisao-de-robinho-diz-jurista\"},\"wordCount\":299,\"commentCount\":0,\"publisher\":{\"@id\":\"https:\\\/\\\/redenoticiaz.com.br\\\/ribeiraopreto-regiao\\\/#organization\"},\"image\":{\"@id\":\"https:\\\/\\\/redenoticiaz.com.br\\\/ribeiraopreto-regiao\\\/sp\\\/2024\\\/03\\\/22\\\/stf-e-stj-erram-ao-antecipar-prisao-de-robinho-diz-jurista#primaryimage\"},\"thumbnailUrl\":\"https:\\\/\\\/redenoticiaz.com.br\\\/ribeiraopreto-regiao\\\/wp-content\\\/uploads\\\/sites\\\/4\\\/2024\\\/03\\\/Dra-Jacqueline-7.jpg?v=1711104949\",\"keywords\":[\"cpp\",\"PRIS\u00c3O\",\"Robinho\"],\"articleSection\":[\"Justi\u00e7a\",\"Pol\u00edcia\"],\"inLanguage\":\"pt-BR\",\"potentialAction\":[{\"@type\":\"CommentAction\",\"name\":\"Comment\",\"target\":[\"https:\\\/\\\/redenoticiaz.com.br\\\/ribeiraopreto-regiao\\\/sp\\\/2024\\\/03\\\/22\\\/stf-e-stj-erram-ao-antecipar-prisao-de-robinho-diz-jurista#respond\"]}]},{\"@type\":\"WebPage\",\"@id\":\"https:\\\/\\\/redenoticiaz.com.br\\\/ribeiraopreto-regiao\\\/sp\\\/2024\\\/03\\\/22\\\/stf-e-stj-erram-ao-antecipar-prisao-de-robinho-diz-jurista\",\"url\":\"https:\\\/\\\/redenoticiaz.com.br\\\/ribeiraopreto-regiao\\\/sp\\\/2024\\\/03\\\/22\\\/stf-e-stj-erram-ao-antecipar-prisao-de-robinho-diz-jurista\",\"name\":\"STF e STJ erram ao antecipar pris\u00e3o de Robinho, diz jurista - Ribeir\u00e3o Preto e Regi\u00e3o\",\"isPartOf\":{\"@id\":\"https:\\\/\\\/redenoticiaz.com.br\\\/ribeiraopreto-regiao\\\/#website\"},\"primaryImageOfPage\":{\"@id\":\"https:\\\/\\\/redenoticiaz.com.br\\\/ribeiraopreto-regiao\\\/sp\\\/2024\\\/03\\\/22\\\/stf-e-stj-erram-ao-antecipar-prisao-de-robinho-diz-jurista#primaryimage\"},\"image\":{\"@id\":\"https:\\\/\\\/redenoticiaz.com.br\\\/ribeiraopreto-regiao\\\/sp\\\/2024\\\/03\\\/22\\\/stf-e-stj-erram-ao-antecipar-prisao-de-robinho-diz-jurista#primaryimage\"},\"thumbnailUrl\":\"https:\\\/\\\/redenoticiaz.com.br\\\/ribeiraopreto-regiao\\\/wp-content\\\/uploads\\\/sites\\\/4\\\/2024\\\/03\\\/Dra-Jacqueline-7.jpg?v=1711104949\",\"datePublished\":\"2024-03-22T10:56:10+00:00\",\"dateModified\":\"2024-03-22T10:56:40+00:00\",\"description\":\"Segundo a jurista, a pris\u00e3o do ex-jogador antes da an\u00e1lise do recurso extraordin\u00e1rio que ele pode apresentar ao Supremo Tribunal Federal (STF) \u00e9 midi\u00e1tica\",\"inLanguage\":\"pt-BR\",\"potentialAction\":[{\"@type\":\"ReadAction\",\"target\":[\"https:\\\/\\\/redenoticiaz.com.br\\\/ribeiraopreto-regiao\\\/sp\\\/2024\\\/03\\\/22\\\/stf-e-stj-erram-ao-antecipar-prisao-de-robinho-diz-jurista\"]}]},{\"@type\":\"ImageObject\",\"inLanguage\":\"pt-BR\",\"@id\":\"https:\\\/\\\/redenoticiaz.com.br\\\/ribeiraopreto-regiao\\\/sp\\\/2024\\\/03\\\/22\\\/stf-e-stj-erram-ao-antecipar-prisao-de-robinho-diz-jurista#primaryimage\",\"url\":\"https:\\\/\\\/redenoticiaz.com.br\\\/ribeiraopreto-regiao\\\/wp-content\\\/uploads\\\/sites\\\/4\\\/2024\\\/03\\\/Dra-Jacqueline-7.jpg?v=1711104949\",\"contentUrl\":\"https:\\\/\\\/redenoticiaz.com.br\\\/ribeiraopreto-regiao\\\/wp-content\\\/uploads\\\/sites\\\/4\\\/2024\\\/03\\\/Dra-Jacqueline-7.jpg?v=1711104949\",\"width\":1620,\"height\":1080},{\"@type\":\"WebSite\",\"@id\":\"https:\\\/\\\/redenoticiaz.com.br\\\/ribeiraopreto-regiao\\\/#website\",\"url\":\"https:\\\/\\\/redenoticiaz.com.br\\\/ribeiraopreto-regiao\\\/\",\"name\":\"Ribeir\u00e3o Preto e Regi\u00e3o\",\"description\":\"Rede NoticiaZ - Ribeir\u00e3o Preto e regi\u00e3o\",\"publisher\":{\"@id\":\"https:\\\/\\\/redenoticiaz.com.br\\\/ribeiraopreto-regiao\\\/#organization\"},\"potentialAction\":[{\"@type\":\"SearchAction\",\"target\":{\"@type\":\"EntryPoint\",\"urlTemplate\":\"https:\\\/\\\/redenoticiaz.com.br\\\/ribeiraopreto-regiao\\\/?s={search_term_string}\"},\"query-input\":{\"@type\":\"PropertyValueSpecification\",\"valueRequired\":true,\"valueName\":\"search_term_string\"}}],\"inLanguage\":\"pt-BR\"},{\"@type\":\"Organization\",\"@id\":\"https:\\\/\\\/redenoticiaz.com.br\\\/ribeiraopreto-regiao\\\/#organization\",\"name\":\"Ribeir\u00e3o Preto e Regi\u00e3o\",\"url\":\"https:\\\/\\\/redenoticiaz.com.br\\\/ribeiraopreto-regiao\\\/\",\"logo\":{\"@type\":\"ImageObject\",\"inLanguage\":\"pt-BR\",\"@id\":\"https:\\\/\\\/redenoticiaz.com.br\\\/ribeiraopreto-regiao\\\/#\\\/schema\\\/logo\\\/image\\\/\",\"url\":\"https:\\\/\\\/redenoticiaz.com.br\\\/barretos-regiao\\\/wp-content\\\/uploads\\\/sites\\\/4\\\/2022\\\/02\\\/logo.jpg\",\"contentUrl\":\"https:\\\/\\\/redenoticiaz.com.br\\\/barretos-regiao\\\/wp-content\\\/uploads\\\/sites\\\/4\\\/2022\\\/02\\\/logo.jpg\",\"width\":400,\"height\":250,\"caption\":\"Ribeir\u00e3o Preto e Regi\u00e3o\"},\"image\":{\"@id\":\"https:\\\/\\\/redenoticiaz.com.br\\\/ribeiraopreto-regiao\\\/#\\\/schema\\\/logo\\\/image\\\/\"},\"sameAs\":[\"https:\\\/\\\/m.facebook.com\\\/redenoticiaz.barretos\",\"https:\\\/\\\/x.com\\\/RN_barretos\",\"https:\\\/\\\/www.instagram.com\\\/redenoticiaz.barretos\\\/?igshid=YmMyMTA2M2Y\",\"https:\\\/\\\/www.linkedin.com\\\/company\\\/rede-noticiaz-barretos-e-regio\\\/\"]},{\"@type\":\"Person\",\"@id\":\"https:\\\/\\\/redenoticiaz.com.br\\\/ribeiraopreto-regiao\\\/#\\\/schema\\\/person\\\/16057b37a3c0ee6b096d7f887c566e2e\",\"name\":\"Gustavo Silva\",\"image\":{\"@type\":\"ImageObject\",\"inLanguage\":\"pt-BR\",\"@id\":\"https:\\\/\\\/secure.gravatar.com\\\/avatar\\\/3ee4e82f93b26de0a7cf4ea5eb7893da637ed6bb0c9170c58065944c56e28a33?s=96&d=mm&r=g\",\"url\":\"https:\\\/\\\/secure.gravatar.com\\\/avatar\\\/3ee4e82f93b26de0a7cf4ea5eb7893da637ed6bb0c9170c58065944c56e28a33?s=96&d=mm&r=g\",\"contentUrl\":\"https:\\\/\\\/secure.gravatar.com\\\/avatar\\\/3ee4e82f93b26de0a7cf4ea5eb7893da637ed6bb0c9170c58065944c56e28a33?s=96&d=mm&r=g\",\"caption\":\"Gustavo Silva\"},\"url\":\"https:\\\/\\\/redenoticiaz.com.br\\\/ribeiraopreto-regiao\\\/sp\\\/author\\\/gustavosilva\"}]}<\/script>\n<!-- \/ Yoast SEO plugin. -->","yoast_head_json":{"title":"STF e STJ erram ao antecipar pris\u00e3o de Robinho, diz jurista - Ribeir\u00e3o Preto e Regi\u00e3o","description":"Segundo a jurista, a pris\u00e3o do ex-jogador antes da an\u00e1lise do recurso extraordin\u00e1rio que ele pode apresentar ao Supremo Tribunal Federal (STF) \u00e9 midi\u00e1tica","robots":{"index":"index","follow":"follow","max-snippet":"max-snippet:-1","max-image-preview":"max-image-preview:large","max-video-preview":"max-video-preview:-1"},"canonical":"https:\/\/redenoticiaz.com.br\/ribeiraopreto-regiao\/sp\/2024\/03\/22\/stf-e-stj-erram-ao-antecipar-prisao-de-robinho-diz-jurista","og_locale":"pt_BR","og_type":"article","og_title":"STF e STJ erram ao antecipar pris\u00e3o de Robinho, diz jurista - Ribeir\u00e3o Preto e Regi\u00e3o","og_description":"Segundo a jurista, a pris\u00e3o do ex-jogador antes da an\u00e1lise do recurso extraordin\u00e1rio que ele pode apresentar ao Supremo Tribunal Federal (STF) \u00e9 midi\u00e1tica","og_url":"https:\/\/redenoticiaz.com.br\/ribeiraopreto-regiao\/sp\/2024\/03\/22\/stf-e-stj-erram-ao-antecipar-prisao-de-robinho-diz-jurista","og_site_name":"Ribeir\u00e3o Preto e Regi\u00e3o","article_publisher":"https:\/\/m.facebook.com\/redenoticiaz.barretos","article_published_time":"2024-03-22T10:56:10+00:00","article_modified_time":"2024-03-22T10:56:40+00:00","og_image":[{"width":1620,"height":1080,"url":"https:\/\/redenoticiaz.com.br\/ribeiraopreto-regiao\/wp-content\/uploads\/sites\/4\/2024\/03\/Dra-Jacqueline-7.jpg?v=1711104949","type":"image\/jpeg"}],"author":"Gustavo Silva","twitter_card":"summary_large_image","twitter_creator":"@RN_barretos","twitter_site":"@RN_barretos","twitter_misc":{"Escrito por":"Gustavo Silva","Est. tempo de leitura":"1 minuto"},"schema":{"@context":"https:\/\/schema.org","@graph":[{"@type":"Article","@id":"https:\/\/redenoticiaz.com.br\/ribeiraopreto-regiao\/sp\/2024\/03\/22\/stf-e-stj-erram-ao-antecipar-prisao-de-robinho-diz-jurista#article","isPartOf":{"@id":"https:\/\/redenoticiaz.com.br\/ribeiraopreto-regiao\/sp\/2024\/03\/22\/stf-e-stj-erram-ao-antecipar-prisao-de-robinho-diz-jurista"},"author":{"name":"Gustavo Silva","@id":"https:\/\/redenoticiaz.com.br\/ribeiraopreto-regiao\/#\/schema\/person\/16057b37a3c0ee6b096d7f887c566e2e"},"headline":"STF e STJ erram ao antecipar pris\u00e3o de Robinho, diz jurista","datePublished":"2024-03-22T10:56:10+00:00","dateModified":"2024-03-22T10:56:40+00:00","mainEntityOfPage":{"@id":"https:\/\/redenoticiaz.com.br\/ribeiraopreto-regiao\/sp\/2024\/03\/22\/stf-e-stj-erram-ao-antecipar-prisao-de-robinho-diz-jurista"},"wordCount":299,"commentCount":0,"publisher":{"@id":"https:\/\/redenoticiaz.com.br\/ribeiraopreto-regiao\/#organization"},"image":{"@id":"https:\/\/redenoticiaz.com.br\/ribeiraopreto-regiao\/sp\/2024\/03\/22\/stf-e-stj-erram-ao-antecipar-prisao-de-robinho-diz-jurista#primaryimage"},"thumbnailUrl":"https:\/\/redenoticiaz.com.br\/ribeiraopreto-regiao\/wp-content\/uploads\/sites\/4\/2024\/03\/Dra-Jacqueline-7.jpg?v=1711104949","keywords":["cpp","PRIS\u00c3O","Robinho"],"articleSection":["Justi\u00e7a","Pol\u00edcia"],"inLanguage":"pt-BR","potentialAction":[{"@type":"CommentAction","name":"Comment","target":["https:\/\/redenoticiaz.com.br\/ribeiraopreto-regiao\/sp\/2024\/03\/22\/stf-e-stj-erram-ao-antecipar-prisao-de-robinho-diz-jurista#respond"]}]},{"@type":"WebPage","@id":"https:\/\/redenoticiaz.com.br\/ribeiraopreto-regiao\/sp\/2024\/03\/22\/stf-e-stj-erram-ao-antecipar-prisao-de-robinho-diz-jurista","url":"https:\/\/redenoticiaz.com.br\/ribeiraopreto-regiao\/sp\/2024\/03\/22\/stf-e-stj-erram-ao-antecipar-prisao-de-robinho-diz-jurista","name":"STF e STJ erram ao antecipar pris\u00e3o de Robinho, diz jurista - Ribeir\u00e3o Preto e Regi\u00e3o","isPartOf":{"@id":"https:\/\/redenoticiaz.com.br\/ribeiraopreto-regiao\/#website"},"primaryImageOfPage":{"@id":"https:\/\/redenoticiaz.com.br\/ribeiraopreto-regiao\/sp\/2024\/03\/22\/stf-e-stj-erram-ao-antecipar-prisao-de-robinho-diz-jurista#primaryimage"},"image":{"@id":"https:\/\/redenoticiaz.com.br\/ribeiraopreto-regiao\/sp\/2024\/03\/22\/stf-e-stj-erram-ao-antecipar-prisao-de-robinho-diz-jurista#primaryimage"},"thumbnailUrl":"https:\/\/redenoticiaz.com.br\/ribeiraopreto-regiao\/wp-content\/uploads\/sites\/4\/2024\/03\/Dra-Jacqueline-7.jpg?v=1711104949","datePublished":"2024-03-22T10:56:10+00:00","dateModified":"2024-03-22T10:56:40+00:00","description":"Segundo a jurista, a pris\u00e3o do ex-jogador antes da an\u00e1lise do recurso extraordin\u00e1rio que ele pode apresentar ao Supremo Tribunal Federal (STF) \u00e9 midi\u00e1tica","inLanguage":"pt-BR","potentialAction":[{"@type":"ReadAction","target":["https:\/\/redenoticiaz.com.br\/ribeiraopreto-regiao\/sp\/2024\/03\/22\/stf-e-stj-erram-ao-antecipar-prisao-de-robinho-diz-jurista"]}]},{"@type":"ImageObject","inLanguage":"pt-BR","@id":"https:\/\/redenoticiaz.com.br\/ribeiraopreto-regiao\/sp\/2024\/03\/22\/stf-e-stj-erram-ao-antecipar-prisao-de-robinho-diz-jurista#primaryimage","url":"https:\/\/redenoticiaz.com.br\/ribeiraopreto-regiao\/wp-content\/uploads\/sites\/4\/2024\/03\/Dra-Jacqueline-7.jpg?v=1711104949","contentUrl":"https:\/\/redenoticiaz.com.br\/ribeiraopreto-regiao\/wp-content\/uploads\/sites\/4\/2024\/03\/Dra-Jacqueline-7.jpg?v=1711104949","width":1620,"height":1080},{"@type":"WebSite","@id":"https:\/\/redenoticiaz.com.br\/ribeiraopreto-regiao\/#website","url":"https:\/\/redenoticiaz.com.br\/ribeiraopreto-regiao\/","name":"Ribeir\u00e3o Preto e Regi\u00e3o","description":"Rede NoticiaZ - Ribeir\u00e3o Preto e regi\u00e3o","publisher":{"@id":"https:\/\/redenoticiaz.com.br\/ribeiraopreto-regiao\/#organization"},"potentialAction":[{"@type":"SearchAction","target":{"@type":"EntryPoint","urlTemplate":"https:\/\/redenoticiaz.com.br\/ribeiraopreto-regiao\/?s={search_term_string}"},"query-input":{"@type":"PropertyValueSpecification","valueRequired":true,"valueName":"search_term_string"}}],"inLanguage":"pt-BR"},{"@type":"Organization","@id":"https:\/\/redenoticiaz.com.br\/ribeiraopreto-regiao\/#organization","name":"Ribeir\u00e3o Preto e Regi\u00e3o","url":"https:\/\/redenoticiaz.com.br\/ribeiraopreto-regiao\/","logo":{"@type":"ImageObject","inLanguage":"pt-BR","@id":"https:\/\/redenoticiaz.com.br\/ribeiraopreto-regiao\/#\/schema\/logo\/image\/","url":"https:\/\/redenoticiaz.com.br\/barretos-regiao\/wp-content\/uploads\/sites\/4\/2022\/02\/logo.jpg","contentUrl":"https:\/\/redenoticiaz.com.br\/barretos-regiao\/wp-content\/uploads\/sites\/4\/2022\/02\/logo.jpg","width":400,"height":250,"caption":"Ribeir\u00e3o Preto e Regi\u00e3o"},"image":{"@id":"https:\/\/redenoticiaz.com.br\/ribeiraopreto-regiao\/#\/schema\/logo\/image\/"},"sameAs":["https:\/\/m.facebook.com\/redenoticiaz.barretos","https:\/\/x.com\/RN_barretos","https:\/\/www.instagram.com\/redenoticiaz.barretos\/?igshid=YmMyMTA2M2Y","https:\/\/www.linkedin.com\/company\/rede-noticiaz-barretos-e-regio\/"]},{"@type":"Person","@id":"https:\/\/redenoticiaz.com.br\/ribeiraopreto-regiao\/#\/schema\/person\/16057b37a3c0ee6b096d7f887c566e2e","name":"Gustavo Silva","image":{"@type":"ImageObject","inLanguage":"pt-BR","@id":"https:\/\/secure.gravatar.com\/avatar\/3ee4e82f93b26de0a7cf4ea5eb7893da637ed6bb0c9170c58065944c56e28a33?s=96&d=mm&r=g","url":"https:\/\/secure.gravatar.com\/avatar\/3ee4e82f93b26de0a7cf4ea5eb7893da637ed6bb0c9170c58065944c56e28a33?s=96&d=mm&r=g","contentUrl":"https:\/\/secure.gravatar.com\/avatar\/3ee4e82f93b26de0a7cf4ea5eb7893da637ed6bb0c9170c58065944c56e28a33?s=96&d=mm&r=g","caption":"Gustavo Silva"},"url":"https:\/\/redenoticiaz.com.br\/ribeiraopreto-regiao\/sp\/author\/gustavosilva"}]}},"_links":{"self":[{"href":"https:\/\/redenoticiaz.com.br\/ribeiraopreto-regiao\/wp-json\/wp\/v2\/posts\/116339","targetHints":{"allow":["GET"]}}],"collection":[{"href":"https:\/\/redenoticiaz.com.br\/ribeiraopreto-regiao\/wp-json\/wp\/v2\/posts"}],"about":[{"href":"https:\/\/redenoticiaz.com.br\/ribeiraopreto-regiao\/wp-json\/wp\/v2\/types\/post"}],"author":[{"embeddable":true,"href":"https:\/\/redenoticiaz.com.br\/ribeiraopreto-regiao\/wp-json\/wp\/v2\/users\/12"}],"replies":[{"embeddable":true,"href":"https:\/\/redenoticiaz.com.br\/ribeiraopreto-regiao\/wp-json\/wp\/v2\/comments?post=116339"}],"version-history":[{"count":0,"href":"https:\/\/redenoticiaz.com.br\/ribeiraopreto-regiao\/wp-json\/wp\/v2\/posts\/116339\/revisions"}],"wp:featuredmedia":[{"embeddable":true,"href":"https:\/\/redenoticiaz.com.br\/ribeiraopreto-regiao\/wp-json\/wp\/v2\/media\/116340"}],"wp:attachment":[{"href":"https:\/\/redenoticiaz.com.br\/ribeiraopreto-regiao\/wp-json\/wp\/v2\/media?parent=116339"}],"wp:term":[{"taxonomy":"category","embeddable":true,"href":"https:\/\/redenoticiaz.com.br\/ribeiraopreto-regiao\/wp-json\/wp\/v2\/categories?post=116339"},{"taxonomy":"post_tag","embeddable":true,"href":"https:\/\/redenoticiaz.com.br\/ribeiraopreto-regiao\/wp-json\/wp\/v2\/tags?post=116339"}],"curies":[{"name":"wp","href":"https:\/\/api.w.org\/{rel}","templated":true}]}}