{"id":116396,"date":"2024-03-24T10:57:55","date_gmt":"2024-03-24T13:57:55","guid":{"rendered":"https:\/\/redenoticiaz.com.br\/barretos-regiao\/sp\/2024\/03\/24\/policia-federal-prende-tres-suspeitos-de-mandar-matar-marielle-franco"},"modified":"2024-03-24T10:57:55","modified_gmt":"2024-03-24T13:57:55","slug":"policia-federal-prende-tres-suspeitos-de-mandar-matar-marielle-franco","status":"publish","type":"post","link":"https:\/\/redenoticiaz.com.br\/ribeiraopreto-regiao\/sp\/2024\/03\/24\/policia-federal-prende-tres-suspeitos-de-mandar-matar-marielle-franco","title":{"rendered":"Pol\u00edcia Federal prende tr\u00eas suspeitos de mandar matar Marielle Franco"},"content":{"rendered":"<p>Houve um importante desenvolvimento no caso do atentado contra Marielle Franco e o motorista Anderson Gomes. Domingos Braz\u00e3o e Chiquinho Braz\u00e3o foram presos neste domingo (24), como mandantes do atentado. O delegado Rivaldo Barbosa tamb\u00e9m foi preso por atrapalhar as investiga\u00e7\u00f5es.<\/p>\n<p>Marielle Franco\u00a0 foi morta durante um atentado em mar\u00e7o de 2018, no qual tamb\u00e9m morreu o motorista Anderson Gomes.<\/p>\n<p>Os mandados de pris\u00e3o preventiva foram expedidos pelo ministro Alexandre de Moraes, do Supremo Tribunal Federal (STF), como parte da Opera\u00e7\u00e3o Murder, Inc., conduzida pela Procuradoria-Geral da Rep\u00fablica (PGR), pelo Minist\u00e9rio P\u00fablico do Rio de Janeiro (MPRJ) e pela Pol\u00edcia Federal (PF).<\/p>\n<p>Os presos seriam ouvidos na sede da PF no Rio e depois encaminhados para a Penitenci\u00e1ria Federal de Bras\u00edlia.<\/p>\n<p>Domingos \u00e9 conselheiro do Tribunal de Contas do Estado (TCE-RJ), Chiquinho \u00e9 deputado federal pelo Uni\u00e3o Brasil e tinha foro especial, enquanto Rivaldo era chefe da Pol\u00edcia Civil \u00e0 \u00e9poca do atentado e hoje \u00e9 coordenador de Comunica\u00e7\u00f5es e Opera\u00e7\u00f5es Policiais da institui\u00e7\u00e3o.<\/p>\n<p>Essas pris\u00f5es e medidas indicam um avan\u00e7o nas investiga\u00e7\u00f5es sobre o caso Marielle Franco e Anderson Gomes.<\/p>\n<p>LEIA MAIS<\/p>\n<p><a href=\"https:\/\/redenoticiaz.com.br\/blog\/2024\/03\/23\/bolsonaro-aciona-justica-contra-lula-por-declaracoes-sobre-mobilia-do-palacio-da-alvorada\">Bolsonaro aciona Justi\u00e7a contra Lula por declara\u00e7\u00f5es sobre mob\u00edlia do Pal\u00e1cio da Alvorada<\/a><\/p>\n<p><a href=\"https:\/\/redenoticiaz.com.br\/blog\/2024\/03\/23\/portaria-que-obriga-distribuicao-de-agua-em-shows-e-prorrogada\">Portaria que obriga distribui\u00e7\u00e3o de \u00e1gua em shows \u00e9 prorrogada<\/a><\/p>\n","protected":false},"excerpt":{"rendered":"<p>Houve um importante desenvolvimento no caso do atentado contra Marielle Franco e o motorista Anderson Gomes. Domingos Braz\u00e3o e Chiquinho Braz\u00e3o foram presos neste domingo (24), como mandantes do atentado. O delegado Rivaldo Barbosa tamb\u00e9m foi preso por atrapalhar as investiga\u00e7\u00f5es. Marielle Franco\u00a0 foi morta durante um atentado em mar\u00e7o de 2018, no qual tamb\u00e9m &hellip;<\/p>\n","protected":false},"author":30,"featured_media":116397,"comment_status":"open","ping_status":"closed","sticky":false,"template":"","format":"standard","meta":{"footnotes":""},"categories":[88],"tags":[30103,20182,30104,10389],"class_list":["post-116396","post","type-post","status-publish","format-standard","has-post-thumbnail","hentry","category-policia","tag-brazao","tag-delegado","tag-marielle-franco","tag-presos"],"yoast_head":"<!-- This site is optimized with the Yoast SEO plugin v27.4 - https:\/\/yoast.com\/product\/yoast-seo-wordpress\/ -->\n<title>Pol\u00edcia Federal prende tr\u00eas suspeitos de mandar matar Marielle Franco - Ribeir\u00e3o Preto e Regi\u00e3o<\/title>\n<meta name=\"description\" content=\"Houve um importante desenvolvimento no caso do atentado contra Marielle Franco e seu motorista Anderson Gomes. Os irm\u00e3os Braz\u00e3o foram presos.\" \/>\n<meta name=\"robots\" content=\"index, follow, max-snippet:-1, max-image-preview:large, max-video-preview:-1\" \/>\n<link rel=\"canonical\" href=\"https:\/\/redenoticiaz.com.br\/ribeiraopreto-regiao\/sp\/2024\/03\/24\/policia-federal-prende-tres-suspeitos-de-mandar-matar-marielle-franco\" \/>\n<meta property=\"og:locale\" content=\"pt_BR\" \/>\n<meta property=\"og:type\" content=\"article\" \/>\n<meta property=\"og:title\" content=\"Pol\u00edcia Federal prende tr\u00eas suspeitos de mandar matar Marielle Franco - Ribeir\u00e3o Preto e Regi\u00e3o\" \/>\n<meta property=\"og:description\" content=\"Houve um importante desenvolvimento no caso do atentado contra Marielle Franco e seu motorista Anderson Gomes. Os irm\u00e3os Braz\u00e3o foram presos.\" \/>\n<meta property=\"og:url\" content=\"https:\/\/redenoticiaz.com.br\/ribeiraopreto-regiao\/sp\/2024\/03\/24\/policia-federal-prende-tres-suspeitos-de-mandar-matar-marielle-franco\" \/>\n<meta property=\"og:site_name\" content=\"Ribeir\u00e3o Preto e Regi\u00e3o\" \/>\n<meta property=\"article:publisher\" content=\"https:\/\/m.facebook.com\/redenoticiaz.barretos\" \/>\n<meta property=\"article:published_time\" content=\"2024-03-24T13:57:55+00:00\" \/>\n<meta property=\"og:image\" content=\"https:\/\/redenoticiaz.com.br\/ribeiraopreto-regiao\/wp-content\/uploads\/sites\/4\/2024\/03\/Captura-de-tela-2024-03-24-103732.jpg?v=1711288216\" \/>\n\t<meta property=\"og:image:width\" content=\"355\" \/>\n\t<meta property=\"og:image:height\" content=\"200\" \/>\n\t<meta property=\"og:image:type\" content=\"image\/jpeg\" \/>\n<meta name=\"author\" content=\"Carina Reifonas\" \/>\n<meta name=\"twitter:card\" content=\"summary_large_image\" \/>\n<meta name=\"twitter:creator\" content=\"@RN_barretos\" \/>\n<meta name=\"twitter:site\" content=\"@RN_barretos\" \/>\n<meta name=\"twitter:label1\" content=\"Escrito por\" \/>\n\t<meta name=\"twitter:data1\" content=\"Carina Reifonas\" \/>\n\t<meta name=\"twitter:label2\" content=\"Est. tempo de leitura\" \/>\n\t<meta name=\"twitter:data2\" content=\"2 minutos\" \/>\n<script type=\"application\/ld+json\" class=\"yoast-schema-graph\">{\"@context\":\"https:\\\/\\\/schema.org\",\"@graph\":[{\"@type\":\"Article\",\"@id\":\"https:\\\/\\\/redenoticiaz.com.br\\\/ribeiraopreto-regiao\\\/sp\\\/2024\\\/03\\\/24\\\/policia-federal-prende-tres-suspeitos-de-mandar-matar-marielle-franco#article\",\"isPartOf\":{\"@id\":\"https:\\\/\\\/redenoticiaz.com.br\\\/ribeiraopreto-regiao\\\/sp\\\/2024\\\/03\\\/24\\\/policia-federal-prende-tres-suspeitos-de-mandar-matar-marielle-franco\"},\"author\":{\"name\":\"Carina Reifonas\",\"@id\":\"https:\\\/\\\/redenoticiaz.com.br\\\/ribeiraopreto-regiao\\\/#\\\/schema\\\/person\\\/1f84d6e94e6a62d2d81199d7503e9e90\"},\"headline\":\"Pol\u00edcia Federal prende tr\u00eas suspeitos de mandar matar Marielle Franco\",\"datePublished\":\"2024-03-24T13:57:55+00:00\",\"mainEntityOfPage\":{\"@id\":\"https:\\\/\\\/redenoticiaz.com.br\\\/ribeiraopreto-regiao\\\/sp\\\/2024\\\/03\\\/24\\\/policia-federal-prende-tres-suspeitos-de-mandar-matar-marielle-franco\"},\"wordCount\":238,\"commentCount\":0,\"publisher\":{\"@id\":\"https:\\\/\\\/redenoticiaz.com.br\\\/ribeiraopreto-regiao\\\/#organization\"},\"image\":{\"@id\":\"https:\\\/\\\/redenoticiaz.com.br\\\/ribeiraopreto-regiao\\\/sp\\\/2024\\\/03\\\/24\\\/policia-federal-prende-tres-suspeitos-de-mandar-matar-marielle-franco#primaryimage\"},\"thumbnailUrl\":\"https:\\\/\\\/redenoticiaz.com.br\\\/ribeiraopreto-regiao\\\/wp-content\\\/uploads\\\/sites\\\/4\\\/2024\\\/03\\\/Captura-de-tela-2024-03-24-103732.jpg?v=1711288216\",\"keywords\":[\"Braz\u00e3o\",\"delegado\",\"Marielle Franco\",\"PRESOS\"],\"articleSection\":[\"Pol\u00edcia\"],\"inLanguage\":\"pt-BR\",\"potentialAction\":[{\"@type\":\"CommentAction\",\"name\":\"Comment\",\"target\":[\"https:\\\/\\\/redenoticiaz.com.br\\\/ribeiraopreto-regiao\\\/sp\\\/2024\\\/03\\\/24\\\/policia-federal-prende-tres-suspeitos-de-mandar-matar-marielle-franco#respond\"]}]},{\"@type\":\"WebPage\",\"@id\":\"https:\\\/\\\/redenoticiaz.com.br\\\/ribeiraopreto-regiao\\\/sp\\\/2024\\\/03\\\/24\\\/policia-federal-prende-tres-suspeitos-de-mandar-matar-marielle-franco\",\"url\":\"https:\\\/\\\/redenoticiaz.com.br\\\/ribeiraopreto-regiao\\\/sp\\\/2024\\\/03\\\/24\\\/policia-federal-prende-tres-suspeitos-de-mandar-matar-marielle-franco\",\"name\":\"Pol\u00edcia Federal prende tr\u00eas suspeitos de mandar matar Marielle Franco - Ribeir\u00e3o Preto e Regi\u00e3o\",\"isPartOf\":{\"@id\":\"https:\\\/\\\/redenoticiaz.com.br\\\/ribeiraopreto-regiao\\\/#website\"},\"primaryImageOfPage\":{\"@id\":\"https:\\\/\\\/redenoticiaz.com.br\\\/ribeiraopreto-regiao\\\/sp\\\/2024\\\/03\\\/24\\\/policia-federal-prende-tres-suspeitos-de-mandar-matar-marielle-franco#primaryimage\"},\"image\":{\"@id\":\"https:\\\/\\\/redenoticiaz.com.br\\\/ribeiraopreto-regiao\\\/sp\\\/2024\\\/03\\\/24\\\/policia-federal-prende-tres-suspeitos-de-mandar-matar-marielle-franco#primaryimage\"},\"thumbnailUrl\":\"https:\\\/\\\/redenoticiaz.com.br\\\/ribeiraopreto-regiao\\\/wp-content\\\/uploads\\\/sites\\\/4\\\/2024\\\/03\\\/Captura-de-tela-2024-03-24-103732.jpg?v=1711288216\",\"datePublished\":\"2024-03-24T13:57:55+00:00\",\"description\":\"Houve um importante desenvolvimento no caso do atentado contra Marielle Franco e seu motorista Anderson Gomes. Os irm\u00e3os Braz\u00e3o foram presos.\",\"inLanguage\":\"pt-BR\",\"potentialAction\":[{\"@type\":\"ReadAction\",\"target\":[\"https:\\\/\\\/redenoticiaz.com.br\\\/ribeiraopreto-regiao\\\/sp\\\/2024\\\/03\\\/24\\\/policia-federal-prende-tres-suspeitos-de-mandar-matar-marielle-franco\"]}]},{\"@type\":\"ImageObject\",\"inLanguage\":\"pt-BR\",\"@id\":\"https:\\\/\\\/redenoticiaz.com.br\\\/ribeiraopreto-regiao\\\/sp\\\/2024\\\/03\\\/24\\\/policia-federal-prende-tres-suspeitos-de-mandar-matar-marielle-franco#primaryimage\",\"url\":\"https:\\\/\\\/redenoticiaz.com.br\\\/ribeiraopreto-regiao\\\/wp-content\\\/uploads\\\/sites\\\/4\\\/2024\\\/03\\\/Captura-de-tela-2024-03-24-103732.jpg?v=1711288216\",\"contentUrl\":\"https:\\\/\\\/redenoticiaz.com.br\\\/ribeiraopreto-regiao\\\/wp-content\\\/uploads\\\/sites\\\/4\\\/2024\\\/03\\\/Captura-de-tela-2024-03-24-103732.jpg?v=1711288216\",\"width\":355,\"height\":200,\"caption\":\"Irm\u00e3os Braz\u00e3o e delegado Rivaldo Barbosa, s\u00e3o presos no domingo (24).\"},{\"@type\":\"WebSite\",\"@id\":\"https:\\\/\\\/redenoticiaz.com.br\\\/ribeiraopreto-regiao\\\/#website\",\"url\":\"https:\\\/\\\/redenoticiaz.com.br\\\/ribeiraopreto-regiao\\\/\",\"name\":\"Ribeir\u00e3o Preto e Regi\u00e3o\",\"description\":\"Rede NoticiaZ - Ribeir\u00e3o Preto e regi\u00e3o\",\"publisher\":{\"@id\":\"https:\\\/\\\/redenoticiaz.com.br\\\/ribeiraopreto-regiao\\\/#organization\"},\"potentialAction\":[{\"@type\":\"SearchAction\",\"target\":{\"@type\":\"EntryPoint\",\"urlTemplate\":\"https:\\\/\\\/redenoticiaz.com.br\\\/ribeiraopreto-regiao\\\/?s={search_term_string}\"},\"query-input\":{\"@type\":\"PropertyValueSpecification\",\"valueRequired\":true,\"valueName\":\"search_term_string\"}}],\"inLanguage\":\"pt-BR\"},{\"@type\":\"Organization\",\"@id\":\"https:\\\/\\\/redenoticiaz.com.br\\\/ribeiraopreto-regiao\\\/#organization\",\"name\":\"Ribeir\u00e3o Preto e Regi\u00e3o\",\"url\":\"https:\\\/\\\/redenoticiaz.com.br\\\/ribeiraopreto-regiao\\\/\",\"logo\":{\"@type\":\"ImageObject\",\"inLanguage\":\"pt-BR\",\"@id\":\"https:\\\/\\\/redenoticiaz.com.br\\\/ribeiraopreto-regiao\\\/#\\\/schema\\\/logo\\\/image\\\/\",\"url\":\"https:\\\/\\\/redenoticiaz.com.br\\\/barretos-regiao\\\/wp-content\\\/uploads\\\/sites\\\/4\\\/2022\\\/02\\\/logo.jpg\",\"contentUrl\":\"https:\\\/\\\/redenoticiaz.com.br\\\/barretos-regiao\\\/wp-content\\\/uploads\\\/sites\\\/4\\\/2022\\\/02\\\/logo.jpg\",\"width\":400,\"height\":250,\"caption\":\"Ribeir\u00e3o Preto e Regi\u00e3o\"},\"image\":{\"@id\":\"https:\\\/\\\/redenoticiaz.com.br\\\/ribeiraopreto-regiao\\\/#\\\/schema\\\/logo\\\/image\\\/\"},\"sameAs\":[\"https:\\\/\\\/m.facebook.com\\\/redenoticiaz.barretos\",\"https:\\\/\\\/x.com\\\/RN_barretos\",\"https:\\\/\\\/www.instagram.com\\\/redenoticiaz.barretos\\\/?igshid=YmMyMTA2M2Y\",\"https:\\\/\\\/www.linkedin.com\\\/company\\\/rede-noticiaz-barretos-e-regio\\\/\"]},{\"@type\":\"Person\",\"@id\":\"https:\\\/\\\/redenoticiaz.com.br\\\/ribeiraopreto-regiao\\\/#\\\/schema\\\/person\\\/1f84d6e94e6a62d2d81199d7503e9e90\",\"name\":\"Carina Reifonas\",\"image\":{\"@type\":\"ImageObject\",\"inLanguage\":\"pt-BR\",\"@id\":\"https:\\\/\\\/secure.gravatar.com\\\/avatar\\\/04c59859b23696cf867715880f81d5c037e60109730bdb4e6670ec2a2245bc97?s=96&d=mm&r=g\",\"url\":\"https:\\\/\\\/secure.gravatar.com\\\/avatar\\\/04c59859b23696cf867715880f81d5c037e60109730bdb4e6670ec2a2245bc97?s=96&d=mm&r=g\",\"contentUrl\":\"https:\\\/\\\/secure.gravatar.com\\\/avatar\\\/04c59859b23696cf867715880f81d5c037e60109730bdb4e6670ec2a2245bc97?s=96&d=mm&r=g\",\"caption\":\"Carina Reifonas\"},\"url\":\"https:\\\/\\\/redenoticiaz.com.br\\\/ribeiraopreto-regiao\\\/sp\\\/author\\\/carinareifonas\"}]}<\/script>\n<!-- \/ Yoast SEO plugin. -->","yoast_head_json":{"title":"Pol\u00edcia Federal prende tr\u00eas suspeitos de mandar matar Marielle Franco - Ribeir\u00e3o Preto e Regi\u00e3o","description":"Houve um importante desenvolvimento no caso do atentado contra Marielle Franco e seu motorista Anderson Gomes. Os irm\u00e3os Braz\u00e3o foram presos.","robots":{"index":"index","follow":"follow","max-snippet":"max-snippet:-1","max-image-preview":"max-image-preview:large","max-video-preview":"max-video-preview:-1"},"canonical":"https:\/\/redenoticiaz.com.br\/ribeiraopreto-regiao\/sp\/2024\/03\/24\/policia-federal-prende-tres-suspeitos-de-mandar-matar-marielle-franco","og_locale":"pt_BR","og_type":"article","og_title":"Pol\u00edcia Federal prende tr\u00eas suspeitos de mandar matar Marielle Franco - Ribeir\u00e3o Preto e Regi\u00e3o","og_description":"Houve um importante desenvolvimento no caso do atentado contra Marielle Franco e seu motorista Anderson Gomes. Os irm\u00e3os Braz\u00e3o foram presos.","og_url":"https:\/\/redenoticiaz.com.br\/ribeiraopreto-regiao\/sp\/2024\/03\/24\/policia-federal-prende-tres-suspeitos-de-mandar-matar-marielle-franco","og_site_name":"Ribeir\u00e3o Preto e Regi\u00e3o","article_publisher":"https:\/\/m.facebook.com\/redenoticiaz.barretos","article_published_time":"2024-03-24T13:57:55+00:00","og_image":[{"width":355,"height":200,"url":"https:\/\/redenoticiaz.com.br\/ribeiraopreto-regiao\/wp-content\/uploads\/sites\/4\/2024\/03\/Captura-de-tela-2024-03-24-103732.jpg?v=1711288216","type":"image\/jpeg"}],"author":"Carina Reifonas","twitter_card":"summary_large_image","twitter_creator":"@RN_barretos","twitter_site":"@RN_barretos","twitter_misc":{"Escrito por":"Carina Reifonas","Est. tempo de leitura":"2 minutos"},"schema":{"@context":"https:\/\/schema.org","@graph":[{"@type":"Article","@id":"https:\/\/redenoticiaz.com.br\/ribeiraopreto-regiao\/sp\/2024\/03\/24\/policia-federal-prende-tres-suspeitos-de-mandar-matar-marielle-franco#article","isPartOf":{"@id":"https:\/\/redenoticiaz.com.br\/ribeiraopreto-regiao\/sp\/2024\/03\/24\/policia-federal-prende-tres-suspeitos-de-mandar-matar-marielle-franco"},"author":{"name":"Carina Reifonas","@id":"https:\/\/redenoticiaz.com.br\/ribeiraopreto-regiao\/#\/schema\/person\/1f84d6e94e6a62d2d81199d7503e9e90"},"headline":"Pol\u00edcia Federal prende tr\u00eas suspeitos de mandar matar Marielle Franco","datePublished":"2024-03-24T13:57:55+00:00","mainEntityOfPage":{"@id":"https:\/\/redenoticiaz.com.br\/ribeiraopreto-regiao\/sp\/2024\/03\/24\/policia-federal-prende-tres-suspeitos-de-mandar-matar-marielle-franco"},"wordCount":238,"commentCount":0,"publisher":{"@id":"https:\/\/redenoticiaz.com.br\/ribeiraopreto-regiao\/#organization"},"image":{"@id":"https:\/\/redenoticiaz.com.br\/ribeiraopreto-regiao\/sp\/2024\/03\/24\/policia-federal-prende-tres-suspeitos-de-mandar-matar-marielle-franco#primaryimage"},"thumbnailUrl":"https:\/\/redenoticiaz.com.br\/ribeiraopreto-regiao\/wp-content\/uploads\/sites\/4\/2024\/03\/Captura-de-tela-2024-03-24-103732.jpg?v=1711288216","keywords":["Braz\u00e3o","delegado","Marielle Franco","PRESOS"],"articleSection":["Pol\u00edcia"],"inLanguage":"pt-BR","potentialAction":[{"@type":"CommentAction","name":"Comment","target":["https:\/\/redenoticiaz.com.br\/ribeiraopreto-regiao\/sp\/2024\/03\/24\/policia-federal-prende-tres-suspeitos-de-mandar-matar-marielle-franco#respond"]}]},{"@type":"WebPage","@id":"https:\/\/redenoticiaz.com.br\/ribeiraopreto-regiao\/sp\/2024\/03\/24\/policia-federal-prende-tres-suspeitos-de-mandar-matar-marielle-franco","url":"https:\/\/redenoticiaz.com.br\/ribeiraopreto-regiao\/sp\/2024\/03\/24\/policia-federal-prende-tres-suspeitos-de-mandar-matar-marielle-franco","name":"Pol\u00edcia Federal prende tr\u00eas suspeitos de mandar matar Marielle Franco - Ribeir\u00e3o Preto e Regi\u00e3o","isPartOf":{"@id":"https:\/\/redenoticiaz.com.br\/ribeiraopreto-regiao\/#website"},"primaryImageOfPage":{"@id":"https:\/\/redenoticiaz.com.br\/ribeiraopreto-regiao\/sp\/2024\/03\/24\/policia-federal-prende-tres-suspeitos-de-mandar-matar-marielle-franco#primaryimage"},"image":{"@id":"https:\/\/redenoticiaz.com.br\/ribeiraopreto-regiao\/sp\/2024\/03\/24\/policia-federal-prende-tres-suspeitos-de-mandar-matar-marielle-franco#primaryimage"},"thumbnailUrl":"https:\/\/redenoticiaz.com.br\/ribeiraopreto-regiao\/wp-content\/uploads\/sites\/4\/2024\/03\/Captura-de-tela-2024-03-24-103732.jpg?v=1711288216","datePublished":"2024-03-24T13:57:55+00:00","description":"Houve um importante desenvolvimento no caso do atentado contra Marielle Franco e seu motorista Anderson Gomes. Os irm\u00e3os Braz\u00e3o foram presos.","inLanguage":"pt-BR","potentialAction":[{"@type":"ReadAction","target":["https:\/\/redenoticiaz.com.br\/ribeiraopreto-regiao\/sp\/2024\/03\/24\/policia-federal-prende-tres-suspeitos-de-mandar-matar-marielle-franco"]}]},{"@type":"ImageObject","inLanguage":"pt-BR","@id":"https:\/\/redenoticiaz.com.br\/ribeiraopreto-regiao\/sp\/2024\/03\/24\/policia-federal-prende-tres-suspeitos-de-mandar-matar-marielle-franco#primaryimage","url":"https:\/\/redenoticiaz.com.br\/ribeiraopreto-regiao\/wp-content\/uploads\/sites\/4\/2024\/03\/Captura-de-tela-2024-03-24-103732.jpg?v=1711288216","contentUrl":"https:\/\/redenoticiaz.com.br\/ribeiraopreto-regiao\/wp-content\/uploads\/sites\/4\/2024\/03\/Captura-de-tela-2024-03-24-103732.jpg?v=1711288216","width":355,"height":200,"caption":"Irm\u00e3os Braz\u00e3o e delegado Rivaldo Barbosa, s\u00e3o presos no domingo (24)."},{"@type":"WebSite","@id":"https:\/\/redenoticiaz.com.br\/ribeiraopreto-regiao\/#website","url":"https:\/\/redenoticiaz.com.br\/ribeiraopreto-regiao\/","name":"Ribeir\u00e3o Preto e Regi\u00e3o","description":"Rede NoticiaZ - Ribeir\u00e3o Preto e regi\u00e3o","publisher":{"@id":"https:\/\/redenoticiaz.com.br\/ribeiraopreto-regiao\/#organization"},"potentialAction":[{"@type":"SearchAction","target":{"@type":"EntryPoint","urlTemplate":"https:\/\/redenoticiaz.com.br\/ribeiraopreto-regiao\/?s={search_term_string}"},"query-input":{"@type":"PropertyValueSpecification","valueRequired":true,"valueName":"search_term_string"}}],"inLanguage":"pt-BR"},{"@type":"Organization","@id":"https:\/\/redenoticiaz.com.br\/ribeiraopreto-regiao\/#organization","name":"Ribeir\u00e3o Preto e Regi\u00e3o","url":"https:\/\/redenoticiaz.com.br\/ribeiraopreto-regiao\/","logo":{"@type":"ImageObject","inLanguage":"pt-BR","@id":"https:\/\/redenoticiaz.com.br\/ribeiraopreto-regiao\/#\/schema\/logo\/image\/","url":"https:\/\/redenoticiaz.com.br\/barretos-regiao\/wp-content\/uploads\/sites\/4\/2022\/02\/logo.jpg","contentUrl":"https:\/\/redenoticiaz.com.br\/barretos-regiao\/wp-content\/uploads\/sites\/4\/2022\/02\/logo.jpg","width":400,"height":250,"caption":"Ribeir\u00e3o Preto e Regi\u00e3o"},"image":{"@id":"https:\/\/redenoticiaz.com.br\/ribeiraopreto-regiao\/#\/schema\/logo\/image\/"},"sameAs":["https:\/\/m.facebook.com\/redenoticiaz.barretos","https:\/\/x.com\/RN_barretos","https:\/\/www.instagram.com\/redenoticiaz.barretos\/?igshid=YmMyMTA2M2Y","https:\/\/www.linkedin.com\/company\/rede-noticiaz-barretos-e-regio\/"]},{"@type":"Person","@id":"https:\/\/redenoticiaz.com.br\/ribeiraopreto-regiao\/#\/schema\/person\/1f84d6e94e6a62d2d81199d7503e9e90","name":"Carina Reifonas","image":{"@type":"ImageObject","inLanguage":"pt-BR","@id":"https:\/\/secure.gravatar.com\/avatar\/04c59859b23696cf867715880f81d5c037e60109730bdb4e6670ec2a2245bc97?s=96&d=mm&r=g","url":"https:\/\/secure.gravatar.com\/avatar\/04c59859b23696cf867715880f81d5c037e60109730bdb4e6670ec2a2245bc97?s=96&d=mm&r=g","contentUrl":"https:\/\/secure.gravatar.com\/avatar\/04c59859b23696cf867715880f81d5c037e60109730bdb4e6670ec2a2245bc97?s=96&d=mm&r=g","caption":"Carina Reifonas"},"url":"https:\/\/redenoticiaz.com.br\/ribeiraopreto-regiao\/sp\/author\/carinareifonas"}]}},"_links":{"self":[{"href":"https:\/\/redenoticiaz.com.br\/ribeiraopreto-regiao\/wp-json\/wp\/v2\/posts\/116396","targetHints":{"allow":["GET"]}}],"collection":[{"href":"https:\/\/redenoticiaz.com.br\/ribeiraopreto-regiao\/wp-json\/wp\/v2\/posts"}],"about":[{"href":"https:\/\/redenoticiaz.com.br\/ribeiraopreto-regiao\/wp-json\/wp\/v2\/types\/post"}],"author":[{"embeddable":true,"href":"https:\/\/redenoticiaz.com.br\/ribeiraopreto-regiao\/wp-json\/wp\/v2\/users\/30"}],"replies":[{"embeddable":true,"href":"https:\/\/redenoticiaz.com.br\/ribeiraopreto-regiao\/wp-json\/wp\/v2\/comments?post=116396"}],"version-history":[{"count":0,"href":"https:\/\/redenoticiaz.com.br\/ribeiraopreto-regiao\/wp-json\/wp\/v2\/posts\/116396\/revisions"}],"wp:featuredmedia":[{"embeddable":true,"href":"https:\/\/redenoticiaz.com.br\/ribeiraopreto-regiao\/wp-json\/wp\/v2\/media\/116397"}],"wp:attachment":[{"href":"https:\/\/redenoticiaz.com.br\/ribeiraopreto-regiao\/wp-json\/wp\/v2\/media?parent=116396"}],"wp:term":[{"taxonomy":"category","embeddable":true,"href":"https:\/\/redenoticiaz.com.br\/ribeiraopreto-regiao\/wp-json\/wp\/v2\/categories?post=116396"},{"taxonomy":"post_tag","embeddable":true,"href":"https:\/\/redenoticiaz.com.br\/ribeiraopreto-regiao\/wp-json\/wp\/v2\/tags?post=116396"}],"curies":[{"name":"wp","href":"https:\/\/api.w.org\/{rel}","templated":true}]}}