{"id":116468,"date":"2024-03-26T16:06:48","date_gmt":"2024-03-26T19:06:48","guid":{"rendered":"https:\/\/redenoticiaz.com.br\/barretos-regiao\/sp\/2024\/03\/26\/video-web-pede-expulsao-de-davi-e-mc-bin-laden-apos-briga"},"modified":"2024-03-26T16:23:07","modified_gmt":"2024-03-26T19:23:07","slug":"video-web-pede-expulsao-de-davi-e-mc-bin-laden-apos-briga","status":"publish","type":"post","link":"https:\/\/redenoticiaz.com.br\/ribeiraopreto-regiao\/sp\/2024\/03\/26\/video-web-pede-expulsao-de-davi-e-mc-bin-laden-apos-briga","title":{"rendered":"V\u00cdDEO \u2013 Web pede expuls\u00e3o de Davi e MC Bin Laden ap\u00f3s briga"},"content":{"rendered":"<p>MC Bin Laden e Davi protagonizaram uma das maiores brigas\u00a0do &#8216;BBB 24&#8217;. A confus\u00e3o come\u00e7ou\u00a0por causa do Sincer\u00e3o\u00a0desta segunda (25). Bin e Matteus tiveram uma discuss\u00e3o e, quando Davi se meteu, tudo piorou.<\/p>\n<p>Os dois se xingaram, amea\u00e7aram agress\u00e3o e at\u00e9 sobrou para os Dummies terem que apartar. Lucas &#8216;Buda&#8217; tamb\u00e9m levou uma cotovelada de Bin durante a confus\u00e3o e outros brothers tentaram apartar.<\/p>\n<p>Ap\u00f3s a briga, internautas foram at\u00e9 o Instagram de\u00a0Boninho\u00a0pedir a expuls\u00e3o de Davi.<\/p>\n<p>O motivo seria porque o brother encostou em\u00a0MC Bin Laden\u00a0no meio da discuss\u00e3o, o que poderia ser categorizado como agress\u00e3o. Entenda!<\/p>\n<blockquote class=\"twitter-tweet\" data-width=\"500\" data-dnt=\"true\">\n<p lang=\"pt\" dir=\"ltr\">A discuss\u00e3o seguiu TENSA entre MC Bin Laden e Davi \ud83d\udca5 <a href=\"https:\/\/twitter.com\/hashtag\/BBB24?src=hash&amp;ref_src=twsrc%5Etfw\">#BBB24<\/a> <a href=\"https:\/\/twitter.com\/hashtag\/RedeBBB?src=hash&amp;ref_src=twsrc%5Etfw\">#RedeBBB<\/a> <a href=\"https:\/\/t.co\/bf4zIR0jMK\">pic.twitter.com\/bf4zIR0jMK<\/a><\/p>\n<p>&mdash; Big Brother Brasil (@bbb) <a href=\"https:\/\/twitter.com\/bbb\/status\/1772450752688013779?ref_src=twsrc%5Etfw\">March 26, 2024<\/a><\/p><\/blockquote>\n<p><script async src=\"https:\/\/platform.twitter.com\/widgets.js\" charset=\"utf-8\"><\/script><\/p>\n<p><strong>Leia mais<\/strong><\/p>\n<p><a href=\"https:\/\/redenoticiaz.com.br\/blog\/2024\/01\/17\/pizani-deixa-o-big-brother-brasil-24-apos-falta-de-posicionamento\">V\u00cdDEO \u2013 Navio bate em ponte nos EUA: o que se sabe at\u00e9 agora?<\/a><\/p>\n<p><a href=\"https:\/\/redenoticiaz.com.br\/blog\/2022\/10\/11\/big-brother-brasil-23-pode-iniciar-lucrando-quase-r1-bilhao-a-rede-globo\">Big Brother Brasil 23 pode iniciar lucrando quase R$1 Bilh\u00e3o a Rede Globo<\/a><\/p>\n","protected":false},"excerpt":{"rendered":"<p>MC Bin Laden e Davi protagonizaram uma das maiores brigas\u00a0do &#8216;BBB 24&#8217;. A confus\u00e3o come\u00e7ou\u00a0por causa do Sincer\u00e3o\u00a0desta segunda (25). Bin e Matteus tiveram uma discuss\u00e3o e, quando Davi se meteu, tudo piorou. Os dois se xingaram, amea\u00e7aram agress\u00e3o e at\u00e9 sobrou para os Dummies terem que apartar. Lucas &#8216;Buda&#8217; tamb\u00e9m levou uma cotovelada de &hellip;<\/p>\n","protected":false},"author":12,"featured_media":116469,"comment_status":"open","ping_status":"closed","sticky":false,"template":"","format":"standard","meta":{"footnotes":""},"categories":[22062,134],"tags":[28697,30119,29733],"class_list":["post-116468","post","type-post","status-publish","format-standard","has-post-thumbnail","hentry","category-celebridades","category-entretenimento","tag-bbb-24","tag-davi","tag-mc-bin-laden"],"yoast_head":"<!-- This site is optimized with the Yoast SEO plugin v27.4 - https:\/\/yoast.com\/product\/yoast-seo-wordpress\/ -->\n<title>V\u00cdDEO \u2013 Web pede expuls\u00e3o de Davi e MC Bin Laden ap\u00f3s briga - Ribeir\u00e3o Preto e Regi\u00e3o<\/title>\n<meta name=\"description\" content=\"MC Bin Laden e Davi protagonizaram uma das maiores brigas\u00a0do &#039;BBB 24&#039;. A confus\u00e3o come\u00e7ou\u00a0por causa do Sincer\u00e3o\u00a0desta segunda (25).\" \/>\n<meta name=\"robots\" content=\"index, follow, max-snippet:-1, max-image-preview:large, max-video-preview:-1\" \/>\n<link rel=\"canonical\" href=\"https:\/\/redenoticiaz.com.br\/ribeiraopreto-regiao\/sp\/2024\/03\/26\/video-web-pede-expulsao-de-davi-e-mc-bin-laden-apos-briga\" \/>\n<meta property=\"og:locale\" content=\"pt_BR\" \/>\n<meta property=\"og:type\" content=\"article\" \/>\n<meta property=\"og:title\" content=\"V\u00cdDEO \u2013 Web pede expuls\u00e3o de Davi e MC Bin Laden ap\u00f3s briga - Ribeir\u00e3o Preto e Regi\u00e3o\" \/>\n<meta property=\"og:description\" content=\"MC Bin Laden e Davi protagonizaram uma das maiores brigas\u00a0do &#039;BBB 24&#039;. A confus\u00e3o come\u00e7ou\u00a0por causa do Sincer\u00e3o\u00a0desta segunda (25).\" \/>\n<meta property=\"og:url\" content=\"https:\/\/redenoticiaz.com.br\/ribeiraopreto-regiao\/sp\/2024\/03\/26\/video-web-pede-expulsao-de-davi-e-mc-bin-laden-apos-briga\" \/>\n<meta property=\"og:site_name\" content=\"Ribeir\u00e3o Preto e Regi\u00e3o\" \/>\n<meta property=\"article:publisher\" content=\"https:\/\/m.facebook.com\/redenoticiaz.barretos\" \/>\n<meta property=\"article:published_time\" content=\"2024-03-26T19:06:48+00:00\" \/>\n<meta property=\"article:modified_time\" content=\"2024-03-26T19:23:07+00:00\" \/>\n<meta property=\"og:image\" content=\"https:\/\/redenoticiaz.com.br\/ribeiraopreto-regiao\/wp-content\/uploads\/sites\/4\/2024\/03\/davi-brito-mc-bin-laden_fixed_large.jpg?v=1711479940\" \/>\n\t<meta property=\"og:image:width\" content=\"990\" \/>\n\t<meta property=\"og:image:height\" content=\"619\" \/>\n\t<meta property=\"og:image:type\" content=\"image\/jpeg\" \/>\n<meta name=\"author\" content=\"Gustavo Silva\" \/>\n<meta name=\"twitter:card\" content=\"summary_large_image\" \/>\n<meta name=\"twitter:creator\" content=\"@RN_barretos\" \/>\n<meta name=\"twitter:site\" content=\"@RN_barretos\" \/>\n<meta name=\"twitter:label1\" content=\"Escrito por\" \/>\n\t<meta name=\"twitter:data1\" content=\"Gustavo Silva\" \/>\n\t<meta name=\"twitter:label2\" content=\"Est. tempo de leitura\" \/>\n\t<meta name=\"twitter:data2\" content=\"1 minuto\" \/>\n<script type=\"application\/ld+json\" class=\"yoast-schema-graph\">{\"@context\":\"https:\\\/\\\/schema.org\",\"@graph\":[{\"@type\":\"Article\",\"@id\":\"https:\\\/\\\/redenoticiaz.com.br\\\/ribeiraopreto-regiao\\\/sp\\\/2024\\\/03\\\/26\\\/video-web-pede-expulsao-de-davi-e-mc-bin-laden-apos-briga#article\",\"isPartOf\":{\"@id\":\"https:\\\/\\\/redenoticiaz.com.br\\\/ribeiraopreto-regiao\\\/sp\\\/2024\\\/03\\\/26\\\/video-web-pede-expulsao-de-davi-e-mc-bin-laden-apos-briga\"},\"author\":{\"name\":\"Gustavo Silva\",\"@id\":\"https:\\\/\\\/redenoticiaz.com.br\\\/ribeiraopreto-regiao\\\/#\\\/schema\\\/person\\\/16057b37a3c0ee6b096d7f887c566e2e\"},\"headline\":\"V\u00cdDEO \u2013 Web pede expuls\u00e3o de Davi e MC Bin Laden ap\u00f3s briga\",\"datePublished\":\"2024-03-26T19:06:48+00:00\",\"dateModified\":\"2024-03-26T19:23:07+00:00\",\"mainEntityOfPage\":{\"@id\":\"https:\\\/\\\/redenoticiaz.com.br\\\/ribeiraopreto-regiao\\\/sp\\\/2024\\\/03\\\/26\\\/video-web-pede-expulsao-de-davi-e-mc-bin-laden-apos-briga\"},\"wordCount\":164,\"commentCount\":0,\"publisher\":{\"@id\":\"https:\\\/\\\/redenoticiaz.com.br\\\/ribeiraopreto-regiao\\\/#organization\"},\"image\":{\"@id\":\"https:\\\/\\\/redenoticiaz.com.br\\\/ribeiraopreto-regiao\\\/sp\\\/2024\\\/03\\\/26\\\/video-web-pede-expulsao-de-davi-e-mc-bin-laden-apos-briga#primaryimage\"},\"thumbnailUrl\":\"https:\\\/\\\/redenoticiaz.com.br\\\/ribeiraopreto-regiao\\\/wp-content\\\/uploads\\\/sites\\\/4\\\/2024\\\/03\\\/davi-brito-mc-bin-laden_fixed_large.jpg?v=1711479940\",\"keywords\":[\"BBB 24\",\"davi\",\"mc bin laden\"],\"articleSection\":[\"Celebridades\",\"Entretenimento\"],\"inLanguage\":\"pt-BR\",\"potentialAction\":[{\"@type\":\"CommentAction\",\"name\":\"Comment\",\"target\":[\"https:\\\/\\\/redenoticiaz.com.br\\\/ribeiraopreto-regiao\\\/sp\\\/2024\\\/03\\\/26\\\/video-web-pede-expulsao-de-davi-e-mc-bin-laden-apos-briga#respond\"]}]},{\"@type\":\"WebPage\",\"@id\":\"https:\\\/\\\/redenoticiaz.com.br\\\/ribeiraopreto-regiao\\\/sp\\\/2024\\\/03\\\/26\\\/video-web-pede-expulsao-de-davi-e-mc-bin-laden-apos-briga\",\"url\":\"https:\\\/\\\/redenoticiaz.com.br\\\/ribeiraopreto-regiao\\\/sp\\\/2024\\\/03\\\/26\\\/video-web-pede-expulsao-de-davi-e-mc-bin-laden-apos-briga\",\"name\":\"V\u00cdDEO \u2013 Web pede expuls\u00e3o de Davi e MC Bin Laden ap\u00f3s briga - Ribeir\u00e3o Preto e Regi\u00e3o\",\"isPartOf\":{\"@id\":\"https:\\\/\\\/redenoticiaz.com.br\\\/ribeiraopreto-regiao\\\/#website\"},\"primaryImageOfPage\":{\"@id\":\"https:\\\/\\\/redenoticiaz.com.br\\\/ribeiraopreto-regiao\\\/sp\\\/2024\\\/03\\\/26\\\/video-web-pede-expulsao-de-davi-e-mc-bin-laden-apos-briga#primaryimage\"},\"image\":{\"@id\":\"https:\\\/\\\/redenoticiaz.com.br\\\/ribeiraopreto-regiao\\\/sp\\\/2024\\\/03\\\/26\\\/video-web-pede-expulsao-de-davi-e-mc-bin-laden-apos-briga#primaryimage\"},\"thumbnailUrl\":\"https:\\\/\\\/redenoticiaz.com.br\\\/ribeiraopreto-regiao\\\/wp-content\\\/uploads\\\/sites\\\/4\\\/2024\\\/03\\\/davi-brito-mc-bin-laden_fixed_large.jpg?v=1711479940\",\"datePublished\":\"2024-03-26T19:06:48+00:00\",\"dateModified\":\"2024-03-26T19:23:07+00:00\",\"description\":\"MC Bin Laden e Davi protagonizaram uma das maiores brigas\u00a0do 'BBB 24'. A confus\u00e3o come\u00e7ou\u00a0por causa do Sincer\u00e3o\u00a0desta segunda (25).\",\"inLanguage\":\"pt-BR\",\"potentialAction\":[{\"@type\":\"ReadAction\",\"target\":[\"https:\\\/\\\/redenoticiaz.com.br\\\/ribeiraopreto-regiao\\\/sp\\\/2024\\\/03\\\/26\\\/video-web-pede-expulsao-de-davi-e-mc-bin-laden-apos-briga\"]}]},{\"@type\":\"ImageObject\",\"inLanguage\":\"pt-BR\",\"@id\":\"https:\\\/\\\/redenoticiaz.com.br\\\/ribeiraopreto-regiao\\\/sp\\\/2024\\\/03\\\/26\\\/video-web-pede-expulsao-de-davi-e-mc-bin-laden-apos-briga#primaryimage\",\"url\":\"https:\\\/\\\/redenoticiaz.com.br\\\/ribeiraopreto-regiao\\\/wp-content\\\/uploads\\\/sites\\\/4\\\/2024\\\/03\\\/davi-brito-mc-bin-laden_fixed_large.jpg?v=1711479940\",\"contentUrl\":\"https:\\\/\\\/redenoticiaz.com.br\\\/ribeiraopreto-regiao\\\/wp-content\\\/uploads\\\/sites\\\/4\\\/2024\\\/03\\\/davi-brito-mc-bin-laden_fixed_large.jpg?v=1711479940\",\"width\":990,\"height\":619},{\"@type\":\"WebSite\",\"@id\":\"https:\\\/\\\/redenoticiaz.com.br\\\/ribeiraopreto-regiao\\\/#website\",\"url\":\"https:\\\/\\\/redenoticiaz.com.br\\\/ribeiraopreto-regiao\\\/\",\"name\":\"Ribeir\u00e3o Preto e Regi\u00e3o\",\"description\":\"Rede NoticiaZ - Ribeir\u00e3o Preto e regi\u00e3o\",\"publisher\":{\"@id\":\"https:\\\/\\\/redenoticiaz.com.br\\\/ribeiraopreto-regiao\\\/#organization\"},\"potentialAction\":[{\"@type\":\"SearchAction\",\"target\":{\"@type\":\"EntryPoint\",\"urlTemplate\":\"https:\\\/\\\/redenoticiaz.com.br\\\/ribeiraopreto-regiao\\\/?s={search_term_string}\"},\"query-input\":{\"@type\":\"PropertyValueSpecification\",\"valueRequired\":true,\"valueName\":\"search_term_string\"}}],\"inLanguage\":\"pt-BR\"},{\"@type\":\"Organization\",\"@id\":\"https:\\\/\\\/redenoticiaz.com.br\\\/ribeiraopreto-regiao\\\/#organization\",\"name\":\"Ribeir\u00e3o Preto e Regi\u00e3o\",\"url\":\"https:\\\/\\\/redenoticiaz.com.br\\\/ribeiraopreto-regiao\\\/\",\"logo\":{\"@type\":\"ImageObject\",\"inLanguage\":\"pt-BR\",\"@id\":\"https:\\\/\\\/redenoticiaz.com.br\\\/ribeiraopreto-regiao\\\/#\\\/schema\\\/logo\\\/image\\\/\",\"url\":\"https:\\\/\\\/redenoticiaz.com.br\\\/barretos-regiao\\\/wp-content\\\/uploads\\\/sites\\\/4\\\/2022\\\/02\\\/logo.jpg\",\"contentUrl\":\"https:\\\/\\\/redenoticiaz.com.br\\\/barretos-regiao\\\/wp-content\\\/uploads\\\/sites\\\/4\\\/2022\\\/02\\\/logo.jpg\",\"width\":400,\"height\":250,\"caption\":\"Ribeir\u00e3o Preto e Regi\u00e3o\"},\"image\":{\"@id\":\"https:\\\/\\\/redenoticiaz.com.br\\\/ribeiraopreto-regiao\\\/#\\\/schema\\\/logo\\\/image\\\/\"},\"sameAs\":[\"https:\\\/\\\/m.facebook.com\\\/redenoticiaz.barretos\",\"https:\\\/\\\/x.com\\\/RN_barretos\",\"https:\\\/\\\/www.instagram.com\\\/redenoticiaz.barretos\\\/?igshid=YmMyMTA2M2Y\",\"https:\\\/\\\/www.linkedin.com\\\/company\\\/rede-noticiaz-barretos-e-regio\\\/\"]},{\"@type\":\"Person\",\"@id\":\"https:\\\/\\\/redenoticiaz.com.br\\\/ribeiraopreto-regiao\\\/#\\\/schema\\\/person\\\/16057b37a3c0ee6b096d7f887c566e2e\",\"name\":\"Gustavo Silva\",\"image\":{\"@type\":\"ImageObject\",\"inLanguage\":\"pt-BR\",\"@id\":\"https:\\\/\\\/secure.gravatar.com\\\/avatar\\\/3ee4e82f93b26de0a7cf4ea5eb7893da637ed6bb0c9170c58065944c56e28a33?s=96&d=mm&r=g\",\"url\":\"https:\\\/\\\/secure.gravatar.com\\\/avatar\\\/3ee4e82f93b26de0a7cf4ea5eb7893da637ed6bb0c9170c58065944c56e28a33?s=96&d=mm&r=g\",\"contentUrl\":\"https:\\\/\\\/secure.gravatar.com\\\/avatar\\\/3ee4e82f93b26de0a7cf4ea5eb7893da637ed6bb0c9170c58065944c56e28a33?s=96&d=mm&r=g\",\"caption\":\"Gustavo Silva\"},\"url\":\"https:\\\/\\\/redenoticiaz.com.br\\\/ribeiraopreto-regiao\\\/sp\\\/author\\\/gustavosilva\"}]}<\/script>\n<!-- \/ Yoast SEO plugin. -->","yoast_head_json":{"title":"V\u00cdDEO \u2013 Web pede expuls\u00e3o de Davi e MC Bin Laden ap\u00f3s briga - Ribeir\u00e3o Preto e Regi\u00e3o","description":"MC Bin Laden e Davi protagonizaram uma das maiores brigas\u00a0do 'BBB 24'. A confus\u00e3o come\u00e7ou\u00a0por causa do Sincer\u00e3o\u00a0desta segunda (25).","robots":{"index":"index","follow":"follow","max-snippet":"max-snippet:-1","max-image-preview":"max-image-preview:large","max-video-preview":"max-video-preview:-1"},"canonical":"https:\/\/redenoticiaz.com.br\/ribeiraopreto-regiao\/sp\/2024\/03\/26\/video-web-pede-expulsao-de-davi-e-mc-bin-laden-apos-briga","og_locale":"pt_BR","og_type":"article","og_title":"V\u00cdDEO \u2013 Web pede expuls\u00e3o de Davi e MC Bin Laden ap\u00f3s briga - Ribeir\u00e3o Preto e Regi\u00e3o","og_description":"MC Bin Laden e Davi protagonizaram uma das maiores brigas\u00a0do 'BBB 24'. A confus\u00e3o come\u00e7ou\u00a0por causa do Sincer\u00e3o\u00a0desta segunda (25).","og_url":"https:\/\/redenoticiaz.com.br\/ribeiraopreto-regiao\/sp\/2024\/03\/26\/video-web-pede-expulsao-de-davi-e-mc-bin-laden-apos-briga","og_site_name":"Ribeir\u00e3o Preto e Regi\u00e3o","article_publisher":"https:\/\/m.facebook.com\/redenoticiaz.barretos","article_published_time":"2024-03-26T19:06:48+00:00","article_modified_time":"2024-03-26T19:23:07+00:00","og_image":[{"width":990,"height":619,"url":"https:\/\/redenoticiaz.com.br\/ribeiraopreto-regiao\/wp-content\/uploads\/sites\/4\/2024\/03\/davi-brito-mc-bin-laden_fixed_large.jpg?v=1711479940","type":"image\/jpeg"}],"author":"Gustavo Silva","twitter_card":"summary_large_image","twitter_creator":"@RN_barretos","twitter_site":"@RN_barretos","twitter_misc":{"Escrito por":"Gustavo Silva","Est. tempo de leitura":"1 minuto"},"schema":{"@context":"https:\/\/schema.org","@graph":[{"@type":"Article","@id":"https:\/\/redenoticiaz.com.br\/ribeiraopreto-regiao\/sp\/2024\/03\/26\/video-web-pede-expulsao-de-davi-e-mc-bin-laden-apos-briga#article","isPartOf":{"@id":"https:\/\/redenoticiaz.com.br\/ribeiraopreto-regiao\/sp\/2024\/03\/26\/video-web-pede-expulsao-de-davi-e-mc-bin-laden-apos-briga"},"author":{"name":"Gustavo Silva","@id":"https:\/\/redenoticiaz.com.br\/ribeiraopreto-regiao\/#\/schema\/person\/16057b37a3c0ee6b096d7f887c566e2e"},"headline":"V\u00cdDEO \u2013 Web pede expuls\u00e3o de Davi e MC Bin Laden ap\u00f3s briga","datePublished":"2024-03-26T19:06:48+00:00","dateModified":"2024-03-26T19:23:07+00:00","mainEntityOfPage":{"@id":"https:\/\/redenoticiaz.com.br\/ribeiraopreto-regiao\/sp\/2024\/03\/26\/video-web-pede-expulsao-de-davi-e-mc-bin-laden-apos-briga"},"wordCount":164,"commentCount":0,"publisher":{"@id":"https:\/\/redenoticiaz.com.br\/ribeiraopreto-regiao\/#organization"},"image":{"@id":"https:\/\/redenoticiaz.com.br\/ribeiraopreto-regiao\/sp\/2024\/03\/26\/video-web-pede-expulsao-de-davi-e-mc-bin-laden-apos-briga#primaryimage"},"thumbnailUrl":"https:\/\/redenoticiaz.com.br\/ribeiraopreto-regiao\/wp-content\/uploads\/sites\/4\/2024\/03\/davi-brito-mc-bin-laden_fixed_large.jpg?v=1711479940","keywords":["BBB 24","davi","mc bin laden"],"articleSection":["Celebridades","Entretenimento"],"inLanguage":"pt-BR","potentialAction":[{"@type":"CommentAction","name":"Comment","target":["https:\/\/redenoticiaz.com.br\/ribeiraopreto-regiao\/sp\/2024\/03\/26\/video-web-pede-expulsao-de-davi-e-mc-bin-laden-apos-briga#respond"]}]},{"@type":"WebPage","@id":"https:\/\/redenoticiaz.com.br\/ribeiraopreto-regiao\/sp\/2024\/03\/26\/video-web-pede-expulsao-de-davi-e-mc-bin-laden-apos-briga","url":"https:\/\/redenoticiaz.com.br\/ribeiraopreto-regiao\/sp\/2024\/03\/26\/video-web-pede-expulsao-de-davi-e-mc-bin-laden-apos-briga","name":"V\u00cdDEO \u2013 Web pede expuls\u00e3o de Davi e MC Bin Laden ap\u00f3s briga - Ribeir\u00e3o Preto e Regi\u00e3o","isPartOf":{"@id":"https:\/\/redenoticiaz.com.br\/ribeiraopreto-regiao\/#website"},"primaryImageOfPage":{"@id":"https:\/\/redenoticiaz.com.br\/ribeiraopreto-regiao\/sp\/2024\/03\/26\/video-web-pede-expulsao-de-davi-e-mc-bin-laden-apos-briga#primaryimage"},"image":{"@id":"https:\/\/redenoticiaz.com.br\/ribeiraopreto-regiao\/sp\/2024\/03\/26\/video-web-pede-expulsao-de-davi-e-mc-bin-laden-apos-briga#primaryimage"},"thumbnailUrl":"https:\/\/redenoticiaz.com.br\/ribeiraopreto-regiao\/wp-content\/uploads\/sites\/4\/2024\/03\/davi-brito-mc-bin-laden_fixed_large.jpg?v=1711479940","datePublished":"2024-03-26T19:06:48+00:00","dateModified":"2024-03-26T19:23:07+00:00","description":"MC Bin Laden e Davi protagonizaram uma das maiores brigas\u00a0do 'BBB 24'. A confus\u00e3o come\u00e7ou\u00a0por causa do Sincer\u00e3o\u00a0desta segunda (25).","inLanguage":"pt-BR","potentialAction":[{"@type":"ReadAction","target":["https:\/\/redenoticiaz.com.br\/ribeiraopreto-regiao\/sp\/2024\/03\/26\/video-web-pede-expulsao-de-davi-e-mc-bin-laden-apos-briga"]}]},{"@type":"ImageObject","inLanguage":"pt-BR","@id":"https:\/\/redenoticiaz.com.br\/ribeiraopreto-regiao\/sp\/2024\/03\/26\/video-web-pede-expulsao-de-davi-e-mc-bin-laden-apos-briga#primaryimage","url":"https:\/\/redenoticiaz.com.br\/ribeiraopreto-regiao\/wp-content\/uploads\/sites\/4\/2024\/03\/davi-brito-mc-bin-laden_fixed_large.jpg?v=1711479940","contentUrl":"https:\/\/redenoticiaz.com.br\/ribeiraopreto-regiao\/wp-content\/uploads\/sites\/4\/2024\/03\/davi-brito-mc-bin-laden_fixed_large.jpg?v=1711479940","width":990,"height":619},{"@type":"WebSite","@id":"https:\/\/redenoticiaz.com.br\/ribeiraopreto-regiao\/#website","url":"https:\/\/redenoticiaz.com.br\/ribeiraopreto-regiao\/","name":"Ribeir\u00e3o Preto e Regi\u00e3o","description":"Rede NoticiaZ - Ribeir\u00e3o Preto e regi\u00e3o","publisher":{"@id":"https:\/\/redenoticiaz.com.br\/ribeiraopreto-regiao\/#organization"},"potentialAction":[{"@type":"SearchAction","target":{"@type":"EntryPoint","urlTemplate":"https:\/\/redenoticiaz.com.br\/ribeiraopreto-regiao\/?s={search_term_string}"},"query-input":{"@type":"PropertyValueSpecification","valueRequired":true,"valueName":"search_term_string"}}],"inLanguage":"pt-BR"},{"@type":"Organization","@id":"https:\/\/redenoticiaz.com.br\/ribeiraopreto-regiao\/#organization","name":"Ribeir\u00e3o Preto e Regi\u00e3o","url":"https:\/\/redenoticiaz.com.br\/ribeiraopreto-regiao\/","logo":{"@type":"ImageObject","inLanguage":"pt-BR","@id":"https:\/\/redenoticiaz.com.br\/ribeiraopreto-regiao\/#\/schema\/logo\/image\/","url":"https:\/\/redenoticiaz.com.br\/barretos-regiao\/wp-content\/uploads\/sites\/4\/2022\/02\/logo.jpg","contentUrl":"https:\/\/redenoticiaz.com.br\/barretos-regiao\/wp-content\/uploads\/sites\/4\/2022\/02\/logo.jpg","width":400,"height":250,"caption":"Ribeir\u00e3o Preto e Regi\u00e3o"},"image":{"@id":"https:\/\/redenoticiaz.com.br\/ribeiraopreto-regiao\/#\/schema\/logo\/image\/"},"sameAs":["https:\/\/m.facebook.com\/redenoticiaz.barretos","https:\/\/x.com\/RN_barretos","https:\/\/www.instagram.com\/redenoticiaz.barretos\/?igshid=YmMyMTA2M2Y","https:\/\/www.linkedin.com\/company\/rede-noticiaz-barretos-e-regio\/"]},{"@type":"Person","@id":"https:\/\/redenoticiaz.com.br\/ribeiraopreto-regiao\/#\/schema\/person\/16057b37a3c0ee6b096d7f887c566e2e","name":"Gustavo Silva","image":{"@type":"ImageObject","inLanguage":"pt-BR","@id":"https:\/\/secure.gravatar.com\/avatar\/3ee4e82f93b26de0a7cf4ea5eb7893da637ed6bb0c9170c58065944c56e28a33?s=96&d=mm&r=g","url":"https:\/\/secure.gravatar.com\/avatar\/3ee4e82f93b26de0a7cf4ea5eb7893da637ed6bb0c9170c58065944c56e28a33?s=96&d=mm&r=g","contentUrl":"https:\/\/secure.gravatar.com\/avatar\/3ee4e82f93b26de0a7cf4ea5eb7893da637ed6bb0c9170c58065944c56e28a33?s=96&d=mm&r=g","caption":"Gustavo Silva"},"url":"https:\/\/redenoticiaz.com.br\/ribeiraopreto-regiao\/sp\/author\/gustavosilva"}]}},"_links":{"self":[{"href":"https:\/\/redenoticiaz.com.br\/ribeiraopreto-regiao\/wp-json\/wp\/v2\/posts\/116468","targetHints":{"allow":["GET"]}}],"collection":[{"href":"https:\/\/redenoticiaz.com.br\/ribeiraopreto-regiao\/wp-json\/wp\/v2\/posts"}],"about":[{"href":"https:\/\/redenoticiaz.com.br\/ribeiraopreto-regiao\/wp-json\/wp\/v2\/types\/post"}],"author":[{"embeddable":true,"href":"https:\/\/redenoticiaz.com.br\/ribeiraopreto-regiao\/wp-json\/wp\/v2\/users\/12"}],"replies":[{"embeddable":true,"href":"https:\/\/redenoticiaz.com.br\/ribeiraopreto-regiao\/wp-json\/wp\/v2\/comments?post=116468"}],"version-history":[{"count":0,"href":"https:\/\/redenoticiaz.com.br\/ribeiraopreto-regiao\/wp-json\/wp\/v2\/posts\/116468\/revisions"}],"wp:featuredmedia":[{"embeddable":true,"href":"https:\/\/redenoticiaz.com.br\/ribeiraopreto-regiao\/wp-json\/wp\/v2\/media\/116469"}],"wp:attachment":[{"href":"https:\/\/redenoticiaz.com.br\/ribeiraopreto-regiao\/wp-json\/wp\/v2\/media?parent=116468"}],"wp:term":[{"taxonomy":"category","embeddable":true,"href":"https:\/\/redenoticiaz.com.br\/ribeiraopreto-regiao\/wp-json\/wp\/v2\/categories?post=116468"},{"taxonomy":"post_tag","embeddable":true,"href":"https:\/\/redenoticiaz.com.br\/ribeiraopreto-regiao\/wp-json\/wp\/v2\/tags?post=116468"}],"curies":[{"name":"wp","href":"https:\/\/api.w.org\/{rel}","templated":true}]}}