{"id":116938,"date":"2024-05-04T11:00:17","date_gmt":"2024-05-04T14:00:17","guid":{"rendered":"https:\/\/redenoticiaz.com.br\/barretos-regiao\/?p=116938"},"modified":"2024-05-02T11:18:46","modified_gmt":"2024-05-02T14:18:46","slug":"confira-se-seu-medicamento-tera-isencao-ou-reducao-de-imposto","status":"publish","type":"post","link":"https:\/\/redenoticiaz.com.br\/ribeiraopreto-regiao\/sp\/2024\/05\/04\/confira-se-seu-medicamento-tera-isencao-ou-reducao-de-imposto","title":{"rendered":"Confira se seu medicamento ter\u00e1 isen\u00e7\u00e3o ou redu\u00e7\u00e3o de imposto"},"content":{"rendered":"<p>A regulamenta\u00e7\u00e3o da reforma tribut\u00e1ria sobre o consumo trar\u00e1 medidas para evitar a alta no pre\u00e7o de medicamentos. Um total de 383 subst\u00e2ncias, que tamb\u00e9m inclui vacinas, ter\u00e3o isen\u00e7\u00e3o do Imposto sobre Valor Adicionado (IVA). Al\u00e9m disso, 850 princ\u00edpios ativos ter\u00e3o al\u00edquota reduzida em 60%.<\/p>\n<p>Entre os medicamentos com isen\u00e7\u00e3o, est\u00e3o, al\u00e9m das vacinas contra covid-19, dengue, febre amarela, gripe, c\u00f3lera, febre amarela, poliomielite e sarampo,\u00a0subst\u00e2ncias como a insulina (usada para diabetes) e o antiviral abacavir (usado contra o HIV). Tamb\u00e9m n\u00e3o pagar\u00e1 imposto o citrato de sildenafilia (usado para tratar disfun\u00e7\u00f5es er\u00e9teis).<\/p>\n<p>Entre os princ\u00edpios ativos com al\u00edquota reduzida, est\u00e3o o omeprazol (tratamento de\u00a0refluxos e \u00falceras digestivas), o ansiol\u00edtico lorazepam, o medicamento para press\u00e3o alta losartana, a metmorfina (usada para diabetes), o anti-inflamat\u00f3rio, antial\u00e9rgico e o antirreum\u00e1tico prednisona e o medicamento para impot\u00eancia sexual tadafilia.<\/p>\n<p>O projeto de lei complementar regulamenta a cobran\u00e7a do Imposto sobre Valor Adicionado (IVA). Esse tributo \u00e9 composto pela Contribui\u00e7\u00e3o sobre Bens e Servi\u00e7os (CBS), arrecadada pelo governo federal, e pelo Imposto sobre Bens e Servi\u00e7os (IBS), de responsabilidade dos estados e dos munic\u00edpios. A expectativa do governo \u00e9 aprovar o texto at\u00e9 o fim de julho na C\u00e2mara e at\u00e9 o fim do ano no Senado.<\/p>\n<p>Pela proposta do governo,\u00a0<a href=\"https:\/\/agenciabrasil.ebc.com.br\/economia\/noticia\/2024-04\/regulamentacao-da-reforma-tributaria-preve-aliquota-media-de-265\" target=\"_blank\" rel=\"noopener\">a al\u00edquota m\u00e9dia ficar\u00e1 em 26,5%<\/a>. Caso haja a redu\u00e7\u00e3o de 60% para a al\u00edquota geral, os medicamentos com o benef\u00edcio pagar\u00e3o apenas 10,6% de imposto.<\/p>\n<p>Mesmo com a regulamenta\u00e7\u00e3o, o novo sistema tribut\u00e1rio levar\u00e1 tempo para chegar ao bolso do cidad\u00e3o. A transi\u00e7\u00e3o dos tributos atuais para o IVA come\u00e7ar\u00e1 em 2026 e s\u00f3 ser\u00e1 conclu\u00edda em 2032. Somente em 2033, o sistema entrar\u00e1 plenamente em vigor.<\/p>\n<h2>Fim da cumulatividade<\/h2>\n<p>Em entrevista coletiva para explicar o projeto de lei complementar, o secret\u00e1rio extraordin\u00e1rio de Reforma Tribut\u00e1ria do Minist\u00e9rio da Fazenda, Bernard Appy, disse que a aprova\u00e7\u00e3o da proposta como enviada pelo governo permitir\u00e1 \u201cuma redu\u00e7\u00e3o relevante de custos\u201d dos medicamentos. Al\u00e9m da redu\u00e7\u00e3o ou isen\u00e7\u00e3o de al\u00edquotas, ele destacou que o fim da cumulatividade (cobran\u00e7a em cascata) resultar\u00e1 em pre\u00e7os mais baixos.<\/p>\n<p>\u201cN\u00e3o s\u00f3 por causa das al\u00edquotas, mas hoje tem a cumulatividade que vai deixar de existir. Quando o medicamento com [cobran\u00e7a de] ICMS [Imposto sobre a Circula\u00e7\u00e3o de Mercadorias e Servi\u00e7os, que vai deixar de existir] vai para al\u00edquota reduzida, h\u00e1 uma redu\u00e7\u00e3o grande, de 20% para 10% [na carga tribut\u00e1ria]. Se [atualmente] j\u00e1 tem al\u00edquota zero, continua isento, mas ganha porque n\u00e3o tem mais cumulatividade\u201d, afirmou Appy.<\/p>\n<p><a href=\"https:\/\/agenciabrasil.ebc.com.br\/economia\/noticia\/2024-05\/confira-se-seu-medicamento-tera-isencao-ou-reducao-de-imposto\">Confira a lista<\/a><\/p>\n<p>Leia mais<\/p>\n<p><a href=\"https:\/\/redenoticiaz.com.br\/blog\/2024\/04\/28\/carga-de-medicamentos-veterinarios-avaliada-em-mais-de-r-200-mil-e-roubada-em-itatiba\">Carga de medicamentos veterin\u00e1rios avaliada em mais de R$ 200 mil \u00e9 roubada em Itatiba<\/a><\/p>\n<p><a href=\"https:\/\/redenoticiaz.com.br\/blog\/2023\/08\/26\/uso-excessivo-de-medicamentos-para-colicas-menstruais-pode-mascarar-doencas\">Uso excessivo de medicamentos para c\u00f3licas menstruais pode mascarar doen\u00e7as<\/a><\/p>\n","protected":false},"excerpt":{"rendered":"<p>A regulamenta\u00e7\u00e3o da reforma tribut\u00e1ria sobre o consumo trar\u00e1 medidas para evitar a alta no pre\u00e7o de medicamentos. Um total de 383 subst\u00e2ncias, que tamb\u00e9m inclui vacinas, ter\u00e3o isen\u00e7\u00e3o do Imposto sobre Valor Adicionado (IVA). Al\u00e9m disso, 850 princ\u00edpios ativos ter\u00e3o al\u00edquota reduzida em 60%. Entre os medicamentos com isen\u00e7\u00e3o, est\u00e3o, al\u00e9m das vacinas contra &hellip;<\/p>\n","protected":false},"author":12,"featured_media":116939,"comment_status":"open","ping_status":"closed","sticky":false,"template":"","format":"standard","meta":{"footnotes":""},"categories":[129],"tags":[30234,6264],"class_list":["post-116938","post","type-post","status-publish","format-standard","has-post-thumbnail","hentry","category-saude","tag-cumulatividade","tag-medicamentos"],"yoast_head":"<!-- This site is optimized with the Yoast SEO plugin v27.5 - https:\/\/yoast.com\/product\/yoast-seo-wordpress\/ -->\n<title>Confira se seu medicamento ter\u00e1 isen\u00e7\u00e3o ou redu\u00e7\u00e3o de imposto - Ribeir\u00e3o Preto e Regi\u00e3o<\/title>\n<meta name=\"description\" content=\"Um total de 383 subst\u00e2ncias, que tamb\u00e9m inclui vacinas, ter\u00e3o isen\u00e7\u00e3o do Imposto sobre Valor Adicionado (IVA). Al\u00e9m disso, 850 princ\u00edpios ativos ter\u00e3o al\u00edquota reduzida em 60%.\" \/>\n<meta name=\"robots\" content=\"index, follow, max-snippet:-1, max-image-preview:large, max-video-preview:-1\" \/>\n<link rel=\"canonical\" href=\"https:\/\/redenoticiaz.com.br\/ribeiraopreto-regiao\/sp\/2024\/05\/04\/confira-se-seu-medicamento-tera-isencao-ou-reducao-de-imposto\" \/>\n<meta property=\"og:locale\" content=\"pt_BR\" \/>\n<meta property=\"og:type\" content=\"article\" \/>\n<meta property=\"og:title\" content=\"Confira se seu medicamento ter\u00e1 isen\u00e7\u00e3o ou redu\u00e7\u00e3o de imposto - Ribeir\u00e3o Preto e Regi\u00e3o\" \/>\n<meta property=\"og:description\" content=\"Um total de 383 subst\u00e2ncias, que tamb\u00e9m inclui vacinas, ter\u00e3o isen\u00e7\u00e3o do Imposto sobre Valor Adicionado (IVA). Al\u00e9m disso, 850 princ\u00edpios ativos ter\u00e3o al\u00edquota reduzida em 60%.\" \/>\n<meta property=\"og:url\" content=\"https:\/\/redenoticiaz.com.br\/ribeiraopreto-regiao\/sp\/2024\/05\/04\/confira-se-seu-medicamento-tera-isencao-ou-reducao-de-imposto\" \/>\n<meta property=\"og:site_name\" content=\"Ribeir\u00e3o Preto e Regi\u00e3o\" \/>\n<meta property=\"article:publisher\" content=\"https:\/\/m.facebook.com\/redenoticiaz.barretos\" \/>\n<meta property=\"article:published_time\" content=\"2024-05-04T14:00:17+00:00\" \/>\n<meta property=\"og:image\" content=\"https:\/\/redenoticiaz.com.br\/ribeiraopreto-regiao\/wp-content\/uploads\/sites\/4\/2024\/05\/2020-02-24-tipos-de-medicamentos-veja-as-3-classificacoes-de-registro-802x506-1.jpg?v=1644443502\" \/>\n\t<meta property=\"og:image:width\" content=\"802\" \/>\n\t<meta property=\"og:image:height\" content=\"506\" \/>\n\t<meta property=\"og:image:type\" content=\"image\/jpeg\" \/>\n<meta name=\"author\" content=\"Gustavo Silva\" \/>\n<meta name=\"twitter:card\" content=\"summary_large_image\" \/>\n<meta name=\"twitter:creator\" content=\"@RN_barretos\" \/>\n<meta name=\"twitter:site\" content=\"@RN_barretos\" \/>\n<meta name=\"twitter:label1\" content=\"Escrito por\" \/>\n\t<meta name=\"twitter:data1\" content=\"Gustavo Silva\" \/>\n\t<meta name=\"twitter:label2\" content=\"Est. tempo de leitura\" \/>\n\t<meta name=\"twitter:data2\" content=\"3 minutos\" \/>\n<script type=\"application\/ld+json\" class=\"yoast-schema-graph\">{\"@context\":\"https:\\\/\\\/schema.org\",\"@graph\":[{\"@type\":\"Article\",\"@id\":\"https:\\\/\\\/redenoticiaz.com.br\\\/ribeiraopreto-regiao\\\/sp\\\/2024\\\/05\\\/04\\\/confira-se-seu-medicamento-tera-isencao-ou-reducao-de-imposto#article\",\"isPartOf\":{\"@id\":\"https:\\\/\\\/redenoticiaz.com.br\\\/ribeiraopreto-regiao\\\/sp\\\/2024\\\/05\\\/04\\\/confira-se-seu-medicamento-tera-isencao-ou-reducao-de-imposto\"},\"author\":{\"name\":\"Gustavo Silva\",\"@id\":\"https:\\\/\\\/redenoticiaz.com.br\\\/ribeiraopreto-regiao\\\/#\\\/schema\\\/person\\\/16057b37a3c0ee6b096d7f887c566e2e\"},\"headline\":\"Confira se seu medicamento ter\u00e1 isen\u00e7\u00e3o ou redu\u00e7\u00e3o de imposto\",\"datePublished\":\"2024-05-04T14:00:17+00:00\",\"mainEntityOfPage\":{\"@id\":\"https:\\\/\\\/redenoticiaz.com.br\\\/ribeiraopreto-regiao\\\/sp\\\/2024\\\/05\\\/04\\\/confira-se-seu-medicamento-tera-isencao-ou-reducao-de-imposto\"},\"wordCount\":509,\"commentCount\":0,\"publisher\":{\"@id\":\"https:\\\/\\\/redenoticiaz.com.br\\\/ribeiraopreto-regiao\\\/#organization\"},\"image\":{\"@id\":\"https:\\\/\\\/redenoticiaz.com.br\\\/ribeiraopreto-regiao\\\/sp\\\/2024\\\/05\\\/04\\\/confira-se-seu-medicamento-tera-isencao-ou-reducao-de-imposto#primaryimage\"},\"thumbnailUrl\":\"https:\\\/\\\/redenoticiaz.com.br\\\/ribeiraopreto-regiao\\\/wp-content\\\/uploads\\\/sites\\\/4\\\/2024\\\/05\\\/2020-02-24-tipos-de-medicamentos-veja-as-3-classificacoes-de-registro-802x506-1.jpg?v=1644443502\",\"keywords\":[\"cumulatividade\",\"MEDICAMENTOS\"],\"articleSection\":[\"Sa\u00fade\"],\"inLanguage\":\"pt-BR\",\"potentialAction\":[{\"@type\":\"CommentAction\",\"name\":\"Comment\",\"target\":[\"https:\\\/\\\/redenoticiaz.com.br\\\/ribeiraopreto-regiao\\\/sp\\\/2024\\\/05\\\/04\\\/confira-se-seu-medicamento-tera-isencao-ou-reducao-de-imposto#respond\"]}]},{\"@type\":\"WebPage\",\"@id\":\"https:\\\/\\\/redenoticiaz.com.br\\\/ribeiraopreto-regiao\\\/sp\\\/2024\\\/05\\\/04\\\/confira-se-seu-medicamento-tera-isencao-ou-reducao-de-imposto\",\"url\":\"https:\\\/\\\/redenoticiaz.com.br\\\/ribeiraopreto-regiao\\\/sp\\\/2024\\\/05\\\/04\\\/confira-se-seu-medicamento-tera-isencao-ou-reducao-de-imposto\",\"name\":\"Confira se seu medicamento ter\u00e1 isen\u00e7\u00e3o ou redu\u00e7\u00e3o de imposto - Ribeir\u00e3o Preto e Regi\u00e3o\",\"isPartOf\":{\"@id\":\"https:\\\/\\\/redenoticiaz.com.br\\\/ribeiraopreto-regiao\\\/#website\"},\"primaryImageOfPage\":{\"@id\":\"https:\\\/\\\/redenoticiaz.com.br\\\/ribeiraopreto-regiao\\\/sp\\\/2024\\\/05\\\/04\\\/confira-se-seu-medicamento-tera-isencao-ou-reducao-de-imposto#primaryimage\"},\"image\":{\"@id\":\"https:\\\/\\\/redenoticiaz.com.br\\\/ribeiraopreto-regiao\\\/sp\\\/2024\\\/05\\\/04\\\/confira-se-seu-medicamento-tera-isencao-ou-reducao-de-imposto#primaryimage\"},\"thumbnailUrl\":\"https:\\\/\\\/redenoticiaz.com.br\\\/ribeiraopreto-regiao\\\/wp-content\\\/uploads\\\/sites\\\/4\\\/2024\\\/05\\\/2020-02-24-tipos-de-medicamentos-veja-as-3-classificacoes-de-registro-802x506-1.jpg?v=1644443502\",\"datePublished\":\"2024-05-04T14:00:17+00:00\",\"description\":\"Um total de 383 subst\u00e2ncias, que tamb\u00e9m inclui vacinas, ter\u00e3o isen\u00e7\u00e3o do Imposto sobre Valor Adicionado (IVA). Al\u00e9m disso, 850 princ\u00edpios ativos ter\u00e3o al\u00edquota reduzida em 60%.\",\"inLanguage\":\"pt-BR\",\"potentialAction\":[{\"@type\":\"ReadAction\",\"target\":[\"https:\\\/\\\/redenoticiaz.com.br\\\/ribeiraopreto-regiao\\\/sp\\\/2024\\\/05\\\/04\\\/confira-se-seu-medicamento-tera-isencao-ou-reducao-de-imposto\"]}]},{\"@type\":\"ImageObject\",\"inLanguage\":\"pt-BR\",\"@id\":\"https:\\\/\\\/redenoticiaz.com.br\\\/ribeiraopreto-regiao\\\/sp\\\/2024\\\/05\\\/04\\\/confira-se-seu-medicamento-tera-isencao-ou-reducao-de-imposto#primaryimage\",\"url\":\"https:\\\/\\\/redenoticiaz.com.br\\\/ribeiraopreto-regiao\\\/wp-content\\\/uploads\\\/sites\\\/4\\\/2024\\\/05\\\/2020-02-24-tipos-de-medicamentos-veja-as-3-classificacoes-de-registro-802x506-1.jpg?v=1644443502\",\"contentUrl\":\"https:\\\/\\\/redenoticiaz.com.br\\\/ribeiraopreto-regiao\\\/wp-content\\\/uploads\\\/sites\\\/4\\\/2024\\\/05\\\/2020-02-24-tipos-de-medicamentos-veja-as-3-classificacoes-de-registro-802x506-1.jpg?v=1644443502\",\"width\":802,\"height\":506},{\"@type\":\"WebSite\",\"@id\":\"https:\\\/\\\/redenoticiaz.com.br\\\/ribeiraopreto-regiao\\\/#website\",\"url\":\"https:\\\/\\\/redenoticiaz.com.br\\\/ribeiraopreto-regiao\\\/\",\"name\":\"Ribeir\u00e3o Preto e Regi\u00e3o\",\"description\":\"Rede NoticiaZ - Ribeir\u00e3o Preto e regi\u00e3o\",\"publisher\":{\"@id\":\"https:\\\/\\\/redenoticiaz.com.br\\\/ribeiraopreto-regiao\\\/#organization\"},\"potentialAction\":[{\"@type\":\"SearchAction\",\"target\":{\"@type\":\"EntryPoint\",\"urlTemplate\":\"https:\\\/\\\/redenoticiaz.com.br\\\/ribeiraopreto-regiao\\\/?s={search_term_string}\"},\"query-input\":{\"@type\":\"PropertyValueSpecification\",\"valueRequired\":true,\"valueName\":\"search_term_string\"}}],\"inLanguage\":\"pt-BR\"},{\"@type\":\"Organization\",\"@id\":\"https:\\\/\\\/redenoticiaz.com.br\\\/ribeiraopreto-regiao\\\/#organization\",\"name\":\"Ribeir\u00e3o Preto e Regi\u00e3o\",\"url\":\"https:\\\/\\\/redenoticiaz.com.br\\\/ribeiraopreto-regiao\\\/\",\"logo\":{\"@type\":\"ImageObject\",\"inLanguage\":\"pt-BR\",\"@id\":\"https:\\\/\\\/redenoticiaz.com.br\\\/ribeiraopreto-regiao\\\/#\\\/schema\\\/logo\\\/image\\\/\",\"url\":\"https:\\\/\\\/redenoticiaz.com.br\\\/barretos-regiao\\\/wp-content\\\/uploads\\\/sites\\\/4\\\/2022\\\/02\\\/logo.jpg\",\"contentUrl\":\"https:\\\/\\\/redenoticiaz.com.br\\\/barretos-regiao\\\/wp-content\\\/uploads\\\/sites\\\/4\\\/2022\\\/02\\\/logo.jpg\",\"width\":400,\"height\":250,\"caption\":\"Ribeir\u00e3o Preto e Regi\u00e3o\"},\"image\":{\"@id\":\"https:\\\/\\\/redenoticiaz.com.br\\\/ribeiraopreto-regiao\\\/#\\\/schema\\\/logo\\\/image\\\/\"},\"sameAs\":[\"https:\\\/\\\/m.facebook.com\\\/redenoticiaz.barretos\",\"https:\\\/\\\/x.com\\\/RN_barretos\",\"https:\\\/\\\/www.instagram.com\\\/redenoticiaz.barretos\\\/?igshid=YmMyMTA2M2Y\",\"https:\\\/\\\/www.linkedin.com\\\/company\\\/rede-noticiaz-barretos-e-regio\\\/\"]},{\"@type\":\"Person\",\"@id\":\"https:\\\/\\\/redenoticiaz.com.br\\\/ribeiraopreto-regiao\\\/#\\\/schema\\\/person\\\/16057b37a3c0ee6b096d7f887c566e2e\",\"name\":\"Gustavo Silva\",\"image\":{\"@type\":\"ImageObject\",\"inLanguage\":\"pt-BR\",\"@id\":\"https:\\\/\\\/secure.gravatar.com\\\/avatar\\\/3ee4e82f93b26de0a7cf4ea5eb7893da637ed6bb0c9170c58065944c56e28a33?s=96&d=mm&r=g\",\"url\":\"https:\\\/\\\/secure.gravatar.com\\\/avatar\\\/3ee4e82f93b26de0a7cf4ea5eb7893da637ed6bb0c9170c58065944c56e28a33?s=96&d=mm&r=g\",\"contentUrl\":\"https:\\\/\\\/secure.gravatar.com\\\/avatar\\\/3ee4e82f93b26de0a7cf4ea5eb7893da637ed6bb0c9170c58065944c56e28a33?s=96&d=mm&r=g\",\"caption\":\"Gustavo Silva\"},\"url\":\"https:\\\/\\\/redenoticiaz.com.br\\\/ribeiraopreto-regiao\\\/sp\\\/author\\\/gustavosilva\"}]}<\/script>\n<!-- \/ Yoast SEO plugin. -->","yoast_head_json":{"title":"Confira se seu medicamento ter\u00e1 isen\u00e7\u00e3o ou redu\u00e7\u00e3o de imposto - Ribeir\u00e3o Preto e Regi\u00e3o","description":"Um total de 383 subst\u00e2ncias, que tamb\u00e9m inclui vacinas, ter\u00e3o isen\u00e7\u00e3o do Imposto sobre Valor Adicionado (IVA). Al\u00e9m disso, 850 princ\u00edpios ativos ter\u00e3o al\u00edquota reduzida em 60%.","robots":{"index":"index","follow":"follow","max-snippet":"max-snippet:-1","max-image-preview":"max-image-preview:large","max-video-preview":"max-video-preview:-1"},"canonical":"https:\/\/redenoticiaz.com.br\/ribeiraopreto-regiao\/sp\/2024\/05\/04\/confira-se-seu-medicamento-tera-isencao-ou-reducao-de-imposto","og_locale":"pt_BR","og_type":"article","og_title":"Confira se seu medicamento ter\u00e1 isen\u00e7\u00e3o ou redu\u00e7\u00e3o de imposto - Ribeir\u00e3o Preto e Regi\u00e3o","og_description":"Um total de 383 subst\u00e2ncias, que tamb\u00e9m inclui vacinas, ter\u00e3o isen\u00e7\u00e3o do Imposto sobre Valor Adicionado (IVA). Al\u00e9m disso, 850 princ\u00edpios ativos ter\u00e3o al\u00edquota reduzida em 60%.","og_url":"https:\/\/redenoticiaz.com.br\/ribeiraopreto-regiao\/sp\/2024\/05\/04\/confira-se-seu-medicamento-tera-isencao-ou-reducao-de-imposto","og_site_name":"Ribeir\u00e3o Preto e Regi\u00e3o","article_publisher":"https:\/\/m.facebook.com\/redenoticiaz.barretos","article_published_time":"2024-05-04T14:00:17+00:00","og_image":[{"width":802,"height":506,"url":"https:\/\/redenoticiaz.com.br\/ribeiraopreto-regiao\/wp-content\/uploads\/sites\/4\/2024\/05\/2020-02-24-tipos-de-medicamentos-veja-as-3-classificacoes-de-registro-802x506-1.jpg?v=1644443502","type":"image\/jpeg"}],"author":"Gustavo Silva","twitter_card":"summary_large_image","twitter_creator":"@RN_barretos","twitter_site":"@RN_barretos","twitter_misc":{"Escrito por":"Gustavo Silva","Est. tempo de leitura":"3 minutos"},"schema":{"@context":"https:\/\/schema.org","@graph":[{"@type":"Article","@id":"https:\/\/redenoticiaz.com.br\/ribeiraopreto-regiao\/sp\/2024\/05\/04\/confira-se-seu-medicamento-tera-isencao-ou-reducao-de-imposto#article","isPartOf":{"@id":"https:\/\/redenoticiaz.com.br\/ribeiraopreto-regiao\/sp\/2024\/05\/04\/confira-se-seu-medicamento-tera-isencao-ou-reducao-de-imposto"},"author":{"name":"Gustavo Silva","@id":"https:\/\/redenoticiaz.com.br\/ribeiraopreto-regiao\/#\/schema\/person\/16057b37a3c0ee6b096d7f887c566e2e"},"headline":"Confira se seu medicamento ter\u00e1 isen\u00e7\u00e3o ou redu\u00e7\u00e3o de imposto","datePublished":"2024-05-04T14:00:17+00:00","mainEntityOfPage":{"@id":"https:\/\/redenoticiaz.com.br\/ribeiraopreto-regiao\/sp\/2024\/05\/04\/confira-se-seu-medicamento-tera-isencao-ou-reducao-de-imposto"},"wordCount":509,"commentCount":0,"publisher":{"@id":"https:\/\/redenoticiaz.com.br\/ribeiraopreto-regiao\/#organization"},"image":{"@id":"https:\/\/redenoticiaz.com.br\/ribeiraopreto-regiao\/sp\/2024\/05\/04\/confira-se-seu-medicamento-tera-isencao-ou-reducao-de-imposto#primaryimage"},"thumbnailUrl":"https:\/\/redenoticiaz.com.br\/ribeiraopreto-regiao\/wp-content\/uploads\/sites\/4\/2024\/05\/2020-02-24-tipos-de-medicamentos-veja-as-3-classificacoes-de-registro-802x506-1.jpg?v=1644443502","keywords":["cumulatividade","MEDICAMENTOS"],"articleSection":["Sa\u00fade"],"inLanguage":"pt-BR","potentialAction":[{"@type":"CommentAction","name":"Comment","target":["https:\/\/redenoticiaz.com.br\/ribeiraopreto-regiao\/sp\/2024\/05\/04\/confira-se-seu-medicamento-tera-isencao-ou-reducao-de-imposto#respond"]}]},{"@type":"WebPage","@id":"https:\/\/redenoticiaz.com.br\/ribeiraopreto-regiao\/sp\/2024\/05\/04\/confira-se-seu-medicamento-tera-isencao-ou-reducao-de-imposto","url":"https:\/\/redenoticiaz.com.br\/ribeiraopreto-regiao\/sp\/2024\/05\/04\/confira-se-seu-medicamento-tera-isencao-ou-reducao-de-imposto","name":"Confira se seu medicamento ter\u00e1 isen\u00e7\u00e3o ou redu\u00e7\u00e3o de imposto - Ribeir\u00e3o Preto e Regi\u00e3o","isPartOf":{"@id":"https:\/\/redenoticiaz.com.br\/ribeiraopreto-regiao\/#website"},"primaryImageOfPage":{"@id":"https:\/\/redenoticiaz.com.br\/ribeiraopreto-regiao\/sp\/2024\/05\/04\/confira-se-seu-medicamento-tera-isencao-ou-reducao-de-imposto#primaryimage"},"image":{"@id":"https:\/\/redenoticiaz.com.br\/ribeiraopreto-regiao\/sp\/2024\/05\/04\/confira-se-seu-medicamento-tera-isencao-ou-reducao-de-imposto#primaryimage"},"thumbnailUrl":"https:\/\/redenoticiaz.com.br\/ribeiraopreto-regiao\/wp-content\/uploads\/sites\/4\/2024\/05\/2020-02-24-tipos-de-medicamentos-veja-as-3-classificacoes-de-registro-802x506-1.jpg?v=1644443502","datePublished":"2024-05-04T14:00:17+00:00","description":"Um total de 383 subst\u00e2ncias, que tamb\u00e9m inclui vacinas, ter\u00e3o isen\u00e7\u00e3o do Imposto sobre Valor Adicionado (IVA). Al\u00e9m disso, 850 princ\u00edpios ativos ter\u00e3o al\u00edquota reduzida em 60%.","inLanguage":"pt-BR","potentialAction":[{"@type":"ReadAction","target":["https:\/\/redenoticiaz.com.br\/ribeiraopreto-regiao\/sp\/2024\/05\/04\/confira-se-seu-medicamento-tera-isencao-ou-reducao-de-imposto"]}]},{"@type":"ImageObject","inLanguage":"pt-BR","@id":"https:\/\/redenoticiaz.com.br\/ribeiraopreto-regiao\/sp\/2024\/05\/04\/confira-se-seu-medicamento-tera-isencao-ou-reducao-de-imposto#primaryimage","url":"https:\/\/redenoticiaz.com.br\/ribeiraopreto-regiao\/wp-content\/uploads\/sites\/4\/2024\/05\/2020-02-24-tipos-de-medicamentos-veja-as-3-classificacoes-de-registro-802x506-1.jpg?v=1644443502","contentUrl":"https:\/\/redenoticiaz.com.br\/ribeiraopreto-regiao\/wp-content\/uploads\/sites\/4\/2024\/05\/2020-02-24-tipos-de-medicamentos-veja-as-3-classificacoes-de-registro-802x506-1.jpg?v=1644443502","width":802,"height":506},{"@type":"WebSite","@id":"https:\/\/redenoticiaz.com.br\/ribeiraopreto-regiao\/#website","url":"https:\/\/redenoticiaz.com.br\/ribeiraopreto-regiao\/","name":"Ribeir\u00e3o Preto e Regi\u00e3o","description":"Rede NoticiaZ - Ribeir\u00e3o Preto e regi\u00e3o","publisher":{"@id":"https:\/\/redenoticiaz.com.br\/ribeiraopreto-regiao\/#organization"},"potentialAction":[{"@type":"SearchAction","target":{"@type":"EntryPoint","urlTemplate":"https:\/\/redenoticiaz.com.br\/ribeiraopreto-regiao\/?s={search_term_string}"},"query-input":{"@type":"PropertyValueSpecification","valueRequired":true,"valueName":"search_term_string"}}],"inLanguage":"pt-BR"},{"@type":"Organization","@id":"https:\/\/redenoticiaz.com.br\/ribeiraopreto-regiao\/#organization","name":"Ribeir\u00e3o Preto e Regi\u00e3o","url":"https:\/\/redenoticiaz.com.br\/ribeiraopreto-regiao\/","logo":{"@type":"ImageObject","inLanguage":"pt-BR","@id":"https:\/\/redenoticiaz.com.br\/ribeiraopreto-regiao\/#\/schema\/logo\/image\/","url":"https:\/\/redenoticiaz.com.br\/barretos-regiao\/wp-content\/uploads\/sites\/4\/2022\/02\/logo.jpg","contentUrl":"https:\/\/redenoticiaz.com.br\/barretos-regiao\/wp-content\/uploads\/sites\/4\/2022\/02\/logo.jpg","width":400,"height":250,"caption":"Ribeir\u00e3o Preto e Regi\u00e3o"},"image":{"@id":"https:\/\/redenoticiaz.com.br\/ribeiraopreto-regiao\/#\/schema\/logo\/image\/"},"sameAs":["https:\/\/m.facebook.com\/redenoticiaz.barretos","https:\/\/x.com\/RN_barretos","https:\/\/www.instagram.com\/redenoticiaz.barretos\/?igshid=YmMyMTA2M2Y","https:\/\/www.linkedin.com\/company\/rede-noticiaz-barretos-e-regio\/"]},{"@type":"Person","@id":"https:\/\/redenoticiaz.com.br\/ribeiraopreto-regiao\/#\/schema\/person\/16057b37a3c0ee6b096d7f887c566e2e","name":"Gustavo Silva","image":{"@type":"ImageObject","inLanguage":"pt-BR","@id":"https:\/\/secure.gravatar.com\/avatar\/3ee4e82f93b26de0a7cf4ea5eb7893da637ed6bb0c9170c58065944c56e28a33?s=96&d=mm&r=g","url":"https:\/\/secure.gravatar.com\/avatar\/3ee4e82f93b26de0a7cf4ea5eb7893da637ed6bb0c9170c58065944c56e28a33?s=96&d=mm&r=g","contentUrl":"https:\/\/secure.gravatar.com\/avatar\/3ee4e82f93b26de0a7cf4ea5eb7893da637ed6bb0c9170c58065944c56e28a33?s=96&d=mm&r=g","caption":"Gustavo Silva"},"url":"https:\/\/redenoticiaz.com.br\/ribeiraopreto-regiao\/sp\/author\/gustavosilva"}]}},"_links":{"self":[{"href":"https:\/\/redenoticiaz.com.br\/ribeiraopreto-regiao\/wp-json\/wp\/v2\/posts\/116938","targetHints":{"allow":["GET"]}}],"collection":[{"href":"https:\/\/redenoticiaz.com.br\/ribeiraopreto-regiao\/wp-json\/wp\/v2\/posts"}],"about":[{"href":"https:\/\/redenoticiaz.com.br\/ribeiraopreto-regiao\/wp-json\/wp\/v2\/types\/post"}],"author":[{"embeddable":true,"href":"https:\/\/redenoticiaz.com.br\/ribeiraopreto-regiao\/wp-json\/wp\/v2\/users\/12"}],"replies":[{"embeddable":true,"href":"https:\/\/redenoticiaz.com.br\/ribeiraopreto-regiao\/wp-json\/wp\/v2\/comments?post=116938"}],"version-history":[{"count":1,"href":"https:\/\/redenoticiaz.com.br\/ribeiraopreto-regiao\/wp-json\/wp\/v2\/posts\/116938\/revisions"}],"predecessor-version":[{"id":116958,"href":"https:\/\/redenoticiaz.com.br\/ribeiraopreto-regiao\/wp-json\/wp\/v2\/posts\/116938\/revisions\/116958"}],"wp:featuredmedia":[{"embeddable":true,"href":"https:\/\/redenoticiaz.com.br\/ribeiraopreto-regiao\/wp-json\/wp\/v2\/media\/116939"}],"wp:attachment":[{"href":"https:\/\/redenoticiaz.com.br\/ribeiraopreto-regiao\/wp-json\/wp\/v2\/media?parent=116938"}],"wp:term":[{"taxonomy":"category","embeddable":true,"href":"https:\/\/redenoticiaz.com.br\/ribeiraopreto-regiao\/wp-json\/wp\/v2\/categories?post=116938"},{"taxonomy":"post_tag","embeddable":true,"href":"https:\/\/redenoticiaz.com.br\/ribeiraopreto-regiao\/wp-json\/wp\/v2\/tags?post=116938"}],"curies":[{"name":"wp","href":"https:\/\/api.w.org\/{rel}","templated":true}]}}