{"id":117073,"date":"2024-05-12T12:48:11","date_gmt":"2024-05-12T15:48:11","guid":{"rendered":"https:\/\/redenoticiaz.com.br\/barretos-regiao\/sp\/2024\/05\/12\/festa-julina-de-jundiai-2024-confirma-ana-castela-jorge-e-mateus-e-turma-do-pagode"},"modified":"2024-05-12T12:48:25","modified_gmt":"2024-05-12T15:48:25","slug":"festa-julina-de-jundiai-2024-confirma-ana-castela-jorge-e-mateus-e-turma-do-pagode","status":"publish","type":"post","link":"https:\/\/redenoticiaz.com.br\/ribeiraopreto-regiao\/sp\/2024\/05\/12\/festa-julina-de-jundiai-2024-confirma-ana-castela-jorge-e-mateus-e-turma-do-pagode","title":{"rendered":"Festa Julina de Jundia\u00ed 2024 confirma: Ana Castela, Jorge e Mateus e Turma do Pagode"},"content":{"rendered":"<p class=\"s4\"><span class=\"s3\"><span class=\"bumpedFont15\">Ana Castela, Jorge e Mateus e Turma do Pagode est\u00e3o na grade de shows da<\/span><\/span><span class=\"s3\"><span class=\"bumpedFont15\"> Festa <\/span><\/span><span class=\"s3\"><span class=\"bumpedFont15\">J<\/span><\/span><span class=\"s3\"><span class=\"bumpedFont15\">ulina<\/span><\/span><span class=\"s3\"><span class=\"bumpedFont15\"> de Jundia\u00ed<\/span><\/span><span class=\"s3\"><span class=\"bumpedFont15\"> 2024<\/span><\/span><span class=\"s3\"><span class=\"bumpedFont15\">, um dos<\/span><\/span><span class=\"s3\"><span class=\"bumpedFont15\"> maiores<\/span><\/span><span class=\"s3\"><span class=\"bumpedFont15\">eventos <\/span><\/span><span class=\"s3\"><span class=\"bumpedFont15\">da regi\u00e3o <\/span><\/span><span class=\"s3\"><span class=\"bumpedFont15\">e <\/span><\/span><span class=\"s3\"><span class=\"bumpedFont15\">mais aguardados do ano<\/span><\/span><span class=\"s3\"><span class=\"bumpedFont15\">,<\/span><\/span><span class=\"s3\"><span class=\"bumpedFont15\"> que acontece no<\/span><\/span><span class=\"s3\"><span class=\"bumpedFont15\">m\u00eas de julho.<\/span><\/span><span class=\"s3\"><span class=\"bumpedFont15\"> A divulga\u00e7\u00e3o est\u00e1 sendo feita no modelo \u201csombra\u201d, num dia entra s\u00f3 a silhueta, no perfil do Instagram da festa, no outro o nome da atra\u00e7\u00e3o \u00e9 divulgado e tudo vai parar @festajulinadejundia\u00ed. <\/span><\/span><\/p>\n<p class=\"s5\"><span class=\"s3\"><span class=\"bumpedFont15\">E para abrir as festividades, no dia 19 de julho, a boiadeira mais querida do Brasil,\u00a0<\/span><\/span><span class=\"s3\"><span class=\"bumpedFont15\">Ana Castela<\/span><\/span><span class=\"s3\"><span class=\"bumpedFont15\">, estar\u00e1 presente para encantar o p\u00fablico.<\/span><\/span><\/p>\n<p class=\"s5\"><span class=\"s3\"><span class=\"bumpedFont15\">Por onde vai arrasta uma multid\u00e3o de f\u00e3s e muita gente acaba colocando o figurino caracter\u00edstico com botas e chap\u00e9u. <\/span><\/span><span class=\"s3\"><span class=\"bumpedFont15\">Conhecida por suas m\u00fasicas que falam de for\u00e7a e independ\u00eancia, como \u201cDona de Mim\u201d e \u201cBoiadeira\u201d, Ana Castela promete uma apresenta\u00e7\u00e3o inesquec\u00edvel.<\/span><\/span><\/p>\n<p><span class=\"s2\">No dia anterior, 20 de julho, a\u00a0<\/span><span class=\"s2\">Turma do Pagode<\/span><span class=\"s2\">\u00a0promete agitar o p\u00fablico com sua energia contagiante. Formado em 1994 no bairro de Parada Inglesa, Zona Norte de S\u00e3o Paulo, o grupo ficou famoso pela m\u00fasica \u201c<\/span><span class=\"s2\">Lancinho<\/span><span class=\"s2\">\u201d, que alcan\u00e7ou o primeiro lugar nas paradas de sucesso.<\/span><\/p>\n<p class=\"s5\"><span class=\"s3\"><span class=\"bumpedFont15\">No dia 21 de julho, o Parque da Uva ser\u00e1 palco para a dupla sertaneja\u00a0<\/span><\/span><span class=\"s3\"><span class=\"bumpedFont15\">Jorge &amp; Mateus<\/span><\/span><span class=\"s3\"><span class=\"bumpedFont15\">. Com uma carreira de sucesso que ganhou proje\u00e7\u00e3o nacional em 2005, a dupla \u00e9 conhecida por suas melodias apaixonadas e animadas, como \u201cPode Chorar\u201d, \u201cDe Tanto Te Querer\u201d, \u201cVoa Beija-Flor\u201d, \u201cQuerendo Te Amar\u201d, \u201cAmo Noite E Dia\u201d, \u201cSosseguei\u201d, \u201cPropaganda\u201d, \u201cTodo seu\u201d, \u201c5 Regras\u201d entre outros in\u00fameros sucessos.<\/span><\/span><\/p>\n<p class=\"s5\"><span class=\"s3\"><span class=\"bumpedFont15\">A festa ocorre do dia 19 a 28 de julho e ainda h\u00e1 mais tr\u00eas atra\u00e7\u00f5es a serem anunciadas. Com uma programa\u00e7\u00e3o diversificada<\/span><\/span><span class=\"s3\"><span class=\"bumpedFont15\">, a Festa <\/span><\/span><span class=\"s3\"><span class=\"bumpedFont15\">Julina<\/span><\/span><span class=\"s3\"><span class=\"bumpedFont15\"> de Jundia\u00ed <\/span><\/span><span class=\"s3\"><span class=\"bumpedFont15\">promete ser um evento<\/span><\/span><span class=\"s3\"><span class=\"bumpedFont15\">concorrido <\/span><\/span><span class=\"s3\"><span class=\"bumpedFont15\">e <\/span><\/span><span class=\"s3\"><span class=\"bumpedFont15\">imperd\u00edvel<\/span><\/span><span class=\"s3\"><span class=\"bumpedFont15\">.<br \/>\n<\/span><\/span><\/p>\n<p>Leia mais<\/p>\n<p><a href=\"https:\/\/redenoticiaz.com.br\/blog\/2023\/08\/04\/festa-julina-de-jundiai-arrecabou-mais-de-15-toneladas-de-alimentos-durante-o-evento\">Equipe da Guarda Municipal de Jundia\u00ed salva homem<\/a><\/p>\n<p><a href=\"https:\/\/redenoticiaz.com.br\/blog\/2023\/08\/01\/4a-edicao-da-festa-julina-de-jundiai-reune-mais-de-110-mil-pessoas\">4\u00aa edi\u00e7\u00e3o da Festa Julina de Jundia\u00ed re\u00fane mais de 110 mil pessoas<\/a><\/p>\n<p>&nbsp;<\/p>\n","protected":false},"excerpt":{"rendered":"<p>Ana Castela, Jorge e Mateus e Turma do Pagode est\u00e3o na grade de shows da Festa Julina de Jundia\u00ed 2024, um dos maioreseventos da regi\u00e3o e mais aguardados do ano, que acontece nom\u00eas de julho. A divulga\u00e7\u00e3o est\u00e1 sendo feita no modelo \u201csombra\u201d, num dia entra s\u00f3 a silhueta, no perfil do Instagram da festa, &hellip;<\/p>\n","protected":false},"author":12,"featured_media":117074,"comment_status":"open","ping_status":"closed","sticky":false,"template":"","format":"standard","meta":{"footnotes":""},"categories":[129],"tags":[17134,18080],"class_list":["post-117073","post","type-post","status-publish","format-standard","has-post-thumbnail","hentry","category-saude","tag-festa","tag-festa-julina"],"yoast_head":"<!-- This site is optimized with the Yoast SEO plugin v28.4 - https:\/\/yoast.com\/product\/yoast-seo-wordpress\/ -->\n<title>Festa Julina de Jundia\u00ed 2024 confirma: Ana Castela, Jorge e Mateus e Turma do Pagode - Ribeir\u00e3o Preto e Regi\u00e3o<\/title>\n<meta name=\"description\" content=\"A divulga\u00e7\u00e3o est\u00e1 sendo feita no modelo \u201csombra\u201d, num dia entra s\u00f3 a silhueta, no perfil do Instagram da festa, no outro o nome da atra\u00e7\u00e3o \u00e9 divulgado e tudo vai parar @festajulinadejundia\u00ed.\" \/>\n<meta name=\"robots\" content=\"index, follow, max-snippet:-1, max-image-preview:large, max-video-preview:-1\" \/>\n<link rel=\"canonical\" href=\"https:\/\/redenoticiaz.com.br\/ribeiraopreto-regiao\/sp\/2024\/05\/12\/festa-julina-de-jundiai-2024-confirma-ana-castela-jorge-e-mateus-e-turma-do-pagode\" \/>\n<meta property=\"og:locale\" content=\"pt_BR\" \/>\n<meta property=\"og:type\" content=\"article\" \/>\n<meta property=\"og:title\" content=\"Festa Julina de Jundia\u00ed 2024 confirma: Ana Castela, Jorge e Mateus e Turma do Pagode - Ribeir\u00e3o Preto e Regi\u00e3o\" \/>\n<meta property=\"og:description\" content=\"A divulga\u00e7\u00e3o est\u00e1 sendo feita no modelo \u201csombra\u201d, num dia entra s\u00f3 a silhueta, no perfil do Instagram da festa, no outro o nome da atra\u00e7\u00e3o \u00e9 divulgado e tudo vai parar @festajulinadejundia\u00ed.\" \/>\n<meta property=\"og:url\" content=\"https:\/\/redenoticiaz.com.br\/ribeiraopreto-regiao\/sp\/2024\/05\/12\/festa-julina-de-jundiai-2024-confirma-ana-castela-jorge-e-mateus-e-turma-do-pagode\" \/>\n<meta property=\"og:site_name\" content=\"Ribeir\u00e3o Preto e Regi\u00e3o\" \/>\n<meta property=\"article:publisher\" content=\"https:\/\/m.facebook.com\/redenoticiaz.barretos\" \/>\n<meta property=\"article:published_time\" content=\"2024-05-12T15:48:11+00:00\" \/>\n<meta property=\"article:modified_time\" content=\"2024-05-12T15:48:25+00:00\" \/>\n<meta property=\"og:image\" content=\"https:\/\/redenoticiaz.com.br\/ribeiraopreto-regiao\/wp-content\/uploads\/sites\/4\/2024\/05\/80ec9916-2c12-4b2e-a14e-b5a27b740070.jpeg?v=1715528884\" \/>\n\t<meta property=\"og:image:width\" content=\"1200\" \/>\n\t<meta property=\"og:image:height\" content=\"750\" \/>\n\t<meta property=\"og:image:type\" content=\"image\/jpeg\" \/>\n<meta name=\"author\" content=\"Gustavo Silva\" \/>\n<meta name=\"twitter:card\" content=\"summary_large_image\" \/>\n<meta name=\"twitter:creator\" content=\"@RN_barretos\" \/>\n<meta name=\"twitter:site\" content=\"@RN_barretos\" \/>\n<meta name=\"twitter:label1\" content=\"Escrito por\" \/>\n\t<meta name=\"twitter:data1\" content=\"Gustavo Silva\" \/>\n\t<meta name=\"twitter:label2\" content=\"Est. tempo de leitura\" \/>\n\t<meta name=\"twitter:data2\" content=\"2 minutos\" \/>\n<script type=\"application\/ld+json\" class=\"yoast-schema-graph\">{\"@context\":\"https:\\\/\\\/schema.org\",\"@graph\":[{\"@type\":\"Article\",\"@id\":\"https:\\\/\\\/redenoticiaz.com.br\\\/ribeiraopreto-regiao\\\/sp\\\/2024\\\/05\\\/12\\\/festa-julina-de-jundiai-2024-confirma-ana-castela-jorge-e-mateus-e-turma-do-pagode#article\",\"isPartOf\":{\"@id\":\"https:\\\/\\\/redenoticiaz.com.br\\\/ribeiraopreto-regiao\\\/sp\\\/2024\\\/05\\\/12\\\/festa-julina-de-jundiai-2024-confirma-ana-castela-jorge-e-mateus-e-turma-do-pagode\"},\"author\":{\"name\":\"Gustavo Silva\",\"@id\":\"https:\\\/\\\/redenoticiaz.com.br\\\/ribeiraopreto-regiao\\\/#\\\/schema\\\/person\\\/16057b37a3c0ee6b096d7f887c566e2e\"},\"headline\":\"Festa Julina de Jundia\u00ed 2024 confirma: Ana Castela, Jorge e Mateus e Turma do Pagode\",\"datePublished\":\"2024-05-12T15:48:11+00:00\",\"dateModified\":\"2024-05-12T15:48:25+00:00\",\"mainEntityOfPage\":{\"@id\":\"https:\\\/\\\/redenoticiaz.com.br\\\/ribeiraopreto-regiao\\\/sp\\\/2024\\\/05\\\/12\\\/festa-julina-de-jundiai-2024-confirma-ana-castela-jorge-e-mateus-e-turma-do-pagode\"},\"wordCount\":336,\"commentCount\":0,\"publisher\":{\"@id\":\"https:\\\/\\\/redenoticiaz.com.br\\\/ribeiraopreto-regiao\\\/#organization\"},\"image\":{\"@id\":\"https:\\\/\\\/redenoticiaz.com.br\\\/ribeiraopreto-regiao\\\/sp\\\/2024\\\/05\\\/12\\\/festa-julina-de-jundiai-2024-confirma-ana-castela-jorge-e-mateus-e-turma-do-pagode#primaryimage\"},\"thumbnailUrl\":\"https:\\\/\\\/redenoticiaz.com.br\\\/ribeiraopreto-regiao\\\/wp-content\\\/uploads\\\/sites\\\/4\\\/2024\\\/05\\\/80ec9916-2c12-4b2e-a14e-b5a27b740070.jpeg?v=1715528884\",\"keywords\":[\"FESTA\",\"FESTA JULINA\"],\"articleSection\":[\"Sa\u00fade\"],\"inLanguage\":\"pt-BR\",\"potentialAction\":[{\"@type\":\"CommentAction\",\"name\":\"Comment\",\"target\":[\"https:\\\/\\\/redenoticiaz.com.br\\\/ribeiraopreto-regiao\\\/sp\\\/2024\\\/05\\\/12\\\/festa-julina-de-jundiai-2024-confirma-ana-castela-jorge-e-mateus-e-turma-do-pagode#respond\"]}]},{\"@type\":\"WebPage\",\"@id\":\"https:\\\/\\\/redenoticiaz.com.br\\\/ribeiraopreto-regiao\\\/sp\\\/2024\\\/05\\\/12\\\/festa-julina-de-jundiai-2024-confirma-ana-castela-jorge-e-mateus-e-turma-do-pagode\",\"url\":\"https:\\\/\\\/redenoticiaz.com.br\\\/ribeiraopreto-regiao\\\/sp\\\/2024\\\/05\\\/12\\\/festa-julina-de-jundiai-2024-confirma-ana-castela-jorge-e-mateus-e-turma-do-pagode\",\"name\":\"Festa Julina de Jundia\u00ed 2024 confirma: Ana Castela, Jorge e Mateus e Turma do Pagode - Ribeir\u00e3o Preto e Regi\u00e3o\",\"isPartOf\":{\"@id\":\"https:\\\/\\\/redenoticiaz.com.br\\\/ribeiraopreto-regiao\\\/#website\"},\"primaryImageOfPage\":{\"@id\":\"https:\\\/\\\/redenoticiaz.com.br\\\/ribeiraopreto-regiao\\\/sp\\\/2024\\\/05\\\/12\\\/festa-julina-de-jundiai-2024-confirma-ana-castela-jorge-e-mateus-e-turma-do-pagode#primaryimage\"},\"image\":{\"@id\":\"https:\\\/\\\/redenoticiaz.com.br\\\/ribeiraopreto-regiao\\\/sp\\\/2024\\\/05\\\/12\\\/festa-julina-de-jundiai-2024-confirma-ana-castela-jorge-e-mateus-e-turma-do-pagode#primaryimage\"},\"thumbnailUrl\":\"https:\\\/\\\/redenoticiaz.com.br\\\/ribeiraopreto-regiao\\\/wp-content\\\/uploads\\\/sites\\\/4\\\/2024\\\/05\\\/80ec9916-2c12-4b2e-a14e-b5a27b740070.jpeg?v=1715528884\",\"datePublished\":\"2024-05-12T15:48:11+00:00\",\"dateModified\":\"2024-05-12T15:48:25+00:00\",\"description\":\"A divulga\u00e7\u00e3o est\u00e1 sendo feita no modelo \u201csombra\u201d, num dia entra s\u00f3 a silhueta, no perfil do Instagram da festa, no outro o nome da atra\u00e7\u00e3o \u00e9 divulgado e tudo vai parar @festajulinadejundia\u00ed.\",\"inLanguage\":\"pt-BR\",\"potentialAction\":[{\"@type\":\"ReadAction\",\"target\":[\"https:\\\/\\\/redenoticiaz.com.br\\\/ribeiraopreto-regiao\\\/sp\\\/2024\\\/05\\\/12\\\/festa-julina-de-jundiai-2024-confirma-ana-castela-jorge-e-mateus-e-turma-do-pagode\"]}]},{\"@type\":\"ImageObject\",\"inLanguage\":\"pt-BR\",\"@id\":\"https:\\\/\\\/redenoticiaz.com.br\\\/ribeiraopreto-regiao\\\/sp\\\/2024\\\/05\\\/12\\\/festa-julina-de-jundiai-2024-confirma-ana-castela-jorge-e-mateus-e-turma-do-pagode#primaryimage\",\"url\":\"https:\\\/\\\/redenoticiaz.com.br\\\/ribeiraopreto-regiao\\\/wp-content\\\/uploads\\\/sites\\\/4\\\/2024\\\/05\\\/80ec9916-2c12-4b2e-a14e-b5a27b740070.jpeg?v=1715528884\",\"contentUrl\":\"https:\\\/\\\/redenoticiaz.com.br\\\/ribeiraopreto-regiao\\\/wp-content\\\/uploads\\\/sites\\\/4\\\/2024\\\/05\\\/80ec9916-2c12-4b2e-a14e-b5a27b740070.jpeg?v=1715528884\",\"width\":1200,\"height\":750},{\"@type\":\"WebSite\",\"@id\":\"https:\\\/\\\/redenoticiaz.com.br\\\/ribeiraopreto-regiao\\\/#website\",\"url\":\"https:\\\/\\\/redenoticiaz.com.br\\\/ribeiraopreto-regiao\\\/\",\"name\":\"Ribeir\u00e3o Preto e Regi\u00e3o\",\"description\":\"Rede NoticiaZ - Ribeir\u00e3o Preto e regi\u00e3o\",\"publisher\":{\"@id\":\"https:\\\/\\\/redenoticiaz.com.br\\\/ribeiraopreto-regiao\\\/#organization\"},\"potentialAction\":[{\"@type\":\"SearchAction\",\"target\":{\"@type\":\"EntryPoint\",\"urlTemplate\":\"https:\\\/\\\/redenoticiaz.com.br\\\/ribeiraopreto-regiao\\\/?s={search_term_string}\"},\"query-input\":{\"@type\":\"PropertyValueSpecification\",\"valueRequired\":true,\"valueName\":\"search_term_string\"}}],\"inLanguage\":\"pt-BR\"},{\"@type\":\"Organization\",\"@id\":\"https:\\\/\\\/redenoticiaz.com.br\\\/ribeiraopreto-regiao\\\/#organization\",\"name\":\"Ribeir\u00e3o Preto e Regi\u00e3o\",\"url\":\"https:\\\/\\\/redenoticiaz.com.br\\\/ribeiraopreto-regiao\\\/\",\"logo\":{\"@type\":\"ImageObject\",\"inLanguage\":\"pt-BR\",\"@id\":\"https:\\\/\\\/redenoticiaz.com.br\\\/ribeiraopreto-regiao\\\/#\\\/schema\\\/logo\\\/image\\\/\",\"url\":\"https:\\\/\\\/redenoticiaz.com.br\\\/barretos-regiao\\\/wp-content\\\/uploads\\\/sites\\\/4\\\/2022\\\/02\\\/logo.jpg\",\"contentUrl\":\"https:\\\/\\\/redenoticiaz.com.br\\\/barretos-regiao\\\/wp-content\\\/uploads\\\/sites\\\/4\\\/2022\\\/02\\\/logo.jpg\",\"width\":400,\"height\":250,\"caption\":\"Ribeir\u00e3o Preto e Regi\u00e3o\"},\"image\":{\"@id\":\"https:\\\/\\\/redenoticiaz.com.br\\\/ribeiraopreto-regiao\\\/#\\\/schema\\\/logo\\\/image\\\/\"},\"sameAs\":[\"https:\\\/\\\/m.facebook.com\\\/redenoticiaz.barretos\",\"https:\\\/\\\/x.com\\\/RN_barretos\",\"https:\\\/\\\/www.instagram.com\\\/redenoticiaz.barretos\\\/?igshid=YmMyMTA2M2Y\",\"https:\\\/\\\/www.linkedin.com\\\/company\\\/rede-noticiaz-barretos-e-regio\\\/\"]},{\"@type\":\"Person\",\"@id\":\"https:\\\/\\\/redenoticiaz.com.br\\\/ribeiraopreto-regiao\\\/#\\\/schema\\\/person\\\/16057b37a3c0ee6b096d7f887c566e2e\",\"name\":\"Gustavo Silva\",\"image\":{\"@type\":\"ImageObject\",\"inLanguage\":\"pt-BR\",\"@id\":\"https:\\\/\\\/secure.gravatar.com\\\/avatar\\\/3ee4e82f93b26de0a7cf4ea5eb7893da637ed6bb0c9170c58065944c56e28a33?s=96&d=mm&r=g\",\"url\":\"https:\\\/\\\/secure.gravatar.com\\\/avatar\\\/3ee4e82f93b26de0a7cf4ea5eb7893da637ed6bb0c9170c58065944c56e28a33?s=96&d=mm&r=g\",\"contentUrl\":\"https:\\\/\\\/secure.gravatar.com\\\/avatar\\\/3ee4e82f93b26de0a7cf4ea5eb7893da637ed6bb0c9170c58065944c56e28a33?s=96&d=mm&r=g\",\"caption\":\"Gustavo Silva\"},\"url\":\"https:\\\/\\\/redenoticiaz.com.br\\\/ribeiraopreto-regiao\\\/sp\\\/author\\\/gustavosilva\"}]}<\/script>\n<!-- \/ Yoast SEO plugin. -->","yoast_head_json":{"title":"Festa Julina de Jundia\u00ed 2024 confirma: Ana Castela, Jorge e Mateus e Turma do Pagode - Ribeir\u00e3o Preto e Regi\u00e3o","description":"A divulga\u00e7\u00e3o est\u00e1 sendo feita no modelo \u201csombra\u201d, num dia entra s\u00f3 a silhueta, no perfil do Instagram da festa, no outro o nome da atra\u00e7\u00e3o \u00e9 divulgado e tudo vai parar @festajulinadejundia\u00ed.","robots":{"index":"index","follow":"follow","max-snippet":"max-snippet:-1","max-image-preview":"max-image-preview:large","max-video-preview":"max-video-preview:-1"},"canonical":"https:\/\/redenoticiaz.com.br\/ribeiraopreto-regiao\/sp\/2024\/05\/12\/festa-julina-de-jundiai-2024-confirma-ana-castela-jorge-e-mateus-e-turma-do-pagode","og_locale":"pt_BR","og_type":"article","og_title":"Festa Julina de Jundia\u00ed 2024 confirma: Ana Castela, Jorge e Mateus e Turma do Pagode - Ribeir\u00e3o Preto e Regi\u00e3o","og_description":"A divulga\u00e7\u00e3o est\u00e1 sendo feita no modelo \u201csombra\u201d, num dia entra s\u00f3 a silhueta, no perfil do Instagram da festa, no outro o nome da atra\u00e7\u00e3o \u00e9 divulgado e tudo vai parar @festajulinadejundia\u00ed.","og_url":"https:\/\/redenoticiaz.com.br\/ribeiraopreto-regiao\/sp\/2024\/05\/12\/festa-julina-de-jundiai-2024-confirma-ana-castela-jorge-e-mateus-e-turma-do-pagode","og_site_name":"Ribeir\u00e3o Preto e Regi\u00e3o","article_publisher":"https:\/\/m.facebook.com\/redenoticiaz.barretos","article_published_time":"2024-05-12T15:48:11+00:00","article_modified_time":"2024-05-12T15:48:25+00:00","og_image":[{"width":1200,"height":750,"url":"https:\/\/redenoticiaz.com.br\/ribeiraopreto-regiao\/wp-content\/uploads\/sites\/4\/2024\/05\/80ec9916-2c12-4b2e-a14e-b5a27b740070.jpeg?v=1715528884","type":"image\/jpeg"}],"author":"Gustavo Silva","twitter_card":"summary_large_image","twitter_creator":"@RN_barretos","twitter_site":"@RN_barretos","twitter_misc":{"Escrito por":"Gustavo Silva","Est. tempo de leitura":"2 minutos"},"schema":{"@context":"https:\/\/schema.org","@graph":[{"@type":"Article","@id":"https:\/\/redenoticiaz.com.br\/ribeiraopreto-regiao\/sp\/2024\/05\/12\/festa-julina-de-jundiai-2024-confirma-ana-castela-jorge-e-mateus-e-turma-do-pagode#article","isPartOf":{"@id":"https:\/\/redenoticiaz.com.br\/ribeiraopreto-regiao\/sp\/2024\/05\/12\/festa-julina-de-jundiai-2024-confirma-ana-castela-jorge-e-mateus-e-turma-do-pagode"},"author":{"name":"Gustavo Silva","@id":"https:\/\/redenoticiaz.com.br\/ribeiraopreto-regiao\/#\/schema\/person\/16057b37a3c0ee6b096d7f887c566e2e"},"headline":"Festa Julina de Jundia\u00ed 2024 confirma: Ana Castela, Jorge e Mateus e Turma do Pagode","datePublished":"2024-05-12T15:48:11+00:00","dateModified":"2024-05-12T15:48:25+00:00","mainEntityOfPage":{"@id":"https:\/\/redenoticiaz.com.br\/ribeiraopreto-regiao\/sp\/2024\/05\/12\/festa-julina-de-jundiai-2024-confirma-ana-castela-jorge-e-mateus-e-turma-do-pagode"},"wordCount":336,"commentCount":0,"publisher":{"@id":"https:\/\/redenoticiaz.com.br\/ribeiraopreto-regiao\/#organization"},"image":{"@id":"https:\/\/redenoticiaz.com.br\/ribeiraopreto-regiao\/sp\/2024\/05\/12\/festa-julina-de-jundiai-2024-confirma-ana-castela-jorge-e-mateus-e-turma-do-pagode#primaryimage"},"thumbnailUrl":"https:\/\/redenoticiaz.com.br\/ribeiraopreto-regiao\/wp-content\/uploads\/sites\/4\/2024\/05\/80ec9916-2c12-4b2e-a14e-b5a27b740070.jpeg?v=1715528884","keywords":["FESTA","FESTA JULINA"],"articleSection":["Sa\u00fade"],"inLanguage":"pt-BR","potentialAction":[{"@type":"CommentAction","name":"Comment","target":["https:\/\/redenoticiaz.com.br\/ribeiraopreto-regiao\/sp\/2024\/05\/12\/festa-julina-de-jundiai-2024-confirma-ana-castela-jorge-e-mateus-e-turma-do-pagode#respond"]}]},{"@type":"WebPage","@id":"https:\/\/redenoticiaz.com.br\/ribeiraopreto-regiao\/sp\/2024\/05\/12\/festa-julina-de-jundiai-2024-confirma-ana-castela-jorge-e-mateus-e-turma-do-pagode","url":"https:\/\/redenoticiaz.com.br\/ribeiraopreto-regiao\/sp\/2024\/05\/12\/festa-julina-de-jundiai-2024-confirma-ana-castela-jorge-e-mateus-e-turma-do-pagode","name":"Festa Julina de Jundia\u00ed 2024 confirma: Ana Castela, Jorge e Mateus e Turma do Pagode - Ribeir\u00e3o Preto e Regi\u00e3o","isPartOf":{"@id":"https:\/\/redenoticiaz.com.br\/ribeiraopreto-regiao\/#website"},"primaryImageOfPage":{"@id":"https:\/\/redenoticiaz.com.br\/ribeiraopreto-regiao\/sp\/2024\/05\/12\/festa-julina-de-jundiai-2024-confirma-ana-castela-jorge-e-mateus-e-turma-do-pagode#primaryimage"},"image":{"@id":"https:\/\/redenoticiaz.com.br\/ribeiraopreto-regiao\/sp\/2024\/05\/12\/festa-julina-de-jundiai-2024-confirma-ana-castela-jorge-e-mateus-e-turma-do-pagode#primaryimage"},"thumbnailUrl":"https:\/\/redenoticiaz.com.br\/ribeiraopreto-regiao\/wp-content\/uploads\/sites\/4\/2024\/05\/80ec9916-2c12-4b2e-a14e-b5a27b740070.jpeg?v=1715528884","datePublished":"2024-05-12T15:48:11+00:00","dateModified":"2024-05-12T15:48:25+00:00","description":"A divulga\u00e7\u00e3o est\u00e1 sendo feita no modelo \u201csombra\u201d, num dia entra s\u00f3 a silhueta, no perfil do Instagram da festa, no outro o nome da atra\u00e7\u00e3o \u00e9 divulgado e tudo vai parar @festajulinadejundia\u00ed.","inLanguage":"pt-BR","potentialAction":[{"@type":"ReadAction","target":["https:\/\/redenoticiaz.com.br\/ribeiraopreto-regiao\/sp\/2024\/05\/12\/festa-julina-de-jundiai-2024-confirma-ana-castela-jorge-e-mateus-e-turma-do-pagode"]}]},{"@type":"ImageObject","inLanguage":"pt-BR","@id":"https:\/\/redenoticiaz.com.br\/ribeiraopreto-regiao\/sp\/2024\/05\/12\/festa-julina-de-jundiai-2024-confirma-ana-castela-jorge-e-mateus-e-turma-do-pagode#primaryimage","url":"https:\/\/redenoticiaz.com.br\/ribeiraopreto-regiao\/wp-content\/uploads\/sites\/4\/2024\/05\/80ec9916-2c12-4b2e-a14e-b5a27b740070.jpeg?v=1715528884","contentUrl":"https:\/\/redenoticiaz.com.br\/ribeiraopreto-regiao\/wp-content\/uploads\/sites\/4\/2024\/05\/80ec9916-2c12-4b2e-a14e-b5a27b740070.jpeg?v=1715528884","width":1200,"height":750},{"@type":"WebSite","@id":"https:\/\/redenoticiaz.com.br\/ribeiraopreto-regiao\/#website","url":"https:\/\/redenoticiaz.com.br\/ribeiraopreto-regiao\/","name":"Ribeir\u00e3o Preto e Regi\u00e3o","description":"Rede NoticiaZ - Ribeir\u00e3o Preto e regi\u00e3o","publisher":{"@id":"https:\/\/redenoticiaz.com.br\/ribeiraopreto-regiao\/#organization"},"potentialAction":[{"@type":"SearchAction","target":{"@type":"EntryPoint","urlTemplate":"https:\/\/redenoticiaz.com.br\/ribeiraopreto-regiao\/?s={search_term_string}"},"query-input":{"@type":"PropertyValueSpecification","valueRequired":true,"valueName":"search_term_string"}}],"inLanguage":"pt-BR"},{"@type":"Organization","@id":"https:\/\/redenoticiaz.com.br\/ribeiraopreto-regiao\/#organization","name":"Ribeir\u00e3o Preto e Regi\u00e3o","url":"https:\/\/redenoticiaz.com.br\/ribeiraopreto-regiao\/","logo":{"@type":"ImageObject","inLanguage":"pt-BR","@id":"https:\/\/redenoticiaz.com.br\/ribeiraopreto-regiao\/#\/schema\/logo\/image\/","url":"https:\/\/redenoticiaz.com.br\/barretos-regiao\/wp-content\/uploads\/sites\/4\/2022\/02\/logo.jpg","contentUrl":"https:\/\/redenoticiaz.com.br\/barretos-regiao\/wp-content\/uploads\/sites\/4\/2022\/02\/logo.jpg","width":400,"height":250,"caption":"Ribeir\u00e3o Preto e Regi\u00e3o"},"image":{"@id":"https:\/\/redenoticiaz.com.br\/ribeiraopreto-regiao\/#\/schema\/logo\/image\/"},"sameAs":["https:\/\/m.facebook.com\/redenoticiaz.barretos","https:\/\/x.com\/RN_barretos","https:\/\/www.instagram.com\/redenoticiaz.barretos\/?igshid=YmMyMTA2M2Y","https:\/\/www.linkedin.com\/company\/rede-noticiaz-barretos-e-regio\/"]},{"@type":"Person","@id":"https:\/\/redenoticiaz.com.br\/ribeiraopreto-regiao\/#\/schema\/person\/16057b37a3c0ee6b096d7f887c566e2e","name":"Gustavo Silva","image":{"@type":"ImageObject","inLanguage":"pt-BR","@id":"https:\/\/secure.gravatar.com\/avatar\/3ee4e82f93b26de0a7cf4ea5eb7893da637ed6bb0c9170c58065944c56e28a33?s=96&d=mm&r=g","url":"https:\/\/secure.gravatar.com\/avatar\/3ee4e82f93b26de0a7cf4ea5eb7893da637ed6bb0c9170c58065944c56e28a33?s=96&d=mm&r=g","contentUrl":"https:\/\/secure.gravatar.com\/avatar\/3ee4e82f93b26de0a7cf4ea5eb7893da637ed6bb0c9170c58065944c56e28a33?s=96&d=mm&r=g","caption":"Gustavo Silva"},"url":"https:\/\/redenoticiaz.com.br\/ribeiraopreto-regiao\/sp\/author\/gustavosilva"}]}},"_links":{"self":[{"href":"https:\/\/redenoticiaz.com.br\/ribeiraopreto-regiao\/wp-json\/wp\/v2\/posts\/117073","targetHints":{"allow":["GET"]}}],"collection":[{"href":"https:\/\/redenoticiaz.com.br\/ribeiraopreto-regiao\/wp-json\/wp\/v2\/posts"}],"about":[{"href":"https:\/\/redenoticiaz.com.br\/ribeiraopreto-regiao\/wp-json\/wp\/v2\/types\/post"}],"author":[{"embeddable":true,"href":"https:\/\/redenoticiaz.com.br\/ribeiraopreto-regiao\/wp-json\/wp\/v2\/users\/12"}],"replies":[{"embeddable":true,"href":"https:\/\/redenoticiaz.com.br\/ribeiraopreto-regiao\/wp-json\/wp\/v2\/comments?post=117073"}],"version-history":[{"count":0,"href":"https:\/\/redenoticiaz.com.br\/ribeiraopreto-regiao\/wp-json\/wp\/v2\/posts\/117073\/revisions"}],"wp:featuredmedia":[{"embeddable":true,"href":"https:\/\/redenoticiaz.com.br\/ribeiraopreto-regiao\/wp-json\/wp\/v2\/media\/117074"}],"wp:attachment":[{"href":"https:\/\/redenoticiaz.com.br\/ribeiraopreto-regiao\/wp-json\/wp\/v2\/media?parent=117073"}],"wp:term":[{"taxonomy":"category","embeddable":true,"href":"https:\/\/redenoticiaz.com.br\/ribeiraopreto-regiao\/wp-json\/wp\/v2\/categories?post=117073"},{"taxonomy":"post_tag","embeddable":true,"href":"https:\/\/redenoticiaz.com.br\/ribeiraopreto-regiao\/wp-json\/wp\/v2\/tags?post=117073"}],"curies":[{"name":"wp","href":"https:\/\/api.w.org\/{rel}","templated":true}]}}