{"id":117176,"date":"2024-05-25T10:00:09","date_gmt":"2024-05-25T13:00:09","guid":{"rendered":"https:\/\/redenoticiaz.com.br\/barretos-regiao\/?p=117176"},"modified":"2024-05-21T13:17:27","modified_gmt":"2024-05-21T16:17:27","slug":"quase-um-a-cada-cinco-quadros-de-infeccao-em-escolas-pelo-brasil-sao-casos-de-conjuntivite-aponta-estudo","status":"publish","type":"post","link":"https:\/\/redenoticiaz.com.br\/ribeiraopreto-regiao\/sp\/2024\/05\/25\/quase-um-a-cada-cinco-quadros-de-infeccao-em-escolas-pelo-brasil-sao-casos-de-conjuntivite-aponta-estudo","title":{"rendered":"Quase um a cada cinco quadros de infec\u00e7\u00e3o em escolas pelo Brasil s\u00e3o casos de conjuntivite, aponta estudo"},"content":{"rendered":"<p>Tudo come\u00e7a com os olhos ficando vermelhos e irritados, seguidos do h\u00e1bito comum das crian\u00e7as de co\u00e7ar os olhos com as m\u00e3os. Desta forma, agrava-se um quadro de conjuntivite, que pode ser viral, bacteriana ou at\u00e9 mesmo al\u00e9rgica. Embora este \u00faltimo n\u00e3o seja infeccioso, por seguran\u00e7a e alto risco de cont\u00e1gio, s\u00e3o necess\u00e1rios alguns dias de recolhimento fora das aulas para n\u00e3o colocar ningu\u00e9m em risco. No entanto, em se tratando de crian\u00e7as em idade escolar, n\u00e3o \u00e9 necessariamente o que acontece, afinal, essa \u00e9 a doen\u00e7a mais comum nas escolas brasileiras, com preval\u00eancia de 18,1% dos casos cl\u00ednicos e tempo m\u00e9dio de afastamento de 2,4 dias.<\/p>\n<p>Os dados fazem parte do relat\u00f3rio Sa\u00fade Escolar pelo Brasil, produzido pela Coala Sa\u00fade, que analisou 1.250 casos ocorridos em 82 escolas em todas as regi\u00f5es do pa\u00eds durante o \u00faltimo ano letivo.<\/p>\n<p>Casos de doen\u00e7as infectocontagiosas preven\u00edveis ocorrem com mais frequ\u00eancia em escolas de educa\u00e7\u00e3o infantil e de ensino fundamental nos anos iniciais. A concentra\u00e7\u00e3o nestes casos chega a 83,6% das situa\u00e7\u00f5es analisadas, demonstrando como crian\u00e7as de at\u00e9 cinco anos de idade possuem risco maior de contamina\u00e7\u00e3o por agentes etiol\u00f3gicos infecciosos. &#8220;Percebemos que alunos dos primeiros anos de ensino apresentam, em m\u00e9dia, oito casos diferentes ao longo do ano, sendo que boa parte deles ocorre a partir de v\u00edrus, que podem resultar em quadros de sete a quatorze dias de riscos ao doente e a seus contactantes&#8221;, explica Rafael Kader, m\u00e9dico e CEO da Coala Sa\u00fade.<\/p>\n<p>O levantamento mostra ainda que casos de s\u00edndrome gripal, que t\u00eam como sintomas de febres altas e tosses secas at\u00e9 dores musculares nas costas, bra\u00e7os e pernas, s\u00e3o a segunda doen\u00e7a infecciosa mais prevalente em escolas pelo Brasil, com apari\u00e7\u00e3o em 12,5% dos casos analisados, com um afastamento m\u00e9dio de 2,9 dias.<\/p>\n<p>Por outro lado, com apenas 0,9 dia do tempo fora da escola, casos de gastroenterites, que podem apresentar diarr\u00e9ias, n\u00e1useas, v\u00f4mitos, perda de apetite e dores abdominais, ficam no terceiro lugar, com 10,4% dos casos cl\u00ednicos estudados.<\/p>\n<p>Com uma preval\u00eancia de 4,7%, casos da s\u00edndrome m\u00e3o-p\u00e9-boca (MPB) se destacam por seu per\u00edodo mais longo de tempo fora da escola: s\u00e3o, em m\u00e9dia, 3,4 dias para o aluno retomar suas atividades. T\u00edpica nos mais jovens, a doen\u00e7a \u00e9 uma infec\u00e7\u00e3o viral que pode apresentar sintomas como febre alta e o aparecimento de les\u00f5es e pequenas bolhas no p\u00e9, na m\u00e3o e na boca.<\/p>\n<p>Por sua vez, conhecida pelas erup\u00e7\u00f5es cut\u00e2neas de tom avermelhado que aparecem ao redor do corpo, a escarlatina, uma doen\u00e7a bacteriana provocada pela bact\u00e9ria Estreptococo, a mesma causadora de infec\u00e7\u00f5es na garganta (faringoamigdalite), foi uma dos casos mais comuns nas escolas pelo Brasil em 2023, com preval\u00eancia de 4,7% daqueles analisados. Seu tempo m\u00e9dio de afastamento de 3,1 dias demonstra a necessidade de aten\u00e7\u00e3o especial ao quadro, que pode apresentar incha\u00e7o no pesco\u00e7o e mal-estar na crian\u00e7a.<\/p>\n<p>Para o executivo da Coala Sa\u00fade, o levantamento joga luz para o cen\u00e1rio atual de sa\u00fade escolar no Brasil e seus impactos no sistema educacional, uma vez que alunos passam pelo menos de mil horas por ano dentro das institui\u00e7\u00f5es de ensino. &#8220;Uma crian\u00e7a doente na escola interrompe sua jornada educacional e processo de aprendizagem, podendo deixar marcas emocionais ao longo de seu crescimento. Ao compreender o real cen\u00e1rio a partir da sa\u00fade escolar, estamos cuidando do bem-estar e da sa\u00fade da pr\u00f3xima gera\u00e7\u00e3o do pa\u00eds&#8221;, acredita Rafael Kader, m\u00e9dico e CEO da Coala Sa\u00fade.<\/p>\n<p>LEIA MAIS<\/p>\n<p><a href=\"https:\/\/redenoticiaz.com.br\/blog\/2024\/05\/21\/jundiai-atinge-3472-do-grupo-prioritario-contra-a-gripe-vacinado\">Jundia\u00ed atinge 34,72% do grupo priorit\u00e1rio contra a gripe vacinado<\/a><\/p>\n<p><a href=\"https:\/\/redenoticiaz.com.br\/blog\/2024\/05\/21\/salarios-de-ate-r-45-mil-novo-processo-seletivo-da-prefeitura-sp-tem-1000-vagas-abertas-4\">Sal\u00e1rios de at\u00e9 R$ 4,5 mil: Novo processo seletivo da Prefeitura SP tem 1000 vagas abertas<\/a><\/p>\n<p><strong>*Entre em nosso grupo e receba diversas vagas por dia em seu celular*<\/strong><\/p>\n<p><a href=\"https:\/\/chat.whatsapp.com\/IZvl6ywXD9K5Zh7loxWKGE\">https:\/\/chat.whatsapp.com\/IZvl6ywXD9K5Zh7loxWKGE<\/a><\/p>\n<p>&nbsp;<\/p>\n","protected":false},"excerpt":{"rendered":"<p>Tudo come\u00e7a com os olhos ficando vermelhos e irritados, seguidos do h\u00e1bito comum das crian\u00e7as de co\u00e7ar os olhos com as m\u00e3os. Desta forma, agrava-se um quadro de conjuntivite, que pode ser viral, bacteriana ou at\u00e9 mesmo al\u00e9rgica. Embora este \u00faltimo n\u00e3o seja infeccioso, por seguran\u00e7a e alto risco de cont\u00e1gio, s\u00e3o necess\u00e1rios alguns dias &hellip;<\/p>\n","protected":false},"author":30,"featured_media":117177,"comment_status":"open","ping_status":"closed","sticky":false,"template":"","format":"standard","meta":{"footnotes":""},"categories":[129],"tags":[70,30281,17489,28986],"class_list":["post-117176","post","type-post","status-publish","format-standard","has-post-thumbnail","hentry","category-saude","tag-brasil","tag-conjutivite","tag-escolas","tag-infeccao"],"yoast_head":"<!-- This site is optimized with the Yoast SEO plugin v27.4 - https:\/\/yoast.com\/product\/yoast-seo-wordpress\/ -->\n<title>Quase um a cada cinco quadros de infec\u00e7\u00e3o em escolas pelo Brasil s\u00e3o casos de conjuntivite, aponta estudo - Ribeir\u00e3o Preto e Regi\u00e3o<\/title>\n<meta name=\"description\" content=\"Tudo come\u00e7a com os olhos ficando vermelhos e irritados, seguidos do h\u00e1bito comum das crian\u00e7as de co\u00e7ar os olhos com as m\u00e3os.\" \/>\n<meta name=\"robots\" content=\"index, follow, max-snippet:-1, max-image-preview:large, max-video-preview:-1\" \/>\n<link rel=\"canonical\" href=\"https:\/\/redenoticiaz.com.br\/ribeiraopreto-regiao\/sp\/2024\/05\/25\/quase-um-a-cada-cinco-quadros-de-infeccao-em-escolas-pelo-brasil-sao-casos-de-conjuntivite-aponta-estudo\" \/>\n<meta property=\"og:locale\" content=\"pt_BR\" \/>\n<meta property=\"og:type\" content=\"article\" \/>\n<meta property=\"og:title\" content=\"Quase um a cada cinco quadros de infec\u00e7\u00e3o em escolas pelo Brasil s\u00e3o casos de conjuntivite, aponta estudo - Ribeir\u00e3o Preto e Regi\u00e3o\" \/>\n<meta property=\"og:description\" content=\"Tudo come\u00e7a com os olhos ficando vermelhos e irritados, seguidos do h\u00e1bito comum das crian\u00e7as de co\u00e7ar os olhos com as m\u00e3os.\" \/>\n<meta property=\"og:url\" content=\"https:\/\/redenoticiaz.com.br\/ribeiraopreto-regiao\/sp\/2024\/05\/25\/quase-um-a-cada-cinco-quadros-de-infeccao-em-escolas-pelo-brasil-sao-casos-de-conjuntivite-aponta-estudo\" \/>\n<meta property=\"og:site_name\" content=\"Ribeir\u00e3o Preto e Regi\u00e3o\" \/>\n<meta property=\"article:publisher\" content=\"https:\/\/m.facebook.com\/redenoticiaz.barretos\" \/>\n<meta property=\"article:published_time\" content=\"2024-05-25T13:00:09+00:00\" \/>\n<meta property=\"og:image\" content=\"https:\/\/redenoticiaz.com.br\/ribeiraopreto-regiao\/wp-content\/uploads\/sites\/4\/2024\/05\/conjutivite.jpg?v=1716308136\" \/>\n\t<meta property=\"og:image:width\" content=\"1640\" \/>\n\t<meta property=\"og:image:height\" content=\"924\" \/>\n\t<meta property=\"og:image:type\" content=\"image\/jpeg\" \/>\n<meta name=\"author\" content=\"Carina Reifonas\" \/>\n<meta name=\"twitter:card\" content=\"summary_large_image\" \/>\n<meta name=\"twitter:creator\" content=\"@RN_barretos\" \/>\n<meta name=\"twitter:site\" content=\"@RN_barretos\" \/>\n<meta name=\"twitter:label1\" content=\"Escrito por\" \/>\n\t<meta name=\"twitter:data1\" content=\"Carina Reifonas\" \/>\n\t<meta name=\"twitter:label2\" content=\"Est. tempo de leitura\" \/>\n\t<meta name=\"twitter:data2\" content=\"4 minutos\" \/>\n<script type=\"application\/ld+json\" class=\"yoast-schema-graph\">{\"@context\":\"https:\\\/\\\/schema.org\",\"@graph\":[{\"@type\":\"Article\",\"@id\":\"https:\\\/\\\/redenoticiaz.com.br\\\/ribeiraopreto-regiao\\\/sp\\\/2024\\\/05\\\/25\\\/quase-um-a-cada-cinco-quadros-de-infeccao-em-escolas-pelo-brasil-sao-casos-de-conjuntivite-aponta-estudo#article\",\"isPartOf\":{\"@id\":\"https:\\\/\\\/redenoticiaz.com.br\\\/ribeiraopreto-regiao\\\/sp\\\/2024\\\/05\\\/25\\\/quase-um-a-cada-cinco-quadros-de-infeccao-em-escolas-pelo-brasil-sao-casos-de-conjuntivite-aponta-estudo\"},\"author\":{\"name\":\"Carina Reifonas\",\"@id\":\"https:\\\/\\\/redenoticiaz.com.br\\\/ribeiraopreto-regiao\\\/#\\\/schema\\\/person\\\/1f84d6e94e6a62d2d81199d7503e9e90\"},\"headline\":\"Quase um a cada cinco quadros de infec\u00e7\u00e3o em escolas pelo Brasil s\u00e3o casos de conjuntivite, aponta estudo\",\"datePublished\":\"2024-05-25T13:00:09+00:00\",\"mainEntityOfPage\":{\"@id\":\"https:\\\/\\\/redenoticiaz.com.br\\\/ribeiraopreto-regiao\\\/sp\\\/2024\\\/05\\\/25\\\/quase-um-a-cada-cinco-quadros-de-infeccao-em-escolas-pelo-brasil-sao-casos-de-conjuntivite-aponta-estudo\"},\"wordCount\":707,\"commentCount\":0,\"publisher\":{\"@id\":\"https:\\\/\\\/redenoticiaz.com.br\\\/ribeiraopreto-regiao\\\/#organization\"},\"image\":{\"@id\":\"https:\\\/\\\/redenoticiaz.com.br\\\/ribeiraopreto-regiao\\\/sp\\\/2024\\\/05\\\/25\\\/quase-um-a-cada-cinco-quadros-de-infeccao-em-escolas-pelo-brasil-sao-casos-de-conjuntivite-aponta-estudo#primaryimage\"},\"thumbnailUrl\":\"https:\\\/\\\/redenoticiaz.com.br\\\/ribeiraopreto-regiao\\\/wp-content\\\/uploads\\\/sites\\\/4\\\/2024\\\/05\\\/conjutivite.jpg?v=1716308136\",\"keywords\":[\"Brasil\",\"Conjutivite\",\"ESCOLAS\",\"INFEC\u00c7\u00c3O\"],\"articleSection\":[\"Sa\u00fade\"],\"inLanguage\":\"pt-BR\",\"potentialAction\":[{\"@type\":\"CommentAction\",\"name\":\"Comment\",\"target\":[\"https:\\\/\\\/redenoticiaz.com.br\\\/ribeiraopreto-regiao\\\/sp\\\/2024\\\/05\\\/25\\\/quase-um-a-cada-cinco-quadros-de-infeccao-em-escolas-pelo-brasil-sao-casos-de-conjuntivite-aponta-estudo#respond\"]}]},{\"@type\":\"WebPage\",\"@id\":\"https:\\\/\\\/redenoticiaz.com.br\\\/ribeiraopreto-regiao\\\/sp\\\/2024\\\/05\\\/25\\\/quase-um-a-cada-cinco-quadros-de-infeccao-em-escolas-pelo-brasil-sao-casos-de-conjuntivite-aponta-estudo\",\"url\":\"https:\\\/\\\/redenoticiaz.com.br\\\/ribeiraopreto-regiao\\\/sp\\\/2024\\\/05\\\/25\\\/quase-um-a-cada-cinco-quadros-de-infeccao-em-escolas-pelo-brasil-sao-casos-de-conjuntivite-aponta-estudo\",\"name\":\"Quase um a cada cinco quadros de infec\u00e7\u00e3o em escolas pelo Brasil s\u00e3o casos de conjuntivite, aponta estudo - Ribeir\u00e3o Preto e Regi\u00e3o\",\"isPartOf\":{\"@id\":\"https:\\\/\\\/redenoticiaz.com.br\\\/ribeiraopreto-regiao\\\/#website\"},\"primaryImageOfPage\":{\"@id\":\"https:\\\/\\\/redenoticiaz.com.br\\\/ribeiraopreto-regiao\\\/sp\\\/2024\\\/05\\\/25\\\/quase-um-a-cada-cinco-quadros-de-infeccao-em-escolas-pelo-brasil-sao-casos-de-conjuntivite-aponta-estudo#primaryimage\"},\"image\":{\"@id\":\"https:\\\/\\\/redenoticiaz.com.br\\\/ribeiraopreto-regiao\\\/sp\\\/2024\\\/05\\\/25\\\/quase-um-a-cada-cinco-quadros-de-infeccao-em-escolas-pelo-brasil-sao-casos-de-conjuntivite-aponta-estudo#primaryimage\"},\"thumbnailUrl\":\"https:\\\/\\\/redenoticiaz.com.br\\\/ribeiraopreto-regiao\\\/wp-content\\\/uploads\\\/sites\\\/4\\\/2024\\\/05\\\/conjutivite.jpg?v=1716308136\",\"datePublished\":\"2024-05-25T13:00:09+00:00\",\"description\":\"Tudo come\u00e7a com os olhos ficando vermelhos e irritados, seguidos do h\u00e1bito comum das crian\u00e7as de co\u00e7ar os olhos com as m\u00e3os.\",\"inLanguage\":\"pt-BR\",\"potentialAction\":[{\"@type\":\"ReadAction\",\"target\":[\"https:\\\/\\\/redenoticiaz.com.br\\\/ribeiraopreto-regiao\\\/sp\\\/2024\\\/05\\\/25\\\/quase-um-a-cada-cinco-quadros-de-infeccao-em-escolas-pelo-brasil-sao-casos-de-conjuntivite-aponta-estudo\"]}]},{\"@type\":\"ImageObject\",\"inLanguage\":\"pt-BR\",\"@id\":\"https:\\\/\\\/redenoticiaz.com.br\\\/ribeiraopreto-regiao\\\/sp\\\/2024\\\/05\\\/25\\\/quase-um-a-cada-cinco-quadros-de-infeccao-em-escolas-pelo-brasil-sao-casos-de-conjuntivite-aponta-estudo#primaryimage\",\"url\":\"https:\\\/\\\/redenoticiaz.com.br\\\/ribeiraopreto-regiao\\\/wp-content\\\/uploads\\\/sites\\\/4\\\/2024\\\/05\\\/conjutivite.jpg?v=1716308136\",\"contentUrl\":\"https:\\\/\\\/redenoticiaz.com.br\\\/ribeiraopreto-regiao\\\/wp-content\\\/uploads\\\/sites\\\/4\\\/2024\\\/05\\\/conjutivite.jpg?v=1716308136\",\"width\":1640,\"height\":924},{\"@type\":\"WebSite\",\"@id\":\"https:\\\/\\\/redenoticiaz.com.br\\\/ribeiraopreto-regiao\\\/#website\",\"url\":\"https:\\\/\\\/redenoticiaz.com.br\\\/ribeiraopreto-regiao\\\/\",\"name\":\"Ribeir\u00e3o Preto e Regi\u00e3o\",\"description\":\"Rede NoticiaZ - Ribeir\u00e3o Preto e regi\u00e3o\",\"publisher\":{\"@id\":\"https:\\\/\\\/redenoticiaz.com.br\\\/ribeiraopreto-regiao\\\/#organization\"},\"potentialAction\":[{\"@type\":\"SearchAction\",\"target\":{\"@type\":\"EntryPoint\",\"urlTemplate\":\"https:\\\/\\\/redenoticiaz.com.br\\\/ribeiraopreto-regiao\\\/?s={search_term_string}\"},\"query-input\":{\"@type\":\"PropertyValueSpecification\",\"valueRequired\":true,\"valueName\":\"search_term_string\"}}],\"inLanguage\":\"pt-BR\"},{\"@type\":\"Organization\",\"@id\":\"https:\\\/\\\/redenoticiaz.com.br\\\/ribeiraopreto-regiao\\\/#organization\",\"name\":\"Ribeir\u00e3o Preto e Regi\u00e3o\",\"url\":\"https:\\\/\\\/redenoticiaz.com.br\\\/ribeiraopreto-regiao\\\/\",\"logo\":{\"@type\":\"ImageObject\",\"inLanguage\":\"pt-BR\",\"@id\":\"https:\\\/\\\/redenoticiaz.com.br\\\/ribeiraopreto-regiao\\\/#\\\/schema\\\/logo\\\/image\\\/\",\"url\":\"https:\\\/\\\/redenoticiaz.com.br\\\/barretos-regiao\\\/wp-content\\\/uploads\\\/sites\\\/4\\\/2022\\\/02\\\/logo.jpg\",\"contentUrl\":\"https:\\\/\\\/redenoticiaz.com.br\\\/barretos-regiao\\\/wp-content\\\/uploads\\\/sites\\\/4\\\/2022\\\/02\\\/logo.jpg\",\"width\":400,\"height\":250,\"caption\":\"Ribeir\u00e3o Preto e Regi\u00e3o\"},\"image\":{\"@id\":\"https:\\\/\\\/redenoticiaz.com.br\\\/ribeiraopreto-regiao\\\/#\\\/schema\\\/logo\\\/image\\\/\"},\"sameAs\":[\"https:\\\/\\\/m.facebook.com\\\/redenoticiaz.barretos\",\"https:\\\/\\\/x.com\\\/RN_barretos\",\"https:\\\/\\\/www.instagram.com\\\/redenoticiaz.barretos\\\/?igshid=YmMyMTA2M2Y\",\"https:\\\/\\\/www.linkedin.com\\\/company\\\/rede-noticiaz-barretos-e-regio\\\/\"]},{\"@type\":\"Person\",\"@id\":\"https:\\\/\\\/redenoticiaz.com.br\\\/ribeiraopreto-regiao\\\/#\\\/schema\\\/person\\\/1f84d6e94e6a62d2d81199d7503e9e90\",\"name\":\"Carina Reifonas\",\"image\":{\"@type\":\"ImageObject\",\"inLanguage\":\"pt-BR\",\"@id\":\"https:\\\/\\\/secure.gravatar.com\\\/avatar\\\/04c59859b23696cf867715880f81d5c037e60109730bdb4e6670ec2a2245bc97?s=96&d=mm&r=g\",\"url\":\"https:\\\/\\\/secure.gravatar.com\\\/avatar\\\/04c59859b23696cf867715880f81d5c037e60109730bdb4e6670ec2a2245bc97?s=96&d=mm&r=g\",\"contentUrl\":\"https:\\\/\\\/secure.gravatar.com\\\/avatar\\\/04c59859b23696cf867715880f81d5c037e60109730bdb4e6670ec2a2245bc97?s=96&d=mm&r=g\",\"caption\":\"Carina Reifonas\"},\"url\":\"https:\\\/\\\/redenoticiaz.com.br\\\/ribeiraopreto-regiao\\\/sp\\\/author\\\/carinareifonas\"}]}<\/script>\n<!-- \/ Yoast SEO plugin. -->","yoast_head_json":{"title":"Quase um a cada cinco quadros de infec\u00e7\u00e3o em escolas pelo Brasil s\u00e3o casos de conjuntivite, aponta estudo - Ribeir\u00e3o Preto e Regi\u00e3o","description":"Tudo come\u00e7a com os olhos ficando vermelhos e irritados, seguidos do h\u00e1bito comum das crian\u00e7as de co\u00e7ar os olhos com as m\u00e3os.","robots":{"index":"index","follow":"follow","max-snippet":"max-snippet:-1","max-image-preview":"max-image-preview:large","max-video-preview":"max-video-preview:-1"},"canonical":"https:\/\/redenoticiaz.com.br\/ribeiraopreto-regiao\/sp\/2024\/05\/25\/quase-um-a-cada-cinco-quadros-de-infeccao-em-escolas-pelo-brasil-sao-casos-de-conjuntivite-aponta-estudo","og_locale":"pt_BR","og_type":"article","og_title":"Quase um a cada cinco quadros de infec\u00e7\u00e3o em escolas pelo Brasil s\u00e3o casos de conjuntivite, aponta estudo - Ribeir\u00e3o Preto e Regi\u00e3o","og_description":"Tudo come\u00e7a com os olhos ficando vermelhos e irritados, seguidos do h\u00e1bito comum das crian\u00e7as de co\u00e7ar os olhos com as m\u00e3os.","og_url":"https:\/\/redenoticiaz.com.br\/ribeiraopreto-regiao\/sp\/2024\/05\/25\/quase-um-a-cada-cinco-quadros-de-infeccao-em-escolas-pelo-brasil-sao-casos-de-conjuntivite-aponta-estudo","og_site_name":"Ribeir\u00e3o Preto e Regi\u00e3o","article_publisher":"https:\/\/m.facebook.com\/redenoticiaz.barretos","article_published_time":"2024-05-25T13:00:09+00:00","og_image":[{"width":1640,"height":924,"url":"https:\/\/redenoticiaz.com.br\/ribeiraopreto-regiao\/wp-content\/uploads\/sites\/4\/2024\/05\/conjutivite.jpg?v=1716308136","type":"image\/jpeg"}],"author":"Carina Reifonas","twitter_card":"summary_large_image","twitter_creator":"@RN_barretos","twitter_site":"@RN_barretos","twitter_misc":{"Escrito por":"Carina Reifonas","Est. tempo de leitura":"4 minutos"},"schema":{"@context":"https:\/\/schema.org","@graph":[{"@type":"Article","@id":"https:\/\/redenoticiaz.com.br\/ribeiraopreto-regiao\/sp\/2024\/05\/25\/quase-um-a-cada-cinco-quadros-de-infeccao-em-escolas-pelo-brasil-sao-casos-de-conjuntivite-aponta-estudo#article","isPartOf":{"@id":"https:\/\/redenoticiaz.com.br\/ribeiraopreto-regiao\/sp\/2024\/05\/25\/quase-um-a-cada-cinco-quadros-de-infeccao-em-escolas-pelo-brasil-sao-casos-de-conjuntivite-aponta-estudo"},"author":{"name":"Carina Reifonas","@id":"https:\/\/redenoticiaz.com.br\/ribeiraopreto-regiao\/#\/schema\/person\/1f84d6e94e6a62d2d81199d7503e9e90"},"headline":"Quase um a cada cinco quadros de infec\u00e7\u00e3o em escolas pelo Brasil s\u00e3o casos de conjuntivite, aponta estudo","datePublished":"2024-05-25T13:00:09+00:00","mainEntityOfPage":{"@id":"https:\/\/redenoticiaz.com.br\/ribeiraopreto-regiao\/sp\/2024\/05\/25\/quase-um-a-cada-cinco-quadros-de-infeccao-em-escolas-pelo-brasil-sao-casos-de-conjuntivite-aponta-estudo"},"wordCount":707,"commentCount":0,"publisher":{"@id":"https:\/\/redenoticiaz.com.br\/ribeiraopreto-regiao\/#organization"},"image":{"@id":"https:\/\/redenoticiaz.com.br\/ribeiraopreto-regiao\/sp\/2024\/05\/25\/quase-um-a-cada-cinco-quadros-de-infeccao-em-escolas-pelo-brasil-sao-casos-de-conjuntivite-aponta-estudo#primaryimage"},"thumbnailUrl":"https:\/\/redenoticiaz.com.br\/ribeiraopreto-regiao\/wp-content\/uploads\/sites\/4\/2024\/05\/conjutivite.jpg?v=1716308136","keywords":["Brasil","Conjutivite","ESCOLAS","INFEC\u00c7\u00c3O"],"articleSection":["Sa\u00fade"],"inLanguage":"pt-BR","potentialAction":[{"@type":"CommentAction","name":"Comment","target":["https:\/\/redenoticiaz.com.br\/ribeiraopreto-regiao\/sp\/2024\/05\/25\/quase-um-a-cada-cinco-quadros-de-infeccao-em-escolas-pelo-brasil-sao-casos-de-conjuntivite-aponta-estudo#respond"]}]},{"@type":"WebPage","@id":"https:\/\/redenoticiaz.com.br\/ribeiraopreto-regiao\/sp\/2024\/05\/25\/quase-um-a-cada-cinco-quadros-de-infeccao-em-escolas-pelo-brasil-sao-casos-de-conjuntivite-aponta-estudo","url":"https:\/\/redenoticiaz.com.br\/ribeiraopreto-regiao\/sp\/2024\/05\/25\/quase-um-a-cada-cinco-quadros-de-infeccao-em-escolas-pelo-brasil-sao-casos-de-conjuntivite-aponta-estudo","name":"Quase um a cada cinco quadros de infec\u00e7\u00e3o em escolas pelo Brasil s\u00e3o casos de conjuntivite, aponta estudo - Ribeir\u00e3o Preto e Regi\u00e3o","isPartOf":{"@id":"https:\/\/redenoticiaz.com.br\/ribeiraopreto-regiao\/#website"},"primaryImageOfPage":{"@id":"https:\/\/redenoticiaz.com.br\/ribeiraopreto-regiao\/sp\/2024\/05\/25\/quase-um-a-cada-cinco-quadros-de-infeccao-em-escolas-pelo-brasil-sao-casos-de-conjuntivite-aponta-estudo#primaryimage"},"image":{"@id":"https:\/\/redenoticiaz.com.br\/ribeiraopreto-regiao\/sp\/2024\/05\/25\/quase-um-a-cada-cinco-quadros-de-infeccao-em-escolas-pelo-brasil-sao-casos-de-conjuntivite-aponta-estudo#primaryimage"},"thumbnailUrl":"https:\/\/redenoticiaz.com.br\/ribeiraopreto-regiao\/wp-content\/uploads\/sites\/4\/2024\/05\/conjutivite.jpg?v=1716308136","datePublished":"2024-05-25T13:00:09+00:00","description":"Tudo come\u00e7a com os olhos ficando vermelhos e irritados, seguidos do h\u00e1bito comum das crian\u00e7as de co\u00e7ar os olhos com as m\u00e3os.","inLanguage":"pt-BR","potentialAction":[{"@type":"ReadAction","target":["https:\/\/redenoticiaz.com.br\/ribeiraopreto-regiao\/sp\/2024\/05\/25\/quase-um-a-cada-cinco-quadros-de-infeccao-em-escolas-pelo-brasil-sao-casos-de-conjuntivite-aponta-estudo"]}]},{"@type":"ImageObject","inLanguage":"pt-BR","@id":"https:\/\/redenoticiaz.com.br\/ribeiraopreto-regiao\/sp\/2024\/05\/25\/quase-um-a-cada-cinco-quadros-de-infeccao-em-escolas-pelo-brasil-sao-casos-de-conjuntivite-aponta-estudo#primaryimage","url":"https:\/\/redenoticiaz.com.br\/ribeiraopreto-regiao\/wp-content\/uploads\/sites\/4\/2024\/05\/conjutivite.jpg?v=1716308136","contentUrl":"https:\/\/redenoticiaz.com.br\/ribeiraopreto-regiao\/wp-content\/uploads\/sites\/4\/2024\/05\/conjutivite.jpg?v=1716308136","width":1640,"height":924},{"@type":"WebSite","@id":"https:\/\/redenoticiaz.com.br\/ribeiraopreto-regiao\/#website","url":"https:\/\/redenoticiaz.com.br\/ribeiraopreto-regiao\/","name":"Ribeir\u00e3o Preto e Regi\u00e3o","description":"Rede NoticiaZ - Ribeir\u00e3o Preto e regi\u00e3o","publisher":{"@id":"https:\/\/redenoticiaz.com.br\/ribeiraopreto-regiao\/#organization"},"potentialAction":[{"@type":"SearchAction","target":{"@type":"EntryPoint","urlTemplate":"https:\/\/redenoticiaz.com.br\/ribeiraopreto-regiao\/?s={search_term_string}"},"query-input":{"@type":"PropertyValueSpecification","valueRequired":true,"valueName":"search_term_string"}}],"inLanguage":"pt-BR"},{"@type":"Organization","@id":"https:\/\/redenoticiaz.com.br\/ribeiraopreto-regiao\/#organization","name":"Ribeir\u00e3o Preto e Regi\u00e3o","url":"https:\/\/redenoticiaz.com.br\/ribeiraopreto-regiao\/","logo":{"@type":"ImageObject","inLanguage":"pt-BR","@id":"https:\/\/redenoticiaz.com.br\/ribeiraopreto-regiao\/#\/schema\/logo\/image\/","url":"https:\/\/redenoticiaz.com.br\/barretos-regiao\/wp-content\/uploads\/sites\/4\/2022\/02\/logo.jpg","contentUrl":"https:\/\/redenoticiaz.com.br\/barretos-regiao\/wp-content\/uploads\/sites\/4\/2022\/02\/logo.jpg","width":400,"height":250,"caption":"Ribeir\u00e3o Preto e Regi\u00e3o"},"image":{"@id":"https:\/\/redenoticiaz.com.br\/ribeiraopreto-regiao\/#\/schema\/logo\/image\/"},"sameAs":["https:\/\/m.facebook.com\/redenoticiaz.barretos","https:\/\/x.com\/RN_barretos","https:\/\/www.instagram.com\/redenoticiaz.barretos\/?igshid=YmMyMTA2M2Y","https:\/\/www.linkedin.com\/company\/rede-noticiaz-barretos-e-regio\/"]},{"@type":"Person","@id":"https:\/\/redenoticiaz.com.br\/ribeiraopreto-regiao\/#\/schema\/person\/1f84d6e94e6a62d2d81199d7503e9e90","name":"Carina Reifonas","image":{"@type":"ImageObject","inLanguage":"pt-BR","@id":"https:\/\/secure.gravatar.com\/avatar\/04c59859b23696cf867715880f81d5c037e60109730bdb4e6670ec2a2245bc97?s=96&d=mm&r=g","url":"https:\/\/secure.gravatar.com\/avatar\/04c59859b23696cf867715880f81d5c037e60109730bdb4e6670ec2a2245bc97?s=96&d=mm&r=g","contentUrl":"https:\/\/secure.gravatar.com\/avatar\/04c59859b23696cf867715880f81d5c037e60109730bdb4e6670ec2a2245bc97?s=96&d=mm&r=g","caption":"Carina Reifonas"},"url":"https:\/\/redenoticiaz.com.br\/ribeiraopreto-regiao\/sp\/author\/carinareifonas"}]}},"_links":{"self":[{"href":"https:\/\/redenoticiaz.com.br\/ribeiraopreto-regiao\/wp-json\/wp\/v2\/posts\/117176","targetHints":{"allow":["GET"]}}],"collection":[{"href":"https:\/\/redenoticiaz.com.br\/ribeiraopreto-regiao\/wp-json\/wp\/v2\/posts"}],"about":[{"href":"https:\/\/redenoticiaz.com.br\/ribeiraopreto-regiao\/wp-json\/wp\/v2\/types\/post"}],"author":[{"embeddable":true,"href":"https:\/\/redenoticiaz.com.br\/ribeiraopreto-regiao\/wp-json\/wp\/v2\/users\/30"}],"replies":[{"embeddable":true,"href":"https:\/\/redenoticiaz.com.br\/ribeiraopreto-regiao\/wp-json\/wp\/v2\/comments?post=117176"}],"version-history":[{"count":1,"href":"https:\/\/redenoticiaz.com.br\/ribeiraopreto-regiao\/wp-json\/wp\/v2\/posts\/117176\/revisions"}],"predecessor-version":[{"id":117214,"href":"https:\/\/redenoticiaz.com.br\/ribeiraopreto-regiao\/wp-json\/wp\/v2\/posts\/117176\/revisions\/117214"}],"wp:featuredmedia":[{"embeddable":true,"href":"https:\/\/redenoticiaz.com.br\/ribeiraopreto-regiao\/wp-json\/wp\/v2\/media\/117177"}],"wp:attachment":[{"href":"https:\/\/redenoticiaz.com.br\/ribeiraopreto-regiao\/wp-json\/wp\/v2\/media?parent=117176"}],"wp:term":[{"taxonomy":"category","embeddable":true,"href":"https:\/\/redenoticiaz.com.br\/ribeiraopreto-regiao\/wp-json\/wp\/v2\/categories?post=117176"},{"taxonomy":"post_tag","embeddable":true,"href":"https:\/\/redenoticiaz.com.br\/ribeiraopreto-regiao\/wp-json\/wp\/v2\/tags?post=117176"}],"curies":[{"name":"wp","href":"https:\/\/api.w.org\/{rel}","templated":true}]}}