{"id":117465,"date":"2024-06-20T15:49:52","date_gmt":"2024-06-20T18:49:52","guid":{"rendered":"https:\/\/redenoticiaz.com.br\/barretos-regiao\/?p=117465"},"modified":"2024-06-20T15:49:52","modified_gmt":"2024-06-20T18:49:52","slug":"operacao-da-pf-combate-venda-de-medicamentos-falsificados","status":"publish","type":"post","link":"https:\/\/redenoticiaz.com.br\/ribeiraopreto-regiao\/sp\/2024\/06\/20\/operacao-da-pf-combate-venda-de-medicamentos-falsificados","title":{"rendered":"Opera\u00e7\u00e3o da PF combate venda de medicamentos falsificados"},"content":{"rendered":"<p>A Pol\u00edcia Federal realiza nesta quinta-feira (20) uma opera\u00e7\u00e3o contra uma rede criminosa que vendia medicamentos falsificados para \u00f3rg\u00e3os p\u00fablicos. A investiga\u00e7\u00e3o revelou que uma empresa que venceu uma licita\u00e7\u00e3o em 2022 para fornecer imunoglobulina ao Hospital Geral de Curitiba estava envolvida no esquema. A Pol\u00edcia Civil do Paran\u00e1 forneceu as informa\u00e7\u00f5es iniciais \u00e0 PF.<\/p>\n<p>Ap\u00f3s apreens\u00f5es de produtos, a PF confirmou a falsifica\u00e7\u00e3o completa dos rem\u00e9dios, desde embalagens at\u00e9 a composi\u00e7\u00e3o, que n\u00e3o continha imunoglobulina como deveria. Esse medicamento \u00e0 base de plasma sangu\u00edneo \u00e9 utilizado no tratamento de diversas doen\u00e7as, incluindo Aids e outras imunodefici\u00eancias. Segundo as investiga\u00e7\u00f5es, os rem\u00e9dios falsificados tinham origem na Bol\u00edvia. Os principais suspeitos s\u00e3o dois estrangeiros, um deles estudante de medicina.<\/p>\n<p>O grupo criminoso teria vendido aproximadamente R$ 11 milh\u00f5es em medicamentos falsificados de imunoglobulina para \u00f3rg\u00e3os p\u00fablicos no Paran\u00e1. A opera\u00e7\u00e3o inclui 15 mandados de busca e apreens\u00e3o, dois mandados de pris\u00e3o preventiva e sequestro de bens, abrangendo cidades no Paran\u00e1, Mato Grosso do Sul, S\u00e3o Paulo, Rio de Janeiro e Bahia.<\/p>\n<p>Os envolvidos responder\u00e3o por associa\u00e7\u00e3o criminosa, fraude \u00e0 licita\u00e7\u00e3o e falsifica\u00e7\u00e3o de medicamentos.<\/p>\n<p>LEIA MAIS<\/p>\n<p><a href=\"https:\/\/redenoticiaz.com.br\/blog\/2024\/06\/20\/concurso-epe-2024-vagas-com-salarios-a-partir-de-r-13-mil\">Concurso EPE 2024: vagas com sal\u00e1rios a partir de R$ 13 mil<\/a><\/p>\n<p><a href=\"https:\/\/redenoticiaz.com.br\/blog\/2024\/06\/20\/donald-sutherland-de-jogos-vorazes-morre-aos-88-anos\">Donald Sutherland, de \u2018Jogos Vorazes\u2019 morre aos 88 anos<\/a><\/p>\n<p>&nbsp;<\/p>\n","protected":false},"excerpt":{"rendered":"<p>A Pol\u00edcia Federal realiza nesta quinta-feira (20) uma opera\u00e7\u00e3o contra uma rede criminosa que vendia medicamentos falsificados para \u00f3rg\u00e3os p\u00fablicos. A investiga\u00e7\u00e3o revelou que uma empresa que venceu uma licita\u00e7\u00e3o em 2022 para fornecer imunoglobulina ao Hospital Geral de Curitiba estava envolvida no esquema. A Pol\u00edcia Civil do Paran\u00e1 forneceu as informa\u00e7\u00f5es iniciais \u00e0 PF. &hellip;<\/p>\n","protected":false},"author":30,"featured_media":117467,"comment_status":"open","ping_status":"closed","sticky":false,"template":"","format":"standard","meta":{"footnotes":""},"categories":[88],"tags":[10141,30355,3681],"class_list":["post-117465","post","type-post","status-publish","format-standard","has-post-thumbnail","hentry","category-policia","tag-crime","tag-medicamentos-falsificados","tag-policia-federal"],"yoast_head":"<!-- This site is optimized with the Yoast SEO plugin v27.4 - https:\/\/yoast.com\/product\/yoast-seo-wordpress\/ -->\n<title>Opera\u00e7\u00e3o da PF combate venda de medicamentos falsificados - Ribeir\u00e3o Preto e Regi\u00e3o<\/title>\n<meta name=\"description\" content=\"A Pol\u00edcia Federal realiza nesta quinta-feira (20) uma opera\u00e7\u00e3o contra uma rede criminosa que vendia medicamentos falsificados para \u00f3rg\u00e3os p\u00fablicos.\" \/>\n<meta name=\"robots\" content=\"index, follow, max-snippet:-1, max-image-preview:large, max-video-preview:-1\" \/>\n<link rel=\"canonical\" href=\"https:\/\/redenoticiaz.com.br\/ribeiraopreto-regiao\/sp\/2024\/06\/20\/operacao-da-pf-combate-venda-de-medicamentos-falsificados\" \/>\n<meta property=\"og:locale\" content=\"pt_BR\" \/>\n<meta property=\"og:type\" content=\"article\" \/>\n<meta property=\"og:title\" content=\"Opera\u00e7\u00e3o da PF combate venda de medicamentos falsificados - Ribeir\u00e3o Preto e Regi\u00e3o\" \/>\n<meta property=\"og:description\" content=\"A Pol\u00edcia Federal realiza nesta quinta-feira (20) uma opera\u00e7\u00e3o contra uma rede criminosa que vendia medicamentos falsificados para \u00f3rg\u00e3os p\u00fablicos.\" \/>\n<meta property=\"og:url\" content=\"https:\/\/redenoticiaz.com.br\/ribeiraopreto-regiao\/sp\/2024\/06\/20\/operacao-da-pf-combate-venda-de-medicamentos-falsificados\" \/>\n<meta property=\"og:site_name\" content=\"Ribeir\u00e3o Preto e Regi\u00e3o\" \/>\n<meta property=\"article:publisher\" content=\"https:\/\/m.facebook.com\/redenoticiaz.barretos\" \/>\n<meta property=\"article:published_time\" content=\"2024-06-20T18:49:52+00:00\" \/>\n<meta property=\"og:image\" content=\"https:\/\/redenoticiaz.com.br\/ribeiraopreto-regiao\/wp-content\/uploads\/sites\/4\/2024\/06\/Captura-de-tela-2024-06-20-154819.png?v=1718909359\" \/>\n\t<meta property=\"og:image:width\" content=\"599\" \/>\n\t<meta property=\"og:image:height\" content=\"257\" \/>\n\t<meta property=\"og:image:type\" content=\"image\/png\" \/>\n<meta name=\"author\" content=\"Carina Reifonas\" \/>\n<meta name=\"twitter:card\" content=\"summary_large_image\" \/>\n<meta name=\"twitter:creator\" content=\"@RN_barretos\" \/>\n<meta name=\"twitter:site\" content=\"@RN_barretos\" \/>\n<meta name=\"twitter:label1\" content=\"Escrito por\" \/>\n\t<meta name=\"twitter:data1\" content=\"Carina Reifonas\" \/>\n\t<meta name=\"twitter:label2\" content=\"Est. tempo de leitura\" \/>\n\t<meta name=\"twitter:data2\" content=\"2 minutos\" \/>\n<script type=\"application\/ld+json\" class=\"yoast-schema-graph\">{\"@context\":\"https:\\\/\\\/schema.org\",\"@graph\":[{\"@type\":\"Article\",\"@id\":\"https:\\\/\\\/redenoticiaz.com.br\\\/ribeiraopreto-regiao\\\/sp\\\/2024\\\/06\\\/20\\\/operacao-da-pf-combate-venda-de-medicamentos-falsificados#article\",\"isPartOf\":{\"@id\":\"https:\\\/\\\/redenoticiaz.com.br\\\/ribeiraopreto-regiao\\\/sp\\\/2024\\\/06\\\/20\\\/operacao-da-pf-combate-venda-de-medicamentos-falsificados\"},\"author\":{\"name\":\"Carina Reifonas\",\"@id\":\"https:\\\/\\\/redenoticiaz.com.br\\\/ribeiraopreto-regiao\\\/#\\\/schema\\\/person\\\/1f84d6e94e6a62d2d81199d7503e9e90\"},\"headline\":\"Opera\u00e7\u00e3o da PF combate venda de medicamentos falsificados\",\"datePublished\":\"2024-06-20T18:49:52+00:00\",\"mainEntityOfPage\":{\"@id\":\"https:\\\/\\\/redenoticiaz.com.br\\\/ribeiraopreto-regiao\\\/sp\\\/2024\\\/06\\\/20\\\/operacao-da-pf-combate-venda-de-medicamentos-falsificados\"},\"wordCount\":238,\"commentCount\":0,\"publisher\":{\"@id\":\"https:\\\/\\\/redenoticiaz.com.br\\\/ribeiraopreto-regiao\\\/#organization\"},\"image\":{\"@id\":\"https:\\\/\\\/redenoticiaz.com.br\\\/ribeiraopreto-regiao\\\/sp\\\/2024\\\/06\\\/20\\\/operacao-da-pf-combate-venda-de-medicamentos-falsificados#primaryimage\"},\"thumbnailUrl\":\"https:\\\/\\\/redenoticiaz.com.br\\\/ribeiraopreto-regiao\\\/wp-content\\\/uploads\\\/sites\\\/4\\\/2024\\\/06\\\/Captura-de-tela-2024-06-20-154819.png?v=1718909359\",\"keywords\":[\"CRIME\",\"Medicamentos falsificados\",\"policia federal\"],\"articleSection\":[\"Pol\u00edcia\"],\"inLanguage\":\"pt-BR\",\"potentialAction\":[{\"@type\":\"CommentAction\",\"name\":\"Comment\",\"target\":[\"https:\\\/\\\/redenoticiaz.com.br\\\/ribeiraopreto-regiao\\\/sp\\\/2024\\\/06\\\/20\\\/operacao-da-pf-combate-venda-de-medicamentos-falsificados#respond\"]}]},{\"@type\":\"WebPage\",\"@id\":\"https:\\\/\\\/redenoticiaz.com.br\\\/ribeiraopreto-regiao\\\/sp\\\/2024\\\/06\\\/20\\\/operacao-da-pf-combate-venda-de-medicamentos-falsificados\",\"url\":\"https:\\\/\\\/redenoticiaz.com.br\\\/ribeiraopreto-regiao\\\/sp\\\/2024\\\/06\\\/20\\\/operacao-da-pf-combate-venda-de-medicamentos-falsificados\",\"name\":\"Opera\u00e7\u00e3o da PF combate venda de medicamentos falsificados - Ribeir\u00e3o Preto e Regi\u00e3o\",\"isPartOf\":{\"@id\":\"https:\\\/\\\/redenoticiaz.com.br\\\/ribeiraopreto-regiao\\\/#website\"},\"primaryImageOfPage\":{\"@id\":\"https:\\\/\\\/redenoticiaz.com.br\\\/ribeiraopreto-regiao\\\/sp\\\/2024\\\/06\\\/20\\\/operacao-da-pf-combate-venda-de-medicamentos-falsificados#primaryimage\"},\"image\":{\"@id\":\"https:\\\/\\\/redenoticiaz.com.br\\\/ribeiraopreto-regiao\\\/sp\\\/2024\\\/06\\\/20\\\/operacao-da-pf-combate-venda-de-medicamentos-falsificados#primaryimage\"},\"thumbnailUrl\":\"https:\\\/\\\/redenoticiaz.com.br\\\/ribeiraopreto-regiao\\\/wp-content\\\/uploads\\\/sites\\\/4\\\/2024\\\/06\\\/Captura-de-tela-2024-06-20-154819.png?v=1718909359\",\"datePublished\":\"2024-06-20T18:49:52+00:00\",\"description\":\"A Pol\u00edcia Federal realiza nesta quinta-feira (20) uma opera\u00e7\u00e3o contra uma rede criminosa que vendia medicamentos falsificados para \u00f3rg\u00e3os p\u00fablicos.\",\"inLanguage\":\"pt-BR\",\"potentialAction\":[{\"@type\":\"ReadAction\",\"target\":[\"https:\\\/\\\/redenoticiaz.com.br\\\/ribeiraopreto-regiao\\\/sp\\\/2024\\\/06\\\/20\\\/operacao-da-pf-combate-venda-de-medicamentos-falsificados\"]}]},{\"@type\":\"ImageObject\",\"inLanguage\":\"pt-BR\",\"@id\":\"https:\\\/\\\/redenoticiaz.com.br\\\/ribeiraopreto-regiao\\\/sp\\\/2024\\\/06\\\/20\\\/operacao-da-pf-combate-venda-de-medicamentos-falsificados#primaryimage\",\"url\":\"https:\\\/\\\/redenoticiaz.com.br\\\/ribeiraopreto-regiao\\\/wp-content\\\/uploads\\\/sites\\\/4\\\/2024\\\/06\\\/Captura-de-tela-2024-06-20-154819.png?v=1718909359\",\"contentUrl\":\"https:\\\/\\\/redenoticiaz.com.br\\\/ribeiraopreto-regiao\\\/wp-content\\\/uploads\\\/sites\\\/4\\\/2024\\\/06\\\/Captura-de-tela-2024-06-20-154819.png?v=1718909359\",\"width\":599,\"height\":257},{\"@type\":\"WebSite\",\"@id\":\"https:\\\/\\\/redenoticiaz.com.br\\\/ribeiraopreto-regiao\\\/#website\",\"url\":\"https:\\\/\\\/redenoticiaz.com.br\\\/ribeiraopreto-regiao\\\/\",\"name\":\"Ribeir\u00e3o Preto e Regi\u00e3o\",\"description\":\"Rede NoticiaZ - Ribeir\u00e3o Preto e regi\u00e3o\",\"publisher\":{\"@id\":\"https:\\\/\\\/redenoticiaz.com.br\\\/ribeiraopreto-regiao\\\/#organization\"},\"potentialAction\":[{\"@type\":\"SearchAction\",\"target\":{\"@type\":\"EntryPoint\",\"urlTemplate\":\"https:\\\/\\\/redenoticiaz.com.br\\\/ribeiraopreto-regiao\\\/?s={search_term_string}\"},\"query-input\":{\"@type\":\"PropertyValueSpecification\",\"valueRequired\":true,\"valueName\":\"search_term_string\"}}],\"inLanguage\":\"pt-BR\"},{\"@type\":\"Organization\",\"@id\":\"https:\\\/\\\/redenoticiaz.com.br\\\/ribeiraopreto-regiao\\\/#organization\",\"name\":\"Ribeir\u00e3o Preto e Regi\u00e3o\",\"url\":\"https:\\\/\\\/redenoticiaz.com.br\\\/ribeiraopreto-regiao\\\/\",\"logo\":{\"@type\":\"ImageObject\",\"inLanguage\":\"pt-BR\",\"@id\":\"https:\\\/\\\/redenoticiaz.com.br\\\/ribeiraopreto-regiao\\\/#\\\/schema\\\/logo\\\/image\\\/\",\"url\":\"https:\\\/\\\/redenoticiaz.com.br\\\/barretos-regiao\\\/wp-content\\\/uploads\\\/sites\\\/4\\\/2022\\\/02\\\/logo.jpg\",\"contentUrl\":\"https:\\\/\\\/redenoticiaz.com.br\\\/barretos-regiao\\\/wp-content\\\/uploads\\\/sites\\\/4\\\/2022\\\/02\\\/logo.jpg\",\"width\":400,\"height\":250,\"caption\":\"Ribeir\u00e3o Preto e Regi\u00e3o\"},\"image\":{\"@id\":\"https:\\\/\\\/redenoticiaz.com.br\\\/ribeiraopreto-regiao\\\/#\\\/schema\\\/logo\\\/image\\\/\"},\"sameAs\":[\"https:\\\/\\\/m.facebook.com\\\/redenoticiaz.barretos\",\"https:\\\/\\\/x.com\\\/RN_barretos\",\"https:\\\/\\\/www.instagram.com\\\/redenoticiaz.barretos\\\/?igshid=YmMyMTA2M2Y\",\"https:\\\/\\\/www.linkedin.com\\\/company\\\/rede-noticiaz-barretos-e-regio\\\/\"]},{\"@type\":\"Person\",\"@id\":\"https:\\\/\\\/redenoticiaz.com.br\\\/ribeiraopreto-regiao\\\/#\\\/schema\\\/person\\\/1f84d6e94e6a62d2d81199d7503e9e90\",\"name\":\"Carina Reifonas\",\"image\":{\"@type\":\"ImageObject\",\"inLanguage\":\"pt-BR\",\"@id\":\"https:\\\/\\\/secure.gravatar.com\\\/avatar\\\/04c59859b23696cf867715880f81d5c037e60109730bdb4e6670ec2a2245bc97?s=96&d=mm&r=g\",\"url\":\"https:\\\/\\\/secure.gravatar.com\\\/avatar\\\/04c59859b23696cf867715880f81d5c037e60109730bdb4e6670ec2a2245bc97?s=96&d=mm&r=g\",\"contentUrl\":\"https:\\\/\\\/secure.gravatar.com\\\/avatar\\\/04c59859b23696cf867715880f81d5c037e60109730bdb4e6670ec2a2245bc97?s=96&d=mm&r=g\",\"caption\":\"Carina Reifonas\"},\"url\":\"https:\\\/\\\/redenoticiaz.com.br\\\/ribeiraopreto-regiao\\\/sp\\\/author\\\/carinareifonas\"}]}<\/script>\n<!-- \/ Yoast SEO plugin. -->","yoast_head_json":{"title":"Opera\u00e7\u00e3o da PF combate venda de medicamentos falsificados - Ribeir\u00e3o Preto e Regi\u00e3o","description":"A Pol\u00edcia Federal realiza nesta quinta-feira (20) uma opera\u00e7\u00e3o contra uma rede criminosa que vendia medicamentos falsificados para \u00f3rg\u00e3os p\u00fablicos.","robots":{"index":"index","follow":"follow","max-snippet":"max-snippet:-1","max-image-preview":"max-image-preview:large","max-video-preview":"max-video-preview:-1"},"canonical":"https:\/\/redenoticiaz.com.br\/ribeiraopreto-regiao\/sp\/2024\/06\/20\/operacao-da-pf-combate-venda-de-medicamentos-falsificados","og_locale":"pt_BR","og_type":"article","og_title":"Opera\u00e7\u00e3o da PF combate venda de medicamentos falsificados - Ribeir\u00e3o Preto e Regi\u00e3o","og_description":"A Pol\u00edcia Federal realiza nesta quinta-feira (20) uma opera\u00e7\u00e3o contra uma rede criminosa que vendia medicamentos falsificados para \u00f3rg\u00e3os p\u00fablicos.","og_url":"https:\/\/redenoticiaz.com.br\/ribeiraopreto-regiao\/sp\/2024\/06\/20\/operacao-da-pf-combate-venda-de-medicamentos-falsificados","og_site_name":"Ribeir\u00e3o Preto e Regi\u00e3o","article_publisher":"https:\/\/m.facebook.com\/redenoticiaz.barretos","article_published_time":"2024-06-20T18:49:52+00:00","og_image":[{"width":599,"height":257,"url":"https:\/\/redenoticiaz.com.br\/ribeiraopreto-regiao\/wp-content\/uploads\/sites\/4\/2024\/06\/Captura-de-tela-2024-06-20-154819.png?v=1718909359","type":"image\/png"}],"author":"Carina Reifonas","twitter_card":"summary_large_image","twitter_creator":"@RN_barretos","twitter_site":"@RN_barretos","twitter_misc":{"Escrito por":"Carina Reifonas","Est. tempo de leitura":"2 minutos"},"schema":{"@context":"https:\/\/schema.org","@graph":[{"@type":"Article","@id":"https:\/\/redenoticiaz.com.br\/ribeiraopreto-regiao\/sp\/2024\/06\/20\/operacao-da-pf-combate-venda-de-medicamentos-falsificados#article","isPartOf":{"@id":"https:\/\/redenoticiaz.com.br\/ribeiraopreto-regiao\/sp\/2024\/06\/20\/operacao-da-pf-combate-venda-de-medicamentos-falsificados"},"author":{"name":"Carina Reifonas","@id":"https:\/\/redenoticiaz.com.br\/ribeiraopreto-regiao\/#\/schema\/person\/1f84d6e94e6a62d2d81199d7503e9e90"},"headline":"Opera\u00e7\u00e3o da PF combate venda de medicamentos falsificados","datePublished":"2024-06-20T18:49:52+00:00","mainEntityOfPage":{"@id":"https:\/\/redenoticiaz.com.br\/ribeiraopreto-regiao\/sp\/2024\/06\/20\/operacao-da-pf-combate-venda-de-medicamentos-falsificados"},"wordCount":238,"commentCount":0,"publisher":{"@id":"https:\/\/redenoticiaz.com.br\/ribeiraopreto-regiao\/#organization"},"image":{"@id":"https:\/\/redenoticiaz.com.br\/ribeiraopreto-regiao\/sp\/2024\/06\/20\/operacao-da-pf-combate-venda-de-medicamentos-falsificados#primaryimage"},"thumbnailUrl":"https:\/\/redenoticiaz.com.br\/ribeiraopreto-regiao\/wp-content\/uploads\/sites\/4\/2024\/06\/Captura-de-tela-2024-06-20-154819.png?v=1718909359","keywords":["CRIME","Medicamentos falsificados","policia federal"],"articleSection":["Pol\u00edcia"],"inLanguage":"pt-BR","potentialAction":[{"@type":"CommentAction","name":"Comment","target":["https:\/\/redenoticiaz.com.br\/ribeiraopreto-regiao\/sp\/2024\/06\/20\/operacao-da-pf-combate-venda-de-medicamentos-falsificados#respond"]}]},{"@type":"WebPage","@id":"https:\/\/redenoticiaz.com.br\/ribeiraopreto-regiao\/sp\/2024\/06\/20\/operacao-da-pf-combate-venda-de-medicamentos-falsificados","url":"https:\/\/redenoticiaz.com.br\/ribeiraopreto-regiao\/sp\/2024\/06\/20\/operacao-da-pf-combate-venda-de-medicamentos-falsificados","name":"Opera\u00e7\u00e3o da PF combate venda de medicamentos falsificados - Ribeir\u00e3o Preto e Regi\u00e3o","isPartOf":{"@id":"https:\/\/redenoticiaz.com.br\/ribeiraopreto-regiao\/#website"},"primaryImageOfPage":{"@id":"https:\/\/redenoticiaz.com.br\/ribeiraopreto-regiao\/sp\/2024\/06\/20\/operacao-da-pf-combate-venda-de-medicamentos-falsificados#primaryimage"},"image":{"@id":"https:\/\/redenoticiaz.com.br\/ribeiraopreto-regiao\/sp\/2024\/06\/20\/operacao-da-pf-combate-venda-de-medicamentos-falsificados#primaryimage"},"thumbnailUrl":"https:\/\/redenoticiaz.com.br\/ribeiraopreto-regiao\/wp-content\/uploads\/sites\/4\/2024\/06\/Captura-de-tela-2024-06-20-154819.png?v=1718909359","datePublished":"2024-06-20T18:49:52+00:00","description":"A Pol\u00edcia Federal realiza nesta quinta-feira (20) uma opera\u00e7\u00e3o contra uma rede criminosa que vendia medicamentos falsificados para \u00f3rg\u00e3os p\u00fablicos.","inLanguage":"pt-BR","potentialAction":[{"@type":"ReadAction","target":["https:\/\/redenoticiaz.com.br\/ribeiraopreto-regiao\/sp\/2024\/06\/20\/operacao-da-pf-combate-venda-de-medicamentos-falsificados"]}]},{"@type":"ImageObject","inLanguage":"pt-BR","@id":"https:\/\/redenoticiaz.com.br\/ribeiraopreto-regiao\/sp\/2024\/06\/20\/operacao-da-pf-combate-venda-de-medicamentos-falsificados#primaryimage","url":"https:\/\/redenoticiaz.com.br\/ribeiraopreto-regiao\/wp-content\/uploads\/sites\/4\/2024\/06\/Captura-de-tela-2024-06-20-154819.png?v=1718909359","contentUrl":"https:\/\/redenoticiaz.com.br\/ribeiraopreto-regiao\/wp-content\/uploads\/sites\/4\/2024\/06\/Captura-de-tela-2024-06-20-154819.png?v=1718909359","width":599,"height":257},{"@type":"WebSite","@id":"https:\/\/redenoticiaz.com.br\/ribeiraopreto-regiao\/#website","url":"https:\/\/redenoticiaz.com.br\/ribeiraopreto-regiao\/","name":"Ribeir\u00e3o Preto e Regi\u00e3o","description":"Rede NoticiaZ - Ribeir\u00e3o Preto e regi\u00e3o","publisher":{"@id":"https:\/\/redenoticiaz.com.br\/ribeiraopreto-regiao\/#organization"},"potentialAction":[{"@type":"SearchAction","target":{"@type":"EntryPoint","urlTemplate":"https:\/\/redenoticiaz.com.br\/ribeiraopreto-regiao\/?s={search_term_string}"},"query-input":{"@type":"PropertyValueSpecification","valueRequired":true,"valueName":"search_term_string"}}],"inLanguage":"pt-BR"},{"@type":"Organization","@id":"https:\/\/redenoticiaz.com.br\/ribeiraopreto-regiao\/#organization","name":"Ribeir\u00e3o Preto e Regi\u00e3o","url":"https:\/\/redenoticiaz.com.br\/ribeiraopreto-regiao\/","logo":{"@type":"ImageObject","inLanguage":"pt-BR","@id":"https:\/\/redenoticiaz.com.br\/ribeiraopreto-regiao\/#\/schema\/logo\/image\/","url":"https:\/\/redenoticiaz.com.br\/barretos-regiao\/wp-content\/uploads\/sites\/4\/2022\/02\/logo.jpg","contentUrl":"https:\/\/redenoticiaz.com.br\/barretos-regiao\/wp-content\/uploads\/sites\/4\/2022\/02\/logo.jpg","width":400,"height":250,"caption":"Ribeir\u00e3o Preto e Regi\u00e3o"},"image":{"@id":"https:\/\/redenoticiaz.com.br\/ribeiraopreto-regiao\/#\/schema\/logo\/image\/"},"sameAs":["https:\/\/m.facebook.com\/redenoticiaz.barretos","https:\/\/x.com\/RN_barretos","https:\/\/www.instagram.com\/redenoticiaz.barretos\/?igshid=YmMyMTA2M2Y","https:\/\/www.linkedin.com\/company\/rede-noticiaz-barretos-e-regio\/"]},{"@type":"Person","@id":"https:\/\/redenoticiaz.com.br\/ribeiraopreto-regiao\/#\/schema\/person\/1f84d6e94e6a62d2d81199d7503e9e90","name":"Carina Reifonas","image":{"@type":"ImageObject","inLanguage":"pt-BR","@id":"https:\/\/secure.gravatar.com\/avatar\/04c59859b23696cf867715880f81d5c037e60109730bdb4e6670ec2a2245bc97?s=96&d=mm&r=g","url":"https:\/\/secure.gravatar.com\/avatar\/04c59859b23696cf867715880f81d5c037e60109730bdb4e6670ec2a2245bc97?s=96&d=mm&r=g","contentUrl":"https:\/\/secure.gravatar.com\/avatar\/04c59859b23696cf867715880f81d5c037e60109730bdb4e6670ec2a2245bc97?s=96&d=mm&r=g","caption":"Carina Reifonas"},"url":"https:\/\/redenoticiaz.com.br\/ribeiraopreto-regiao\/sp\/author\/carinareifonas"}]}},"_links":{"self":[{"href":"https:\/\/redenoticiaz.com.br\/ribeiraopreto-regiao\/wp-json\/wp\/v2\/posts\/117465","targetHints":{"allow":["GET"]}}],"collection":[{"href":"https:\/\/redenoticiaz.com.br\/ribeiraopreto-regiao\/wp-json\/wp\/v2\/posts"}],"about":[{"href":"https:\/\/redenoticiaz.com.br\/ribeiraopreto-regiao\/wp-json\/wp\/v2\/types\/post"}],"author":[{"embeddable":true,"href":"https:\/\/redenoticiaz.com.br\/ribeiraopreto-regiao\/wp-json\/wp\/v2\/users\/30"}],"replies":[{"embeddable":true,"href":"https:\/\/redenoticiaz.com.br\/ribeiraopreto-regiao\/wp-json\/wp\/v2\/comments?post=117465"}],"version-history":[{"count":1,"href":"https:\/\/redenoticiaz.com.br\/ribeiraopreto-regiao\/wp-json\/wp\/v2\/posts\/117465\/revisions"}],"predecessor-version":[{"id":117466,"href":"https:\/\/redenoticiaz.com.br\/ribeiraopreto-regiao\/wp-json\/wp\/v2\/posts\/117465\/revisions\/117466"}],"wp:featuredmedia":[{"embeddable":true,"href":"https:\/\/redenoticiaz.com.br\/ribeiraopreto-regiao\/wp-json\/wp\/v2\/media\/117467"}],"wp:attachment":[{"href":"https:\/\/redenoticiaz.com.br\/ribeiraopreto-regiao\/wp-json\/wp\/v2\/media?parent=117465"}],"wp:term":[{"taxonomy":"category","embeddable":true,"href":"https:\/\/redenoticiaz.com.br\/ribeiraopreto-regiao\/wp-json\/wp\/v2\/categories?post=117465"},{"taxonomy":"post_tag","embeddable":true,"href":"https:\/\/redenoticiaz.com.br\/ribeiraopreto-regiao\/wp-json\/wp\/v2\/tags?post=117465"}],"curies":[{"name":"wp","href":"https:\/\/api.w.org\/{rel}","templated":true}]}}