{"id":117477,"date":"2024-06-21T13:09:40","date_gmt":"2024-06-21T16:09:40","guid":{"rendered":"https:\/\/redenoticiaz.com.br\/barretos-regiao\/sp\/2024\/06\/21\/800-vagas-de-emprego-na-raizen"},"modified":"2024-06-21T13:17:14","modified_gmt":"2024-06-21T16:17:14","slug":"800-vagas-de-emprego-na-raizen","status":"publish","type":"post","link":"https:\/\/redenoticiaz.com.br\/ribeiraopreto-regiao\/sp\/2024\/06\/21\/800-vagas-de-emprego-na-raizen","title":{"rendered":"800 vagas de emprego na Ra\u00edzen"},"content":{"rendered":"<p>Empresa brasileira de destaque mundial, sendo a maior produtora de etanol do pa\u00eds e a maior exportadora individual de a\u00e7\u00facar de cana no mercado internacional. Venha fazer parte dessa transforma\u00e7\u00e3o!<\/p>\n<hr \/>\n<h3>Oportunidades de Carreira na Ra\u00edzen<\/h3>\n<p>Estamos oferecendo 800 vagas em diversas \u00e1reas para profissionais que desejam crescer e contribuir para um futuro mais sustent\u00e1vel. Confira abaixo algumas das posi\u00e7\u00f5es dispon\u00edveis:<\/p>\n<h3>Analista de Log\u00edstica | Distribui\u00e7\u00e3o de Etanol<\/h3>\n<p><strong>Localiza\u00e7\u00e3o:<\/strong> S\u00e3o Paulo\/SP<br \/>\n<strong>\u00c1rea:<\/strong> Log\u00edstica e Distribui\u00e7\u00e3o<br \/>\n<strong>Reporte:<\/strong> Coordenador de Log\u00edstica<\/p>\n<h3>T\u00e9cnico em Manuten\u00e7\u00e3o | Plantas Industriais<\/h3>\n<p><strong>Localiza\u00e7\u00e3o:<\/strong> Diversas unidades no Brasil<br \/>\n<strong>\u00c1rea:<\/strong> Manuten\u00e7\u00e3o Industrial<br \/>\n<strong>Reporte:<\/strong> Supervisor de Manuten\u00e7\u00e3o<\/p>\n<h3>T\u00e9cnico em Manuten\u00e7\u00e3o | Plantas Industriais<\/h3>\n<p><strong>Localiza\u00e7\u00e3o:<\/strong> Diversas unidades no Brasil<br \/>\n<strong>\u00c1rea:<\/strong> Manuten\u00e7\u00e3o Industrial<br \/>\n<strong>Reporte:<\/strong> Supervisor de Manuten\u00e7\u00e3o<\/p>\n<h3>Engenheiro de Produ\u00e7\u00e3o | Bioenergia<\/h3>\n<p><strong>Localiza\u00e7\u00e3o:<\/strong>\u00a0Diversas unidades no Brasil<br \/>\n<strong>\u00c1rea:<\/strong>\u00a0Produ\u00e7\u00e3o de Bioenergia<br \/>\n<strong>Reporte:<\/strong>\u00a0Gerente de Produ\u00e7\u00e3o<\/p>\n<h3>Encontre Outras Oportunidades<\/h3>\n<p>Explore todas as 800 vagas dispon\u00edveis e encontre a posi\u00e7\u00e3o ideal para voc\u00ea. A Ra\u00edzen est\u00e1 comprometida em oferecer um ambiente de trabalho inclusivo e desafiador, onde voc\u00ea pode crescer e desenvolver sua carreira.<\/p>\n<p><a href=\"https:\/\/genteraizen.gupy.io\/eyJzb3VyY2UiOiJndXB5X3BvcnRhbCJ9\"><strong>Candidatar-se agora<\/strong><\/a><\/p>\n<hr \/>\n<p>LEIA MAIS<\/p>\n<p><a href=\"https:\/\/redenoticiaz.com.br\/blog\/2024\/06\/21\/video-objetos-roubados-de-residencia-sao-recuperador-e-autor-preso-em-jundiai\">V\u00cdDEO \u2013 Objetos roubados de resid\u00eancia s\u00e3o recuperador e autor preso em Jundia\u00ed<\/a><\/p>\n<p><a href=\"https:\/\/redenoticiaz.com.br\/blog\/2024\/06\/21\/globo-pg-vale-electrolux-estao-com-vagas-abertas\">Globo, P&amp;G, Vale, Electrolux est\u00e3o com vagas abertas<\/a><\/p>\n<p>&nbsp;<\/p>\n<p>&nbsp;<\/p>\n","protected":false},"excerpt":{"rendered":"<p>Empresa brasileira de destaque mundial, sendo a maior produtora de etanol do pa\u00eds e a maior exportadora individual de a\u00e7\u00facar de cana no mercado internacional. Venha fazer parte dessa transforma\u00e7\u00e3o! Oportunidades de Carreira na Ra\u00edzen Estamos oferecendo 800 vagas em diversas \u00e1reas para profissionais que desejam crescer e contribuir para um futuro mais sustent\u00e1vel. Confira &hellip;<\/p>\n","protected":false},"author":30,"featured_media":117167,"comment_status":"open","ping_status":"closed","sticky":false,"template":"","format":"standard","meta":{"footnotes":""},"categories":[29902],"tags":[17140,577],"class_list":["post-117477","post","type-post","status-publish","format-standard","has-post-thumbnail","hentry","category-emprego","tag-raizen","tag-vagas"],"yoast_head":"<!-- This site is optimized with the Yoast SEO plugin v27.4 - https:\/\/yoast.com\/product\/yoast-seo-wordpress\/ -->\n<title>800 vagas de emprego na Ra\u00edzen - Ribeir\u00e3o Preto e Regi\u00e3o<\/title>\n<meta name=\"description\" content=\"Empresa brasileira de destaque mundial, sendo a maior produtora de etanol do pa\u00eds e a maior exportadora individual de a\u00e7\u00facar de cana no mercado internacional.\" \/>\n<meta name=\"robots\" content=\"index, follow, max-snippet:-1, max-image-preview:large, max-video-preview:-1\" \/>\n<link rel=\"canonical\" href=\"https:\/\/redenoticiaz.com.br\/ribeiraopreto-regiao\/sp\/2024\/06\/21\/800-vagas-de-emprego-na-raizen\" \/>\n<meta property=\"og:locale\" content=\"pt_BR\" \/>\n<meta property=\"og:type\" content=\"article\" \/>\n<meta property=\"og:title\" content=\"800 vagas de emprego na Ra\u00edzen - Ribeir\u00e3o Preto e Regi\u00e3o\" \/>\n<meta property=\"og:description\" content=\"Empresa brasileira de destaque mundial, sendo a maior produtora de etanol do pa\u00eds e a maior exportadora individual de a\u00e7\u00facar de cana no mercado internacional.\" \/>\n<meta property=\"og:url\" content=\"https:\/\/redenoticiaz.com.br\/ribeiraopreto-regiao\/sp\/2024\/06\/21\/800-vagas-de-emprego-na-raizen\" \/>\n<meta property=\"og:site_name\" content=\"Ribeir\u00e3o Preto e Regi\u00e3o\" \/>\n<meta property=\"article:publisher\" content=\"https:\/\/m.facebook.com\/redenoticiaz.barretos\" \/>\n<meta property=\"article:published_time\" content=\"2024-06-21T16:09:40+00:00\" \/>\n<meta property=\"article:modified_time\" content=\"2024-06-21T16:17:14+00:00\" \/>\n<meta property=\"og:image\" content=\"https:\/\/redenoticiaz.com.br\/ribeiraopreto-regiao\/wp-content\/uploads\/sites\/4\/2024\/05\/Captura-de-tela-2024-05-20-132620.png?v=1716222388\" \/>\n\t<meta property=\"og:image:width\" content=\"702\" \/>\n\t<meta property=\"og:image:height\" content=\"389\" \/>\n\t<meta property=\"og:image:type\" content=\"image\/png\" \/>\n<meta name=\"author\" content=\"Carina Reifonas\" \/>\n<meta name=\"twitter:card\" content=\"summary_large_image\" \/>\n<meta name=\"twitter:creator\" content=\"@RN_barretos\" \/>\n<meta name=\"twitter:site\" content=\"@RN_barretos\" \/>\n<meta name=\"twitter:label1\" content=\"Escrito por\" \/>\n\t<meta name=\"twitter:data1\" content=\"Carina Reifonas\" \/>\n\t<meta name=\"twitter:label2\" content=\"Est. tempo de leitura\" \/>\n\t<meta name=\"twitter:data2\" content=\"2 minutos\" \/>\n<script type=\"application\/ld+json\" class=\"yoast-schema-graph\">{\"@context\":\"https:\\\/\\\/schema.org\",\"@graph\":[{\"@type\":\"Article\",\"@id\":\"https:\\\/\\\/redenoticiaz.com.br\\\/ribeiraopreto-regiao\\\/sp\\\/2024\\\/06\\\/21\\\/800-vagas-de-emprego-na-raizen#article\",\"isPartOf\":{\"@id\":\"https:\\\/\\\/redenoticiaz.com.br\\\/ribeiraopreto-regiao\\\/sp\\\/2024\\\/06\\\/21\\\/800-vagas-de-emprego-na-raizen\"},\"author\":{\"name\":\"Carina Reifonas\",\"@id\":\"https:\\\/\\\/redenoticiaz.com.br\\\/ribeiraopreto-regiao\\\/#\\\/schema\\\/person\\\/1f84d6e94e6a62d2d81199d7503e9e90\"},\"headline\":\"800 vagas de emprego na Ra\u00edzen\",\"datePublished\":\"2024-06-21T16:09:40+00:00\",\"dateModified\":\"2024-06-21T16:17:14+00:00\",\"mainEntityOfPage\":{\"@id\":\"https:\\\/\\\/redenoticiaz.com.br\\\/ribeiraopreto-regiao\\\/sp\\\/2024\\\/06\\\/21\\\/800-vagas-de-emprego-na-raizen\"},\"wordCount\":233,\"commentCount\":0,\"publisher\":{\"@id\":\"https:\\\/\\\/redenoticiaz.com.br\\\/ribeiraopreto-regiao\\\/#organization\"},\"image\":{\"@id\":\"https:\\\/\\\/redenoticiaz.com.br\\\/ribeiraopreto-regiao\\\/sp\\\/2024\\\/06\\\/21\\\/800-vagas-de-emprego-na-raizen#primaryimage\"},\"thumbnailUrl\":\"https:\\\/\\\/redenoticiaz.com.br\\\/ribeiraopreto-regiao\\\/wp-content\\\/uploads\\\/sites\\\/4\\\/2024\\\/05\\\/Captura-de-tela-2024-05-20-132620.png?v=1716222388\",\"keywords\":[\"Ra\u00edzen\",\"VAGAS\"],\"articleSection\":[\"Emprego\"],\"inLanguage\":\"pt-BR\",\"potentialAction\":[{\"@type\":\"CommentAction\",\"name\":\"Comment\",\"target\":[\"https:\\\/\\\/redenoticiaz.com.br\\\/ribeiraopreto-regiao\\\/sp\\\/2024\\\/06\\\/21\\\/800-vagas-de-emprego-na-raizen#respond\"]}]},{\"@type\":\"WebPage\",\"@id\":\"https:\\\/\\\/redenoticiaz.com.br\\\/ribeiraopreto-regiao\\\/sp\\\/2024\\\/06\\\/21\\\/800-vagas-de-emprego-na-raizen\",\"url\":\"https:\\\/\\\/redenoticiaz.com.br\\\/ribeiraopreto-regiao\\\/sp\\\/2024\\\/06\\\/21\\\/800-vagas-de-emprego-na-raizen\",\"name\":\"800 vagas de emprego na Ra\u00edzen - Ribeir\u00e3o Preto e Regi\u00e3o\",\"isPartOf\":{\"@id\":\"https:\\\/\\\/redenoticiaz.com.br\\\/ribeiraopreto-regiao\\\/#website\"},\"primaryImageOfPage\":{\"@id\":\"https:\\\/\\\/redenoticiaz.com.br\\\/ribeiraopreto-regiao\\\/sp\\\/2024\\\/06\\\/21\\\/800-vagas-de-emprego-na-raizen#primaryimage\"},\"image\":{\"@id\":\"https:\\\/\\\/redenoticiaz.com.br\\\/ribeiraopreto-regiao\\\/sp\\\/2024\\\/06\\\/21\\\/800-vagas-de-emprego-na-raizen#primaryimage\"},\"thumbnailUrl\":\"https:\\\/\\\/redenoticiaz.com.br\\\/ribeiraopreto-regiao\\\/wp-content\\\/uploads\\\/sites\\\/4\\\/2024\\\/05\\\/Captura-de-tela-2024-05-20-132620.png?v=1716222388\",\"datePublished\":\"2024-06-21T16:09:40+00:00\",\"dateModified\":\"2024-06-21T16:17:14+00:00\",\"description\":\"Empresa brasileira de destaque mundial, sendo a maior produtora de etanol do pa\u00eds e a maior exportadora individual de a\u00e7\u00facar de cana no mercado internacional.\",\"inLanguage\":\"pt-BR\",\"potentialAction\":[{\"@type\":\"ReadAction\",\"target\":[\"https:\\\/\\\/redenoticiaz.com.br\\\/ribeiraopreto-regiao\\\/sp\\\/2024\\\/06\\\/21\\\/800-vagas-de-emprego-na-raizen\"]}]},{\"@type\":\"ImageObject\",\"inLanguage\":\"pt-BR\",\"@id\":\"https:\\\/\\\/redenoticiaz.com.br\\\/ribeiraopreto-regiao\\\/sp\\\/2024\\\/06\\\/21\\\/800-vagas-de-emprego-na-raizen#primaryimage\",\"url\":\"https:\\\/\\\/redenoticiaz.com.br\\\/ribeiraopreto-regiao\\\/wp-content\\\/uploads\\\/sites\\\/4\\\/2024\\\/05\\\/Captura-de-tela-2024-05-20-132620.png?v=1716222388\",\"contentUrl\":\"https:\\\/\\\/redenoticiaz.com.br\\\/ribeiraopreto-regiao\\\/wp-content\\\/uploads\\\/sites\\\/4\\\/2024\\\/05\\\/Captura-de-tela-2024-05-20-132620.png?v=1716222388\",\"width\":702,\"height\":389},{\"@type\":\"WebSite\",\"@id\":\"https:\\\/\\\/redenoticiaz.com.br\\\/ribeiraopreto-regiao\\\/#website\",\"url\":\"https:\\\/\\\/redenoticiaz.com.br\\\/ribeiraopreto-regiao\\\/\",\"name\":\"Ribeir\u00e3o Preto e Regi\u00e3o\",\"description\":\"Rede NoticiaZ - Ribeir\u00e3o Preto e regi\u00e3o\",\"publisher\":{\"@id\":\"https:\\\/\\\/redenoticiaz.com.br\\\/ribeiraopreto-regiao\\\/#organization\"},\"potentialAction\":[{\"@type\":\"SearchAction\",\"target\":{\"@type\":\"EntryPoint\",\"urlTemplate\":\"https:\\\/\\\/redenoticiaz.com.br\\\/ribeiraopreto-regiao\\\/?s={search_term_string}\"},\"query-input\":{\"@type\":\"PropertyValueSpecification\",\"valueRequired\":true,\"valueName\":\"search_term_string\"}}],\"inLanguage\":\"pt-BR\"},{\"@type\":\"Organization\",\"@id\":\"https:\\\/\\\/redenoticiaz.com.br\\\/ribeiraopreto-regiao\\\/#organization\",\"name\":\"Ribeir\u00e3o Preto e Regi\u00e3o\",\"url\":\"https:\\\/\\\/redenoticiaz.com.br\\\/ribeiraopreto-regiao\\\/\",\"logo\":{\"@type\":\"ImageObject\",\"inLanguage\":\"pt-BR\",\"@id\":\"https:\\\/\\\/redenoticiaz.com.br\\\/ribeiraopreto-regiao\\\/#\\\/schema\\\/logo\\\/image\\\/\",\"url\":\"https:\\\/\\\/redenoticiaz.com.br\\\/barretos-regiao\\\/wp-content\\\/uploads\\\/sites\\\/4\\\/2022\\\/02\\\/logo.jpg\",\"contentUrl\":\"https:\\\/\\\/redenoticiaz.com.br\\\/barretos-regiao\\\/wp-content\\\/uploads\\\/sites\\\/4\\\/2022\\\/02\\\/logo.jpg\",\"width\":400,\"height\":250,\"caption\":\"Ribeir\u00e3o Preto e Regi\u00e3o\"},\"image\":{\"@id\":\"https:\\\/\\\/redenoticiaz.com.br\\\/ribeiraopreto-regiao\\\/#\\\/schema\\\/logo\\\/image\\\/\"},\"sameAs\":[\"https:\\\/\\\/m.facebook.com\\\/redenoticiaz.barretos\",\"https:\\\/\\\/x.com\\\/RN_barretos\",\"https:\\\/\\\/www.instagram.com\\\/redenoticiaz.barretos\\\/?igshid=YmMyMTA2M2Y\",\"https:\\\/\\\/www.linkedin.com\\\/company\\\/rede-noticiaz-barretos-e-regio\\\/\"]},{\"@type\":\"Person\",\"@id\":\"https:\\\/\\\/redenoticiaz.com.br\\\/ribeiraopreto-regiao\\\/#\\\/schema\\\/person\\\/1f84d6e94e6a62d2d81199d7503e9e90\",\"name\":\"Carina Reifonas\",\"image\":{\"@type\":\"ImageObject\",\"inLanguage\":\"pt-BR\",\"@id\":\"https:\\\/\\\/secure.gravatar.com\\\/avatar\\\/04c59859b23696cf867715880f81d5c037e60109730bdb4e6670ec2a2245bc97?s=96&d=mm&r=g\",\"url\":\"https:\\\/\\\/secure.gravatar.com\\\/avatar\\\/04c59859b23696cf867715880f81d5c037e60109730bdb4e6670ec2a2245bc97?s=96&d=mm&r=g\",\"contentUrl\":\"https:\\\/\\\/secure.gravatar.com\\\/avatar\\\/04c59859b23696cf867715880f81d5c037e60109730bdb4e6670ec2a2245bc97?s=96&d=mm&r=g\",\"caption\":\"Carina Reifonas\"},\"url\":\"https:\\\/\\\/redenoticiaz.com.br\\\/ribeiraopreto-regiao\\\/sp\\\/author\\\/carinareifonas\"}]}<\/script>\n<!-- \/ Yoast SEO plugin. -->","yoast_head_json":{"title":"800 vagas de emprego na Ra\u00edzen - Ribeir\u00e3o Preto e Regi\u00e3o","description":"Empresa brasileira de destaque mundial, sendo a maior produtora de etanol do pa\u00eds e a maior exportadora individual de a\u00e7\u00facar de cana no mercado internacional.","robots":{"index":"index","follow":"follow","max-snippet":"max-snippet:-1","max-image-preview":"max-image-preview:large","max-video-preview":"max-video-preview:-1"},"canonical":"https:\/\/redenoticiaz.com.br\/ribeiraopreto-regiao\/sp\/2024\/06\/21\/800-vagas-de-emprego-na-raizen","og_locale":"pt_BR","og_type":"article","og_title":"800 vagas de emprego na Ra\u00edzen - Ribeir\u00e3o Preto e Regi\u00e3o","og_description":"Empresa brasileira de destaque mundial, sendo a maior produtora de etanol do pa\u00eds e a maior exportadora individual de a\u00e7\u00facar de cana no mercado internacional.","og_url":"https:\/\/redenoticiaz.com.br\/ribeiraopreto-regiao\/sp\/2024\/06\/21\/800-vagas-de-emprego-na-raizen","og_site_name":"Ribeir\u00e3o Preto e Regi\u00e3o","article_publisher":"https:\/\/m.facebook.com\/redenoticiaz.barretos","article_published_time":"2024-06-21T16:09:40+00:00","article_modified_time":"2024-06-21T16:17:14+00:00","og_image":[{"width":702,"height":389,"url":"https:\/\/redenoticiaz.com.br\/ribeiraopreto-regiao\/wp-content\/uploads\/sites\/4\/2024\/05\/Captura-de-tela-2024-05-20-132620.png?v=1716222388","type":"image\/png"}],"author":"Carina Reifonas","twitter_card":"summary_large_image","twitter_creator":"@RN_barretos","twitter_site":"@RN_barretos","twitter_misc":{"Escrito por":"Carina Reifonas","Est. tempo de leitura":"2 minutos"},"schema":{"@context":"https:\/\/schema.org","@graph":[{"@type":"Article","@id":"https:\/\/redenoticiaz.com.br\/ribeiraopreto-regiao\/sp\/2024\/06\/21\/800-vagas-de-emprego-na-raizen#article","isPartOf":{"@id":"https:\/\/redenoticiaz.com.br\/ribeiraopreto-regiao\/sp\/2024\/06\/21\/800-vagas-de-emprego-na-raizen"},"author":{"name":"Carina Reifonas","@id":"https:\/\/redenoticiaz.com.br\/ribeiraopreto-regiao\/#\/schema\/person\/1f84d6e94e6a62d2d81199d7503e9e90"},"headline":"800 vagas de emprego na Ra\u00edzen","datePublished":"2024-06-21T16:09:40+00:00","dateModified":"2024-06-21T16:17:14+00:00","mainEntityOfPage":{"@id":"https:\/\/redenoticiaz.com.br\/ribeiraopreto-regiao\/sp\/2024\/06\/21\/800-vagas-de-emprego-na-raizen"},"wordCount":233,"commentCount":0,"publisher":{"@id":"https:\/\/redenoticiaz.com.br\/ribeiraopreto-regiao\/#organization"},"image":{"@id":"https:\/\/redenoticiaz.com.br\/ribeiraopreto-regiao\/sp\/2024\/06\/21\/800-vagas-de-emprego-na-raizen#primaryimage"},"thumbnailUrl":"https:\/\/redenoticiaz.com.br\/ribeiraopreto-regiao\/wp-content\/uploads\/sites\/4\/2024\/05\/Captura-de-tela-2024-05-20-132620.png?v=1716222388","keywords":["Ra\u00edzen","VAGAS"],"articleSection":["Emprego"],"inLanguage":"pt-BR","potentialAction":[{"@type":"CommentAction","name":"Comment","target":["https:\/\/redenoticiaz.com.br\/ribeiraopreto-regiao\/sp\/2024\/06\/21\/800-vagas-de-emprego-na-raizen#respond"]}]},{"@type":"WebPage","@id":"https:\/\/redenoticiaz.com.br\/ribeiraopreto-regiao\/sp\/2024\/06\/21\/800-vagas-de-emprego-na-raizen","url":"https:\/\/redenoticiaz.com.br\/ribeiraopreto-regiao\/sp\/2024\/06\/21\/800-vagas-de-emprego-na-raizen","name":"800 vagas de emprego na Ra\u00edzen - Ribeir\u00e3o Preto e Regi\u00e3o","isPartOf":{"@id":"https:\/\/redenoticiaz.com.br\/ribeiraopreto-regiao\/#website"},"primaryImageOfPage":{"@id":"https:\/\/redenoticiaz.com.br\/ribeiraopreto-regiao\/sp\/2024\/06\/21\/800-vagas-de-emprego-na-raizen#primaryimage"},"image":{"@id":"https:\/\/redenoticiaz.com.br\/ribeiraopreto-regiao\/sp\/2024\/06\/21\/800-vagas-de-emprego-na-raizen#primaryimage"},"thumbnailUrl":"https:\/\/redenoticiaz.com.br\/ribeiraopreto-regiao\/wp-content\/uploads\/sites\/4\/2024\/05\/Captura-de-tela-2024-05-20-132620.png?v=1716222388","datePublished":"2024-06-21T16:09:40+00:00","dateModified":"2024-06-21T16:17:14+00:00","description":"Empresa brasileira de destaque mundial, sendo a maior produtora de etanol do pa\u00eds e a maior exportadora individual de a\u00e7\u00facar de cana no mercado internacional.","inLanguage":"pt-BR","potentialAction":[{"@type":"ReadAction","target":["https:\/\/redenoticiaz.com.br\/ribeiraopreto-regiao\/sp\/2024\/06\/21\/800-vagas-de-emprego-na-raizen"]}]},{"@type":"ImageObject","inLanguage":"pt-BR","@id":"https:\/\/redenoticiaz.com.br\/ribeiraopreto-regiao\/sp\/2024\/06\/21\/800-vagas-de-emprego-na-raizen#primaryimage","url":"https:\/\/redenoticiaz.com.br\/ribeiraopreto-regiao\/wp-content\/uploads\/sites\/4\/2024\/05\/Captura-de-tela-2024-05-20-132620.png?v=1716222388","contentUrl":"https:\/\/redenoticiaz.com.br\/ribeiraopreto-regiao\/wp-content\/uploads\/sites\/4\/2024\/05\/Captura-de-tela-2024-05-20-132620.png?v=1716222388","width":702,"height":389},{"@type":"WebSite","@id":"https:\/\/redenoticiaz.com.br\/ribeiraopreto-regiao\/#website","url":"https:\/\/redenoticiaz.com.br\/ribeiraopreto-regiao\/","name":"Ribeir\u00e3o Preto e Regi\u00e3o","description":"Rede NoticiaZ - Ribeir\u00e3o Preto e regi\u00e3o","publisher":{"@id":"https:\/\/redenoticiaz.com.br\/ribeiraopreto-regiao\/#organization"},"potentialAction":[{"@type":"SearchAction","target":{"@type":"EntryPoint","urlTemplate":"https:\/\/redenoticiaz.com.br\/ribeiraopreto-regiao\/?s={search_term_string}"},"query-input":{"@type":"PropertyValueSpecification","valueRequired":true,"valueName":"search_term_string"}}],"inLanguage":"pt-BR"},{"@type":"Organization","@id":"https:\/\/redenoticiaz.com.br\/ribeiraopreto-regiao\/#organization","name":"Ribeir\u00e3o Preto e Regi\u00e3o","url":"https:\/\/redenoticiaz.com.br\/ribeiraopreto-regiao\/","logo":{"@type":"ImageObject","inLanguage":"pt-BR","@id":"https:\/\/redenoticiaz.com.br\/ribeiraopreto-regiao\/#\/schema\/logo\/image\/","url":"https:\/\/redenoticiaz.com.br\/barretos-regiao\/wp-content\/uploads\/sites\/4\/2022\/02\/logo.jpg","contentUrl":"https:\/\/redenoticiaz.com.br\/barretos-regiao\/wp-content\/uploads\/sites\/4\/2022\/02\/logo.jpg","width":400,"height":250,"caption":"Ribeir\u00e3o Preto e Regi\u00e3o"},"image":{"@id":"https:\/\/redenoticiaz.com.br\/ribeiraopreto-regiao\/#\/schema\/logo\/image\/"},"sameAs":["https:\/\/m.facebook.com\/redenoticiaz.barretos","https:\/\/x.com\/RN_barretos","https:\/\/www.instagram.com\/redenoticiaz.barretos\/?igshid=YmMyMTA2M2Y","https:\/\/www.linkedin.com\/company\/rede-noticiaz-barretos-e-regio\/"]},{"@type":"Person","@id":"https:\/\/redenoticiaz.com.br\/ribeiraopreto-regiao\/#\/schema\/person\/1f84d6e94e6a62d2d81199d7503e9e90","name":"Carina Reifonas","image":{"@type":"ImageObject","inLanguage":"pt-BR","@id":"https:\/\/secure.gravatar.com\/avatar\/04c59859b23696cf867715880f81d5c037e60109730bdb4e6670ec2a2245bc97?s=96&d=mm&r=g","url":"https:\/\/secure.gravatar.com\/avatar\/04c59859b23696cf867715880f81d5c037e60109730bdb4e6670ec2a2245bc97?s=96&d=mm&r=g","contentUrl":"https:\/\/secure.gravatar.com\/avatar\/04c59859b23696cf867715880f81d5c037e60109730bdb4e6670ec2a2245bc97?s=96&d=mm&r=g","caption":"Carina Reifonas"},"url":"https:\/\/redenoticiaz.com.br\/ribeiraopreto-regiao\/sp\/author\/carinareifonas"}]}},"_links":{"self":[{"href":"https:\/\/redenoticiaz.com.br\/ribeiraopreto-regiao\/wp-json\/wp\/v2\/posts\/117477","targetHints":{"allow":["GET"]}}],"collection":[{"href":"https:\/\/redenoticiaz.com.br\/ribeiraopreto-regiao\/wp-json\/wp\/v2\/posts"}],"about":[{"href":"https:\/\/redenoticiaz.com.br\/ribeiraopreto-regiao\/wp-json\/wp\/v2\/types\/post"}],"author":[{"embeddable":true,"href":"https:\/\/redenoticiaz.com.br\/ribeiraopreto-regiao\/wp-json\/wp\/v2\/users\/30"}],"replies":[{"embeddable":true,"href":"https:\/\/redenoticiaz.com.br\/ribeiraopreto-regiao\/wp-json\/wp\/v2\/comments?post=117477"}],"version-history":[{"count":0,"href":"https:\/\/redenoticiaz.com.br\/ribeiraopreto-regiao\/wp-json\/wp\/v2\/posts\/117477\/revisions"}],"wp:featuredmedia":[{"embeddable":true,"href":"https:\/\/redenoticiaz.com.br\/ribeiraopreto-regiao\/wp-json\/wp\/v2\/media\/117167"}],"wp:attachment":[{"href":"https:\/\/redenoticiaz.com.br\/ribeiraopreto-regiao\/wp-json\/wp\/v2\/media?parent=117477"}],"wp:term":[{"taxonomy":"category","embeddable":true,"href":"https:\/\/redenoticiaz.com.br\/ribeiraopreto-regiao\/wp-json\/wp\/v2\/categories?post=117477"},{"taxonomy":"post_tag","embeddable":true,"href":"https:\/\/redenoticiaz.com.br\/ribeiraopreto-regiao\/wp-json\/wp\/v2\/tags?post=117477"}],"curies":[{"name":"wp","href":"https:\/\/api.w.org\/{rel}","templated":true}]}}