{"id":118001,"date":"2024-08-09T20:31:42","date_gmt":"2024-08-09T23:31:42","guid":{"rendered":"https:\/\/redenoticiaz.com.br\/barretos-regiao\/sp\/2024\/08\/09\/deputado-federal-bruno-ganem-pede-abertura-de-comissao-externa-para-acompanhar-as-investigacoes-sobre-a-queda-do-aviao-da-voepass"},"modified":"2024-08-09T20:32:01","modified_gmt":"2024-08-09T23:32:01","slug":"deputado-federal-bruno-ganem-pede-abertura-de-comissao-externa-para-acompanhar-as-investigacoes-sobre-a-queda-do-aviao-da-voepass","status":"publish","type":"post","link":"https:\/\/redenoticiaz.com.br\/ribeiraopreto-regiao\/sp\/2024\/08\/09\/deputado-federal-bruno-ganem-pede-abertura-de-comissao-externa-para-acompanhar-as-investigacoes-sobre-a-queda-do-aviao-da-voepass","title":{"rendered":"Deputado Federal Bruno Ganem pede abertura de comiss\u00e3o externa para acompanhar as investiga\u00e7\u00f5es sobre a queda do avi\u00e3o da VOEPASS"},"content":{"rendered":"<p>Titular da Comiss\u00e3o de Avia\u00e7\u00e3o e Transporte, o parlamentar do Podemos\/SP protocolou requerimento logo ap\u00f3s o desastre a\u00e9reo, que aconteceu em Vinhedo\/SP, com o objetivo de que seja poss\u00edvel acompanhar as investiga\u00e7\u00f5es e, assim, contribuir com a atualiza\u00e7\u00e3o das regulamenta\u00e7\u00f5es.<\/p>\n<p>O Deputado Federal Bruno Ganem (Pode) solicitou na tarde desta sexta-feira (dia 9), a abertura de uma comiss\u00e3o externa para monitorar as investiga\u00e7\u00f5es relacionadas \u00e0 queda do avi\u00e3o da VOEPASS Linhas A\u00e9reas. Como Titular da Comiss\u00e3o de Avia\u00e7\u00e3o e Transporte, o parlamentar apresentou o requerimento logo ap\u00f3s o tr\u00e1gico acidente, com o prop\u00f3sito de acompanhar de perto o ocorrido e sugerir aprimoramentos nas normas de seguran\u00e7a a\u00e9rea.<\/p>\n<p>O objetivo da comiss\u00e3o \u00e9 utilizar os resultados das investiga\u00e7\u00f5es para promover atualiza\u00e7\u00f5es nas regulamenta\u00e7\u00f5es vigentes, visando prevenir futuros acidentes e garantir a seguran\u00e7a dos passageiros e tripulantes.<\/p>\n<p>O desastre, que envolveu um avi\u00e3o bimotor modelo ATR-72 com 58 passageiros e 4 tripulantes a bordo, ocorreu na regi\u00e3o do bairro Capela, em Vinhedo (SP). A aeronave havia partido de Cascavel (PR) com destino ao aeroporto de Guarulhos (SP), resultando em uma trag\u00e9dia que impactou profundamente as 62 pessoas a bordo.<\/p>\n<p>A atua\u00e7\u00e3o do Deputado Bruno Ganem reflete a responsabilidade e o compromisso do poder legislativo em garantir a seguran\u00e7a e bem-estar dos cidad\u00e3os, buscando melhorias cont\u00ednuas e preventivas no setor da avia\u00e7\u00e3o. \u201cA cria\u00e7\u00e3o da comiss\u00e3o externa representa um passo importante para aprimorar as normas e protocolos de seguran\u00e7a a\u00e9rea, visando assegurar voos mais seguros e confi\u00e1veis para todos\u201d, afirmou o parlamentar que esteve no local da queda e acompanhou parte do trabalho de resgate.<\/p>\n<p>Leia mais<\/p>\n<p><a href=\"https:\/\/redenoticiaz.com.br\/blog\/2024\/08\/09\/video-prefeitura-de-vinhedo-diz-que-nao-ha-sobreviventes-da-queda-do-aviao\">V\u00cdDEO \u2013 Prefeitura de Vinhedo diz que n\u00e3o h\u00e1 sobreviventes da queda do avi\u00e3o<\/a><\/p>\n<p><a href=\"https:\/\/redenoticiaz.com.br\/blog\/2024\/08\/09\/video-aviao-cai-em-vinhedo\">V\u00cdDEO \u2013 Avi\u00e3o cai em Vinhedo<\/a><\/p>\n<p>&nbsp;<\/p>\n<p>&nbsp;<\/p>\n","protected":false},"excerpt":{"rendered":"<p>Titular da Comiss\u00e3o de Avia\u00e7\u00e3o e Transporte, o parlamentar do Podemos\/SP protocolou requerimento logo ap\u00f3s o desastre a\u00e9reo, que aconteceu em Vinhedo\/SP, com o objetivo de que seja poss\u00edvel acompanhar as investiga\u00e7\u00f5es e, assim, contribuir com a atualiza\u00e7\u00e3o das regulamenta\u00e7\u00f5es. O Deputado Federal Bruno Ganem (Pode) solicitou na tarde desta sexta-feira (dia 9), a abertura &hellip;<\/p>\n","protected":false},"author":12,"featured_media":118002,"comment_status":"open","ping_status":"closed","sticky":false,"template":"","format":"standard","meta":{"footnotes":""},"categories":[186],"tags":[145,29573,940],"class_list":["post-118001","post","type-post","status-publish","format-standard","has-post-thumbnail","hentry","category-politica","tag-acidente","tag-bruno-ganem","tag-vinhedo"],"yoast_head":"<!-- This site is optimized with the Yoast SEO plugin v28.3 - https:\/\/yoast.com\/product\/yoast-seo-wordpress\/ -->\n<title>Deputado Federal Bruno Ganem pede abertura de comiss\u00e3o externa para acompanhar as investiga\u00e7\u00f5es sobre a queda do avi\u00e3o da VOEPASS - Ribeir\u00e3o Preto e Regi\u00e3o<\/title>\n<meta name=\"description\" content=\"Titular da Comiss\u00e3o de Avia\u00e7\u00e3o e Transporte, o parlamentar do Podemos\/SP protocolou requerimento logo ap\u00f3s o desastre a\u00e9reo, que aconteceu em Vinhedo\/SP, com o objetivo de que seja poss\u00edvel acompanhar as investiga\u00e7\u00f5es e, assim, contribuir com a atualiza\u00e7\u00e3o das regulamenta\u00e7\u00f5es.\" \/>\n<meta name=\"robots\" content=\"index, follow, max-snippet:-1, max-image-preview:large, max-video-preview:-1\" \/>\n<link rel=\"canonical\" href=\"https:\/\/redenoticiaz.com.br\/ribeiraopreto-regiao\/sp\/2024\/08\/09\/deputado-federal-bruno-ganem-pede-abertura-de-comissao-externa-para-acompanhar-as-investigacoes-sobre-a-queda-do-aviao-da-voepass\" \/>\n<meta property=\"og:locale\" content=\"pt_BR\" \/>\n<meta property=\"og:type\" content=\"article\" \/>\n<meta property=\"og:title\" content=\"Deputado Federal Bruno Ganem pede abertura de comiss\u00e3o externa para acompanhar as investiga\u00e7\u00f5es sobre a queda do avi\u00e3o da VOEPASS - Ribeir\u00e3o Preto e Regi\u00e3o\" \/>\n<meta property=\"og:description\" content=\"Titular da Comiss\u00e3o de Avia\u00e7\u00e3o e Transporte, o parlamentar do Podemos\/SP protocolou requerimento logo ap\u00f3s o desastre a\u00e9reo, que aconteceu em Vinhedo\/SP, com o objetivo de que seja poss\u00edvel acompanhar as investiga\u00e7\u00f5es e, assim, contribuir com a atualiza\u00e7\u00e3o das regulamenta\u00e7\u00f5es.\" \/>\n<meta property=\"og:url\" content=\"https:\/\/redenoticiaz.com.br\/ribeiraopreto-regiao\/sp\/2024\/08\/09\/deputado-federal-bruno-ganem-pede-abertura-de-comissao-externa-para-acompanhar-as-investigacoes-sobre-a-queda-do-aviao-da-voepass\" \/>\n<meta property=\"og:site_name\" content=\"Ribeir\u00e3o Preto e Regi\u00e3o\" \/>\n<meta property=\"article:publisher\" content=\"https:\/\/m.facebook.com\/redenoticiaz.barretos\" \/>\n<meta property=\"article:published_time\" content=\"2024-08-09T23:31:42+00:00\" \/>\n<meta property=\"article:modified_time\" content=\"2024-08-09T23:32:01+00:00\" \/>\n<meta property=\"og:image\" content=\"https:\/\/redenoticiaz.com.br\/ribeiraopreto-regiao\/wp-content\/uploads\/sites\/4\/2024\/08\/IMG_1129-scaled.jpeg?v=1723246252\" \/>\n\t<meta property=\"og:image:width\" content=\"1920\" \/>\n\t<meta property=\"og:image:height\" content=\"1080\" \/>\n\t<meta property=\"og:image:type\" content=\"image\/jpeg\" \/>\n<meta name=\"author\" content=\"Gustavo Silva\" \/>\n<meta name=\"twitter:card\" content=\"summary_large_image\" \/>\n<meta name=\"twitter:creator\" content=\"@RN_barretos\" \/>\n<meta name=\"twitter:site\" content=\"@RN_barretos\" \/>\n<meta name=\"twitter:label1\" content=\"Escrito por\" \/>\n\t<meta name=\"twitter:data1\" content=\"Gustavo Silva\" \/>\n\t<meta name=\"twitter:label2\" content=\"Est. tempo de leitura\" \/>\n\t<meta name=\"twitter:data2\" content=\"2 minutos\" \/>\n<script type=\"application\/ld+json\" class=\"yoast-schema-graph\">{\"@context\":\"https:\\\/\\\/schema.org\",\"@graph\":[{\"@type\":\"Article\",\"@id\":\"https:\\\/\\\/redenoticiaz.com.br\\\/ribeiraopreto-regiao\\\/sp\\\/2024\\\/08\\\/09\\\/deputado-federal-bruno-ganem-pede-abertura-de-comissao-externa-para-acompanhar-as-investigacoes-sobre-a-queda-do-aviao-da-voepass#article\",\"isPartOf\":{\"@id\":\"https:\\\/\\\/redenoticiaz.com.br\\\/ribeiraopreto-regiao\\\/sp\\\/2024\\\/08\\\/09\\\/deputado-federal-bruno-ganem-pede-abertura-de-comissao-externa-para-acompanhar-as-investigacoes-sobre-a-queda-do-aviao-da-voepass\"},\"author\":{\"name\":\"Gustavo Silva\",\"@id\":\"https:\\\/\\\/redenoticiaz.com.br\\\/ribeiraopreto-regiao\\\/#\\\/schema\\\/person\\\/16057b37a3c0ee6b096d7f887c566e2e\"},\"headline\":\"Deputado Federal Bruno Ganem pede abertura de comiss\u00e3o externa para acompanhar as investiga\u00e7\u00f5es sobre a queda do avi\u00e3o da VOEPASS\",\"datePublished\":\"2024-08-09T23:31:42+00:00\",\"dateModified\":\"2024-08-09T23:32:01+00:00\",\"mainEntityOfPage\":{\"@id\":\"https:\\\/\\\/redenoticiaz.com.br\\\/ribeiraopreto-regiao\\\/sp\\\/2024\\\/08\\\/09\\\/deputado-federal-bruno-ganem-pede-abertura-de-comissao-externa-para-acompanhar-as-investigacoes-sobre-a-queda-do-aviao-da-voepass\"},\"wordCount\":345,\"commentCount\":0,\"publisher\":{\"@id\":\"https:\\\/\\\/redenoticiaz.com.br\\\/ribeiraopreto-regiao\\\/#organization\"},\"image\":{\"@id\":\"https:\\\/\\\/redenoticiaz.com.br\\\/ribeiraopreto-regiao\\\/sp\\\/2024\\\/08\\\/09\\\/deputado-federal-bruno-ganem-pede-abertura-de-comissao-externa-para-acompanhar-as-investigacoes-sobre-a-queda-do-aviao-da-voepass#primaryimage\"},\"thumbnailUrl\":\"https:\\\/\\\/redenoticiaz.com.br\\\/ribeiraopreto-regiao\\\/wp-content\\\/uploads\\\/sites\\\/4\\\/2024\\\/08\\\/IMG_1129-scaled.jpeg?v=1723246252\",\"keywords\":[\"acidente\",\"Bruno Ganem\",\"vinhedo\"],\"articleSection\":[\"Pol\u00edtica\"],\"inLanguage\":\"pt-BR\",\"potentialAction\":[{\"@type\":\"CommentAction\",\"name\":\"Comment\",\"target\":[\"https:\\\/\\\/redenoticiaz.com.br\\\/ribeiraopreto-regiao\\\/sp\\\/2024\\\/08\\\/09\\\/deputado-federal-bruno-ganem-pede-abertura-de-comissao-externa-para-acompanhar-as-investigacoes-sobre-a-queda-do-aviao-da-voepass#respond\"]}]},{\"@type\":\"WebPage\",\"@id\":\"https:\\\/\\\/redenoticiaz.com.br\\\/ribeiraopreto-regiao\\\/sp\\\/2024\\\/08\\\/09\\\/deputado-federal-bruno-ganem-pede-abertura-de-comissao-externa-para-acompanhar-as-investigacoes-sobre-a-queda-do-aviao-da-voepass\",\"url\":\"https:\\\/\\\/redenoticiaz.com.br\\\/ribeiraopreto-regiao\\\/sp\\\/2024\\\/08\\\/09\\\/deputado-federal-bruno-ganem-pede-abertura-de-comissao-externa-para-acompanhar-as-investigacoes-sobre-a-queda-do-aviao-da-voepass\",\"name\":\"Deputado Federal Bruno Ganem pede abertura de comiss\u00e3o externa para acompanhar as investiga\u00e7\u00f5es sobre a queda do avi\u00e3o da VOEPASS - Ribeir\u00e3o Preto e Regi\u00e3o\",\"isPartOf\":{\"@id\":\"https:\\\/\\\/redenoticiaz.com.br\\\/ribeiraopreto-regiao\\\/#website\"},\"primaryImageOfPage\":{\"@id\":\"https:\\\/\\\/redenoticiaz.com.br\\\/ribeiraopreto-regiao\\\/sp\\\/2024\\\/08\\\/09\\\/deputado-federal-bruno-ganem-pede-abertura-de-comissao-externa-para-acompanhar-as-investigacoes-sobre-a-queda-do-aviao-da-voepass#primaryimage\"},\"image\":{\"@id\":\"https:\\\/\\\/redenoticiaz.com.br\\\/ribeiraopreto-regiao\\\/sp\\\/2024\\\/08\\\/09\\\/deputado-federal-bruno-ganem-pede-abertura-de-comissao-externa-para-acompanhar-as-investigacoes-sobre-a-queda-do-aviao-da-voepass#primaryimage\"},\"thumbnailUrl\":\"https:\\\/\\\/redenoticiaz.com.br\\\/ribeiraopreto-regiao\\\/wp-content\\\/uploads\\\/sites\\\/4\\\/2024\\\/08\\\/IMG_1129-scaled.jpeg?v=1723246252\",\"datePublished\":\"2024-08-09T23:31:42+00:00\",\"dateModified\":\"2024-08-09T23:32:01+00:00\",\"description\":\"Titular da Comiss\u00e3o de Avia\u00e7\u00e3o e Transporte, o parlamentar do Podemos\\\/SP protocolou requerimento logo ap\u00f3s o desastre a\u00e9reo, que aconteceu em Vinhedo\\\/SP, com o objetivo de que seja poss\u00edvel acompanhar as investiga\u00e7\u00f5es e, assim, contribuir com a atualiza\u00e7\u00e3o das regulamenta\u00e7\u00f5es.\",\"inLanguage\":\"pt-BR\",\"potentialAction\":[{\"@type\":\"ReadAction\",\"target\":[\"https:\\\/\\\/redenoticiaz.com.br\\\/ribeiraopreto-regiao\\\/sp\\\/2024\\\/08\\\/09\\\/deputado-federal-bruno-ganem-pede-abertura-de-comissao-externa-para-acompanhar-as-investigacoes-sobre-a-queda-do-aviao-da-voepass\"]}]},{\"@type\":\"ImageObject\",\"inLanguage\":\"pt-BR\",\"@id\":\"https:\\\/\\\/redenoticiaz.com.br\\\/ribeiraopreto-regiao\\\/sp\\\/2024\\\/08\\\/09\\\/deputado-federal-bruno-ganem-pede-abertura-de-comissao-externa-para-acompanhar-as-investigacoes-sobre-a-queda-do-aviao-da-voepass#primaryimage\",\"url\":\"https:\\\/\\\/redenoticiaz.com.br\\\/ribeiraopreto-regiao\\\/wp-content\\\/uploads\\\/sites\\\/4\\\/2024\\\/08\\\/IMG_1129-scaled.jpeg?v=1723246252\",\"contentUrl\":\"https:\\\/\\\/redenoticiaz.com.br\\\/ribeiraopreto-regiao\\\/wp-content\\\/uploads\\\/sites\\\/4\\\/2024\\\/08\\\/IMG_1129-scaled.jpeg?v=1723246252\",\"width\":1920,\"height\":1080},{\"@type\":\"WebSite\",\"@id\":\"https:\\\/\\\/redenoticiaz.com.br\\\/ribeiraopreto-regiao\\\/#website\",\"url\":\"https:\\\/\\\/redenoticiaz.com.br\\\/ribeiraopreto-regiao\\\/\",\"name\":\"Ribeir\u00e3o Preto e Regi\u00e3o\",\"description\":\"Rede NoticiaZ - Ribeir\u00e3o Preto e regi\u00e3o\",\"publisher\":{\"@id\":\"https:\\\/\\\/redenoticiaz.com.br\\\/ribeiraopreto-regiao\\\/#organization\"},\"potentialAction\":[{\"@type\":\"SearchAction\",\"target\":{\"@type\":\"EntryPoint\",\"urlTemplate\":\"https:\\\/\\\/redenoticiaz.com.br\\\/ribeiraopreto-regiao\\\/?s={search_term_string}\"},\"query-input\":{\"@type\":\"PropertyValueSpecification\",\"valueRequired\":true,\"valueName\":\"search_term_string\"}}],\"inLanguage\":\"pt-BR\"},{\"@type\":\"Organization\",\"@id\":\"https:\\\/\\\/redenoticiaz.com.br\\\/ribeiraopreto-regiao\\\/#organization\",\"name\":\"Ribeir\u00e3o Preto e Regi\u00e3o\",\"url\":\"https:\\\/\\\/redenoticiaz.com.br\\\/ribeiraopreto-regiao\\\/\",\"logo\":{\"@type\":\"ImageObject\",\"inLanguage\":\"pt-BR\",\"@id\":\"https:\\\/\\\/redenoticiaz.com.br\\\/ribeiraopreto-regiao\\\/#\\\/schema\\\/logo\\\/image\\\/\",\"url\":\"https:\\\/\\\/redenoticiaz.com.br\\\/barretos-regiao\\\/wp-content\\\/uploads\\\/sites\\\/4\\\/2022\\\/02\\\/logo.jpg\",\"contentUrl\":\"https:\\\/\\\/redenoticiaz.com.br\\\/barretos-regiao\\\/wp-content\\\/uploads\\\/sites\\\/4\\\/2022\\\/02\\\/logo.jpg\",\"width\":400,\"height\":250,\"caption\":\"Ribeir\u00e3o Preto e Regi\u00e3o\"},\"image\":{\"@id\":\"https:\\\/\\\/redenoticiaz.com.br\\\/ribeiraopreto-regiao\\\/#\\\/schema\\\/logo\\\/image\\\/\"},\"sameAs\":[\"https:\\\/\\\/m.facebook.com\\\/redenoticiaz.barretos\",\"https:\\\/\\\/x.com\\\/RN_barretos\",\"https:\\\/\\\/www.instagram.com\\\/redenoticiaz.barretos\\\/?igshid=YmMyMTA2M2Y\",\"https:\\\/\\\/www.linkedin.com\\\/company\\\/rede-noticiaz-barretos-e-regio\\\/\"]},{\"@type\":\"Person\",\"@id\":\"https:\\\/\\\/redenoticiaz.com.br\\\/ribeiraopreto-regiao\\\/#\\\/schema\\\/person\\\/16057b37a3c0ee6b096d7f887c566e2e\",\"name\":\"Gustavo Silva\",\"image\":{\"@type\":\"ImageObject\",\"inLanguage\":\"pt-BR\",\"@id\":\"https:\\\/\\\/secure.gravatar.com\\\/avatar\\\/3ee4e82f93b26de0a7cf4ea5eb7893da637ed6bb0c9170c58065944c56e28a33?s=96&d=mm&r=g\",\"url\":\"https:\\\/\\\/secure.gravatar.com\\\/avatar\\\/3ee4e82f93b26de0a7cf4ea5eb7893da637ed6bb0c9170c58065944c56e28a33?s=96&d=mm&r=g\",\"contentUrl\":\"https:\\\/\\\/secure.gravatar.com\\\/avatar\\\/3ee4e82f93b26de0a7cf4ea5eb7893da637ed6bb0c9170c58065944c56e28a33?s=96&d=mm&r=g\",\"caption\":\"Gustavo Silva\"},\"url\":\"https:\\\/\\\/redenoticiaz.com.br\\\/ribeiraopreto-regiao\\\/sp\\\/author\\\/gustavosilva\"}]}<\/script>\n<!-- \/ Yoast SEO plugin. -->","yoast_head_json":{"title":"Deputado Federal Bruno Ganem pede abertura de comiss\u00e3o externa para acompanhar as investiga\u00e7\u00f5es sobre a queda do avi\u00e3o da VOEPASS - Ribeir\u00e3o Preto e Regi\u00e3o","description":"Titular da Comiss\u00e3o de Avia\u00e7\u00e3o e Transporte, o parlamentar do Podemos\/SP protocolou requerimento logo ap\u00f3s o desastre a\u00e9reo, que aconteceu em Vinhedo\/SP, com o objetivo de que seja poss\u00edvel acompanhar as investiga\u00e7\u00f5es e, assim, contribuir com a atualiza\u00e7\u00e3o das regulamenta\u00e7\u00f5es.","robots":{"index":"index","follow":"follow","max-snippet":"max-snippet:-1","max-image-preview":"max-image-preview:large","max-video-preview":"max-video-preview:-1"},"canonical":"https:\/\/redenoticiaz.com.br\/ribeiraopreto-regiao\/sp\/2024\/08\/09\/deputado-federal-bruno-ganem-pede-abertura-de-comissao-externa-para-acompanhar-as-investigacoes-sobre-a-queda-do-aviao-da-voepass","og_locale":"pt_BR","og_type":"article","og_title":"Deputado Federal Bruno Ganem pede abertura de comiss\u00e3o externa para acompanhar as investiga\u00e7\u00f5es sobre a queda do avi\u00e3o da VOEPASS - Ribeir\u00e3o Preto e Regi\u00e3o","og_description":"Titular da Comiss\u00e3o de Avia\u00e7\u00e3o e Transporte, o parlamentar do Podemos\/SP protocolou requerimento logo ap\u00f3s o desastre a\u00e9reo, que aconteceu em Vinhedo\/SP, com o objetivo de que seja poss\u00edvel acompanhar as investiga\u00e7\u00f5es e, assim, contribuir com a atualiza\u00e7\u00e3o das regulamenta\u00e7\u00f5es.","og_url":"https:\/\/redenoticiaz.com.br\/ribeiraopreto-regiao\/sp\/2024\/08\/09\/deputado-federal-bruno-ganem-pede-abertura-de-comissao-externa-para-acompanhar-as-investigacoes-sobre-a-queda-do-aviao-da-voepass","og_site_name":"Ribeir\u00e3o Preto e Regi\u00e3o","article_publisher":"https:\/\/m.facebook.com\/redenoticiaz.barretos","article_published_time":"2024-08-09T23:31:42+00:00","article_modified_time":"2024-08-09T23:32:01+00:00","og_image":[{"width":1920,"height":1080,"url":"https:\/\/redenoticiaz.com.br\/ribeiraopreto-regiao\/wp-content\/uploads\/sites\/4\/2024\/08\/IMG_1129-scaled.jpeg?v=1723246252","type":"image\/jpeg"}],"author":"Gustavo Silva","twitter_card":"summary_large_image","twitter_creator":"@RN_barretos","twitter_site":"@RN_barretos","twitter_misc":{"Escrito por":"Gustavo Silva","Est. tempo de leitura":"2 minutos"},"schema":{"@context":"https:\/\/schema.org","@graph":[{"@type":"Article","@id":"https:\/\/redenoticiaz.com.br\/ribeiraopreto-regiao\/sp\/2024\/08\/09\/deputado-federal-bruno-ganem-pede-abertura-de-comissao-externa-para-acompanhar-as-investigacoes-sobre-a-queda-do-aviao-da-voepass#article","isPartOf":{"@id":"https:\/\/redenoticiaz.com.br\/ribeiraopreto-regiao\/sp\/2024\/08\/09\/deputado-federal-bruno-ganem-pede-abertura-de-comissao-externa-para-acompanhar-as-investigacoes-sobre-a-queda-do-aviao-da-voepass"},"author":{"name":"Gustavo Silva","@id":"https:\/\/redenoticiaz.com.br\/ribeiraopreto-regiao\/#\/schema\/person\/16057b37a3c0ee6b096d7f887c566e2e"},"headline":"Deputado Federal Bruno Ganem pede abertura de comiss\u00e3o externa para acompanhar as investiga\u00e7\u00f5es sobre a queda do avi\u00e3o da VOEPASS","datePublished":"2024-08-09T23:31:42+00:00","dateModified":"2024-08-09T23:32:01+00:00","mainEntityOfPage":{"@id":"https:\/\/redenoticiaz.com.br\/ribeiraopreto-regiao\/sp\/2024\/08\/09\/deputado-federal-bruno-ganem-pede-abertura-de-comissao-externa-para-acompanhar-as-investigacoes-sobre-a-queda-do-aviao-da-voepass"},"wordCount":345,"commentCount":0,"publisher":{"@id":"https:\/\/redenoticiaz.com.br\/ribeiraopreto-regiao\/#organization"},"image":{"@id":"https:\/\/redenoticiaz.com.br\/ribeiraopreto-regiao\/sp\/2024\/08\/09\/deputado-federal-bruno-ganem-pede-abertura-de-comissao-externa-para-acompanhar-as-investigacoes-sobre-a-queda-do-aviao-da-voepass#primaryimage"},"thumbnailUrl":"https:\/\/redenoticiaz.com.br\/ribeiraopreto-regiao\/wp-content\/uploads\/sites\/4\/2024\/08\/IMG_1129-scaled.jpeg?v=1723246252","keywords":["acidente","Bruno Ganem","vinhedo"],"articleSection":["Pol\u00edtica"],"inLanguage":"pt-BR","potentialAction":[{"@type":"CommentAction","name":"Comment","target":["https:\/\/redenoticiaz.com.br\/ribeiraopreto-regiao\/sp\/2024\/08\/09\/deputado-federal-bruno-ganem-pede-abertura-de-comissao-externa-para-acompanhar-as-investigacoes-sobre-a-queda-do-aviao-da-voepass#respond"]}]},{"@type":"WebPage","@id":"https:\/\/redenoticiaz.com.br\/ribeiraopreto-regiao\/sp\/2024\/08\/09\/deputado-federal-bruno-ganem-pede-abertura-de-comissao-externa-para-acompanhar-as-investigacoes-sobre-a-queda-do-aviao-da-voepass","url":"https:\/\/redenoticiaz.com.br\/ribeiraopreto-regiao\/sp\/2024\/08\/09\/deputado-federal-bruno-ganem-pede-abertura-de-comissao-externa-para-acompanhar-as-investigacoes-sobre-a-queda-do-aviao-da-voepass","name":"Deputado Federal Bruno Ganem pede abertura de comiss\u00e3o externa para acompanhar as investiga\u00e7\u00f5es sobre a queda do avi\u00e3o da VOEPASS - Ribeir\u00e3o Preto e Regi\u00e3o","isPartOf":{"@id":"https:\/\/redenoticiaz.com.br\/ribeiraopreto-regiao\/#website"},"primaryImageOfPage":{"@id":"https:\/\/redenoticiaz.com.br\/ribeiraopreto-regiao\/sp\/2024\/08\/09\/deputado-federal-bruno-ganem-pede-abertura-de-comissao-externa-para-acompanhar-as-investigacoes-sobre-a-queda-do-aviao-da-voepass#primaryimage"},"image":{"@id":"https:\/\/redenoticiaz.com.br\/ribeiraopreto-regiao\/sp\/2024\/08\/09\/deputado-federal-bruno-ganem-pede-abertura-de-comissao-externa-para-acompanhar-as-investigacoes-sobre-a-queda-do-aviao-da-voepass#primaryimage"},"thumbnailUrl":"https:\/\/redenoticiaz.com.br\/ribeiraopreto-regiao\/wp-content\/uploads\/sites\/4\/2024\/08\/IMG_1129-scaled.jpeg?v=1723246252","datePublished":"2024-08-09T23:31:42+00:00","dateModified":"2024-08-09T23:32:01+00:00","description":"Titular da Comiss\u00e3o de Avia\u00e7\u00e3o e Transporte, o parlamentar do Podemos\/SP protocolou requerimento logo ap\u00f3s o desastre a\u00e9reo, que aconteceu em Vinhedo\/SP, com o objetivo de que seja poss\u00edvel acompanhar as investiga\u00e7\u00f5es e, assim, contribuir com a atualiza\u00e7\u00e3o das regulamenta\u00e7\u00f5es.","inLanguage":"pt-BR","potentialAction":[{"@type":"ReadAction","target":["https:\/\/redenoticiaz.com.br\/ribeiraopreto-regiao\/sp\/2024\/08\/09\/deputado-federal-bruno-ganem-pede-abertura-de-comissao-externa-para-acompanhar-as-investigacoes-sobre-a-queda-do-aviao-da-voepass"]}]},{"@type":"ImageObject","inLanguage":"pt-BR","@id":"https:\/\/redenoticiaz.com.br\/ribeiraopreto-regiao\/sp\/2024\/08\/09\/deputado-federal-bruno-ganem-pede-abertura-de-comissao-externa-para-acompanhar-as-investigacoes-sobre-a-queda-do-aviao-da-voepass#primaryimage","url":"https:\/\/redenoticiaz.com.br\/ribeiraopreto-regiao\/wp-content\/uploads\/sites\/4\/2024\/08\/IMG_1129-scaled.jpeg?v=1723246252","contentUrl":"https:\/\/redenoticiaz.com.br\/ribeiraopreto-regiao\/wp-content\/uploads\/sites\/4\/2024\/08\/IMG_1129-scaled.jpeg?v=1723246252","width":1920,"height":1080},{"@type":"WebSite","@id":"https:\/\/redenoticiaz.com.br\/ribeiraopreto-regiao\/#website","url":"https:\/\/redenoticiaz.com.br\/ribeiraopreto-regiao\/","name":"Ribeir\u00e3o Preto e Regi\u00e3o","description":"Rede NoticiaZ - Ribeir\u00e3o Preto e regi\u00e3o","publisher":{"@id":"https:\/\/redenoticiaz.com.br\/ribeiraopreto-regiao\/#organization"},"potentialAction":[{"@type":"SearchAction","target":{"@type":"EntryPoint","urlTemplate":"https:\/\/redenoticiaz.com.br\/ribeiraopreto-regiao\/?s={search_term_string}"},"query-input":{"@type":"PropertyValueSpecification","valueRequired":true,"valueName":"search_term_string"}}],"inLanguage":"pt-BR"},{"@type":"Organization","@id":"https:\/\/redenoticiaz.com.br\/ribeiraopreto-regiao\/#organization","name":"Ribeir\u00e3o Preto e Regi\u00e3o","url":"https:\/\/redenoticiaz.com.br\/ribeiraopreto-regiao\/","logo":{"@type":"ImageObject","inLanguage":"pt-BR","@id":"https:\/\/redenoticiaz.com.br\/ribeiraopreto-regiao\/#\/schema\/logo\/image\/","url":"https:\/\/redenoticiaz.com.br\/barretos-regiao\/wp-content\/uploads\/sites\/4\/2022\/02\/logo.jpg","contentUrl":"https:\/\/redenoticiaz.com.br\/barretos-regiao\/wp-content\/uploads\/sites\/4\/2022\/02\/logo.jpg","width":400,"height":250,"caption":"Ribeir\u00e3o Preto e Regi\u00e3o"},"image":{"@id":"https:\/\/redenoticiaz.com.br\/ribeiraopreto-regiao\/#\/schema\/logo\/image\/"},"sameAs":["https:\/\/m.facebook.com\/redenoticiaz.barretos","https:\/\/x.com\/RN_barretos","https:\/\/www.instagram.com\/redenoticiaz.barretos\/?igshid=YmMyMTA2M2Y","https:\/\/www.linkedin.com\/company\/rede-noticiaz-barretos-e-regio\/"]},{"@type":"Person","@id":"https:\/\/redenoticiaz.com.br\/ribeiraopreto-regiao\/#\/schema\/person\/16057b37a3c0ee6b096d7f887c566e2e","name":"Gustavo Silva","image":{"@type":"ImageObject","inLanguage":"pt-BR","@id":"https:\/\/secure.gravatar.com\/avatar\/3ee4e82f93b26de0a7cf4ea5eb7893da637ed6bb0c9170c58065944c56e28a33?s=96&d=mm&r=g","url":"https:\/\/secure.gravatar.com\/avatar\/3ee4e82f93b26de0a7cf4ea5eb7893da637ed6bb0c9170c58065944c56e28a33?s=96&d=mm&r=g","contentUrl":"https:\/\/secure.gravatar.com\/avatar\/3ee4e82f93b26de0a7cf4ea5eb7893da637ed6bb0c9170c58065944c56e28a33?s=96&d=mm&r=g","caption":"Gustavo Silva"},"url":"https:\/\/redenoticiaz.com.br\/ribeiraopreto-regiao\/sp\/author\/gustavosilva"}]}},"_links":{"self":[{"href":"https:\/\/redenoticiaz.com.br\/ribeiraopreto-regiao\/wp-json\/wp\/v2\/posts\/118001","targetHints":{"allow":["GET"]}}],"collection":[{"href":"https:\/\/redenoticiaz.com.br\/ribeiraopreto-regiao\/wp-json\/wp\/v2\/posts"}],"about":[{"href":"https:\/\/redenoticiaz.com.br\/ribeiraopreto-regiao\/wp-json\/wp\/v2\/types\/post"}],"author":[{"embeddable":true,"href":"https:\/\/redenoticiaz.com.br\/ribeiraopreto-regiao\/wp-json\/wp\/v2\/users\/12"}],"replies":[{"embeddable":true,"href":"https:\/\/redenoticiaz.com.br\/ribeiraopreto-regiao\/wp-json\/wp\/v2\/comments?post=118001"}],"version-history":[{"count":0,"href":"https:\/\/redenoticiaz.com.br\/ribeiraopreto-regiao\/wp-json\/wp\/v2\/posts\/118001\/revisions"}],"wp:featuredmedia":[{"embeddable":true,"href":"https:\/\/redenoticiaz.com.br\/ribeiraopreto-regiao\/wp-json\/wp\/v2\/media\/118002"}],"wp:attachment":[{"href":"https:\/\/redenoticiaz.com.br\/ribeiraopreto-regiao\/wp-json\/wp\/v2\/media?parent=118001"}],"wp:term":[{"taxonomy":"category","embeddable":true,"href":"https:\/\/redenoticiaz.com.br\/ribeiraopreto-regiao\/wp-json\/wp\/v2\/categories?post=118001"},{"taxonomy":"post_tag","embeddable":true,"href":"https:\/\/redenoticiaz.com.br\/ribeiraopreto-regiao\/wp-json\/wp\/v2\/tags?post=118001"}],"curies":[{"name":"wp","href":"https:\/\/api.w.org\/{rel}","templated":true}]}}