{"id":118126,"date":"2024-08-18T16:00:12","date_gmt":"2024-08-18T19:00:12","guid":{"rendered":"https:\/\/redenoticiaz.com.br\/barretos-regiao\/?p=118126"},"modified":"2024-08-16T16:56:05","modified_gmt":"2024-08-16T19:56:05","slug":"mpox-fabricante-de-vacina-pede-autorizacao-para-imunizar-adolescentes","status":"publish","type":"post","link":"https:\/\/redenoticiaz.com.br\/ribeiraopreto-regiao\/sp\/2024\/08\/18\/mpox-fabricante-de-vacina-pede-autorizacao-para-imunizar-adolescentes","title":{"rendered":"Mpox: fabricante de vacina pede autoriza\u00e7\u00e3o para imunizar adolescentes"},"content":{"rendered":"<p>A Bavarian Nordic, fabricante da vacina contra a mpox Jynneos, solicitou \u00e0 Ag\u00eancia Europeia de Medicamentos (EMA, na sigla em ingl\u00eas) autoriza\u00e7\u00e3o para que a dose possa ser aplicada tamb\u00e9m em adolescentes. Atualmente, o imunizante tem indica\u00e7\u00e3o apenas para pessoas com idade igual ou superior a 18 anos.<img decoding=\"async\" src=\"https:\/\/agenciabrasil.ebc.com.br\/ebc.png?id=1608225&amp;o=node\" \/><img decoding=\"async\" src=\"https:\/\/agenciabrasil.ebc.com.br\/ebc.gif?id=1608225&amp;o=node\" \/><\/p>\n<p>A empresa se baseou em resultados preliminares de um estudo encomendado pelo Instituto Nacional de Sa\u00fade dos Estados Unidos (NHI, na sigla em ingl\u00eas) e pelo Instituto Nacional de Alergia e Doen\u00e7as Infecciosas tamb\u00e9m dos Estados Unidos, conduzido em 315 adolescentes com idades entre 12 e 17 anos e entre 211 adultos com idade igual ou superior a 18 anos.<\/p>\n<p>Os n\u00fameros, segundo a Bavarian Nordic, demonstram que o imunizante \u00e9 igualmente eficaz entre adolescentes e entre adultos, com perfil de seguran\u00e7a semelhante em ambos os grupos ap\u00f3s vacina\u00e7\u00e3o com duas doses-padr\u00e3o. No pedido enviado \u00e0 EMA, a empresa pede autoriza\u00e7\u00e3o para que a dose possa ser aplicada em adolescentes de 12 a 17 anos.<\/p>\n<p>\u201cEmbora seja atualmente indicada apenas para adultos com 18 anos ou mais, a vacina j\u00e1 recebeu autoriza\u00e7\u00e3o de uso emergencial em adolescentes, pela Ag\u00eancia de Alimentos e Medicamentos dos Estados Unidos (FDA, na sigla em ingl\u00eas), durante a emerg\u00eancia global por mpox em 2022\u201d, destacou o fabricante em comunicado.<\/p>\n<h2>Crian\u00e7as<\/h2>\n<p>A Bavarian Nordic informou que tamb\u00e9m se prepara para realizar um ensaio cl\u00ednico capaz de avaliar a imunogenicidade e seguran\u00e7a do imunizante em crian\u00e7as de 2 a 12 anos. \u201cO objetivo \u00e9 ampliar ainda mais a indica\u00e7\u00e3o da vacina \u00e0s popula\u00e7\u00f5es mais jovens\u201d, detalhou a nota.<\/p>\n<p>O estudo, parcialmente financiado pela Coalis\u00e3o para Inova\u00e7\u00f5es e Preparo em Epidemias (CEPI, na sigla em ingl\u00eas), deve ter in\u00edcio na Rep\u00fablica Democr\u00e1tica do Congo e em Uganda ainda este ano. A doen\u00e7a j\u00e1 \u00e9 considerada end\u00eamica em todo o continente africano e foi declarada emerg\u00eancia em sa\u00fade p\u00fablica de interesse internacional.<\/p>\n<h2>Brasil<\/h2>\n<p>Na quinta-feira (15), o Minist\u00e9rio da Sa\u00fade informou que negocia, junto \u00e0 Organiza\u00e7\u00e3o Pan-Americana da Sa\u00fade (Opas), a aquisi\u00e7\u00e3o emergencial de 25 mil doses da vacina Jynneos. Durante a primeira emerg\u00eancia global por mpox, em 2023, a Ag\u00eancia Nacional de Vigil\u00e2ncia Sanit\u00e1ria (Anvisa) autorizou o uso emergencial da dose para combater a doen\u00e7a.<\/p>\n<p>A autoriza\u00e7\u00e3o, segundo a pasta, chegou a ser renovada em fevereiro deste ano, mas venceria novamente este m\u00eas. O minist\u00e9rio j\u00e1 fez um novo pedido de renova\u00e7\u00e3o \u00e0 Anvisa.<\/p>\n<p>\u201cEstamos numa fase em que o que \u00e9 importante \u00e9 a vigil\u00e2ncia e o monitoramento\u201d, avaliou a ministra da Sa\u00fade, N\u00edsia Trindade. \u201cMuitas vezes, as pessoas ficam ansiosas. A vacina sempre gera uma grande expectativa. Mas \u00e9 importante reiterar que, nos casos em que se recomenda a vacina\u00e7\u00e3o, ela \u00e9 muito seletiva, focada em p\u00fablicos-alvo muito espec\u00edficos at\u00e9 este momento.\u201d<\/p>\n<p>\u201cA vacina Jynneos \u00e9 de um produtor n\u00f3rdico e tem uma produ\u00e7\u00e3o pequena. H\u00e1 insufici\u00eancia no mercado internacional\u201d, ressaltou a secret\u00e1ria de Vigil\u00e2ncia em Sa\u00fade do minist\u00e9rio, Ethel Maciel. \u201cNeste momento, estamos negociando com a Opas um processo de compra. Para que, al\u00e9m daquelas pessoas que j\u00e1 vacinamos, ter uma reserva no Brasil\u201d, completou.<\/p>\n<p>Segundo Ethel, dentro das configura\u00e7\u00f5es da nova emerg\u00eancia global instalada pela Organiza\u00e7\u00e3o Mundial da Sa\u00fade (OMS), o Brasil est\u00e1 no n\u00edvel 1, o menos alarmante, com cen\u00e1rio de normalidade para a doen\u00e7a e sem casos da nova variante identificada na Rep\u00fablica Democr\u00e1tica do Congo, na \u00c1frica. O \u00faltimo \u00f3bito pela doen\u00e7a em solo brasileiro foi registrado em abril de 2023.<\/p>\n<p>Leia mais<\/p>\n<p><a href=\"https:\/\/redenoticiaz.com.br\/blog\/2024\/08\/15\/saude-negocia-compra-de-25-mil-doses-de-vacina-contra-mpox\">Sa\u00fade negocia compra de 25 mil doses de vacina contra mpox<\/a><\/p>\n<p><a href=\"https:\/\/redenoticiaz.com.br\/blog\/2024\/08\/13\/casos-de-mpox-se-aproximam-de-100-mil-em-todo-o-mundo-alerta-oms\">Casos de mpox se aproximam de 100 mil em todo o mundo, alerta OMS<\/a><\/p>\n","protected":false},"excerpt":{"rendered":"<p>A Bavarian Nordic, fabricante da vacina contra a mpox Jynneos, solicitou \u00e0 Ag\u00eancia Europeia de Medicamentos (EMA, na sigla em ingl\u00eas) autoriza\u00e7\u00e3o para que a dose possa ser aplicada tamb\u00e9m em adolescentes. Atualmente, o imunizante tem indica\u00e7\u00e3o apenas para pessoas com idade igual ou superior a 18 anos. A empresa se baseou em resultados preliminares &hellip;<\/p>\n","protected":false},"author":12,"featured_media":118127,"comment_status":"open","ping_status":"closed","sticky":false,"template":"","format":"standard","meta":{"footnotes":""},"categories":[129],"tags":[10714,26840,14209],"class_list":["post-118126","post","type-post","status-publish","format-standard","has-post-thumbnail","hentry","category-saude","tag-alimentos","tag-mpox","tag-vacina"],"yoast_head":"<!-- This site is optimized with the Yoast SEO plugin v27.5 - https:\/\/yoast.com\/product\/yoast-seo-wordpress\/ -->\n<title>Mpox: fabricante de vacina pede autoriza\u00e7\u00e3o para imunizar adolescentes - Ribeir\u00e3o Preto e Regi\u00e3o<\/title>\n<meta name=\"description\" content=\"Atualmente, o imunizante tem indica\u00e7\u00e3o apenas para pessoas com idade igual ou superior a 18 anos.\" \/>\n<meta name=\"robots\" content=\"index, follow, max-snippet:-1, max-image-preview:large, max-video-preview:-1\" \/>\n<link rel=\"canonical\" href=\"https:\/\/redenoticiaz.com.br\/ribeiraopreto-regiao\/sp\/2024\/08\/18\/mpox-fabricante-de-vacina-pede-autorizacao-para-imunizar-adolescentes\" \/>\n<meta property=\"og:locale\" content=\"pt_BR\" \/>\n<meta property=\"og:type\" content=\"article\" \/>\n<meta property=\"og:title\" content=\"Mpox: fabricante de vacina pede autoriza\u00e7\u00e3o para imunizar adolescentes - Ribeir\u00e3o Preto e Regi\u00e3o\" \/>\n<meta property=\"og:description\" content=\"Atualmente, o imunizante tem indica\u00e7\u00e3o apenas para pessoas com idade igual ou superior a 18 anos.\" \/>\n<meta property=\"og:url\" content=\"https:\/\/redenoticiaz.com.br\/ribeiraopreto-regiao\/sp\/2024\/08\/18\/mpox-fabricante-de-vacina-pede-autorizacao-para-imunizar-adolescentes\" \/>\n<meta property=\"og:site_name\" content=\"Ribeir\u00e3o Preto e Regi\u00e3o\" \/>\n<meta property=\"article:publisher\" content=\"https:\/\/m.facebook.com\/redenoticiaz.barretos\" \/>\n<meta property=\"article:published_time\" content=\"2024-08-18T19:00:12+00:00\" \/>\n<meta property=\"og:image\" content=\"https:\/\/redenoticiaz.com.br\/ribeiraopreto-regiao\/wp-content\/uploads\/sites\/4\/2024\/08\/28877_d362cea06f13e179-6.jpg?v=1641570677\" \/>\n\t<meta property=\"og:image:width\" content=\"876\" \/>\n\t<meta property=\"og:image:height\" content=\"484\" \/>\n\t<meta property=\"og:image:type\" content=\"image\/jpeg\" \/>\n<meta name=\"author\" content=\"Gustavo Silva\" \/>\n<meta name=\"twitter:card\" content=\"summary_large_image\" \/>\n<meta name=\"twitter:creator\" content=\"@RN_barretos\" \/>\n<meta name=\"twitter:site\" content=\"@RN_barretos\" \/>\n<meta name=\"twitter:label1\" content=\"Escrito por\" \/>\n\t<meta name=\"twitter:data1\" content=\"Gustavo Silva\" \/>\n\t<meta name=\"twitter:label2\" content=\"Est. tempo de leitura\" \/>\n\t<meta name=\"twitter:data2\" content=\"4 minutos\" \/>\n<script type=\"application\/ld+json\" class=\"yoast-schema-graph\">{\"@context\":\"https:\\\/\\\/schema.org\",\"@graph\":[{\"@type\":\"Article\",\"@id\":\"https:\\\/\\\/redenoticiaz.com.br\\\/ribeiraopreto-regiao\\\/sp\\\/2024\\\/08\\\/18\\\/mpox-fabricante-de-vacina-pede-autorizacao-para-imunizar-adolescentes#article\",\"isPartOf\":{\"@id\":\"https:\\\/\\\/redenoticiaz.com.br\\\/ribeiraopreto-regiao\\\/sp\\\/2024\\\/08\\\/18\\\/mpox-fabricante-de-vacina-pede-autorizacao-para-imunizar-adolescentes\"},\"author\":{\"name\":\"Gustavo Silva\",\"@id\":\"https:\\\/\\\/redenoticiaz.com.br\\\/ribeiraopreto-regiao\\\/#\\\/schema\\\/person\\\/16057b37a3c0ee6b096d7f887c566e2e\"},\"headline\":\"Mpox: fabricante de vacina pede autoriza\u00e7\u00e3o para imunizar adolescentes\",\"datePublished\":\"2024-08-18T19:00:12+00:00\",\"mainEntityOfPage\":{\"@id\":\"https:\\\/\\\/redenoticiaz.com.br\\\/ribeiraopreto-regiao\\\/sp\\\/2024\\\/08\\\/18\\\/mpox-fabricante-de-vacina-pede-autorizacao-para-imunizar-adolescentes\"},\"wordCount\":650,\"commentCount\":0,\"publisher\":{\"@id\":\"https:\\\/\\\/redenoticiaz.com.br\\\/ribeiraopreto-regiao\\\/#organization\"},\"image\":{\"@id\":\"https:\\\/\\\/redenoticiaz.com.br\\\/ribeiraopreto-regiao\\\/sp\\\/2024\\\/08\\\/18\\\/mpox-fabricante-de-vacina-pede-autorizacao-para-imunizar-adolescentes#primaryimage\"},\"thumbnailUrl\":\"https:\\\/\\\/redenoticiaz.com.br\\\/ribeiraopreto-regiao\\\/wp-content\\\/uploads\\\/sites\\\/4\\\/2024\\\/08\\\/28877_d362cea06f13e179-6.jpg?v=1641570677\",\"keywords\":[\"ALIMENTOS\",\"MPOX\",\"vacina\"],\"articleSection\":[\"Sa\u00fade\"],\"inLanguage\":\"pt-BR\",\"potentialAction\":[{\"@type\":\"CommentAction\",\"name\":\"Comment\",\"target\":[\"https:\\\/\\\/redenoticiaz.com.br\\\/ribeiraopreto-regiao\\\/sp\\\/2024\\\/08\\\/18\\\/mpox-fabricante-de-vacina-pede-autorizacao-para-imunizar-adolescentes#respond\"]}]},{\"@type\":\"WebPage\",\"@id\":\"https:\\\/\\\/redenoticiaz.com.br\\\/ribeiraopreto-regiao\\\/sp\\\/2024\\\/08\\\/18\\\/mpox-fabricante-de-vacina-pede-autorizacao-para-imunizar-adolescentes\",\"url\":\"https:\\\/\\\/redenoticiaz.com.br\\\/ribeiraopreto-regiao\\\/sp\\\/2024\\\/08\\\/18\\\/mpox-fabricante-de-vacina-pede-autorizacao-para-imunizar-adolescentes\",\"name\":\"Mpox: fabricante de vacina pede autoriza\u00e7\u00e3o para imunizar adolescentes - Ribeir\u00e3o Preto e Regi\u00e3o\",\"isPartOf\":{\"@id\":\"https:\\\/\\\/redenoticiaz.com.br\\\/ribeiraopreto-regiao\\\/#website\"},\"primaryImageOfPage\":{\"@id\":\"https:\\\/\\\/redenoticiaz.com.br\\\/ribeiraopreto-regiao\\\/sp\\\/2024\\\/08\\\/18\\\/mpox-fabricante-de-vacina-pede-autorizacao-para-imunizar-adolescentes#primaryimage\"},\"image\":{\"@id\":\"https:\\\/\\\/redenoticiaz.com.br\\\/ribeiraopreto-regiao\\\/sp\\\/2024\\\/08\\\/18\\\/mpox-fabricante-de-vacina-pede-autorizacao-para-imunizar-adolescentes#primaryimage\"},\"thumbnailUrl\":\"https:\\\/\\\/redenoticiaz.com.br\\\/ribeiraopreto-regiao\\\/wp-content\\\/uploads\\\/sites\\\/4\\\/2024\\\/08\\\/28877_d362cea06f13e179-6.jpg?v=1641570677\",\"datePublished\":\"2024-08-18T19:00:12+00:00\",\"description\":\"Atualmente, o imunizante tem indica\u00e7\u00e3o apenas para pessoas com idade igual ou superior a 18 anos.\",\"inLanguage\":\"pt-BR\",\"potentialAction\":[{\"@type\":\"ReadAction\",\"target\":[\"https:\\\/\\\/redenoticiaz.com.br\\\/ribeiraopreto-regiao\\\/sp\\\/2024\\\/08\\\/18\\\/mpox-fabricante-de-vacina-pede-autorizacao-para-imunizar-adolescentes\"]}]},{\"@type\":\"ImageObject\",\"inLanguage\":\"pt-BR\",\"@id\":\"https:\\\/\\\/redenoticiaz.com.br\\\/ribeiraopreto-regiao\\\/sp\\\/2024\\\/08\\\/18\\\/mpox-fabricante-de-vacina-pede-autorizacao-para-imunizar-adolescentes#primaryimage\",\"url\":\"https:\\\/\\\/redenoticiaz.com.br\\\/ribeiraopreto-regiao\\\/wp-content\\\/uploads\\\/sites\\\/4\\\/2024\\\/08\\\/28877_d362cea06f13e179-6.jpg?v=1641570677\",\"contentUrl\":\"https:\\\/\\\/redenoticiaz.com.br\\\/ribeiraopreto-regiao\\\/wp-content\\\/uploads\\\/sites\\\/4\\\/2024\\\/08\\\/28877_d362cea06f13e179-6.jpg?v=1641570677\",\"width\":876,\"height\":484},{\"@type\":\"WebSite\",\"@id\":\"https:\\\/\\\/redenoticiaz.com.br\\\/ribeiraopreto-regiao\\\/#website\",\"url\":\"https:\\\/\\\/redenoticiaz.com.br\\\/ribeiraopreto-regiao\\\/\",\"name\":\"Ribeir\u00e3o Preto e Regi\u00e3o\",\"description\":\"Rede NoticiaZ - Ribeir\u00e3o Preto e regi\u00e3o\",\"publisher\":{\"@id\":\"https:\\\/\\\/redenoticiaz.com.br\\\/ribeiraopreto-regiao\\\/#organization\"},\"potentialAction\":[{\"@type\":\"SearchAction\",\"target\":{\"@type\":\"EntryPoint\",\"urlTemplate\":\"https:\\\/\\\/redenoticiaz.com.br\\\/ribeiraopreto-regiao\\\/?s={search_term_string}\"},\"query-input\":{\"@type\":\"PropertyValueSpecification\",\"valueRequired\":true,\"valueName\":\"search_term_string\"}}],\"inLanguage\":\"pt-BR\"},{\"@type\":\"Organization\",\"@id\":\"https:\\\/\\\/redenoticiaz.com.br\\\/ribeiraopreto-regiao\\\/#organization\",\"name\":\"Ribeir\u00e3o Preto e Regi\u00e3o\",\"url\":\"https:\\\/\\\/redenoticiaz.com.br\\\/ribeiraopreto-regiao\\\/\",\"logo\":{\"@type\":\"ImageObject\",\"inLanguage\":\"pt-BR\",\"@id\":\"https:\\\/\\\/redenoticiaz.com.br\\\/ribeiraopreto-regiao\\\/#\\\/schema\\\/logo\\\/image\\\/\",\"url\":\"https:\\\/\\\/redenoticiaz.com.br\\\/barretos-regiao\\\/wp-content\\\/uploads\\\/sites\\\/4\\\/2022\\\/02\\\/logo.jpg\",\"contentUrl\":\"https:\\\/\\\/redenoticiaz.com.br\\\/barretos-regiao\\\/wp-content\\\/uploads\\\/sites\\\/4\\\/2022\\\/02\\\/logo.jpg\",\"width\":400,\"height\":250,\"caption\":\"Ribeir\u00e3o Preto e Regi\u00e3o\"},\"image\":{\"@id\":\"https:\\\/\\\/redenoticiaz.com.br\\\/ribeiraopreto-regiao\\\/#\\\/schema\\\/logo\\\/image\\\/\"},\"sameAs\":[\"https:\\\/\\\/m.facebook.com\\\/redenoticiaz.barretos\",\"https:\\\/\\\/x.com\\\/RN_barretos\",\"https:\\\/\\\/www.instagram.com\\\/redenoticiaz.barretos\\\/?igshid=YmMyMTA2M2Y\",\"https:\\\/\\\/www.linkedin.com\\\/company\\\/rede-noticiaz-barretos-e-regio\\\/\"]},{\"@type\":\"Person\",\"@id\":\"https:\\\/\\\/redenoticiaz.com.br\\\/ribeiraopreto-regiao\\\/#\\\/schema\\\/person\\\/16057b37a3c0ee6b096d7f887c566e2e\",\"name\":\"Gustavo Silva\",\"image\":{\"@type\":\"ImageObject\",\"inLanguage\":\"pt-BR\",\"@id\":\"https:\\\/\\\/secure.gravatar.com\\\/avatar\\\/3ee4e82f93b26de0a7cf4ea5eb7893da637ed6bb0c9170c58065944c56e28a33?s=96&d=mm&r=g\",\"url\":\"https:\\\/\\\/secure.gravatar.com\\\/avatar\\\/3ee4e82f93b26de0a7cf4ea5eb7893da637ed6bb0c9170c58065944c56e28a33?s=96&d=mm&r=g\",\"contentUrl\":\"https:\\\/\\\/secure.gravatar.com\\\/avatar\\\/3ee4e82f93b26de0a7cf4ea5eb7893da637ed6bb0c9170c58065944c56e28a33?s=96&d=mm&r=g\",\"caption\":\"Gustavo Silva\"},\"url\":\"https:\\\/\\\/redenoticiaz.com.br\\\/ribeiraopreto-regiao\\\/sp\\\/author\\\/gustavosilva\"}]}<\/script>\n<!-- \/ Yoast SEO plugin. -->","yoast_head_json":{"title":"Mpox: fabricante de vacina pede autoriza\u00e7\u00e3o para imunizar adolescentes - Ribeir\u00e3o Preto e Regi\u00e3o","description":"Atualmente, o imunizante tem indica\u00e7\u00e3o apenas para pessoas com idade igual ou superior a 18 anos.","robots":{"index":"index","follow":"follow","max-snippet":"max-snippet:-1","max-image-preview":"max-image-preview:large","max-video-preview":"max-video-preview:-1"},"canonical":"https:\/\/redenoticiaz.com.br\/ribeiraopreto-regiao\/sp\/2024\/08\/18\/mpox-fabricante-de-vacina-pede-autorizacao-para-imunizar-adolescentes","og_locale":"pt_BR","og_type":"article","og_title":"Mpox: fabricante de vacina pede autoriza\u00e7\u00e3o para imunizar adolescentes - Ribeir\u00e3o Preto e Regi\u00e3o","og_description":"Atualmente, o imunizante tem indica\u00e7\u00e3o apenas para pessoas com idade igual ou superior a 18 anos.","og_url":"https:\/\/redenoticiaz.com.br\/ribeiraopreto-regiao\/sp\/2024\/08\/18\/mpox-fabricante-de-vacina-pede-autorizacao-para-imunizar-adolescentes","og_site_name":"Ribeir\u00e3o Preto e Regi\u00e3o","article_publisher":"https:\/\/m.facebook.com\/redenoticiaz.barretos","article_published_time":"2024-08-18T19:00:12+00:00","og_image":[{"width":876,"height":484,"url":"https:\/\/redenoticiaz.com.br\/ribeiraopreto-regiao\/wp-content\/uploads\/sites\/4\/2024\/08\/28877_d362cea06f13e179-6.jpg?v=1641570677","type":"image\/jpeg"}],"author":"Gustavo Silva","twitter_card":"summary_large_image","twitter_creator":"@RN_barretos","twitter_site":"@RN_barretos","twitter_misc":{"Escrito por":"Gustavo Silva","Est. tempo de leitura":"4 minutos"},"schema":{"@context":"https:\/\/schema.org","@graph":[{"@type":"Article","@id":"https:\/\/redenoticiaz.com.br\/ribeiraopreto-regiao\/sp\/2024\/08\/18\/mpox-fabricante-de-vacina-pede-autorizacao-para-imunizar-adolescentes#article","isPartOf":{"@id":"https:\/\/redenoticiaz.com.br\/ribeiraopreto-regiao\/sp\/2024\/08\/18\/mpox-fabricante-de-vacina-pede-autorizacao-para-imunizar-adolescentes"},"author":{"name":"Gustavo Silva","@id":"https:\/\/redenoticiaz.com.br\/ribeiraopreto-regiao\/#\/schema\/person\/16057b37a3c0ee6b096d7f887c566e2e"},"headline":"Mpox: fabricante de vacina pede autoriza\u00e7\u00e3o para imunizar adolescentes","datePublished":"2024-08-18T19:00:12+00:00","mainEntityOfPage":{"@id":"https:\/\/redenoticiaz.com.br\/ribeiraopreto-regiao\/sp\/2024\/08\/18\/mpox-fabricante-de-vacina-pede-autorizacao-para-imunizar-adolescentes"},"wordCount":650,"commentCount":0,"publisher":{"@id":"https:\/\/redenoticiaz.com.br\/ribeiraopreto-regiao\/#organization"},"image":{"@id":"https:\/\/redenoticiaz.com.br\/ribeiraopreto-regiao\/sp\/2024\/08\/18\/mpox-fabricante-de-vacina-pede-autorizacao-para-imunizar-adolescentes#primaryimage"},"thumbnailUrl":"https:\/\/redenoticiaz.com.br\/ribeiraopreto-regiao\/wp-content\/uploads\/sites\/4\/2024\/08\/28877_d362cea06f13e179-6.jpg?v=1641570677","keywords":["ALIMENTOS","MPOX","vacina"],"articleSection":["Sa\u00fade"],"inLanguage":"pt-BR","potentialAction":[{"@type":"CommentAction","name":"Comment","target":["https:\/\/redenoticiaz.com.br\/ribeiraopreto-regiao\/sp\/2024\/08\/18\/mpox-fabricante-de-vacina-pede-autorizacao-para-imunizar-adolescentes#respond"]}]},{"@type":"WebPage","@id":"https:\/\/redenoticiaz.com.br\/ribeiraopreto-regiao\/sp\/2024\/08\/18\/mpox-fabricante-de-vacina-pede-autorizacao-para-imunizar-adolescentes","url":"https:\/\/redenoticiaz.com.br\/ribeiraopreto-regiao\/sp\/2024\/08\/18\/mpox-fabricante-de-vacina-pede-autorizacao-para-imunizar-adolescentes","name":"Mpox: fabricante de vacina pede autoriza\u00e7\u00e3o para imunizar adolescentes - Ribeir\u00e3o Preto e Regi\u00e3o","isPartOf":{"@id":"https:\/\/redenoticiaz.com.br\/ribeiraopreto-regiao\/#website"},"primaryImageOfPage":{"@id":"https:\/\/redenoticiaz.com.br\/ribeiraopreto-regiao\/sp\/2024\/08\/18\/mpox-fabricante-de-vacina-pede-autorizacao-para-imunizar-adolescentes#primaryimage"},"image":{"@id":"https:\/\/redenoticiaz.com.br\/ribeiraopreto-regiao\/sp\/2024\/08\/18\/mpox-fabricante-de-vacina-pede-autorizacao-para-imunizar-adolescentes#primaryimage"},"thumbnailUrl":"https:\/\/redenoticiaz.com.br\/ribeiraopreto-regiao\/wp-content\/uploads\/sites\/4\/2024\/08\/28877_d362cea06f13e179-6.jpg?v=1641570677","datePublished":"2024-08-18T19:00:12+00:00","description":"Atualmente, o imunizante tem indica\u00e7\u00e3o apenas para pessoas com idade igual ou superior a 18 anos.","inLanguage":"pt-BR","potentialAction":[{"@type":"ReadAction","target":["https:\/\/redenoticiaz.com.br\/ribeiraopreto-regiao\/sp\/2024\/08\/18\/mpox-fabricante-de-vacina-pede-autorizacao-para-imunizar-adolescentes"]}]},{"@type":"ImageObject","inLanguage":"pt-BR","@id":"https:\/\/redenoticiaz.com.br\/ribeiraopreto-regiao\/sp\/2024\/08\/18\/mpox-fabricante-de-vacina-pede-autorizacao-para-imunizar-adolescentes#primaryimage","url":"https:\/\/redenoticiaz.com.br\/ribeiraopreto-regiao\/wp-content\/uploads\/sites\/4\/2024\/08\/28877_d362cea06f13e179-6.jpg?v=1641570677","contentUrl":"https:\/\/redenoticiaz.com.br\/ribeiraopreto-regiao\/wp-content\/uploads\/sites\/4\/2024\/08\/28877_d362cea06f13e179-6.jpg?v=1641570677","width":876,"height":484},{"@type":"WebSite","@id":"https:\/\/redenoticiaz.com.br\/ribeiraopreto-regiao\/#website","url":"https:\/\/redenoticiaz.com.br\/ribeiraopreto-regiao\/","name":"Ribeir\u00e3o Preto e Regi\u00e3o","description":"Rede NoticiaZ - Ribeir\u00e3o Preto e regi\u00e3o","publisher":{"@id":"https:\/\/redenoticiaz.com.br\/ribeiraopreto-regiao\/#organization"},"potentialAction":[{"@type":"SearchAction","target":{"@type":"EntryPoint","urlTemplate":"https:\/\/redenoticiaz.com.br\/ribeiraopreto-regiao\/?s={search_term_string}"},"query-input":{"@type":"PropertyValueSpecification","valueRequired":true,"valueName":"search_term_string"}}],"inLanguage":"pt-BR"},{"@type":"Organization","@id":"https:\/\/redenoticiaz.com.br\/ribeiraopreto-regiao\/#organization","name":"Ribeir\u00e3o Preto e Regi\u00e3o","url":"https:\/\/redenoticiaz.com.br\/ribeiraopreto-regiao\/","logo":{"@type":"ImageObject","inLanguage":"pt-BR","@id":"https:\/\/redenoticiaz.com.br\/ribeiraopreto-regiao\/#\/schema\/logo\/image\/","url":"https:\/\/redenoticiaz.com.br\/barretos-regiao\/wp-content\/uploads\/sites\/4\/2022\/02\/logo.jpg","contentUrl":"https:\/\/redenoticiaz.com.br\/barretos-regiao\/wp-content\/uploads\/sites\/4\/2022\/02\/logo.jpg","width":400,"height":250,"caption":"Ribeir\u00e3o Preto e Regi\u00e3o"},"image":{"@id":"https:\/\/redenoticiaz.com.br\/ribeiraopreto-regiao\/#\/schema\/logo\/image\/"},"sameAs":["https:\/\/m.facebook.com\/redenoticiaz.barretos","https:\/\/x.com\/RN_barretos","https:\/\/www.instagram.com\/redenoticiaz.barretos\/?igshid=YmMyMTA2M2Y","https:\/\/www.linkedin.com\/company\/rede-noticiaz-barretos-e-regio\/"]},{"@type":"Person","@id":"https:\/\/redenoticiaz.com.br\/ribeiraopreto-regiao\/#\/schema\/person\/16057b37a3c0ee6b096d7f887c566e2e","name":"Gustavo Silva","image":{"@type":"ImageObject","inLanguage":"pt-BR","@id":"https:\/\/secure.gravatar.com\/avatar\/3ee4e82f93b26de0a7cf4ea5eb7893da637ed6bb0c9170c58065944c56e28a33?s=96&d=mm&r=g","url":"https:\/\/secure.gravatar.com\/avatar\/3ee4e82f93b26de0a7cf4ea5eb7893da637ed6bb0c9170c58065944c56e28a33?s=96&d=mm&r=g","contentUrl":"https:\/\/secure.gravatar.com\/avatar\/3ee4e82f93b26de0a7cf4ea5eb7893da637ed6bb0c9170c58065944c56e28a33?s=96&d=mm&r=g","caption":"Gustavo Silva"},"url":"https:\/\/redenoticiaz.com.br\/ribeiraopreto-regiao\/sp\/author\/gustavosilva"}]}},"_links":{"self":[{"href":"https:\/\/redenoticiaz.com.br\/ribeiraopreto-regiao\/wp-json\/wp\/v2\/posts\/118126","targetHints":{"allow":["GET"]}}],"collection":[{"href":"https:\/\/redenoticiaz.com.br\/ribeiraopreto-regiao\/wp-json\/wp\/v2\/posts"}],"about":[{"href":"https:\/\/redenoticiaz.com.br\/ribeiraopreto-regiao\/wp-json\/wp\/v2\/types\/post"}],"author":[{"embeddable":true,"href":"https:\/\/redenoticiaz.com.br\/ribeiraopreto-regiao\/wp-json\/wp\/v2\/users\/12"}],"replies":[{"embeddable":true,"href":"https:\/\/redenoticiaz.com.br\/ribeiraopreto-regiao\/wp-json\/wp\/v2\/comments?post=118126"}],"version-history":[{"count":1,"href":"https:\/\/redenoticiaz.com.br\/ribeiraopreto-regiao\/wp-json\/wp\/v2\/posts\/118126\/revisions"}],"predecessor-version":[{"id":118128,"href":"https:\/\/redenoticiaz.com.br\/ribeiraopreto-regiao\/wp-json\/wp\/v2\/posts\/118126\/revisions\/118128"}],"wp:featuredmedia":[{"embeddable":true,"href":"https:\/\/redenoticiaz.com.br\/ribeiraopreto-regiao\/wp-json\/wp\/v2\/media\/118127"}],"wp:attachment":[{"href":"https:\/\/redenoticiaz.com.br\/ribeiraopreto-regiao\/wp-json\/wp\/v2\/media?parent=118126"}],"wp:term":[{"taxonomy":"category","embeddable":true,"href":"https:\/\/redenoticiaz.com.br\/ribeiraopreto-regiao\/wp-json\/wp\/v2\/categories?post=118126"},{"taxonomy":"post_tag","embeddable":true,"href":"https:\/\/redenoticiaz.com.br\/ribeiraopreto-regiao\/wp-json\/wp\/v2\/tags?post=118126"}],"curies":[{"name":"wp","href":"https:\/\/api.w.org\/{rel}","templated":true}]}}