{"id":118263,"date":"2024-08-26T11:34:56","date_gmt":"2024-08-26T14:34:56","guid":{"rendered":"https:\/\/redenoticiaz.com.br\/barretos-regiao\/sp\/2024\/08\/26\/governo-intensifica-combate-aos-incendios-e-investigacoes-apontam-para-acoes-criminosas"},"modified":"2024-08-26T11:34:56","modified_gmt":"2024-08-26T14:34:56","slug":"governo-intensifica-combate-aos-incendios-e-investigacoes-apontam-para-acoes-criminosas","status":"publish","type":"post","link":"https:\/\/redenoticiaz.com.br\/ribeiraopreto-regiao\/sp\/2024\/08\/26\/governo-intensifica-combate-aos-incendios-e-investigacoes-apontam-para-acoes-criminosas","title":{"rendered":"Governo intensifica combate aos inc\u00eandios e investiga\u00e7\u00f5es apontam para a\u00e7\u00f5es criminosas"},"content":{"rendered":"<p>O governador de S\u00e3o Paulo, Tarc\u00edsio de Freitas, anunciou nesta segunda-feira (26) que o estado n\u00e3o possui mais focos ativos de inc\u00eandio. No domingo (25), havia seis pontos de inc\u00eandio, mas todos foram extintos. O governador informou que tr\u00eas pessoas foram presas por provocar inc\u00eandios criminosos em S\u00e3o Jos\u00e9 do Rio Preto, Batatais e Porto Ferreira. A Pol\u00edcia Civil e a Pol\u00edcia Federal est\u00e3o investigando a situa\u00e7\u00e3o.<\/p>\n<p>A ministra do Meio Ambiente, Marina Silva, destacou que os inc\u00eandios s\u00e3o at\u00edpicos e a Pol\u00edcia Federal abriu dois inqu\u00e9ritos para investigar as causas. Tarc\u00edsio atribui o alastramento dos inc\u00eandios a uma combina\u00e7\u00e3o de estiagem severa, altas temperaturas e ventos fortes, e estima que os preju\u00edzos superem R$ 1 bilh\u00e3o.<\/p>\n<p>Desde o in\u00edcio dos inc\u00eandios, duas pessoas morreram e mais de 800 foram deslocadas. A Defesa Civil relatou que mais de 20 mil hectares foram queimados e o estado enfrentou mais de 2.300 focos de inc\u00eandio em tr\u00eas dias. O agosto atual \u00e9 o mais cr\u00edtico desde 1998.<\/p>\n<p>O governador sobrevoou as \u00e1reas afetadas e um gabinete de crise foi instalado para coordenar os esfor\u00e7os de resposta. O n\u00famero de focos de inc\u00eandio registrados em S\u00e3o Paulo entre quinta-feira (22) e sexta-feira (23) foi quase sete vezes maior do que o total de agosto do ano passado.<\/p>\n<p>LEIA MAIS<\/p>\n<p><a href=\"https:\/\/redenoticiaz.com.br\/blog\/2024\/08\/26\/vaga-remota-no-carrefour-oportunidade-exclusiva-para-mulheres\">Vaga Remota no Carrefour: Oportunidade Exclusiva para Mulheres<\/a><\/p>\n<p><a href=\"https:\/\/redenoticiaz.com.br\/blog\/2024\/08\/25\/febraban-alerta-para-golpe-do-pix-errado-e-orienta-como-evitar-fraudes\">Febraban alerta para golpe do Pix errado e orienta como evitar fraudes<\/a><\/p>\n<p><a href=\"https:\/\/redenoticiaz.com.br\/blog\/2024\/08\/25\/oms-estima-custo-de-us-135-milhoes-em-6-meses-para-conter-mpox\">OMS estima custo de US$ 135 milh\u00f5es em 6 meses para conter mpox<\/a><\/p>\n","protected":false},"excerpt":{"rendered":"<p>O governador de S\u00e3o Paulo, Tarc\u00edsio de Freitas, anunciou nesta segunda-feira (26) que o estado n\u00e3o possui mais focos ativos de inc\u00eandio. No domingo (25), havia seis pontos de inc\u00eandio, mas todos foram extintos. O governador informou que tr\u00eas pessoas foram presas por provocar inc\u00eandios criminosos em S\u00e3o Jos\u00e9 do Rio Preto, Batatais e Porto &hellip;<\/p>\n","protected":false},"author":30,"featured_media":113817,"comment_status":"open","ping_status":"closed","sticky":false,"template":"","format":"standard","meta":{"footnotes":""},"categories":[88],"tags":[1558,17986,30531],"class_list":["post-118263","post","type-post","status-publish","format-standard","has-post-thumbnail","hentry","category-policia","tag-governo-de-sao-paulo","tag-incendios","tag-incendios-criminosos"],"yoast_head":"<!-- This site is optimized with the Yoast SEO plugin v27.4 - https:\/\/yoast.com\/product\/yoast-seo-wordpress\/ -->\n<title>Governo intensifica combate aos inc\u00eandios e investiga\u00e7\u00f5es apontam para a\u00e7\u00f5es criminosas - Ribeir\u00e3o Preto e Regi\u00e3o<\/title>\n<meta name=\"description\" content=\"O governador de S\u00e3o Paulo, Tarc\u00edsio de Freitas, anunciou nesta segunda-feira (26) que o estado n\u00e3o possui mais focos ativos de inc\u00eandio.\" \/>\n<meta name=\"robots\" content=\"index, follow, max-snippet:-1, max-image-preview:large, max-video-preview:-1\" \/>\n<link rel=\"canonical\" href=\"https:\/\/redenoticiaz.com.br\/ribeiraopreto-regiao\/sp\/2024\/08\/26\/governo-intensifica-combate-aos-incendios-e-investigacoes-apontam-para-acoes-criminosas\" \/>\n<meta property=\"og:locale\" content=\"pt_BR\" \/>\n<meta property=\"og:type\" content=\"article\" \/>\n<meta property=\"og:title\" content=\"Governo intensifica combate aos inc\u00eandios e investiga\u00e7\u00f5es apontam para a\u00e7\u00f5es criminosas - Ribeir\u00e3o Preto e Regi\u00e3o\" \/>\n<meta property=\"og:description\" content=\"O governador de S\u00e3o Paulo, Tarc\u00edsio de Freitas, anunciou nesta segunda-feira (26) que o estado n\u00e3o possui mais focos ativos de inc\u00eandio.\" \/>\n<meta property=\"og:url\" content=\"https:\/\/redenoticiaz.com.br\/ribeiraopreto-regiao\/sp\/2024\/08\/26\/governo-intensifica-combate-aos-incendios-e-investigacoes-apontam-para-acoes-criminosas\" \/>\n<meta property=\"og:site_name\" content=\"Ribeir\u00e3o Preto e Regi\u00e3o\" \/>\n<meta property=\"article:publisher\" content=\"https:\/\/m.facebook.com\/redenoticiaz.barretos\" \/>\n<meta property=\"article:published_time\" content=\"2024-08-26T14:34:56+00:00\" \/>\n<meta property=\"og:image\" content=\"https:\/\/redenoticiaz.com.br\/ribeiraopreto-regiao\/wp-content\/uploads\/sites\/4\/2023\/12\/naom_64d0d6d9c3d9e.jpg?v=1703611551\" \/>\n\t<meta property=\"og:image:width\" content=\"1920\" \/>\n\t<meta property=\"og:image:height\" content=\"1080\" \/>\n\t<meta property=\"og:image:type\" content=\"image\/jpeg\" \/>\n<meta name=\"author\" content=\"Carina Reifonas\" \/>\n<meta name=\"twitter:card\" content=\"summary_large_image\" \/>\n<meta name=\"twitter:creator\" content=\"@RN_barretos\" \/>\n<meta name=\"twitter:site\" content=\"@RN_barretos\" \/>\n<meta name=\"twitter:label1\" content=\"Escrito por\" \/>\n\t<meta name=\"twitter:data1\" content=\"Carina Reifonas\" \/>\n\t<meta name=\"twitter:label2\" content=\"Est. tempo de leitura\" \/>\n\t<meta name=\"twitter:data2\" content=\"2 minutos\" \/>\n<script type=\"application\/ld+json\" class=\"yoast-schema-graph\">{\"@context\":\"https:\\\/\\\/schema.org\",\"@graph\":[{\"@type\":\"Article\",\"@id\":\"https:\\\/\\\/redenoticiaz.com.br\\\/ribeiraopreto-regiao\\\/sp\\\/2024\\\/08\\\/26\\\/governo-intensifica-combate-aos-incendios-e-investigacoes-apontam-para-acoes-criminosas#article\",\"isPartOf\":{\"@id\":\"https:\\\/\\\/redenoticiaz.com.br\\\/ribeiraopreto-regiao\\\/sp\\\/2024\\\/08\\\/26\\\/governo-intensifica-combate-aos-incendios-e-investigacoes-apontam-para-acoes-criminosas\"},\"author\":{\"name\":\"Carina Reifonas\",\"@id\":\"https:\\\/\\\/redenoticiaz.com.br\\\/ribeiraopreto-regiao\\\/#\\\/schema\\\/person\\\/1f84d6e94e6a62d2d81199d7503e9e90\"},\"headline\":\"Governo intensifica combate aos inc\u00eandios e investiga\u00e7\u00f5es apontam para a\u00e7\u00f5es criminosas\",\"datePublished\":\"2024-08-26T14:34:56+00:00\",\"mainEntityOfPage\":{\"@id\":\"https:\\\/\\\/redenoticiaz.com.br\\\/ribeiraopreto-regiao\\\/sp\\\/2024\\\/08\\\/26\\\/governo-intensifica-combate-aos-incendios-e-investigacoes-apontam-para-acoes-criminosas\"},\"wordCount\":283,\"commentCount\":0,\"publisher\":{\"@id\":\"https:\\\/\\\/redenoticiaz.com.br\\\/ribeiraopreto-regiao\\\/#organization\"},\"image\":{\"@id\":\"https:\\\/\\\/redenoticiaz.com.br\\\/ribeiraopreto-regiao\\\/sp\\\/2024\\\/08\\\/26\\\/governo-intensifica-combate-aos-incendios-e-investigacoes-apontam-para-acoes-criminosas#primaryimage\"},\"thumbnailUrl\":\"https:\\\/\\\/redenoticiaz.com.br\\\/ribeiraopreto-regiao\\\/wp-content\\\/uploads\\\/sites\\\/4\\\/2023\\\/12\\\/naom_64d0d6d9c3d9e.jpg?v=1703611551\",\"keywords\":[\"Governo de S\u00e3o Paulo\",\"inc\u00eandios\",\"Inc\u00eandios criminosos\"],\"articleSection\":[\"Pol\u00edcia\"],\"inLanguage\":\"pt-BR\",\"potentialAction\":[{\"@type\":\"CommentAction\",\"name\":\"Comment\",\"target\":[\"https:\\\/\\\/redenoticiaz.com.br\\\/ribeiraopreto-regiao\\\/sp\\\/2024\\\/08\\\/26\\\/governo-intensifica-combate-aos-incendios-e-investigacoes-apontam-para-acoes-criminosas#respond\"]}]},{\"@type\":\"WebPage\",\"@id\":\"https:\\\/\\\/redenoticiaz.com.br\\\/ribeiraopreto-regiao\\\/sp\\\/2024\\\/08\\\/26\\\/governo-intensifica-combate-aos-incendios-e-investigacoes-apontam-para-acoes-criminosas\",\"url\":\"https:\\\/\\\/redenoticiaz.com.br\\\/ribeiraopreto-regiao\\\/sp\\\/2024\\\/08\\\/26\\\/governo-intensifica-combate-aos-incendios-e-investigacoes-apontam-para-acoes-criminosas\",\"name\":\"Governo intensifica combate aos inc\u00eandios e investiga\u00e7\u00f5es apontam para a\u00e7\u00f5es criminosas - Ribeir\u00e3o Preto e Regi\u00e3o\",\"isPartOf\":{\"@id\":\"https:\\\/\\\/redenoticiaz.com.br\\\/ribeiraopreto-regiao\\\/#website\"},\"primaryImageOfPage\":{\"@id\":\"https:\\\/\\\/redenoticiaz.com.br\\\/ribeiraopreto-regiao\\\/sp\\\/2024\\\/08\\\/26\\\/governo-intensifica-combate-aos-incendios-e-investigacoes-apontam-para-acoes-criminosas#primaryimage\"},\"image\":{\"@id\":\"https:\\\/\\\/redenoticiaz.com.br\\\/ribeiraopreto-regiao\\\/sp\\\/2024\\\/08\\\/26\\\/governo-intensifica-combate-aos-incendios-e-investigacoes-apontam-para-acoes-criminosas#primaryimage\"},\"thumbnailUrl\":\"https:\\\/\\\/redenoticiaz.com.br\\\/ribeiraopreto-regiao\\\/wp-content\\\/uploads\\\/sites\\\/4\\\/2023\\\/12\\\/naom_64d0d6d9c3d9e.jpg?v=1703611551\",\"datePublished\":\"2024-08-26T14:34:56+00:00\",\"description\":\"O governador de S\u00e3o Paulo, Tarc\u00edsio de Freitas, anunciou nesta segunda-feira (26) que o estado n\u00e3o possui mais focos ativos de inc\u00eandio.\",\"inLanguage\":\"pt-BR\",\"potentialAction\":[{\"@type\":\"ReadAction\",\"target\":[\"https:\\\/\\\/redenoticiaz.com.br\\\/ribeiraopreto-regiao\\\/sp\\\/2024\\\/08\\\/26\\\/governo-intensifica-combate-aos-incendios-e-investigacoes-apontam-para-acoes-criminosas\"]}]},{\"@type\":\"ImageObject\",\"inLanguage\":\"pt-BR\",\"@id\":\"https:\\\/\\\/redenoticiaz.com.br\\\/ribeiraopreto-regiao\\\/sp\\\/2024\\\/08\\\/26\\\/governo-intensifica-combate-aos-incendios-e-investigacoes-apontam-para-acoes-criminosas#primaryimage\",\"url\":\"https:\\\/\\\/redenoticiaz.com.br\\\/ribeiraopreto-regiao\\\/wp-content\\\/uploads\\\/sites\\\/4\\\/2023\\\/12\\\/naom_64d0d6d9c3d9e.jpg?v=1703611551\",\"contentUrl\":\"https:\\\/\\\/redenoticiaz.com.br\\\/ribeiraopreto-regiao\\\/wp-content\\\/uploads\\\/sites\\\/4\\\/2023\\\/12\\\/naom_64d0d6d9c3d9e.jpg?v=1703611551\",\"width\":1920,\"height\":1080,\"caption\":\"Tarc\u00edsio regulamenta lei de acesso a cannabis medicinal no SUS. Cr\u00e9dito: Reprodu\u00e7\u00e3o\"},{\"@type\":\"WebSite\",\"@id\":\"https:\\\/\\\/redenoticiaz.com.br\\\/ribeiraopreto-regiao\\\/#website\",\"url\":\"https:\\\/\\\/redenoticiaz.com.br\\\/ribeiraopreto-regiao\\\/\",\"name\":\"Ribeir\u00e3o Preto e Regi\u00e3o\",\"description\":\"Rede NoticiaZ - Ribeir\u00e3o Preto e regi\u00e3o\",\"publisher\":{\"@id\":\"https:\\\/\\\/redenoticiaz.com.br\\\/ribeiraopreto-regiao\\\/#organization\"},\"potentialAction\":[{\"@type\":\"SearchAction\",\"target\":{\"@type\":\"EntryPoint\",\"urlTemplate\":\"https:\\\/\\\/redenoticiaz.com.br\\\/ribeiraopreto-regiao\\\/?s={search_term_string}\"},\"query-input\":{\"@type\":\"PropertyValueSpecification\",\"valueRequired\":true,\"valueName\":\"search_term_string\"}}],\"inLanguage\":\"pt-BR\"},{\"@type\":\"Organization\",\"@id\":\"https:\\\/\\\/redenoticiaz.com.br\\\/ribeiraopreto-regiao\\\/#organization\",\"name\":\"Ribeir\u00e3o Preto e Regi\u00e3o\",\"url\":\"https:\\\/\\\/redenoticiaz.com.br\\\/ribeiraopreto-regiao\\\/\",\"logo\":{\"@type\":\"ImageObject\",\"inLanguage\":\"pt-BR\",\"@id\":\"https:\\\/\\\/redenoticiaz.com.br\\\/ribeiraopreto-regiao\\\/#\\\/schema\\\/logo\\\/image\\\/\",\"url\":\"https:\\\/\\\/redenoticiaz.com.br\\\/barretos-regiao\\\/wp-content\\\/uploads\\\/sites\\\/4\\\/2022\\\/02\\\/logo.jpg\",\"contentUrl\":\"https:\\\/\\\/redenoticiaz.com.br\\\/barretos-regiao\\\/wp-content\\\/uploads\\\/sites\\\/4\\\/2022\\\/02\\\/logo.jpg\",\"width\":400,\"height\":250,\"caption\":\"Ribeir\u00e3o Preto e Regi\u00e3o\"},\"image\":{\"@id\":\"https:\\\/\\\/redenoticiaz.com.br\\\/ribeiraopreto-regiao\\\/#\\\/schema\\\/logo\\\/image\\\/\"},\"sameAs\":[\"https:\\\/\\\/m.facebook.com\\\/redenoticiaz.barretos\",\"https:\\\/\\\/x.com\\\/RN_barretos\",\"https:\\\/\\\/www.instagram.com\\\/redenoticiaz.barretos\\\/?igshid=YmMyMTA2M2Y\",\"https:\\\/\\\/www.linkedin.com\\\/company\\\/rede-noticiaz-barretos-e-regio\\\/\"]},{\"@type\":\"Person\",\"@id\":\"https:\\\/\\\/redenoticiaz.com.br\\\/ribeiraopreto-regiao\\\/#\\\/schema\\\/person\\\/1f84d6e94e6a62d2d81199d7503e9e90\",\"name\":\"Carina Reifonas\",\"image\":{\"@type\":\"ImageObject\",\"inLanguage\":\"pt-BR\",\"@id\":\"https:\\\/\\\/secure.gravatar.com\\\/avatar\\\/04c59859b23696cf867715880f81d5c037e60109730bdb4e6670ec2a2245bc97?s=96&d=mm&r=g\",\"url\":\"https:\\\/\\\/secure.gravatar.com\\\/avatar\\\/04c59859b23696cf867715880f81d5c037e60109730bdb4e6670ec2a2245bc97?s=96&d=mm&r=g\",\"contentUrl\":\"https:\\\/\\\/secure.gravatar.com\\\/avatar\\\/04c59859b23696cf867715880f81d5c037e60109730bdb4e6670ec2a2245bc97?s=96&d=mm&r=g\",\"caption\":\"Carina Reifonas\"},\"url\":\"https:\\\/\\\/redenoticiaz.com.br\\\/ribeiraopreto-regiao\\\/sp\\\/author\\\/carinareifonas\"}]}<\/script>\n<!-- \/ Yoast SEO plugin. -->","yoast_head_json":{"title":"Governo intensifica combate aos inc\u00eandios e investiga\u00e7\u00f5es apontam para a\u00e7\u00f5es criminosas - Ribeir\u00e3o Preto e Regi\u00e3o","description":"O governador de S\u00e3o Paulo, Tarc\u00edsio de Freitas, anunciou nesta segunda-feira (26) que o estado n\u00e3o possui mais focos ativos de inc\u00eandio.","robots":{"index":"index","follow":"follow","max-snippet":"max-snippet:-1","max-image-preview":"max-image-preview:large","max-video-preview":"max-video-preview:-1"},"canonical":"https:\/\/redenoticiaz.com.br\/ribeiraopreto-regiao\/sp\/2024\/08\/26\/governo-intensifica-combate-aos-incendios-e-investigacoes-apontam-para-acoes-criminosas","og_locale":"pt_BR","og_type":"article","og_title":"Governo intensifica combate aos inc\u00eandios e investiga\u00e7\u00f5es apontam para a\u00e7\u00f5es criminosas - Ribeir\u00e3o Preto e Regi\u00e3o","og_description":"O governador de S\u00e3o Paulo, Tarc\u00edsio de Freitas, anunciou nesta segunda-feira (26) que o estado n\u00e3o possui mais focos ativos de inc\u00eandio.","og_url":"https:\/\/redenoticiaz.com.br\/ribeiraopreto-regiao\/sp\/2024\/08\/26\/governo-intensifica-combate-aos-incendios-e-investigacoes-apontam-para-acoes-criminosas","og_site_name":"Ribeir\u00e3o Preto e Regi\u00e3o","article_publisher":"https:\/\/m.facebook.com\/redenoticiaz.barretos","article_published_time":"2024-08-26T14:34:56+00:00","og_image":[{"width":1920,"height":1080,"url":"https:\/\/redenoticiaz.com.br\/ribeiraopreto-regiao\/wp-content\/uploads\/sites\/4\/2023\/12\/naom_64d0d6d9c3d9e.jpg?v=1703611551","type":"image\/jpeg"}],"author":"Carina Reifonas","twitter_card":"summary_large_image","twitter_creator":"@RN_barretos","twitter_site":"@RN_barretos","twitter_misc":{"Escrito por":"Carina Reifonas","Est. tempo de leitura":"2 minutos"},"schema":{"@context":"https:\/\/schema.org","@graph":[{"@type":"Article","@id":"https:\/\/redenoticiaz.com.br\/ribeiraopreto-regiao\/sp\/2024\/08\/26\/governo-intensifica-combate-aos-incendios-e-investigacoes-apontam-para-acoes-criminosas#article","isPartOf":{"@id":"https:\/\/redenoticiaz.com.br\/ribeiraopreto-regiao\/sp\/2024\/08\/26\/governo-intensifica-combate-aos-incendios-e-investigacoes-apontam-para-acoes-criminosas"},"author":{"name":"Carina Reifonas","@id":"https:\/\/redenoticiaz.com.br\/ribeiraopreto-regiao\/#\/schema\/person\/1f84d6e94e6a62d2d81199d7503e9e90"},"headline":"Governo intensifica combate aos inc\u00eandios e investiga\u00e7\u00f5es apontam para a\u00e7\u00f5es criminosas","datePublished":"2024-08-26T14:34:56+00:00","mainEntityOfPage":{"@id":"https:\/\/redenoticiaz.com.br\/ribeiraopreto-regiao\/sp\/2024\/08\/26\/governo-intensifica-combate-aos-incendios-e-investigacoes-apontam-para-acoes-criminosas"},"wordCount":283,"commentCount":0,"publisher":{"@id":"https:\/\/redenoticiaz.com.br\/ribeiraopreto-regiao\/#organization"},"image":{"@id":"https:\/\/redenoticiaz.com.br\/ribeiraopreto-regiao\/sp\/2024\/08\/26\/governo-intensifica-combate-aos-incendios-e-investigacoes-apontam-para-acoes-criminosas#primaryimage"},"thumbnailUrl":"https:\/\/redenoticiaz.com.br\/ribeiraopreto-regiao\/wp-content\/uploads\/sites\/4\/2023\/12\/naom_64d0d6d9c3d9e.jpg?v=1703611551","keywords":["Governo de S\u00e3o Paulo","inc\u00eandios","Inc\u00eandios criminosos"],"articleSection":["Pol\u00edcia"],"inLanguage":"pt-BR","potentialAction":[{"@type":"CommentAction","name":"Comment","target":["https:\/\/redenoticiaz.com.br\/ribeiraopreto-regiao\/sp\/2024\/08\/26\/governo-intensifica-combate-aos-incendios-e-investigacoes-apontam-para-acoes-criminosas#respond"]}]},{"@type":"WebPage","@id":"https:\/\/redenoticiaz.com.br\/ribeiraopreto-regiao\/sp\/2024\/08\/26\/governo-intensifica-combate-aos-incendios-e-investigacoes-apontam-para-acoes-criminosas","url":"https:\/\/redenoticiaz.com.br\/ribeiraopreto-regiao\/sp\/2024\/08\/26\/governo-intensifica-combate-aos-incendios-e-investigacoes-apontam-para-acoes-criminosas","name":"Governo intensifica combate aos inc\u00eandios e investiga\u00e7\u00f5es apontam para a\u00e7\u00f5es criminosas - Ribeir\u00e3o Preto e Regi\u00e3o","isPartOf":{"@id":"https:\/\/redenoticiaz.com.br\/ribeiraopreto-regiao\/#website"},"primaryImageOfPage":{"@id":"https:\/\/redenoticiaz.com.br\/ribeiraopreto-regiao\/sp\/2024\/08\/26\/governo-intensifica-combate-aos-incendios-e-investigacoes-apontam-para-acoes-criminosas#primaryimage"},"image":{"@id":"https:\/\/redenoticiaz.com.br\/ribeiraopreto-regiao\/sp\/2024\/08\/26\/governo-intensifica-combate-aos-incendios-e-investigacoes-apontam-para-acoes-criminosas#primaryimage"},"thumbnailUrl":"https:\/\/redenoticiaz.com.br\/ribeiraopreto-regiao\/wp-content\/uploads\/sites\/4\/2023\/12\/naom_64d0d6d9c3d9e.jpg?v=1703611551","datePublished":"2024-08-26T14:34:56+00:00","description":"O governador de S\u00e3o Paulo, Tarc\u00edsio de Freitas, anunciou nesta segunda-feira (26) que o estado n\u00e3o possui mais focos ativos de inc\u00eandio.","inLanguage":"pt-BR","potentialAction":[{"@type":"ReadAction","target":["https:\/\/redenoticiaz.com.br\/ribeiraopreto-regiao\/sp\/2024\/08\/26\/governo-intensifica-combate-aos-incendios-e-investigacoes-apontam-para-acoes-criminosas"]}]},{"@type":"ImageObject","inLanguage":"pt-BR","@id":"https:\/\/redenoticiaz.com.br\/ribeiraopreto-regiao\/sp\/2024\/08\/26\/governo-intensifica-combate-aos-incendios-e-investigacoes-apontam-para-acoes-criminosas#primaryimage","url":"https:\/\/redenoticiaz.com.br\/ribeiraopreto-regiao\/wp-content\/uploads\/sites\/4\/2023\/12\/naom_64d0d6d9c3d9e.jpg?v=1703611551","contentUrl":"https:\/\/redenoticiaz.com.br\/ribeiraopreto-regiao\/wp-content\/uploads\/sites\/4\/2023\/12\/naom_64d0d6d9c3d9e.jpg?v=1703611551","width":1920,"height":1080,"caption":"Tarc\u00edsio regulamenta lei de acesso a cannabis medicinal no SUS. Cr\u00e9dito: Reprodu\u00e7\u00e3o"},{"@type":"WebSite","@id":"https:\/\/redenoticiaz.com.br\/ribeiraopreto-regiao\/#website","url":"https:\/\/redenoticiaz.com.br\/ribeiraopreto-regiao\/","name":"Ribeir\u00e3o Preto e Regi\u00e3o","description":"Rede NoticiaZ - Ribeir\u00e3o Preto e regi\u00e3o","publisher":{"@id":"https:\/\/redenoticiaz.com.br\/ribeiraopreto-regiao\/#organization"},"potentialAction":[{"@type":"SearchAction","target":{"@type":"EntryPoint","urlTemplate":"https:\/\/redenoticiaz.com.br\/ribeiraopreto-regiao\/?s={search_term_string}"},"query-input":{"@type":"PropertyValueSpecification","valueRequired":true,"valueName":"search_term_string"}}],"inLanguage":"pt-BR"},{"@type":"Organization","@id":"https:\/\/redenoticiaz.com.br\/ribeiraopreto-regiao\/#organization","name":"Ribeir\u00e3o Preto e Regi\u00e3o","url":"https:\/\/redenoticiaz.com.br\/ribeiraopreto-regiao\/","logo":{"@type":"ImageObject","inLanguage":"pt-BR","@id":"https:\/\/redenoticiaz.com.br\/ribeiraopreto-regiao\/#\/schema\/logo\/image\/","url":"https:\/\/redenoticiaz.com.br\/barretos-regiao\/wp-content\/uploads\/sites\/4\/2022\/02\/logo.jpg","contentUrl":"https:\/\/redenoticiaz.com.br\/barretos-regiao\/wp-content\/uploads\/sites\/4\/2022\/02\/logo.jpg","width":400,"height":250,"caption":"Ribeir\u00e3o Preto e Regi\u00e3o"},"image":{"@id":"https:\/\/redenoticiaz.com.br\/ribeiraopreto-regiao\/#\/schema\/logo\/image\/"},"sameAs":["https:\/\/m.facebook.com\/redenoticiaz.barretos","https:\/\/x.com\/RN_barretos","https:\/\/www.instagram.com\/redenoticiaz.barretos\/?igshid=YmMyMTA2M2Y","https:\/\/www.linkedin.com\/company\/rede-noticiaz-barretos-e-regio\/"]},{"@type":"Person","@id":"https:\/\/redenoticiaz.com.br\/ribeiraopreto-regiao\/#\/schema\/person\/1f84d6e94e6a62d2d81199d7503e9e90","name":"Carina Reifonas","image":{"@type":"ImageObject","inLanguage":"pt-BR","@id":"https:\/\/secure.gravatar.com\/avatar\/04c59859b23696cf867715880f81d5c037e60109730bdb4e6670ec2a2245bc97?s=96&d=mm&r=g","url":"https:\/\/secure.gravatar.com\/avatar\/04c59859b23696cf867715880f81d5c037e60109730bdb4e6670ec2a2245bc97?s=96&d=mm&r=g","contentUrl":"https:\/\/secure.gravatar.com\/avatar\/04c59859b23696cf867715880f81d5c037e60109730bdb4e6670ec2a2245bc97?s=96&d=mm&r=g","caption":"Carina Reifonas"},"url":"https:\/\/redenoticiaz.com.br\/ribeiraopreto-regiao\/sp\/author\/carinareifonas"}]}},"_links":{"self":[{"href":"https:\/\/redenoticiaz.com.br\/ribeiraopreto-regiao\/wp-json\/wp\/v2\/posts\/118263","targetHints":{"allow":["GET"]}}],"collection":[{"href":"https:\/\/redenoticiaz.com.br\/ribeiraopreto-regiao\/wp-json\/wp\/v2\/posts"}],"about":[{"href":"https:\/\/redenoticiaz.com.br\/ribeiraopreto-regiao\/wp-json\/wp\/v2\/types\/post"}],"author":[{"embeddable":true,"href":"https:\/\/redenoticiaz.com.br\/ribeiraopreto-regiao\/wp-json\/wp\/v2\/users\/30"}],"replies":[{"embeddable":true,"href":"https:\/\/redenoticiaz.com.br\/ribeiraopreto-regiao\/wp-json\/wp\/v2\/comments?post=118263"}],"version-history":[{"count":0,"href":"https:\/\/redenoticiaz.com.br\/ribeiraopreto-regiao\/wp-json\/wp\/v2\/posts\/118263\/revisions"}],"wp:featuredmedia":[{"embeddable":true,"href":"https:\/\/redenoticiaz.com.br\/ribeiraopreto-regiao\/wp-json\/wp\/v2\/media\/113817"}],"wp:attachment":[{"href":"https:\/\/redenoticiaz.com.br\/ribeiraopreto-regiao\/wp-json\/wp\/v2\/media?parent=118263"}],"wp:term":[{"taxonomy":"category","embeddable":true,"href":"https:\/\/redenoticiaz.com.br\/ribeiraopreto-regiao\/wp-json\/wp\/v2\/categories?post=118263"},{"taxonomy":"post_tag","embeddable":true,"href":"https:\/\/redenoticiaz.com.br\/ribeiraopreto-regiao\/wp-json\/wp\/v2\/tags?post=118263"}],"curies":[{"name":"wp","href":"https:\/\/api.w.org\/{rel}","templated":true}]}}