{"id":118295,"date":"2024-08-31T16:00:53","date_gmt":"2024-08-31T19:00:53","guid":{"rendered":"https:\/\/redenoticiaz.com.br\/barretos-regiao\/?p=118295"},"modified":"2024-08-28T16:46:01","modified_gmt":"2024-08-28T19:46:01","slug":"situacao-de-emergencia-por-incendio-florestal-cresceu-354-em-agosto","status":"publish","type":"post","link":"https:\/\/redenoticiaz.com.br\/ribeiraopreto-regiao\/sp\/2024\/08\/31\/situacao-de-emergencia-por-incendio-florestal-cresceu-354-em-agosto","title":{"rendered":"Situa\u00e7\u00e3o de emerg\u00eancia por inc\u00eandio florestal cresceu 354% em agosto"},"content":{"rendered":"<p>O n\u00famero de munic\u00edpios que decretaram situa\u00e7\u00e3o de emerg\u00eancia por inc\u00eandios florestais em agosto cresceu 354% em rela\u00e7\u00e3o ao mesmo m\u00eas do ano de 2023, aponta\u00a0levantamento divulgado pela Confedera\u00e7\u00e3o Nacional dos Munic\u00edpios.<img decoding=\"async\" src=\"https:\/\/agenciabrasil.ebc.com.br\/ebc.png?id=1609663&amp;o=node\" \/><img decoding=\"async\" src=\"https:\/\/agenciabrasil.ebc.com.br\/ebc.gif?id=1609663&amp;o=node\" \/><\/p>\n<p>Somente neste m\u00eas, 118 gestores municipais registraram a condi\u00e7\u00e3o no Sistema Integrado de Informa\u00e7\u00f5es sobre Desastres, do Minist\u00e9rio da Integra\u00e7\u00e3o e do Desenvolvimento Regional.<\/p>\n<p>Este ano, at\u00e9 o dia 26 de agosto, 167 munic\u00edpios declararam situa\u00e7\u00e3o de emerg\u00eancia. No\u00a0mesmo per\u00edodo de 2023 apenas 57 enfrentavam o problema.<\/p>\n<p>De acordo com o levantamento, 4,4 milh\u00f5es de pessoas j\u00e1 foram afetadas pelos inc\u00eandios florestais este ano, sendo que a maioria, 4 milh\u00f5es, foram alcan\u00e7ados pelos efeitos como polui\u00e7\u00e3o do ar e perda da biodiversidade.<\/p>\n<p>O maior n\u00famero de decretos foi registrado em S\u00e3o Paulo, por 51 munic\u00edpios, seguido por Mato Grosso do Sul, com 35 registros; Acre, com 22; Esp\u00edrito Santo e\u00a0Rond\u00f4nia, dois munic\u00edpios, e Amazonas, Bahia, Minas Gerais, Mato Grosso, Rio de Janeiro e Santa Catarina, apenas um munic\u00edpio cada.<\/p>\n<p>At\u00e9 o momento, o sistema aponta que j\u00e1 foram reconhecidos pelo governo federal a situa\u00e7\u00e3o de emerg\u00eancia por inc\u00eandio florestal em 12 munic\u00edpios em Mato Grosso do Sul. Os demais processos ainda est\u00e3o em andamento para que os gestores possam ter acesso aos recursos p\u00fablicos federais para medidas emergenciais.<\/p>\n<p>A institui\u00e7\u00e3o estima um preju\u00edzo de R$ 10 milh\u00f5es em assist\u00eancia m\u00e9dica emergencial para a sa\u00fade p\u00fablica, que ainda pode crescer com impactos causados pela exposi\u00e7\u00e3o da popula\u00e7\u00e3o \u00e0 fuma\u00e7a.<\/p>\n<p>Leia mais<\/p>\n<p><a href=\"https:\/\/redenoticiaz.com.br\/blog\/2024\/08\/26\/governo-intensifica-combate-aos-incendios-e-investigacoes-apontam-para-acoes-criminosas\">Governo intensifica combate aos inc\u00eandios e investiga\u00e7\u00f5es apontam para a\u00e7\u00f5es criminosas<\/a><\/p>\n<p><a href=\"https:\/\/redenoticiaz.com.br\/blog\/2024\/08\/24\/fumaca-de-incendio-invade-galpao-da-amazon-em-cajamar-funcionarios-sao-retirados\">Fuma\u00e7a de inc\u00eandio invade galp\u00e3o da Amazon em Cajamar; funcion\u00e1rios s\u00e3o retirados<\/a><\/p>\n","protected":false},"excerpt":{"rendered":"<p>O n\u00famero de munic\u00edpios que decretaram situa\u00e7\u00e3o de emerg\u00eancia por inc\u00eandios florestais em agosto cresceu 354% em rela\u00e7\u00e3o ao mesmo m\u00eas do ano de 2023, aponta\u00a0levantamento divulgado pela Confedera\u00e7\u00e3o Nacional dos Munic\u00edpios. Somente neste m\u00eas, 118 gestores municipais registraram a condi\u00e7\u00e3o no Sistema Integrado de Informa\u00e7\u00f5es sobre Desastres, do Minist\u00e9rio da Integra\u00e7\u00e3o e do Desenvolvimento &hellip;<\/p>\n","protected":false},"author":12,"featured_media":115578,"comment_status":"open","ping_status":"closed","sticky":false,"template":"","format":"standard","meta":{"footnotes":""},"categories":[5267,88],"tags":[17788,24147,20459],"class_list":["post-118295","post","type-post","status-publish","format-standard","has-post-thumbnail","hentry","category-agricultura","category-policia","tag-agosto","tag-emergencia","tag-numero"],"yoast_head":"<!-- This site is optimized with the Yoast SEO plugin v27.4 - https:\/\/yoast.com\/product\/yoast-seo-wordpress\/ -->\n<title>Situa\u00e7\u00e3o de emerg\u00eancia por inc\u00eandio florestal cresceu 354% em agosto - Ribeir\u00e3o Preto e Regi\u00e3o<\/title>\n<meta name=\"description\" content=\"O n\u00famero de munic\u00edpios que decretaram situa\u00e7\u00e3o de emerg\u00eancia por inc\u00eandios florestais em agosto cresceu 354% em rela\u00e7\u00e3o ao mesmo m\u00eas do ano de 2023, aponta\u00a0levantamento divulgado pela Confedera\u00e7\u00e3o Nacional dos Munic\u00edpios.\" \/>\n<meta name=\"robots\" content=\"index, follow, max-snippet:-1, max-image-preview:large, max-video-preview:-1\" \/>\n<link rel=\"canonical\" href=\"https:\/\/redenoticiaz.com.br\/ribeiraopreto-regiao\/sp\/2024\/08\/31\/situacao-de-emergencia-por-incendio-florestal-cresceu-354-em-agosto\" \/>\n<meta property=\"og:locale\" content=\"pt_BR\" \/>\n<meta property=\"og:type\" content=\"article\" \/>\n<meta property=\"og:title\" content=\"Situa\u00e7\u00e3o de emerg\u00eancia por inc\u00eandio florestal cresceu 354% em agosto - Ribeir\u00e3o Preto e Regi\u00e3o\" \/>\n<meta property=\"og:description\" content=\"O n\u00famero de munic\u00edpios que decretaram situa\u00e7\u00e3o de emerg\u00eancia por inc\u00eandios florestais em agosto cresceu 354% em rela\u00e7\u00e3o ao mesmo m\u00eas do ano de 2023, aponta\u00a0levantamento divulgado pela Confedera\u00e7\u00e3o Nacional dos Munic\u00edpios.\" \/>\n<meta property=\"og:url\" content=\"https:\/\/redenoticiaz.com.br\/ribeiraopreto-regiao\/sp\/2024\/08\/31\/situacao-de-emergencia-por-incendio-florestal-cresceu-354-em-agosto\" \/>\n<meta property=\"og:site_name\" content=\"Ribeir\u00e3o Preto e Regi\u00e3o\" \/>\n<meta property=\"article:publisher\" content=\"https:\/\/m.facebook.com\/redenoticiaz.barretos\" \/>\n<meta property=\"article:published_time\" content=\"2024-08-31T19:00:53+00:00\" \/>\n<meta property=\"og:image\" content=\"https:\/\/redenoticiaz.com.br\/ribeiraopreto-regiao\/wp-content\/uploads\/sites\/4\/2024\/02\/queimada.jpg?v=1691842120\" \/>\n\t<meta property=\"og:image:width\" content=\"940\" \/>\n\t<meta property=\"og:image:height\" content=\"596\" \/>\n\t<meta property=\"og:image:type\" content=\"image\/jpeg\" \/>\n<meta name=\"author\" content=\"Gustavo Silva\" \/>\n<meta name=\"twitter:card\" content=\"summary_large_image\" \/>\n<meta name=\"twitter:creator\" content=\"@RN_barretos\" \/>\n<meta name=\"twitter:site\" content=\"@RN_barretos\" \/>\n<meta name=\"twitter:label1\" content=\"Escrito por\" \/>\n\t<meta name=\"twitter:data1\" content=\"Gustavo Silva\" \/>\n\t<meta name=\"twitter:label2\" content=\"Est. tempo de leitura\" \/>\n\t<meta name=\"twitter:data2\" content=\"3 minutos\" \/>\n<script type=\"application\/ld+json\" class=\"yoast-schema-graph\">{\"@context\":\"https:\\\/\\\/schema.org\",\"@graph\":[{\"@type\":\"Article\",\"@id\":\"https:\\\/\\\/redenoticiaz.com.br\\\/ribeiraopreto-regiao\\\/sp\\\/2024\\\/08\\\/31\\\/situacao-de-emergencia-por-incendio-florestal-cresceu-354-em-agosto#article\",\"isPartOf\":{\"@id\":\"https:\\\/\\\/redenoticiaz.com.br\\\/ribeiraopreto-regiao\\\/sp\\\/2024\\\/08\\\/31\\\/situacao-de-emergencia-por-incendio-florestal-cresceu-354-em-agosto\"},\"author\":{\"name\":\"Gustavo Silva\",\"@id\":\"https:\\\/\\\/redenoticiaz.com.br\\\/ribeiraopreto-regiao\\\/#\\\/schema\\\/person\\\/16057b37a3c0ee6b096d7f887c566e2e\"},\"headline\":\"Situa\u00e7\u00e3o de emerg\u00eancia por inc\u00eandio florestal cresceu 354% em agosto\",\"datePublished\":\"2024-08-31T19:00:53+00:00\",\"mainEntityOfPage\":{\"@id\":\"https:\\\/\\\/redenoticiaz.com.br\\\/ribeiraopreto-regiao\\\/sp\\\/2024\\\/08\\\/31\\\/situacao-de-emergencia-por-incendio-florestal-cresceu-354-em-agosto\"},\"wordCount\":319,\"commentCount\":0,\"publisher\":{\"@id\":\"https:\\\/\\\/redenoticiaz.com.br\\\/ribeiraopreto-regiao\\\/#organization\"},\"image\":{\"@id\":\"https:\\\/\\\/redenoticiaz.com.br\\\/ribeiraopreto-regiao\\\/sp\\\/2024\\\/08\\\/31\\\/situacao-de-emergencia-por-incendio-florestal-cresceu-354-em-agosto#primaryimage\"},\"thumbnailUrl\":\"https:\\\/\\\/redenoticiaz.com.br\\\/ribeiraopreto-regiao\\\/wp-content\\\/uploads\\\/sites\\\/4\\\/2024\\\/02\\\/queimada.jpg?v=1691842120\",\"keywords\":[\"AGOSTO\",\"EMERG\u00caNCIA\",\"n\u00famero\"],\"articleSection\":[\"Agricultura\",\"Pol\u00edcia\"],\"inLanguage\":\"pt-BR\",\"potentialAction\":[{\"@type\":\"CommentAction\",\"name\":\"Comment\",\"target\":[\"https:\\\/\\\/redenoticiaz.com.br\\\/ribeiraopreto-regiao\\\/sp\\\/2024\\\/08\\\/31\\\/situacao-de-emergencia-por-incendio-florestal-cresceu-354-em-agosto#respond\"]}]},{\"@type\":\"WebPage\",\"@id\":\"https:\\\/\\\/redenoticiaz.com.br\\\/ribeiraopreto-regiao\\\/sp\\\/2024\\\/08\\\/31\\\/situacao-de-emergencia-por-incendio-florestal-cresceu-354-em-agosto\",\"url\":\"https:\\\/\\\/redenoticiaz.com.br\\\/ribeiraopreto-regiao\\\/sp\\\/2024\\\/08\\\/31\\\/situacao-de-emergencia-por-incendio-florestal-cresceu-354-em-agosto\",\"name\":\"Situa\u00e7\u00e3o de emerg\u00eancia por inc\u00eandio florestal cresceu 354% em agosto - Ribeir\u00e3o Preto e Regi\u00e3o\",\"isPartOf\":{\"@id\":\"https:\\\/\\\/redenoticiaz.com.br\\\/ribeiraopreto-regiao\\\/#website\"},\"primaryImageOfPage\":{\"@id\":\"https:\\\/\\\/redenoticiaz.com.br\\\/ribeiraopreto-regiao\\\/sp\\\/2024\\\/08\\\/31\\\/situacao-de-emergencia-por-incendio-florestal-cresceu-354-em-agosto#primaryimage\"},\"image\":{\"@id\":\"https:\\\/\\\/redenoticiaz.com.br\\\/ribeiraopreto-regiao\\\/sp\\\/2024\\\/08\\\/31\\\/situacao-de-emergencia-por-incendio-florestal-cresceu-354-em-agosto#primaryimage\"},\"thumbnailUrl\":\"https:\\\/\\\/redenoticiaz.com.br\\\/ribeiraopreto-regiao\\\/wp-content\\\/uploads\\\/sites\\\/4\\\/2024\\\/02\\\/queimada.jpg?v=1691842120\",\"datePublished\":\"2024-08-31T19:00:53+00:00\",\"description\":\"O n\u00famero de munic\u00edpios que decretaram situa\u00e7\u00e3o de emerg\u00eancia por inc\u00eandios florestais em agosto cresceu 354% em rela\u00e7\u00e3o ao mesmo m\u00eas do ano de 2023, aponta\u00a0levantamento divulgado pela Confedera\u00e7\u00e3o Nacional dos Munic\u00edpios.\",\"inLanguage\":\"pt-BR\",\"potentialAction\":[{\"@type\":\"ReadAction\",\"target\":[\"https:\\\/\\\/redenoticiaz.com.br\\\/ribeiraopreto-regiao\\\/sp\\\/2024\\\/08\\\/31\\\/situacao-de-emergencia-por-incendio-florestal-cresceu-354-em-agosto\"]}]},{\"@type\":\"ImageObject\",\"inLanguage\":\"pt-BR\",\"@id\":\"https:\\\/\\\/redenoticiaz.com.br\\\/ribeiraopreto-regiao\\\/sp\\\/2024\\\/08\\\/31\\\/situacao-de-emergencia-por-incendio-florestal-cresceu-354-em-agosto#primaryimage\",\"url\":\"https:\\\/\\\/redenoticiaz.com.br\\\/ribeiraopreto-regiao\\\/wp-content\\\/uploads\\\/sites\\\/4\\\/2024\\\/02\\\/queimada.jpg?v=1691842120\",\"contentUrl\":\"https:\\\/\\\/redenoticiaz.com.br\\\/ribeiraopreto-regiao\\\/wp-content\\\/uploads\\\/sites\\\/4\\\/2024\\\/02\\\/queimada.jpg?v=1691842120\",\"width\":940,\"height\":596},{\"@type\":\"WebSite\",\"@id\":\"https:\\\/\\\/redenoticiaz.com.br\\\/ribeiraopreto-regiao\\\/#website\",\"url\":\"https:\\\/\\\/redenoticiaz.com.br\\\/ribeiraopreto-regiao\\\/\",\"name\":\"Ribeir\u00e3o Preto e Regi\u00e3o\",\"description\":\"Rede NoticiaZ - Ribeir\u00e3o Preto e regi\u00e3o\",\"publisher\":{\"@id\":\"https:\\\/\\\/redenoticiaz.com.br\\\/ribeiraopreto-regiao\\\/#organization\"},\"potentialAction\":[{\"@type\":\"SearchAction\",\"target\":{\"@type\":\"EntryPoint\",\"urlTemplate\":\"https:\\\/\\\/redenoticiaz.com.br\\\/ribeiraopreto-regiao\\\/?s={search_term_string}\"},\"query-input\":{\"@type\":\"PropertyValueSpecification\",\"valueRequired\":true,\"valueName\":\"search_term_string\"}}],\"inLanguage\":\"pt-BR\"},{\"@type\":\"Organization\",\"@id\":\"https:\\\/\\\/redenoticiaz.com.br\\\/ribeiraopreto-regiao\\\/#organization\",\"name\":\"Ribeir\u00e3o Preto e Regi\u00e3o\",\"url\":\"https:\\\/\\\/redenoticiaz.com.br\\\/ribeiraopreto-regiao\\\/\",\"logo\":{\"@type\":\"ImageObject\",\"inLanguage\":\"pt-BR\",\"@id\":\"https:\\\/\\\/redenoticiaz.com.br\\\/ribeiraopreto-regiao\\\/#\\\/schema\\\/logo\\\/image\\\/\",\"url\":\"https:\\\/\\\/redenoticiaz.com.br\\\/barretos-regiao\\\/wp-content\\\/uploads\\\/sites\\\/4\\\/2022\\\/02\\\/logo.jpg\",\"contentUrl\":\"https:\\\/\\\/redenoticiaz.com.br\\\/barretos-regiao\\\/wp-content\\\/uploads\\\/sites\\\/4\\\/2022\\\/02\\\/logo.jpg\",\"width\":400,\"height\":250,\"caption\":\"Ribeir\u00e3o Preto e Regi\u00e3o\"},\"image\":{\"@id\":\"https:\\\/\\\/redenoticiaz.com.br\\\/ribeiraopreto-regiao\\\/#\\\/schema\\\/logo\\\/image\\\/\"},\"sameAs\":[\"https:\\\/\\\/m.facebook.com\\\/redenoticiaz.barretos\",\"https:\\\/\\\/x.com\\\/RN_barretos\",\"https:\\\/\\\/www.instagram.com\\\/redenoticiaz.barretos\\\/?igshid=YmMyMTA2M2Y\",\"https:\\\/\\\/www.linkedin.com\\\/company\\\/rede-noticiaz-barretos-e-regio\\\/\"]},{\"@type\":\"Person\",\"@id\":\"https:\\\/\\\/redenoticiaz.com.br\\\/ribeiraopreto-regiao\\\/#\\\/schema\\\/person\\\/16057b37a3c0ee6b096d7f887c566e2e\",\"name\":\"Gustavo Silva\",\"image\":{\"@type\":\"ImageObject\",\"inLanguage\":\"pt-BR\",\"@id\":\"https:\\\/\\\/secure.gravatar.com\\\/avatar\\\/3ee4e82f93b26de0a7cf4ea5eb7893da637ed6bb0c9170c58065944c56e28a33?s=96&d=mm&r=g\",\"url\":\"https:\\\/\\\/secure.gravatar.com\\\/avatar\\\/3ee4e82f93b26de0a7cf4ea5eb7893da637ed6bb0c9170c58065944c56e28a33?s=96&d=mm&r=g\",\"contentUrl\":\"https:\\\/\\\/secure.gravatar.com\\\/avatar\\\/3ee4e82f93b26de0a7cf4ea5eb7893da637ed6bb0c9170c58065944c56e28a33?s=96&d=mm&r=g\",\"caption\":\"Gustavo Silva\"},\"url\":\"https:\\\/\\\/redenoticiaz.com.br\\\/ribeiraopreto-regiao\\\/sp\\\/author\\\/gustavosilva\"}]}<\/script>\n<!-- \/ Yoast SEO plugin. -->","yoast_head_json":{"title":"Situa\u00e7\u00e3o de emerg\u00eancia por inc\u00eandio florestal cresceu 354% em agosto - Ribeir\u00e3o Preto e Regi\u00e3o","description":"O n\u00famero de munic\u00edpios que decretaram situa\u00e7\u00e3o de emerg\u00eancia por inc\u00eandios florestais em agosto cresceu 354% em rela\u00e7\u00e3o ao mesmo m\u00eas do ano de 2023, aponta\u00a0levantamento divulgado pela Confedera\u00e7\u00e3o Nacional dos Munic\u00edpios.","robots":{"index":"index","follow":"follow","max-snippet":"max-snippet:-1","max-image-preview":"max-image-preview:large","max-video-preview":"max-video-preview:-1"},"canonical":"https:\/\/redenoticiaz.com.br\/ribeiraopreto-regiao\/sp\/2024\/08\/31\/situacao-de-emergencia-por-incendio-florestal-cresceu-354-em-agosto","og_locale":"pt_BR","og_type":"article","og_title":"Situa\u00e7\u00e3o de emerg\u00eancia por inc\u00eandio florestal cresceu 354% em agosto - Ribeir\u00e3o Preto e Regi\u00e3o","og_description":"O n\u00famero de munic\u00edpios que decretaram situa\u00e7\u00e3o de emerg\u00eancia por inc\u00eandios florestais em agosto cresceu 354% em rela\u00e7\u00e3o ao mesmo m\u00eas do ano de 2023, aponta\u00a0levantamento divulgado pela Confedera\u00e7\u00e3o Nacional dos Munic\u00edpios.","og_url":"https:\/\/redenoticiaz.com.br\/ribeiraopreto-regiao\/sp\/2024\/08\/31\/situacao-de-emergencia-por-incendio-florestal-cresceu-354-em-agosto","og_site_name":"Ribeir\u00e3o Preto e Regi\u00e3o","article_publisher":"https:\/\/m.facebook.com\/redenoticiaz.barretos","article_published_time":"2024-08-31T19:00:53+00:00","og_image":[{"width":940,"height":596,"url":"https:\/\/redenoticiaz.com.br\/ribeiraopreto-regiao\/wp-content\/uploads\/sites\/4\/2024\/02\/queimada.jpg?v=1691842120","type":"image\/jpeg"}],"author":"Gustavo Silva","twitter_card":"summary_large_image","twitter_creator":"@RN_barretos","twitter_site":"@RN_barretos","twitter_misc":{"Escrito por":"Gustavo Silva","Est. tempo de leitura":"3 minutos"},"schema":{"@context":"https:\/\/schema.org","@graph":[{"@type":"Article","@id":"https:\/\/redenoticiaz.com.br\/ribeiraopreto-regiao\/sp\/2024\/08\/31\/situacao-de-emergencia-por-incendio-florestal-cresceu-354-em-agosto#article","isPartOf":{"@id":"https:\/\/redenoticiaz.com.br\/ribeiraopreto-regiao\/sp\/2024\/08\/31\/situacao-de-emergencia-por-incendio-florestal-cresceu-354-em-agosto"},"author":{"name":"Gustavo Silva","@id":"https:\/\/redenoticiaz.com.br\/ribeiraopreto-regiao\/#\/schema\/person\/16057b37a3c0ee6b096d7f887c566e2e"},"headline":"Situa\u00e7\u00e3o de emerg\u00eancia por inc\u00eandio florestal cresceu 354% em agosto","datePublished":"2024-08-31T19:00:53+00:00","mainEntityOfPage":{"@id":"https:\/\/redenoticiaz.com.br\/ribeiraopreto-regiao\/sp\/2024\/08\/31\/situacao-de-emergencia-por-incendio-florestal-cresceu-354-em-agosto"},"wordCount":319,"commentCount":0,"publisher":{"@id":"https:\/\/redenoticiaz.com.br\/ribeiraopreto-regiao\/#organization"},"image":{"@id":"https:\/\/redenoticiaz.com.br\/ribeiraopreto-regiao\/sp\/2024\/08\/31\/situacao-de-emergencia-por-incendio-florestal-cresceu-354-em-agosto#primaryimage"},"thumbnailUrl":"https:\/\/redenoticiaz.com.br\/ribeiraopreto-regiao\/wp-content\/uploads\/sites\/4\/2024\/02\/queimada.jpg?v=1691842120","keywords":["AGOSTO","EMERG\u00caNCIA","n\u00famero"],"articleSection":["Agricultura","Pol\u00edcia"],"inLanguage":"pt-BR","potentialAction":[{"@type":"CommentAction","name":"Comment","target":["https:\/\/redenoticiaz.com.br\/ribeiraopreto-regiao\/sp\/2024\/08\/31\/situacao-de-emergencia-por-incendio-florestal-cresceu-354-em-agosto#respond"]}]},{"@type":"WebPage","@id":"https:\/\/redenoticiaz.com.br\/ribeiraopreto-regiao\/sp\/2024\/08\/31\/situacao-de-emergencia-por-incendio-florestal-cresceu-354-em-agosto","url":"https:\/\/redenoticiaz.com.br\/ribeiraopreto-regiao\/sp\/2024\/08\/31\/situacao-de-emergencia-por-incendio-florestal-cresceu-354-em-agosto","name":"Situa\u00e7\u00e3o de emerg\u00eancia por inc\u00eandio florestal cresceu 354% em agosto - Ribeir\u00e3o Preto e Regi\u00e3o","isPartOf":{"@id":"https:\/\/redenoticiaz.com.br\/ribeiraopreto-regiao\/#website"},"primaryImageOfPage":{"@id":"https:\/\/redenoticiaz.com.br\/ribeiraopreto-regiao\/sp\/2024\/08\/31\/situacao-de-emergencia-por-incendio-florestal-cresceu-354-em-agosto#primaryimage"},"image":{"@id":"https:\/\/redenoticiaz.com.br\/ribeiraopreto-regiao\/sp\/2024\/08\/31\/situacao-de-emergencia-por-incendio-florestal-cresceu-354-em-agosto#primaryimage"},"thumbnailUrl":"https:\/\/redenoticiaz.com.br\/ribeiraopreto-regiao\/wp-content\/uploads\/sites\/4\/2024\/02\/queimada.jpg?v=1691842120","datePublished":"2024-08-31T19:00:53+00:00","description":"O n\u00famero de munic\u00edpios que decretaram situa\u00e7\u00e3o de emerg\u00eancia por inc\u00eandios florestais em agosto cresceu 354% em rela\u00e7\u00e3o ao mesmo m\u00eas do ano de 2023, aponta\u00a0levantamento divulgado pela Confedera\u00e7\u00e3o Nacional dos Munic\u00edpios.","inLanguage":"pt-BR","potentialAction":[{"@type":"ReadAction","target":["https:\/\/redenoticiaz.com.br\/ribeiraopreto-regiao\/sp\/2024\/08\/31\/situacao-de-emergencia-por-incendio-florestal-cresceu-354-em-agosto"]}]},{"@type":"ImageObject","inLanguage":"pt-BR","@id":"https:\/\/redenoticiaz.com.br\/ribeiraopreto-regiao\/sp\/2024\/08\/31\/situacao-de-emergencia-por-incendio-florestal-cresceu-354-em-agosto#primaryimage","url":"https:\/\/redenoticiaz.com.br\/ribeiraopreto-regiao\/wp-content\/uploads\/sites\/4\/2024\/02\/queimada.jpg?v=1691842120","contentUrl":"https:\/\/redenoticiaz.com.br\/ribeiraopreto-regiao\/wp-content\/uploads\/sites\/4\/2024\/02\/queimada.jpg?v=1691842120","width":940,"height":596},{"@type":"WebSite","@id":"https:\/\/redenoticiaz.com.br\/ribeiraopreto-regiao\/#website","url":"https:\/\/redenoticiaz.com.br\/ribeiraopreto-regiao\/","name":"Ribeir\u00e3o Preto e Regi\u00e3o","description":"Rede NoticiaZ - Ribeir\u00e3o Preto e regi\u00e3o","publisher":{"@id":"https:\/\/redenoticiaz.com.br\/ribeiraopreto-regiao\/#organization"},"potentialAction":[{"@type":"SearchAction","target":{"@type":"EntryPoint","urlTemplate":"https:\/\/redenoticiaz.com.br\/ribeiraopreto-regiao\/?s={search_term_string}"},"query-input":{"@type":"PropertyValueSpecification","valueRequired":true,"valueName":"search_term_string"}}],"inLanguage":"pt-BR"},{"@type":"Organization","@id":"https:\/\/redenoticiaz.com.br\/ribeiraopreto-regiao\/#organization","name":"Ribeir\u00e3o Preto e Regi\u00e3o","url":"https:\/\/redenoticiaz.com.br\/ribeiraopreto-regiao\/","logo":{"@type":"ImageObject","inLanguage":"pt-BR","@id":"https:\/\/redenoticiaz.com.br\/ribeiraopreto-regiao\/#\/schema\/logo\/image\/","url":"https:\/\/redenoticiaz.com.br\/barretos-regiao\/wp-content\/uploads\/sites\/4\/2022\/02\/logo.jpg","contentUrl":"https:\/\/redenoticiaz.com.br\/barretos-regiao\/wp-content\/uploads\/sites\/4\/2022\/02\/logo.jpg","width":400,"height":250,"caption":"Ribeir\u00e3o Preto e Regi\u00e3o"},"image":{"@id":"https:\/\/redenoticiaz.com.br\/ribeiraopreto-regiao\/#\/schema\/logo\/image\/"},"sameAs":["https:\/\/m.facebook.com\/redenoticiaz.barretos","https:\/\/x.com\/RN_barretos","https:\/\/www.instagram.com\/redenoticiaz.barretos\/?igshid=YmMyMTA2M2Y","https:\/\/www.linkedin.com\/company\/rede-noticiaz-barretos-e-regio\/"]},{"@type":"Person","@id":"https:\/\/redenoticiaz.com.br\/ribeiraopreto-regiao\/#\/schema\/person\/16057b37a3c0ee6b096d7f887c566e2e","name":"Gustavo Silva","image":{"@type":"ImageObject","inLanguage":"pt-BR","@id":"https:\/\/secure.gravatar.com\/avatar\/3ee4e82f93b26de0a7cf4ea5eb7893da637ed6bb0c9170c58065944c56e28a33?s=96&d=mm&r=g","url":"https:\/\/secure.gravatar.com\/avatar\/3ee4e82f93b26de0a7cf4ea5eb7893da637ed6bb0c9170c58065944c56e28a33?s=96&d=mm&r=g","contentUrl":"https:\/\/secure.gravatar.com\/avatar\/3ee4e82f93b26de0a7cf4ea5eb7893da637ed6bb0c9170c58065944c56e28a33?s=96&d=mm&r=g","caption":"Gustavo Silva"},"url":"https:\/\/redenoticiaz.com.br\/ribeiraopreto-regiao\/sp\/author\/gustavosilva"}]}},"_links":{"self":[{"href":"https:\/\/redenoticiaz.com.br\/ribeiraopreto-regiao\/wp-json\/wp\/v2\/posts\/118295","targetHints":{"allow":["GET"]}}],"collection":[{"href":"https:\/\/redenoticiaz.com.br\/ribeiraopreto-regiao\/wp-json\/wp\/v2\/posts"}],"about":[{"href":"https:\/\/redenoticiaz.com.br\/ribeiraopreto-regiao\/wp-json\/wp\/v2\/types\/post"}],"author":[{"embeddable":true,"href":"https:\/\/redenoticiaz.com.br\/ribeiraopreto-regiao\/wp-json\/wp\/v2\/users\/12"}],"replies":[{"embeddable":true,"href":"https:\/\/redenoticiaz.com.br\/ribeiraopreto-regiao\/wp-json\/wp\/v2\/comments?post=118295"}],"version-history":[{"count":1,"href":"https:\/\/redenoticiaz.com.br\/ribeiraopreto-regiao\/wp-json\/wp\/v2\/posts\/118295\/revisions"}],"predecessor-version":[{"id":118296,"href":"https:\/\/redenoticiaz.com.br\/ribeiraopreto-regiao\/wp-json\/wp\/v2\/posts\/118295\/revisions\/118296"}],"wp:featuredmedia":[{"embeddable":true,"href":"https:\/\/redenoticiaz.com.br\/ribeiraopreto-regiao\/wp-json\/wp\/v2\/media\/115578"}],"wp:attachment":[{"href":"https:\/\/redenoticiaz.com.br\/ribeiraopreto-regiao\/wp-json\/wp\/v2\/media?parent=118295"}],"wp:term":[{"taxonomy":"category","embeddable":true,"href":"https:\/\/redenoticiaz.com.br\/ribeiraopreto-regiao\/wp-json\/wp\/v2\/categories?post=118295"},{"taxonomy":"post_tag","embeddable":true,"href":"https:\/\/redenoticiaz.com.br\/ribeiraopreto-regiao\/wp-json\/wp\/v2\/tags?post=118295"}],"curies":[{"name":"wp","href":"https:\/\/api.w.org\/{rel}","templated":true}]}}