{"id":118385,"date":"2024-09-07T12:00:27","date_gmt":"2024-09-07T15:00:27","guid":{"rendered":"https:\/\/redenoticiaz.com.br\/barretos-regiao\/?p=118385"},"modified":"2024-09-03T19:07:22","modified_gmt":"2024-09-03T22:07:22","slug":"sindicatos-e-mp-vao-receber-denuncias-de-assedio-eleitoral-no-trabalho","status":"publish","type":"post","link":"https:\/\/redenoticiaz.com.br\/ribeiraopreto-regiao\/sp\/2024\/09\/07\/sindicatos-e-mp-vao-receber-denuncias-de-assedio-eleitoral-no-trabalho","title":{"rendered":"Sindicatos e MP v\u00e3o receber den\u00fancias de ass\u00e9dio eleitoral no trabalho"},"content":{"rendered":"<p>O ass\u00e9dio eleitoral \u00e9 crime e, desde 2022,\u00a0o n\u00famero de den\u00fancias s\u00f3 tem crescido. Para evitar que um trabalhador ou servidor p\u00fablico sofra a press\u00e3o direta ou indireta dos patr\u00f5es ou dos chefes imediatos para votar em determinado candidato, as centrais sindicais lan\u00e7aram, nesta ter\u00e7a-feira (3), um aplicativo onde \u00e9 poss\u00edvel que o trabalhador denuncie essa pr\u00e1tica antidemocr\u00e1tica.<img decoding=\"async\" src=\"https:\/\/agenciabrasil.ebc.com.br\/ebc.png?id=1610479&amp;o=node\" \/><img decoding=\"async\" src=\"https:\/\/agenciabrasil.ebc.com.br\/ebc.gif?id=1610479&amp;o=node\" \/><\/p>\n<p>O lan\u00e7amento ocorre em parceria com o Minist\u00e9rio P\u00fablico do Trabalho (MPT). A iniciativa partiu da Central \u00danica dos Trabalhadores (CUT), For\u00e7a Sindical, Nova Central Sindical de Trabalhadores (NCST), Uni\u00e3o Geral dos Trabalhadores (UGT), Central dos Sindicatos Brasileiros (CSB), P\u00fablica, Intersindical e MPT. A den\u00fancia\u00a0pode ser feita na\u00a0<a href=\"https:\/\/centraissindicais.org.br\/ae\/\" target=\"_blank\" rel=\"noopener\">p\u00e1gina do F\u00f3rum das Centrais Sindicais<\/a>.<\/p>\n<p>Paulo Oliveira, secret\u00e1rio de Organiza\u00e7\u00e3o e Mobiliza\u00e7\u00e3o da CSB, explicou que os trabalhadores n\u00e3o v\u00e3o precisar baixar o app. Os sites das centrais e o MPT v\u00e3o colocar em suas p\u00e1ginas o QR Code onde o trabalhador, com seu celular, poder\u00e1 acessar o canal e denunciar se estiver sendo v\u00edtima de ass\u00e9dio eleitoral no ambiente de trabalho.<\/p>\n<p>O ass\u00e9dio eleitoral, muitas vezes, ocorre de maneira sutil, segundo a procuradora do MPT Priscila Moreto, quando um empregador defende que seus funcion\u00e1rios votem em determinado candidato porque, assim, a empresa continuar\u00e1 crescendo. Caso o trabalhador n\u00e3o vote no candidato do patr\u00e3o, o empregador diz que haver\u00e1 mudan\u00e7as, quando n\u00e3o demiss\u00f5es. \u201cEssa \u00e9 uma das formas do ass\u00e9dio eleitoral\u201d, disse.<\/p>\n<p>O secret\u00e1rio nacional de Assuntos Jur\u00eddicos da CUT, Valeir Ertle,\u00a0alerta que o ass\u00e9dio eleitoral \u00e9 muito forte no Brasil, at\u00e9 porque em 73% dos 5,7 mil munic\u00edpios, a popula\u00e7\u00e3o varia entre 10 e 20 mil habitantes. \u201cNessas cidades, \u00e9 muito comum que os trabalhadores conhe\u00e7am os candidatos preferidos do empregador, e a press\u00e3o para que os funcion\u00e1rios votem no candidato indicado \u00e9 muito forte. A mesma press\u00e3o, o ass\u00e9dio, ocorre com os funcion\u00e1rios das prefeituras\u201d, disse.<\/p>\n<p>O voto livre\u00a0\u00e9 um direito fundamental que deve prevalecer em todas as situa\u00e7\u00f5es, de acordo com a tamb\u00e9m procuradora do trabalho Danielle Olivares Corr\u00eaa, porque, caso contr\u00e1rio, o trabalhador torna-se um instrumento dos interesses exclusivos do empregador. Ass\u00e9dio eleitoral \u00e9 crime e o MPT estar\u00e1 atento a toda e qualquer den\u00fancia que chegar pelo app.<\/p>\n<p>Nas elei\u00e7\u00f5es de 2022, as centrais sindicais e o MPT fizeram a mesma parceria de agora, e o resultado foi o recebimento de 3,5 mil den\u00fancias de ass\u00e9dio eleitoral, um percentual 1.600% maior do que o registrado\u00a0nas elei\u00e7\u00f5es de 2018.<\/p>\n<p>O ass\u00e9dio eleitoral ou o \u201cvoto de cabresto\u201d n\u00e3o se v\u00ea mais nos rinc\u00f5es do pa\u00eds, onde os coron\u00e9is determinavam em qual ou quais candidatos os empregados deviam votar. Esse fen\u00f4meno cresceu e veio para os grandes centros urbanos tamb\u00e9m. Dados extra\u00eddos do sistema informatizado do MPT, em 2022 foram expedidas 1.512 recomenda\u00e7\u00f5es e ajuizadas 105 a\u00e7\u00f5es civis p\u00fablicas contra o ass\u00e9dio eleitoral.<\/p>\n<p>As centrais sindicais e o MPT disponibilizaram cartilhas para que os trabalhadores identifiquem as abordagens il\u00edcitas no ambiente de trabalho.<\/p>\n<p>Leia mais<\/p>\n<p><a href=\"https:\/\/redenoticiaz.com.br\/blog\/2024\/08\/31\/china-e-alba-reconhecem-decisao-da-justica-sobre-eleicao-na-venezuela\">China e Alba reconhecem decis\u00e3o da Justi\u00e7a sobre elei\u00e7\u00e3o na Venezuela<\/a><\/p>\n<p><a href=\"https:\/\/redenoticiaz.com.br\/blog\/2024\/08\/24\/pela-segunda-vez-candidatos-negros-superam-os-brancos-em-eleicao\">Pela segunda vez, candidatos negros superam os brancos em elei\u00e7\u00e3o<\/a><\/p>\n","protected":false},"excerpt":{"rendered":"<p>O ass\u00e9dio eleitoral \u00e9 crime e, desde 2022,\u00a0o n\u00famero de den\u00fancias s\u00f3 tem crescido. Para evitar que um trabalhador ou servidor p\u00fablico sofra a press\u00e3o direta ou indireta dos patr\u00f5es ou dos chefes imediatos para votar em determinado candidato, as centrais sindicais lan\u00e7aram, nesta ter\u00e7a-feira (3), um aplicativo onde \u00e9 poss\u00edvel que o trabalhador denuncie &hellip;<\/p>\n","protected":false},"author":12,"featured_media":94014,"comment_status":"open","ping_status":"closed","sticky":false,"template":"","format":"standard","meta":{"footnotes":""},"categories":[9271],"tags":[20670,30489,27808],"class_list":["post-118385","post","type-post","status-publish","format-standard","has-post-thumbnail","hentry","category-eleicoes","tag-eleicao","tag-mpt","tag-semana"],"yoast_head":"<!-- This site is optimized with the Yoast SEO plugin v27.4 - https:\/\/yoast.com\/product\/yoast-seo-wordpress\/ -->\n<title>Sindicatos e MP v\u00e3o receber den\u00fancias de ass\u00e9dio eleitoral no trabalho - Ribeir\u00e3o Preto e Regi\u00e3o<\/title>\n<meta name=\"description\" content=\"Para evitar que um trabalhador ou servidor p\u00fablico sofra a press\u00e3o direta ou indireta dos patr\u00f5es ou dos chefes imediatos para votar em determinado candidato, as centrais sindicais lan\u00e7aram, nesta ter\u00e7a-feira (3), um aplicativo onde \u00e9 poss\u00edvel que o trabalhador denuncie essa pr\u00e1tica antidemocr\u00e1tica.\" \/>\n<meta name=\"robots\" content=\"index, follow, max-snippet:-1, max-image-preview:large, max-video-preview:-1\" \/>\n<link rel=\"canonical\" href=\"https:\/\/redenoticiaz.com.br\/ribeiraopreto-regiao\/sp\/2024\/09\/07\/sindicatos-e-mp-vao-receber-denuncias-de-assedio-eleitoral-no-trabalho\" \/>\n<meta property=\"og:locale\" content=\"pt_BR\" \/>\n<meta property=\"og:type\" content=\"article\" \/>\n<meta property=\"og:title\" content=\"Sindicatos e MP v\u00e3o receber den\u00fancias de ass\u00e9dio eleitoral no trabalho - Ribeir\u00e3o Preto e Regi\u00e3o\" \/>\n<meta property=\"og:description\" content=\"Para evitar que um trabalhador ou servidor p\u00fablico sofra a press\u00e3o direta ou indireta dos patr\u00f5es ou dos chefes imediatos para votar em determinado candidato, as centrais sindicais lan\u00e7aram, nesta ter\u00e7a-feira (3), um aplicativo onde \u00e9 poss\u00edvel que o trabalhador denuncie essa pr\u00e1tica antidemocr\u00e1tica.\" \/>\n<meta property=\"og:url\" content=\"https:\/\/redenoticiaz.com.br\/ribeiraopreto-regiao\/sp\/2024\/09\/07\/sindicatos-e-mp-vao-receber-denuncias-de-assedio-eleitoral-no-trabalho\" \/>\n<meta property=\"og:site_name\" content=\"Ribeir\u00e3o Preto e Regi\u00e3o\" \/>\n<meta property=\"article:publisher\" content=\"https:\/\/m.facebook.com\/redenoticiaz.barretos\" \/>\n<meta property=\"article:published_time\" content=\"2024-09-07T15:00:27+00:00\" \/>\n<meta property=\"og:image\" content=\"https:\/\/redenoticiaz.com.br\/ribeiraopreto-regiao\/wp-content\/uploads\/sites\/4\/2022\/10\/urna-eleicoes.jpg?v=1666828800\" \/>\n\t<meta property=\"og:image:width\" content=\"1170\" \/>\n\t<meta property=\"og:image:height\" content=\"700\" \/>\n\t<meta property=\"og:image:type\" content=\"image\/jpeg\" \/>\n<meta name=\"author\" content=\"Gustavo Silva\" \/>\n<meta name=\"twitter:card\" content=\"summary_large_image\" \/>\n<meta name=\"twitter:creator\" content=\"@RN_barretos\" \/>\n<meta name=\"twitter:site\" content=\"@RN_barretos\" \/>\n<meta name=\"twitter:label1\" content=\"Escrito por\" \/>\n\t<meta name=\"twitter:data1\" content=\"Gustavo Silva\" \/>\n\t<meta name=\"twitter:label2\" content=\"Est. tempo de leitura\" \/>\n\t<meta name=\"twitter:data2\" content=\"4 minutos\" \/>\n<script type=\"application\/ld+json\" class=\"yoast-schema-graph\">{\"@context\":\"https:\\\/\\\/schema.org\",\"@graph\":[{\"@type\":\"Article\",\"@id\":\"https:\\\/\\\/redenoticiaz.com.br\\\/ribeiraopreto-regiao\\\/sp\\\/2024\\\/09\\\/07\\\/sindicatos-e-mp-vao-receber-denuncias-de-assedio-eleitoral-no-trabalho#article\",\"isPartOf\":{\"@id\":\"https:\\\/\\\/redenoticiaz.com.br\\\/ribeiraopreto-regiao\\\/sp\\\/2024\\\/09\\\/07\\\/sindicatos-e-mp-vao-receber-denuncias-de-assedio-eleitoral-no-trabalho\"},\"author\":{\"name\":\"Gustavo Silva\",\"@id\":\"https:\\\/\\\/redenoticiaz.com.br\\\/ribeiraopreto-regiao\\\/#\\\/schema\\\/person\\\/16057b37a3c0ee6b096d7f887c566e2e\"},\"headline\":\"Sindicatos e MP v\u00e3o receber den\u00fancias de ass\u00e9dio eleitoral no trabalho\",\"datePublished\":\"2024-09-07T15:00:27+00:00\",\"mainEntityOfPage\":{\"@id\":\"https:\\\/\\\/redenoticiaz.com.br\\\/ribeiraopreto-regiao\\\/sp\\\/2024\\\/09\\\/07\\\/sindicatos-e-mp-vao-receber-denuncias-de-assedio-eleitoral-no-trabalho\"},\"wordCount\":579,\"commentCount\":0,\"publisher\":{\"@id\":\"https:\\\/\\\/redenoticiaz.com.br\\\/ribeiraopreto-regiao\\\/#organization\"},\"image\":{\"@id\":\"https:\\\/\\\/redenoticiaz.com.br\\\/ribeiraopreto-regiao\\\/sp\\\/2024\\\/09\\\/07\\\/sindicatos-e-mp-vao-receber-denuncias-de-assedio-eleitoral-no-trabalho#primaryimage\"},\"thumbnailUrl\":\"https:\\\/\\\/redenoticiaz.com.br\\\/ribeiraopreto-regiao\\\/wp-content\\\/uploads\\\/sites\\\/4\\\/2022\\\/10\\\/urna-eleicoes.jpg?v=1666828800\",\"keywords\":[\"ELEI\u00c7\u00c3O\",\"MPT\",\"semana\"],\"articleSection\":[\"Elei\u00e7\u00f5es\"],\"inLanguage\":\"pt-BR\",\"potentialAction\":[{\"@type\":\"CommentAction\",\"name\":\"Comment\",\"target\":[\"https:\\\/\\\/redenoticiaz.com.br\\\/ribeiraopreto-regiao\\\/sp\\\/2024\\\/09\\\/07\\\/sindicatos-e-mp-vao-receber-denuncias-de-assedio-eleitoral-no-trabalho#respond\"]}]},{\"@type\":\"WebPage\",\"@id\":\"https:\\\/\\\/redenoticiaz.com.br\\\/ribeiraopreto-regiao\\\/sp\\\/2024\\\/09\\\/07\\\/sindicatos-e-mp-vao-receber-denuncias-de-assedio-eleitoral-no-trabalho\",\"url\":\"https:\\\/\\\/redenoticiaz.com.br\\\/ribeiraopreto-regiao\\\/sp\\\/2024\\\/09\\\/07\\\/sindicatos-e-mp-vao-receber-denuncias-de-assedio-eleitoral-no-trabalho\",\"name\":\"Sindicatos e MP v\u00e3o receber den\u00fancias de ass\u00e9dio eleitoral no trabalho - Ribeir\u00e3o Preto e Regi\u00e3o\",\"isPartOf\":{\"@id\":\"https:\\\/\\\/redenoticiaz.com.br\\\/ribeiraopreto-regiao\\\/#website\"},\"primaryImageOfPage\":{\"@id\":\"https:\\\/\\\/redenoticiaz.com.br\\\/ribeiraopreto-regiao\\\/sp\\\/2024\\\/09\\\/07\\\/sindicatos-e-mp-vao-receber-denuncias-de-assedio-eleitoral-no-trabalho#primaryimage\"},\"image\":{\"@id\":\"https:\\\/\\\/redenoticiaz.com.br\\\/ribeiraopreto-regiao\\\/sp\\\/2024\\\/09\\\/07\\\/sindicatos-e-mp-vao-receber-denuncias-de-assedio-eleitoral-no-trabalho#primaryimage\"},\"thumbnailUrl\":\"https:\\\/\\\/redenoticiaz.com.br\\\/ribeiraopreto-regiao\\\/wp-content\\\/uploads\\\/sites\\\/4\\\/2022\\\/10\\\/urna-eleicoes.jpg?v=1666828800\",\"datePublished\":\"2024-09-07T15:00:27+00:00\",\"description\":\"Para evitar que um trabalhador ou servidor p\u00fablico sofra a press\u00e3o direta ou indireta dos patr\u00f5es ou dos chefes imediatos para votar em determinado candidato, as centrais sindicais lan\u00e7aram, nesta ter\u00e7a-feira (3), um aplicativo onde \u00e9 poss\u00edvel que o trabalhador denuncie essa pr\u00e1tica antidemocr\u00e1tica.\",\"inLanguage\":\"pt-BR\",\"potentialAction\":[{\"@type\":\"ReadAction\",\"target\":[\"https:\\\/\\\/redenoticiaz.com.br\\\/ribeiraopreto-regiao\\\/sp\\\/2024\\\/09\\\/07\\\/sindicatos-e-mp-vao-receber-denuncias-de-assedio-eleitoral-no-trabalho\"]}]},{\"@type\":\"ImageObject\",\"inLanguage\":\"pt-BR\",\"@id\":\"https:\\\/\\\/redenoticiaz.com.br\\\/ribeiraopreto-regiao\\\/sp\\\/2024\\\/09\\\/07\\\/sindicatos-e-mp-vao-receber-denuncias-de-assedio-eleitoral-no-trabalho#primaryimage\",\"url\":\"https:\\\/\\\/redenoticiaz.com.br\\\/ribeiraopreto-regiao\\\/wp-content\\\/uploads\\\/sites\\\/4\\\/2022\\\/10\\\/urna-eleicoes.jpg?v=1666828800\",\"contentUrl\":\"https:\\\/\\\/redenoticiaz.com.br\\\/ribeiraopreto-regiao\\\/wp-content\\\/uploads\\\/sites\\\/4\\\/2022\\\/10\\\/urna-eleicoes.jpg?v=1666828800\",\"width\":1170,\"height\":700,\"caption\":\"Cr\u00e9ditos: Divulga\u00e7\u00e3o\\\/Ag\u00eancia Brasil\"},{\"@type\":\"WebSite\",\"@id\":\"https:\\\/\\\/redenoticiaz.com.br\\\/ribeiraopreto-regiao\\\/#website\",\"url\":\"https:\\\/\\\/redenoticiaz.com.br\\\/ribeiraopreto-regiao\\\/\",\"name\":\"Ribeir\u00e3o Preto e Regi\u00e3o\",\"description\":\"Rede NoticiaZ - Ribeir\u00e3o Preto e regi\u00e3o\",\"publisher\":{\"@id\":\"https:\\\/\\\/redenoticiaz.com.br\\\/ribeiraopreto-regiao\\\/#organization\"},\"potentialAction\":[{\"@type\":\"SearchAction\",\"target\":{\"@type\":\"EntryPoint\",\"urlTemplate\":\"https:\\\/\\\/redenoticiaz.com.br\\\/ribeiraopreto-regiao\\\/?s={search_term_string}\"},\"query-input\":{\"@type\":\"PropertyValueSpecification\",\"valueRequired\":true,\"valueName\":\"search_term_string\"}}],\"inLanguage\":\"pt-BR\"},{\"@type\":\"Organization\",\"@id\":\"https:\\\/\\\/redenoticiaz.com.br\\\/ribeiraopreto-regiao\\\/#organization\",\"name\":\"Ribeir\u00e3o Preto e Regi\u00e3o\",\"url\":\"https:\\\/\\\/redenoticiaz.com.br\\\/ribeiraopreto-regiao\\\/\",\"logo\":{\"@type\":\"ImageObject\",\"inLanguage\":\"pt-BR\",\"@id\":\"https:\\\/\\\/redenoticiaz.com.br\\\/ribeiraopreto-regiao\\\/#\\\/schema\\\/logo\\\/image\\\/\",\"url\":\"https:\\\/\\\/redenoticiaz.com.br\\\/barretos-regiao\\\/wp-content\\\/uploads\\\/sites\\\/4\\\/2022\\\/02\\\/logo.jpg\",\"contentUrl\":\"https:\\\/\\\/redenoticiaz.com.br\\\/barretos-regiao\\\/wp-content\\\/uploads\\\/sites\\\/4\\\/2022\\\/02\\\/logo.jpg\",\"width\":400,\"height\":250,\"caption\":\"Ribeir\u00e3o Preto e Regi\u00e3o\"},\"image\":{\"@id\":\"https:\\\/\\\/redenoticiaz.com.br\\\/ribeiraopreto-regiao\\\/#\\\/schema\\\/logo\\\/image\\\/\"},\"sameAs\":[\"https:\\\/\\\/m.facebook.com\\\/redenoticiaz.barretos\",\"https:\\\/\\\/x.com\\\/RN_barretos\",\"https:\\\/\\\/www.instagram.com\\\/redenoticiaz.barretos\\\/?igshid=YmMyMTA2M2Y\",\"https:\\\/\\\/www.linkedin.com\\\/company\\\/rede-noticiaz-barretos-e-regio\\\/\"]},{\"@type\":\"Person\",\"@id\":\"https:\\\/\\\/redenoticiaz.com.br\\\/ribeiraopreto-regiao\\\/#\\\/schema\\\/person\\\/16057b37a3c0ee6b096d7f887c566e2e\",\"name\":\"Gustavo Silva\",\"image\":{\"@type\":\"ImageObject\",\"inLanguage\":\"pt-BR\",\"@id\":\"https:\\\/\\\/secure.gravatar.com\\\/avatar\\\/3ee4e82f93b26de0a7cf4ea5eb7893da637ed6bb0c9170c58065944c56e28a33?s=96&d=mm&r=g\",\"url\":\"https:\\\/\\\/secure.gravatar.com\\\/avatar\\\/3ee4e82f93b26de0a7cf4ea5eb7893da637ed6bb0c9170c58065944c56e28a33?s=96&d=mm&r=g\",\"contentUrl\":\"https:\\\/\\\/secure.gravatar.com\\\/avatar\\\/3ee4e82f93b26de0a7cf4ea5eb7893da637ed6bb0c9170c58065944c56e28a33?s=96&d=mm&r=g\",\"caption\":\"Gustavo Silva\"},\"url\":\"https:\\\/\\\/redenoticiaz.com.br\\\/ribeiraopreto-regiao\\\/sp\\\/author\\\/gustavosilva\"}]}<\/script>\n<!-- \/ Yoast SEO plugin. -->","yoast_head_json":{"title":"Sindicatos e MP v\u00e3o receber den\u00fancias de ass\u00e9dio eleitoral no trabalho - Ribeir\u00e3o Preto e Regi\u00e3o","description":"Para evitar que um trabalhador ou servidor p\u00fablico sofra a press\u00e3o direta ou indireta dos patr\u00f5es ou dos chefes imediatos para votar em determinado candidato, as centrais sindicais lan\u00e7aram, nesta ter\u00e7a-feira (3), um aplicativo onde \u00e9 poss\u00edvel que o trabalhador denuncie essa pr\u00e1tica antidemocr\u00e1tica.","robots":{"index":"index","follow":"follow","max-snippet":"max-snippet:-1","max-image-preview":"max-image-preview:large","max-video-preview":"max-video-preview:-1"},"canonical":"https:\/\/redenoticiaz.com.br\/ribeiraopreto-regiao\/sp\/2024\/09\/07\/sindicatos-e-mp-vao-receber-denuncias-de-assedio-eleitoral-no-trabalho","og_locale":"pt_BR","og_type":"article","og_title":"Sindicatos e MP v\u00e3o receber den\u00fancias de ass\u00e9dio eleitoral no trabalho - Ribeir\u00e3o Preto e Regi\u00e3o","og_description":"Para evitar que um trabalhador ou servidor p\u00fablico sofra a press\u00e3o direta ou indireta dos patr\u00f5es ou dos chefes imediatos para votar em determinado candidato, as centrais sindicais lan\u00e7aram, nesta ter\u00e7a-feira (3), um aplicativo onde \u00e9 poss\u00edvel que o trabalhador denuncie essa pr\u00e1tica antidemocr\u00e1tica.","og_url":"https:\/\/redenoticiaz.com.br\/ribeiraopreto-regiao\/sp\/2024\/09\/07\/sindicatos-e-mp-vao-receber-denuncias-de-assedio-eleitoral-no-trabalho","og_site_name":"Ribeir\u00e3o Preto e Regi\u00e3o","article_publisher":"https:\/\/m.facebook.com\/redenoticiaz.barretos","article_published_time":"2024-09-07T15:00:27+00:00","og_image":[{"width":1170,"height":700,"url":"https:\/\/redenoticiaz.com.br\/ribeiraopreto-regiao\/wp-content\/uploads\/sites\/4\/2022\/10\/urna-eleicoes.jpg?v=1666828800","type":"image\/jpeg"}],"author":"Gustavo Silva","twitter_card":"summary_large_image","twitter_creator":"@RN_barretos","twitter_site":"@RN_barretos","twitter_misc":{"Escrito por":"Gustavo Silva","Est. tempo de leitura":"4 minutos"},"schema":{"@context":"https:\/\/schema.org","@graph":[{"@type":"Article","@id":"https:\/\/redenoticiaz.com.br\/ribeiraopreto-regiao\/sp\/2024\/09\/07\/sindicatos-e-mp-vao-receber-denuncias-de-assedio-eleitoral-no-trabalho#article","isPartOf":{"@id":"https:\/\/redenoticiaz.com.br\/ribeiraopreto-regiao\/sp\/2024\/09\/07\/sindicatos-e-mp-vao-receber-denuncias-de-assedio-eleitoral-no-trabalho"},"author":{"name":"Gustavo Silva","@id":"https:\/\/redenoticiaz.com.br\/ribeiraopreto-regiao\/#\/schema\/person\/16057b37a3c0ee6b096d7f887c566e2e"},"headline":"Sindicatos e MP v\u00e3o receber den\u00fancias de ass\u00e9dio eleitoral no trabalho","datePublished":"2024-09-07T15:00:27+00:00","mainEntityOfPage":{"@id":"https:\/\/redenoticiaz.com.br\/ribeiraopreto-regiao\/sp\/2024\/09\/07\/sindicatos-e-mp-vao-receber-denuncias-de-assedio-eleitoral-no-trabalho"},"wordCount":579,"commentCount":0,"publisher":{"@id":"https:\/\/redenoticiaz.com.br\/ribeiraopreto-regiao\/#organization"},"image":{"@id":"https:\/\/redenoticiaz.com.br\/ribeiraopreto-regiao\/sp\/2024\/09\/07\/sindicatos-e-mp-vao-receber-denuncias-de-assedio-eleitoral-no-trabalho#primaryimage"},"thumbnailUrl":"https:\/\/redenoticiaz.com.br\/ribeiraopreto-regiao\/wp-content\/uploads\/sites\/4\/2022\/10\/urna-eleicoes.jpg?v=1666828800","keywords":["ELEI\u00c7\u00c3O","MPT","semana"],"articleSection":["Elei\u00e7\u00f5es"],"inLanguage":"pt-BR","potentialAction":[{"@type":"CommentAction","name":"Comment","target":["https:\/\/redenoticiaz.com.br\/ribeiraopreto-regiao\/sp\/2024\/09\/07\/sindicatos-e-mp-vao-receber-denuncias-de-assedio-eleitoral-no-trabalho#respond"]}]},{"@type":"WebPage","@id":"https:\/\/redenoticiaz.com.br\/ribeiraopreto-regiao\/sp\/2024\/09\/07\/sindicatos-e-mp-vao-receber-denuncias-de-assedio-eleitoral-no-trabalho","url":"https:\/\/redenoticiaz.com.br\/ribeiraopreto-regiao\/sp\/2024\/09\/07\/sindicatos-e-mp-vao-receber-denuncias-de-assedio-eleitoral-no-trabalho","name":"Sindicatos e MP v\u00e3o receber den\u00fancias de ass\u00e9dio eleitoral no trabalho - Ribeir\u00e3o Preto e Regi\u00e3o","isPartOf":{"@id":"https:\/\/redenoticiaz.com.br\/ribeiraopreto-regiao\/#website"},"primaryImageOfPage":{"@id":"https:\/\/redenoticiaz.com.br\/ribeiraopreto-regiao\/sp\/2024\/09\/07\/sindicatos-e-mp-vao-receber-denuncias-de-assedio-eleitoral-no-trabalho#primaryimage"},"image":{"@id":"https:\/\/redenoticiaz.com.br\/ribeiraopreto-regiao\/sp\/2024\/09\/07\/sindicatos-e-mp-vao-receber-denuncias-de-assedio-eleitoral-no-trabalho#primaryimage"},"thumbnailUrl":"https:\/\/redenoticiaz.com.br\/ribeiraopreto-regiao\/wp-content\/uploads\/sites\/4\/2022\/10\/urna-eleicoes.jpg?v=1666828800","datePublished":"2024-09-07T15:00:27+00:00","description":"Para evitar que um trabalhador ou servidor p\u00fablico sofra a press\u00e3o direta ou indireta dos patr\u00f5es ou dos chefes imediatos para votar em determinado candidato, as centrais sindicais lan\u00e7aram, nesta ter\u00e7a-feira (3), um aplicativo onde \u00e9 poss\u00edvel que o trabalhador denuncie essa pr\u00e1tica antidemocr\u00e1tica.","inLanguage":"pt-BR","potentialAction":[{"@type":"ReadAction","target":["https:\/\/redenoticiaz.com.br\/ribeiraopreto-regiao\/sp\/2024\/09\/07\/sindicatos-e-mp-vao-receber-denuncias-de-assedio-eleitoral-no-trabalho"]}]},{"@type":"ImageObject","inLanguage":"pt-BR","@id":"https:\/\/redenoticiaz.com.br\/ribeiraopreto-regiao\/sp\/2024\/09\/07\/sindicatos-e-mp-vao-receber-denuncias-de-assedio-eleitoral-no-trabalho#primaryimage","url":"https:\/\/redenoticiaz.com.br\/ribeiraopreto-regiao\/wp-content\/uploads\/sites\/4\/2022\/10\/urna-eleicoes.jpg?v=1666828800","contentUrl":"https:\/\/redenoticiaz.com.br\/ribeiraopreto-regiao\/wp-content\/uploads\/sites\/4\/2022\/10\/urna-eleicoes.jpg?v=1666828800","width":1170,"height":700,"caption":"Cr\u00e9ditos: Divulga\u00e7\u00e3o\/Ag\u00eancia Brasil"},{"@type":"WebSite","@id":"https:\/\/redenoticiaz.com.br\/ribeiraopreto-regiao\/#website","url":"https:\/\/redenoticiaz.com.br\/ribeiraopreto-regiao\/","name":"Ribeir\u00e3o Preto e Regi\u00e3o","description":"Rede NoticiaZ - Ribeir\u00e3o Preto e regi\u00e3o","publisher":{"@id":"https:\/\/redenoticiaz.com.br\/ribeiraopreto-regiao\/#organization"},"potentialAction":[{"@type":"SearchAction","target":{"@type":"EntryPoint","urlTemplate":"https:\/\/redenoticiaz.com.br\/ribeiraopreto-regiao\/?s={search_term_string}"},"query-input":{"@type":"PropertyValueSpecification","valueRequired":true,"valueName":"search_term_string"}}],"inLanguage":"pt-BR"},{"@type":"Organization","@id":"https:\/\/redenoticiaz.com.br\/ribeiraopreto-regiao\/#organization","name":"Ribeir\u00e3o Preto e Regi\u00e3o","url":"https:\/\/redenoticiaz.com.br\/ribeiraopreto-regiao\/","logo":{"@type":"ImageObject","inLanguage":"pt-BR","@id":"https:\/\/redenoticiaz.com.br\/ribeiraopreto-regiao\/#\/schema\/logo\/image\/","url":"https:\/\/redenoticiaz.com.br\/barretos-regiao\/wp-content\/uploads\/sites\/4\/2022\/02\/logo.jpg","contentUrl":"https:\/\/redenoticiaz.com.br\/barretos-regiao\/wp-content\/uploads\/sites\/4\/2022\/02\/logo.jpg","width":400,"height":250,"caption":"Ribeir\u00e3o Preto e Regi\u00e3o"},"image":{"@id":"https:\/\/redenoticiaz.com.br\/ribeiraopreto-regiao\/#\/schema\/logo\/image\/"},"sameAs":["https:\/\/m.facebook.com\/redenoticiaz.barretos","https:\/\/x.com\/RN_barretos","https:\/\/www.instagram.com\/redenoticiaz.barretos\/?igshid=YmMyMTA2M2Y","https:\/\/www.linkedin.com\/company\/rede-noticiaz-barretos-e-regio\/"]},{"@type":"Person","@id":"https:\/\/redenoticiaz.com.br\/ribeiraopreto-regiao\/#\/schema\/person\/16057b37a3c0ee6b096d7f887c566e2e","name":"Gustavo Silva","image":{"@type":"ImageObject","inLanguage":"pt-BR","@id":"https:\/\/secure.gravatar.com\/avatar\/3ee4e82f93b26de0a7cf4ea5eb7893da637ed6bb0c9170c58065944c56e28a33?s=96&d=mm&r=g","url":"https:\/\/secure.gravatar.com\/avatar\/3ee4e82f93b26de0a7cf4ea5eb7893da637ed6bb0c9170c58065944c56e28a33?s=96&d=mm&r=g","contentUrl":"https:\/\/secure.gravatar.com\/avatar\/3ee4e82f93b26de0a7cf4ea5eb7893da637ed6bb0c9170c58065944c56e28a33?s=96&d=mm&r=g","caption":"Gustavo Silva"},"url":"https:\/\/redenoticiaz.com.br\/ribeiraopreto-regiao\/sp\/author\/gustavosilva"}]}},"_links":{"self":[{"href":"https:\/\/redenoticiaz.com.br\/ribeiraopreto-regiao\/wp-json\/wp\/v2\/posts\/118385","targetHints":{"allow":["GET"]}}],"collection":[{"href":"https:\/\/redenoticiaz.com.br\/ribeiraopreto-regiao\/wp-json\/wp\/v2\/posts"}],"about":[{"href":"https:\/\/redenoticiaz.com.br\/ribeiraopreto-regiao\/wp-json\/wp\/v2\/types\/post"}],"author":[{"embeddable":true,"href":"https:\/\/redenoticiaz.com.br\/ribeiraopreto-regiao\/wp-json\/wp\/v2\/users\/12"}],"replies":[{"embeddable":true,"href":"https:\/\/redenoticiaz.com.br\/ribeiraopreto-regiao\/wp-json\/wp\/v2\/comments?post=118385"}],"version-history":[{"count":1,"href":"https:\/\/redenoticiaz.com.br\/ribeiraopreto-regiao\/wp-json\/wp\/v2\/posts\/118385\/revisions"}],"predecessor-version":[{"id":118386,"href":"https:\/\/redenoticiaz.com.br\/ribeiraopreto-regiao\/wp-json\/wp\/v2\/posts\/118385\/revisions\/118386"}],"wp:featuredmedia":[{"embeddable":true,"href":"https:\/\/redenoticiaz.com.br\/ribeiraopreto-regiao\/wp-json\/wp\/v2\/media\/94014"}],"wp:attachment":[{"href":"https:\/\/redenoticiaz.com.br\/ribeiraopreto-regiao\/wp-json\/wp\/v2\/media?parent=118385"}],"wp:term":[{"taxonomy":"category","embeddable":true,"href":"https:\/\/redenoticiaz.com.br\/ribeiraopreto-regiao\/wp-json\/wp\/v2\/categories?post=118385"},{"taxonomy":"post_tag","embeddable":true,"href":"https:\/\/redenoticiaz.com.br\/ribeiraopreto-regiao\/wp-json\/wp\/v2\/tags?post=118385"}],"curies":[{"name":"wp","href":"https:\/\/api.w.org\/{rel}","templated":true}]}}