{"id":118412,"date":"2024-09-05T10:51:47","date_gmt":"2024-09-05T13:51:47","guid":{"rendered":"https:\/\/redenoticiaz.com.br\/barretos-regiao\/sp\/2024\/09\/05\/sebrae-sp-abre-sete-vagas-na-capital-e-interior-com-salarios-de-r-86-mil-e-r-126-mil"},"modified":"2024-09-05T10:52:43","modified_gmt":"2024-09-05T13:52:43","slug":"sebrae-sp-abre-sete-vagas-na-capital-e-interior-com-salarios-de-r-86-mil-e-r-126-mil","status":"publish","type":"post","link":"https:\/\/redenoticiaz.com.br\/ribeiraopreto-regiao\/sp\/2024\/09\/05\/sebrae-sp-abre-sete-vagas-na-capital-e-interior-com-salarios-de-r-86-mil-e-r-126-mil","title":{"rendered":"Sebrae-SP abre sete vagas na capital e interior com sal\u00e1rios de R$ 8,6 mil e R$ 12,6 mil"},"content":{"rendered":"<p>O Sebrae-SP abriu processo seletivo para o preenchimento de sete vagas na capital e interior com sal\u00e1rios de R$ 8,6 mil e R$ 12,6 mil, dependendo do cargo. As inscri\u00e7\u00f5es v\u00e3o at\u00e9 9 de setembro.<\/p>\n<p>Tr\u00eas vagas s\u00e3o afirmativas para pessoas negras. Uma delas \u00e9 de analista de neg\u00f3cios s\u00eanior com sal\u00e1rio R$ 8,6 mil no Escrit\u00f3rio Regional do Sebrae-SP em Guaratinguet\u00e1. Exige-se ensino superior completo e experi\u00eancia de, no m\u00ednimo, seis meses em atendimento ao cliente, diagn\u00f3stico e orienta\u00e7\u00e3o\/venda consultiva e em gest\u00e3o de projetos e processos.<\/p>\n<p>A segunda vaga para pessoas negras \u00e9 para cargo e sal\u00e1rios iguais, por\u00e9m para trabalhar no Escrit\u00f3rio Regional do Sebrae-SP em Piracicaba. \u00c9 preciso ter ensino superior completo e experi\u00eancia de seis meses em articula\u00e7\u00e3o ou negocia\u00e7\u00e3o, gest\u00e3o de projetos com empresas privadas ou p\u00fablicas e experi\u00eancia em atua\u00e7\u00e3o na condu\u00e7\u00e3o de grupos ou aplica\u00e7\u00e3o de cursos.<\/p>\n<p>A terceira vaga tamb\u00e9m \u00e9 para analista de neg\u00f3cios s\u00eanior e a mesma remunera\u00e7\u00e3o das oportunidades anteriores. A pessoa escolhida vai trabalhar no Escrit\u00f3rio Regional do Sebrae-SP Sudoeste Paulista. \u00c9 necess\u00e1rio ter ensino superior completo e seis meses de experi\u00eanciacomprovada atuando com gest\u00e3o de neg\u00f3cios ou programas ou projetos relacionados micro e pequenas empresas.<\/p>\n<p>As demais oportunidades s\u00e3o para concorr\u00eancia geral, sendo mais uma de analista de neg\u00f3cios s\u00eanior no Escrit\u00f3rio Regional Sudoeste Paulista. O sal\u00e1rio \u00e9 de R$ 8,6 mil para quem tiver ensino superior completo e experi\u00eancia m\u00ednima de seis meses comprovada atuando com gest\u00e3o de neg\u00f3cios ou programas e projetos relacionados a micro e pequenas empresas.<\/p>\n<p>As outras vagas s\u00e3o para trabalhar na sede do Sebrae-SP, na capital.<\/p>\n<p>A Ouvidoria do Sebrae-SP abriu uma oportunidade para o cargo de<strong>\u00a0<\/strong>consultor de \u00e9tica e ouvidoria. A remunera\u00e7\u00e3o mensal \u00e9 de R$ 12.686. Exige-se ensino superior completo e certifica\u00e7\u00e3o em ouvidoria (com conclus\u00e3o emitida h\u00e1 mais de seis meses). Al\u00e9m disso, \u00e9 necess\u00e1rio ter pelo menos seis meses de experi\u00eancia comprovada em ouvidoria, compliance ou investiga\u00e7\u00f5es internas.<\/p>\n<p>Por sua vez, a Unidade de Acesso a Mercados e Servi\u00e7os Financeiros busca um analista de desenvolvimento de mercado s\u00eanior. O sal\u00e1rio tamb\u00e9m \u00e9 de R$ 12.686. O interessado deve apresentar ensino superior completo, seis meses de experi\u00eancia comprovada em desenvolvimento de produtos de acesso a mercado nacional ou internacional e em gest\u00e3o de produtos de acesso a mercado nacional ou internacional.<\/p>\n<p>A \u00faltima oportunidade dispon\u00edvel no momento \u00e9 de arquiteto de software, para a qual \u00e9 requisito ter ensino superior completo em uma das \u00e1reas: ci\u00eancia da computa\u00e7\u00e3o, engenharia de software, engenharia da computa\u00e7\u00e3o, sistemas de informa\u00e7\u00e3o ou an\u00e1lise e desenvolvimento de sistemas. \u00c9 necess\u00e1rio ter experi\u00eancia comprovada em arquitetura de sistemas, arquiteturas baseadas em nuvem (GCP e Azure) focadas em desenvolvimento de software (m\u00ednimo de seis meses). A remunera\u00e7\u00e3o \u00e9 de R$ 12.686,00 para atua\u00e7\u00e3o na Unidade Infraestrutura da Informa\u00e7\u00e3o.<\/p>\n<p>A contrata\u00e7\u00e3o \u00e9 no regime da Consolida\u00e7\u00e3o da Leis do Trabalho (CLT).<br \/>\nAs oportunidades s\u00e3o para jornada de 40 horas semanais com disponibilidade para viagens e deslocamentos.<br \/>\nInscri\u00e7\u00f5es para se candidatar em\u00a0<a href=\"https:\/\/sebrae.com.br\/sites\/PortalSebrae\/ufs\/sp\/trabalhe_conosco\/vagas-efetivas-2024,fd7e1ac082151910VgnVCM1000001b00320aRCRD\" target=\"_blank\" rel=\"noopener noreferrer\">Link<\/a>.<\/p>\n<p>\ud83d\udcf2Siga nossas redes sociais no\u00a0<a href=\"https:\/\/www.instagram.com\/redenoticiaz\/\">Instagram<\/a>\u00a0e\u00a0<a href=\"https:\/\/www.facebook.com\/p\/Rede-Noticiaz-100063557592062\/?_rdr\">Facebook<\/a>\u00a0para ficar por dentro de todas as novidades e atualiza\u00e7\u00f5es!<\/p>\n<p>\ud83d\udcf2\u00a0<a href=\"https:\/\/chat.whatsapp.com\/IZvl6ywXD9K5Zh7loxWKGE\">Junte-se ao canal de empregos do Rede Noticias WhatsApp<\/a><\/p>\n<p>LEIA MAIS<\/p>\n<p><a href=\"https:\/\/redenoticiaz.com.br\/blog\/2024\/09\/05\/prefeitura-de-jundiai-abre-concurso-para-professores\">Prefeitura de Jundia\u00ed abre concurso para professores<\/a><\/p>\n<p><a href=\"https:\/\/redenoticiaz.com.br\/blog\/2024\/09\/05\/dhl-abre-novas-vagas-de-trabalho-em-cajamar-e-regiao\">DHL abre novas vagas de trabalho em Cajamar e regi\u00e3o<\/a><\/p>\n<p>&nbsp;<\/p>\n","protected":false},"excerpt":{"rendered":"<p>O Sebrae-SP abriu processo seletivo para o preenchimento de sete vagas na capital e interior com sal\u00e1rios de R$ 8,6 mil e R$ 12,6 mil, dependendo do cargo. As inscri\u00e7\u00f5es v\u00e3o at\u00e9 9 de setembro. Tr\u00eas vagas s\u00e3o afirmativas para pessoas negras. Uma delas \u00e9 de analista de neg\u00f3cios s\u00eanior com sal\u00e1rio R$ 8,6 mil &hellip;<\/p>\n","protected":false},"author":30,"featured_media":118413,"comment_status":"open","ping_status":"closed","sticky":false,"template":"","format":"standard","meta":{"footnotes":""},"categories":[29902],"tags":[2842,577],"class_list":["post-118412","post","type-post","status-publish","format-standard","has-post-thumbnail","hentry","category-emprego","tag-sebrae","tag-vagas"],"yoast_head":"<!-- This site is optimized with the Yoast SEO plugin v28.4 - https:\/\/yoast.com\/product\/yoast-seo-wordpress\/ -->\n<title>Sebrae-SP abre sete vagas na capital e interior com sal\u00e1rios de R$ 8,6 mil e R$ 12,6 mil - Ribeir\u00e3o Preto e Regi\u00e3o<\/title>\n<meta name=\"description\" content=\"O Sebrae-SP abriu processo seletivo para o preenchimento de sete vagas na capital e interior com sal\u00e1rios de R$ 8,6 mil e R$ 12,6 mil, dependendo do cargo.\" \/>\n<meta name=\"robots\" content=\"index, follow, max-snippet:-1, max-image-preview:large, max-video-preview:-1\" \/>\n<link rel=\"canonical\" href=\"https:\/\/redenoticiaz.com.br\/ribeiraopreto-regiao\/sp\/2024\/09\/05\/sebrae-sp-abre-sete-vagas-na-capital-e-interior-com-salarios-de-r-86-mil-e-r-126-mil\" \/>\n<meta property=\"og:locale\" content=\"pt_BR\" \/>\n<meta property=\"og:type\" content=\"article\" \/>\n<meta property=\"og:title\" content=\"Sebrae-SP abre sete vagas na capital e interior com sal\u00e1rios de R$ 8,6 mil e R$ 12,6 mil - Ribeir\u00e3o Preto e Regi\u00e3o\" \/>\n<meta property=\"og:description\" content=\"O Sebrae-SP abriu processo seletivo para o preenchimento de sete vagas na capital e interior com sal\u00e1rios de R$ 8,6 mil e R$ 12,6 mil, dependendo do cargo.\" \/>\n<meta property=\"og:url\" content=\"https:\/\/redenoticiaz.com.br\/ribeiraopreto-regiao\/sp\/2024\/09\/05\/sebrae-sp-abre-sete-vagas-na-capital-e-interior-com-salarios-de-r-86-mil-e-r-126-mil\" \/>\n<meta property=\"og:site_name\" content=\"Ribeir\u00e3o Preto e Regi\u00e3o\" \/>\n<meta property=\"article:publisher\" content=\"https:\/\/m.facebook.com\/redenoticiaz.barretos\" \/>\n<meta property=\"article:published_time\" content=\"2024-09-05T13:51:47+00:00\" \/>\n<meta property=\"article:modified_time\" content=\"2024-09-05T13:52:43+00:00\" \/>\n<meta property=\"og:image\" content=\"https:\/\/redenoticiaz.com.br\/ribeiraopreto-regiao\/wp-content\/uploads\/sites\/4\/2024\/09\/sebrae-aqui-amplia-presenca-em-atibaia-com-inauguracao-de-nova-unidade-64a323fd7aa91.jpg?v=1688643580\" \/>\n\t<meta property=\"og:image:width\" content=\"1024\" \/>\n\t<meta property=\"og:image:height\" content=\"768\" \/>\n\t<meta property=\"og:image:type\" content=\"image\/jpeg\" \/>\n<meta name=\"author\" content=\"Carina Reifonas\" \/>\n<meta name=\"twitter:card\" content=\"summary_large_image\" \/>\n<meta name=\"twitter:creator\" content=\"@RN_barretos\" \/>\n<meta name=\"twitter:site\" content=\"@RN_barretos\" \/>\n<meta name=\"twitter:label1\" content=\"Escrito por\" \/>\n\t<meta name=\"twitter:data1\" content=\"Carina Reifonas\" \/>\n\t<meta name=\"twitter:label2\" content=\"Est. tempo de leitura\" \/>\n\t<meta name=\"twitter:data2\" content=\"4 minutos\" \/>\n<script type=\"application\/ld+json\" class=\"yoast-schema-graph\">{\"@context\":\"https:\\\/\\\/schema.org\",\"@graph\":[{\"@type\":\"Article\",\"@id\":\"https:\\\/\\\/redenoticiaz.com.br\\\/ribeiraopreto-regiao\\\/sp\\\/2024\\\/09\\\/05\\\/sebrae-sp-abre-sete-vagas-na-capital-e-interior-com-salarios-de-r-86-mil-e-r-126-mil#article\",\"isPartOf\":{\"@id\":\"https:\\\/\\\/redenoticiaz.com.br\\\/ribeiraopreto-regiao\\\/sp\\\/2024\\\/09\\\/05\\\/sebrae-sp-abre-sete-vagas-na-capital-e-interior-com-salarios-de-r-86-mil-e-r-126-mil\"},\"author\":{\"name\":\"Carina Reifonas\",\"@id\":\"https:\\\/\\\/redenoticiaz.com.br\\\/ribeiraopreto-regiao\\\/#\\\/schema\\\/person\\\/1f84d6e94e6a62d2d81199d7503e9e90\"},\"headline\":\"Sebrae-SP abre sete vagas na capital e interior com sal\u00e1rios de R$ 8,6 mil e R$ 12,6 mil\",\"datePublished\":\"2024-09-05T13:51:47+00:00\",\"dateModified\":\"2024-09-05T13:52:43+00:00\",\"mainEntityOfPage\":{\"@id\":\"https:\\\/\\\/redenoticiaz.com.br\\\/ribeiraopreto-regiao\\\/sp\\\/2024\\\/09\\\/05\\\/sebrae-sp-abre-sete-vagas-na-capital-e-interior-com-salarios-de-r-86-mil-e-r-126-mil\"},\"wordCount\":617,\"commentCount\":0,\"publisher\":{\"@id\":\"https:\\\/\\\/redenoticiaz.com.br\\\/ribeiraopreto-regiao\\\/#organization\"},\"image\":{\"@id\":\"https:\\\/\\\/redenoticiaz.com.br\\\/ribeiraopreto-regiao\\\/sp\\\/2024\\\/09\\\/05\\\/sebrae-sp-abre-sete-vagas-na-capital-e-interior-com-salarios-de-r-86-mil-e-r-126-mil#primaryimage\"},\"thumbnailUrl\":\"https:\\\/\\\/redenoticiaz.com.br\\\/ribeiraopreto-regiao\\\/wp-content\\\/uploads\\\/sites\\\/4\\\/2024\\\/09\\\/sebrae-aqui-amplia-presenca-em-atibaia-com-inauguracao-de-nova-unidade-64a323fd7aa91.jpg?v=1688643580\",\"keywords\":[\"SEBRAE\",\"VAGAS\"],\"articleSection\":[\"Emprego\"],\"inLanguage\":\"pt-BR\",\"potentialAction\":[{\"@type\":\"CommentAction\",\"name\":\"Comment\",\"target\":[\"https:\\\/\\\/redenoticiaz.com.br\\\/ribeiraopreto-regiao\\\/sp\\\/2024\\\/09\\\/05\\\/sebrae-sp-abre-sete-vagas-na-capital-e-interior-com-salarios-de-r-86-mil-e-r-126-mil#respond\"]}]},{\"@type\":\"WebPage\",\"@id\":\"https:\\\/\\\/redenoticiaz.com.br\\\/ribeiraopreto-regiao\\\/sp\\\/2024\\\/09\\\/05\\\/sebrae-sp-abre-sete-vagas-na-capital-e-interior-com-salarios-de-r-86-mil-e-r-126-mil\",\"url\":\"https:\\\/\\\/redenoticiaz.com.br\\\/ribeiraopreto-regiao\\\/sp\\\/2024\\\/09\\\/05\\\/sebrae-sp-abre-sete-vagas-na-capital-e-interior-com-salarios-de-r-86-mil-e-r-126-mil\",\"name\":\"Sebrae-SP abre sete vagas na capital e interior com sal\u00e1rios de R$ 8,6 mil e R$ 12,6 mil - Ribeir\u00e3o Preto e Regi\u00e3o\",\"isPartOf\":{\"@id\":\"https:\\\/\\\/redenoticiaz.com.br\\\/ribeiraopreto-regiao\\\/#website\"},\"primaryImageOfPage\":{\"@id\":\"https:\\\/\\\/redenoticiaz.com.br\\\/ribeiraopreto-regiao\\\/sp\\\/2024\\\/09\\\/05\\\/sebrae-sp-abre-sete-vagas-na-capital-e-interior-com-salarios-de-r-86-mil-e-r-126-mil#primaryimage\"},\"image\":{\"@id\":\"https:\\\/\\\/redenoticiaz.com.br\\\/ribeiraopreto-regiao\\\/sp\\\/2024\\\/09\\\/05\\\/sebrae-sp-abre-sete-vagas-na-capital-e-interior-com-salarios-de-r-86-mil-e-r-126-mil#primaryimage\"},\"thumbnailUrl\":\"https:\\\/\\\/redenoticiaz.com.br\\\/ribeiraopreto-regiao\\\/wp-content\\\/uploads\\\/sites\\\/4\\\/2024\\\/09\\\/sebrae-aqui-amplia-presenca-em-atibaia-com-inauguracao-de-nova-unidade-64a323fd7aa91.jpg?v=1688643580\",\"datePublished\":\"2024-09-05T13:51:47+00:00\",\"dateModified\":\"2024-09-05T13:52:43+00:00\",\"description\":\"O Sebrae-SP abriu processo seletivo para o preenchimento de sete vagas na capital e interior com sal\u00e1rios de R$ 8,6 mil e R$ 12,6 mil, dependendo do cargo.\",\"inLanguage\":\"pt-BR\",\"potentialAction\":[{\"@type\":\"ReadAction\",\"target\":[\"https:\\\/\\\/redenoticiaz.com.br\\\/ribeiraopreto-regiao\\\/sp\\\/2024\\\/09\\\/05\\\/sebrae-sp-abre-sete-vagas-na-capital-e-interior-com-salarios-de-r-86-mil-e-r-126-mil\"]}]},{\"@type\":\"ImageObject\",\"inLanguage\":\"pt-BR\",\"@id\":\"https:\\\/\\\/redenoticiaz.com.br\\\/ribeiraopreto-regiao\\\/sp\\\/2024\\\/09\\\/05\\\/sebrae-sp-abre-sete-vagas-na-capital-e-interior-com-salarios-de-r-86-mil-e-r-126-mil#primaryimage\",\"url\":\"https:\\\/\\\/redenoticiaz.com.br\\\/ribeiraopreto-regiao\\\/wp-content\\\/uploads\\\/sites\\\/4\\\/2024\\\/09\\\/sebrae-aqui-amplia-presenca-em-atibaia-com-inauguracao-de-nova-unidade-64a323fd7aa91.jpg?v=1688643580\",\"contentUrl\":\"https:\\\/\\\/redenoticiaz.com.br\\\/ribeiraopreto-regiao\\\/wp-content\\\/uploads\\\/sites\\\/4\\\/2024\\\/09\\\/sebrae-aqui-amplia-presenca-em-atibaia-com-inauguracao-de-nova-unidade-64a323fd7aa91.jpg?v=1688643580\",\"width\":1024,\"height\":768,\"caption\":\"Foto: Divulga\u00e7\u00e3o\"},{\"@type\":\"WebSite\",\"@id\":\"https:\\\/\\\/redenoticiaz.com.br\\\/ribeiraopreto-regiao\\\/#website\",\"url\":\"https:\\\/\\\/redenoticiaz.com.br\\\/ribeiraopreto-regiao\\\/\",\"name\":\"Ribeir\u00e3o Preto e Regi\u00e3o\",\"description\":\"Rede NoticiaZ - Ribeir\u00e3o Preto e regi\u00e3o\",\"publisher\":{\"@id\":\"https:\\\/\\\/redenoticiaz.com.br\\\/ribeiraopreto-regiao\\\/#organization\"},\"potentialAction\":[{\"@type\":\"SearchAction\",\"target\":{\"@type\":\"EntryPoint\",\"urlTemplate\":\"https:\\\/\\\/redenoticiaz.com.br\\\/ribeiraopreto-regiao\\\/?s={search_term_string}\"},\"query-input\":{\"@type\":\"PropertyValueSpecification\",\"valueRequired\":true,\"valueName\":\"search_term_string\"}}],\"inLanguage\":\"pt-BR\"},{\"@type\":\"Organization\",\"@id\":\"https:\\\/\\\/redenoticiaz.com.br\\\/ribeiraopreto-regiao\\\/#organization\",\"name\":\"Ribeir\u00e3o Preto e Regi\u00e3o\",\"url\":\"https:\\\/\\\/redenoticiaz.com.br\\\/ribeiraopreto-regiao\\\/\",\"logo\":{\"@type\":\"ImageObject\",\"inLanguage\":\"pt-BR\",\"@id\":\"https:\\\/\\\/redenoticiaz.com.br\\\/ribeiraopreto-regiao\\\/#\\\/schema\\\/logo\\\/image\\\/\",\"url\":\"https:\\\/\\\/redenoticiaz.com.br\\\/barretos-regiao\\\/wp-content\\\/uploads\\\/sites\\\/4\\\/2022\\\/02\\\/logo.jpg\",\"contentUrl\":\"https:\\\/\\\/redenoticiaz.com.br\\\/barretos-regiao\\\/wp-content\\\/uploads\\\/sites\\\/4\\\/2022\\\/02\\\/logo.jpg\",\"width\":400,\"height\":250,\"caption\":\"Ribeir\u00e3o Preto e Regi\u00e3o\"},\"image\":{\"@id\":\"https:\\\/\\\/redenoticiaz.com.br\\\/ribeiraopreto-regiao\\\/#\\\/schema\\\/logo\\\/image\\\/\"},\"sameAs\":[\"https:\\\/\\\/m.facebook.com\\\/redenoticiaz.barretos\",\"https:\\\/\\\/x.com\\\/RN_barretos\",\"https:\\\/\\\/www.instagram.com\\\/redenoticiaz.barretos\\\/?igshid=YmMyMTA2M2Y\",\"https:\\\/\\\/www.linkedin.com\\\/company\\\/rede-noticiaz-barretos-e-regio\\\/\"]},{\"@type\":\"Person\",\"@id\":\"https:\\\/\\\/redenoticiaz.com.br\\\/ribeiraopreto-regiao\\\/#\\\/schema\\\/person\\\/1f84d6e94e6a62d2d81199d7503e9e90\",\"name\":\"Carina Reifonas\",\"image\":{\"@type\":\"ImageObject\",\"inLanguage\":\"pt-BR\",\"@id\":\"https:\\\/\\\/secure.gravatar.com\\\/avatar\\\/04c59859b23696cf867715880f81d5c037e60109730bdb4e6670ec2a2245bc97?s=96&d=mm&r=g\",\"url\":\"https:\\\/\\\/secure.gravatar.com\\\/avatar\\\/04c59859b23696cf867715880f81d5c037e60109730bdb4e6670ec2a2245bc97?s=96&d=mm&r=g\",\"contentUrl\":\"https:\\\/\\\/secure.gravatar.com\\\/avatar\\\/04c59859b23696cf867715880f81d5c037e60109730bdb4e6670ec2a2245bc97?s=96&d=mm&r=g\",\"caption\":\"Carina Reifonas\"},\"url\":\"https:\\\/\\\/redenoticiaz.com.br\\\/ribeiraopreto-regiao\\\/sp\\\/author\\\/carinareifonas\"}]}<\/script>\n<!-- \/ Yoast SEO plugin. -->","yoast_head_json":{"title":"Sebrae-SP abre sete vagas na capital e interior com sal\u00e1rios de R$ 8,6 mil e R$ 12,6 mil - Ribeir\u00e3o Preto e Regi\u00e3o","description":"O Sebrae-SP abriu processo seletivo para o preenchimento de sete vagas na capital e interior com sal\u00e1rios de R$ 8,6 mil e R$ 12,6 mil, dependendo do cargo.","robots":{"index":"index","follow":"follow","max-snippet":"max-snippet:-1","max-image-preview":"max-image-preview:large","max-video-preview":"max-video-preview:-1"},"canonical":"https:\/\/redenoticiaz.com.br\/ribeiraopreto-regiao\/sp\/2024\/09\/05\/sebrae-sp-abre-sete-vagas-na-capital-e-interior-com-salarios-de-r-86-mil-e-r-126-mil","og_locale":"pt_BR","og_type":"article","og_title":"Sebrae-SP abre sete vagas na capital e interior com sal\u00e1rios de R$ 8,6 mil e R$ 12,6 mil - Ribeir\u00e3o Preto e Regi\u00e3o","og_description":"O Sebrae-SP abriu processo seletivo para o preenchimento de sete vagas na capital e interior com sal\u00e1rios de R$ 8,6 mil e R$ 12,6 mil, dependendo do cargo.","og_url":"https:\/\/redenoticiaz.com.br\/ribeiraopreto-regiao\/sp\/2024\/09\/05\/sebrae-sp-abre-sete-vagas-na-capital-e-interior-com-salarios-de-r-86-mil-e-r-126-mil","og_site_name":"Ribeir\u00e3o Preto e Regi\u00e3o","article_publisher":"https:\/\/m.facebook.com\/redenoticiaz.barretos","article_published_time":"2024-09-05T13:51:47+00:00","article_modified_time":"2024-09-05T13:52:43+00:00","og_image":[{"width":1024,"height":768,"url":"https:\/\/redenoticiaz.com.br\/ribeiraopreto-regiao\/wp-content\/uploads\/sites\/4\/2024\/09\/sebrae-aqui-amplia-presenca-em-atibaia-com-inauguracao-de-nova-unidade-64a323fd7aa91.jpg?v=1688643580","type":"image\/jpeg"}],"author":"Carina Reifonas","twitter_card":"summary_large_image","twitter_creator":"@RN_barretos","twitter_site":"@RN_barretos","twitter_misc":{"Escrito por":"Carina Reifonas","Est. tempo de leitura":"4 minutos"},"schema":{"@context":"https:\/\/schema.org","@graph":[{"@type":"Article","@id":"https:\/\/redenoticiaz.com.br\/ribeiraopreto-regiao\/sp\/2024\/09\/05\/sebrae-sp-abre-sete-vagas-na-capital-e-interior-com-salarios-de-r-86-mil-e-r-126-mil#article","isPartOf":{"@id":"https:\/\/redenoticiaz.com.br\/ribeiraopreto-regiao\/sp\/2024\/09\/05\/sebrae-sp-abre-sete-vagas-na-capital-e-interior-com-salarios-de-r-86-mil-e-r-126-mil"},"author":{"name":"Carina Reifonas","@id":"https:\/\/redenoticiaz.com.br\/ribeiraopreto-regiao\/#\/schema\/person\/1f84d6e94e6a62d2d81199d7503e9e90"},"headline":"Sebrae-SP abre sete vagas na capital e interior com sal\u00e1rios de R$ 8,6 mil e R$ 12,6 mil","datePublished":"2024-09-05T13:51:47+00:00","dateModified":"2024-09-05T13:52:43+00:00","mainEntityOfPage":{"@id":"https:\/\/redenoticiaz.com.br\/ribeiraopreto-regiao\/sp\/2024\/09\/05\/sebrae-sp-abre-sete-vagas-na-capital-e-interior-com-salarios-de-r-86-mil-e-r-126-mil"},"wordCount":617,"commentCount":0,"publisher":{"@id":"https:\/\/redenoticiaz.com.br\/ribeiraopreto-regiao\/#organization"},"image":{"@id":"https:\/\/redenoticiaz.com.br\/ribeiraopreto-regiao\/sp\/2024\/09\/05\/sebrae-sp-abre-sete-vagas-na-capital-e-interior-com-salarios-de-r-86-mil-e-r-126-mil#primaryimage"},"thumbnailUrl":"https:\/\/redenoticiaz.com.br\/ribeiraopreto-regiao\/wp-content\/uploads\/sites\/4\/2024\/09\/sebrae-aqui-amplia-presenca-em-atibaia-com-inauguracao-de-nova-unidade-64a323fd7aa91.jpg?v=1688643580","keywords":["SEBRAE","VAGAS"],"articleSection":["Emprego"],"inLanguage":"pt-BR","potentialAction":[{"@type":"CommentAction","name":"Comment","target":["https:\/\/redenoticiaz.com.br\/ribeiraopreto-regiao\/sp\/2024\/09\/05\/sebrae-sp-abre-sete-vagas-na-capital-e-interior-com-salarios-de-r-86-mil-e-r-126-mil#respond"]}]},{"@type":"WebPage","@id":"https:\/\/redenoticiaz.com.br\/ribeiraopreto-regiao\/sp\/2024\/09\/05\/sebrae-sp-abre-sete-vagas-na-capital-e-interior-com-salarios-de-r-86-mil-e-r-126-mil","url":"https:\/\/redenoticiaz.com.br\/ribeiraopreto-regiao\/sp\/2024\/09\/05\/sebrae-sp-abre-sete-vagas-na-capital-e-interior-com-salarios-de-r-86-mil-e-r-126-mil","name":"Sebrae-SP abre sete vagas na capital e interior com sal\u00e1rios de R$ 8,6 mil e R$ 12,6 mil - Ribeir\u00e3o Preto e Regi\u00e3o","isPartOf":{"@id":"https:\/\/redenoticiaz.com.br\/ribeiraopreto-regiao\/#website"},"primaryImageOfPage":{"@id":"https:\/\/redenoticiaz.com.br\/ribeiraopreto-regiao\/sp\/2024\/09\/05\/sebrae-sp-abre-sete-vagas-na-capital-e-interior-com-salarios-de-r-86-mil-e-r-126-mil#primaryimage"},"image":{"@id":"https:\/\/redenoticiaz.com.br\/ribeiraopreto-regiao\/sp\/2024\/09\/05\/sebrae-sp-abre-sete-vagas-na-capital-e-interior-com-salarios-de-r-86-mil-e-r-126-mil#primaryimage"},"thumbnailUrl":"https:\/\/redenoticiaz.com.br\/ribeiraopreto-regiao\/wp-content\/uploads\/sites\/4\/2024\/09\/sebrae-aqui-amplia-presenca-em-atibaia-com-inauguracao-de-nova-unidade-64a323fd7aa91.jpg?v=1688643580","datePublished":"2024-09-05T13:51:47+00:00","dateModified":"2024-09-05T13:52:43+00:00","description":"O Sebrae-SP abriu processo seletivo para o preenchimento de sete vagas na capital e interior com sal\u00e1rios de R$ 8,6 mil e R$ 12,6 mil, dependendo do cargo.","inLanguage":"pt-BR","potentialAction":[{"@type":"ReadAction","target":["https:\/\/redenoticiaz.com.br\/ribeiraopreto-regiao\/sp\/2024\/09\/05\/sebrae-sp-abre-sete-vagas-na-capital-e-interior-com-salarios-de-r-86-mil-e-r-126-mil"]}]},{"@type":"ImageObject","inLanguage":"pt-BR","@id":"https:\/\/redenoticiaz.com.br\/ribeiraopreto-regiao\/sp\/2024\/09\/05\/sebrae-sp-abre-sete-vagas-na-capital-e-interior-com-salarios-de-r-86-mil-e-r-126-mil#primaryimage","url":"https:\/\/redenoticiaz.com.br\/ribeiraopreto-regiao\/wp-content\/uploads\/sites\/4\/2024\/09\/sebrae-aqui-amplia-presenca-em-atibaia-com-inauguracao-de-nova-unidade-64a323fd7aa91.jpg?v=1688643580","contentUrl":"https:\/\/redenoticiaz.com.br\/ribeiraopreto-regiao\/wp-content\/uploads\/sites\/4\/2024\/09\/sebrae-aqui-amplia-presenca-em-atibaia-com-inauguracao-de-nova-unidade-64a323fd7aa91.jpg?v=1688643580","width":1024,"height":768,"caption":"Foto: Divulga\u00e7\u00e3o"},{"@type":"WebSite","@id":"https:\/\/redenoticiaz.com.br\/ribeiraopreto-regiao\/#website","url":"https:\/\/redenoticiaz.com.br\/ribeiraopreto-regiao\/","name":"Ribeir\u00e3o Preto e Regi\u00e3o","description":"Rede NoticiaZ - Ribeir\u00e3o Preto e regi\u00e3o","publisher":{"@id":"https:\/\/redenoticiaz.com.br\/ribeiraopreto-regiao\/#organization"},"potentialAction":[{"@type":"SearchAction","target":{"@type":"EntryPoint","urlTemplate":"https:\/\/redenoticiaz.com.br\/ribeiraopreto-regiao\/?s={search_term_string}"},"query-input":{"@type":"PropertyValueSpecification","valueRequired":true,"valueName":"search_term_string"}}],"inLanguage":"pt-BR"},{"@type":"Organization","@id":"https:\/\/redenoticiaz.com.br\/ribeiraopreto-regiao\/#organization","name":"Ribeir\u00e3o Preto e Regi\u00e3o","url":"https:\/\/redenoticiaz.com.br\/ribeiraopreto-regiao\/","logo":{"@type":"ImageObject","inLanguage":"pt-BR","@id":"https:\/\/redenoticiaz.com.br\/ribeiraopreto-regiao\/#\/schema\/logo\/image\/","url":"https:\/\/redenoticiaz.com.br\/barretos-regiao\/wp-content\/uploads\/sites\/4\/2022\/02\/logo.jpg","contentUrl":"https:\/\/redenoticiaz.com.br\/barretos-regiao\/wp-content\/uploads\/sites\/4\/2022\/02\/logo.jpg","width":400,"height":250,"caption":"Ribeir\u00e3o Preto e Regi\u00e3o"},"image":{"@id":"https:\/\/redenoticiaz.com.br\/ribeiraopreto-regiao\/#\/schema\/logo\/image\/"},"sameAs":["https:\/\/m.facebook.com\/redenoticiaz.barretos","https:\/\/x.com\/RN_barretos","https:\/\/www.instagram.com\/redenoticiaz.barretos\/?igshid=YmMyMTA2M2Y","https:\/\/www.linkedin.com\/company\/rede-noticiaz-barretos-e-regio\/"]},{"@type":"Person","@id":"https:\/\/redenoticiaz.com.br\/ribeiraopreto-regiao\/#\/schema\/person\/1f84d6e94e6a62d2d81199d7503e9e90","name":"Carina Reifonas","image":{"@type":"ImageObject","inLanguage":"pt-BR","@id":"https:\/\/secure.gravatar.com\/avatar\/04c59859b23696cf867715880f81d5c037e60109730bdb4e6670ec2a2245bc97?s=96&d=mm&r=g","url":"https:\/\/secure.gravatar.com\/avatar\/04c59859b23696cf867715880f81d5c037e60109730bdb4e6670ec2a2245bc97?s=96&d=mm&r=g","contentUrl":"https:\/\/secure.gravatar.com\/avatar\/04c59859b23696cf867715880f81d5c037e60109730bdb4e6670ec2a2245bc97?s=96&d=mm&r=g","caption":"Carina Reifonas"},"url":"https:\/\/redenoticiaz.com.br\/ribeiraopreto-regiao\/sp\/author\/carinareifonas"}]}},"_links":{"self":[{"href":"https:\/\/redenoticiaz.com.br\/ribeiraopreto-regiao\/wp-json\/wp\/v2\/posts\/118412","targetHints":{"allow":["GET"]}}],"collection":[{"href":"https:\/\/redenoticiaz.com.br\/ribeiraopreto-regiao\/wp-json\/wp\/v2\/posts"}],"about":[{"href":"https:\/\/redenoticiaz.com.br\/ribeiraopreto-regiao\/wp-json\/wp\/v2\/types\/post"}],"author":[{"embeddable":true,"href":"https:\/\/redenoticiaz.com.br\/ribeiraopreto-regiao\/wp-json\/wp\/v2\/users\/30"}],"replies":[{"embeddable":true,"href":"https:\/\/redenoticiaz.com.br\/ribeiraopreto-regiao\/wp-json\/wp\/v2\/comments?post=118412"}],"version-history":[{"count":1,"href":"https:\/\/redenoticiaz.com.br\/ribeiraopreto-regiao\/wp-json\/wp\/v2\/posts\/118412\/revisions"}],"predecessor-version":[{"id":118414,"href":"https:\/\/redenoticiaz.com.br\/ribeiraopreto-regiao\/wp-json\/wp\/v2\/posts\/118412\/revisions\/118414"}],"wp:featuredmedia":[{"embeddable":true,"href":"https:\/\/redenoticiaz.com.br\/ribeiraopreto-regiao\/wp-json\/wp\/v2\/media\/118413"}],"wp:attachment":[{"href":"https:\/\/redenoticiaz.com.br\/ribeiraopreto-regiao\/wp-json\/wp\/v2\/media?parent=118412"}],"wp:term":[{"taxonomy":"category","embeddable":true,"href":"https:\/\/redenoticiaz.com.br\/ribeiraopreto-regiao\/wp-json\/wp\/v2\/categories?post=118412"},{"taxonomy":"post_tag","embeddable":true,"href":"https:\/\/redenoticiaz.com.br\/ribeiraopreto-regiao\/wp-json\/wp\/v2\/tags?post=118412"}],"curies":[{"name":"wp","href":"https:\/\/api.w.org\/{rel}","templated":true}]}}