{"id":118421,"date":"2024-09-05T16:29:28","date_gmt":"2024-09-05T19:29:28","guid":{"rendered":"https:\/\/redenoticiaz.com.br\/barretos-regiao\/sp\/2024\/09\/05\/anatel-comunica-ao-stf-que-starlink-suspendeu-acesso-a-rede-x"},"modified":"2024-09-05T16:30:43","modified_gmt":"2024-09-05T19:30:43","slug":"anatel-comunica-ao-stf-que-starlink-suspendeu-acesso-a-rede-x","status":"publish","type":"post","link":"https:\/\/redenoticiaz.com.br\/ribeiraopreto-regiao\/sp\/2024\/09\/05\/anatel-comunica-ao-stf-que-starlink-suspendeu-acesso-a-rede-x","title":{"rendered":"Anatel comunica ao STF que Starlink suspendeu acesso \u00e0 rede X"},"content":{"rendered":"<p>A Ag\u00eancia Nacional de Telecomunica\u00e7\u00f5es (Anatel) informou nesta quinta-feira (5) ao Supremo Tribunal Federal (STF) que a Starlink cumpriu a determina\u00e7\u00e3o para suspender o acesso \u00e0 rede social X. As duas empresas pertencem ao bilion\u00e1rio Elon Musk.\u00a0<img decoding=\"async\" src=\"https:\/\/agenciabrasil.ebc.com.br\/ebc.png?id=1610728&amp;o=node\" \/><img decoding=\"async\" src=\"https:\/\/agenciabrasil.ebc.com.br\/ebc.gif?id=1610728&amp;o=node\" \/><\/p>\n<p>Segundo o \u00f3rg\u00e3o, foram bloqueados todos os 224.458 acessos no pa\u00eds. O bloqueio foi cumprido \u00e0s 18h06 desta quarta-feira (4).<\/p>\n<p>A suspens\u00e3o foi cumprida ap\u00f3s a Starlink, que atua na \u00e1rea de internet via sat\u00e9lite no Brasil, afirmar que o bloqueio seria realizado somente ap\u00f3s a libera\u00e7\u00e3o das contas da empresa. Ap\u00f3s a divulga\u00e7\u00e3o do comunicado no qual confirmou a medida, a\u00a0empresa voltou atr\u00e1s e decidiu suspender o X.<\/p>\n<p>Na semana passada, o ministro\u00a0Alexandre de Moraes determinou o bloqueio das contas da Starlink no Brasil\u00a0para garantir o pagamento de multas de R$ 18 milh\u00f5es pelo descumprimento de decis\u00f5es sobre o bloqueio de perfis de investigados pela Corte na rede social X.\u00a0 Em seguida, o ministro suspendeu a rede social no Brasil.<\/p>\n<p>Na sexta-feira (30), o ministro\u00a0Cristiano Zanin negou um recurso da Starlink\u00a0para desbloquear as contas.<\/p>\n<p>A Starlink fornece servi\u00e7o de internet para \u00e1reas rurais do pa\u00eds e tem contratos com \u00f3rg\u00e3os p\u00fablicos, como as For\u00e7as Armadas e tribunais eleitorais.<\/p>\n<p><strong>Leia mais<\/strong><\/p>\n<p><a href=\"https:\/\/redenoticiaz.com.br\/blog\/2024\/09\/05\/bebe-de-3-meses-e-caminhoneiro-sao-as-vitimas-de-acidente-na-dom-pedro\">Beb\u00ea de 3 meses e caminhoneiro s\u00e3o as v\u00edtimas de acidente na Dom Pedro<\/a><\/p>\n<p><a href=\"https:\/\/redenoticiaz.com.br\/blog\/2024\/09\/05\/motociclista-e-baleado-na-bunda-em-jundiai\">Motociclista \u00e9 baleado na bunda em Jundia\u00ed<\/a><\/p>\n","protected":false},"excerpt":{"rendered":"<p>A Ag\u00eancia Nacional de Telecomunica\u00e7\u00f5es (Anatel) informou nesta quinta-feira (5) ao Supremo Tribunal Federal (STF) que a Starlink cumpriu a determina\u00e7\u00e3o para suspender o acesso \u00e0 rede social X. As duas empresas pertencem ao bilion\u00e1rio Elon Musk.\u00a0 Segundo o \u00f3rg\u00e3o, foram bloqueados todos os 224.458 acessos no pa\u00eds. O bloqueio foi cumprido \u00e0s 18h06 desta &hellip;<\/p>\n","protected":false},"author":12,"featured_media":118422,"comment_status":"open","ping_status":"closed","sticky":false,"template":"","format":"standard","meta":{"footnotes":""},"categories":[1561],"tags":[2622,262,28209],"class_list":["post-118421","post","type-post","status-publish","format-standard","has-post-thumbnail","hentry","category-tecnologia","tag-anatel","tag-stf","tag-x"],"yoast_head":"<!-- This site is optimized with the Yoast SEO plugin v27.4 - https:\/\/yoast.com\/product\/yoast-seo-wordpress\/ -->\n<title>Anatel comunica ao STF que Starlink suspendeu acesso \u00e0 rede X - Ribeir\u00e3o Preto e Regi\u00e3o<\/title>\n<meta name=\"description\" content=\"Anatel informou nesta quinta-feira (5) ao Supremo Tribunal Federal (STF) que a Starlink cumpriu a determina\u00e7\u00e3o para suspender o acesso \u00e0 rede social X..\" \/>\n<meta name=\"robots\" content=\"index, follow, max-snippet:-1, max-image-preview:large, max-video-preview:-1\" \/>\n<link rel=\"canonical\" href=\"https:\/\/redenoticiaz.com.br\/ribeiraopreto-regiao\/sp\/2024\/09\/05\/anatel-comunica-ao-stf-que-starlink-suspendeu-acesso-a-rede-x\" \/>\n<meta property=\"og:locale\" content=\"pt_BR\" \/>\n<meta property=\"og:type\" content=\"article\" \/>\n<meta property=\"og:title\" content=\"Anatel comunica ao STF que Starlink suspendeu acesso \u00e0 rede X - Ribeir\u00e3o Preto e Regi\u00e3o\" \/>\n<meta property=\"og:description\" content=\"Anatel informou nesta quinta-feira (5) ao Supremo Tribunal Federal (STF) que a Starlink cumpriu a determina\u00e7\u00e3o para suspender o acesso \u00e0 rede social X..\" \/>\n<meta property=\"og:url\" content=\"https:\/\/redenoticiaz.com.br\/ribeiraopreto-regiao\/sp\/2024\/09\/05\/anatel-comunica-ao-stf-que-starlink-suspendeu-acesso-a-rede-x\" \/>\n<meta property=\"og:site_name\" content=\"Ribeir\u00e3o Preto e Regi\u00e3o\" \/>\n<meta property=\"article:publisher\" content=\"https:\/\/m.facebook.com\/redenoticiaz.barretos\" \/>\n<meta property=\"article:published_time\" content=\"2024-09-05T19:29:28+00:00\" \/>\n<meta property=\"article:modified_time\" content=\"2024-09-05T19:30:43+00:00\" \/>\n<meta property=\"og:image\" content=\"https:\/\/redenoticiaz.com.br\/ribeiraopreto-regiao\/wp-content\/uploads\/sites\/4\/2024\/09\/680036.jpg?v=1725564553\" \/>\n\t<meta property=\"og:image:width\" content=\"824\" \/>\n\t<meta property=\"og:image:height\" content=\"494\" \/>\n\t<meta property=\"og:image:type\" content=\"image\/jpeg\" \/>\n<meta name=\"author\" content=\"Gustavo Silva\" \/>\n<meta name=\"twitter:card\" content=\"summary_large_image\" \/>\n<meta name=\"twitter:creator\" content=\"@RN_barretos\" \/>\n<meta name=\"twitter:site\" content=\"@RN_barretos\" \/>\n<meta name=\"twitter:label1\" content=\"Escrito por\" \/>\n\t<meta name=\"twitter:data1\" content=\"Gustavo Silva\" \/>\n\t<meta name=\"twitter:label2\" content=\"Est. tempo de leitura\" \/>\n\t<meta name=\"twitter:data2\" content=\"2 minutos\" \/>\n<script type=\"application\/ld+json\" class=\"yoast-schema-graph\">{\"@context\":\"https:\\\/\\\/schema.org\",\"@graph\":[{\"@type\":\"Article\",\"@id\":\"https:\\\/\\\/redenoticiaz.com.br\\\/ribeiraopreto-regiao\\\/sp\\\/2024\\\/09\\\/05\\\/anatel-comunica-ao-stf-que-starlink-suspendeu-acesso-a-rede-x#article\",\"isPartOf\":{\"@id\":\"https:\\\/\\\/redenoticiaz.com.br\\\/ribeiraopreto-regiao\\\/sp\\\/2024\\\/09\\\/05\\\/anatel-comunica-ao-stf-que-starlink-suspendeu-acesso-a-rede-x\"},\"author\":{\"name\":\"Gustavo Silva\",\"@id\":\"https:\\\/\\\/redenoticiaz.com.br\\\/ribeiraopreto-regiao\\\/#\\\/schema\\\/person\\\/16057b37a3c0ee6b096d7f887c566e2e\"},\"headline\":\"Anatel comunica ao STF que Starlink suspendeu acesso \u00e0 rede X\",\"datePublished\":\"2024-09-05T19:29:28+00:00\",\"dateModified\":\"2024-09-05T19:30:43+00:00\",\"mainEntityOfPage\":{\"@id\":\"https:\\\/\\\/redenoticiaz.com.br\\\/ribeiraopreto-regiao\\\/sp\\\/2024\\\/09\\\/05\\\/anatel-comunica-ao-stf-que-starlink-suspendeu-acesso-a-rede-x\"},\"wordCount\":249,\"commentCount\":0,\"publisher\":{\"@id\":\"https:\\\/\\\/redenoticiaz.com.br\\\/ribeiraopreto-regiao\\\/#organization\"},\"image\":{\"@id\":\"https:\\\/\\\/redenoticiaz.com.br\\\/ribeiraopreto-regiao\\\/sp\\\/2024\\\/09\\\/05\\\/anatel-comunica-ao-stf-que-starlink-suspendeu-acesso-a-rede-x#primaryimage\"},\"thumbnailUrl\":\"https:\\\/\\\/redenoticiaz.com.br\\\/ribeiraopreto-regiao\\\/wp-content\\\/uploads\\\/sites\\\/4\\\/2024\\\/09\\\/680036.jpg?v=1725564553\",\"keywords\":[\"ANATEL\",\"stf\",\"x\"],\"articleSection\":[\"Tecnologia\"],\"inLanguage\":\"pt-BR\",\"potentialAction\":[{\"@type\":\"CommentAction\",\"name\":\"Comment\",\"target\":[\"https:\\\/\\\/redenoticiaz.com.br\\\/ribeiraopreto-regiao\\\/sp\\\/2024\\\/09\\\/05\\\/anatel-comunica-ao-stf-que-starlink-suspendeu-acesso-a-rede-x#respond\"]}]},{\"@type\":\"WebPage\",\"@id\":\"https:\\\/\\\/redenoticiaz.com.br\\\/ribeiraopreto-regiao\\\/sp\\\/2024\\\/09\\\/05\\\/anatel-comunica-ao-stf-que-starlink-suspendeu-acesso-a-rede-x\",\"url\":\"https:\\\/\\\/redenoticiaz.com.br\\\/ribeiraopreto-regiao\\\/sp\\\/2024\\\/09\\\/05\\\/anatel-comunica-ao-stf-que-starlink-suspendeu-acesso-a-rede-x\",\"name\":\"Anatel comunica ao STF que Starlink suspendeu acesso \u00e0 rede X - Ribeir\u00e3o Preto e Regi\u00e3o\",\"isPartOf\":{\"@id\":\"https:\\\/\\\/redenoticiaz.com.br\\\/ribeiraopreto-regiao\\\/#website\"},\"primaryImageOfPage\":{\"@id\":\"https:\\\/\\\/redenoticiaz.com.br\\\/ribeiraopreto-regiao\\\/sp\\\/2024\\\/09\\\/05\\\/anatel-comunica-ao-stf-que-starlink-suspendeu-acesso-a-rede-x#primaryimage\"},\"image\":{\"@id\":\"https:\\\/\\\/redenoticiaz.com.br\\\/ribeiraopreto-regiao\\\/sp\\\/2024\\\/09\\\/05\\\/anatel-comunica-ao-stf-que-starlink-suspendeu-acesso-a-rede-x#primaryimage\"},\"thumbnailUrl\":\"https:\\\/\\\/redenoticiaz.com.br\\\/ribeiraopreto-regiao\\\/wp-content\\\/uploads\\\/sites\\\/4\\\/2024\\\/09\\\/680036.jpg?v=1725564553\",\"datePublished\":\"2024-09-05T19:29:28+00:00\",\"dateModified\":\"2024-09-05T19:30:43+00:00\",\"description\":\"Anatel informou nesta quinta-feira (5) ao Supremo Tribunal Federal (STF) que a Starlink cumpriu a determina\u00e7\u00e3o para suspender o acesso \u00e0 rede social X..\",\"inLanguage\":\"pt-BR\",\"potentialAction\":[{\"@type\":\"ReadAction\",\"target\":[\"https:\\\/\\\/redenoticiaz.com.br\\\/ribeiraopreto-regiao\\\/sp\\\/2024\\\/09\\\/05\\\/anatel-comunica-ao-stf-que-starlink-suspendeu-acesso-a-rede-x\"]}]},{\"@type\":\"ImageObject\",\"inLanguage\":\"pt-BR\",\"@id\":\"https:\\\/\\\/redenoticiaz.com.br\\\/ribeiraopreto-regiao\\\/sp\\\/2024\\\/09\\\/05\\\/anatel-comunica-ao-stf-que-starlink-suspendeu-acesso-a-rede-x#primaryimage\",\"url\":\"https:\\\/\\\/redenoticiaz.com.br\\\/ribeiraopreto-regiao\\\/wp-content\\\/uploads\\\/sites\\\/4\\\/2024\\\/09\\\/680036.jpg?v=1725564553\",\"contentUrl\":\"https:\\\/\\\/redenoticiaz.com.br\\\/ribeiraopreto-regiao\\\/wp-content\\\/uploads\\\/sites\\\/4\\\/2024\\\/09\\\/680036.jpg?v=1725564553\",\"width\":824,\"height\":494},{\"@type\":\"WebSite\",\"@id\":\"https:\\\/\\\/redenoticiaz.com.br\\\/ribeiraopreto-regiao\\\/#website\",\"url\":\"https:\\\/\\\/redenoticiaz.com.br\\\/ribeiraopreto-regiao\\\/\",\"name\":\"Ribeir\u00e3o Preto e Regi\u00e3o\",\"description\":\"Rede NoticiaZ - Ribeir\u00e3o Preto e regi\u00e3o\",\"publisher\":{\"@id\":\"https:\\\/\\\/redenoticiaz.com.br\\\/ribeiraopreto-regiao\\\/#organization\"},\"potentialAction\":[{\"@type\":\"SearchAction\",\"target\":{\"@type\":\"EntryPoint\",\"urlTemplate\":\"https:\\\/\\\/redenoticiaz.com.br\\\/ribeiraopreto-regiao\\\/?s={search_term_string}\"},\"query-input\":{\"@type\":\"PropertyValueSpecification\",\"valueRequired\":true,\"valueName\":\"search_term_string\"}}],\"inLanguage\":\"pt-BR\"},{\"@type\":\"Organization\",\"@id\":\"https:\\\/\\\/redenoticiaz.com.br\\\/ribeiraopreto-regiao\\\/#organization\",\"name\":\"Ribeir\u00e3o Preto e Regi\u00e3o\",\"url\":\"https:\\\/\\\/redenoticiaz.com.br\\\/ribeiraopreto-regiao\\\/\",\"logo\":{\"@type\":\"ImageObject\",\"inLanguage\":\"pt-BR\",\"@id\":\"https:\\\/\\\/redenoticiaz.com.br\\\/ribeiraopreto-regiao\\\/#\\\/schema\\\/logo\\\/image\\\/\",\"url\":\"https:\\\/\\\/redenoticiaz.com.br\\\/barretos-regiao\\\/wp-content\\\/uploads\\\/sites\\\/4\\\/2022\\\/02\\\/logo.jpg\",\"contentUrl\":\"https:\\\/\\\/redenoticiaz.com.br\\\/barretos-regiao\\\/wp-content\\\/uploads\\\/sites\\\/4\\\/2022\\\/02\\\/logo.jpg\",\"width\":400,\"height\":250,\"caption\":\"Ribeir\u00e3o Preto e Regi\u00e3o\"},\"image\":{\"@id\":\"https:\\\/\\\/redenoticiaz.com.br\\\/ribeiraopreto-regiao\\\/#\\\/schema\\\/logo\\\/image\\\/\"},\"sameAs\":[\"https:\\\/\\\/m.facebook.com\\\/redenoticiaz.barretos\",\"https:\\\/\\\/x.com\\\/RN_barretos\",\"https:\\\/\\\/www.instagram.com\\\/redenoticiaz.barretos\\\/?igshid=YmMyMTA2M2Y\",\"https:\\\/\\\/www.linkedin.com\\\/company\\\/rede-noticiaz-barretos-e-regio\\\/\"]},{\"@type\":\"Person\",\"@id\":\"https:\\\/\\\/redenoticiaz.com.br\\\/ribeiraopreto-regiao\\\/#\\\/schema\\\/person\\\/16057b37a3c0ee6b096d7f887c566e2e\",\"name\":\"Gustavo Silva\",\"image\":{\"@type\":\"ImageObject\",\"inLanguage\":\"pt-BR\",\"@id\":\"https:\\\/\\\/secure.gravatar.com\\\/avatar\\\/3ee4e82f93b26de0a7cf4ea5eb7893da637ed6bb0c9170c58065944c56e28a33?s=96&d=mm&r=g\",\"url\":\"https:\\\/\\\/secure.gravatar.com\\\/avatar\\\/3ee4e82f93b26de0a7cf4ea5eb7893da637ed6bb0c9170c58065944c56e28a33?s=96&d=mm&r=g\",\"contentUrl\":\"https:\\\/\\\/secure.gravatar.com\\\/avatar\\\/3ee4e82f93b26de0a7cf4ea5eb7893da637ed6bb0c9170c58065944c56e28a33?s=96&d=mm&r=g\",\"caption\":\"Gustavo Silva\"},\"url\":\"https:\\\/\\\/redenoticiaz.com.br\\\/ribeiraopreto-regiao\\\/sp\\\/author\\\/gustavosilva\"}]}<\/script>\n<!-- \/ Yoast SEO plugin. -->","yoast_head_json":{"title":"Anatel comunica ao STF que Starlink suspendeu acesso \u00e0 rede X - Ribeir\u00e3o Preto e Regi\u00e3o","description":"Anatel informou nesta quinta-feira (5) ao Supremo Tribunal Federal (STF) que a Starlink cumpriu a determina\u00e7\u00e3o para suspender o acesso \u00e0 rede social X..","robots":{"index":"index","follow":"follow","max-snippet":"max-snippet:-1","max-image-preview":"max-image-preview:large","max-video-preview":"max-video-preview:-1"},"canonical":"https:\/\/redenoticiaz.com.br\/ribeiraopreto-regiao\/sp\/2024\/09\/05\/anatel-comunica-ao-stf-que-starlink-suspendeu-acesso-a-rede-x","og_locale":"pt_BR","og_type":"article","og_title":"Anatel comunica ao STF que Starlink suspendeu acesso \u00e0 rede X - Ribeir\u00e3o Preto e Regi\u00e3o","og_description":"Anatel informou nesta quinta-feira (5) ao Supremo Tribunal Federal (STF) que a Starlink cumpriu a determina\u00e7\u00e3o para suspender o acesso \u00e0 rede social X..","og_url":"https:\/\/redenoticiaz.com.br\/ribeiraopreto-regiao\/sp\/2024\/09\/05\/anatel-comunica-ao-stf-que-starlink-suspendeu-acesso-a-rede-x","og_site_name":"Ribeir\u00e3o Preto e Regi\u00e3o","article_publisher":"https:\/\/m.facebook.com\/redenoticiaz.barretos","article_published_time":"2024-09-05T19:29:28+00:00","article_modified_time":"2024-09-05T19:30:43+00:00","og_image":[{"width":824,"height":494,"url":"https:\/\/redenoticiaz.com.br\/ribeiraopreto-regiao\/wp-content\/uploads\/sites\/4\/2024\/09\/680036.jpg?v=1725564553","type":"image\/jpeg"}],"author":"Gustavo Silva","twitter_card":"summary_large_image","twitter_creator":"@RN_barretos","twitter_site":"@RN_barretos","twitter_misc":{"Escrito por":"Gustavo Silva","Est. tempo de leitura":"2 minutos"},"schema":{"@context":"https:\/\/schema.org","@graph":[{"@type":"Article","@id":"https:\/\/redenoticiaz.com.br\/ribeiraopreto-regiao\/sp\/2024\/09\/05\/anatel-comunica-ao-stf-que-starlink-suspendeu-acesso-a-rede-x#article","isPartOf":{"@id":"https:\/\/redenoticiaz.com.br\/ribeiraopreto-regiao\/sp\/2024\/09\/05\/anatel-comunica-ao-stf-que-starlink-suspendeu-acesso-a-rede-x"},"author":{"name":"Gustavo Silva","@id":"https:\/\/redenoticiaz.com.br\/ribeiraopreto-regiao\/#\/schema\/person\/16057b37a3c0ee6b096d7f887c566e2e"},"headline":"Anatel comunica ao STF que Starlink suspendeu acesso \u00e0 rede X","datePublished":"2024-09-05T19:29:28+00:00","dateModified":"2024-09-05T19:30:43+00:00","mainEntityOfPage":{"@id":"https:\/\/redenoticiaz.com.br\/ribeiraopreto-regiao\/sp\/2024\/09\/05\/anatel-comunica-ao-stf-que-starlink-suspendeu-acesso-a-rede-x"},"wordCount":249,"commentCount":0,"publisher":{"@id":"https:\/\/redenoticiaz.com.br\/ribeiraopreto-regiao\/#organization"},"image":{"@id":"https:\/\/redenoticiaz.com.br\/ribeiraopreto-regiao\/sp\/2024\/09\/05\/anatel-comunica-ao-stf-que-starlink-suspendeu-acesso-a-rede-x#primaryimage"},"thumbnailUrl":"https:\/\/redenoticiaz.com.br\/ribeiraopreto-regiao\/wp-content\/uploads\/sites\/4\/2024\/09\/680036.jpg?v=1725564553","keywords":["ANATEL","stf","x"],"articleSection":["Tecnologia"],"inLanguage":"pt-BR","potentialAction":[{"@type":"CommentAction","name":"Comment","target":["https:\/\/redenoticiaz.com.br\/ribeiraopreto-regiao\/sp\/2024\/09\/05\/anatel-comunica-ao-stf-que-starlink-suspendeu-acesso-a-rede-x#respond"]}]},{"@type":"WebPage","@id":"https:\/\/redenoticiaz.com.br\/ribeiraopreto-regiao\/sp\/2024\/09\/05\/anatel-comunica-ao-stf-que-starlink-suspendeu-acesso-a-rede-x","url":"https:\/\/redenoticiaz.com.br\/ribeiraopreto-regiao\/sp\/2024\/09\/05\/anatel-comunica-ao-stf-que-starlink-suspendeu-acesso-a-rede-x","name":"Anatel comunica ao STF que Starlink suspendeu acesso \u00e0 rede X - Ribeir\u00e3o Preto e Regi\u00e3o","isPartOf":{"@id":"https:\/\/redenoticiaz.com.br\/ribeiraopreto-regiao\/#website"},"primaryImageOfPage":{"@id":"https:\/\/redenoticiaz.com.br\/ribeiraopreto-regiao\/sp\/2024\/09\/05\/anatel-comunica-ao-stf-que-starlink-suspendeu-acesso-a-rede-x#primaryimage"},"image":{"@id":"https:\/\/redenoticiaz.com.br\/ribeiraopreto-regiao\/sp\/2024\/09\/05\/anatel-comunica-ao-stf-que-starlink-suspendeu-acesso-a-rede-x#primaryimage"},"thumbnailUrl":"https:\/\/redenoticiaz.com.br\/ribeiraopreto-regiao\/wp-content\/uploads\/sites\/4\/2024\/09\/680036.jpg?v=1725564553","datePublished":"2024-09-05T19:29:28+00:00","dateModified":"2024-09-05T19:30:43+00:00","description":"Anatel informou nesta quinta-feira (5) ao Supremo Tribunal Federal (STF) que a Starlink cumpriu a determina\u00e7\u00e3o para suspender o acesso \u00e0 rede social X..","inLanguage":"pt-BR","potentialAction":[{"@type":"ReadAction","target":["https:\/\/redenoticiaz.com.br\/ribeiraopreto-regiao\/sp\/2024\/09\/05\/anatel-comunica-ao-stf-que-starlink-suspendeu-acesso-a-rede-x"]}]},{"@type":"ImageObject","inLanguage":"pt-BR","@id":"https:\/\/redenoticiaz.com.br\/ribeiraopreto-regiao\/sp\/2024\/09\/05\/anatel-comunica-ao-stf-que-starlink-suspendeu-acesso-a-rede-x#primaryimage","url":"https:\/\/redenoticiaz.com.br\/ribeiraopreto-regiao\/wp-content\/uploads\/sites\/4\/2024\/09\/680036.jpg?v=1725564553","contentUrl":"https:\/\/redenoticiaz.com.br\/ribeiraopreto-regiao\/wp-content\/uploads\/sites\/4\/2024\/09\/680036.jpg?v=1725564553","width":824,"height":494},{"@type":"WebSite","@id":"https:\/\/redenoticiaz.com.br\/ribeiraopreto-regiao\/#website","url":"https:\/\/redenoticiaz.com.br\/ribeiraopreto-regiao\/","name":"Ribeir\u00e3o Preto e Regi\u00e3o","description":"Rede NoticiaZ - Ribeir\u00e3o Preto e regi\u00e3o","publisher":{"@id":"https:\/\/redenoticiaz.com.br\/ribeiraopreto-regiao\/#organization"},"potentialAction":[{"@type":"SearchAction","target":{"@type":"EntryPoint","urlTemplate":"https:\/\/redenoticiaz.com.br\/ribeiraopreto-regiao\/?s={search_term_string}"},"query-input":{"@type":"PropertyValueSpecification","valueRequired":true,"valueName":"search_term_string"}}],"inLanguage":"pt-BR"},{"@type":"Organization","@id":"https:\/\/redenoticiaz.com.br\/ribeiraopreto-regiao\/#organization","name":"Ribeir\u00e3o Preto e Regi\u00e3o","url":"https:\/\/redenoticiaz.com.br\/ribeiraopreto-regiao\/","logo":{"@type":"ImageObject","inLanguage":"pt-BR","@id":"https:\/\/redenoticiaz.com.br\/ribeiraopreto-regiao\/#\/schema\/logo\/image\/","url":"https:\/\/redenoticiaz.com.br\/barretos-regiao\/wp-content\/uploads\/sites\/4\/2022\/02\/logo.jpg","contentUrl":"https:\/\/redenoticiaz.com.br\/barretos-regiao\/wp-content\/uploads\/sites\/4\/2022\/02\/logo.jpg","width":400,"height":250,"caption":"Ribeir\u00e3o Preto e Regi\u00e3o"},"image":{"@id":"https:\/\/redenoticiaz.com.br\/ribeiraopreto-regiao\/#\/schema\/logo\/image\/"},"sameAs":["https:\/\/m.facebook.com\/redenoticiaz.barretos","https:\/\/x.com\/RN_barretos","https:\/\/www.instagram.com\/redenoticiaz.barretos\/?igshid=YmMyMTA2M2Y","https:\/\/www.linkedin.com\/company\/rede-noticiaz-barretos-e-regio\/"]},{"@type":"Person","@id":"https:\/\/redenoticiaz.com.br\/ribeiraopreto-regiao\/#\/schema\/person\/16057b37a3c0ee6b096d7f887c566e2e","name":"Gustavo Silva","image":{"@type":"ImageObject","inLanguage":"pt-BR","@id":"https:\/\/secure.gravatar.com\/avatar\/3ee4e82f93b26de0a7cf4ea5eb7893da637ed6bb0c9170c58065944c56e28a33?s=96&d=mm&r=g","url":"https:\/\/secure.gravatar.com\/avatar\/3ee4e82f93b26de0a7cf4ea5eb7893da637ed6bb0c9170c58065944c56e28a33?s=96&d=mm&r=g","contentUrl":"https:\/\/secure.gravatar.com\/avatar\/3ee4e82f93b26de0a7cf4ea5eb7893da637ed6bb0c9170c58065944c56e28a33?s=96&d=mm&r=g","caption":"Gustavo Silva"},"url":"https:\/\/redenoticiaz.com.br\/ribeiraopreto-regiao\/sp\/author\/gustavosilva"}]}},"_links":{"self":[{"href":"https:\/\/redenoticiaz.com.br\/ribeiraopreto-regiao\/wp-json\/wp\/v2\/posts\/118421","targetHints":{"allow":["GET"]}}],"collection":[{"href":"https:\/\/redenoticiaz.com.br\/ribeiraopreto-regiao\/wp-json\/wp\/v2\/posts"}],"about":[{"href":"https:\/\/redenoticiaz.com.br\/ribeiraopreto-regiao\/wp-json\/wp\/v2\/types\/post"}],"author":[{"embeddable":true,"href":"https:\/\/redenoticiaz.com.br\/ribeiraopreto-regiao\/wp-json\/wp\/v2\/users\/12"}],"replies":[{"embeddable":true,"href":"https:\/\/redenoticiaz.com.br\/ribeiraopreto-regiao\/wp-json\/wp\/v2\/comments?post=118421"}],"version-history":[{"count":0,"href":"https:\/\/redenoticiaz.com.br\/ribeiraopreto-regiao\/wp-json\/wp\/v2\/posts\/118421\/revisions"}],"wp:featuredmedia":[{"embeddable":true,"href":"https:\/\/redenoticiaz.com.br\/ribeiraopreto-regiao\/wp-json\/wp\/v2\/media\/118422"}],"wp:attachment":[{"href":"https:\/\/redenoticiaz.com.br\/ribeiraopreto-regiao\/wp-json\/wp\/v2\/media?parent=118421"}],"wp:term":[{"taxonomy":"category","embeddable":true,"href":"https:\/\/redenoticiaz.com.br\/ribeiraopreto-regiao\/wp-json\/wp\/v2\/categories?post=118421"},{"taxonomy":"post_tag","embeddable":true,"href":"https:\/\/redenoticiaz.com.br\/ribeiraopreto-regiao\/wp-json\/wp\/v2\/tags?post=118421"}],"curies":[{"name":"wp","href":"https:\/\/api.w.org\/{rel}","templated":true}]}}