{"id":118739,"date":"2024-09-30T13:39:45","date_gmt":"2024-09-30T16:39:45","guid":{"rendered":"https:\/\/redenoticiaz.com.br\/barretos-regiao\/sp\/2024\/09\/30\/bloqueio-do-x-completa-um-mes-e-empresa-busca-retorno-apos-multas-e-exigencias"},"modified":"2024-09-30T13:39:45","modified_gmt":"2024-09-30T16:39:45","slug":"bloqueio-do-x-completa-um-mes-e-empresa-busca-retorno-apos-multas-e-exigencias","status":"publish","type":"post","link":"https:\/\/redenoticiaz.com.br\/ribeiraopreto-regiao\/sp\/2024\/09\/30\/bloqueio-do-x-completa-um-mes-e-empresa-busca-retorno-apos-multas-e-exigencias","title":{"rendered":"Bloqueio do X completa um m\u00eas e empresa busca retorno ap\u00f3s multas e exig\u00eancias"},"content":{"rendered":"<p>A <strong>suspens\u00e3o da rede social X (antigo Twitter) no Brasil<\/strong>, determinada pelo ministro Alexandre de Moraes do\u00a0Supremo Tribunal Federal (STF), completa um m\u00eas nesta segunda-feira (30). A medida, que foi\u00a0 implementada pelas operadoras de internet, ainda permanece em vigor.<\/p>\n<p>Ap\u00f3s um per\u00edodo de resist\u00eancia, a empresa parece ter cedido \u00e0s exig\u00eancias do Judici\u00e1rio. Nos \u00faltimos dias, a plataforma adotou medidas para cumprir as decis\u00f5es judiciais, como o bloqueio de perfis que propagavam discursos de \u00f3dio e informa\u00e7\u00f5es falsas.<\/p>\n<p>No entanto, para que o X seja liberado no Brasil, a empresa ainda precisa arcar com milh\u00f5es de reais em multas e atender a outras condi\u00e7\u00f5es estabelecidas por Moraes. O ministro, ao analisar o pedido de desbloqueio, detalhou o valor total das pend\u00eancias financeiras e as exig\u00eancias que devem ser cumpridas pela plataforma.<\/p>\n<p>O ministro Alexandre de Moraes determinou que a <strong>plataforma X (anteriormente Twitter) deve cumprir tr\u00eas ordens do STF:<\/strong> suspender nove perfis que descumpriram decis\u00f5es judiciais, indicar um representante legal no Brasil e pagar multas por desobedi\u00eancia. As duas primeiras ordens j\u00e1 foram cumpridas, enquanto o pagamento das multas foi garantido por meio do bloqueio de R$ 18,3 milh\u00f5es das contas da plataforma e da Starlink, ambas de propriedade de Elon Musk.<\/p>\n<p>Moraes destacou que, apesar do bloqueio, \u00e9 necess\u00e1rio que as empresas confirmem se os valores ser\u00e3o utilizados para quitar as multas, j\u00e1 que h\u00e1 um recurso pendente da Starlink.<\/p>\n<p>A <strong>suspens\u00e3o do X ocorreu devido ao descumprimento de ordens do STF<\/strong> para bloquear contas ligadas a conte\u00fados antidemocr\u00e1ticos e ataques a institui\u00e7\u00f5es, incluindo usu\u00e1rios como o senador Marcos do Val.<\/p>\n<p>Em resposta \u00e0 press\u00e3o, a empresa anunciou o fechamento de sua representa\u00e7\u00e3o no Brasil, mas a falta de um representante formal resultou no bloqueio imediato da rede social, conforme determinado por Moraes, que citou a necessidade de garantir a legalidade e a ordem durante as elei\u00e7\u00f5es municipais de 2024.<\/p>\n<p>LEIA MAIS<\/p>\n<p><a href=\"https:\/\/redenoticiaz.com.br\/blog\/2024\/09\/30\/pepsico-abre-novas-vagas-saiba-como-se-inscrever\">PepsiCo abre novas vagas \u2014 Saiba como se inscrever<\/a><\/p>\n<p><a href=\"https:\/\/redenoticiaz.com.br\/blog\/2024\/09\/29\/tse-aprova-uso-da-forca-federal-nas-eleicoes-em-cidades-de-12-estados\">TSE aprova uso da for\u00e7a federal nas elei\u00e7\u00f5es em cidades de 12 estados<\/a><\/p>\n","protected":false},"excerpt":{"rendered":"<p>A suspens\u00e3o da rede social X (antigo Twitter) no Brasil, determinada pelo ministro Alexandre de Moraes do\u00a0Supremo Tribunal Federal (STF), completa um m\u00eas nesta segunda-feira (30). A medida, que foi\u00a0 implementada pelas operadoras de internet, ainda permanece em vigor. Ap\u00f3s um per\u00edodo de resist\u00eancia, a empresa parece ter cedido \u00e0s exig\u00eancias do Judici\u00e1rio. Nos \u00faltimos &hellip;<\/p>\n","protected":false},"author":30,"featured_media":108619,"comment_status":"open","ping_status":"closed","sticky":false,"template":"","format":"standard","meta":{"footnotes":""},"categories":[1561],"tags":[70,262,12586,28209],"class_list":["post-118739","post","type-post","status-publish","format-standard","has-post-thumbnail","hentry","category-tecnologia","tag-brasil","tag-stf","tag-twitter","tag-x"],"yoast_head":"<!-- This site is optimized with the Yoast SEO plugin v28.3 - https:\/\/yoast.com\/product\/yoast-seo-wordpress\/ -->\n<title>Bloqueio do X completa um m\u00eas e empresa busca retorno ap\u00f3s multas e exig\u00eancias - Ribeir\u00e3o Preto e Regi\u00e3o<\/title>\n<meta name=\"description\" content=\"A suspens\u00e3o da rede social X (antigo Twitter) no Brasil, determinada pelo ministro Alexandre de Moraes do Supremo Tribunal Federal (STF), completa um m\u00eas.\" \/>\n<meta name=\"robots\" content=\"index, follow, max-snippet:-1, max-image-preview:large, max-video-preview:-1\" \/>\n<link rel=\"canonical\" href=\"https:\/\/redenoticiaz.com.br\/ribeiraopreto-regiao\/sp\/2024\/09\/30\/bloqueio-do-x-completa-um-mes-e-empresa-busca-retorno-apos-multas-e-exigencias\" \/>\n<meta property=\"og:locale\" content=\"pt_BR\" \/>\n<meta property=\"og:type\" content=\"article\" \/>\n<meta property=\"og:title\" content=\"Bloqueio do X completa um m\u00eas e empresa busca retorno ap\u00f3s multas e exig\u00eancias - Ribeir\u00e3o Preto e Regi\u00e3o\" \/>\n<meta property=\"og:description\" content=\"A suspens\u00e3o da rede social X (antigo Twitter) no Brasil, determinada pelo ministro Alexandre de Moraes do Supremo Tribunal Federal (STF), completa um m\u00eas.\" \/>\n<meta property=\"og:url\" content=\"https:\/\/redenoticiaz.com.br\/ribeiraopreto-regiao\/sp\/2024\/09\/30\/bloqueio-do-x-completa-um-mes-e-empresa-busca-retorno-apos-multas-e-exigencias\" \/>\n<meta property=\"og:site_name\" content=\"Ribeir\u00e3o Preto e Regi\u00e3o\" \/>\n<meta property=\"article:publisher\" content=\"https:\/\/m.facebook.com\/redenoticiaz.barretos\" \/>\n<meta property=\"article:published_time\" content=\"2024-09-30T16:39:45+00:00\" \/>\n<meta property=\"og:image\" content=\"https:\/\/redenoticiaz.com.br\/ribeiraopreto-regiao\/wp-content\/uploads\/sites\/4\/2023\/07\/2023-07-24t175958z_1_lynxmpej6n0pc_rtroptp_4_twitter-musk-logo.jpg\" \/>\n\t<meta property=\"og:image:width\" content=\"1170\" \/>\n\t<meta property=\"og:image:height\" content=\"700\" \/>\n\t<meta property=\"og:image:type\" content=\"image\/jpeg\" \/>\n<meta name=\"author\" content=\"Carina Reifonas\" \/>\n<meta name=\"twitter:card\" content=\"summary_large_image\" \/>\n<meta name=\"twitter:creator\" content=\"@RN_barretos\" \/>\n<meta name=\"twitter:site\" content=\"@RN_barretos\" \/>\n<meta name=\"twitter:label1\" content=\"Escrito por\" \/>\n\t<meta name=\"twitter:data1\" content=\"Carina Reifonas\" \/>\n\t<meta name=\"twitter:label2\" content=\"Est. tempo de leitura\" \/>\n\t<meta name=\"twitter:data2\" content=\"3 minutos\" \/>\n<script type=\"application\/ld+json\" class=\"yoast-schema-graph\">{\"@context\":\"https:\\\/\\\/schema.org\",\"@graph\":[{\"@type\":\"Article\",\"@id\":\"https:\\\/\\\/redenoticiaz.com.br\\\/ribeiraopreto-regiao\\\/sp\\\/2024\\\/09\\\/30\\\/bloqueio-do-x-completa-um-mes-e-empresa-busca-retorno-apos-multas-e-exigencias#article\",\"isPartOf\":{\"@id\":\"https:\\\/\\\/redenoticiaz.com.br\\\/ribeiraopreto-regiao\\\/sp\\\/2024\\\/09\\\/30\\\/bloqueio-do-x-completa-um-mes-e-empresa-busca-retorno-apos-multas-e-exigencias\"},\"author\":{\"name\":\"Carina Reifonas\",\"@id\":\"https:\\\/\\\/redenoticiaz.com.br\\\/ribeiraopreto-regiao\\\/#\\\/schema\\\/person\\\/1f84d6e94e6a62d2d81199d7503e9e90\"},\"headline\":\"Bloqueio do X completa um m\u00eas e empresa busca retorno ap\u00f3s multas e exig\u00eancias\",\"datePublished\":\"2024-09-30T16:39:45+00:00\",\"mainEntityOfPage\":{\"@id\":\"https:\\\/\\\/redenoticiaz.com.br\\\/ribeiraopreto-regiao\\\/sp\\\/2024\\\/09\\\/30\\\/bloqueio-do-x-completa-um-mes-e-empresa-busca-retorno-apos-multas-e-exigencias\"},\"wordCount\":375,\"commentCount\":0,\"publisher\":{\"@id\":\"https:\\\/\\\/redenoticiaz.com.br\\\/ribeiraopreto-regiao\\\/#organization\"},\"image\":{\"@id\":\"https:\\\/\\\/redenoticiaz.com.br\\\/ribeiraopreto-regiao\\\/sp\\\/2024\\\/09\\\/30\\\/bloqueio-do-x-completa-um-mes-e-empresa-busca-retorno-apos-multas-e-exigencias#primaryimage\"},\"thumbnailUrl\":\"https:\\\/\\\/redenoticiaz.com.br\\\/ribeiraopreto-regiao\\\/wp-content\\\/uploads\\\/sites\\\/4\\\/2023\\\/07\\\/2023-07-24t175958z_1_lynxmpej6n0pc_rtroptp_4_twitter-musk-logo.jpg\",\"keywords\":[\"Brasil\",\"stf\",\"TWITTER\",\"x\"],\"articleSection\":[\"Tecnologia\"],\"inLanguage\":\"pt-BR\",\"potentialAction\":[{\"@type\":\"CommentAction\",\"name\":\"Comment\",\"target\":[\"https:\\\/\\\/redenoticiaz.com.br\\\/ribeiraopreto-regiao\\\/sp\\\/2024\\\/09\\\/30\\\/bloqueio-do-x-completa-um-mes-e-empresa-busca-retorno-apos-multas-e-exigencias#respond\"]}]},{\"@type\":\"WebPage\",\"@id\":\"https:\\\/\\\/redenoticiaz.com.br\\\/ribeiraopreto-regiao\\\/sp\\\/2024\\\/09\\\/30\\\/bloqueio-do-x-completa-um-mes-e-empresa-busca-retorno-apos-multas-e-exigencias\",\"url\":\"https:\\\/\\\/redenoticiaz.com.br\\\/ribeiraopreto-regiao\\\/sp\\\/2024\\\/09\\\/30\\\/bloqueio-do-x-completa-um-mes-e-empresa-busca-retorno-apos-multas-e-exigencias\",\"name\":\"Bloqueio do X completa um m\u00eas e empresa busca retorno ap\u00f3s multas e exig\u00eancias - Ribeir\u00e3o Preto e Regi\u00e3o\",\"isPartOf\":{\"@id\":\"https:\\\/\\\/redenoticiaz.com.br\\\/ribeiraopreto-regiao\\\/#website\"},\"primaryImageOfPage\":{\"@id\":\"https:\\\/\\\/redenoticiaz.com.br\\\/ribeiraopreto-regiao\\\/sp\\\/2024\\\/09\\\/30\\\/bloqueio-do-x-completa-um-mes-e-empresa-busca-retorno-apos-multas-e-exigencias#primaryimage\"},\"image\":{\"@id\":\"https:\\\/\\\/redenoticiaz.com.br\\\/ribeiraopreto-regiao\\\/sp\\\/2024\\\/09\\\/30\\\/bloqueio-do-x-completa-um-mes-e-empresa-busca-retorno-apos-multas-e-exigencias#primaryimage\"},\"thumbnailUrl\":\"https:\\\/\\\/redenoticiaz.com.br\\\/ribeiraopreto-regiao\\\/wp-content\\\/uploads\\\/sites\\\/4\\\/2023\\\/07\\\/2023-07-24t175958z_1_lynxmpej6n0pc_rtroptp_4_twitter-musk-logo.jpg\",\"datePublished\":\"2024-09-30T16:39:45+00:00\",\"description\":\"A suspens\u00e3o da rede social X (antigo Twitter) no Brasil, determinada pelo ministro Alexandre de Moraes do Supremo Tribunal Federal (STF), completa um m\u00eas.\",\"inLanguage\":\"pt-BR\",\"potentialAction\":[{\"@type\":\"ReadAction\",\"target\":[\"https:\\\/\\\/redenoticiaz.com.br\\\/ribeiraopreto-regiao\\\/sp\\\/2024\\\/09\\\/30\\\/bloqueio-do-x-completa-um-mes-e-empresa-busca-retorno-apos-multas-e-exigencias\"]}]},{\"@type\":\"ImageObject\",\"inLanguage\":\"pt-BR\",\"@id\":\"https:\\\/\\\/redenoticiaz.com.br\\\/ribeiraopreto-regiao\\\/sp\\\/2024\\\/09\\\/30\\\/bloqueio-do-x-completa-um-mes-e-empresa-busca-retorno-apos-multas-e-exigencias#primaryimage\",\"url\":\"https:\\\/\\\/redenoticiaz.com.br\\\/ribeiraopreto-regiao\\\/wp-content\\\/uploads\\\/sites\\\/4\\\/2023\\\/07\\\/2023-07-24t175958z_1_lynxmpej6n0pc_rtroptp_4_twitter-musk-logo.jpg\",\"contentUrl\":\"https:\\\/\\\/redenoticiaz.com.br\\\/ribeiraopreto-regiao\\\/wp-content\\\/uploads\\\/sites\\\/4\\\/2023\\\/07\\\/2023-07-24t175958z_1_lynxmpej6n0pc_rtroptp_4_twitter-musk-logo.jpg\",\"width\":1170,\"height\":700,\"caption\":\"Twitter troca logotipo e substitui p\u00e1ssaro azul por X\"},{\"@type\":\"WebSite\",\"@id\":\"https:\\\/\\\/redenoticiaz.com.br\\\/ribeiraopreto-regiao\\\/#website\",\"url\":\"https:\\\/\\\/redenoticiaz.com.br\\\/ribeiraopreto-regiao\\\/\",\"name\":\"Ribeir\u00e3o Preto e Regi\u00e3o\",\"description\":\"Rede NoticiaZ - Ribeir\u00e3o Preto e regi\u00e3o\",\"publisher\":{\"@id\":\"https:\\\/\\\/redenoticiaz.com.br\\\/ribeiraopreto-regiao\\\/#organization\"},\"potentialAction\":[{\"@type\":\"SearchAction\",\"target\":{\"@type\":\"EntryPoint\",\"urlTemplate\":\"https:\\\/\\\/redenoticiaz.com.br\\\/ribeiraopreto-regiao\\\/?s={search_term_string}\"},\"query-input\":{\"@type\":\"PropertyValueSpecification\",\"valueRequired\":true,\"valueName\":\"search_term_string\"}}],\"inLanguage\":\"pt-BR\"},{\"@type\":\"Organization\",\"@id\":\"https:\\\/\\\/redenoticiaz.com.br\\\/ribeiraopreto-regiao\\\/#organization\",\"name\":\"Ribeir\u00e3o Preto e Regi\u00e3o\",\"url\":\"https:\\\/\\\/redenoticiaz.com.br\\\/ribeiraopreto-regiao\\\/\",\"logo\":{\"@type\":\"ImageObject\",\"inLanguage\":\"pt-BR\",\"@id\":\"https:\\\/\\\/redenoticiaz.com.br\\\/ribeiraopreto-regiao\\\/#\\\/schema\\\/logo\\\/image\\\/\",\"url\":\"https:\\\/\\\/redenoticiaz.com.br\\\/barretos-regiao\\\/wp-content\\\/uploads\\\/sites\\\/4\\\/2022\\\/02\\\/logo.jpg\",\"contentUrl\":\"https:\\\/\\\/redenoticiaz.com.br\\\/barretos-regiao\\\/wp-content\\\/uploads\\\/sites\\\/4\\\/2022\\\/02\\\/logo.jpg\",\"width\":400,\"height\":250,\"caption\":\"Ribeir\u00e3o Preto e Regi\u00e3o\"},\"image\":{\"@id\":\"https:\\\/\\\/redenoticiaz.com.br\\\/ribeiraopreto-regiao\\\/#\\\/schema\\\/logo\\\/image\\\/\"},\"sameAs\":[\"https:\\\/\\\/m.facebook.com\\\/redenoticiaz.barretos\",\"https:\\\/\\\/x.com\\\/RN_barretos\",\"https:\\\/\\\/www.instagram.com\\\/redenoticiaz.barretos\\\/?igshid=YmMyMTA2M2Y\",\"https:\\\/\\\/www.linkedin.com\\\/company\\\/rede-noticiaz-barretos-e-regio\\\/\"]},{\"@type\":\"Person\",\"@id\":\"https:\\\/\\\/redenoticiaz.com.br\\\/ribeiraopreto-regiao\\\/#\\\/schema\\\/person\\\/1f84d6e94e6a62d2d81199d7503e9e90\",\"name\":\"Carina Reifonas\",\"image\":{\"@type\":\"ImageObject\",\"inLanguage\":\"pt-BR\",\"@id\":\"https:\\\/\\\/secure.gravatar.com\\\/avatar\\\/04c59859b23696cf867715880f81d5c037e60109730bdb4e6670ec2a2245bc97?s=96&d=mm&r=g\",\"url\":\"https:\\\/\\\/secure.gravatar.com\\\/avatar\\\/04c59859b23696cf867715880f81d5c037e60109730bdb4e6670ec2a2245bc97?s=96&d=mm&r=g\",\"contentUrl\":\"https:\\\/\\\/secure.gravatar.com\\\/avatar\\\/04c59859b23696cf867715880f81d5c037e60109730bdb4e6670ec2a2245bc97?s=96&d=mm&r=g\",\"caption\":\"Carina Reifonas\"},\"url\":\"https:\\\/\\\/redenoticiaz.com.br\\\/ribeiraopreto-regiao\\\/sp\\\/author\\\/carinareifonas\"}]}<\/script>\n<!-- \/ Yoast SEO plugin. -->","yoast_head_json":{"title":"Bloqueio do X completa um m\u00eas e empresa busca retorno ap\u00f3s multas e exig\u00eancias - Ribeir\u00e3o Preto e Regi\u00e3o","description":"A suspens\u00e3o da rede social X (antigo Twitter) no Brasil, determinada pelo ministro Alexandre de Moraes do Supremo Tribunal Federal (STF), completa um m\u00eas.","robots":{"index":"index","follow":"follow","max-snippet":"max-snippet:-1","max-image-preview":"max-image-preview:large","max-video-preview":"max-video-preview:-1"},"canonical":"https:\/\/redenoticiaz.com.br\/ribeiraopreto-regiao\/sp\/2024\/09\/30\/bloqueio-do-x-completa-um-mes-e-empresa-busca-retorno-apos-multas-e-exigencias","og_locale":"pt_BR","og_type":"article","og_title":"Bloqueio do X completa um m\u00eas e empresa busca retorno ap\u00f3s multas e exig\u00eancias - Ribeir\u00e3o Preto e Regi\u00e3o","og_description":"A suspens\u00e3o da rede social X (antigo Twitter) no Brasil, determinada pelo ministro Alexandre de Moraes do Supremo Tribunal Federal (STF), completa um m\u00eas.","og_url":"https:\/\/redenoticiaz.com.br\/ribeiraopreto-regiao\/sp\/2024\/09\/30\/bloqueio-do-x-completa-um-mes-e-empresa-busca-retorno-apos-multas-e-exigencias","og_site_name":"Ribeir\u00e3o Preto e Regi\u00e3o","article_publisher":"https:\/\/m.facebook.com\/redenoticiaz.barretos","article_published_time":"2024-09-30T16:39:45+00:00","og_image":[{"width":1170,"height":700,"url":"https:\/\/redenoticiaz.com.br\/ribeiraopreto-regiao\/wp-content\/uploads\/sites\/4\/2023\/07\/2023-07-24t175958z_1_lynxmpej6n0pc_rtroptp_4_twitter-musk-logo.jpg","type":"image\/jpeg"}],"author":"Carina Reifonas","twitter_card":"summary_large_image","twitter_creator":"@RN_barretos","twitter_site":"@RN_barretos","twitter_misc":{"Escrito por":"Carina Reifonas","Est. tempo de leitura":"3 minutos"},"schema":{"@context":"https:\/\/schema.org","@graph":[{"@type":"Article","@id":"https:\/\/redenoticiaz.com.br\/ribeiraopreto-regiao\/sp\/2024\/09\/30\/bloqueio-do-x-completa-um-mes-e-empresa-busca-retorno-apos-multas-e-exigencias#article","isPartOf":{"@id":"https:\/\/redenoticiaz.com.br\/ribeiraopreto-regiao\/sp\/2024\/09\/30\/bloqueio-do-x-completa-um-mes-e-empresa-busca-retorno-apos-multas-e-exigencias"},"author":{"name":"Carina Reifonas","@id":"https:\/\/redenoticiaz.com.br\/ribeiraopreto-regiao\/#\/schema\/person\/1f84d6e94e6a62d2d81199d7503e9e90"},"headline":"Bloqueio do X completa um m\u00eas e empresa busca retorno ap\u00f3s multas e exig\u00eancias","datePublished":"2024-09-30T16:39:45+00:00","mainEntityOfPage":{"@id":"https:\/\/redenoticiaz.com.br\/ribeiraopreto-regiao\/sp\/2024\/09\/30\/bloqueio-do-x-completa-um-mes-e-empresa-busca-retorno-apos-multas-e-exigencias"},"wordCount":375,"commentCount":0,"publisher":{"@id":"https:\/\/redenoticiaz.com.br\/ribeiraopreto-regiao\/#organization"},"image":{"@id":"https:\/\/redenoticiaz.com.br\/ribeiraopreto-regiao\/sp\/2024\/09\/30\/bloqueio-do-x-completa-um-mes-e-empresa-busca-retorno-apos-multas-e-exigencias#primaryimage"},"thumbnailUrl":"https:\/\/redenoticiaz.com.br\/ribeiraopreto-regiao\/wp-content\/uploads\/sites\/4\/2023\/07\/2023-07-24t175958z_1_lynxmpej6n0pc_rtroptp_4_twitter-musk-logo.jpg","keywords":["Brasil","stf","TWITTER","x"],"articleSection":["Tecnologia"],"inLanguage":"pt-BR","potentialAction":[{"@type":"CommentAction","name":"Comment","target":["https:\/\/redenoticiaz.com.br\/ribeiraopreto-regiao\/sp\/2024\/09\/30\/bloqueio-do-x-completa-um-mes-e-empresa-busca-retorno-apos-multas-e-exigencias#respond"]}]},{"@type":"WebPage","@id":"https:\/\/redenoticiaz.com.br\/ribeiraopreto-regiao\/sp\/2024\/09\/30\/bloqueio-do-x-completa-um-mes-e-empresa-busca-retorno-apos-multas-e-exigencias","url":"https:\/\/redenoticiaz.com.br\/ribeiraopreto-regiao\/sp\/2024\/09\/30\/bloqueio-do-x-completa-um-mes-e-empresa-busca-retorno-apos-multas-e-exigencias","name":"Bloqueio do X completa um m\u00eas e empresa busca retorno ap\u00f3s multas e exig\u00eancias - Ribeir\u00e3o Preto e Regi\u00e3o","isPartOf":{"@id":"https:\/\/redenoticiaz.com.br\/ribeiraopreto-regiao\/#website"},"primaryImageOfPage":{"@id":"https:\/\/redenoticiaz.com.br\/ribeiraopreto-regiao\/sp\/2024\/09\/30\/bloqueio-do-x-completa-um-mes-e-empresa-busca-retorno-apos-multas-e-exigencias#primaryimage"},"image":{"@id":"https:\/\/redenoticiaz.com.br\/ribeiraopreto-regiao\/sp\/2024\/09\/30\/bloqueio-do-x-completa-um-mes-e-empresa-busca-retorno-apos-multas-e-exigencias#primaryimage"},"thumbnailUrl":"https:\/\/redenoticiaz.com.br\/ribeiraopreto-regiao\/wp-content\/uploads\/sites\/4\/2023\/07\/2023-07-24t175958z_1_lynxmpej6n0pc_rtroptp_4_twitter-musk-logo.jpg","datePublished":"2024-09-30T16:39:45+00:00","description":"A suspens\u00e3o da rede social X (antigo Twitter) no Brasil, determinada pelo ministro Alexandre de Moraes do Supremo Tribunal Federal (STF), completa um m\u00eas.","inLanguage":"pt-BR","potentialAction":[{"@type":"ReadAction","target":["https:\/\/redenoticiaz.com.br\/ribeiraopreto-regiao\/sp\/2024\/09\/30\/bloqueio-do-x-completa-um-mes-e-empresa-busca-retorno-apos-multas-e-exigencias"]}]},{"@type":"ImageObject","inLanguage":"pt-BR","@id":"https:\/\/redenoticiaz.com.br\/ribeiraopreto-regiao\/sp\/2024\/09\/30\/bloqueio-do-x-completa-um-mes-e-empresa-busca-retorno-apos-multas-e-exigencias#primaryimage","url":"https:\/\/redenoticiaz.com.br\/ribeiraopreto-regiao\/wp-content\/uploads\/sites\/4\/2023\/07\/2023-07-24t175958z_1_lynxmpej6n0pc_rtroptp_4_twitter-musk-logo.jpg","contentUrl":"https:\/\/redenoticiaz.com.br\/ribeiraopreto-regiao\/wp-content\/uploads\/sites\/4\/2023\/07\/2023-07-24t175958z_1_lynxmpej6n0pc_rtroptp_4_twitter-musk-logo.jpg","width":1170,"height":700,"caption":"Twitter troca logotipo e substitui p\u00e1ssaro azul por X"},{"@type":"WebSite","@id":"https:\/\/redenoticiaz.com.br\/ribeiraopreto-regiao\/#website","url":"https:\/\/redenoticiaz.com.br\/ribeiraopreto-regiao\/","name":"Ribeir\u00e3o Preto e Regi\u00e3o","description":"Rede NoticiaZ - Ribeir\u00e3o Preto e regi\u00e3o","publisher":{"@id":"https:\/\/redenoticiaz.com.br\/ribeiraopreto-regiao\/#organization"},"potentialAction":[{"@type":"SearchAction","target":{"@type":"EntryPoint","urlTemplate":"https:\/\/redenoticiaz.com.br\/ribeiraopreto-regiao\/?s={search_term_string}"},"query-input":{"@type":"PropertyValueSpecification","valueRequired":true,"valueName":"search_term_string"}}],"inLanguage":"pt-BR"},{"@type":"Organization","@id":"https:\/\/redenoticiaz.com.br\/ribeiraopreto-regiao\/#organization","name":"Ribeir\u00e3o Preto e Regi\u00e3o","url":"https:\/\/redenoticiaz.com.br\/ribeiraopreto-regiao\/","logo":{"@type":"ImageObject","inLanguage":"pt-BR","@id":"https:\/\/redenoticiaz.com.br\/ribeiraopreto-regiao\/#\/schema\/logo\/image\/","url":"https:\/\/redenoticiaz.com.br\/barretos-regiao\/wp-content\/uploads\/sites\/4\/2022\/02\/logo.jpg","contentUrl":"https:\/\/redenoticiaz.com.br\/barretos-regiao\/wp-content\/uploads\/sites\/4\/2022\/02\/logo.jpg","width":400,"height":250,"caption":"Ribeir\u00e3o Preto e Regi\u00e3o"},"image":{"@id":"https:\/\/redenoticiaz.com.br\/ribeiraopreto-regiao\/#\/schema\/logo\/image\/"},"sameAs":["https:\/\/m.facebook.com\/redenoticiaz.barretos","https:\/\/x.com\/RN_barretos","https:\/\/www.instagram.com\/redenoticiaz.barretos\/?igshid=YmMyMTA2M2Y","https:\/\/www.linkedin.com\/company\/rede-noticiaz-barretos-e-regio\/"]},{"@type":"Person","@id":"https:\/\/redenoticiaz.com.br\/ribeiraopreto-regiao\/#\/schema\/person\/1f84d6e94e6a62d2d81199d7503e9e90","name":"Carina Reifonas","image":{"@type":"ImageObject","inLanguage":"pt-BR","@id":"https:\/\/secure.gravatar.com\/avatar\/04c59859b23696cf867715880f81d5c037e60109730bdb4e6670ec2a2245bc97?s=96&d=mm&r=g","url":"https:\/\/secure.gravatar.com\/avatar\/04c59859b23696cf867715880f81d5c037e60109730bdb4e6670ec2a2245bc97?s=96&d=mm&r=g","contentUrl":"https:\/\/secure.gravatar.com\/avatar\/04c59859b23696cf867715880f81d5c037e60109730bdb4e6670ec2a2245bc97?s=96&d=mm&r=g","caption":"Carina Reifonas"},"url":"https:\/\/redenoticiaz.com.br\/ribeiraopreto-regiao\/sp\/author\/carinareifonas"}]}},"_links":{"self":[{"href":"https:\/\/redenoticiaz.com.br\/ribeiraopreto-regiao\/wp-json\/wp\/v2\/posts\/118739","targetHints":{"allow":["GET"]}}],"collection":[{"href":"https:\/\/redenoticiaz.com.br\/ribeiraopreto-regiao\/wp-json\/wp\/v2\/posts"}],"about":[{"href":"https:\/\/redenoticiaz.com.br\/ribeiraopreto-regiao\/wp-json\/wp\/v2\/types\/post"}],"author":[{"embeddable":true,"href":"https:\/\/redenoticiaz.com.br\/ribeiraopreto-regiao\/wp-json\/wp\/v2\/users\/30"}],"replies":[{"embeddable":true,"href":"https:\/\/redenoticiaz.com.br\/ribeiraopreto-regiao\/wp-json\/wp\/v2\/comments?post=118739"}],"version-history":[{"count":0,"href":"https:\/\/redenoticiaz.com.br\/ribeiraopreto-regiao\/wp-json\/wp\/v2\/posts\/118739\/revisions"}],"wp:featuredmedia":[{"embeddable":true,"href":"https:\/\/redenoticiaz.com.br\/ribeiraopreto-regiao\/wp-json\/wp\/v2\/media\/108619"}],"wp:attachment":[{"href":"https:\/\/redenoticiaz.com.br\/ribeiraopreto-regiao\/wp-json\/wp\/v2\/media?parent=118739"}],"wp:term":[{"taxonomy":"category","embeddable":true,"href":"https:\/\/redenoticiaz.com.br\/ribeiraopreto-regiao\/wp-json\/wp\/v2\/categories?post=118739"},{"taxonomy":"post_tag","embeddable":true,"href":"https:\/\/redenoticiaz.com.br\/ribeiraopreto-regiao\/wp-json\/wp\/v2\/tags?post=118739"}],"curies":[{"name":"wp","href":"https:\/\/api.w.org\/{rel}","templated":true}]}}