{"id":118974,"date":"2024-10-20T15:00:09","date_gmt":"2024-10-20T18:00:09","guid":{"rendered":"https:\/\/redenoticiaz.com.br\/barretos-regiao\/?p=118974"},"modified":"2024-10-18T18:48:50","modified_gmt":"2024-10-18T21:48:50","slug":"governo-deve-liberar-r-150-mi-para-empresas-afetadas-por-apagao-em-sp","status":"publish","type":"post","link":"https:\/\/redenoticiaz.com.br\/ribeiraopreto-regiao\/sp\/2024\/10\/20\/governo-deve-liberar-r-150-mi-para-empresas-afetadas-por-apagao-em-sp","title":{"rendered":"Governo deve liberar R$ 150 mi para empresas afetadas por apag\u00e3o em SP"},"content":{"rendered":"<p>O ministro da Fazenda, Fernando Haddad, informou, nesta sexta-feira (18), que o governo dever\u00e1 usar R$ 150 milh\u00f5es do\u00a0Fundo Garantidor de Opera\u00e7\u00f5es (FGO) para criar linha de cr\u00e9dito \u00e0s pequenas empresas atingidas pelo apag\u00e3o na regi\u00e3o metropolitana de S\u00e3o Paulo.<img decoding=\"async\" src=\"https:\/\/agenciabrasil.ebc.com.br\/ebc.png?id=1616000&amp;o=node\" \/><img decoding=\"async\" src=\"https:\/\/agenciabrasil.ebc.com.br\/ebc.gif?id=1616000&amp;o=node\" \/><\/p>\n<p>A medida provis\u00f3ria para formalizar a libera\u00e7\u00e3o dos recursos deve ser assinada pelo presidente Luiz In\u00e1cio Lula da Silva antes da viagem \u00e0 R\u00fassia, na pr\u00f3xima semana, de forma que o dinheiro esteja dispon\u00edvel a partir de segunda-feira (21).<\/p>\n<p>Ao todo, 380 mil empresas da Grande S\u00e3o Paulo devem ser beneficiadas. No caso do FGO, ser\u00e1 exigida comprova\u00e7\u00e3o de que a empresa teve danos provocados por conta da falta de energia el\u00e9trica mais recente.<\/p>\n<p>O ministro do Empreendedorismo, da Microempresa e da Empresa de Pequeno Porte, M\u00e1rcio Fran\u00e7a, explicou que o dinheiro do FGO n\u00e3o prov\u00e9m do Tesouro Nacional. &#8220;A gente j\u00e1 tem do FGO emprestado no Pronampe [Programa Nacional de Apoio \u00e0s Microempresas e Empresas de Pequeno Porte] R$ 100 bilh\u00f5es e, todos os meses, as pessoas devolvem um peda\u00e7o disso. A inadimpl\u00eancia no Pronampe \u00e9 da ordem de 7%, 8%. Portanto, 92%, 93% das pessoas est\u00e3o devolvendo esse dinheiro, e ele se retroalimenta&#8221;, disse.<\/p>\n<p>Segundo M\u00e1rcio Fran\u00e7a, no Rio Grande do Sul, 38 mil empresas da Grande Porto Alegre e do Vale do Taquari fecharam as portas. &#8220;N\u00f3s j\u00e1 reabrimos 31 mil. E reabrimos com empr\u00e9stimo diferente. J\u00e1 a gente empresta 100 e a pessoa sai do banco devendo 60, para pagar daqui a dois anos&#8221;, ressaltou o ministro. Em S\u00e3o Paulo, dever\u00e1 funcionar nos mesmos moldes e, com o prazo fixado, a empresa ter\u00e1 juro zero ou mesmo um juro negativo\u00a0para quitar a d\u00edvida&#8221;, acrescentou.<\/p>\n<p>O governo federal tamb\u00e9m ir\u00e1 estender o prazo para regulariza\u00e7\u00e3o das d\u00edvidas contra\u00eddas junto ao Pronampe. A prorroga\u00e7\u00e3o poder\u00e1 ser de at\u00e9 60 dias e n\u00e3o ir\u00e1 requerer a comprova\u00e7\u00e3o, como \u00e9 o caso do FGO.<\/p>\n<h2>N\u00e3o vale para pessoa f\u00edsica<\/h2>\n<p>Segundo Haddad, a medida n\u00e3o vale para a pessoa f\u00edsica que teve preju\u00edzo, perdendo, por exemplo, eletrodom\u00e9sticos, por conta do apag\u00e3o. &#8220;Para a atividade econ\u00f4mica, n\u00e3o tinha nenhuma linha de financiamento&#8221;, explicou o ministro, frisando que os recursos ser\u00e3o destinados \u00e0s pequenas empresas atingidas pelo apag\u00e3o.<\/p>\n<p>Questionado por jornalistas se a decis\u00e3o n\u00e3o poderia ser interpretada como o governo assumir a responsabilidade pelo blecaute, o ministro disse que n\u00e3o e que &#8220;n\u00e3o h\u00e1 nada de excepcional&#8221; em empregar certo recurso em uma circunst\u00e2ncia para a qual foi pensado. &#8220;N\u00e3o foi feito nada por esse pessoal. Estamos h\u00e1 uma semana sem tomar provid\u00eancia nenhuma&#8221;, rebateu.<\/p>\n<p>&#8220;Fizemos uma an\u00e1lise, os recursos do Pronampe estavam dispon\u00edveis, \u00e9 um dinheiro que estava em fundo privado, p\u00fablico, que tem esse objetivo, que \u00e9 atender em caso de emerg\u00eancia.&#8221;<\/p>\n<p>Quanto ao incentivo que o governo federal deve dar \u00e0s empresas de menor porte para aumentar o volume de exporta\u00e7\u00f5es, Haddad pontuou que se trata tamb\u00e9m de &#8220;uma quest\u00e3o de seguran\u00e7a&#8221;. &#8220;Porque, geralmente, quando uma pequena empresa exporta, \u00e9 manufaturado&#8221;, destacou o ministro. Ele acrescentou que o governo agora pensa em oferecer melhores condi\u00e7\u00f5es quanto a seguros de exporta\u00e7\u00e3o e reembolso de cr\u00e9ditos de impostos. A regra\u00a0dever\u00e1 estabelecer que a empresa devolva certo percentual da venda.<\/p>\n<p>Leia mais<\/p>\n<p><a href=\"https:\/\/redenoticiaz.com.br\/blog\/2024\/09\/02\/o-apagao-que-atingiu-sao-paulo-e-guarulhos-o-que-aconteceu\">O apag\u00e3o que atingiu S\u00e3o Paulo e Guarulhos: o que aconteceu?<\/a><\/p>\n<p><a href=\"https:\/\/redenoticiaz.com.br\/blog\/2024\/02\/11\/aneel-multa-enel-em-r-1658-mi-por-apagao-em-novembro\">Aneel multa Enel em R$ 165,8 mi por apag\u00e3o em novembro<\/a><\/p>\n","protected":false},"excerpt":{"rendered":"<p>O ministro da Fazenda, Fernando Haddad, informou, nesta sexta-feira (18), que o governo dever\u00e1 usar R$ 150 milh\u00f5es do\u00a0Fundo Garantidor de Opera\u00e7\u00f5es (FGO) para criar linha de cr\u00e9dito \u00e0s pequenas empresas atingidas pelo apag\u00e3o na regi\u00e3o metropolitana de S\u00e3o Paulo. A medida provis\u00f3ria para formalizar a libera\u00e7\u00e3o dos recursos deve ser assinada pelo presidente Luiz &hellip;<\/p>\n","protected":false},"author":12,"featured_media":118975,"comment_status":"open","ping_status":"closed","sticky":false,"template":"","format":"standard","meta":{"footnotes":""},"categories":[101],"tags":[30557,1537,157],"class_list":["post-118974","post","type-post","status-publish","format-standard","has-post-thumbnail","hentry","category-economia","tag-apagao","tag-multa","tag-sao-paulo"],"yoast_head":"<!-- This site is optimized with the Yoast SEO plugin v27.4 - https:\/\/yoast.com\/product\/yoast-seo-wordpress\/ -->\n<title>Governo deve liberar R$ 150 mi para empresas afetadas por apag\u00e3o em SP - Ribeir\u00e3o Preto e Regi\u00e3o<\/title>\n<meta name=\"description\" content=\"O ministro da Fazenda, Fernando Haddad, informou, nesta sexta-feira (18), que o governo dever\u00e1 usar R$ 150 milh\u00f5es do\u00a0Fundo Garantidor de Opera\u00e7\u00f5es (FGO) para criar linha de cr\u00e9dito \u00e0s pequenas empresas atingidas pelo apag\u00e3o na regi\u00e3o metropolitana de S\u00e3o Paulo.\" \/>\n<meta name=\"robots\" content=\"index, follow, max-snippet:-1, max-image-preview:large, max-video-preview:-1\" \/>\n<link rel=\"canonical\" href=\"https:\/\/redenoticiaz.com.br\/ribeiraopreto-regiao\/sp\/2024\/10\/20\/governo-deve-liberar-r-150-mi-para-empresas-afetadas-por-apagao-em-sp\" \/>\n<meta property=\"og:locale\" content=\"pt_BR\" \/>\n<meta property=\"og:type\" content=\"article\" \/>\n<meta property=\"og:title\" content=\"Governo deve liberar R$ 150 mi para empresas afetadas por apag\u00e3o em SP - Ribeir\u00e3o Preto e Regi\u00e3o\" \/>\n<meta property=\"og:description\" content=\"O ministro da Fazenda, Fernando Haddad, informou, nesta sexta-feira (18), que o governo dever\u00e1 usar R$ 150 milh\u00f5es do\u00a0Fundo Garantidor de Opera\u00e7\u00f5es (FGO) para criar linha de cr\u00e9dito \u00e0s pequenas empresas atingidas pelo apag\u00e3o na regi\u00e3o metropolitana de S\u00e3o Paulo.\" \/>\n<meta property=\"og:url\" content=\"https:\/\/redenoticiaz.com.br\/ribeiraopreto-regiao\/sp\/2024\/10\/20\/governo-deve-liberar-r-150-mi-para-empresas-afetadas-por-apagao-em-sp\" \/>\n<meta property=\"og:site_name\" content=\"Ribeir\u00e3o Preto e Regi\u00e3o\" \/>\n<meta property=\"article:publisher\" content=\"https:\/\/m.facebook.com\/redenoticiaz.barretos\" \/>\n<meta property=\"article:published_time\" content=\"2024-10-20T18:00:09+00:00\" \/>\n<meta property=\"og:image\" content=\"https:\/\/redenoticiaz.com.br\/ribeiraopreto-regiao\/wp-content\/uploads\/sites\/4\/2024\/10\/sor-sem-luz.jpg?v=1610470496\" \/>\n\t<meta property=\"og:image:width\" content=\"984\" \/>\n\t<meta property=\"og:image:height\" content=\"587\" \/>\n\t<meta property=\"og:image:type\" content=\"image\/jpeg\" \/>\n<meta name=\"author\" content=\"Gustavo Silva\" \/>\n<meta name=\"twitter:card\" content=\"summary_large_image\" \/>\n<meta name=\"twitter:creator\" content=\"@RN_barretos\" \/>\n<meta name=\"twitter:site\" content=\"@RN_barretos\" \/>\n<meta name=\"twitter:label1\" content=\"Escrito por\" \/>\n\t<meta name=\"twitter:data1\" content=\"Gustavo Silva\" \/>\n\t<meta name=\"twitter:label2\" content=\"Est. tempo de leitura\" \/>\n\t<meta name=\"twitter:data2\" content=\"4 minutos\" \/>\n<script type=\"application\/ld+json\" class=\"yoast-schema-graph\">{\"@context\":\"https:\\\/\\\/schema.org\",\"@graph\":[{\"@type\":\"Article\",\"@id\":\"https:\\\/\\\/redenoticiaz.com.br\\\/ribeiraopreto-regiao\\\/sp\\\/2024\\\/10\\\/20\\\/governo-deve-liberar-r-150-mi-para-empresas-afetadas-por-apagao-em-sp#article\",\"isPartOf\":{\"@id\":\"https:\\\/\\\/redenoticiaz.com.br\\\/ribeiraopreto-regiao\\\/sp\\\/2024\\\/10\\\/20\\\/governo-deve-liberar-r-150-mi-para-empresas-afetadas-por-apagao-em-sp\"},\"author\":{\"name\":\"Gustavo Silva\",\"@id\":\"https:\\\/\\\/redenoticiaz.com.br\\\/ribeiraopreto-regiao\\\/#\\\/schema\\\/person\\\/16057b37a3c0ee6b096d7f887c566e2e\"},\"headline\":\"Governo deve liberar R$ 150 mi para empresas afetadas por apag\u00e3o em SP\",\"datePublished\":\"2024-10-20T18:00:09+00:00\",\"mainEntityOfPage\":{\"@id\":\"https:\\\/\\\/redenoticiaz.com.br\\\/ribeiraopreto-regiao\\\/sp\\\/2024\\\/10\\\/20\\\/governo-deve-liberar-r-150-mi-para-empresas-afetadas-por-apagao-em-sp\"},\"wordCount\":615,\"commentCount\":0,\"publisher\":{\"@id\":\"https:\\\/\\\/redenoticiaz.com.br\\\/ribeiraopreto-regiao\\\/#organization\"},\"image\":{\"@id\":\"https:\\\/\\\/redenoticiaz.com.br\\\/ribeiraopreto-regiao\\\/sp\\\/2024\\\/10\\\/20\\\/governo-deve-liberar-r-150-mi-para-empresas-afetadas-por-apagao-em-sp#primaryimage\"},\"thumbnailUrl\":\"https:\\\/\\\/redenoticiaz.com.br\\\/ribeiraopreto-regiao\\\/wp-content\\\/uploads\\\/sites\\\/4\\\/2024\\\/10\\\/sor-sem-luz.jpg?v=1610470496\",\"keywords\":[\"APAG\u00c3O\",\"MULTA\",\"S\u00e3o Paulo\"],\"articleSection\":[\"Economia\"],\"inLanguage\":\"pt-BR\",\"potentialAction\":[{\"@type\":\"CommentAction\",\"name\":\"Comment\",\"target\":[\"https:\\\/\\\/redenoticiaz.com.br\\\/ribeiraopreto-regiao\\\/sp\\\/2024\\\/10\\\/20\\\/governo-deve-liberar-r-150-mi-para-empresas-afetadas-por-apagao-em-sp#respond\"]}]},{\"@type\":\"WebPage\",\"@id\":\"https:\\\/\\\/redenoticiaz.com.br\\\/ribeiraopreto-regiao\\\/sp\\\/2024\\\/10\\\/20\\\/governo-deve-liberar-r-150-mi-para-empresas-afetadas-por-apagao-em-sp\",\"url\":\"https:\\\/\\\/redenoticiaz.com.br\\\/ribeiraopreto-regiao\\\/sp\\\/2024\\\/10\\\/20\\\/governo-deve-liberar-r-150-mi-para-empresas-afetadas-por-apagao-em-sp\",\"name\":\"Governo deve liberar R$ 150 mi para empresas afetadas por apag\u00e3o em SP - Ribeir\u00e3o Preto e Regi\u00e3o\",\"isPartOf\":{\"@id\":\"https:\\\/\\\/redenoticiaz.com.br\\\/ribeiraopreto-regiao\\\/#website\"},\"primaryImageOfPage\":{\"@id\":\"https:\\\/\\\/redenoticiaz.com.br\\\/ribeiraopreto-regiao\\\/sp\\\/2024\\\/10\\\/20\\\/governo-deve-liberar-r-150-mi-para-empresas-afetadas-por-apagao-em-sp#primaryimage\"},\"image\":{\"@id\":\"https:\\\/\\\/redenoticiaz.com.br\\\/ribeiraopreto-regiao\\\/sp\\\/2024\\\/10\\\/20\\\/governo-deve-liberar-r-150-mi-para-empresas-afetadas-por-apagao-em-sp#primaryimage\"},\"thumbnailUrl\":\"https:\\\/\\\/redenoticiaz.com.br\\\/ribeiraopreto-regiao\\\/wp-content\\\/uploads\\\/sites\\\/4\\\/2024\\\/10\\\/sor-sem-luz.jpg?v=1610470496\",\"datePublished\":\"2024-10-20T18:00:09+00:00\",\"description\":\"O ministro da Fazenda, Fernando Haddad, informou, nesta sexta-feira (18), que o governo dever\u00e1 usar R$ 150 milh\u00f5es do\u00a0Fundo Garantidor de Opera\u00e7\u00f5es (FGO) para criar linha de cr\u00e9dito \u00e0s pequenas empresas atingidas pelo apag\u00e3o na regi\u00e3o metropolitana de S\u00e3o Paulo.\",\"inLanguage\":\"pt-BR\",\"potentialAction\":[{\"@type\":\"ReadAction\",\"target\":[\"https:\\\/\\\/redenoticiaz.com.br\\\/ribeiraopreto-regiao\\\/sp\\\/2024\\\/10\\\/20\\\/governo-deve-liberar-r-150-mi-para-empresas-afetadas-por-apagao-em-sp\"]}]},{\"@type\":\"ImageObject\",\"inLanguage\":\"pt-BR\",\"@id\":\"https:\\\/\\\/redenoticiaz.com.br\\\/ribeiraopreto-regiao\\\/sp\\\/2024\\\/10\\\/20\\\/governo-deve-liberar-r-150-mi-para-empresas-afetadas-por-apagao-em-sp#primaryimage\",\"url\":\"https:\\\/\\\/redenoticiaz.com.br\\\/ribeiraopreto-regiao\\\/wp-content\\\/uploads\\\/sites\\\/4\\\/2024\\\/10\\\/sor-sem-luz.jpg?v=1610470496\",\"contentUrl\":\"https:\\\/\\\/redenoticiaz.com.br\\\/ribeiraopreto-regiao\\\/wp-content\\\/uploads\\\/sites\\\/4\\\/2024\\\/10\\\/sor-sem-luz.jpg?v=1610470496\",\"width\":984,\"height\":587},{\"@type\":\"WebSite\",\"@id\":\"https:\\\/\\\/redenoticiaz.com.br\\\/ribeiraopreto-regiao\\\/#website\",\"url\":\"https:\\\/\\\/redenoticiaz.com.br\\\/ribeiraopreto-regiao\\\/\",\"name\":\"Ribeir\u00e3o Preto e Regi\u00e3o\",\"description\":\"Rede NoticiaZ - Ribeir\u00e3o Preto e regi\u00e3o\",\"publisher\":{\"@id\":\"https:\\\/\\\/redenoticiaz.com.br\\\/ribeiraopreto-regiao\\\/#organization\"},\"potentialAction\":[{\"@type\":\"SearchAction\",\"target\":{\"@type\":\"EntryPoint\",\"urlTemplate\":\"https:\\\/\\\/redenoticiaz.com.br\\\/ribeiraopreto-regiao\\\/?s={search_term_string}\"},\"query-input\":{\"@type\":\"PropertyValueSpecification\",\"valueRequired\":true,\"valueName\":\"search_term_string\"}}],\"inLanguage\":\"pt-BR\"},{\"@type\":\"Organization\",\"@id\":\"https:\\\/\\\/redenoticiaz.com.br\\\/ribeiraopreto-regiao\\\/#organization\",\"name\":\"Ribeir\u00e3o Preto e Regi\u00e3o\",\"url\":\"https:\\\/\\\/redenoticiaz.com.br\\\/ribeiraopreto-regiao\\\/\",\"logo\":{\"@type\":\"ImageObject\",\"inLanguage\":\"pt-BR\",\"@id\":\"https:\\\/\\\/redenoticiaz.com.br\\\/ribeiraopreto-regiao\\\/#\\\/schema\\\/logo\\\/image\\\/\",\"url\":\"https:\\\/\\\/redenoticiaz.com.br\\\/barretos-regiao\\\/wp-content\\\/uploads\\\/sites\\\/4\\\/2022\\\/02\\\/logo.jpg\",\"contentUrl\":\"https:\\\/\\\/redenoticiaz.com.br\\\/barretos-regiao\\\/wp-content\\\/uploads\\\/sites\\\/4\\\/2022\\\/02\\\/logo.jpg\",\"width\":400,\"height\":250,\"caption\":\"Ribeir\u00e3o Preto e Regi\u00e3o\"},\"image\":{\"@id\":\"https:\\\/\\\/redenoticiaz.com.br\\\/ribeiraopreto-regiao\\\/#\\\/schema\\\/logo\\\/image\\\/\"},\"sameAs\":[\"https:\\\/\\\/m.facebook.com\\\/redenoticiaz.barretos\",\"https:\\\/\\\/x.com\\\/RN_barretos\",\"https:\\\/\\\/www.instagram.com\\\/redenoticiaz.barretos\\\/?igshid=YmMyMTA2M2Y\",\"https:\\\/\\\/www.linkedin.com\\\/company\\\/rede-noticiaz-barretos-e-regio\\\/\"]},{\"@type\":\"Person\",\"@id\":\"https:\\\/\\\/redenoticiaz.com.br\\\/ribeiraopreto-regiao\\\/#\\\/schema\\\/person\\\/16057b37a3c0ee6b096d7f887c566e2e\",\"name\":\"Gustavo Silva\",\"image\":{\"@type\":\"ImageObject\",\"inLanguage\":\"pt-BR\",\"@id\":\"https:\\\/\\\/secure.gravatar.com\\\/avatar\\\/3ee4e82f93b26de0a7cf4ea5eb7893da637ed6bb0c9170c58065944c56e28a33?s=96&d=mm&r=g\",\"url\":\"https:\\\/\\\/secure.gravatar.com\\\/avatar\\\/3ee4e82f93b26de0a7cf4ea5eb7893da637ed6bb0c9170c58065944c56e28a33?s=96&d=mm&r=g\",\"contentUrl\":\"https:\\\/\\\/secure.gravatar.com\\\/avatar\\\/3ee4e82f93b26de0a7cf4ea5eb7893da637ed6bb0c9170c58065944c56e28a33?s=96&d=mm&r=g\",\"caption\":\"Gustavo Silva\"},\"url\":\"https:\\\/\\\/redenoticiaz.com.br\\\/ribeiraopreto-regiao\\\/sp\\\/author\\\/gustavosilva\"}]}<\/script>\n<!-- \/ Yoast SEO plugin. -->","yoast_head_json":{"title":"Governo deve liberar R$ 150 mi para empresas afetadas por apag\u00e3o em SP - Ribeir\u00e3o Preto e Regi\u00e3o","description":"O ministro da Fazenda, Fernando Haddad, informou, nesta sexta-feira (18), que o governo dever\u00e1 usar R$ 150 milh\u00f5es do\u00a0Fundo Garantidor de Opera\u00e7\u00f5es (FGO) para criar linha de cr\u00e9dito \u00e0s pequenas empresas atingidas pelo apag\u00e3o na regi\u00e3o metropolitana de S\u00e3o Paulo.","robots":{"index":"index","follow":"follow","max-snippet":"max-snippet:-1","max-image-preview":"max-image-preview:large","max-video-preview":"max-video-preview:-1"},"canonical":"https:\/\/redenoticiaz.com.br\/ribeiraopreto-regiao\/sp\/2024\/10\/20\/governo-deve-liberar-r-150-mi-para-empresas-afetadas-por-apagao-em-sp","og_locale":"pt_BR","og_type":"article","og_title":"Governo deve liberar R$ 150 mi para empresas afetadas por apag\u00e3o em SP - Ribeir\u00e3o Preto e Regi\u00e3o","og_description":"O ministro da Fazenda, Fernando Haddad, informou, nesta sexta-feira (18), que o governo dever\u00e1 usar R$ 150 milh\u00f5es do\u00a0Fundo Garantidor de Opera\u00e7\u00f5es (FGO) para criar linha de cr\u00e9dito \u00e0s pequenas empresas atingidas pelo apag\u00e3o na regi\u00e3o metropolitana de S\u00e3o Paulo.","og_url":"https:\/\/redenoticiaz.com.br\/ribeiraopreto-regiao\/sp\/2024\/10\/20\/governo-deve-liberar-r-150-mi-para-empresas-afetadas-por-apagao-em-sp","og_site_name":"Ribeir\u00e3o Preto e Regi\u00e3o","article_publisher":"https:\/\/m.facebook.com\/redenoticiaz.barretos","article_published_time":"2024-10-20T18:00:09+00:00","og_image":[{"width":984,"height":587,"url":"https:\/\/redenoticiaz.com.br\/ribeiraopreto-regiao\/wp-content\/uploads\/sites\/4\/2024\/10\/sor-sem-luz.jpg?v=1610470496","type":"image\/jpeg"}],"author":"Gustavo Silva","twitter_card":"summary_large_image","twitter_creator":"@RN_barretos","twitter_site":"@RN_barretos","twitter_misc":{"Escrito por":"Gustavo Silva","Est. tempo de leitura":"4 minutos"},"schema":{"@context":"https:\/\/schema.org","@graph":[{"@type":"Article","@id":"https:\/\/redenoticiaz.com.br\/ribeiraopreto-regiao\/sp\/2024\/10\/20\/governo-deve-liberar-r-150-mi-para-empresas-afetadas-por-apagao-em-sp#article","isPartOf":{"@id":"https:\/\/redenoticiaz.com.br\/ribeiraopreto-regiao\/sp\/2024\/10\/20\/governo-deve-liberar-r-150-mi-para-empresas-afetadas-por-apagao-em-sp"},"author":{"name":"Gustavo Silva","@id":"https:\/\/redenoticiaz.com.br\/ribeiraopreto-regiao\/#\/schema\/person\/16057b37a3c0ee6b096d7f887c566e2e"},"headline":"Governo deve liberar R$ 150 mi para empresas afetadas por apag\u00e3o em SP","datePublished":"2024-10-20T18:00:09+00:00","mainEntityOfPage":{"@id":"https:\/\/redenoticiaz.com.br\/ribeiraopreto-regiao\/sp\/2024\/10\/20\/governo-deve-liberar-r-150-mi-para-empresas-afetadas-por-apagao-em-sp"},"wordCount":615,"commentCount":0,"publisher":{"@id":"https:\/\/redenoticiaz.com.br\/ribeiraopreto-regiao\/#organization"},"image":{"@id":"https:\/\/redenoticiaz.com.br\/ribeiraopreto-regiao\/sp\/2024\/10\/20\/governo-deve-liberar-r-150-mi-para-empresas-afetadas-por-apagao-em-sp#primaryimage"},"thumbnailUrl":"https:\/\/redenoticiaz.com.br\/ribeiraopreto-regiao\/wp-content\/uploads\/sites\/4\/2024\/10\/sor-sem-luz.jpg?v=1610470496","keywords":["APAG\u00c3O","MULTA","S\u00e3o Paulo"],"articleSection":["Economia"],"inLanguage":"pt-BR","potentialAction":[{"@type":"CommentAction","name":"Comment","target":["https:\/\/redenoticiaz.com.br\/ribeiraopreto-regiao\/sp\/2024\/10\/20\/governo-deve-liberar-r-150-mi-para-empresas-afetadas-por-apagao-em-sp#respond"]}]},{"@type":"WebPage","@id":"https:\/\/redenoticiaz.com.br\/ribeiraopreto-regiao\/sp\/2024\/10\/20\/governo-deve-liberar-r-150-mi-para-empresas-afetadas-por-apagao-em-sp","url":"https:\/\/redenoticiaz.com.br\/ribeiraopreto-regiao\/sp\/2024\/10\/20\/governo-deve-liberar-r-150-mi-para-empresas-afetadas-por-apagao-em-sp","name":"Governo deve liberar R$ 150 mi para empresas afetadas por apag\u00e3o em SP - Ribeir\u00e3o Preto e Regi\u00e3o","isPartOf":{"@id":"https:\/\/redenoticiaz.com.br\/ribeiraopreto-regiao\/#website"},"primaryImageOfPage":{"@id":"https:\/\/redenoticiaz.com.br\/ribeiraopreto-regiao\/sp\/2024\/10\/20\/governo-deve-liberar-r-150-mi-para-empresas-afetadas-por-apagao-em-sp#primaryimage"},"image":{"@id":"https:\/\/redenoticiaz.com.br\/ribeiraopreto-regiao\/sp\/2024\/10\/20\/governo-deve-liberar-r-150-mi-para-empresas-afetadas-por-apagao-em-sp#primaryimage"},"thumbnailUrl":"https:\/\/redenoticiaz.com.br\/ribeiraopreto-regiao\/wp-content\/uploads\/sites\/4\/2024\/10\/sor-sem-luz.jpg?v=1610470496","datePublished":"2024-10-20T18:00:09+00:00","description":"O ministro da Fazenda, Fernando Haddad, informou, nesta sexta-feira (18), que o governo dever\u00e1 usar R$ 150 milh\u00f5es do\u00a0Fundo Garantidor de Opera\u00e7\u00f5es (FGO) para criar linha de cr\u00e9dito \u00e0s pequenas empresas atingidas pelo apag\u00e3o na regi\u00e3o metropolitana de S\u00e3o Paulo.","inLanguage":"pt-BR","potentialAction":[{"@type":"ReadAction","target":["https:\/\/redenoticiaz.com.br\/ribeiraopreto-regiao\/sp\/2024\/10\/20\/governo-deve-liberar-r-150-mi-para-empresas-afetadas-por-apagao-em-sp"]}]},{"@type":"ImageObject","inLanguage":"pt-BR","@id":"https:\/\/redenoticiaz.com.br\/ribeiraopreto-regiao\/sp\/2024\/10\/20\/governo-deve-liberar-r-150-mi-para-empresas-afetadas-por-apagao-em-sp#primaryimage","url":"https:\/\/redenoticiaz.com.br\/ribeiraopreto-regiao\/wp-content\/uploads\/sites\/4\/2024\/10\/sor-sem-luz.jpg?v=1610470496","contentUrl":"https:\/\/redenoticiaz.com.br\/ribeiraopreto-regiao\/wp-content\/uploads\/sites\/4\/2024\/10\/sor-sem-luz.jpg?v=1610470496","width":984,"height":587},{"@type":"WebSite","@id":"https:\/\/redenoticiaz.com.br\/ribeiraopreto-regiao\/#website","url":"https:\/\/redenoticiaz.com.br\/ribeiraopreto-regiao\/","name":"Ribeir\u00e3o Preto e Regi\u00e3o","description":"Rede NoticiaZ - Ribeir\u00e3o Preto e regi\u00e3o","publisher":{"@id":"https:\/\/redenoticiaz.com.br\/ribeiraopreto-regiao\/#organization"},"potentialAction":[{"@type":"SearchAction","target":{"@type":"EntryPoint","urlTemplate":"https:\/\/redenoticiaz.com.br\/ribeiraopreto-regiao\/?s={search_term_string}"},"query-input":{"@type":"PropertyValueSpecification","valueRequired":true,"valueName":"search_term_string"}}],"inLanguage":"pt-BR"},{"@type":"Organization","@id":"https:\/\/redenoticiaz.com.br\/ribeiraopreto-regiao\/#organization","name":"Ribeir\u00e3o Preto e Regi\u00e3o","url":"https:\/\/redenoticiaz.com.br\/ribeiraopreto-regiao\/","logo":{"@type":"ImageObject","inLanguage":"pt-BR","@id":"https:\/\/redenoticiaz.com.br\/ribeiraopreto-regiao\/#\/schema\/logo\/image\/","url":"https:\/\/redenoticiaz.com.br\/barretos-regiao\/wp-content\/uploads\/sites\/4\/2022\/02\/logo.jpg","contentUrl":"https:\/\/redenoticiaz.com.br\/barretos-regiao\/wp-content\/uploads\/sites\/4\/2022\/02\/logo.jpg","width":400,"height":250,"caption":"Ribeir\u00e3o Preto e Regi\u00e3o"},"image":{"@id":"https:\/\/redenoticiaz.com.br\/ribeiraopreto-regiao\/#\/schema\/logo\/image\/"},"sameAs":["https:\/\/m.facebook.com\/redenoticiaz.barretos","https:\/\/x.com\/RN_barretos","https:\/\/www.instagram.com\/redenoticiaz.barretos\/?igshid=YmMyMTA2M2Y","https:\/\/www.linkedin.com\/company\/rede-noticiaz-barretos-e-regio\/"]},{"@type":"Person","@id":"https:\/\/redenoticiaz.com.br\/ribeiraopreto-regiao\/#\/schema\/person\/16057b37a3c0ee6b096d7f887c566e2e","name":"Gustavo Silva","image":{"@type":"ImageObject","inLanguage":"pt-BR","@id":"https:\/\/secure.gravatar.com\/avatar\/3ee4e82f93b26de0a7cf4ea5eb7893da637ed6bb0c9170c58065944c56e28a33?s=96&d=mm&r=g","url":"https:\/\/secure.gravatar.com\/avatar\/3ee4e82f93b26de0a7cf4ea5eb7893da637ed6bb0c9170c58065944c56e28a33?s=96&d=mm&r=g","contentUrl":"https:\/\/secure.gravatar.com\/avatar\/3ee4e82f93b26de0a7cf4ea5eb7893da637ed6bb0c9170c58065944c56e28a33?s=96&d=mm&r=g","caption":"Gustavo Silva"},"url":"https:\/\/redenoticiaz.com.br\/ribeiraopreto-regiao\/sp\/author\/gustavosilva"}]}},"_links":{"self":[{"href":"https:\/\/redenoticiaz.com.br\/ribeiraopreto-regiao\/wp-json\/wp\/v2\/posts\/118974","targetHints":{"allow":["GET"]}}],"collection":[{"href":"https:\/\/redenoticiaz.com.br\/ribeiraopreto-regiao\/wp-json\/wp\/v2\/posts"}],"about":[{"href":"https:\/\/redenoticiaz.com.br\/ribeiraopreto-regiao\/wp-json\/wp\/v2\/types\/post"}],"author":[{"embeddable":true,"href":"https:\/\/redenoticiaz.com.br\/ribeiraopreto-regiao\/wp-json\/wp\/v2\/users\/12"}],"replies":[{"embeddable":true,"href":"https:\/\/redenoticiaz.com.br\/ribeiraopreto-regiao\/wp-json\/wp\/v2\/comments?post=118974"}],"version-history":[{"count":1,"href":"https:\/\/redenoticiaz.com.br\/ribeiraopreto-regiao\/wp-json\/wp\/v2\/posts\/118974\/revisions"}],"predecessor-version":[{"id":118990,"href":"https:\/\/redenoticiaz.com.br\/ribeiraopreto-regiao\/wp-json\/wp\/v2\/posts\/118974\/revisions\/118990"}],"wp:featuredmedia":[{"embeddable":true,"href":"https:\/\/redenoticiaz.com.br\/ribeiraopreto-regiao\/wp-json\/wp\/v2\/media\/118975"}],"wp:attachment":[{"href":"https:\/\/redenoticiaz.com.br\/ribeiraopreto-regiao\/wp-json\/wp\/v2\/media?parent=118974"}],"wp:term":[{"taxonomy":"category","embeddable":true,"href":"https:\/\/redenoticiaz.com.br\/ribeiraopreto-regiao\/wp-json\/wp\/v2\/categories?post=118974"},{"taxonomy":"post_tag","embeddable":true,"href":"https:\/\/redenoticiaz.com.br\/ribeiraopreto-regiao\/wp-json\/wp\/v2\/tags?post=118974"}],"curies":[{"name":"wp","href":"https:\/\/api.w.org\/{rel}","templated":true}]}}