{"id":119053,"date":"2024-10-27T15:00:43","date_gmt":"2024-10-27T18:00:43","guid":{"rendered":"https:\/\/redenoticiaz.com.br\/barretos-regiao\/?p=119053"},"modified":"2024-10-26T20:11:40","modified_gmt":"2024-10-26T23:11:40","slug":"mulheres-ocupam-28-dos-cargos-de-secretariado-no-pais","status":"publish","type":"post","link":"https:\/\/redenoticiaz.com.br\/ribeiraopreto-regiao\/sp\/2024\/10\/27\/mulheres-ocupam-28-dos-cargos-de-secretariado-no-pais","title":{"rendered":"Mulheres ocupam 28% dos cargos de secretariado no pa\u00eds"},"content":{"rendered":"<p>Apenas 28% dos cargos de secretariado nos governos estaduais e nas capitais brasileiras s\u00e3o ocupados por mulheres, totalizando 341 secret\u00e1rias em todo o pa\u00eds. Os dados s\u00e3o do primeiro\u00a0<a href=\"https:\/\/www.censosecretarias.org\/\" target=\"_blank\" rel=\"noopener\">Censo das Secret\u00e1rias<\/a>, conduzido pelos Institutos Aleias, Alziras, Foz e Travessia Pol\u00edticas P\u00fablicas, com o apoio da Funda\u00e7\u00e3o Lemann e Open Society Foundations.<img decoding=\"async\" src=\"https:\/\/agenciabrasil.ebc.com.br\/ebc.png?id=1617055&amp;o=node\" \/><img decoding=\"async\" src=\"https:\/\/agenciabrasil.ebc.com.br\/ebc.gif?id=1617055&amp;o=node\" \/><\/p>\n<p>O censo mapeou 698 \u00f3rg\u00e3os estaduais e 536 municipais e considerou secret\u00e1rias que ocuparam os cargos entre novembro de 2023 e mar\u00e7o de 2024. Nesse per\u00edodo, apenas uma capital, Natal, e tr\u00eas estados, Alagoas, Pernambuco e Cear\u00e1, atingiram a paridade de g\u00eanero. Em contrapartida, 20 estados e 16 capitais n\u00e3o alcan\u00e7aram 30% de mulheres em seu secretariado.<\/p>\n<p>O estudo mostra que as mulheres est\u00e3o mais presentes em pastas sociais tanto nos estados (53%) quanto nas capitais (44%). No entanto, a participa\u00e7\u00e3o delas em \u00e1reas consideradas estrat\u00e9gicas, como infraestrutura (22% nos estados e 18% nas capitais), \u00f3rg\u00e3os centrais (18% em ambos) e economia (15% nos estados e 30% nas capitais), permanece limitada.<\/p>\n<p>\u201cA concentra\u00e7\u00e3o feminina em setores como assist\u00eancia social, sa\u00fade e educa\u00e7\u00e3o \u2014 \u00e1reas de grande visibilidade e or\u00e7amento \u2014 reflete o fen\u00f4meno da segrega\u00e7\u00e3o horizontal, que limita o acesso das mulheres em \u00e1reas ligadas \u00e0 tecnologia, matem\u00e1tica e engenharia, refor\u00e7ando estere\u00f3tipos de g\u00eanero\u201d, avaliaram as entidades em nota.<\/p>\n<p>A inclus\u00e3o da autodeclara\u00e7\u00e3o racial no question\u00e1rio permitiu o levantamento do perfil racial das mulheres que ocupam cargos de secretariado. Os n\u00fameros mostram que 57,4% das secret\u00e1rias que responderam ao formul\u00e1rio se identificam como brancas; 37,8%, como pretas ou pardas; 3%, como ind\u00edgenas; e 2%, como amarelas.<\/p>\n<h2>Qualifica\u00e7\u00e3o elevada<\/h2>\n<p>A pesquisa revela que 43% das secret\u00e1rias t\u00eam algum tipo de especializa\u00e7\u00e3o; 26% t\u00eam mestrado e 10% conclu\u00edram doutorado. Entre as mulheres negras, essa qualifica\u00e7\u00e3o \u00e9 ainda mais elevada: 44% t\u00eam especializa\u00e7\u00e3o e 32%, mestrado.<\/p>\n<p>Al\u00e9m disso, 66% das secret\u00e1rias t\u00eam 21 anos ou mais de experi\u00eancia profissional e 61% passaram a maior parte de suas carreiras no setor p\u00fablico, com 67% j\u00e1 atuando no setor antes de assumirem o cargo de secret\u00e1ria.<\/p>\n<p>Ao investigar os espa\u00e7os institucionais percorridos por essas mulheres, o levantamento identificou que 40% das profissionais vieram de outra secretaria e 33%, da mesma pasta, indicando ascens\u00e3o dentro do pr\u00f3prio Executivo.<\/p>\n<p>\u201cA menor propor\u00e7\u00e3o com experi\u00eancia em fun\u00e7\u00f5es executivas fora das secretarias e em cargos legislativos sugere que a experi\u00eancia na administra\u00e7\u00e3o direta \u00e9 um fator importante para a ascens\u00e3o ao cargo de primeiro escal\u00e3o\u201d, avaliaram as entidades.<\/p>\n<h2>Primeiro mandato<\/h2>\n<p>Apesar da trajet\u00f3ria, o censo indica que 50% dessas mulheres ocupam o cargo de secret\u00e1ria pela primeira vez, \u201co que pode indicar um fen\u00f4meno recente de entrada de mulheres nestas posi\u00e7\u00f5es, mesmo para aquelas com alta qualifica\u00e7\u00e3o e ampla experi\u00eancia\u201d.<\/p>\n<p>\u201cOs institutos analisam que, embora as mulheres sejam maioria (61%) na base da pir\u00e2mide do servi\u00e7o p\u00fablico, enfrentam obst\u00e1culos estruturais para alcan\u00e7ar posi\u00e7\u00f5es de maior poder e decis\u00e3o.\u201d<\/p>\n<h2>Defici\u00eancia e ativismo pol\u00edtico<\/h2>\n<p>Outro dado levantado \u00e9 a sub-representa\u00e7\u00e3o de mulheres com defici\u00eancia, j\u00e1 que 1,3% ou somente tr\u00eas secret\u00e1rias se declaram pessoas com defici\u00eancia. Quanto \u00e0 participa\u00e7\u00e3o pol\u00edtica, quase metade tem algum v\u00ednculo partid\u00e1rio e uma em cada cinco j\u00e1 foi dirigente de partido.<\/p>\n<p>De acordo com o censo, 23% das secret\u00e1rias autodeclaradas negras mencionaram a influ\u00eancia do ativismo feminista em sua trajet\u00f3ria, comparado a 9,8% das secret\u00e1rias brancas. J\u00e1 17,2% das negras mencionaram a participa\u00e7\u00e3o em outros movimentos sociais, enquanto 25% das brancas relataram n\u00e3o ter participado de nenhum desses grupos e movimentos.<\/p>\n<p>\u201cEsses dados sugerem que as mulheres negras enfrentam maiores barreiras estruturais e, por isso, as experi\u00eancias pr\u00e9vias de forma\u00e7\u00e3o e participa\u00e7\u00e3o pol\u00edtica impulsionam a ascens\u00e3o a cargos de lideran\u00e7a\u201d, destacaram as entidades.<\/p>\n<h2>Carreira<\/h2>\n<p>Quando questionadas sobre suas inten\u00e7\u00f5es de continuar no setor p\u00fablico, 77% das secret\u00e1rias responderam que pretendem seguir trabalhando com pol\u00edticas p\u00fablicas. No entanto, apenas 17% manifestaram interesse em se candidatar a cargos eletivos no futuro, enquanto 57% n\u00e3o t\u00eam essa pretens\u00e3o e 26% ainda est\u00e3o indecisas.<\/p>\n<h2>Recomenda\u00e7\u00f5es<\/h2>\n<p>Diante do cen\u00e1rio, os institutos listaram recomenda\u00e7\u00f5es como:<\/p>\n<p>&#8211; criar uma lei de paridade de g\u00eanero nos secretariados;<\/p>\n<p>&#8211; aprofundar pesquisas sobre a rela\u00e7\u00e3o das secret\u00e1rias com os partidos pol\u00edticos;<\/p>\n<p>&#8211; mapear as estruturas existentes no governo para acompanhar as mulheres em cargos de primeiro escal\u00e3o;<\/p>\n<p>&#8211; criar uma rede de apoio para partilha de desafios e boas pr\u00e1ticas;<\/p>\n<p>&#8211; desenvolver mecanismos de acompanhamento em suas trajet\u00f3rias.<\/p>\n<p>A segunda etapa do censo, prevista para novembro, trar\u00e1 dados sobre trabalho dom\u00e9stico e viol\u00eancia pol\u00edtica de g\u00eanero e ra\u00e7a, al\u00e9m de apresentar uma an\u00e1lise final sobre desafios enfrentados pelas mulheres em posi\u00e7\u00f5es de lideran\u00e7a no setor p\u00fablico.<\/p>\n<p>Leia mais<\/p>\n<p><a href=\"https:\/\/redenoticiaz.com.br\/blog\/2024\/10\/23\/mulheres-do-turismo-paulista-premio-que-celebra-o-talento-feminino-esta-com-inscricoes-abertas\">Mulheres do Turismo Paulista: Pr\u00eamio que celebra o talento feminino est\u00e1 com inscri\u00e7\u00f5es abertas<\/a><\/p>\n<p><a href=\"https:\/\/redenoticiaz.com.br\/blog\/2024\/10\/15\/video-policia-busca-motorista-que-atropelou-duas-mulheres-e-deixou-local-do-acidente\">V\u00cdDEO \u2014 Pol\u00edcia busca motorista que atropelou duas mulheres e deixou local do acidente<\/a><\/p>\n","protected":false},"excerpt":{"rendered":"<p>Apenas 28% dos cargos de secretariado nos governos estaduais e nas capitais brasileiras s\u00e3o ocupados por mulheres, totalizando 341 secret\u00e1rias em todo o pa\u00eds. Os dados s\u00e3o do primeiro\u00a0Censo das Secret\u00e1rias, conduzido pelos Institutos Aleias, Alziras, Foz e Travessia Pol\u00edticas P\u00fablicas, com o apoio da Funda\u00e7\u00e3o Lemann e Open Society Foundations. O censo mapeou 698 &hellip;<\/p>\n","protected":false},"author":12,"featured_media":109862,"comment_status":"open","ping_status":"closed","sticky":false,"template":"","format":"standard","meta":{"footnotes":""},"categories":[18753],"tags":[6485,2353,30764],"class_list":["post-119053","post","type-post","status-publish","format-standard","has-post-thumbnail","hentry","category-cidadania","tag-direito","tag-mulheres","tag-mulheres-no-trabalho"],"yoast_head":"<!-- This site is optimized with the Yoast SEO plugin v27.4 - https:\/\/yoast.com\/product\/yoast-seo-wordpress\/ -->\n<title>Mulheres ocupam 28% dos cargos de secretariado no pa\u00eds - Ribeir\u00e3o Preto e Regi\u00e3o<\/title>\n<meta name=\"description\" content=\"Os dados s\u00e3o do primeiro\u00a0Censo das Secret\u00e1rias, conduzido pelos Institutos Aleias, Alziras, Foz e Travessia Pol\u00edticas P\u00fablicas, com o apoio da Funda\u00e7\u00e3o Lemann e Open Society Foundations.\" \/>\n<meta name=\"robots\" content=\"index, follow, max-snippet:-1, max-image-preview:large, max-video-preview:-1\" \/>\n<link rel=\"canonical\" href=\"https:\/\/redenoticiaz.com.br\/ribeiraopreto-regiao\/sp\/2024\/10\/27\/mulheres-ocupam-28-dos-cargos-de-secretariado-no-pais\" \/>\n<meta property=\"og:locale\" content=\"pt_BR\" \/>\n<meta property=\"og:type\" content=\"article\" \/>\n<meta property=\"og:title\" content=\"Mulheres ocupam 28% dos cargos de secretariado no pa\u00eds - Ribeir\u00e3o Preto e Regi\u00e3o\" \/>\n<meta property=\"og:description\" content=\"Os dados s\u00e3o do primeiro\u00a0Censo das Secret\u00e1rias, conduzido pelos Institutos Aleias, Alziras, Foz e Travessia Pol\u00edticas P\u00fablicas, com o apoio da Funda\u00e7\u00e3o Lemann e Open Society Foundations.\" \/>\n<meta property=\"og:url\" content=\"https:\/\/redenoticiaz.com.br\/ribeiraopreto-regiao\/sp\/2024\/10\/27\/mulheres-ocupam-28-dos-cargos-de-secretariado-no-pais\" \/>\n<meta property=\"og:site_name\" content=\"Ribeir\u00e3o Preto e Regi\u00e3o\" \/>\n<meta property=\"article:publisher\" content=\"https:\/\/m.facebook.com\/redenoticiaz.barretos\" \/>\n<meta property=\"article:published_time\" content=\"2024-10-27T18:00:43+00:00\" \/>\n<meta property=\"og:image\" content=\"https:\/\/redenoticiaz.com.br\/ribeiraopreto-regiao\/wp-content\/uploads\/sites\/4\/2023\/08\/Mulheres-tomam-a-frente-do-empreendedorismo-saiba-mais.jpg?v=1692911743\" \/>\n\t<meta property=\"og:image:width\" content=\"1640\" \/>\n\t<meta property=\"og:image:height\" content=\"924\" \/>\n\t<meta property=\"og:image:type\" content=\"image\/jpeg\" \/>\n<meta name=\"author\" content=\"Gustavo Silva\" \/>\n<meta name=\"twitter:card\" content=\"summary_large_image\" \/>\n<meta name=\"twitter:creator\" content=\"@RN_barretos\" \/>\n<meta name=\"twitter:site\" content=\"@RN_barretos\" \/>\n<meta name=\"twitter:label1\" content=\"Escrito por\" \/>\n\t<meta name=\"twitter:data1\" content=\"Gustavo Silva\" \/>\n\t<meta name=\"twitter:label2\" content=\"Est. tempo de leitura\" \/>\n\t<meta name=\"twitter:data2\" content=\"5 minutos\" \/>\n<script type=\"application\/ld+json\" class=\"yoast-schema-graph\">{\"@context\":\"https:\\\/\\\/schema.org\",\"@graph\":[{\"@type\":\"Article\",\"@id\":\"https:\\\/\\\/redenoticiaz.com.br\\\/ribeiraopreto-regiao\\\/sp\\\/2024\\\/10\\\/27\\\/mulheres-ocupam-28-dos-cargos-de-secretariado-no-pais#article\",\"isPartOf\":{\"@id\":\"https:\\\/\\\/redenoticiaz.com.br\\\/ribeiraopreto-regiao\\\/sp\\\/2024\\\/10\\\/27\\\/mulheres-ocupam-28-dos-cargos-de-secretariado-no-pais\"},\"author\":{\"name\":\"Gustavo Silva\",\"@id\":\"https:\\\/\\\/redenoticiaz.com.br\\\/ribeiraopreto-regiao\\\/#\\\/schema\\\/person\\\/16057b37a3c0ee6b096d7f887c566e2e\"},\"headline\":\"Mulheres ocupam 28% dos cargos de secretariado no pa\u00eds\",\"datePublished\":\"2024-10-27T18:00:43+00:00\",\"mainEntityOfPage\":{\"@id\":\"https:\\\/\\\/redenoticiaz.com.br\\\/ribeiraopreto-regiao\\\/sp\\\/2024\\\/10\\\/27\\\/mulheres-ocupam-28-dos-cargos-de-secretariado-no-pais\"},\"wordCount\":874,\"commentCount\":0,\"publisher\":{\"@id\":\"https:\\\/\\\/redenoticiaz.com.br\\\/ribeiraopreto-regiao\\\/#organization\"},\"image\":{\"@id\":\"https:\\\/\\\/redenoticiaz.com.br\\\/ribeiraopreto-regiao\\\/sp\\\/2024\\\/10\\\/27\\\/mulheres-ocupam-28-dos-cargos-de-secretariado-no-pais#primaryimage\"},\"thumbnailUrl\":\"https:\\\/\\\/redenoticiaz.com.br\\\/ribeiraopreto-regiao\\\/wp-content\\\/uploads\\\/sites\\\/4\\\/2023\\\/08\\\/Mulheres-tomam-a-frente-do-empreendedorismo-saiba-mais.jpg?v=1692911743\",\"keywords\":[\"direito\",\"MULHERES\",\"mulheres no trabalho\"],\"articleSection\":[\"Cidadania\"],\"inLanguage\":\"pt-BR\",\"potentialAction\":[{\"@type\":\"CommentAction\",\"name\":\"Comment\",\"target\":[\"https:\\\/\\\/redenoticiaz.com.br\\\/ribeiraopreto-regiao\\\/sp\\\/2024\\\/10\\\/27\\\/mulheres-ocupam-28-dos-cargos-de-secretariado-no-pais#respond\"]}]},{\"@type\":\"WebPage\",\"@id\":\"https:\\\/\\\/redenoticiaz.com.br\\\/ribeiraopreto-regiao\\\/sp\\\/2024\\\/10\\\/27\\\/mulheres-ocupam-28-dos-cargos-de-secretariado-no-pais\",\"url\":\"https:\\\/\\\/redenoticiaz.com.br\\\/ribeiraopreto-regiao\\\/sp\\\/2024\\\/10\\\/27\\\/mulheres-ocupam-28-dos-cargos-de-secretariado-no-pais\",\"name\":\"Mulheres ocupam 28% dos cargos de secretariado no pa\u00eds - Ribeir\u00e3o Preto e Regi\u00e3o\",\"isPartOf\":{\"@id\":\"https:\\\/\\\/redenoticiaz.com.br\\\/ribeiraopreto-regiao\\\/#website\"},\"primaryImageOfPage\":{\"@id\":\"https:\\\/\\\/redenoticiaz.com.br\\\/ribeiraopreto-regiao\\\/sp\\\/2024\\\/10\\\/27\\\/mulheres-ocupam-28-dos-cargos-de-secretariado-no-pais#primaryimage\"},\"image\":{\"@id\":\"https:\\\/\\\/redenoticiaz.com.br\\\/ribeiraopreto-regiao\\\/sp\\\/2024\\\/10\\\/27\\\/mulheres-ocupam-28-dos-cargos-de-secretariado-no-pais#primaryimage\"},\"thumbnailUrl\":\"https:\\\/\\\/redenoticiaz.com.br\\\/ribeiraopreto-regiao\\\/wp-content\\\/uploads\\\/sites\\\/4\\\/2023\\\/08\\\/Mulheres-tomam-a-frente-do-empreendedorismo-saiba-mais.jpg?v=1692911743\",\"datePublished\":\"2024-10-27T18:00:43+00:00\",\"description\":\"Os dados s\u00e3o do primeiro\u00a0Censo das Secret\u00e1rias, conduzido pelos Institutos Aleias, Alziras, Foz e Travessia Pol\u00edticas P\u00fablicas, com o apoio da Funda\u00e7\u00e3o Lemann e Open Society Foundations.\",\"inLanguage\":\"pt-BR\",\"potentialAction\":[{\"@type\":\"ReadAction\",\"target\":[\"https:\\\/\\\/redenoticiaz.com.br\\\/ribeiraopreto-regiao\\\/sp\\\/2024\\\/10\\\/27\\\/mulheres-ocupam-28-dos-cargos-de-secretariado-no-pais\"]}]},{\"@type\":\"ImageObject\",\"inLanguage\":\"pt-BR\",\"@id\":\"https:\\\/\\\/redenoticiaz.com.br\\\/ribeiraopreto-regiao\\\/sp\\\/2024\\\/10\\\/27\\\/mulheres-ocupam-28-dos-cargos-de-secretariado-no-pais#primaryimage\",\"url\":\"https:\\\/\\\/redenoticiaz.com.br\\\/ribeiraopreto-regiao\\\/wp-content\\\/uploads\\\/sites\\\/4\\\/2023\\\/08\\\/Mulheres-tomam-a-frente-do-empreendedorismo-saiba-mais.jpg?v=1692911743\",\"contentUrl\":\"https:\\\/\\\/redenoticiaz.com.br\\\/ribeiraopreto-regiao\\\/wp-content\\\/uploads\\\/sites\\\/4\\\/2023\\\/08\\\/Mulheres-tomam-a-frente-do-empreendedorismo-saiba-mais.jpg?v=1692911743\",\"width\":1640,\"height\":924,\"caption\":\"Cr\u00e9dito: Divulga\u00e7\u00e3o\"},{\"@type\":\"WebSite\",\"@id\":\"https:\\\/\\\/redenoticiaz.com.br\\\/ribeiraopreto-regiao\\\/#website\",\"url\":\"https:\\\/\\\/redenoticiaz.com.br\\\/ribeiraopreto-regiao\\\/\",\"name\":\"Ribeir\u00e3o Preto e Regi\u00e3o\",\"description\":\"Rede NoticiaZ - Ribeir\u00e3o Preto e regi\u00e3o\",\"publisher\":{\"@id\":\"https:\\\/\\\/redenoticiaz.com.br\\\/ribeiraopreto-regiao\\\/#organization\"},\"potentialAction\":[{\"@type\":\"SearchAction\",\"target\":{\"@type\":\"EntryPoint\",\"urlTemplate\":\"https:\\\/\\\/redenoticiaz.com.br\\\/ribeiraopreto-regiao\\\/?s={search_term_string}\"},\"query-input\":{\"@type\":\"PropertyValueSpecification\",\"valueRequired\":true,\"valueName\":\"search_term_string\"}}],\"inLanguage\":\"pt-BR\"},{\"@type\":\"Organization\",\"@id\":\"https:\\\/\\\/redenoticiaz.com.br\\\/ribeiraopreto-regiao\\\/#organization\",\"name\":\"Ribeir\u00e3o Preto e Regi\u00e3o\",\"url\":\"https:\\\/\\\/redenoticiaz.com.br\\\/ribeiraopreto-regiao\\\/\",\"logo\":{\"@type\":\"ImageObject\",\"inLanguage\":\"pt-BR\",\"@id\":\"https:\\\/\\\/redenoticiaz.com.br\\\/ribeiraopreto-regiao\\\/#\\\/schema\\\/logo\\\/image\\\/\",\"url\":\"https:\\\/\\\/redenoticiaz.com.br\\\/barretos-regiao\\\/wp-content\\\/uploads\\\/sites\\\/4\\\/2022\\\/02\\\/logo.jpg\",\"contentUrl\":\"https:\\\/\\\/redenoticiaz.com.br\\\/barretos-regiao\\\/wp-content\\\/uploads\\\/sites\\\/4\\\/2022\\\/02\\\/logo.jpg\",\"width\":400,\"height\":250,\"caption\":\"Ribeir\u00e3o Preto e Regi\u00e3o\"},\"image\":{\"@id\":\"https:\\\/\\\/redenoticiaz.com.br\\\/ribeiraopreto-regiao\\\/#\\\/schema\\\/logo\\\/image\\\/\"},\"sameAs\":[\"https:\\\/\\\/m.facebook.com\\\/redenoticiaz.barretos\",\"https:\\\/\\\/x.com\\\/RN_barretos\",\"https:\\\/\\\/www.instagram.com\\\/redenoticiaz.barretos\\\/?igshid=YmMyMTA2M2Y\",\"https:\\\/\\\/www.linkedin.com\\\/company\\\/rede-noticiaz-barretos-e-regio\\\/\"]},{\"@type\":\"Person\",\"@id\":\"https:\\\/\\\/redenoticiaz.com.br\\\/ribeiraopreto-regiao\\\/#\\\/schema\\\/person\\\/16057b37a3c0ee6b096d7f887c566e2e\",\"name\":\"Gustavo Silva\",\"image\":{\"@type\":\"ImageObject\",\"inLanguage\":\"pt-BR\",\"@id\":\"https:\\\/\\\/secure.gravatar.com\\\/avatar\\\/3ee4e82f93b26de0a7cf4ea5eb7893da637ed6bb0c9170c58065944c56e28a33?s=96&d=mm&r=g\",\"url\":\"https:\\\/\\\/secure.gravatar.com\\\/avatar\\\/3ee4e82f93b26de0a7cf4ea5eb7893da637ed6bb0c9170c58065944c56e28a33?s=96&d=mm&r=g\",\"contentUrl\":\"https:\\\/\\\/secure.gravatar.com\\\/avatar\\\/3ee4e82f93b26de0a7cf4ea5eb7893da637ed6bb0c9170c58065944c56e28a33?s=96&d=mm&r=g\",\"caption\":\"Gustavo Silva\"},\"url\":\"https:\\\/\\\/redenoticiaz.com.br\\\/ribeiraopreto-regiao\\\/sp\\\/author\\\/gustavosilva\"}]}<\/script>\n<!-- \/ Yoast SEO plugin. -->","yoast_head_json":{"title":"Mulheres ocupam 28% dos cargos de secretariado no pa\u00eds - Ribeir\u00e3o Preto e Regi\u00e3o","description":"Os dados s\u00e3o do primeiro\u00a0Censo das Secret\u00e1rias, conduzido pelos Institutos Aleias, Alziras, Foz e Travessia Pol\u00edticas P\u00fablicas, com o apoio da Funda\u00e7\u00e3o Lemann e Open Society Foundations.","robots":{"index":"index","follow":"follow","max-snippet":"max-snippet:-1","max-image-preview":"max-image-preview:large","max-video-preview":"max-video-preview:-1"},"canonical":"https:\/\/redenoticiaz.com.br\/ribeiraopreto-regiao\/sp\/2024\/10\/27\/mulheres-ocupam-28-dos-cargos-de-secretariado-no-pais","og_locale":"pt_BR","og_type":"article","og_title":"Mulheres ocupam 28% dos cargos de secretariado no pa\u00eds - Ribeir\u00e3o Preto e Regi\u00e3o","og_description":"Os dados s\u00e3o do primeiro\u00a0Censo das Secret\u00e1rias, conduzido pelos Institutos Aleias, Alziras, Foz e Travessia Pol\u00edticas P\u00fablicas, com o apoio da Funda\u00e7\u00e3o Lemann e Open Society Foundations.","og_url":"https:\/\/redenoticiaz.com.br\/ribeiraopreto-regiao\/sp\/2024\/10\/27\/mulheres-ocupam-28-dos-cargos-de-secretariado-no-pais","og_site_name":"Ribeir\u00e3o Preto e Regi\u00e3o","article_publisher":"https:\/\/m.facebook.com\/redenoticiaz.barretos","article_published_time":"2024-10-27T18:00:43+00:00","og_image":[{"width":1640,"height":924,"url":"https:\/\/redenoticiaz.com.br\/ribeiraopreto-regiao\/wp-content\/uploads\/sites\/4\/2023\/08\/Mulheres-tomam-a-frente-do-empreendedorismo-saiba-mais.jpg?v=1692911743","type":"image\/jpeg"}],"author":"Gustavo Silva","twitter_card":"summary_large_image","twitter_creator":"@RN_barretos","twitter_site":"@RN_barretos","twitter_misc":{"Escrito por":"Gustavo Silva","Est. tempo de leitura":"5 minutos"},"schema":{"@context":"https:\/\/schema.org","@graph":[{"@type":"Article","@id":"https:\/\/redenoticiaz.com.br\/ribeiraopreto-regiao\/sp\/2024\/10\/27\/mulheres-ocupam-28-dos-cargos-de-secretariado-no-pais#article","isPartOf":{"@id":"https:\/\/redenoticiaz.com.br\/ribeiraopreto-regiao\/sp\/2024\/10\/27\/mulheres-ocupam-28-dos-cargos-de-secretariado-no-pais"},"author":{"name":"Gustavo Silva","@id":"https:\/\/redenoticiaz.com.br\/ribeiraopreto-regiao\/#\/schema\/person\/16057b37a3c0ee6b096d7f887c566e2e"},"headline":"Mulheres ocupam 28% dos cargos de secretariado no pa\u00eds","datePublished":"2024-10-27T18:00:43+00:00","mainEntityOfPage":{"@id":"https:\/\/redenoticiaz.com.br\/ribeiraopreto-regiao\/sp\/2024\/10\/27\/mulheres-ocupam-28-dos-cargos-de-secretariado-no-pais"},"wordCount":874,"commentCount":0,"publisher":{"@id":"https:\/\/redenoticiaz.com.br\/ribeiraopreto-regiao\/#organization"},"image":{"@id":"https:\/\/redenoticiaz.com.br\/ribeiraopreto-regiao\/sp\/2024\/10\/27\/mulheres-ocupam-28-dos-cargos-de-secretariado-no-pais#primaryimage"},"thumbnailUrl":"https:\/\/redenoticiaz.com.br\/ribeiraopreto-regiao\/wp-content\/uploads\/sites\/4\/2023\/08\/Mulheres-tomam-a-frente-do-empreendedorismo-saiba-mais.jpg?v=1692911743","keywords":["direito","MULHERES","mulheres no trabalho"],"articleSection":["Cidadania"],"inLanguage":"pt-BR","potentialAction":[{"@type":"CommentAction","name":"Comment","target":["https:\/\/redenoticiaz.com.br\/ribeiraopreto-regiao\/sp\/2024\/10\/27\/mulheres-ocupam-28-dos-cargos-de-secretariado-no-pais#respond"]}]},{"@type":"WebPage","@id":"https:\/\/redenoticiaz.com.br\/ribeiraopreto-regiao\/sp\/2024\/10\/27\/mulheres-ocupam-28-dos-cargos-de-secretariado-no-pais","url":"https:\/\/redenoticiaz.com.br\/ribeiraopreto-regiao\/sp\/2024\/10\/27\/mulheres-ocupam-28-dos-cargos-de-secretariado-no-pais","name":"Mulheres ocupam 28% dos cargos de secretariado no pa\u00eds - Ribeir\u00e3o Preto e Regi\u00e3o","isPartOf":{"@id":"https:\/\/redenoticiaz.com.br\/ribeiraopreto-regiao\/#website"},"primaryImageOfPage":{"@id":"https:\/\/redenoticiaz.com.br\/ribeiraopreto-regiao\/sp\/2024\/10\/27\/mulheres-ocupam-28-dos-cargos-de-secretariado-no-pais#primaryimage"},"image":{"@id":"https:\/\/redenoticiaz.com.br\/ribeiraopreto-regiao\/sp\/2024\/10\/27\/mulheres-ocupam-28-dos-cargos-de-secretariado-no-pais#primaryimage"},"thumbnailUrl":"https:\/\/redenoticiaz.com.br\/ribeiraopreto-regiao\/wp-content\/uploads\/sites\/4\/2023\/08\/Mulheres-tomam-a-frente-do-empreendedorismo-saiba-mais.jpg?v=1692911743","datePublished":"2024-10-27T18:00:43+00:00","description":"Os dados s\u00e3o do primeiro\u00a0Censo das Secret\u00e1rias, conduzido pelos Institutos Aleias, Alziras, Foz e Travessia Pol\u00edticas P\u00fablicas, com o apoio da Funda\u00e7\u00e3o Lemann e Open Society Foundations.","inLanguage":"pt-BR","potentialAction":[{"@type":"ReadAction","target":["https:\/\/redenoticiaz.com.br\/ribeiraopreto-regiao\/sp\/2024\/10\/27\/mulheres-ocupam-28-dos-cargos-de-secretariado-no-pais"]}]},{"@type":"ImageObject","inLanguage":"pt-BR","@id":"https:\/\/redenoticiaz.com.br\/ribeiraopreto-regiao\/sp\/2024\/10\/27\/mulheres-ocupam-28-dos-cargos-de-secretariado-no-pais#primaryimage","url":"https:\/\/redenoticiaz.com.br\/ribeiraopreto-regiao\/wp-content\/uploads\/sites\/4\/2023\/08\/Mulheres-tomam-a-frente-do-empreendedorismo-saiba-mais.jpg?v=1692911743","contentUrl":"https:\/\/redenoticiaz.com.br\/ribeiraopreto-regiao\/wp-content\/uploads\/sites\/4\/2023\/08\/Mulheres-tomam-a-frente-do-empreendedorismo-saiba-mais.jpg?v=1692911743","width":1640,"height":924,"caption":"Cr\u00e9dito: Divulga\u00e7\u00e3o"},{"@type":"WebSite","@id":"https:\/\/redenoticiaz.com.br\/ribeiraopreto-regiao\/#website","url":"https:\/\/redenoticiaz.com.br\/ribeiraopreto-regiao\/","name":"Ribeir\u00e3o Preto e Regi\u00e3o","description":"Rede NoticiaZ - Ribeir\u00e3o Preto e regi\u00e3o","publisher":{"@id":"https:\/\/redenoticiaz.com.br\/ribeiraopreto-regiao\/#organization"},"potentialAction":[{"@type":"SearchAction","target":{"@type":"EntryPoint","urlTemplate":"https:\/\/redenoticiaz.com.br\/ribeiraopreto-regiao\/?s={search_term_string}"},"query-input":{"@type":"PropertyValueSpecification","valueRequired":true,"valueName":"search_term_string"}}],"inLanguage":"pt-BR"},{"@type":"Organization","@id":"https:\/\/redenoticiaz.com.br\/ribeiraopreto-regiao\/#organization","name":"Ribeir\u00e3o Preto e Regi\u00e3o","url":"https:\/\/redenoticiaz.com.br\/ribeiraopreto-regiao\/","logo":{"@type":"ImageObject","inLanguage":"pt-BR","@id":"https:\/\/redenoticiaz.com.br\/ribeiraopreto-regiao\/#\/schema\/logo\/image\/","url":"https:\/\/redenoticiaz.com.br\/barretos-regiao\/wp-content\/uploads\/sites\/4\/2022\/02\/logo.jpg","contentUrl":"https:\/\/redenoticiaz.com.br\/barretos-regiao\/wp-content\/uploads\/sites\/4\/2022\/02\/logo.jpg","width":400,"height":250,"caption":"Ribeir\u00e3o Preto e Regi\u00e3o"},"image":{"@id":"https:\/\/redenoticiaz.com.br\/ribeiraopreto-regiao\/#\/schema\/logo\/image\/"},"sameAs":["https:\/\/m.facebook.com\/redenoticiaz.barretos","https:\/\/x.com\/RN_barretos","https:\/\/www.instagram.com\/redenoticiaz.barretos\/?igshid=YmMyMTA2M2Y","https:\/\/www.linkedin.com\/company\/rede-noticiaz-barretos-e-regio\/"]},{"@type":"Person","@id":"https:\/\/redenoticiaz.com.br\/ribeiraopreto-regiao\/#\/schema\/person\/16057b37a3c0ee6b096d7f887c566e2e","name":"Gustavo Silva","image":{"@type":"ImageObject","inLanguage":"pt-BR","@id":"https:\/\/secure.gravatar.com\/avatar\/3ee4e82f93b26de0a7cf4ea5eb7893da637ed6bb0c9170c58065944c56e28a33?s=96&d=mm&r=g","url":"https:\/\/secure.gravatar.com\/avatar\/3ee4e82f93b26de0a7cf4ea5eb7893da637ed6bb0c9170c58065944c56e28a33?s=96&d=mm&r=g","contentUrl":"https:\/\/secure.gravatar.com\/avatar\/3ee4e82f93b26de0a7cf4ea5eb7893da637ed6bb0c9170c58065944c56e28a33?s=96&d=mm&r=g","caption":"Gustavo Silva"},"url":"https:\/\/redenoticiaz.com.br\/ribeiraopreto-regiao\/sp\/author\/gustavosilva"}]}},"_links":{"self":[{"href":"https:\/\/redenoticiaz.com.br\/ribeiraopreto-regiao\/wp-json\/wp\/v2\/posts\/119053","targetHints":{"allow":["GET"]}}],"collection":[{"href":"https:\/\/redenoticiaz.com.br\/ribeiraopreto-regiao\/wp-json\/wp\/v2\/posts"}],"about":[{"href":"https:\/\/redenoticiaz.com.br\/ribeiraopreto-regiao\/wp-json\/wp\/v2\/types\/post"}],"author":[{"embeddable":true,"href":"https:\/\/redenoticiaz.com.br\/ribeiraopreto-regiao\/wp-json\/wp\/v2\/users\/12"}],"replies":[{"embeddable":true,"href":"https:\/\/redenoticiaz.com.br\/ribeiraopreto-regiao\/wp-json\/wp\/v2\/comments?post=119053"}],"version-history":[{"count":1,"href":"https:\/\/redenoticiaz.com.br\/ribeiraopreto-regiao\/wp-json\/wp\/v2\/posts\/119053\/revisions"}],"predecessor-version":[{"id":119060,"href":"https:\/\/redenoticiaz.com.br\/ribeiraopreto-regiao\/wp-json\/wp\/v2\/posts\/119053\/revisions\/119060"}],"wp:featuredmedia":[{"embeddable":true,"href":"https:\/\/redenoticiaz.com.br\/ribeiraopreto-regiao\/wp-json\/wp\/v2\/media\/109862"}],"wp:attachment":[{"href":"https:\/\/redenoticiaz.com.br\/ribeiraopreto-regiao\/wp-json\/wp\/v2\/media?parent=119053"}],"wp:term":[{"taxonomy":"category","embeddable":true,"href":"https:\/\/redenoticiaz.com.br\/ribeiraopreto-regiao\/wp-json\/wp\/v2\/categories?post=119053"},{"taxonomy":"post_tag","embeddable":true,"href":"https:\/\/redenoticiaz.com.br\/ribeiraopreto-regiao\/wp-json\/wp\/v2\/tags?post=119053"}],"curies":[{"name":"wp","href":"https:\/\/api.w.org\/{rel}","templated":true}]}}