{"id":119368,"date":"2024-11-25T11:44:13","date_gmt":"2024-11-25T14:44:13","guid":{"rendered":"https:\/\/redenoticiaz.com.br\/barretos-regiao\/sp\/2024\/11\/25\/localiza-abre-vagas-de-emprego-em-diversas-cidades-de-sao-paulo"},"modified":"2024-11-25T11:44:13","modified_gmt":"2024-11-25T14:44:13","slug":"localiza-abre-vagas-de-emprego-em-diversas-cidades-de-sao-paulo","status":"publish","type":"post","link":"https:\/\/redenoticiaz.com.br\/ribeiraopreto-regiao\/sp\/2024\/11\/25\/localiza-abre-vagas-de-emprego-em-diversas-cidades-de-sao-paulo","title":{"rendered":"Localiza abre vagas de emprego em diversas cidades de S\u00e3o Paulo"},"content":{"rendered":"<p>A Localiza, uma das maiores empresas de aluguel de ve\u00edculos da Am\u00e9rica Latina, est\u00e1 com diversas vagas de emprego abertas no estado de S\u00e3o Paulo. As oportunidades incluem posi\u00e7\u00f5es afirmativas para pessoas com defici\u00eancia (PCD) e abrangem diferentes \u00e1reas e localidades, como Jundia\u00ed, Ja\u00fa e Campinas.<\/p>\n<h3>Confira as vagas dispon\u00edveis:<\/h3>\n<ul>\n<li><strong>Administrativo | Afirmativa PCD<\/strong> \u2013 Jundia\u00ed\/SP<\/li>\n<li><strong>Administrativo | Afirmativa PCD<\/strong> \u2013 Ja\u00fa\/SP<\/li>\n<li><strong>Administrativo Seminovos | Afirmativa PCD<\/strong> \u2013 Campinas\/SP<\/li>\n<li><strong>Apoio ao Atendimento<\/strong> \u2013 Campinas\/SP (v\u00e1rias vagas)<\/li>\n<li><strong>Apoio a Opera\u00e7\u00f5es<\/strong> \u2013 Campinas\/SP (v\u00e1rias vagas)<\/li>\n<li><strong>Atendente<\/strong> \u2013 Campinas\/SP<\/li>\n<li><strong>Auxiliar de Servi\u00e7os Gerais<\/strong> \u2013 Campinas\/SP<\/li>\n<li><strong>Auxiliar de Opera\u00e7\u00f5es<\/strong> \u2013 Campinas\/SP<\/li>\n<\/ul>\n<p>As posi\u00e7\u00f5es s\u00e3o para regime efetivo, e os candidatos devem atender aos requisitos espec\u00edficos de cada vaga. A Localiza busca profissionais comprometidos e oferece um ambiente de trabalho din\u00e2mico, com oportunidades de crescimento.<\/p>\n<p>Interessados podem se inscrever pelo <a href=\"https:\/\/localiza.gupy.io\/\">site<\/a>.<\/p>\n<p>LEIA MAIS<\/p>\n<p><a href=\"https:\/\/redenoticiaz.com.br\/blog\/2024\/11\/25\/procon-sp-inscricao-para-processo-seletivo-termina-hoje\">Procon-SP: inscri\u00e7\u00e3o para processo seletivo termina hoje<\/a><\/p>\n<p><a href=\"https:\/\/redenoticiaz.com.br\/blog\/2024\/11\/25\/manpowergroup-abre-117-vagas-de-emprego\">ManpowerGroup abre 117 vagas de emprego<\/a><\/p>\n<p>&nbsp;<\/p>\n","protected":false},"excerpt":{"rendered":"<p>A Localiza, uma das maiores empresas de aluguel de ve\u00edculos da Am\u00e9rica Latina, est\u00e1 com diversas vagas de emprego abertas no estado de S\u00e3o Paulo. As oportunidades incluem posi\u00e7\u00f5es afirmativas para pessoas com defici\u00eancia (PCD) e abrangem diferentes \u00e1reas e localidades, como Jundia\u00ed, Ja\u00fa e Campinas. Confira as vagas dispon\u00edveis: Administrativo | Afirmativa PCD \u2013 &hellip;<\/p>\n","protected":false},"author":30,"featured_media":119369,"comment_status":"open","ping_status":"closed","sticky":false,"template":"","format":"standard","meta":{"footnotes":""},"categories":[29902],"tags":[144,11607,30870,30871,577],"class_list":["post-119368","post","type-post","status-publish","format-standard","has-post-thumbnail","hentry","category-emprego","tag-jundiai","tag-campinas","tag-jau","tag-localiza","tag-vagas"],"yoast_head":"<!-- This site is optimized with the Yoast SEO plugin v27.4 - https:\/\/yoast.com\/product\/yoast-seo-wordpress\/ -->\n<title>Localiza abre vagas de emprego em diversas cidades de S\u00e3o Paulo - Ribeir\u00e3o Preto e Regi\u00e3o<\/title>\n<meta name=\"description\" content=\"A Localiza, uma das maiores empresas de aluguel de ve\u00edculos da Am\u00e9rica Latina, est\u00e1 com diversas vagas de emprego abertas no estado de S\u00e3o Paulo.\" \/>\n<meta name=\"robots\" content=\"index, follow, max-snippet:-1, max-image-preview:large, max-video-preview:-1\" \/>\n<link rel=\"canonical\" href=\"https:\/\/redenoticiaz.com.br\/ribeiraopreto-regiao\/sp\/2024\/11\/25\/localiza-abre-vagas-de-emprego-em-diversas-cidades-de-sao-paulo\" \/>\n<meta property=\"og:locale\" content=\"pt_BR\" \/>\n<meta property=\"og:type\" content=\"article\" \/>\n<meta property=\"og:title\" content=\"Localiza abre vagas de emprego em diversas cidades de S\u00e3o Paulo - Ribeir\u00e3o Preto e Regi\u00e3o\" \/>\n<meta property=\"og:description\" content=\"A Localiza, uma das maiores empresas de aluguel de ve\u00edculos da Am\u00e9rica Latina, est\u00e1 com diversas vagas de emprego abertas no estado de S\u00e3o Paulo.\" \/>\n<meta property=\"og:url\" content=\"https:\/\/redenoticiaz.com.br\/ribeiraopreto-regiao\/sp\/2024\/11\/25\/localiza-abre-vagas-de-emprego-em-diversas-cidades-de-sao-paulo\" \/>\n<meta property=\"og:site_name\" content=\"Ribeir\u00e3o Preto e Regi\u00e3o\" \/>\n<meta property=\"article:publisher\" content=\"https:\/\/m.facebook.com\/redenoticiaz.barretos\" \/>\n<meta property=\"article:published_time\" content=\"2024-11-25T14:44:13+00:00\" \/>\n<meta property=\"og:image\" content=\"https:\/\/redenoticiaz.com.br\/ribeiraopreto-regiao\/wp-content\/uploads\/sites\/4\/2024\/11\/Captura-de-tela-2024-04-09-130629.png?v=1712678826\" \/>\n\t<meta property=\"og:image:width\" content=\"481\" \/>\n\t<meta property=\"og:image:height\" content=\"281\" \/>\n\t<meta property=\"og:image:type\" content=\"image\/png\" \/>\n<meta name=\"author\" content=\"Carina Reifonas\" \/>\n<meta name=\"twitter:card\" content=\"summary_large_image\" \/>\n<meta name=\"twitter:creator\" content=\"@RN_barretos\" \/>\n<meta name=\"twitter:site\" content=\"@RN_barretos\" \/>\n<meta name=\"twitter:label1\" content=\"Escrito por\" \/>\n\t<meta name=\"twitter:data1\" content=\"Carina Reifonas\" \/>\n\t<meta name=\"twitter:label2\" content=\"Est. tempo de leitura\" \/>\n\t<meta name=\"twitter:data2\" content=\"1 minuto\" \/>\n<script type=\"application\/ld+json\" class=\"yoast-schema-graph\">{\"@context\":\"https:\\\/\\\/schema.org\",\"@graph\":[{\"@type\":\"Article\",\"@id\":\"https:\\\/\\\/redenoticiaz.com.br\\\/ribeiraopreto-regiao\\\/sp\\\/2024\\\/11\\\/25\\\/localiza-abre-vagas-de-emprego-em-diversas-cidades-de-sao-paulo#article\",\"isPartOf\":{\"@id\":\"https:\\\/\\\/redenoticiaz.com.br\\\/ribeiraopreto-regiao\\\/sp\\\/2024\\\/11\\\/25\\\/localiza-abre-vagas-de-emprego-em-diversas-cidades-de-sao-paulo\"},\"author\":{\"name\":\"Carina Reifonas\",\"@id\":\"https:\\\/\\\/redenoticiaz.com.br\\\/ribeiraopreto-regiao\\\/#\\\/schema\\\/person\\\/1f84d6e94e6a62d2d81199d7503e9e90\"},\"headline\":\"Localiza abre vagas de emprego em diversas cidades de S\u00e3o Paulo\",\"datePublished\":\"2024-11-25T14:44:13+00:00\",\"mainEntityOfPage\":{\"@id\":\"https:\\\/\\\/redenoticiaz.com.br\\\/ribeiraopreto-regiao\\\/sp\\\/2024\\\/11\\\/25\\\/localiza-abre-vagas-de-emprego-em-diversas-cidades-de-sao-paulo\"},\"wordCount\":176,\"commentCount\":0,\"publisher\":{\"@id\":\"https:\\\/\\\/redenoticiaz.com.br\\\/ribeiraopreto-regiao\\\/#organization\"},\"image\":{\"@id\":\"https:\\\/\\\/redenoticiaz.com.br\\\/ribeiraopreto-regiao\\\/sp\\\/2024\\\/11\\\/25\\\/localiza-abre-vagas-de-emprego-em-diversas-cidades-de-sao-paulo#primaryimage\"},\"thumbnailUrl\":\"https:\\\/\\\/redenoticiaz.com.br\\\/ribeiraopreto-regiao\\\/wp-content\\\/uploads\\\/sites\\\/4\\\/2024\\\/11\\\/Captura-de-tela-2024-04-09-130629.png?v=1712678826\",\"keywords\":[\"#jundiai\",\"campinas\",\"JA\u00da\",\"LOCALIZA\",\"VAGAS\"],\"articleSection\":[\"Emprego\"],\"inLanguage\":\"pt-BR\",\"potentialAction\":[{\"@type\":\"CommentAction\",\"name\":\"Comment\",\"target\":[\"https:\\\/\\\/redenoticiaz.com.br\\\/ribeiraopreto-regiao\\\/sp\\\/2024\\\/11\\\/25\\\/localiza-abre-vagas-de-emprego-em-diversas-cidades-de-sao-paulo#respond\"]}]},{\"@type\":\"WebPage\",\"@id\":\"https:\\\/\\\/redenoticiaz.com.br\\\/ribeiraopreto-regiao\\\/sp\\\/2024\\\/11\\\/25\\\/localiza-abre-vagas-de-emprego-em-diversas-cidades-de-sao-paulo\",\"url\":\"https:\\\/\\\/redenoticiaz.com.br\\\/ribeiraopreto-regiao\\\/sp\\\/2024\\\/11\\\/25\\\/localiza-abre-vagas-de-emprego-em-diversas-cidades-de-sao-paulo\",\"name\":\"Localiza abre vagas de emprego em diversas cidades de S\u00e3o Paulo - Ribeir\u00e3o Preto e Regi\u00e3o\",\"isPartOf\":{\"@id\":\"https:\\\/\\\/redenoticiaz.com.br\\\/ribeiraopreto-regiao\\\/#website\"},\"primaryImageOfPage\":{\"@id\":\"https:\\\/\\\/redenoticiaz.com.br\\\/ribeiraopreto-regiao\\\/sp\\\/2024\\\/11\\\/25\\\/localiza-abre-vagas-de-emprego-em-diversas-cidades-de-sao-paulo#primaryimage\"},\"image\":{\"@id\":\"https:\\\/\\\/redenoticiaz.com.br\\\/ribeiraopreto-regiao\\\/sp\\\/2024\\\/11\\\/25\\\/localiza-abre-vagas-de-emprego-em-diversas-cidades-de-sao-paulo#primaryimage\"},\"thumbnailUrl\":\"https:\\\/\\\/redenoticiaz.com.br\\\/ribeiraopreto-regiao\\\/wp-content\\\/uploads\\\/sites\\\/4\\\/2024\\\/11\\\/Captura-de-tela-2024-04-09-130629.png?v=1712678826\",\"datePublished\":\"2024-11-25T14:44:13+00:00\",\"description\":\"A Localiza, uma das maiores empresas de aluguel de ve\u00edculos da Am\u00e9rica Latina, est\u00e1 com diversas vagas de emprego abertas no estado de S\u00e3o Paulo.\",\"inLanguage\":\"pt-BR\",\"potentialAction\":[{\"@type\":\"ReadAction\",\"target\":[\"https:\\\/\\\/redenoticiaz.com.br\\\/ribeiraopreto-regiao\\\/sp\\\/2024\\\/11\\\/25\\\/localiza-abre-vagas-de-emprego-em-diversas-cidades-de-sao-paulo\"]}]},{\"@type\":\"ImageObject\",\"inLanguage\":\"pt-BR\",\"@id\":\"https:\\\/\\\/redenoticiaz.com.br\\\/ribeiraopreto-regiao\\\/sp\\\/2024\\\/11\\\/25\\\/localiza-abre-vagas-de-emprego-em-diversas-cidades-de-sao-paulo#primaryimage\",\"url\":\"https:\\\/\\\/redenoticiaz.com.br\\\/ribeiraopreto-regiao\\\/wp-content\\\/uploads\\\/sites\\\/4\\\/2024\\\/11\\\/Captura-de-tela-2024-04-09-130629.png?v=1712678826\",\"contentUrl\":\"https:\\\/\\\/redenoticiaz.com.br\\\/ribeiraopreto-regiao\\\/wp-content\\\/uploads\\\/sites\\\/4\\\/2024\\\/11\\\/Captura-de-tela-2024-04-09-130629.png?v=1712678826\",\"width\":481,\"height\":281},{\"@type\":\"WebSite\",\"@id\":\"https:\\\/\\\/redenoticiaz.com.br\\\/ribeiraopreto-regiao\\\/#website\",\"url\":\"https:\\\/\\\/redenoticiaz.com.br\\\/ribeiraopreto-regiao\\\/\",\"name\":\"Ribeir\u00e3o Preto e Regi\u00e3o\",\"description\":\"Rede NoticiaZ - Ribeir\u00e3o Preto e regi\u00e3o\",\"publisher\":{\"@id\":\"https:\\\/\\\/redenoticiaz.com.br\\\/ribeiraopreto-regiao\\\/#organization\"},\"potentialAction\":[{\"@type\":\"SearchAction\",\"target\":{\"@type\":\"EntryPoint\",\"urlTemplate\":\"https:\\\/\\\/redenoticiaz.com.br\\\/ribeiraopreto-regiao\\\/?s={search_term_string}\"},\"query-input\":{\"@type\":\"PropertyValueSpecification\",\"valueRequired\":true,\"valueName\":\"search_term_string\"}}],\"inLanguage\":\"pt-BR\"},{\"@type\":\"Organization\",\"@id\":\"https:\\\/\\\/redenoticiaz.com.br\\\/ribeiraopreto-regiao\\\/#organization\",\"name\":\"Ribeir\u00e3o Preto e Regi\u00e3o\",\"url\":\"https:\\\/\\\/redenoticiaz.com.br\\\/ribeiraopreto-regiao\\\/\",\"logo\":{\"@type\":\"ImageObject\",\"inLanguage\":\"pt-BR\",\"@id\":\"https:\\\/\\\/redenoticiaz.com.br\\\/ribeiraopreto-regiao\\\/#\\\/schema\\\/logo\\\/image\\\/\",\"url\":\"https:\\\/\\\/redenoticiaz.com.br\\\/barretos-regiao\\\/wp-content\\\/uploads\\\/sites\\\/4\\\/2022\\\/02\\\/logo.jpg\",\"contentUrl\":\"https:\\\/\\\/redenoticiaz.com.br\\\/barretos-regiao\\\/wp-content\\\/uploads\\\/sites\\\/4\\\/2022\\\/02\\\/logo.jpg\",\"width\":400,\"height\":250,\"caption\":\"Ribeir\u00e3o Preto e Regi\u00e3o\"},\"image\":{\"@id\":\"https:\\\/\\\/redenoticiaz.com.br\\\/ribeiraopreto-regiao\\\/#\\\/schema\\\/logo\\\/image\\\/\"},\"sameAs\":[\"https:\\\/\\\/m.facebook.com\\\/redenoticiaz.barretos\",\"https:\\\/\\\/x.com\\\/RN_barretos\",\"https:\\\/\\\/www.instagram.com\\\/redenoticiaz.barretos\\\/?igshid=YmMyMTA2M2Y\",\"https:\\\/\\\/www.linkedin.com\\\/company\\\/rede-noticiaz-barretos-e-regio\\\/\"]},{\"@type\":\"Person\",\"@id\":\"https:\\\/\\\/redenoticiaz.com.br\\\/ribeiraopreto-regiao\\\/#\\\/schema\\\/person\\\/1f84d6e94e6a62d2d81199d7503e9e90\",\"name\":\"Carina Reifonas\",\"image\":{\"@type\":\"ImageObject\",\"inLanguage\":\"pt-BR\",\"@id\":\"https:\\\/\\\/secure.gravatar.com\\\/avatar\\\/04c59859b23696cf867715880f81d5c037e60109730bdb4e6670ec2a2245bc97?s=96&d=mm&r=g\",\"url\":\"https:\\\/\\\/secure.gravatar.com\\\/avatar\\\/04c59859b23696cf867715880f81d5c037e60109730bdb4e6670ec2a2245bc97?s=96&d=mm&r=g\",\"contentUrl\":\"https:\\\/\\\/secure.gravatar.com\\\/avatar\\\/04c59859b23696cf867715880f81d5c037e60109730bdb4e6670ec2a2245bc97?s=96&d=mm&r=g\",\"caption\":\"Carina Reifonas\"},\"url\":\"https:\\\/\\\/redenoticiaz.com.br\\\/ribeiraopreto-regiao\\\/sp\\\/author\\\/carinareifonas\"}]}<\/script>\n<!-- \/ Yoast SEO plugin. -->","yoast_head_json":{"title":"Localiza abre vagas de emprego em diversas cidades de S\u00e3o Paulo - Ribeir\u00e3o Preto e Regi\u00e3o","description":"A Localiza, uma das maiores empresas de aluguel de ve\u00edculos da Am\u00e9rica Latina, est\u00e1 com diversas vagas de emprego abertas no estado de S\u00e3o Paulo.","robots":{"index":"index","follow":"follow","max-snippet":"max-snippet:-1","max-image-preview":"max-image-preview:large","max-video-preview":"max-video-preview:-1"},"canonical":"https:\/\/redenoticiaz.com.br\/ribeiraopreto-regiao\/sp\/2024\/11\/25\/localiza-abre-vagas-de-emprego-em-diversas-cidades-de-sao-paulo","og_locale":"pt_BR","og_type":"article","og_title":"Localiza abre vagas de emprego em diversas cidades de S\u00e3o Paulo - Ribeir\u00e3o Preto e Regi\u00e3o","og_description":"A Localiza, uma das maiores empresas de aluguel de ve\u00edculos da Am\u00e9rica Latina, est\u00e1 com diversas vagas de emprego abertas no estado de S\u00e3o Paulo.","og_url":"https:\/\/redenoticiaz.com.br\/ribeiraopreto-regiao\/sp\/2024\/11\/25\/localiza-abre-vagas-de-emprego-em-diversas-cidades-de-sao-paulo","og_site_name":"Ribeir\u00e3o Preto e Regi\u00e3o","article_publisher":"https:\/\/m.facebook.com\/redenoticiaz.barretos","article_published_time":"2024-11-25T14:44:13+00:00","og_image":[{"width":481,"height":281,"url":"https:\/\/redenoticiaz.com.br\/ribeiraopreto-regiao\/wp-content\/uploads\/sites\/4\/2024\/11\/Captura-de-tela-2024-04-09-130629.png?v=1712678826","type":"image\/png"}],"author":"Carina Reifonas","twitter_card":"summary_large_image","twitter_creator":"@RN_barretos","twitter_site":"@RN_barretos","twitter_misc":{"Escrito por":"Carina Reifonas","Est. tempo de leitura":"1 minuto"},"schema":{"@context":"https:\/\/schema.org","@graph":[{"@type":"Article","@id":"https:\/\/redenoticiaz.com.br\/ribeiraopreto-regiao\/sp\/2024\/11\/25\/localiza-abre-vagas-de-emprego-em-diversas-cidades-de-sao-paulo#article","isPartOf":{"@id":"https:\/\/redenoticiaz.com.br\/ribeiraopreto-regiao\/sp\/2024\/11\/25\/localiza-abre-vagas-de-emprego-em-diversas-cidades-de-sao-paulo"},"author":{"name":"Carina Reifonas","@id":"https:\/\/redenoticiaz.com.br\/ribeiraopreto-regiao\/#\/schema\/person\/1f84d6e94e6a62d2d81199d7503e9e90"},"headline":"Localiza abre vagas de emprego em diversas cidades de S\u00e3o Paulo","datePublished":"2024-11-25T14:44:13+00:00","mainEntityOfPage":{"@id":"https:\/\/redenoticiaz.com.br\/ribeiraopreto-regiao\/sp\/2024\/11\/25\/localiza-abre-vagas-de-emprego-em-diversas-cidades-de-sao-paulo"},"wordCount":176,"commentCount":0,"publisher":{"@id":"https:\/\/redenoticiaz.com.br\/ribeiraopreto-regiao\/#organization"},"image":{"@id":"https:\/\/redenoticiaz.com.br\/ribeiraopreto-regiao\/sp\/2024\/11\/25\/localiza-abre-vagas-de-emprego-em-diversas-cidades-de-sao-paulo#primaryimage"},"thumbnailUrl":"https:\/\/redenoticiaz.com.br\/ribeiraopreto-regiao\/wp-content\/uploads\/sites\/4\/2024\/11\/Captura-de-tela-2024-04-09-130629.png?v=1712678826","keywords":["#jundiai","campinas","JA\u00da","LOCALIZA","VAGAS"],"articleSection":["Emprego"],"inLanguage":"pt-BR","potentialAction":[{"@type":"CommentAction","name":"Comment","target":["https:\/\/redenoticiaz.com.br\/ribeiraopreto-regiao\/sp\/2024\/11\/25\/localiza-abre-vagas-de-emprego-em-diversas-cidades-de-sao-paulo#respond"]}]},{"@type":"WebPage","@id":"https:\/\/redenoticiaz.com.br\/ribeiraopreto-regiao\/sp\/2024\/11\/25\/localiza-abre-vagas-de-emprego-em-diversas-cidades-de-sao-paulo","url":"https:\/\/redenoticiaz.com.br\/ribeiraopreto-regiao\/sp\/2024\/11\/25\/localiza-abre-vagas-de-emprego-em-diversas-cidades-de-sao-paulo","name":"Localiza abre vagas de emprego em diversas cidades de S\u00e3o Paulo - Ribeir\u00e3o Preto e Regi\u00e3o","isPartOf":{"@id":"https:\/\/redenoticiaz.com.br\/ribeiraopreto-regiao\/#website"},"primaryImageOfPage":{"@id":"https:\/\/redenoticiaz.com.br\/ribeiraopreto-regiao\/sp\/2024\/11\/25\/localiza-abre-vagas-de-emprego-em-diversas-cidades-de-sao-paulo#primaryimage"},"image":{"@id":"https:\/\/redenoticiaz.com.br\/ribeiraopreto-regiao\/sp\/2024\/11\/25\/localiza-abre-vagas-de-emprego-em-diversas-cidades-de-sao-paulo#primaryimage"},"thumbnailUrl":"https:\/\/redenoticiaz.com.br\/ribeiraopreto-regiao\/wp-content\/uploads\/sites\/4\/2024\/11\/Captura-de-tela-2024-04-09-130629.png?v=1712678826","datePublished":"2024-11-25T14:44:13+00:00","description":"A Localiza, uma das maiores empresas de aluguel de ve\u00edculos da Am\u00e9rica Latina, est\u00e1 com diversas vagas de emprego abertas no estado de S\u00e3o Paulo.","inLanguage":"pt-BR","potentialAction":[{"@type":"ReadAction","target":["https:\/\/redenoticiaz.com.br\/ribeiraopreto-regiao\/sp\/2024\/11\/25\/localiza-abre-vagas-de-emprego-em-diversas-cidades-de-sao-paulo"]}]},{"@type":"ImageObject","inLanguage":"pt-BR","@id":"https:\/\/redenoticiaz.com.br\/ribeiraopreto-regiao\/sp\/2024\/11\/25\/localiza-abre-vagas-de-emprego-em-diversas-cidades-de-sao-paulo#primaryimage","url":"https:\/\/redenoticiaz.com.br\/ribeiraopreto-regiao\/wp-content\/uploads\/sites\/4\/2024\/11\/Captura-de-tela-2024-04-09-130629.png?v=1712678826","contentUrl":"https:\/\/redenoticiaz.com.br\/ribeiraopreto-regiao\/wp-content\/uploads\/sites\/4\/2024\/11\/Captura-de-tela-2024-04-09-130629.png?v=1712678826","width":481,"height":281},{"@type":"WebSite","@id":"https:\/\/redenoticiaz.com.br\/ribeiraopreto-regiao\/#website","url":"https:\/\/redenoticiaz.com.br\/ribeiraopreto-regiao\/","name":"Ribeir\u00e3o Preto e Regi\u00e3o","description":"Rede NoticiaZ - Ribeir\u00e3o Preto e regi\u00e3o","publisher":{"@id":"https:\/\/redenoticiaz.com.br\/ribeiraopreto-regiao\/#organization"},"potentialAction":[{"@type":"SearchAction","target":{"@type":"EntryPoint","urlTemplate":"https:\/\/redenoticiaz.com.br\/ribeiraopreto-regiao\/?s={search_term_string}"},"query-input":{"@type":"PropertyValueSpecification","valueRequired":true,"valueName":"search_term_string"}}],"inLanguage":"pt-BR"},{"@type":"Organization","@id":"https:\/\/redenoticiaz.com.br\/ribeiraopreto-regiao\/#organization","name":"Ribeir\u00e3o Preto e Regi\u00e3o","url":"https:\/\/redenoticiaz.com.br\/ribeiraopreto-regiao\/","logo":{"@type":"ImageObject","inLanguage":"pt-BR","@id":"https:\/\/redenoticiaz.com.br\/ribeiraopreto-regiao\/#\/schema\/logo\/image\/","url":"https:\/\/redenoticiaz.com.br\/barretos-regiao\/wp-content\/uploads\/sites\/4\/2022\/02\/logo.jpg","contentUrl":"https:\/\/redenoticiaz.com.br\/barretos-regiao\/wp-content\/uploads\/sites\/4\/2022\/02\/logo.jpg","width":400,"height":250,"caption":"Ribeir\u00e3o Preto e Regi\u00e3o"},"image":{"@id":"https:\/\/redenoticiaz.com.br\/ribeiraopreto-regiao\/#\/schema\/logo\/image\/"},"sameAs":["https:\/\/m.facebook.com\/redenoticiaz.barretos","https:\/\/x.com\/RN_barretos","https:\/\/www.instagram.com\/redenoticiaz.barretos\/?igshid=YmMyMTA2M2Y","https:\/\/www.linkedin.com\/company\/rede-noticiaz-barretos-e-regio\/"]},{"@type":"Person","@id":"https:\/\/redenoticiaz.com.br\/ribeiraopreto-regiao\/#\/schema\/person\/1f84d6e94e6a62d2d81199d7503e9e90","name":"Carina Reifonas","image":{"@type":"ImageObject","inLanguage":"pt-BR","@id":"https:\/\/secure.gravatar.com\/avatar\/04c59859b23696cf867715880f81d5c037e60109730bdb4e6670ec2a2245bc97?s=96&d=mm&r=g","url":"https:\/\/secure.gravatar.com\/avatar\/04c59859b23696cf867715880f81d5c037e60109730bdb4e6670ec2a2245bc97?s=96&d=mm&r=g","contentUrl":"https:\/\/secure.gravatar.com\/avatar\/04c59859b23696cf867715880f81d5c037e60109730bdb4e6670ec2a2245bc97?s=96&d=mm&r=g","caption":"Carina Reifonas"},"url":"https:\/\/redenoticiaz.com.br\/ribeiraopreto-regiao\/sp\/author\/carinareifonas"}]}},"_links":{"self":[{"href":"https:\/\/redenoticiaz.com.br\/ribeiraopreto-regiao\/wp-json\/wp\/v2\/posts\/119368","targetHints":{"allow":["GET"]}}],"collection":[{"href":"https:\/\/redenoticiaz.com.br\/ribeiraopreto-regiao\/wp-json\/wp\/v2\/posts"}],"about":[{"href":"https:\/\/redenoticiaz.com.br\/ribeiraopreto-regiao\/wp-json\/wp\/v2\/types\/post"}],"author":[{"embeddable":true,"href":"https:\/\/redenoticiaz.com.br\/ribeiraopreto-regiao\/wp-json\/wp\/v2\/users\/30"}],"replies":[{"embeddable":true,"href":"https:\/\/redenoticiaz.com.br\/ribeiraopreto-regiao\/wp-json\/wp\/v2\/comments?post=119368"}],"version-history":[{"count":0,"href":"https:\/\/redenoticiaz.com.br\/ribeiraopreto-regiao\/wp-json\/wp\/v2\/posts\/119368\/revisions"}],"wp:featuredmedia":[{"embeddable":true,"href":"https:\/\/redenoticiaz.com.br\/ribeiraopreto-regiao\/wp-json\/wp\/v2\/media\/119369"}],"wp:attachment":[{"href":"https:\/\/redenoticiaz.com.br\/ribeiraopreto-regiao\/wp-json\/wp\/v2\/media?parent=119368"}],"wp:term":[{"taxonomy":"category","embeddable":true,"href":"https:\/\/redenoticiaz.com.br\/ribeiraopreto-regiao\/wp-json\/wp\/v2\/categories?post=119368"},{"taxonomy":"post_tag","embeddable":true,"href":"https:\/\/redenoticiaz.com.br\/ribeiraopreto-regiao\/wp-json\/wp\/v2\/tags?post=119368"}],"curies":[{"name":"wp","href":"https:\/\/api.w.org\/{rel}","templated":true}]}}