{"id":119599,"date":"2024-12-15T13:37:06","date_gmt":"2024-12-15T16:37:06","guid":{"rendered":"https:\/\/redenoticiaz.com.br\/barretos-regiao\/sp\/2024\/12\/15\/lula-tem-alta-do-hospital-apos-cirurgia-de-emergencia"},"modified":"2024-12-15T13:37:06","modified_gmt":"2024-12-15T16:37:06","slug":"lula-tem-alta-do-hospital-apos-cirurgia-de-emergencia","status":"publish","type":"post","link":"https:\/\/redenoticiaz.com.br\/ribeiraopreto-regiao\/sp\/2024\/12\/15\/lula-tem-alta-do-hospital-apos-cirurgia-de-emergencia","title":{"rendered":"Lula tem alta do hospital ap\u00f3s cirurgia de emerg\u00eancia"},"content":{"rendered":"<p>O <strong>presidente Lula<\/strong> recebeu<strong> alta m\u00e9dica neste domingo (15)<\/strong> e deixar\u00e1 o Hospital S\u00edrio-Liban\u00eas, em S\u00e3o Paulo, ap\u00f3s passar por uma cirurgia de emerg\u00eancia na \u00faltima segunda (9). O procedimento foi realizado para<strong> drenar um hematoma subdural,<\/strong> localizado entre o osso do cr\u00e2nio e o c\u00e9rebro.<\/p>\n<p>De acordo com informa\u00e7\u00f5es divulgadas em coletiva de imprensa realizada na manh\u00e3 de hoje, Lula permanecer\u00e1 em repouso em sua resid\u00eancia na capital paulista at\u00e9, pelo menos, a pr\u00f3xima quinta-feira (19). Durante esse per\u00edodo, o presidente seguir\u00e1 sob acompanhamento m\u00e9dico.<\/p>\n<p>A equipe m\u00e9dica informou que o hematoma foi identificado em exames de rotina e que a cirurgia ocorreu sem complica\u00e7\u00f5es. A decis\u00e3o de mant\u00ea-lo em casa nos pr\u00f3ximos dias tem como objetivo assegurar sua plena recupera\u00e7\u00e3o antes de retomar as atividades normais.<\/p>\n<p>LEIA MAIS<\/p>\n<p><a href=\"https:\/\/redenoticiaz.com.br\/blog\/2024\/12\/15\/setembro-5-e-indicado-como-melhor-filme-de-drama-no-globo-de-ouro\">\u2018Setembro 5\u2019 \u00e9 indicado como Melhor Filme de Drama no Globo de Ouro<\/a><\/p>\n<p><a href=\"https:\/\/redenoticiaz.com.br\/blog\/2024\/12\/15\/camara-dos-deputados-aprova-castracao-quimica-para-pedofilos\">C\u00e2mara dos Deputados aprova castra\u00e7\u00e3o qu\u00edmica para ped\u00f3filos<\/a><\/p>\n","protected":false},"excerpt":{"rendered":"<p>O presidente Lula recebeu alta m\u00e9dica neste domingo (15) e deixar\u00e1 o Hospital S\u00edrio-Liban\u00eas, em S\u00e3o Paulo, ap\u00f3s passar por uma cirurgia de emerg\u00eancia na \u00faltima segunda (9). O procedimento foi realizado para drenar um hematoma subdural, localizado entre o osso do cr\u00e2nio e o c\u00e9rebro. De acordo com informa\u00e7\u00f5es divulgadas em coletiva de imprensa &hellip;<\/p>\n","protected":false},"author":30,"featured_media":119591,"comment_status":"open","ping_status":"closed","sticky":false,"template":"","format":"standard","meta":{"footnotes":""},"categories":[186],"tags":[3386,2970,24147,9332],"class_list":["post-119599","post","type-post","status-publish","format-standard","has-post-thumbnail","hentry","category-politica","tag-alta","tag-cirurgia","tag-emergencia","tag-lula"],"yoast_head":"<!-- This site is optimized with the Yoast SEO plugin v28.3 - https:\/\/yoast.com\/product\/yoast-seo-wordpress\/ -->\n<title>Lula tem alta do hospital ap\u00f3s cirurgia de emerg\u00eancia - Ribeir\u00e3o Preto e Regi\u00e3o<\/title>\n<meta name=\"description\" content=\"O presidente Luiz In\u00e1cio Lula da Silva recebeu alta m\u00e9dica neste domingo (15) e deixar\u00e1 o Hospital S\u00edrio-Liban\u00eas, em S\u00e3o Paulo, ap\u00f3s passar por uma cirurgia de emerg\u00eancia\" \/>\n<meta name=\"robots\" content=\"index, follow, max-snippet:-1, max-image-preview:large, max-video-preview:-1\" \/>\n<link rel=\"canonical\" href=\"https:\/\/redenoticiaz.com.br\/ribeiraopreto-regiao\/sp\/2024\/12\/15\/lula-tem-alta-do-hospital-apos-cirurgia-de-emergencia\" \/>\n<meta property=\"og:locale\" content=\"pt_BR\" \/>\n<meta property=\"og:type\" content=\"article\" \/>\n<meta property=\"og:title\" content=\"Lula tem alta do hospital ap\u00f3s cirurgia de emerg\u00eancia - Ribeir\u00e3o Preto e Regi\u00e3o\" \/>\n<meta property=\"og:description\" content=\"O presidente Luiz In\u00e1cio Lula da Silva recebeu alta m\u00e9dica neste domingo (15) e deixar\u00e1 o Hospital S\u00edrio-Liban\u00eas, em S\u00e3o Paulo, ap\u00f3s passar por uma cirurgia de emerg\u00eancia\" \/>\n<meta property=\"og:url\" content=\"https:\/\/redenoticiaz.com.br\/ribeiraopreto-regiao\/sp\/2024\/12\/15\/lula-tem-alta-do-hospital-apos-cirurgia-de-emergencia\" \/>\n<meta property=\"og:site_name\" content=\"Ribeir\u00e3o Preto e Regi\u00e3o\" \/>\n<meta property=\"article:publisher\" content=\"https:\/\/m.facebook.com\/redenoticiaz.barretos\" \/>\n<meta property=\"article:published_time\" content=\"2024-12-15T16:37:06+00:00\" \/>\n<meta property=\"og:image\" content=\"https:\/\/redenoticiaz.com.br\/ribeiraopreto-regiao\/wp-content\/uploads\/sites\/4\/2024\/12\/Lula-segue-internado-sob-cuidados-semi-intensivos-apos-cirurgias.jpg?v=1734270303\" \/>\n\t<meta property=\"og:image:width\" content=\"1200\" \/>\n\t<meta property=\"og:image:height\" content=\"628\" \/>\n\t<meta property=\"og:image:type\" content=\"image\/jpeg\" \/>\n<meta name=\"author\" content=\"Carina Reifonas\" \/>\n<meta name=\"twitter:card\" content=\"summary_large_image\" \/>\n<meta name=\"twitter:creator\" content=\"@RN_barretos\" \/>\n<meta name=\"twitter:site\" content=\"@RN_barretos\" \/>\n<meta name=\"twitter:label1\" content=\"Escrito por\" \/>\n\t<meta name=\"twitter:data1\" content=\"Carina Reifonas\" \/>\n\t<meta name=\"twitter:label2\" content=\"Est. tempo de leitura\" \/>\n\t<meta name=\"twitter:data2\" content=\"2 minutos\" \/>\n<script type=\"application\/ld+json\" class=\"yoast-schema-graph\">{\"@context\":\"https:\\\/\\\/schema.org\",\"@graph\":[{\"@type\":\"Article\",\"@id\":\"https:\\\/\\\/redenoticiaz.com.br\\\/ribeiraopreto-regiao\\\/sp\\\/2024\\\/12\\\/15\\\/lula-tem-alta-do-hospital-apos-cirurgia-de-emergencia#article\",\"isPartOf\":{\"@id\":\"https:\\\/\\\/redenoticiaz.com.br\\\/ribeiraopreto-regiao\\\/sp\\\/2024\\\/12\\\/15\\\/lula-tem-alta-do-hospital-apos-cirurgia-de-emergencia\"},\"author\":{\"name\":\"Carina Reifonas\",\"@id\":\"https:\\\/\\\/redenoticiaz.com.br\\\/ribeiraopreto-regiao\\\/#\\\/schema\\\/person\\\/1f84d6e94e6a62d2d81199d7503e9e90\"},\"headline\":\"Lula tem alta do hospital ap\u00f3s cirurgia de emerg\u00eancia\",\"datePublished\":\"2024-12-15T16:37:06+00:00\",\"mainEntityOfPage\":{\"@id\":\"https:\\\/\\\/redenoticiaz.com.br\\\/ribeiraopreto-regiao\\\/sp\\\/2024\\\/12\\\/15\\\/lula-tem-alta-do-hospital-apos-cirurgia-de-emergencia\"},\"wordCount\":180,\"commentCount\":0,\"publisher\":{\"@id\":\"https:\\\/\\\/redenoticiaz.com.br\\\/ribeiraopreto-regiao\\\/#organization\"},\"image\":{\"@id\":\"https:\\\/\\\/redenoticiaz.com.br\\\/ribeiraopreto-regiao\\\/sp\\\/2024\\\/12\\\/15\\\/lula-tem-alta-do-hospital-apos-cirurgia-de-emergencia#primaryimage\"},\"thumbnailUrl\":\"https:\\\/\\\/redenoticiaz.com.br\\\/ribeiraopreto-regiao\\\/wp-content\\\/uploads\\\/sites\\\/4\\\/2024\\\/12\\\/Lula-segue-internado-sob-cuidados-semi-intensivos-apos-cirurgias.jpg?v=1734270303\",\"keywords\":[\"alta\",\"cirurgia\",\"EMERG\u00caNCIA\",\"Lula\"],\"articleSection\":[\"Pol\u00edtica\"],\"inLanguage\":\"pt-BR\",\"potentialAction\":[{\"@type\":\"CommentAction\",\"name\":\"Comment\",\"target\":[\"https:\\\/\\\/redenoticiaz.com.br\\\/ribeiraopreto-regiao\\\/sp\\\/2024\\\/12\\\/15\\\/lula-tem-alta-do-hospital-apos-cirurgia-de-emergencia#respond\"]}]},{\"@type\":\"WebPage\",\"@id\":\"https:\\\/\\\/redenoticiaz.com.br\\\/ribeiraopreto-regiao\\\/sp\\\/2024\\\/12\\\/15\\\/lula-tem-alta-do-hospital-apos-cirurgia-de-emergencia\",\"url\":\"https:\\\/\\\/redenoticiaz.com.br\\\/ribeiraopreto-regiao\\\/sp\\\/2024\\\/12\\\/15\\\/lula-tem-alta-do-hospital-apos-cirurgia-de-emergencia\",\"name\":\"Lula tem alta do hospital ap\u00f3s cirurgia de emerg\u00eancia - Ribeir\u00e3o Preto e Regi\u00e3o\",\"isPartOf\":{\"@id\":\"https:\\\/\\\/redenoticiaz.com.br\\\/ribeiraopreto-regiao\\\/#website\"},\"primaryImageOfPage\":{\"@id\":\"https:\\\/\\\/redenoticiaz.com.br\\\/ribeiraopreto-regiao\\\/sp\\\/2024\\\/12\\\/15\\\/lula-tem-alta-do-hospital-apos-cirurgia-de-emergencia#primaryimage\"},\"image\":{\"@id\":\"https:\\\/\\\/redenoticiaz.com.br\\\/ribeiraopreto-regiao\\\/sp\\\/2024\\\/12\\\/15\\\/lula-tem-alta-do-hospital-apos-cirurgia-de-emergencia#primaryimage\"},\"thumbnailUrl\":\"https:\\\/\\\/redenoticiaz.com.br\\\/ribeiraopreto-regiao\\\/wp-content\\\/uploads\\\/sites\\\/4\\\/2024\\\/12\\\/Lula-segue-internado-sob-cuidados-semi-intensivos-apos-cirurgias.jpg?v=1734270303\",\"datePublished\":\"2024-12-15T16:37:06+00:00\",\"description\":\"O presidente Luiz In\u00e1cio Lula da Silva recebeu alta m\u00e9dica neste domingo (15) e deixar\u00e1 o Hospital S\u00edrio-Liban\u00eas, em S\u00e3o Paulo, ap\u00f3s passar por uma cirurgia de emerg\u00eancia\",\"inLanguage\":\"pt-BR\",\"potentialAction\":[{\"@type\":\"ReadAction\",\"target\":[\"https:\\\/\\\/redenoticiaz.com.br\\\/ribeiraopreto-regiao\\\/sp\\\/2024\\\/12\\\/15\\\/lula-tem-alta-do-hospital-apos-cirurgia-de-emergencia\"]}]},{\"@type\":\"ImageObject\",\"inLanguage\":\"pt-BR\",\"@id\":\"https:\\\/\\\/redenoticiaz.com.br\\\/ribeiraopreto-regiao\\\/sp\\\/2024\\\/12\\\/15\\\/lula-tem-alta-do-hospital-apos-cirurgia-de-emergencia#primaryimage\",\"url\":\"https:\\\/\\\/redenoticiaz.com.br\\\/ribeiraopreto-regiao\\\/wp-content\\\/uploads\\\/sites\\\/4\\\/2024\\\/12\\\/Lula-segue-internado-sob-cuidados-semi-intensivos-apos-cirurgias.jpg?v=1734270303\",\"contentUrl\":\"https:\\\/\\\/redenoticiaz.com.br\\\/ribeiraopreto-regiao\\\/wp-content\\\/uploads\\\/sites\\\/4\\\/2024\\\/12\\\/Lula-segue-internado-sob-cuidados-semi-intensivos-apos-cirurgias.jpg?v=1734270303\",\"width\":1200,\"height\":628,\"caption\":\"Lula segue internado sob cuidados semi-intensivos ap\u00f3s cirurgias. Foto \u2014 REprodu\u00e7\u00e3o\\\/Rede Social\"},{\"@type\":\"WebSite\",\"@id\":\"https:\\\/\\\/redenoticiaz.com.br\\\/ribeiraopreto-regiao\\\/#website\",\"url\":\"https:\\\/\\\/redenoticiaz.com.br\\\/ribeiraopreto-regiao\\\/\",\"name\":\"Ribeir\u00e3o Preto e Regi\u00e3o\",\"description\":\"Rede NoticiaZ - Ribeir\u00e3o Preto e regi\u00e3o\",\"publisher\":{\"@id\":\"https:\\\/\\\/redenoticiaz.com.br\\\/ribeiraopreto-regiao\\\/#organization\"},\"potentialAction\":[{\"@type\":\"SearchAction\",\"target\":{\"@type\":\"EntryPoint\",\"urlTemplate\":\"https:\\\/\\\/redenoticiaz.com.br\\\/ribeiraopreto-regiao\\\/?s={search_term_string}\"},\"query-input\":{\"@type\":\"PropertyValueSpecification\",\"valueRequired\":true,\"valueName\":\"search_term_string\"}}],\"inLanguage\":\"pt-BR\"},{\"@type\":\"Organization\",\"@id\":\"https:\\\/\\\/redenoticiaz.com.br\\\/ribeiraopreto-regiao\\\/#organization\",\"name\":\"Ribeir\u00e3o Preto e Regi\u00e3o\",\"url\":\"https:\\\/\\\/redenoticiaz.com.br\\\/ribeiraopreto-regiao\\\/\",\"logo\":{\"@type\":\"ImageObject\",\"inLanguage\":\"pt-BR\",\"@id\":\"https:\\\/\\\/redenoticiaz.com.br\\\/ribeiraopreto-regiao\\\/#\\\/schema\\\/logo\\\/image\\\/\",\"url\":\"https:\\\/\\\/redenoticiaz.com.br\\\/barretos-regiao\\\/wp-content\\\/uploads\\\/sites\\\/4\\\/2022\\\/02\\\/logo.jpg\",\"contentUrl\":\"https:\\\/\\\/redenoticiaz.com.br\\\/barretos-regiao\\\/wp-content\\\/uploads\\\/sites\\\/4\\\/2022\\\/02\\\/logo.jpg\",\"width\":400,\"height\":250,\"caption\":\"Ribeir\u00e3o Preto e Regi\u00e3o\"},\"image\":{\"@id\":\"https:\\\/\\\/redenoticiaz.com.br\\\/ribeiraopreto-regiao\\\/#\\\/schema\\\/logo\\\/image\\\/\"},\"sameAs\":[\"https:\\\/\\\/m.facebook.com\\\/redenoticiaz.barretos\",\"https:\\\/\\\/x.com\\\/RN_barretos\",\"https:\\\/\\\/www.instagram.com\\\/redenoticiaz.barretos\\\/?igshid=YmMyMTA2M2Y\",\"https:\\\/\\\/www.linkedin.com\\\/company\\\/rede-noticiaz-barretos-e-regio\\\/\"]},{\"@type\":\"Person\",\"@id\":\"https:\\\/\\\/redenoticiaz.com.br\\\/ribeiraopreto-regiao\\\/#\\\/schema\\\/person\\\/1f84d6e94e6a62d2d81199d7503e9e90\",\"name\":\"Carina Reifonas\",\"image\":{\"@type\":\"ImageObject\",\"inLanguage\":\"pt-BR\",\"@id\":\"https:\\\/\\\/secure.gravatar.com\\\/avatar\\\/04c59859b23696cf867715880f81d5c037e60109730bdb4e6670ec2a2245bc97?s=96&d=mm&r=g\",\"url\":\"https:\\\/\\\/secure.gravatar.com\\\/avatar\\\/04c59859b23696cf867715880f81d5c037e60109730bdb4e6670ec2a2245bc97?s=96&d=mm&r=g\",\"contentUrl\":\"https:\\\/\\\/secure.gravatar.com\\\/avatar\\\/04c59859b23696cf867715880f81d5c037e60109730bdb4e6670ec2a2245bc97?s=96&d=mm&r=g\",\"caption\":\"Carina Reifonas\"},\"url\":\"https:\\\/\\\/redenoticiaz.com.br\\\/ribeiraopreto-regiao\\\/sp\\\/author\\\/carinareifonas\"}]}<\/script>\n<!-- \/ Yoast SEO plugin. -->","yoast_head_json":{"title":"Lula tem alta do hospital ap\u00f3s cirurgia de emerg\u00eancia - Ribeir\u00e3o Preto e Regi\u00e3o","description":"O presidente Luiz In\u00e1cio Lula da Silva recebeu alta m\u00e9dica neste domingo (15) e deixar\u00e1 o Hospital S\u00edrio-Liban\u00eas, em S\u00e3o Paulo, ap\u00f3s passar por uma cirurgia de emerg\u00eancia","robots":{"index":"index","follow":"follow","max-snippet":"max-snippet:-1","max-image-preview":"max-image-preview:large","max-video-preview":"max-video-preview:-1"},"canonical":"https:\/\/redenoticiaz.com.br\/ribeiraopreto-regiao\/sp\/2024\/12\/15\/lula-tem-alta-do-hospital-apos-cirurgia-de-emergencia","og_locale":"pt_BR","og_type":"article","og_title":"Lula tem alta do hospital ap\u00f3s cirurgia de emerg\u00eancia - Ribeir\u00e3o Preto e Regi\u00e3o","og_description":"O presidente Luiz In\u00e1cio Lula da Silva recebeu alta m\u00e9dica neste domingo (15) e deixar\u00e1 o Hospital S\u00edrio-Liban\u00eas, em S\u00e3o Paulo, ap\u00f3s passar por uma cirurgia de emerg\u00eancia","og_url":"https:\/\/redenoticiaz.com.br\/ribeiraopreto-regiao\/sp\/2024\/12\/15\/lula-tem-alta-do-hospital-apos-cirurgia-de-emergencia","og_site_name":"Ribeir\u00e3o Preto e Regi\u00e3o","article_publisher":"https:\/\/m.facebook.com\/redenoticiaz.barretos","article_published_time":"2024-12-15T16:37:06+00:00","og_image":[{"width":1200,"height":628,"url":"https:\/\/redenoticiaz.com.br\/ribeiraopreto-regiao\/wp-content\/uploads\/sites\/4\/2024\/12\/Lula-segue-internado-sob-cuidados-semi-intensivos-apos-cirurgias.jpg?v=1734270303","type":"image\/jpeg"}],"author":"Carina Reifonas","twitter_card":"summary_large_image","twitter_creator":"@RN_barretos","twitter_site":"@RN_barretos","twitter_misc":{"Escrito por":"Carina Reifonas","Est. tempo de leitura":"2 minutos"},"schema":{"@context":"https:\/\/schema.org","@graph":[{"@type":"Article","@id":"https:\/\/redenoticiaz.com.br\/ribeiraopreto-regiao\/sp\/2024\/12\/15\/lula-tem-alta-do-hospital-apos-cirurgia-de-emergencia#article","isPartOf":{"@id":"https:\/\/redenoticiaz.com.br\/ribeiraopreto-regiao\/sp\/2024\/12\/15\/lula-tem-alta-do-hospital-apos-cirurgia-de-emergencia"},"author":{"name":"Carina Reifonas","@id":"https:\/\/redenoticiaz.com.br\/ribeiraopreto-regiao\/#\/schema\/person\/1f84d6e94e6a62d2d81199d7503e9e90"},"headline":"Lula tem alta do hospital ap\u00f3s cirurgia de emerg\u00eancia","datePublished":"2024-12-15T16:37:06+00:00","mainEntityOfPage":{"@id":"https:\/\/redenoticiaz.com.br\/ribeiraopreto-regiao\/sp\/2024\/12\/15\/lula-tem-alta-do-hospital-apos-cirurgia-de-emergencia"},"wordCount":180,"commentCount":0,"publisher":{"@id":"https:\/\/redenoticiaz.com.br\/ribeiraopreto-regiao\/#organization"},"image":{"@id":"https:\/\/redenoticiaz.com.br\/ribeiraopreto-regiao\/sp\/2024\/12\/15\/lula-tem-alta-do-hospital-apos-cirurgia-de-emergencia#primaryimage"},"thumbnailUrl":"https:\/\/redenoticiaz.com.br\/ribeiraopreto-regiao\/wp-content\/uploads\/sites\/4\/2024\/12\/Lula-segue-internado-sob-cuidados-semi-intensivos-apos-cirurgias.jpg?v=1734270303","keywords":["alta","cirurgia","EMERG\u00caNCIA","Lula"],"articleSection":["Pol\u00edtica"],"inLanguage":"pt-BR","potentialAction":[{"@type":"CommentAction","name":"Comment","target":["https:\/\/redenoticiaz.com.br\/ribeiraopreto-regiao\/sp\/2024\/12\/15\/lula-tem-alta-do-hospital-apos-cirurgia-de-emergencia#respond"]}]},{"@type":"WebPage","@id":"https:\/\/redenoticiaz.com.br\/ribeiraopreto-regiao\/sp\/2024\/12\/15\/lula-tem-alta-do-hospital-apos-cirurgia-de-emergencia","url":"https:\/\/redenoticiaz.com.br\/ribeiraopreto-regiao\/sp\/2024\/12\/15\/lula-tem-alta-do-hospital-apos-cirurgia-de-emergencia","name":"Lula tem alta do hospital ap\u00f3s cirurgia de emerg\u00eancia - Ribeir\u00e3o Preto e Regi\u00e3o","isPartOf":{"@id":"https:\/\/redenoticiaz.com.br\/ribeiraopreto-regiao\/#website"},"primaryImageOfPage":{"@id":"https:\/\/redenoticiaz.com.br\/ribeiraopreto-regiao\/sp\/2024\/12\/15\/lula-tem-alta-do-hospital-apos-cirurgia-de-emergencia#primaryimage"},"image":{"@id":"https:\/\/redenoticiaz.com.br\/ribeiraopreto-regiao\/sp\/2024\/12\/15\/lula-tem-alta-do-hospital-apos-cirurgia-de-emergencia#primaryimage"},"thumbnailUrl":"https:\/\/redenoticiaz.com.br\/ribeiraopreto-regiao\/wp-content\/uploads\/sites\/4\/2024\/12\/Lula-segue-internado-sob-cuidados-semi-intensivos-apos-cirurgias.jpg?v=1734270303","datePublished":"2024-12-15T16:37:06+00:00","description":"O presidente Luiz In\u00e1cio Lula da Silva recebeu alta m\u00e9dica neste domingo (15) e deixar\u00e1 o Hospital S\u00edrio-Liban\u00eas, em S\u00e3o Paulo, ap\u00f3s passar por uma cirurgia de emerg\u00eancia","inLanguage":"pt-BR","potentialAction":[{"@type":"ReadAction","target":["https:\/\/redenoticiaz.com.br\/ribeiraopreto-regiao\/sp\/2024\/12\/15\/lula-tem-alta-do-hospital-apos-cirurgia-de-emergencia"]}]},{"@type":"ImageObject","inLanguage":"pt-BR","@id":"https:\/\/redenoticiaz.com.br\/ribeiraopreto-regiao\/sp\/2024\/12\/15\/lula-tem-alta-do-hospital-apos-cirurgia-de-emergencia#primaryimage","url":"https:\/\/redenoticiaz.com.br\/ribeiraopreto-regiao\/wp-content\/uploads\/sites\/4\/2024\/12\/Lula-segue-internado-sob-cuidados-semi-intensivos-apos-cirurgias.jpg?v=1734270303","contentUrl":"https:\/\/redenoticiaz.com.br\/ribeiraopreto-regiao\/wp-content\/uploads\/sites\/4\/2024\/12\/Lula-segue-internado-sob-cuidados-semi-intensivos-apos-cirurgias.jpg?v=1734270303","width":1200,"height":628,"caption":"Lula segue internado sob cuidados semi-intensivos ap\u00f3s cirurgias. Foto \u2014 REprodu\u00e7\u00e3o\/Rede Social"},{"@type":"WebSite","@id":"https:\/\/redenoticiaz.com.br\/ribeiraopreto-regiao\/#website","url":"https:\/\/redenoticiaz.com.br\/ribeiraopreto-regiao\/","name":"Ribeir\u00e3o Preto e Regi\u00e3o","description":"Rede NoticiaZ - Ribeir\u00e3o Preto e regi\u00e3o","publisher":{"@id":"https:\/\/redenoticiaz.com.br\/ribeiraopreto-regiao\/#organization"},"potentialAction":[{"@type":"SearchAction","target":{"@type":"EntryPoint","urlTemplate":"https:\/\/redenoticiaz.com.br\/ribeiraopreto-regiao\/?s={search_term_string}"},"query-input":{"@type":"PropertyValueSpecification","valueRequired":true,"valueName":"search_term_string"}}],"inLanguage":"pt-BR"},{"@type":"Organization","@id":"https:\/\/redenoticiaz.com.br\/ribeiraopreto-regiao\/#organization","name":"Ribeir\u00e3o Preto e Regi\u00e3o","url":"https:\/\/redenoticiaz.com.br\/ribeiraopreto-regiao\/","logo":{"@type":"ImageObject","inLanguage":"pt-BR","@id":"https:\/\/redenoticiaz.com.br\/ribeiraopreto-regiao\/#\/schema\/logo\/image\/","url":"https:\/\/redenoticiaz.com.br\/barretos-regiao\/wp-content\/uploads\/sites\/4\/2022\/02\/logo.jpg","contentUrl":"https:\/\/redenoticiaz.com.br\/barretos-regiao\/wp-content\/uploads\/sites\/4\/2022\/02\/logo.jpg","width":400,"height":250,"caption":"Ribeir\u00e3o Preto e Regi\u00e3o"},"image":{"@id":"https:\/\/redenoticiaz.com.br\/ribeiraopreto-regiao\/#\/schema\/logo\/image\/"},"sameAs":["https:\/\/m.facebook.com\/redenoticiaz.barretos","https:\/\/x.com\/RN_barretos","https:\/\/www.instagram.com\/redenoticiaz.barretos\/?igshid=YmMyMTA2M2Y","https:\/\/www.linkedin.com\/company\/rede-noticiaz-barretos-e-regio\/"]},{"@type":"Person","@id":"https:\/\/redenoticiaz.com.br\/ribeiraopreto-regiao\/#\/schema\/person\/1f84d6e94e6a62d2d81199d7503e9e90","name":"Carina Reifonas","image":{"@type":"ImageObject","inLanguage":"pt-BR","@id":"https:\/\/secure.gravatar.com\/avatar\/04c59859b23696cf867715880f81d5c037e60109730bdb4e6670ec2a2245bc97?s=96&d=mm&r=g","url":"https:\/\/secure.gravatar.com\/avatar\/04c59859b23696cf867715880f81d5c037e60109730bdb4e6670ec2a2245bc97?s=96&d=mm&r=g","contentUrl":"https:\/\/secure.gravatar.com\/avatar\/04c59859b23696cf867715880f81d5c037e60109730bdb4e6670ec2a2245bc97?s=96&d=mm&r=g","caption":"Carina Reifonas"},"url":"https:\/\/redenoticiaz.com.br\/ribeiraopreto-regiao\/sp\/author\/carinareifonas"}]}},"_links":{"self":[{"href":"https:\/\/redenoticiaz.com.br\/ribeiraopreto-regiao\/wp-json\/wp\/v2\/posts\/119599","targetHints":{"allow":["GET"]}}],"collection":[{"href":"https:\/\/redenoticiaz.com.br\/ribeiraopreto-regiao\/wp-json\/wp\/v2\/posts"}],"about":[{"href":"https:\/\/redenoticiaz.com.br\/ribeiraopreto-regiao\/wp-json\/wp\/v2\/types\/post"}],"author":[{"embeddable":true,"href":"https:\/\/redenoticiaz.com.br\/ribeiraopreto-regiao\/wp-json\/wp\/v2\/users\/30"}],"replies":[{"embeddable":true,"href":"https:\/\/redenoticiaz.com.br\/ribeiraopreto-regiao\/wp-json\/wp\/v2\/comments?post=119599"}],"version-history":[{"count":0,"href":"https:\/\/redenoticiaz.com.br\/ribeiraopreto-regiao\/wp-json\/wp\/v2\/posts\/119599\/revisions"}],"wp:featuredmedia":[{"embeddable":true,"href":"https:\/\/redenoticiaz.com.br\/ribeiraopreto-regiao\/wp-json\/wp\/v2\/media\/119591"}],"wp:attachment":[{"href":"https:\/\/redenoticiaz.com.br\/ribeiraopreto-regiao\/wp-json\/wp\/v2\/media?parent=119599"}],"wp:term":[{"taxonomy":"category","embeddable":true,"href":"https:\/\/redenoticiaz.com.br\/ribeiraopreto-regiao\/wp-json\/wp\/v2\/categories?post=119599"},{"taxonomy":"post_tag","embeddable":true,"href":"https:\/\/redenoticiaz.com.br\/ribeiraopreto-regiao\/wp-json\/wp\/v2\/tags?post=119599"}],"curies":[{"name":"wp","href":"https:\/\/api.w.org\/{rel}","templated":true}]}}