{"id":119601,"date":"2024-12-16T10:58:44","date_gmt":"2024-12-16T13:58:44","guid":{"rendered":"https:\/\/redenoticiaz.com.br\/barretos-regiao\/sp\/2024\/12\/16\/mais-de-17-mil-vagas-sao-oferecidas-no-interior-de-sp"},"modified":"2024-12-16T10:58:44","modified_gmt":"2024-12-16T13:58:44","slug":"mais-de-17-mil-vagas-sao-oferecidas-no-interior-de-sp","status":"publish","type":"post","link":"https:\/\/redenoticiaz.com.br\/ribeiraopreto-regiao\/sp\/2024\/12\/16\/mais-de-17-mil-vagas-sao-oferecidas-no-interior-de-sp","title":{"rendered":"Mais de 17 mil vagas s\u00e3o oferecidas no interior de SP"},"content":{"rendered":"<p>O Centro de Integra\u00e7\u00e3o Empresa-Escola (CIEE) anunciou a abertura de mais de 17 mil vagas de est\u00e1gio no interior de S\u00e3o Paulo, dispon\u00edveis at\u00e9 janeiro de 2025. As oportunidades fazem parte do per\u00edodo de sazonalidade, quando contratos de est\u00e1gio s\u00e3o encerrados ou estudantes concluem seus estudos.<\/p>\n<p>Estudantes do interior de S\u00e3o Paulo t\u00eam uma grande oportunidade para ingressar no mercado de trabalho. O Centro de Integra\u00e7\u00e3o Empresa-Escola (CIEE) est\u00e1 oferecendo mais de 17 mil vagas de est\u00e1gio em diversas \u00e1reas de atua\u00e7\u00e3o, como administra\u00e7\u00e3o, direito, marketing, contabilidade, comunica\u00e7\u00e3o (incluindo jornalismo, publicidade e rela\u00e7\u00f5es p\u00fablicas), constru\u00e7\u00e3o civil, tecnologia e sa\u00fade.<\/p>\n<p>A m\u00e9dia da bolsa-aux\u00edlio nacional para estagi\u00e1rios alcan\u00e7ou o valor de R$ 1.108,10, sendo um incentivo pr\u00f3ximo ao sal\u00e1rio m\u00ednimo. Al\u00e9m disso, 40% dos estagi\u00e1rios utilizam algum tipo de bolsa ou financiamento estudantil, tornando o est\u00e1gio uma alternativa acess\u00edvel para ajudar na forma\u00e7\u00e3o profissional.<\/p>\n<p>Interessados podem se cadastrar pelo site do CIEE ou procurar a unidade mais pr\u00f3xima para realizar o processo de inscri\u00e7\u00e3o. <a href=\"#\" rel=\"noopener\">Clique aqui para conferir a lista de unidades<\/a>.<\/p>\n<p><strong>Vagas por cidade no interior de S\u00e3o Paulo:<\/strong><\/p>\n<ul>\n<li><strong>Bauru:<\/strong> 1.220 vagas<\/li>\n<li><strong>Mar\u00edlia:<\/strong> 1.995 vagas<\/li>\n<li><strong>Jundia\u00ed:<\/strong> 970 vagas<\/li>\n<li><strong>S\u00e3o Jos\u00e9 do Rio Preto:<\/strong> 1.475 vagas<\/li>\n<li><strong>Sorocaba:<\/strong> 1.648 vagas<\/li>\n<\/ul>\n<p>LEIA MAIS<\/p>\n<p><a href=\"https:\/\/redenoticiaz.com.br\/blog\/2024\/12\/16\/homem-morre-atropelado-na-rodovia-dos-bandeirantes\">Homem morre atropelado na Rodovia dos Bandeirantes<\/a><\/p>\n<p><a href=\"https:\/\/redenoticiaz.com.br\/blog\/2024\/12\/16\/pm-prende-dois-apos-denuncias-e-apreende-drogas-e-dinheiro\">PM prende dois ap\u00f3s den\u00fancias e apreende drogas e dinheiro<\/a><\/p>\n<p>&nbsp;<\/p>\n","protected":false},"excerpt":{"rendered":"<p>O Centro de Integra\u00e7\u00e3o Empresa-Escola (CIEE) anunciou a abertura de mais de 17 mil vagas de est\u00e1gio no interior de S\u00e3o Paulo, dispon\u00edveis at\u00e9 janeiro de 2025. As oportunidades fazem parte do per\u00edodo de sazonalidade, quando contratos de est\u00e1gio s\u00e3o encerrados ou estudantes concluem seus estudos. Estudantes do interior de S\u00e3o Paulo t\u00eam uma grande &hellip;<\/p>\n","protected":false},"author":30,"featured_media":117849,"comment_status":"open","ping_status":"closed","sticky":false,"template":"","format":"standard","meta":{"footnotes":""},"categories":[29902],"tags":[6413,27650,577],"class_list":["post-119601","post","type-post","status-publish","format-standard","has-post-thumbnail","hentry","category-emprego","tag-ciee","tag-interior-de-sao-paulo","tag-vagas"],"yoast_head":"<!-- This site is optimized with the Yoast SEO plugin v28.3 - https:\/\/yoast.com\/product\/yoast-seo-wordpress\/ -->\n<title>Mais de 17 mil vagas s\u00e3o oferecidas no interior de SP - Ribeir\u00e3o Preto e Regi\u00e3o<\/title>\n<meta name=\"description\" content=\"O CIEE anunciou a abertura de mais de 17 mil vagas de est\u00e1gio no interior de S\u00e3o Paulo, dispon\u00edveis at\u00e9 janeiro de 2025\" \/>\n<meta name=\"robots\" content=\"index, follow, max-snippet:-1, max-image-preview:large, max-video-preview:-1\" \/>\n<link rel=\"canonical\" href=\"https:\/\/redenoticiaz.com.br\/ribeiraopreto-regiao\/sp\/2024\/12\/16\/mais-de-17-mil-vagas-sao-oferecidas-no-interior-de-sp\" \/>\n<meta property=\"og:locale\" content=\"pt_BR\" \/>\n<meta property=\"og:type\" content=\"article\" \/>\n<meta property=\"og:title\" content=\"Mais de 17 mil vagas s\u00e3o oferecidas no interior de SP - Ribeir\u00e3o Preto e Regi\u00e3o\" \/>\n<meta property=\"og:description\" content=\"O CIEE anunciou a abertura de mais de 17 mil vagas de est\u00e1gio no interior de S\u00e3o Paulo, dispon\u00edveis at\u00e9 janeiro de 2025\" \/>\n<meta property=\"og:url\" content=\"https:\/\/redenoticiaz.com.br\/ribeiraopreto-regiao\/sp\/2024\/12\/16\/mais-de-17-mil-vagas-sao-oferecidas-no-interior-de-sp\" \/>\n<meta property=\"og:site_name\" content=\"Ribeir\u00e3o Preto e Regi\u00e3o\" \/>\n<meta property=\"article:publisher\" content=\"https:\/\/m.facebook.com\/redenoticiaz.barretos\" \/>\n<meta property=\"article:published_time\" content=\"2024-12-16T13:58:44+00:00\" \/>\n<meta property=\"og:image\" content=\"https:\/\/redenoticiaz.com.br\/ribeiraopreto-regiao\/wp-content\/uploads\/sites\/4\/2024\/08\/carteira-de-trabalho-1.jpg?v=1702055011\" \/>\n\t<meta property=\"og:image:width\" content=\"1640\" \/>\n\t<meta property=\"og:image:height\" content=\"924\" \/>\n\t<meta property=\"og:image:type\" content=\"image\/jpeg\" \/>\n<meta name=\"author\" content=\"Carina Reifonas\" \/>\n<meta name=\"twitter:card\" content=\"summary_large_image\" \/>\n<meta name=\"twitter:creator\" content=\"@RN_barretos\" \/>\n<meta name=\"twitter:site\" content=\"@RN_barretos\" \/>\n<meta name=\"twitter:label1\" content=\"Escrito por\" \/>\n\t<meta name=\"twitter:data1\" content=\"Carina Reifonas\" \/>\n\t<meta name=\"twitter:label2\" content=\"Est. tempo de leitura\" \/>\n\t<meta name=\"twitter:data2\" content=\"2 minutos\" \/>\n<script type=\"application\/ld+json\" class=\"yoast-schema-graph\">{\"@context\":\"https:\\\/\\\/schema.org\",\"@graph\":[{\"@type\":\"Article\",\"@id\":\"https:\\\/\\\/redenoticiaz.com.br\\\/ribeiraopreto-regiao\\\/sp\\\/2024\\\/12\\\/16\\\/mais-de-17-mil-vagas-sao-oferecidas-no-interior-de-sp#article\",\"isPartOf\":{\"@id\":\"https:\\\/\\\/redenoticiaz.com.br\\\/ribeiraopreto-regiao\\\/sp\\\/2024\\\/12\\\/16\\\/mais-de-17-mil-vagas-sao-oferecidas-no-interior-de-sp\"},\"author\":{\"name\":\"Carina Reifonas\",\"@id\":\"https:\\\/\\\/redenoticiaz.com.br\\\/ribeiraopreto-regiao\\\/#\\\/schema\\\/person\\\/1f84d6e94e6a62d2d81199d7503e9e90\"},\"headline\":\"Mais de 17 mil vagas s\u00e3o oferecidas no interior de SP\",\"datePublished\":\"2024-12-16T13:58:44+00:00\",\"mainEntityOfPage\":{\"@id\":\"https:\\\/\\\/redenoticiaz.com.br\\\/ribeiraopreto-regiao\\\/sp\\\/2024\\\/12\\\/16\\\/mais-de-17-mil-vagas-sao-oferecidas-no-interior-de-sp\"},\"wordCount\":256,\"commentCount\":0,\"publisher\":{\"@id\":\"https:\\\/\\\/redenoticiaz.com.br\\\/ribeiraopreto-regiao\\\/#organization\"},\"image\":{\"@id\":\"https:\\\/\\\/redenoticiaz.com.br\\\/ribeiraopreto-regiao\\\/sp\\\/2024\\\/12\\\/16\\\/mais-de-17-mil-vagas-sao-oferecidas-no-interior-de-sp#primaryimage\"},\"thumbnailUrl\":\"https:\\\/\\\/redenoticiaz.com.br\\\/ribeiraopreto-regiao\\\/wp-content\\\/uploads\\\/sites\\\/4\\\/2024\\\/08\\\/carteira-de-trabalho-1.jpg?v=1702055011\",\"keywords\":[\"CIEE\",\"Interior de S\u00e3o Paulo\",\"VAGAS\"],\"articleSection\":[\"Emprego\"],\"inLanguage\":\"pt-BR\",\"potentialAction\":[{\"@type\":\"CommentAction\",\"name\":\"Comment\",\"target\":[\"https:\\\/\\\/redenoticiaz.com.br\\\/ribeiraopreto-regiao\\\/sp\\\/2024\\\/12\\\/16\\\/mais-de-17-mil-vagas-sao-oferecidas-no-interior-de-sp#respond\"]}]},{\"@type\":\"WebPage\",\"@id\":\"https:\\\/\\\/redenoticiaz.com.br\\\/ribeiraopreto-regiao\\\/sp\\\/2024\\\/12\\\/16\\\/mais-de-17-mil-vagas-sao-oferecidas-no-interior-de-sp\",\"url\":\"https:\\\/\\\/redenoticiaz.com.br\\\/ribeiraopreto-regiao\\\/sp\\\/2024\\\/12\\\/16\\\/mais-de-17-mil-vagas-sao-oferecidas-no-interior-de-sp\",\"name\":\"Mais de 17 mil vagas s\u00e3o oferecidas no interior de SP - Ribeir\u00e3o Preto e Regi\u00e3o\",\"isPartOf\":{\"@id\":\"https:\\\/\\\/redenoticiaz.com.br\\\/ribeiraopreto-regiao\\\/#website\"},\"primaryImageOfPage\":{\"@id\":\"https:\\\/\\\/redenoticiaz.com.br\\\/ribeiraopreto-regiao\\\/sp\\\/2024\\\/12\\\/16\\\/mais-de-17-mil-vagas-sao-oferecidas-no-interior-de-sp#primaryimage\"},\"image\":{\"@id\":\"https:\\\/\\\/redenoticiaz.com.br\\\/ribeiraopreto-regiao\\\/sp\\\/2024\\\/12\\\/16\\\/mais-de-17-mil-vagas-sao-oferecidas-no-interior-de-sp#primaryimage\"},\"thumbnailUrl\":\"https:\\\/\\\/redenoticiaz.com.br\\\/ribeiraopreto-regiao\\\/wp-content\\\/uploads\\\/sites\\\/4\\\/2024\\\/08\\\/carteira-de-trabalho-1.jpg?v=1702055011\",\"datePublished\":\"2024-12-16T13:58:44+00:00\",\"description\":\"O CIEE anunciou a abertura de mais de 17 mil vagas de est\u00e1gio no interior de S\u00e3o Paulo, dispon\u00edveis at\u00e9 janeiro de 2025\",\"inLanguage\":\"pt-BR\",\"potentialAction\":[{\"@type\":\"ReadAction\",\"target\":[\"https:\\\/\\\/redenoticiaz.com.br\\\/ribeiraopreto-regiao\\\/sp\\\/2024\\\/12\\\/16\\\/mais-de-17-mil-vagas-sao-oferecidas-no-interior-de-sp\"]}]},{\"@type\":\"ImageObject\",\"inLanguage\":\"pt-BR\",\"@id\":\"https:\\\/\\\/redenoticiaz.com.br\\\/ribeiraopreto-regiao\\\/sp\\\/2024\\\/12\\\/16\\\/mais-de-17-mil-vagas-sao-oferecidas-no-interior-de-sp#primaryimage\",\"url\":\"https:\\\/\\\/redenoticiaz.com.br\\\/ribeiraopreto-regiao\\\/wp-content\\\/uploads\\\/sites\\\/4\\\/2024\\\/08\\\/carteira-de-trabalho-1.jpg?v=1702055011\",\"contentUrl\":\"https:\\\/\\\/redenoticiaz.com.br\\\/ribeiraopreto-regiao\\\/wp-content\\\/uploads\\\/sites\\\/4\\\/2024\\\/08\\\/carteira-de-trabalho-1.jpg?v=1702055011\",\"width\":1640,\"height\":924},{\"@type\":\"WebSite\",\"@id\":\"https:\\\/\\\/redenoticiaz.com.br\\\/ribeiraopreto-regiao\\\/#website\",\"url\":\"https:\\\/\\\/redenoticiaz.com.br\\\/ribeiraopreto-regiao\\\/\",\"name\":\"Ribeir\u00e3o Preto e Regi\u00e3o\",\"description\":\"Rede NoticiaZ - Ribeir\u00e3o Preto e regi\u00e3o\",\"publisher\":{\"@id\":\"https:\\\/\\\/redenoticiaz.com.br\\\/ribeiraopreto-regiao\\\/#organization\"},\"potentialAction\":[{\"@type\":\"SearchAction\",\"target\":{\"@type\":\"EntryPoint\",\"urlTemplate\":\"https:\\\/\\\/redenoticiaz.com.br\\\/ribeiraopreto-regiao\\\/?s={search_term_string}\"},\"query-input\":{\"@type\":\"PropertyValueSpecification\",\"valueRequired\":true,\"valueName\":\"search_term_string\"}}],\"inLanguage\":\"pt-BR\"},{\"@type\":\"Organization\",\"@id\":\"https:\\\/\\\/redenoticiaz.com.br\\\/ribeiraopreto-regiao\\\/#organization\",\"name\":\"Ribeir\u00e3o Preto e Regi\u00e3o\",\"url\":\"https:\\\/\\\/redenoticiaz.com.br\\\/ribeiraopreto-regiao\\\/\",\"logo\":{\"@type\":\"ImageObject\",\"inLanguage\":\"pt-BR\",\"@id\":\"https:\\\/\\\/redenoticiaz.com.br\\\/ribeiraopreto-regiao\\\/#\\\/schema\\\/logo\\\/image\\\/\",\"url\":\"https:\\\/\\\/redenoticiaz.com.br\\\/barretos-regiao\\\/wp-content\\\/uploads\\\/sites\\\/4\\\/2022\\\/02\\\/logo.jpg\",\"contentUrl\":\"https:\\\/\\\/redenoticiaz.com.br\\\/barretos-regiao\\\/wp-content\\\/uploads\\\/sites\\\/4\\\/2022\\\/02\\\/logo.jpg\",\"width\":400,\"height\":250,\"caption\":\"Ribeir\u00e3o Preto e Regi\u00e3o\"},\"image\":{\"@id\":\"https:\\\/\\\/redenoticiaz.com.br\\\/ribeiraopreto-regiao\\\/#\\\/schema\\\/logo\\\/image\\\/\"},\"sameAs\":[\"https:\\\/\\\/m.facebook.com\\\/redenoticiaz.barretos\",\"https:\\\/\\\/x.com\\\/RN_barretos\",\"https:\\\/\\\/www.instagram.com\\\/redenoticiaz.barretos\\\/?igshid=YmMyMTA2M2Y\",\"https:\\\/\\\/www.linkedin.com\\\/company\\\/rede-noticiaz-barretos-e-regio\\\/\"]},{\"@type\":\"Person\",\"@id\":\"https:\\\/\\\/redenoticiaz.com.br\\\/ribeiraopreto-regiao\\\/#\\\/schema\\\/person\\\/1f84d6e94e6a62d2d81199d7503e9e90\",\"name\":\"Carina Reifonas\",\"image\":{\"@type\":\"ImageObject\",\"inLanguage\":\"pt-BR\",\"@id\":\"https:\\\/\\\/secure.gravatar.com\\\/avatar\\\/04c59859b23696cf867715880f81d5c037e60109730bdb4e6670ec2a2245bc97?s=96&d=mm&r=g\",\"url\":\"https:\\\/\\\/secure.gravatar.com\\\/avatar\\\/04c59859b23696cf867715880f81d5c037e60109730bdb4e6670ec2a2245bc97?s=96&d=mm&r=g\",\"contentUrl\":\"https:\\\/\\\/secure.gravatar.com\\\/avatar\\\/04c59859b23696cf867715880f81d5c037e60109730bdb4e6670ec2a2245bc97?s=96&d=mm&r=g\",\"caption\":\"Carina Reifonas\"},\"url\":\"https:\\\/\\\/redenoticiaz.com.br\\\/ribeiraopreto-regiao\\\/sp\\\/author\\\/carinareifonas\"}]}<\/script>\n<!-- \/ Yoast SEO plugin. -->","yoast_head_json":{"title":"Mais de 17 mil vagas s\u00e3o oferecidas no interior de SP - Ribeir\u00e3o Preto e Regi\u00e3o","description":"O CIEE anunciou a abertura de mais de 17 mil vagas de est\u00e1gio no interior de S\u00e3o Paulo, dispon\u00edveis at\u00e9 janeiro de 2025","robots":{"index":"index","follow":"follow","max-snippet":"max-snippet:-1","max-image-preview":"max-image-preview:large","max-video-preview":"max-video-preview:-1"},"canonical":"https:\/\/redenoticiaz.com.br\/ribeiraopreto-regiao\/sp\/2024\/12\/16\/mais-de-17-mil-vagas-sao-oferecidas-no-interior-de-sp","og_locale":"pt_BR","og_type":"article","og_title":"Mais de 17 mil vagas s\u00e3o oferecidas no interior de SP - Ribeir\u00e3o Preto e Regi\u00e3o","og_description":"O CIEE anunciou a abertura de mais de 17 mil vagas de est\u00e1gio no interior de S\u00e3o Paulo, dispon\u00edveis at\u00e9 janeiro de 2025","og_url":"https:\/\/redenoticiaz.com.br\/ribeiraopreto-regiao\/sp\/2024\/12\/16\/mais-de-17-mil-vagas-sao-oferecidas-no-interior-de-sp","og_site_name":"Ribeir\u00e3o Preto e Regi\u00e3o","article_publisher":"https:\/\/m.facebook.com\/redenoticiaz.barretos","article_published_time":"2024-12-16T13:58:44+00:00","og_image":[{"width":1640,"height":924,"url":"https:\/\/redenoticiaz.com.br\/ribeiraopreto-regiao\/wp-content\/uploads\/sites\/4\/2024\/08\/carteira-de-trabalho-1.jpg?v=1702055011","type":"image\/jpeg"}],"author":"Carina Reifonas","twitter_card":"summary_large_image","twitter_creator":"@RN_barretos","twitter_site":"@RN_barretos","twitter_misc":{"Escrito por":"Carina Reifonas","Est. tempo de leitura":"2 minutos"},"schema":{"@context":"https:\/\/schema.org","@graph":[{"@type":"Article","@id":"https:\/\/redenoticiaz.com.br\/ribeiraopreto-regiao\/sp\/2024\/12\/16\/mais-de-17-mil-vagas-sao-oferecidas-no-interior-de-sp#article","isPartOf":{"@id":"https:\/\/redenoticiaz.com.br\/ribeiraopreto-regiao\/sp\/2024\/12\/16\/mais-de-17-mil-vagas-sao-oferecidas-no-interior-de-sp"},"author":{"name":"Carina Reifonas","@id":"https:\/\/redenoticiaz.com.br\/ribeiraopreto-regiao\/#\/schema\/person\/1f84d6e94e6a62d2d81199d7503e9e90"},"headline":"Mais de 17 mil vagas s\u00e3o oferecidas no interior de SP","datePublished":"2024-12-16T13:58:44+00:00","mainEntityOfPage":{"@id":"https:\/\/redenoticiaz.com.br\/ribeiraopreto-regiao\/sp\/2024\/12\/16\/mais-de-17-mil-vagas-sao-oferecidas-no-interior-de-sp"},"wordCount":256,"commentCount":0,"publisher":{"@id":"https:\/\/redenoticiaz.com.br\/ribeiraopreto-regiao\/#organization"},"image":{"@id":"https:\/\/redenoticiaz.com.br\/ribeiraopreto-regiao\/sp\/2024\/12\/16\/mais-de-17-mil-vagas-sao-oferecidas-no-interior-de-sp#primaryimage"},"thumbnailUrl":"https:\/\/redenoticiaz.com.br\/ribeiraopreto-regiao\/wp-content\/uploads\/sites\/4\/2024\/08\/carteira-de-trabalho-1.jpg?v=1702055011","keywords":["CIEE","Interior de S\u00e3o Paulo","VAGAS"],"articleSection":["Emprego"],"inLanguage":"pt-BR","potentialAction":[{"@type":"CommentAction","name":"Comment","target":["https:\/\/redenoticiaz.com.br\/ribeiraopreto-regiao\/sp\/2024\/12\/16\/mais-de-17-mil-vagas-sao-oferecidas-no-interior-de-sp#respond"]}]},{"@type":"WebPage","@id":"https:\/\/redenoticiaz.com.br\/ribeiraopreto-regiao\/sp\/2024\/12\/16\/mais-de-17-mil-vagas-sao-oferecidas-no-interior-de-sp","url":"https:\/\/redenoticiaz.com.br\/ribeiraopreto-regiao\/sp\/2024\/12\/16\/mais-de-17-mil-vagas-sao-oferecidas-no-interior-de-sp","name":"Mais de 17 mil vagas s\u00e3o oferecidas no interior de SP - Ribeir\u00e3o Preto e Regi\u00e3o","isPartOf":{"@id":"https:\/\/redenoticiaz.com.br\/ribeiraopreto-regiao\/#website"},"primaryImageOfPage":{"@id":"https:\/\/redenoticiaz.com.br\/ribeiraopreto-regiao\/sp\/2024\/12\/16\/mais-de-17-mil-vagas-sao-oferecidas-no-interior-de-sp#primaryimage"},"image":{"@id":"https:\/\/redenoticiaz.com.br\/ribeiraopreto-regiao\/sp\/2024\/12\/16\/mais-de-17-mil-vagas-sao-oferecidas-no-interior-de-sp#primaryimage"},"thumbnailUrl":"https:\/\/redenoticiaz.com.br\/ribeiraopreto-regiao\/wp-content\/uploads\/sites\/4\/2024\/08\/carteira-de-trabalho-1.jpg?v=1702055011","datePublished":"2024-12-16T13:58:44+00:00","description":"O CIEE anunciou a abertura de mais de 17 mil vagas de est\u00e1gio no interior de S\u00e3o Paulo, dispon\u00edveis at\u00e9 janeiro de 2025","inLanguage":"pt-BR","potentialAction":[{"@type":"ReadAction","target":["https:\/\/redenoticiaz.com.br\/ribeiraopreto-regiao\/sp\/2024\/12\/16\/mais-de-17-mil-vagas-sao-oferecidas-no-interior-de-sp"]}]},{"@type":"ImageObject","inLanguage":"pt-BR","@id":"https:\/\/redenoticiaz.com.br\/ribeiraopreto-regiao\/sp\/2024\/12\/16\/mais-de-17-mil-vagas-sao-oferecidas-no-interior-de-sp#primaryimage","url":"https:\/\/redenoticiaz.com.br\/ribeiraopreto-regiao\/wp-content\/uploads\/sites\/4\/2024\/08\/carteira-de-trabalho-1.jpg?v=1702055011","contentUrl":"https:\/\/redenoticiaz.com.br\/ribeiraopreto-regiao\/wp-content\/uploads\/sites\/4\/2024\/08\/carteira-de-trabalho-1.jpg?v=1702055011","width":1640,"height":924},{"@type":"WebSite","@id":"https:\/\/redenoticiaz.com.br\/ribeiraopreto-regiao\/#website","url":"https:\/\/redenoticiaz.com.br\/ribeiraopreto-regiao\/","name":"Ribeir\u00e3o Preto e Regi\u00e3o","description":"Rede NoticiaZ - Ribeir\u00e3o Preto e regi\u00e3o","publisher":{"@id":"https:\/\/redenoticiaz.com.br\/ribeiraopreto-regiao\/#organization"},"potentialAction":[{"@type":"SearchAction","target":{"@type":"EntryPoint","urlTemplate":"https:\/\/redenoticiaz.com.br\/ribeiraopreto-regiao\/?s={search_term_string}"},"query-input":{"@type":"PropertyValueSpecification","valueRequired":true,"valueName":"search_term_string"}}],"inLanguage":"pt-BR"},{"@type":"Organization","@id":"https:\/\/redenoticiaz.com.br\/ribeiraopreto-regiao\/#organization","name":"Ribeir\u00e3o Preto e Regi\u00e3o","url":"https:\/\/redenoticiaz.com.br\/ribeiraopreto-regiao\/","logo":{"@type":"ImageObject","inLanguage":"pt-BR","@id":"https:\/\/redenoticiaz.com.br\/ribeiraopreto-regiao\/#\/schema\/logo\/image\/","url":"https:\/\/redenoticiaz.com.br\/barretos-regiao\/wp-content\/uploads\/sites\/4\/2022\/02\/logo.jpg","contentUrl":"https:\/\/redenoticiaz.com.br\/barretos-regiao\/wp-content\/uploads\/sites\/4\/2022\/02\/logo.jpg","width":400,"height":250,"caption":"Ribeir\u00e3o Preto e Regi\u00e3o"},"image":{"@id":"https:\/\/redenoticiaz.com.br\/ribeiraopreto-regiao\/#\/schema\/logo\/image\/"},"sameAs":["https:\/\/m.facebook.com\/redenoticiaz.barretos","https:\/\/x.com\/RN_barretos","https:\/\/www.instagram.com\/redenoticiaz.barretos\/?igshid=YmMyMTA2M2Y","https:\/\/www.linkedin.com\/company\/rede-noticiaz-barretos-e-regio\/"]},{"@type":"Person","@id":"https:\/\/redenoticiaz.com.br\/ribeiraopreto-regiao\/#\/schema\/person\/1f84d6e94e6a62d2d81199d7503e9e90","name":"Carina Reifonas","image":{"@type":"ImageObject","inLanguage":"pt-BR","@id":"https:\/\/secure.gravatar.com\/avatar\/04c59859b23696cf867715880f81d5c037e60109730bdb4e6670ec2a2245bc97?s=96&d=mm&r=g","url":"https:\/\/secure.gravatar.com\/avatar\/04c59859b23696cf867715880f81d5c037e60109730bdb4e6670ec2a2245bc97?s=96&d=mm&r=g","contentUrl":"https:\/\/secure.gravatar.com\/avatar\/04c59859b23696cf867715880f81d5c037e60109730bdb4e6670ec2a2245bc97?s=96&d=mm&r=g","caption":"Carina Reifonas"},"url":"https:\/\/redenoticiaz.com.br\/ribeiraopreto-regiao\/sp\/author\/carinareifonas"}]}},"_links":{"self":[{"href":"https:\/\/redenoticiaz.com.br\/ribeiraopreto-regiao\/wp-json\/wp\/v2\/posts\/119601","targetHints":{"allow":["GET"]}}],"collection":[{"href":"https:\/\/redenoticiaz.com.br\/ribeiraopreto-regiao\/wp-json\/wp\/v2\/posts"}],"about":[{"href":"https:\/\/redenoticiaz.com.br\/ribeiraopreto-regiao\/wp-json\/wp\/v2\/types\/post"}],"author":[{"embeddable":true,"href":"https:\/\/redenoticiaz.com.br\/ribeiraopreto-regiao\/wp-json\/wp\/v2\/users\/30"}],"replies":[{"embeddable":true,"href":"https:\/\/redenoticiaz.com.br\/ribeiraopreto-regiao\/wp-json\/wp\/v2\/comments?post=119601"}],"version-history":[{"count":0,"href":"https:\/\/redenoticiaz.com.br\/ribeiraopreto-regiao\/wp-json\/wp\/v2\/posts\/119601\/revisions"}],"wp:featuredmedia":[{"embeddable":true,"href":"https:\/\/redenoticiaz.com.br\/ribeiraopreto-regiao\/wp-json\/wp\/v2\/media\/117849"}],"wp:attachment":[{"href":"https:\/\/redenoticiaz.com.br\/ribeiraopreto-regiao\/wp-json\/wp\/v2\/media?parent=119601"}],"wp:term":[{"taxonomy":"category","embeddable":true,"href":"https:\/\/redenoticiaz.com.br\/ribeiraopreto-regiao\/wp-json\/wp\/v2\/categories?post=119601"},{"taxonomy":"post_tag","embeddable":true,"href":"https:\/\/redenoticiaz.com.br\/ribeiraopreto-regiao\/wp-json\/wp\/v2\/tags?post=119601"}],"curies":[{"name":"wp","href":"https:\/\/api.w.org\/{rel}","templated":true}]}}