{"id":119623,"date":"2024-12-18T11:25:51","date_gmt":"2024-12-18T14:25:51","guid":{"rendered":"https:\/\/redenoticiaz.com.br\/barretos-regiao\/sp\/2024\/12\/18\/vagas-de-emprego-nubank-como-se-inscrever-2"},"modified":"2024-12-18T11:25:51","modified_gmt":"2024-12-18T14:25:51","slug":"vagas-de-emprego-nubank-como-se-inscrever-2","status":"publish","type":"post","link":"https:\/\/redenoticiaz.com.br\/ribeiraopreto-regiao\/sp\/2024\/12\/18\/vagas-de-emprego-nubank-como-se-inscrever-2","title":{"rendered":"Vagas de emprego Nubank \u2013 Como se inscrever"},"content":{"rendered":"<p>O Nubank, uma das maiores fintechs do Brasil, anunciou novas vagas de emprego em S\u00e3o Paulo, refor\u00e7ando seu compromisso com a diversidade e a inclus\u00e3o. As oportunidades abrangem diferentes \u00e1reas de atua\u00e7\u00e3o, com posi\u00e7\u00f5es exclusivas para pessoas com defici\u00eancia (PCDs).<\/p>\n<h3>Confira as vagas dispon\u00edveis:<\/h3>\n<ul>\n<li><strong>Analytics Engineer Senior<\/strong><br \/>\nProfissional com experi\u00eancia em engenharia de dados e analytics. A posi\u00e7\u00e3o \u00e9 voltada para S\u00e3o Paulo e requer habilidades t\u00e9cnicas avan\u00e7adas.<\/li>\n<li><strong>Banco de Talentos (Pessoas com Defici\u00eancia)<\/strong><br \/>\nVaga destinada a pessoas com defici\u00eancia interessadas em atuar nas \u00e1reas de Atendimento ao Cliente, Ouvidoria, Preven\u00e7\u00e3o a Fraudes e outras.<\/li>\n<li><strong>Diversidade \u2013 Inclus\u00e3o de Pessoas com Defici\u00eancia<\/strong><br \/>\nFoco em recrutar talentos PCDs para diferentes posi\u00e7\u00f5es dentro da empresa.<\/li>\n<li><strong>Pessoa Engenheira de Software (exclusiva para PCDs)<\/strong><br \/>\nPosi\u00e7\u00e3o voltada para desenvolvimento de software, com foco na cria\u00e7\u00e3o de solu\u00e7\u00f5es inovadoras para os produtos e servi\u00e7os do Nubank.<\/li>\n<\/ul>\n<ul>\n<li><a href=\"https:\/\/chat.whatsapp.com\/IZvl6ywXD9K5Zh7loxWKGE\">\ud83d\udcf2Entre em nosso grupo e receba diversas vagas por dia em seu celular<\/a><\/li>\n<\/ul>\n<h3>Como se inscrever<\/h3>\n<p>Os interessados devem acessar o <a href=\"https:\/\/job-boards.greenhouse.io\/nubank?gh_src=db220a771&amp;keyword=brasil+\">site oficial do Nubank<\/a>, na se\u00e7\u00e3o de carreiras, e selecionar a vaga de interesse. \u00c9 importante revisar os pr\u00e9-requisitos de cada posi\u00e7\u00e3o e completar o formul\u00e1rio de inscri\u00e7\u00e3o online.<\/p>\n<p>O Nubank destaca sua miss\u00e3o de construir um ambiente de trabalho inclusivo, incentivando a participa\u00e7\u00e3o de pessoas de diferentes origens, habilidades e perspectivas. Se voc\u00ea deseja fazer parte de uma empresa inovadora e em constante crescimento, essa \u00e9 a oportunidade ideal.<\/p>\n<p>LEIA MAIS<\/p>\n<p><a href=\"https:\/\/redenoticiaz.com.br\/blog\/2024\/12\/18\/vini-jr-e-eleito-o-melhor-jogador-do-mundo-pela-fifa\">Vini Jr. \u00e9 eleito o melhor jogador do mundo pela Fifa<\/a><\/p>\n<p><a href=\"https:\/\/redenoticiaz.com.br\/blog\/2024\/12\/18\/kablin-abre-vagas-de-emprego-confira-as-oportunidades\">Kablin abre vagas de emprego; confira as oportunidades<\/a><\/p>\n","protected":false},"excerpt":{"rendered":"<p>O Nubank, uma das maiores fintechs do Brasil, anunciou novas vagas de emprego em S\u00e3o Paulo, refor\u00e7ando seu compromisso com a diversidade e a inclus\u00e3o. As oportunidades abrangem diferentes \u00e1reas de atua\u00e7\u00e3o, com posi\u00e7\u00f5es exclusivas para pessoas com defici\u00eancia (PCDs). Confira as vagas dispon\u00edveis: Analytics Engineer Senior Profissional com experi\u00eancia em engenharia de dados e &hellip;<\/p>\n","protected":false},"author":30,"featured_media":116823,"comment_status":"open","ping_status":"closed","sticky":false,"template":"","format":"standard","meta":{"footnotes":""},"categories":[29902],"tags":[20111,577],"class_list":["post-119623","post","type-post","status-publish","format-standard","has-post-thumbnail","hentry","category-emprego","tag-nubank","tag-vagas"],"yoast_head":"<!-- This site is optimized with the Yoast SEO plugin v28.3 - https:\/\/yoast.com\/product\/yoast-seo-wordpress\/ -->\n<title>Vagas de emprego Nubank \u2013 Como se inscrever - Ribeir\u00e3o Preto e Regi\u00e3o<\/title>\n<meta name=\"description\" content=\"O Nubank, uma das maiores fintechs do Brasil, anunciou novas vagas de emprego em S\u00e3o Paulo, refor\u00e7ando seu compromisso com a diversidade e a inclus\u00e3o.\" \/>\n<meta name=\"robots\" content=\"index, follow, max-snippet:-1, max-image-preview:large, max-video-preview:-1\" \/>\n<link rel=\"canonical\" href=\"https:\/\/redenoticiaz.com.br\/ribeiraopreto-regiao\/sp\/2024\/12\/18\/vagas-de-emprego-nubank-como-se-inscrever-2\" \/>\n<meta property=\"og:locale\" content=\"pt_BR\" \/>\n<meta property=\"og:type\" content=\"article\" \/>\n<meta property=\"og:title\" content=\"Vagas de emprego Nubank \u2013 Como se inscrever - Ribeir\u00e3o Preto e Regi\u00e3o\" \/>\n<meta property=\"og:description\" content=\"O Nubank, uma das maiores fintechs do Brasil, anunciou novas vagas de emprego em S\u00e3o Paulo, refor\u00e7ando seu compromisso com a diversidade e a inclus\u00e3o.\" \/>\n<meta property=\"og:url\" content=\"https:\/\/redenoticiaz.com.br\/ribeiraopreto-regiao\/sp\/2024\/12\/18\/vagas-de-emprego-nubank-como-se-inscrever-2\" \/>\n<meta property=\"og:site_name\" content=\"Ribeir\u00e3o Preto e Regi\u00e3o\" \/>\n<meta property=\"article:publisher\" content=\"https:\/\/m.facebook.com\/redenoticiaz.barretos\" \/>\n<meta property=\"article:published_time\" content=\"2024-12-18T14:25:51+00:00\" \/>\n<meta property=\"og:image\" content=\"https:\/\/redenoticiaz.com.br\/ribeiraopreto-regiao\/wp-content\/uploads\/sites\/4\/2024\/04\/Captura-de-tela-2024-04-21-100732.png?v=1713704878\" \/>\n\t<meta property=\"og:image:width\" content=\"433\" \/>\n\t<meta property=\"og:image:height\" content=\"328\" \/>\n\t<meta property=\"og:image:type\" content=\"image\/png\" \/>\n<meta name=\"author\" content=\"Carina Reifonas\" \/>\n<meta name=\"twitter:card\" content=\"summary_large_image\" \/>\n<meta name=\"twitter:creator\" content=\"@RN_barretos\" \/>\n<meta name=\"twitter:site\" content=\"@RN_barretos\" \/>\n<meta name=\"twitter:label1\" content=\"Escrito por\" \/>\n\t<meta name=\"twitter:data1\" content=\"Carina Reifonas\" \/>\n\t<meta name=\"twitter:label2\" content=\"Est. tempo de leitura\" \/>\n\t<meta name=\"twitter:data2\" content=\"2 minutos\" \/>\n<script type=\"application\/ld+json\" class=\"yoast-schema-graph\">{\"@context\":\"https:\\\/\\\/schema.org\",\"@graph\":[{\"@type\":\"Article\",\"@id\":\"https:\\\/\\\/redenoticiaz.com.br\\\/ribeiraopreto-regiao\\\/sp\\\/2024\\\/12\\\/18\\\/vagas-de-emprego-nubank-como-se-inscrever-2#article\",\"isPartOf\":{\"@id\":\"https:\\\/\\\/redenoticiaz.com.br\\\/ribeiraopreto-regiao\\\/sp\\\/2024\\\/12\\\/18\\\/vagas-de-emprego-nubank-como-se-inscrever-2\"},\"author\":{\"name\":\"Carina Reifonas\",\"@id\":\"https:\\\/\\\/redenoticiaz.com.br\\\/ribeiraopreto-regiao\\\/#\\\/schema\\\/person\\\/1f84d6e94e6a62d2d81199d7503e9e90\"},\"headline\":\"Vagas de emprego Nubank \u2013 Como se inscrever\",\"datePublished\":\"2024-12-18T14:25:51+00:00\",\"mainEntityOfPage\":{\"@id\":\"https:\\\/\\\/redenoticiaz.com.br\\\/ribeiraopreto-regiao\\\/sp\\\/2024\\\/12\\\/18\\\/vagas-de-emprego-nubank-como-se-inscrever-2\"},\"wordCount\":283,\"commentCount\":0,\"publisher\":{\"@id\":\"https:\\\/\\\/redenoticiaz.com.br\\\/ribeiraopreto-regiao\\\/#organization\"},\"image\":{\"@id\":\"https:\\\/\\\/redenoticiaz.com.br\\\/ribeiraopreto-regiao\\\/sp\\\/2024\\\/12\\\/18\\\/vagas-de-emprego-nubank-como-se-inscrever-2#primaryimage\"},\"thumbnailUrl\":\"https:\\\/\\\/redenoticiaz.com.br\\\/ribeiraopreto-regiao\\\/wp-content\\\/uploads\\\/sites\\\/4\\\/2024\\\/04\\\/Captura-de-tela-2024-04-21-100732.png?v=1713704878\",\"keywords\":[\"Nubank\",\"VAGAS\"],\"articleSection\":[\"Emprego\"],\"inLanguage\":\"pt-BR\",\"potentialAction\":[{\"@type\":\"CommentAction\",\"name\":\"Comment\",\"target\":[\"https:\\\/\\\/redenoticiaz.com.br\\\/ribeiraopreto-regiao\\\/sp\\\/2024\\\/12\\\/18\\\/vagas-de-emprego-nubank-como-se-inscrever-2#respond\"]}]},{\"@type\":\"WebPage\",\"@id\":\"https:\\\/\\\/redenoticiaz.com.br\\\/ribeiraopreto-regiao\\\/sp\\\/2024\\\/12\\\/18\\\/vagas-de-emprego-nubank-como-se-inscrever-2\",\"url\":\"https:\\\/\\\/redenoticiaz.com.br\\\/ribeiraopreto-regiao\\\/sp\\\/2024\\\/12\\\/18\\\/vagas-de-emprego-nubank-como-se-inscrever-2\",\"name\":\"Vagas de emprego Nubank \u2013 Como se inscrever - Ribeir\u00e3o Preto e Regi\u00e3o\",\"isPartOf\":{\"@id\":\"https:\\\/\\\/redenoticiaz.com.br\\\/ribeiraopreto-regiao\\\/#website\"},\"primaryImageOfPage\":{\"@id\":\"https:\\\/\\\/redenoticiaz.com.br\\\/ribeiraopreto-regiao\\\/sp\\\/2024\\\/12\\\/18\\\/vagas-de-emprego-nubank-como-se-inscrever-2#primaryimage\"},\"image\":{\"@id\":\"https:\\\/\\\/redenoticiaz.com.br\\\/ribeiraopreto-regiao\\\/sp\\\/2024\\\/12\\\/18\\\/vagas-de-emprego-nubank-como-se-inscrever-2#primaryimage\"},\"thumbnailUrl\":\"https:\\\/\\\/redenoticiaz.com.br\\\/ribeiraopreto-regiao\\\/wp-content\\\/uploads\\\/sites\\\/4\\\/2024\\\/04\\\/Captura-de-tela-2024-04-21-100732.png?v=1713704878\",\"datePublished\":\"2024-12-18T14:25:51+00:00\",\"description\":\"O Nubank, uma das maiores fintechs do Brasil, anunciou novas vagas de emprego em S\u00e3o Paulo, refor\u00e7ando seu compromisso com a diversidade e a inclus\u00e3o.\",\"inLanguage\":\"pt-BR\",\"potentialAction\":[{\"@type\":\"ReadAction\",\"target\":[\"https:\\\/\\\/redenoticiaz.com.br\\\/ribeiraopreto-regiao\\\/sp\\\/2024\\\/12\\\/18\\\/vagas-de-emprego-nubank-como-se-inscrever-2\"]}]},{\"@type\":\"ImageObject\",\"inLanguage\":\"pt-BR\",\"@id\":\"https:\\\/\\\/redenoticiaz.com.br\\\/ribeiraopreto-regiao\\\/sp\\\/2024\\\/12\\\/18\\\/vagas-de-emprego-nubank-como-se-inscrever-2#primaryimage\",\"url\":\"https:\\\/\\\/redenoticiaz.com.br\\\/ribeiraopreto-regiao\\\/wp-content\\\/uploads\\\/sites\\\/4\\\/2024\\\/04\\\/Captura-de-tela-2024-04-21-100732.png?v=1713704878\",\"contentUrl\":\"https:\\\/\\\/redenoticiaz.com.br\\\/ribeiraopreto-regiao\\\/wp-content\\\/uploads\\\/sites\\\/4\\\/2024\\\/04\\\/Captura-de-tela-2024-04-21-100732.png?v=1713704878\",\"width\":433,\"height\":328},{\"@type\":\"WebSite\",\"@id\":\"https:\\\/\\\/redenoticiaz.com.br\\\/ribeiraopreto-regiao\\\/#website\",\"url\":\"https:\\\/\\\/redenoticiaz.com.br\\\/ribeiraopreto-regiao\\\/\",\"name\":\"Ribeir\u00e3o Preto e Regi\u00e3o\",\"description\":\"Rede NoticiaZ - Ribeir\u00e3o Preto e regi\u00e3o\",\"publisher\":{\"@id\":\"https:\\\/\\\/redenoticiaz.com.br\\\/ribeiraopreto-regiao\\\/#organization\"},\"potentialAction\":[{\"@type\":\"SearchAction\",\"target\":{\"@type\":\"EntryPoint\",\"urlTemplate\":\"https:\\\/\\\/redenoticiaz.com.br\\\/ribeiraopreto-regiao\\\/?s={search_term_string}\"},\"query-input\":{\"@type\":\"PropertyValueSpecification\",\"valueRequired\":true,\"valueName\":\"search_term_string\"}}],\"inLanguage\":\"pt-BR\"},{\"@type\":\"Organization\",\"@id\":\"https:\\\/\\\/redenoticiaz.com.br\\\/ribeiraopreto-regiao\\\/#organization\",\"name\":\"Ribeir\u00e3o Preto e Regi\u00e3o\",\"url\":\"https:\\\/\\\/redenoticiaz.com.br\\\/ribeiraopreto-regiao\\\/\",\"logo\":{\"@type\":\"ImageObject\",\"inLanguage\":\"pt-BR\",\"@id\":\"https:\\\/\\\/redenoticiaz.com.br\\\/ribeiraopreto-regiao\\\/#\\\/schema\\\/logo\\\/image\\\/\",\"url\":\"https:\\\/\\\/redenoticiaz.com.br\\\/barretos-regiao\\\/wp-content\\\/uploads\\\/sites\\\/4\\\/2022\\\/02\\\/logo.jpg\",\"contentUrl\":\"https:\\\/\\\/redenoticiaz.com.br\\\/barretos-regiao\\\/wp-content\\\/uploads\\\/sites\\\/4\\\/2022\\\/02\\\/logo.jpg\",\"width\":400,\"height\":250,\"caption\":\"Ribeir\u00e3o Preto e Regi\u00e3o\"},\"image\":{\"@id\":\"https:\\\/\\\/redenoticiaz.com.br\\\/ribeiraopreto-regiao\\\/#\\\/schema\\\/logo\\\/image\\\/\"},\"sameAs\":[\"https:\\\/\\\/m.facebook.com\\\/redenoticiaz.barretos\",\"https:\\\/\\\/x.com\\\/RN_barretos\",\"https:\\\/\\\/www.instagram.com\\\/redenoticiaz.barretos\\\/?igshid=YmMyMTA2M2Y\",\"https:\\\/\\\/www.linkedin.com\\\/company\\\/rede-noticiaz-barretos-e-regio\\\/\"]},{\"@type\":\"Person\",\"@id\":\"https:\\\/\\\/redenoticiaz.com.br\\\/ribeiraopreto-regiao\\\/#\\\/schema\\\/person\\\/1f84d6e94e6a62d2d81199d7503e9e90\",\"name\":\"Carina Reifonas\",\"image\":{\"@type\":\"ImageObject\",\"inLanguage\":\"pt-BR\",\"@id\":\"https:\\\/\\\/secure.gravatar.com\\\/avatar\\\/04c59859b23696cf867715880f81d5c037e60109730bdb4e6670ec2a2245bc97?s=96&d=mm&r=g\",\"url\":\"https:\\\/\\\/secure.gravatar.com\\\/avatar\\\/04c59859b23696cf867715880f81d5c037e60109730bdb4e6670ec2a2245bc97?s=96&d=mm&r=g\",\"contentUrl\":\"https:\\\/\\\/secure.gravatar.com\\\/avatar\\\/04c59859b23696cf867715880f81d5c037e60109730bdb4e6670ec2a2245bc97?s=96&d=mm&r=g\",\"caption\":\"Carina Reifonas\"},\"url\":\"https:\\\/\\\/redenoticiaz.com.br\\\/ribeiraopreto-regiao\\\/sp\\\/author\\\/carinareifonas\"}]}<\/script>\n<!-- \/ Yoast SEO plugin. -->","yoast_head_json":{"title":"Vagas de emprego Nubank \u2013 Como se inscrever - Ribeir\u00e3o Preto e Regi\u00e3o","description":"O Nubank, uma das maiores fintechs do Brasil, anunciou novas vagas de emprego em S\u00e3o Paulo, refor\u00e7ando seu compromisso com a diversidade e a inclus\u00e3o.","robots":{"index":"index","follow":"follow","max-snippet":"max-snippet:-1","max-image-preview":"max-image-preview:large","max-video-preview":"max-video-preview:-1"},"canonical":"https:\/\/redenoticiaz.com.br\/ribeiraopreto-regiao\/sp\/2024\/12\/18\/vagas-de-emprego-nubank-como-se-inscrever-2","og_locale":"pt_BR","og_type":"article","og_title":"Vagas de emprego Nubank \u2013 Como se inscrever - Ribeir\u00e3o Preto e Regi\u00e3o","og_description":"O Nubank, uma das maiores fintechs do Brasil, anunciou novas vagas de emprego em S\u00e3o Paulo, refor\u00e7ando seu compromisso com a diversidade e a inclus\u00e3o.","og_url":"https:\/\/redenoticiaz.com.br\/ribeiraopreto-regiao\/sp\/2024\/12\/18\/vagas-de-emprego-nubank-como-se-inscrever-2","og_site_name":"Ribeir\u00e3o Preto e Regi\u00e3o","article_publisher":"https:\/\/m.facebook.com\/redenoticiaz.barretos","article_published_time":"2024-12-18T14:25:51+00:00","og_image":[{"width":433,"height":328,"url":"https:\/\/redenoticiaz.com.br\/ribeiraopreto-regiao\/wp-content\/uploads\/sites\/4\/2024\/04\/Captura-de-tela-2024-04-21-100732.png?v=1713704878","type":"image\/png"}],"author":"Carina Reifonas","twitter_card":"summary_large_image","twitter_creator":"@RN_barretos","twitter_site":"@RN_barretos","twitter_misc":{"Escrito por":"Carina Reifonas","Est. tempo de leitura":"2 minutos"},"schema":{"@context":"https:\/\/schema.org","@graph":[{"@type":"Article","@id":"https:\/\/redenoticiaz.com.br\/ribeiraopreto-regiao\/sp\/2024\/12\/18\/vagas-de-emprego-nubank-como-se-inscrever-2#article","isPartOf":{"@id":"https:\/\/redenoticiaz.com.br\/ribeiraopreto-regiao\/sp\/2024\/12\/18\/vagas-de-emprego-nubank-como-se-inscrever-2"},"author":{"name":"Carina Reifonas","@id":"https:\/\/redenoticiaz.com.br\/ribeiraopreto-regiao\/#\/schema\/person\/1f84d6e94e6a62d2d81199d7503e9e90"},"headline":"Vagas de emprego Nubank \u2013 Como se inscrever","datePublished":"2024-12-18T14:25:51+00:00","mainEntityOfPage":{"@id":"https:\/\/redenoticiaz.com.br\/ribeiraopreto-regiao\/sp\/2024\/12\/18\/vagas-de-emprego-nubank-como-se-inscrever-2"},"wordCount":283,"commentCount":0,"publisher":{"@id":"https:\/\/redenoticiaz.com.br\/ribeiraopreto-regiao\/#organization"},"image":{"@id":"https:\/\/redenoticiaz.com.br\/ribeiraopreto-regiao\/sp\/2024\/12\/18\/vagas-de-emprego-nubank-como-se-inscrever-2#primaryimage"},"thumbnailUrl":"https:\/\/redenoticiaz.com.br\/ribeiraopreto-regiao\/wp-content\/uploads\/sites\/4\/2024\/04\/Captura-de-tela-2024-04-21-100732.png?v=1713704878","keywords":["Nubank","VAGAS"],"articleSection":["Emprego"],"inLanguage":"pt-BR","potentialAction":[{"@type":"CommentAction","name":"Comment","target":["https:\/\/redenoticiaz.com.br\/ribeiraopreto-regiao\/sp\/2024\/12\/18\/vagas-de-emprego-nubank-como-se-inscrever-2#respond"]}]},{"@type":"WebPage","@id":"https:\/\/redenoticiaz.com.br\/ribeiraopreto-regiao\/sp\/2024\/12\/18\/vagas-de-emprego-nubank-como-se-inscrever-2","url":"https:\/\/redenoticiaz.com.br\/ribeiraopreto-regiao\/sp\/2024\/12\/18\/vagas-de-emprego-nubank-como-se-inscrever-2","name":"Vagas de emprego Nubank \u2013 Como se inscrever - Ribeir\u00e3o Preto e Regi\u00e3o","isPartOf":{"@id":"https:\/\/redenoticiaz.com.br\/ribeiraopreto-regiao\/#website"},"primaryImageOfPage":{"@id":"https:\/\/redenoticiaz.com.br\/ribeiraopreto-regiao\/sp\/2024\/12\/18\/vagas-de-emprego-nubank-como-se-inscrever-2#primaryimage"},"image":{"@id":"https:\/\/redenoticiaz.com.br\/ribeiraopreto-regiao\/sp\/2024\/12\/18\/vagas-de-emprego-nubank-como-se-inscrever-2#primaryimage"},"thumbnailUrl":"https:\/\/redenoticiaz.com.br\/ribeiraopreto-regiao\/wp-content\/uploads\/sites\/4\/2024\/04\/Captura-de-tela-2024-04-21-100732.png?v=1713704878","datePublished":"2024-12-18T14:25:51+00:00","description":"O Nubank, uma das maiores fintechs do Brasil, anunciou novas vagas de emprego em S\u00e3o Paulo, refor\u00e7ando seu compromisso com a diversidade e a inclus\u00e3o.","inLanguage":"pt-BR","potentialAction":[{"@type":"ReadAction","target":["https:\/\/redenoticiaz.com.br\/ribeiraopreto-regiao\/sp\/2024\/12\/18\/vagas-de-emprego-nubank-como-se-inscrever-2"]}]},{"@type":"ImageObject","inLanguage":"pt-BR","@id":"https:\/\/redenoticiaz.com.br\/ribeiraopreto-regiao\/sp\/2024\/12\/18\/vagas-de-emprego-nubank-como-se-inscrever-2#primaryimage","url":"https:\/\/redenoticiaz.com.br\/ribeiraopreto-regiao\/wp-content\/uploads\/sites\/4\/2024\/04\/Captura-de-tela-2024-04-21-100732.png?v=1713704878","contentUrl":"https:\/\/redenoticiaz.com.br\/ribeiraopreto-regiao\/wp-content\/uploads\/sites\/4\/2024\/04\/Captura-de-tela-2024-04-21-100732.png?v=1713704878","width":433,"height":328},{"@type":"WebSite","@id":"https:\/\/redenoticiaz.com.br\/ribeiraopreto-regiao\/#website","url":"https:\/\/redenoticiaz.com.br\/ribeiraopreto-regiao\/","name":"Ribeir\u00e3o Preto e Regi\u00e3o","description":"Rede NoticiaZ - Ribeir\u00e3o Preto e regi\u00e3o","publisher":{"@id":"https:\/\/redenoticiaz.com.br\/ribeiraopreto-regiao\/#organization"},"potentialAction":[{"@type":"SearchAction","target":{"@type":"EntryPoint","urlTemplate":"https:\/\/redenoticiaz.com.br\/ribeiraopreto-regiao\/?s={search_term_string}"},"query-input":{"@type":"PropertyValueSpecification","valueRequired":true,"valueName":"search_term_string"}}],"inLanguage":"pt-BR"},{"@type":"Organization","@id":"https:\/\/redenoticiaz.com.br\/ribeiraopreto-regiao\/#organization","name":"Ribeir\u00e3o Preto e Regi\u00e3o","url":"https:\/\/redenoticiaz.com.br\/ribeiraopreto-regiao\/","logo":{"@type":"ImageObject","inLanguage":"pt-BR","@id":"https:\/\/redenoticiaz.com.br\/ribeiraopreto-regiao\/#\/schema\/logo\/image\/","url":"https:\/\/redenoticiaz.com.br\/barretos-regiao\/wp-content\/uploads\/sites\/4\/2022\/02\/logo.jpg","contentUrl":"https:\/\/redenoticiaz.com.br\/barretos-regiao\/wp-content\/uploads\/sites\/4\/2022\/02\/logo.jpg","width":400,"height":250,"caption":"Ribeir\u00e3o Preto e Regi\u00e3o"},"image":{"@id":"https:\/\/redenoticiaz.com.br\/ribeiraopreto-regiao\/#\/schema\/logo\/image\/"},"sameAs":["https:\/\/m.facebook.com\/redenoticiaz.barretos","https:\/\/x.com\/RN_barretos","https:\/\/www.instagram.com\/redenoticiaz.barretos\/?igshid=YmMyMTA2M2Y","https:\/\/www.linkedin.com\/company\/rede-noticiaz-barretos-e-regio\/"]},{"@type":"Person","@id":"https:\/\/redenoticiaz.com.br\/ribeiraopreto-regiao\/#\/schema\/person\/1f84d6e94e6a62d2d81199d7503e9e90","name":"Carina Reifonas","image":{"@type":"ImageObject","inLanguage":"pt-BR","@id":"https:\/\/secure.gravatar.com\/avatar\/04c59859b23696cf867715880f81d5c037e60109730bdb4e6670ec2a2245bc97?s=96&d=mm&r=g","url":"https:\/\/secure.gravatar.com\/avatar\/04c59859b23696cf867715880f81d5c037e60109730bdb4e6670ec2a2245bc97?s=96&d=mm&r=g","contentUrl":"https:\/\/secure.gravatar.com\/avatar\/04c59859b23696cf867715880f81d5c037e60109730bdb4e6670ec2a2245bc97?s=96&d=mm&r=g","caption":"Carina Reifonas"},"url":"https:\/\/redenoticiaz.com.br\/ribeiraopreto-regiao\/sp\/author\/carinareifonas"}]}},"_links":{"self":[{"href":"https:\/\/redenoticiaz.com.br\/ribeiraopreto-regiao\/wp-json\/wp\/v2\/posts\/119623","targetHints":{"allow":["GET"]}}],"collection":[{"href":"https:\/\/redenoticiaz.com.br\/ribeiraopreto-regiao\/wp-json\/wp\/v2\/posts"}],"about":[{"href":"https:\/\/redenoticiaz.com.br\/ribeiraopreto-regiao\/wp-json\/wp\/v2\/types\/post"}],"author":[{"embeddable":true,"href":"https:\/\/redenoticiaz.com.br\/ribeiraopreto-regiao\/wp-json\/wp\/v2\/users\/30"}],"replies":[{"embeddable":true,"href":"https:\/\/redenoticiaz.com.br\/ribeiraopreto-regiao\/wp-json\/wp\/v2\/comments?post=119623"}],"version-history":[{"count":0,"href":"https:\/\/redenoticiaz.com.br\/ribeiraopreto-regiao\/wp-json\/wp\/v2\/posts\/119623\/revisions"}],"wp:featuredmedia":[{"embeddable":true,"href":"https:\/\/redenoticiaz.com.br\/ribeiraopreto-regiao\/wp-json\/wp\/v2\/media\/116823"}],"wp:attachment":[{"href":"https:\/\/redenoticiaz.com.br\/ribeiraopreto-regiao\/wp-json\/wp\/v2\/media?parent=119623"}],"wp:term":[{"taxonomy":"category","embeddable":true,"href":"https:\/\/redenoticiaz.com.br\/ribeiraopreto-regiao\/wp-json\/wp\/v2\/categories?post=119623"},{"taxonomy":"post_tag","embeddable":true,"href":"https:\/\/redenoticiaz.com.br\/ribeiraopreto-regiao\/wp-json\/wp\/v2\/tags?post=119623"}],"curies":[{"name":"wp","href":"https:\/\/api.w.org\/{rel}","templated":true}]}}