{"id":119767,"date":"2025-01-04T09:00:53","date_gmt":"2025-01-04T12:00:53","guid":{"rendered":"https:\/\/redenoticiaz.com.br\/barretos-regiao\/?p=119767"},"modified":"2024-12-31T13:29:26","modified_gmt":"2024-12-31T16:29:26","slug":"lula-sanciona-lei-que-cancela-volta-do-seguro-obrigatorio-dpvat","status":"publish","type":"post","link":"https:\/\/redenoticiaz.com.br\/ribeiraopreto-regiao\/sp\/2025\/01\/04\/lula-sanciona-lei-que-cancela-volta-do-seguro-obrigatorio-dpvat","title":{"rendered":"Lula sanciona lei que cancela volta do seguro obrigat\u00f3rio DPVAT"},"content":{"rendered":"<p>O presidente Luiz In\u00e1cio Lula da Silva (PT) sancionou, nesta ter\u00e7a-feira (31), a revoga\u00e7\u00e3o da cobran\u00e7a do seguro obrigat\u00f3rio para ve\u00edculos, o antigo DPVAT. Com isso, o seguro n\u00e3o ser\u00e1 exigido em 2025.<\/p>\n<p>O DPVAT havia sido extinto em 2019 durante o governo de Jair Bolsonaro (PL) e, em 2024, a equipe econ\u00f4mica do governo de Lula tentou retornar com o seguro, rebatizado de &#8220;SPVAT&#8221;, para arrecadar recursos destinados ao Sistema \u00danico de Sa\u00fade (SUS) e outros sistemas p\u00fablicos. No entanto, a press\u00e3o de governadores, que indicaram que n\u00e3o cobrariam o seguro em seus estados, levou o governo a cancelar a medida.<\/p>\n<p>Em 2018, ano de maior arrecada\u00e7\u00e3o do DPVAT, o seguro gerou R$ 4,6 bilh\u00f5es. O valor foi usado em programas de educa\u00e7\u00e3o no tr\u00e2nsito e a\u00e7\u00f5es do SUS.<\/p>\n<p>A decis\u00e3o de revogar o retorno do DPVAT foi tomada dentro do contexto do pacote fiscal, que tamb\u00e9m inclui medidas para reduzir gastos p\u00fablicos e economizar at\u00e9 R$ 375 bilh\u00f5es at\u00e9 2030.<\/p>\n<p>LEIA MAIS<\/p>\n<p><a href=\"https:\/\/redenoticiaz.com.br\/blog\/2024\/12\/31\/concurso-camara-de-itupeva-com-salarios-de-ate-r-11-mil\">Concurso C\u00e2mara de Itupeva com sal\u00e1rios de at\u00e9 R$ 11 mil<\/a><\/p>\n<p><a href=\"https:\/\/redenoticiaz.com.br\/blog\/2024\/12\/31\/alura-abre-vagas-de-emprego-com-beneficios-e-100-home-office\">Alura abre vagas de emprego com benef\u00edcios e 100% HOME OFFICE<\/a><\/p>\n","protected":false},"excerpt":{"rendered":"<p>O presidente Luiz In\u00e1cio Lula da Silva (PT) sancionou, nesta ter\u00e7a-feira (31), a revoga\u00e7\u00e3o da cobran\u00e7a do seguro obrigat\u00f3rio para ve\u00edculos, o antigo DPVAT. Com isso, o seguro n\u00e3o ser\u00e1 exigido em 2025. O DPVAT havia sido extinto em 2019 durante o governo de Jair Bolsonaro (PL) e, em 2024, a equipe econ\u00f4mica do governo &hellip;<\/p>\n","protected":false},"author":30,"featured_media":119768,"comment_status":"open","ping_status":"closed","sticky":false,"template":"","format":"standard","meta":{"footnotes":""},"categories":[185],"tags":[31008,9332,6479],"class_list":["post-119767","post","type-post","status-publish","format-standard","has-post-thumbnail","hentry","category-garagem-az","tag-dpvat","tag-lula","tag-seguro-odontologico"],"yoast_head":"<!-- This site is optimized with the Yoast SEO plugin v28.4 - https:\/\/yoast.com\/product\/yoast-seo-wordpress\/ -->\n<title>Lula sanciona lei que cancela volta do seguro obrigat\u00f3rio DPVAT - Ribeir\u00e3o Preto e Regi\u00e3o<\/title>\n<meta name=\"description\" content=\"O presidente Luiz In\u00e1cio Lula da Silva (PT) sancionou a revoga\u00e7\u00e3o da cobran\u00e7a do seguro obrigat\u00f3rio para ve\u00edculos, o antigo DPVAT.\" \/>\n<meta name=\"robots\" content=\"index, follow, max-snippet:-1, max-image-preview:large, max-video-preview:-1\" \/>\n<link rel=\"canonical\" href=\"https:\/\/redenoticiaz.com.br\/ribeiraopreto-regiao\/sp\/2025\/01\/04\/lula-sanciona-lei-que-cancela-volta-do-seguro-obrigatorio-dpvat\" \/>\n<meta property=\"og:locale\" content=\"pt_BR\" \/>\n<meta property=\"og:type\" content=\"article\" \/>\n<meta property=\"og:title\" content=\"Lula sanciona lei que cancela volta do seguro obrigat\u00f3rio DPVAT - Ribeir\u00e3o Preto e Regi\u00e3o\" \/>\n<meta property=\"og:description\" content=\"O presidente Luiz In\u00e1cio Lula da Silva (PT) sancionou a revoga\u00e7\u00e3o da cobran\u00e7a do seguro obrigat\u00f3rio para ve\u00edculos, o antigo DPVAT.\" \/>\n<meta property=\"og:url\" content=\"https:\/\/redenoticiaz.com.br\/ribeiraopreto-regiao\/sp\/2025\/01\/04\/lula-sanciona-lei-que-cancela-volta-do-seguro-obrigatorio-dpvat\" \/>\n<meta property=\"og:site_name\" content=\"Ribeir\u00e3o Preto e Regi\u00e3o\" \/>\n<meta property=\"article:publisher\" content=\"https:\/\/m.facebook.com\/redenoticiaz.barretos\" \/>\n<meta property=\"article:published_time\" content=\"2025-01-04T12:00:53+00:00\" \/>\n<meta property=\"og:image\" content=\"https:\/\/redenoticiaz.com.br\/ribeiraopreto-regiao\/wp-content\/uploads\/sites\/4\/2024\/12\/dpvat.jpg?v=1609526712\" \/>\n\t<meta property=\"og:image:width\" content=\"1170\" \/>\n\t<meta property=\"og:image:height\" content=\"700\" \/>\n\t<meta property=\"og:image:type\" content=\"image\/jpeg\" \/>\n<meta name=\"author\" content=\"Carina Reifonas\" \/>\n<meta name=\"twitter:card\" content=\"summary_large_image\" \/>\n<meta name=\"twitter:creator\" content=\"@RN_barretos\" \/>\n<meta name=\"twitter:site\" content=\"@RN_barretos\" \/>\n<meta name=\"twitter:label1\" content=\"Escrito por\" \/>\n\t<meta name=\"twitter:data1\" content=\"Carina Reifonas\" \/>\n\t<meta name=\"twitter:label2\" content=\"Est. tempo de leitura\" \/>\n\t<meta name=\"twitter:data2\" content=\"2 minutos\" \/>\n<script type=\"application\/ld+json\" class=\"yoast-schema-graph\">{\"@context\":\"https:\\\/\\\/schema.org\",\"@graph\":[{\"@type\":\"Article\",\"@id\":\"https:\\\/\\\/redenoticiaz.com.br\\\/ribeiraopreto-regiao\\\/sp\\\/2025\\\/01\\\/04\\\/lula-sanciona-lei-que-cancela-volta-do-seguro-obrigatorio-dpvat#article\",\"isPartOf\":{\"@id\":\"https:\\\/\\\/redenoticiaz.com.br\\\/ribeiraopreto-regiao\\\/sp\\\/2025\\\/01\\\/04\\\/lula-sanciona-lei-que-cancela-volta-do-seguro-obrigatorio-dpvat\"},\"author\":{\"name\":\"Carina Reifonas\",\"@id\":\"https:\\\/\\\/redenoticiaz.com.br\\\/ribeiraopreto-regiao\\\/#\\\/schema\\\/person\\\/1f84d6e94e6a62d2d81199d7503e9e90\"},\"headline\":\"Lula sanciona lei que cancela volta do seguro obrigat\u00f3rio DPVAT\",\"datePublished\":\"2025-01-04T12:00:53+00:00\",\"mainEntityOfPage\":{\"@id\":\"https:\\\/\\\/redenoticiaz.com.br\\\/ribeiraopreto-regiao\\\/sp\\\/2025\\\/01\\\/04\\\/lula-sanciona-lei-que-cancela-volta-do-seguro-obrigatorio-dpvat\"},\"wordCount\":211,\"commentCount\":0,\"publisher\":{\"@id\":\"https:\\\/\\\/redenoticiaz.com.br\\\/ribeiraopreto-regiao\\\/#organization\"},\"image\":{\"@id\":\"https:\\\/\\\/redenoticiaz.com.br\\\/ribeiraopreto-regiao\\\/sp\\\/2025\\\/01\\\/04\\\/lula-sanciona-lei-que-cancela-volta-do-seguro-obrigatorio-dpvat#primaryimage\"},\"thumbnailUrl\":\"https:\\\/\\\/redenoticiaz.com.br\\\/ribeiraopreto-regiao\\\/wp-content\\\/uploads\\\/sites\\\/4\\\/2024\\\/12\\\/dpvat.jpg?v=1609526712\",\"keywords\":[\"DPVAT\",\"Lula\",\"Seguro Odontol\u00f3gico\"],\"articleSection\":[\"Garagem AZ\"],\"inLanguage\":\"pt-BR\",\"potentialAction\":[{\"@type\":\"CommentAction\",\"name\":\"Comment\",\"target\":[\"https:\\\/\\\/redenoticiaz.com.br\\\/ribeiraopreto-regiao\\\/sp\\\/2025\\\/01\\\/04\\\/lula-sanciona-lei-que-cancela-volta-do-seguro-obrigatorio-dpvat#respond\"]}]},{\"@type\":\"WebPage\",\"@id\":\"https:\\\/\\\/redenoticiaz.com.br\\\/ribeiraopreto-regiao\\\/sp\\\/2025\\\/01\\\/04\\\/lula-sanciona-lei-que-cancela-volta-do-seguro-obrigatorio-dpvat\",\"url\":\"https:\\\/\\\/redenoticiaz.com.br\\\/ribeiraopreto-regiao\\\/sp\\\/2025\\\/01\\\/04\\\/lula-sanciona-lei-que-cancela-volta-do-seguro-obrigatorio-dpvat\",\"name\":\"Lula sanciona lei que cancela volta do seguro obrigat\u00f3rio DPVAT - Ribeir\u00e3o Preto e Regi\u00e3o\",\"isPartOf\":{\"@id\":\"https:\\\/\\\/redenoticiaz.com.br\\\/ribeiraopreto-regiao\\\/#website\"},\"primaryImageOfPage\":{\"@id\":\"https:\\\/\\\/redenoticiaz.com.br\\\/ribeiraopreto-regiao\\\/sp\\\/2025\\\/01\\\/04\\\/lula-sanciona-lei-que-cancela-volta-do-seguro-obrigatorio-dpvat#primaryimage\"},\"image\":{\"@id\":\"https:\\\/\\\/redenoticiaz.com.br\\\/ribeiraopreto-regiao\\\/sp\\\/2025\\\/01\\\/04\\\/lula-sanciona-lei-que-cancela-volta-do-seguro-obrigatorio-dpvat#primaryimage\"},\"thumbnailUrl\":\"https:\\\/\\\/redenoticiaz.com.br\\\/ribeiraopreto-regiao\\\/wp-content\\\/uploads\\\/sites\\\/4\\\/2024\\\/12\\\/dpvat.jpg?v=1609526712\",\"datePublished\":\"2025-01-04T12:00:53+00:00\",\"description\":\"O presidente Luiz In\u00e1cio Lula da Silva (PT) sancionou a revoga\u00e7\u00e3o da cobran\u00e7a do seguro obrigat\u00f3rio para ve\u00edculos, o antigo DPVAT.\",\"inLanguage\":\"pt-BR\",\"potentialAction\":[{\"@type\":\"ReadAction\",\"target\":[\"https:\\\/\\\/redenoticiaz.com.br\\\/ribeiraopreto-regiao\\\/sp\\\/2025\\\/01\\\/04\\\/lula-sanciona-lei-que-cancela-volta-do-seguro-obrigatorio-dpvat\"]}]},{\"@type\":\"ImageObject\",\"inLanguage\":\"pt-BR\",\"@id\":\"https:\\\/\\\/redenoticiaz.com.br\\\/ribeiraopreto-regiao\\\/sp\\\/2025\\\/01\\\/04\\\/lula-sanciona-lei-que-cancela-volta-do-seguro-obrigatorio-dpvat#primaryimage\",\"url\":\"https:\\\/\\\/redenoticiaz.com.br\\\/ribeiraopreto-regiao\\\/wp-content\\\/uploads\\\/sites\\\/4\\\/2024\\\/12\\\/dpvat.jpg?v=1609526712\",\"contentUrl\":\"https:\\\/\\\/redenoticiaz.com.br\\\/ribeiraopreto-regiao\\\/wp-content\\\/uploads\\\/sites\\\/4\\\/2024\\\/12\\\/dpvat.jpg?v=1609526712\",\"width\":1170,\"height\":700,\"caption\":\"Seguro DPVAT\"},{\"@type\":\"WebSite\",\"@id\":\"https:\\\/\\\/redenoticiaz.com.br\\\/ribeiraopreto-regiao\\\/#website\",\"url\":\"https:\\\/\\\/redenoticiaz.com.br\\\/ribeiraopreto-regiao\\\/\",\"name\":\"Ribeir\u00e3o Preto e Regi\u00e3o\",\"description\":\"Rede NoticiaZ - Ribeir\u00e3o Preto e regi\u00e3o\",\"publisher\":{\"@id\":\"https:\\\/\\\/redenoticiaz.com.br\\\/ribeiraopreto-regiao\\\/#organization\"},\"potentialAction\":[{\"@type\":\"SearchAction\",\"target\":{\"@type\":\"EntryPoint\",\"urlTemplate\":\"https:\\\/\\\/redenoticiaz.com.br\\\/ribeiraopreto-regiao\\\/?s={search_term_string}\"},\"query-input\":{\"@type\":\"PropertyValueSpecification\",\"valueRequired\":true,\"valueName\":\"search_term_string\"}}],\"inLanguage\":\"pt-BR\"},{\"@type\":\"Organization\",\"@id\":\"https:\\\/\\\/redenoticiaz.com.br\\\/ribeiraopreto-regiao\\\/#organization\",\"name\":\"Ribeir\u00e3o Preto e Regi\u00e3o\",\"url\":\"https:\\\/\\\/redenoticiaz.com.br\\\/ribeiraopreto-regiao\\\/\",\"logo\":{\"@type\":\"ImageObject\",\"inLanguage\":\"pt-BR\",\"@id\":\"https:\\\/\\\/redenoticiaz.com.br\\\/ribeiraopreto-regiao\\\/#\\\/schema\\\/logo\\\/image\\\/\",\"url\":\"https:\\\/\\\/redenoticiaz.com.br\\\/barretos-regiao\\\/wp-content\\\/uploads\\\/sites\\\/4\\\/2022\\\/02\\\/logo.jpg\",\"contentUrl\":\"https:\\\/\\\/redenoticiaz.com.br\\\/barretos-regiao\\\/wp-content\\\/uploads\\\/sites\\\/4\\\/2022\\\/02\\\/logo.jpg\",\"width\":400,\"height\":250,\"caption\":\"Ribeir\u00e3o Preto e Regi\u00e3o\"},\"image\":{\"@id\":\"https:\\\/\\\/redenoticiaz.com.br\\\/ribeiraopreto-regiao\\\/#\\\/schema\\\/logo\\\/image\\\/\"},\"sameAs\":[\"https:\\\/\\\/m.facebook.com\\\/redenoticiaz.barretos\",\"https:\\\/\\\/x.com\\\/RN_barretos\",\"https:\\\/\\\/www.instagram.com\\\/redenoticiaz.barretos\\\/?igshid=YmMyMTA2M2Y\",\"https:\\\/\\\/www.linkedin.com\\\/company\\\/rede-noticiaz-barretos-e-regio\\\/\"]},{\"@type\":\"Person\",\"@id\":\"https:\\\/\\\/redenoticiaz.com.br\\\/ribeiraopreto-regiao\\\/#\\\/schema\\\/person\\\/1f84d6e94e6a62d2d81199d7503e9e90\",\"name\":\"Carina Reifonas\",\"image\":{\"@type\":\"ImageObject\",\"inLanguage\":\"pt-BR\",\"@id\":\"https:\\\/\\\/secure.gravatar.com\\\/avatar\\\/04c59859b23696cf867715880f81d5c037e60109730bdb4e6670ec2a2245bc97?s=96&d=mm&r=g\",\"url\":\"https:\\\/\\\/secure.gravatar.com\\\/avatar\\\/04c59859b23696cf867715880f81d5c037e60109730bdb4e6670ec2a2245bc97?s=96&d=mm&r=g\",\"contentUrl\":\"https:\\\/\\\/secure.gravatar.com\\\/avatar\\\/04c59859b23696cf867715880f81d5c037e60109730bdb4e6670ec2a2245bc97?s=96&d=mm&r=g\",\"caption\":\"Carina Reifonas\"},\"url\":\"https:\\\/\\\/redenoticiaz.com.br\\\/ribeiraopreto-regiao\\\/sp\\\/author\\\/carinareifonas\"}]}<\/script>\n<!-- \/ Yoast SEO plugin. -->","yoast_head_json":{"title":"Lula sanciona lei que cancela volta do seguro obrigat\u00f3rio DPVAT - Ribeir\u00e3o Preto e Regi\u00e3o","description":"O presidente Luiz In\u00e1cio Lula da Silva (PT) sancionou a revoga\u00e7\u00e3o da cobran\u00e7a do seguro obrigat\u00f3rio para ve\u00edculos, o antigo DPVAT.","robots":{"index":"index","follow":"follow","max-snippet":"max-snippet:-1","max-image-preview":"max-image-preview:large","max-video-preview":"max-video-preview:-1"},"canonical":"https:\/\/redenoticiaz.com.br\/ribeiraopreto-regiao\/sp\/2025\/01\/04\/lula-sanciona-lei-que-cancela-volta-do-seguro-obrigatorio-dpvat","og_locale":"pt_BR","og_type":"article","og_title":"Lula sanciona lei que cancela volta do seguro obrigat\u00f3rio DPVAT - Ribeir\u00e3o Preto e Regi\u00e3o","og_description":"O presidente Luiz In\u00e1cio Lula da Silva (PT) sancionou a revoga\u00e7\u00e3o da cobran\u00e7a do seguro obrigat\u00f3rio para ve\u00edculos, o antigo DPVAT.","og_url":"https:\/\/redenoticiaz.com.br\/ribeiraopreto-regiao\/sp\/2025\/01\/04\/lula-sanciona-lei-que-cancela-volta-do-seguro-obrigatorio-dpvat","og_site_name":"Ribeir\u00e3o Preto e Regi\u00e3o","article_publisher":"https:\/\/m.facebook.com\/redenoticiaz.barretos","article_published_time":"2025-01-04T12:00:53+00:00","og_image":[{"width":1170,"height":700,"url":"https:\/\/redenoticiaz.com.br\/ribeiraopreto-regiao\/wp-content\/uploads\/sites\/4\/2024\/12\/dpvat.jpg?v=1609526712","type":"image\/jpeg"}],"author":"Carina Reifonas","twitter_card":"summary_large_image","twitter_creator":"@RN_barretos","twitter_site":"@RN_barretos","twitter_misc":{"Escrito por":"Carina Reifonas","Est. tempo de leitura":"2 minutos"},"schema":{"@context":"https:\/\/schema.org","@graph":[{"@type":"Article","@id":"https:\/\/redenoticiaz.com.br\/ribeiraopreto-regiao\/sp\/2025\/01\/04\/lula-sanciona-lei-que-cancela-volta-do-seguro-obrigatorio-dpvat#article","isPartOf":{"@id":"https:\/\/redenoticiaz.com.br\/ribeiraopreto-regiao\/sp\/2025\/01\/04\/lula-sanciona-lei-que-cancela-volta-do-seguro-obrigatorio-dpvat"},"author":{"name":"Carina Reifonas","@id":"https:\/\/redenoticiaz.com.br\/ribeiraopreto-regiao\/#\/schema\/person\/1f84d6e94e6a62d2d81199d7503e9e90"},"headline":"Lula sanciona lei que cancela volta do seguro obrigat\u00f3rio DPVAT","datePublished":"2025-01-04T12:00:53+00:00","mainEntityOfPage":{"@id":"https:\/\/redenoticiaz.com.br\/ribeiraopreto-regiao\/sp\/2025\/01\/04\/lula-sanciona-lei-que-cancela-volta-do-seguro-obrigatorio-dpvat"},"wordCount":211,"commentCount":0,"publisher":{"@id":"https:\/\/redenoticiaz.com.br\/ribeiraopreto-regiao\/#organization"},"image":{"@id":"https:\/\/redenoticiaz.com.br\/ribeiraopreto-regiao\/sp\/2025\/01\/04\/lula-sanciona-lei-que-cancela-volta-do-seguro-obrigatorio-dpvat#primaryimage"},"thumbnailUrl":"https:\/\/redenoticiaz.com.br\/ribeiraopreto-regiao\/wp-content\/uploads\/sites\/4\/2024\/12\/dpvat.jpg?v=1609526712","keywords":["DPVAT","Lula","Seguro Odontol\u00f3gico"],"articleSection":["Garagem AZ"],"inLanguage":"pt-BR","potentialAction":[{"@type":"CommentAction","name":"Comment","target":["https:\/\/redenoticiaz.com.br\/ribeiraopreto-regiao\/sp\/2025\/01\/04\/lula-sanciona-lei-que-cancela-volta-do-seguro-obrigatorio-dpvat#respond"]}]},{"@type":"WebPage","@id":"https:\/\/redenoticiaz.com.br\/ribeiraopreto-regiao\/sp\/2025\/01\/04\/lula-sanciona-lei-que-cancela-volta-do-seguro-obrigatorio-dpvat","url":"https:\/\/redenoticiaz.com.br\/ribeiraopreto-regiao\/sp\/2025\/01\/04\/lula-sanciona-lei-que-cancela-volta-do-seguro-obrigatorio-dpvat","name":"Lula sanciona lei que cancela volta do seguro obrigat\u00f3rio DPVAT - Ribeir\u00e3o Preto e Regi\u00e3o","isPartOf":{"@id":"https:\/\/redenoticiaz.com.br\/ribeiraopreto-regiao\/#website"},"primaryImageOfPage":{"@id":"https:\/\/redenoticiaz.com.br\/ribeiraopreto-regiao\/sp\/2025\/01\/04\/lula-sanciona-lei-que-cancela-volta-do-seguro-obrigatorio-dpvat#primaryimage"},"image":{"@id":"https:\/\/redenoticiaz.com.br\/ribeiraopreto-regiao\/sp\/2025\/01\/04\/lula-sanciona-lei-que-cancela-volta-do-seguro-obrigatorio-dpvat#primaryimage"},"thumbnailUrl":"https:\/\/redenoticiaz.com.br\/ribeiraopreto-regiao\/wp-content\/uploads\/sites\/4\/2024\/12\/dpvat.jpg?v=1609526712","datePublished":"2025-01-04T12:00:53+00:00","description":"O presidente Luiz In\u00e1cio Lula da Silva (PT) sancionou a revoga\u00e7\u00e3o da cobran\u00e7a do seguro obrigat\u00f3rio para ve\u00edculos, o antigo DPVAT.","inLanguage":"pt-BR","potentialAction":[{"@type":"ReadAction","target":["https:\/\/redenoticiaz.com.br\/ribeiraopreto-regiao\/sp\/2025\/01\/04\/lula-sanciona-lei-que-cancela-volta-do-seguro-obrigatorio-dpvat"]}]},{"@type":"ImageObject","inLanguage":"pt-BR","@id":"https:\/\/redenoticiaz.com.br\/ribeiraopreto-regiao\/sp\/2025\/01\/04\/lula-sanciona-lei-que-cancela-volta-do-seguro-obrigatorio-dpvat#primaryimage","url":"https:\/\/redenoticiaz.com.br\/ribeiraopreto-regiao\/wp-content\/uploads\/sites\/4\/2024\/12\/dpvat.jpg?v=1609526712","contentUrl":"https:\/\/redenoticiaz.com.br\/ribeiraopreto-regiao\/wp-content\/uploads\/sites\/4\/2024\/12\/dpvat.jpg?v=1609526712","width":1170,"height":700,"caption":"Seguro DPVAT"},{"@type":"WebSite","@id":"https:\/\/redenoticiaz.com.br\/ribeiraopreto-regiao\/#website","url":"https:\/\/redenoticiaz.com.br\/ribeiraopreto-regiao\/","name":"Ribeir\u00e3o Preto e Regi\u00e3o","description":"Rede NoticiaZ - Ribeir\u00e3o Preto e regi\u00e3o","publisher":{"@id":"https:\/\/redenoticiaz.com.br\/ribeiraopreto-regiao\/#organization"},"potentialAction":[{"@type":"SearchAction","target":{"@type":"EntryPoint","urlTemplate":"https:\/\/redenoticiaz.com.br\/ribeiraopreto-regiao\/?s={search_term_string}"},"query-input":{"@type":"PropertyValueSpecification","valueRequired":true,"valueName":"search_term_string"}}],"inLanguage":"pt-BR"},{"@type":"Organization","@id":"https:\/\/redenoticiaz.com.br\/ribeiraopreto-regiao\/#organization","name":"Ribeir\u00e3o Preto e Regi\u00e3o","url":"https:\/\/redenoticiaz.com.br\/ribeiraopreto-regiao\/","logo":{"@type":"ImageObject","inLanguage":"pt-BR","@id":"https:\/\/redenoticiaz.com.br\/ribeiraopreto-regiao\/#\/schema\/logo\/image\/","url":"https:\/\/redenoticiaz.com.br\/barretos-regiao\/wp-content\/uploads\/sites\/4\/2022\/02\/logo.jpg","contentUrl":"https:\/\/redenoticiaz.com.br\/barretos-regiao\/wp-content\/uploads\/sites\/4\/2022\/02\/logo.jpg","width":400,"height":250,"caption":"Ribeir\u00e3o Preto e Regi\u00e3o"},"image":{"@id":"https:\/\/redenoticiaz.com.br\/ribeiraopreto-regiao\/#\/schema\/logo\/image\/"},"sameAs":["https:\/\/m.facebook.com\/redenoticiaz.barretos","https:\/\/x.com\/RN_barretos","https:\/\/www.instagram.com\/redenoticiaz.barretos\/?igshid=YmMyMTA2M2Y","https:\/\/www.linkedin.com\/company\/rede-noticiaz-barretos-e-regio\/"]},{"@type":"Person","@id":"https:\/\/redenoticiaz.com.br\/ribeiraopreto-regiao\/#\/schema\/person\/1f84d6e94e6a62d2d81199d7503e9e90","name":"Carina Reifonas","image":{"@type":"ImageObject","inLanguage":"pt-BR","@id":"https:\/\/secure.gravatar.com\/avatar\/04c59859b23696cf867715880f81d5c037e60109730bdb4e6670ec2a2245bc97?s=96&d=mm&r=g","url":"https:\/\/secure.gravatar.com\/avatar\/04c59859b23696cf867715880f81d5c037e60109730bdb4e6670ec2a2245bc97?s=96&d=mm&r=g","contentUrl":"https:\/\/secure.gravatar.com\/avatar\/04c59859b23696cf867715880f81d5c037e60109730bdb4e6670ec2a2245bc97?s=96&d=mm&r=g","caption":"Carina Reifonas"},"url":"https:\/\/redenoticiaz.com.br\/ribeiraopreto-regiao\/sp\/author\/carinareifonas"}]}},"_links":{"self":[{"href":"https:\/\/redenoticiaz.com.br\/ribeiraopreto-regiao\/wp-json\/wp\/v2\/posts\/119767","targetHints":{"allow":["GET"]}}],"collection":[{"href":"https:\/\/redenoticiaz.com.br\/ribeiraopreto-regiao\/wp-json\/wp\/v2\/posts"}],"about":[{"href":"https:\/\/redenoticiaz.com.br\/ribeiraopreto-regiao\/wp-json\/wp\/v2\/types\/post"}],"author":[{"embeddable":true,"href":"https:\/\/redenoticiaz.com.br\/ribeiraopreto-regiao\/wp-json\/wp\/v2\/users\/30"}],"replies":[{"embeddable":true,"href":"https:\/\/redenoticiaz.com.br\/ribeiraopreto-regiao\/wp-json\/wp\/v2\/comments?post=119767"}],"version-history":[{"count":1,"href":"https:\/\/redenoticiaz.com.br\/ribeiraopreto-regiao\/wp-json\/wp\/v2\/posts\/119767\/revisions"}],"predecessor-version":[{"id":119808,"href":"https:\/\/redenoticiaz.com.br\/ribeiraopreto-regiao\/wp-json\/wp\/v2\/posts\/119767\/revisions\/119808"}],"wp:featuredmedia":[{"embeddable":true,"href":"https:\/\/redenoticiaz.com.br\/ribeiraopreto-regiao\/wp-json\/wp\/v2\/media\/119768"}],"wp:attachment":[{"href":"https:\/\/redenoticiaz.com.br\/ribeiraopreto-regiao\/wp-json\/wp\/v2\/media?parent=119767"}],"wp:term":[{"taxonomy":"category","embeddable":true,"href":"https:\/\/redenoticiaz.com.br\/ribeiraopreto-regiao\/wp-json\/wp\/v2\/categories?post=119767"},{"taxonomy":"post_tag","embeddable":true,"href":"https:\/\/redenoticiaz.com.br\/ribeiraopreto-regiao\/wp-json\/wp\/v2\/tags?post=119767"}],"curies":[{"name":"wp","href":"https:\/\/api.w.org\/{rel}","templated":true}]}}