{"id":119824,"date":"2025-01-07T13:20:44","date_gmt":"2025-01-07T16:20:44","guid":{"rendered":"https:\/\/redenoticiaz.com.br\/barretos-regiao\/sp\/2025\/01\/07\/video-homem-e-flagrado-pilotando-veiculo-aquatico-adaptado"},"modified":"2025-01-07T13:24:36","modified_gmt":"2025-01-07T16:24:36","slug":"video-homem-e-flagrado-pilotando-veiculo-aquatico-adaptado","status":"publish","type":"post","link":"https:\/\/redenoticiaz.com.br\/ribeiraopreto-regiao\/sp\/2025\/01\/07\/video-homem-e-flagrado-pilotando-veiculo-aquatico-adaptado","title":{"rendered":"V\u00cdDEO \u2014 Homem \u00e9 flagrado pilotando ve\u00edculo aqu\u00e1tico adaptado"},"content":{"rendered":"<p>Um homem foi flagrado andando com uma moto aqu\u00e1tica adulterada na Ponte Rio-Niter\u00f3i (RJ), no \u00faltimo domingo (5). O ve\u00edculo um &#8220;motojet&#8221; &#8211; nome intitulado pelo pr\u00f3prio condutor de 32 anos &#8211; uma mistura de jet-ski com rodas.\u00a0 Ap\u00f3s ser flagrado, a Pol\u00edcia Rodovi\u00e1ria Federal (PRF) anunciou que aplicar\u00e1 multa ao motorista, que poder\u00e1 perder pontos na carteira de habilita\u00e7\u00e3o.<\/p>\n<div style=\"width: 848px;\" class=\"wp-video\"><video class=\"wp-video-shortcode\" id=\"video-119824-1\" width=\"848\" height=\"564\" preload=\"metadata\" controls=\"controls\"><source type=\"video\/mp4\" src=\"https:\/\/redenoticiaz.com.br\/barretos-regiao\/wp-content\/uploads\/sites\/4\/2025\/01\/Video-do-WhatsApp-de-2025-01-07-as-13.03.56_42fec83c.mp4?_=1\" \/><a href=\"https:\/\/redenoticiaz.com.br\/barretos-regiao\/wp-content\/uploads\/sites\/4\/2025\/01\/Video-do-WhatsApp-de-2025-01-07-as-13.03.56_42fec83c.mp4\">https:\/\/redenoticiaz.com.br\/barretos-regiao\/wp-content\/uploads\/sites\/4\/2025\/01\/Video-do-WhatsApp-de-2025-01-07-as-13.03.56_42fec83c.mp4<\/a><\/video><\/div>\n<p>&nbsp;<\/p>\n<p>A PRF informou que o ve\u00edculo se tratava, na realidade, de uma motocicleta Suzuki AN125, adulterada sem autoriza\u00e7\u00e3o, e que o condutor estava sem os equipamentos de seguran\u00e7a adequados, usando apenas um capacete n\u00e3o recomendado para motos e chinelos.<\/p>\n<p>Al\u00e9m da multa, o motorista pode perder pontos na carteira de habilita\u00e7\u00e3o. A PRF tamb\u00e9m identificou o carro que ajudou a transportar o &#8220;motojet&#8221; e est\u00e1 analisando as imagens para futuras autua\u00e7\u00f5es.<\/p>\n<p>LEIA MAIS<\/p>\n<p><a href=\"https:\/\/redenoticiaz.com.br\/blog\/2025\/01\/07\/video-suspeitos-de-roubo-capotam-carro-durante-perseguicao\">V\u00cdDEO \u2014 Suspeitos de roubo capotam carro durante persegui\u00e7\u00e3o<\/a><\/p>\n<p><a href=\"https:\/\/redenoticiaz.com.br\/blog\/2025\/01\/07\/prefeitura-de-sao-paulo-lanca-concurso-publico-com-salarios-de-ate-r16-mil\">Prefeitura de S\u00e3o Paulo lan\u00e7a concurso p\u00fablico com sal\u00e1rios de at\u00e9 R$16 mil<\/a><\/p>\n<p>&nbsp;<\/p>\n","protected":false},"excerpt":{"rendered":"<p>Um homem foi flagrado andando com uma moto aqu\u00e1tica adulterada na Ponte Rio-Niter\u00f3i (RJ), no \u00faltimo domingo (5). O ve\u00edculo um &#8220;motojet&#8221; &#8211; nome intitulado pelo pr\u00f3prio condutor de 32 anos &#8211; uma mistura de jet-ski com rodas.\u00a0 Ap\u00f3s ser flagrado, a Pol\u00edcia Rodovi\u00e1ria Federal (PRF) anunciou que aplicar\u00e1 multa ao motorista, que poder\u00e1 perder &hellip;<\/p>\n","protected":false},"author":30,"featured_media":119825,"comment_status":"open","ping_status":"closed","sticky":false,"template":"","format":"standard","meta":{"footnotes":""},"categories":[185,88],"tags":[13811,31025,31026,31027],"class_list":["post-119824","post","type-post","status-publish","format-standard","has-post-thumbnail","hentry","category-garagem-az","category-policia","tag-habilitacao","tag-jet-ski","tag-motojet","tag-rio-niteroi"],"yoast_head":"<!-- This site is optimized with the Yoast SEO plugin v27.4 - https:\/\/yoast.com\/product\/yoast-seo-wordpress\/ -->\n<title>V\u00cdDEO \u2014 Homem \u00e9 flagrado pilotando ve\u00edculo aqu\u00e1tico adaptado - Ribeir\u00e3o Preto e Regi\u00e3o<\/title>\n<meta name=\"description\" content=\"Um homem foi flagrado andando com uma moto aqu\u00e1tica adulterada na Ponte Rio-Niter\u00f3i, no Rio de Janeiro, no \u00faltimo fim de semana.\" \/>\n<meta name=\"robots\" content=\"index, follow, max-snippet:-1, max-image-preview:large, max-video-preview:-1\" \/>\n<link rel=\"canonical\" href=\"https:\/\/redenoticiaz.com.br\/ribeiraopreto-regiao\/sp\/2025\/01\/07\/video-homem-e-flagrado-pilotando-veiculo-aquatico-adaptado\" \/>\n<meta property=\"og:locale\" content=\"pt_BR\" \/>\n<meta property=\"og:type\" content=\"article\" \/>\n<meta property=\"og:title\" content=\"V\u00cdDEO \u2014 Homem \u00e9 flagrado pilotando ve\u00edculo aqu\u00e1tico adaptado - Ribeir\u00e3o Preto e Regi\u00e3o\" \/>\n<meta property=\"og:description\" content=\"Um homem foi flagrado andando com uma moto aqu\u00e1tica adulterada na Ponte Rio-Niter\u00f3i, no Rio de Janeiro, no \u00faltimo fim de semana.\" \/>\n<meta property=\"og:url\" content=\"https:\/\/redenoticiaz.com.br\/ribeiraopreto-regiao\/sp\/2025\/01\/07\/video-homem-e-flagrado-pilotando-veiculo-aquatico-adaptado\" \/>\n<meta property=\"og:site_name\" content=\"Ribeir\u00e3o Preto e Regi\u00e3o\" \/>\n<meta property=\"article:publisher\" content=\"https:\/\/m.facebook.com\/redenoticiaz.barretos\" \/>\n<meta property=\"article:published_time\" content=\"2025-01-07T16:20:44+00:00\" \/>\n<meta property=\"article:modified_time\" content=\"2025-01-07T16:24:36+00:00\" \/>\n<meta property=\"og:image\" content=\"https:\/\/redenoticiaz.com.br\/ribeiraopreto-regiao\/wp-content\/uploads\/sites\/4\/2025\/01\/Homem-e-flagrado-pilotando-veiculo-aquatico-adaptado.jpg?v=1736266664\" \/>\n\t<meta property=\"og:image:width\" content=\"1200\" \/>\n\t<meta property=\"og:image:height\" content=\"628\" \/>\n\t<meta property=\"og:image:type\" content=\"image\/jpeg\" \/>\n<meta name=\"author\" content=\"Carina Reifonas\" \/>\n<meta name=\"twitter:card\" content=\"summary_large_image\" \/>\n<meta name=\"twitter:creator\" content=\"@RN_barretos\" \/>\n<meta name=\"twitter:site\" content=\"@RN_barretos\" \/>\n<meta name=\"twitter:label1\" content=\"Escrito por\" \/>\n\t<meta name=\"twitter:data1\" content=\"Carina Reifonas\" \/>\n\t<meta name=\"twitter:label2\" content=\"Est. tempo de leitura\" \/>\n\t<meta name=\"twitter:data2\" content=\"2 minutos\" \/>\n<script type=\"application\/ld+json\" class=\"yoast-schema-graph\">{\"@context\":\"https:\\\/\\\/schema.org\",\"@graph\":[{\"@type\":\"Article\",\"@id\":\"https:\\\/\\\/redenoticiaz.com.br\\\/ribeiraopreto-regiao\\\/sp\\\/2025\\\/01\\\/07\\\/video-homem-e-flagrado-pilotando-veiculo-aquatico-adaptado#article\",\"isPartOf\":{\"@id\":\"https:\\\/\\\/redenoticiaz.com.br\\\/ribeiraopreto-regiao\\\/sp\\\/2025\\\/01\\\/07\\\/video-homem-e-flagrado-pilotando-veiculo-aquatico-adaptado\"},\"author\":{\"name\":\"Carina Reifonas\",\"@id\":\"https:\\\/\\\/redenoticiaz.com.br\\\/ribeiraopreto-regiao\\\/#\\\/schema\\\/person\\\/1f84d6e94e6a62d2d81199d7503e9e90\"},\"headline\":\"V\u00cdDEO \u2014 Homem \u00e9 flagrado pilotando ve\u00edculo aqu\u00e1tico adaptado\",\"datePublished\":\"2025-01-07T16:20:44+00:00\",\"dateModified\":\"2025-01-07T16:24:36+00:00\",\"mainEntityOfPage\":{\"@id\":\"https:\\\/\\\/redenoticiaz.com.br\\\/ribeiraopreto-regiao\\\/sp\\\/2025\\\/01\\\/07\\\/video-homem-e-flagrado-pilotando-veiculo-aquatico-adaptado\"},\"wordCount\":206,\"commentCount\":0,\"publisher\":{\"@id\":\"https:\\\/\\\/redenoticiaz.com.br\\\/ribeiraopreto-regiao\\\/#organization\"},\"image\":{\"@id\":\"https:\\\/\\\/redenoticiaz.com.br\\\/ribeiraopreto-regiao\\\/sp\\\/2025\\\/01\\\/07\\\/video-homem-e-flagrado-pilotando-veiculo-aquatico-adaptado#primaryimage\"},\"thumbnailUrl\":\"https:\\\/\\\/redenoticiaz.com.br\\\/ribeiraopreto-regiao\\\/wp-content\\\/uploads\\\/sites\\\/4\\\/2025\\\/01\\\/Homem-e-flagrado-pilotando-veiculo-aquatico-adaptado.jpg?v=1736266664\",\"keywords\":[\"HABILITA\u00c7\u00c3O\",\"JET SKI\",\"Motojet\",\"Rio-Niter\u00f3i\"],\"articleSection\":[\"Garagem AZ\",\"Pol\u00edcia\"],\"inLanguage\":\"pt-BR\",\"potentialAction\":[{\"@type\":\"CommentAction\",\"name\":\"Comment\",\"target\":[\"https:\\\/\\\/redenoticiaz.com.br\\\/ribeiraopreto-regiao\\\/sp\\\/2025\\\/01\\\/07\\\/video-homem-e-flagrado-pilotando-veiculo-aquatico-adaptado#respond\"]}]},{\"@type\":\"WebPage\",\"@id\":\"https:\\\/\\\/redenoticiaz.com.br\\\/ribeiraopreto-regiao\\\/sp\\\/2025\\\/01\\\/07\\\/video-homem-e-flagrado-pilotando-veiculo-aquatico-adaptado\",\"url\":\"https:\\\/\\\/redenoticiaz.com.br\\\/ribeiraopreto-regiao\\\/sp\\\/2025\\\/01\\\/07\\\/video-homem-e-flagrado-pilotando-veiculo-aquatico-adaptado\",\"name\":\"V\u00cdDEO \u2014 Homem \u00e9 flagrado pilotando ve\u00edculo aqu\u00e1tico adaptado - Ribeir\u00e3o Preto e Regi\u00e3o\",\"isPartOf\":{\"@id\":\"https:\\\/\\\/redenoticiaz.com.br\\\/ribeiraopreto-regiao\\\/#website\"},\"primaryImageOfPage\":{\"@id\":\"https:\\\/\\\/redenoticiaz.com.br\\\/ribeiraopreto-regiao\\\/sp\\\/2025\\\/01\\\/07\\\/video-homem-e-flagrado-pilotando-veiculo-aquatico-adaptado#primaryimage\"},\"image\":{\"@id\":\"https:\\\/\\\/redenoticiaz.com.br\\\/ribeiraopreto-regiao\\\/sp\\\/2025\\\/01\\\/07\\\/video-homem-e-flagrado-pilotando-veiculo-aquatico-adaptado#primaryimage\"},\"thumbnailUrl\":\"https:\\\/\\\/redenoticiaz.com.br\\\/ribeiraopreto-regiao\\\/wp-content\\\/uploads\\\/sites\\\/4\\\/2025\\\/01\\\/Homem-e-flagrado-pilotando-veiculo-aquatico-adaptado.jpg?v=1736266664\",\"datePublished\":\"2025-01-07T16:20:44+00:00\",\"dateModified\":\"2025-01-07T16:24:36+00:00\",\"description\":\"Um homem foi flagrado andando com uma moto aqu\u00e1tica adulterada na Ponte Rio-Niter\u00f3i, no Rio de Janeiro, no \u00faltimo fim de semana.\",\"inLanguage\":\"pt-BR\",\"potentialAction\":[{\"@type\":\"ReadAction\",\"target\":[\"https:\\\/\\\/redenoticiaz.com.br\\\/ribeiraopreto-regiao\\\/sp\\\/2025\\\/01\\\/07\\\/video-homem-e-flagrado-pilotando-veiculo-aquatico-adaptado\"]}]},{\"@type\":\"ImageObject\",\"inLanguage\":\"pt-BR\",\"@id\":\"https:\\\/\\\/redenoticiaz.com.br\\\/ribeiraopreto-regiao\\\/sp\\\/2025\\\/01\\\/07\\\/video-homem-e-flagrado-pilotando-veiculo-aquatico-adaptado#primaryimage\",\"url\":\"https:\\\/\\\/redenoticiaz.com.br\\\/ribeiraopreto-regiao\\\/wp-content\\\/uploads\\\/sites\\\/4\\\/2025\\\/01\\\/Homem-e-flagrado-pilotando-veiculo-aquatico-adaptado.jpg?v=1736266664\",\"contentUrl\":\"https:\\\/\\\/redenoticiaz.com.br\\\/ribeiraopreto-regiao\\\/wp-content\\\/uploads\\\/sites\\\/4\\\/2025\\\/01\\\/Homem-e-flagrado-pilotando-veiculo-aquatico-adaptado.jpg?v=1736266664\",\"width\":1200,\"height\":628,\"caption\":\"Homem \u00e9 flagrado pilotando ve\u00edculo aqu\u00e1tico adaptado \u2014 Foto: Reprodu\u00e7\u00e3o\"},{\"@type\":\"WebSite\",\"@id\":\"https:\\\/\\\/redenoticiaz.com.br\\\/ribeiraopreto-regiao\\\/#website\",\"url\":\"https:\\\/\\\/redenoticiaz.com.br\\\/ribeiraopreto-regiao\\\/\",\"name\":\"Ribeir\u00e3o Preto e Regi\u00e3o\",\"description\":\"Rede NoticiaZ - Ribeir\u00e3o Preto e regi\u00e3o\",\"publisher\":{\"@id\":\"https:\\\/\\\/redenoticiaz.com.br\\\/ribeiraopreto-regiao\\\/#organization\"},\"potentialAction\":[{\"@type\":\"SearchAction\",\"target\":{\"@type\":\"EntryPoint\",\"urlTemplate\":\"https:\\\/\\\/redenoticiaz.com.br\\\/ribeiraopreto-regiao\\\/?s={search_term_string}\"},\"query-input\":{\"@type\":\"PropertyValueSpecification\",\"valueRequired\":true,\"valueName\":\"search_term_string\"}}],\"inLanguage\":\"pt-BR\"},{\"@type\":\"Organization\",\"@id\":\"https:\\\/\\\/redenoticiaz.com.br\\\/ribeiraopreto-regiao\\\/#organization\",\"name\":\"Ribeir\u00e3o Preto e Regi\u00e3o\",\"url\":\"https:\\\/\\\/redenoticiaz.com.br\\\/ribeiraopreto-regiao\\\/\",\"logo\":{\"@type\":\"ImageObject\",\"inLanguage\":\"pt-BR\",\"@id\":\"https:\\\/\\\/redenoticiaz.com.br\\\/ribeiraopreto-regiao\\\/#\\\/schema\\\/logo\\\/image\\\/\",\"url\":\"https:\\\/\\\/redenoticiaz.com.br\\\/barretos-regiao\\\/wp-content\\\/uploads\\\/sites\\\/4\\\/2022\\\/02\\\/logo.jpg\",\"contentUrl\":\"https:\\\/\\\/redenoticiaz.com.br\\\/barretos-regiao\\\/wp-content\\\/uploads\\\/sites\\\/4\\\/2022\\\/02\\\/logo.jpg\",\"width\":400,\"height\":250,\"caption\":\"Ribeir\u00e3o Preto e Regi\u00e3o\"},\"image\":{\"@id\":\"https:\\\/\\\/redenoticiaz.com.br\\\/ribeiraopreto-regiao\\\/#\\\/schema\\\/logo\\\/image\\\/\"},\"sameAs\":[\"https:\\\/\\\/m.facebook.com\\\/redenoticiaz.barretos\",\"https:\\\/\\\/x.com\\\/RN_barretos\",\"https:\\\/\\\/www.instagram.com\\\/redenoticiaz.barretos\\\/?igshid=YmMyMTA2M2Y\",\"https:\\\/\\\/www.linkedin.com\\\/company\\\/rede-noticiaz-barretos-e-regio\\\/\"]},{\"@type\":\"Person\",\"@id\":\"https:\\\/\\\/redenoticiaz.com.br\\\/ribeiraopreto-regiao\\\/#\\\/schema\\\/person\\\/1f84d6e94e6a62d2d81199d7503e9e90\",\"name\":\"Carina Reifonas\",\"image\":{\"@type\":\"ImageObject\",\"inLanguage\":\"pt-BR\",\"@id\":\"https:\\\/\\\/secure.gravatar.com\\\/avatar\\\/04c59859b23696cf867715880f81d5c037e60109730bdb4e6670ec2a2245bc97?s=96&d=mm&r=g\",\"url\":\"https:\\\/\\\/secure.gravatar.com\\\/avatar\\\/04c59859b23696cf867715880f81d5c037e60109730bdb4e6670ec2a2245bc97?s=96&d=mm&r=g\",\"contentUrl\":\"https:\\\/\\\/secure.gravatar.com\\\/avatar\\\/04c59859b23696cf867715880f81d5c037e60109730bdb4e6670ec2a2245bc97?s=96&d=mm&r=g\",\"caption\":\"Carina Reifonas\"},\"url\":\"https:\\\/\\\/redenoticiaz.com.br\\\/ribeiraopreto-regiao\\\/sp\\\/author\\\/carinareifonas\"}]}<\/script>\n<!-- \/ Yoast SEO plugin. -->","yoast_head_json":{"title":"V\u00cdDEO \u2014 Homem \u00e9 flagrado pilotando ve\u00edculo aqu\u00e1tico adaptado - Ribeir\u00e3o Preto e Regi\u00e3o","description":"Um homem foi flagrado andando com uma moto aqu\u00e1tica adulterada na Ponte Rio-Niter\u00f3i, no Rio de Janeiro, no \u00faltimo fim de semana.","robots":{"index":"index","follow":"follow","max-snippet":"max-snippet:-1","max-image-preview":"max-image-preview:large","max-video-preview":"max-video-preview:-1"},"canonical":"https:\/\/redenoticiaz.com.br\/ribeiraopreto-regiao\/sp\/2025\/01\/07\/video-homem-e-flagrado-pilotando-veiculo-aquatico-adaptado","og_locale":"pt_BR","og_type":"article","og_title":"V\u00cdDEO \u2014 Homem \u00e9 flagrado pilotando ve\u00edculo aqu\u00e1tico adaptado - Ribeir\u00e3o Preto e Regi\u00e3o","og_description":"Um homem foi flagrado andando com uma moto aqu\u00e1tica adulterada na Ponte Rio-Niter\u00f3i, no Rio de Janeiro, no \u00faltimo fim de semana.","og_url":"https:\/\/redenoticiaz.com.br\/ribeiraopreto-regiao\/sp\/2025\/01\/07\/video-homem-e-flagrado-pilotando-veiculo-aquatico-adaptado","og_site_name":"Ribeir\u00e3o Preto e Regi\u00e3o","article_publisher":"https:\/\/m.facebook.com\/redenoticiaz.barretos","article_published_time":"2025-01-07T16:20:44+00:00","article_modified_time":"2025-01-07T16:24:36+00:00","og_image":[{"width":1200,"height":628,"url":"https:\/\/redenoticiaz.com.br\/ribeiraopreto-regiao\/wp-content\/uploads\/sites\/4\/2025\/01\/Homem-e-flagrado-pilotando-veiculo-aquatico-adaptado.jpg?v=1736266664","type":"image\/jpeg"}],"author":"Carina Reifonas","twitter_card":"summary_large_image","twitter_creator":"@RN_barretos","twitter_site":"@RN_barretos","twitter_misc":{"Escrito por":"Carina Reifonas","Est. tempo de leitura":"2 minutos"},"schema":{"@context":"https:\/\/schema.org","@graph":[{"@type":"Article","@id":"https:\/\/redenoticiaz.com.br\/ribeiraopreto-regiao\/sp\/2025\/01\/07\/video-homem-e-flagrado-pilotando-veiculo-aquatico-adaptado#article","isPartOf":{"@id":"https:\/\/redenoticiaz.com.br\/ribeiraopreto-regiao\/sp\/2025\/01\/07\/video-homem-e-flagrado-pilotando-veiculo-aquatico-adaptado"},"author":{"name":"Carina Reifonas","@id":"https:\/\/redenoticiaz.com.br\/ribeiraopreto-regiao\/#\/schema\/person\/1f84d6e94e6a62d2d81199d7503e9e90"},"headline":"V\u00cdDEO \u2014 Homem \u00e9 flagrado pilotando ve\u00edculo aqu\u00e1tico adaptado","datePublished":"2025-01-07T16:20:44+00:00","dateModified":"2025-01-07T16:24:36+00:00","mainEntityOfPage":{"@id":"https:\/\/redenoticiaz.com.br\/ribeiraopreto-regiao\/sp\/2025\/01\/07\/video-homem-e-flagrado-pilotando-veiculo-aquatico-adaptado"},"wordCount":206,"commentCount":0,"publisher":{"@id":"https:\/\/redenoticiaz.com.br\/ribeiraopreto-regiao\/#organization"},"image":{"@id":"https:\/\/redenoticiaz.com.br\/ribeiraopreto-regiao\/sp\/2025\/01\/07\/video-homem-e-flagrado-pilotando-veiculo-aquatico-adaptado#primaryimage"},"thumbnailUrl":"https:\/\/redenoticiaz.com.br\/ribeiraopreto-regiao\/wp-content\/uploads\/sites\/4\/2025\/01\/Homem-e-flagrado-pilotando-veiculo-aquatico-adaptado.jpg?v=1736266664","keywords":["HABILITA\u00c7\u00c3O","JET SKI","Motojet","Rio-Niter\u00f3i"],"articleSection":["Garagem AZ","Pol\u00edcia"],"inLanguage":"pt-BR","potentialAction":[{"@type":"CommentAction","name":"Comment","target":["https:\/\/redenoticiaz.com.br\/ribeiraopreto-regiao\/sp\/2025\/01\/07\/video-homem-e-flagrado-pilotando-veiculo-aquatico-adaptado#respond"]}]},{"@type":"WebPage","@id":"https:\/\/redenoticiaz.com.br\/ribeiraopreto-regiao\/sp\/2025\/01\/07\/video-homem-e-flagrado-pilotando-veiculo-aquatico-adaptado","url":"https:\/\/redenoticiaz.com.br\/ribeiraopreto-regiao\/sp\/2025\/01\/07\/video-homem-e-flagrado-pilotando-veiculo-aquatico-adaptado","name":"V\u00cdDEO \u2014 Homem \u00e9 flagrado pilotando ve\u00edculo aqu\u00e1tico adaptado - Ribeir\u00e3o Preto e Regi\u00e3o","isPartOf":{"@id":"https:\/\/redenoticiaz.com.br\/ribeiraopreto-regiao\/#website"},"primaryImageOfPage":{"@id":"https:\/\/redenoticiaz.com.br\/ribeiraopreto-regiao\/sp\/2025\/01\/07\/video-homem-e-flagrado-pilotando-veiculo-aquatico-adaptado#primaryimage"},"image":{"@id":"https:\/\/redenoticiaz.com.br\/ribeiraopreto-regiao\/sp\/2025\/01\/07\/video-homem-e-flagrado-pilotando-veiculo-aquatico-adaptado#primaryimage"},"thumbnailUrl":"https:\/\/redenoticiaz.com.br\/ribeiraopreto-regiao\/wp-content\/uploads\/sites\/4\/2025\/01\/Homem-e-flagrado-pilotando-veiculo-aquatico-adaptado.jpg?v=1736266664","datePublished":"2025-01-07T16:20:44+00:00","dateModified":"2025-01-07T16:24:36+00:00","description":"Um homem foi flagrado andando com uma moto aqu\u00e1tica adulterada na Ponte Rio-Niter\u00f3i, no Rio de Janeiro, no \u00faltimo fim de semana.","inLanguage":"pt-BR","potentialAction":[{"@type":"ReadAction","target":["https:\/\/redenoticiaz.com.br\/ribeiraopreto-regiao\/sp\/2025\/01\/07\/video-homem-e-flagrado-pilotando-veiculo-aquatico-adaptado"]}]},{"@type":"ImageObject","inLanguage":"pt-BR","@id":"https:\/\/redenoticiaz.com.br\/ribeiraopreto-regiao\/sp\/2025\/01\/07\/video-homem-e-flagrado-pilotando-veiculo-aquatico-adaptado#primaryimage","url":"https:\/\/redenoticiaz.com.br\/ribeiraopreto-regiao\/wp-content\/uploads\/sites\/4\/2025\/01\/Homem-e-flagrado-pilotando-veiculo-aquatico-adaptado.jpg?v=1736266664","contentUrl":"https:\/\/redenoticiaz.com.br\/ribeiraopreto-regiao\/wp-content\/uploads\/sites\/4\/2025\/01\/Homem-e-flagrado-pilotando-veiculo-aquatico-adaptado.jpg?v=1736266664","width":1200,"height":628,"caption":"Homem \u00e9 flagrado pilotando ve\u00edculo aqu\u00e1tico adaptado \u2014 Foto: Reprodu\u00e7\u00e3o"},{"@type":"WebSite","@id":"https:\/\/redenoticiaz.com.br\/ribeiraopreto-regiao\/#website","url":"https:\/\/redenoticiaz.com.br\/ribeiraopreto-regiao\/","name":"Ribeir\u00e3o Preto e Regi\u00e3o","description":"Rede NoticiaZ - Ribeir\u00e3o Preto e regi\u00e3o","publisher":{"@id":"https:\/\/redenoticiaz.com.br\/ribeiraopreto-regiao\/#organization"},"potentialAction":[{"@type":"SearchAction","target":{"@type":"EntryPoint","urlTemplate":"https:\/\/redenoticiaz.com.br\/ribeiraopreto-regiao\/?s={search_term_string}"},"query-input":{"@type":"PropertyValueSpecification","valueRequired":true,"valueName":"search_term_string"}}],"inLanguage":"pt-BR"},{"@type":"Organization","@id":"https:\/\/redenoticiaz.com.br\/ribeiraopreto-regiao\/#organization","name":"Ribeir\u00e3o Preto e Regi\u00e3o","url":"https:\/\/redenoticiaz.com.br\/ribeiraopreto-regiao\/","logo":{"@type":"ImageObject","inLanguage":"pt-BR","@id":"https:\/\/redenoticiaz.com.br\/ribeiraopreto-regiao\/#\/schema\/logo\/image\/","url":"https:\/\/redenoticiaz.com.br\/barretos-regiao\/wp-content\/uploads\/sites\/4\/2022\/02\/logo.jpg","contentUrl":"https:\/\/redenoticiaz.com.br\/barretos-regiao\/wp-content\/uploads\/sites\/4\/2022\/02\/logo.jpg","width":400,"height":250,"caption":"Ribeir\u00e3o Preto e Regi\u00e3o"},"image":{"@id":"https:\/\/redenoticiaz.com.br\/ribeiraopreto-regiao\/#\/schema\/logo\/image\/"},"sameAs":["https:\/\/m.facebook.com\/redenoticiaz.barretos","https:\/\/x.com\/RN_barretos","https:\/\/www.instagram.com\/redenoticiaz.barretos\/?igshid=YmMyMTA2M2Y","https:\/\/www.linkedin.com\/company\/rede-noticiaz-barretos-e-regio\/"]},{"@type":"Person","@id":"https:\/\/redenoticiaz.com.br\/ribeiraopreto-regiao\/#\/schema\/person\/1f84d6e94e6a62d2d81199d7503e9e90","name":"Carina Reifonas","image":{"@type":"ImageObject","inLanguage":"pt-BR","@id":"https:\/\/secure.gravatar.com\/avatar\/04c59859b23696cf867715880f81d5c037e60109730bdb4e6670ec2a2245bc97?s=96&d=mm&r=g","url":"https:\/\/secure.gravatar.com\/avatar\/04c59859b23696cf867715880f81d5c037e60109730bdb4e6670ec2a2245bc97?s=96&d=mm&r=g","contentUrl":"https:\/\/secure.gravatar.com\/avatar\/04c59859b23696cf867715880f81d5c037e60109730bdb4e6670ec2a2245bc97?s=96&d=mm&r=g","caption":"Carina Reifonas"},"url":"https:\/\/redenoticiaz.com.br\/ribeiraopreto-regiao\/sp\/author\/carinareifonas"}]}},"_links":{"self":[{"href":"https:\/\/redenoticiaz.com.br\/ribeiraopreto-regiao\/wp-json\/wp\/v2\/posts\/119824","targetHints":{"allow":["GET"]}}],"collection":[{"href":"https:\/\/redenoticiaz.com.br\/ribeiraopreto-regiao\/wp-json\/wp\/v2\/posts"}],"about":[{"href":"https:\/\/redenoticiaz.com.br\/ribeiraopreto-regiao\/wp-json\/wp\/v2\/types\/post"}],"author":[{"embeddable":true,"href":"https:\/\/redenoticiaz.com.br\/ribeiraopreto-regiao\/wp-json\/wp\/v2\/users\/30"}],"replies":[{"embeddable":true,"href":"https:\/\/redenoticiaz.com.br\/ribeiraopreto-regiao\/wp-json\/wp\/v2\/comments?post=119824"}],"version-history":[{"count":1,"href":"https:\/\/redenoticiaz.com.br\/ribeiraopreto-regiao\/wp-json\/wp\/v2\/posts\/119824\/revisions"}],"predecessor-version":[{"id":119827,"href":"https:\/\/redenoticiaz.com.br\/ribeiraopreto-regiao\/wp-json\/wp\/v2\/posts\/119824\/revisions\/119827"}],"wp:featuredmedia":[{"embeddable":true,"href":"https:\/\/redenoticiaz.com.br\/ribeiraopreto-regiao\/wp-json\/wp\/v2\/media\/119825"}],"wp:attachment":[{"href":"https:\/\/redenoticiaz.com.br\/ribeiraopreto-regiao\/wp-json\/wp\/v2\/media?parent=119824"}],"wp:term":[{"taxonomy":"category","embeddable":true,"href":"https:\/\/redenoticiaz.com.br\/ribeiraopreto-regiao\/wp-json\/wp\/v2\/categories?post=119824"},{"taxonomy":"post_tag","embeddable":true,"href":"https:\/\/redenoticiaz.com.br\/ribeiraopreto-regiao\/wp-json\/wp\/v2\/tags?post=119824"}],"curies":[{"name":"wp","href":"https:\/\/api.w.org\/{rel}","templated":true}]}}