{"id":119837,"date":"2025-01-08T11:02:53","date_gmt":"2025-01-08T14:02:53","guid":{"rendered":"https:\/\/redenoticiaz.com.br\/barretos-regiao\/sp\/2025\/01\/08\/ano-novo-emprego-novo-confira-vagas-abertas-de-btg-pactual-ambev-e-itau"},"modified":"2025-01-08T11:02:53","modified_gmt":"2025-01-08T14:02:53","slug":"ano-novo-emprego-novo-confira-vagas-abertas-de-btg-pactual-ambev-e-itau","status":"publish","type":"post","link":"https:\/\/redenoticiaz.com.br\/ribeiraopreto-regiao\/sp\/2025\/01\/08\/ano-novo-emprego-novo-confira-vagas-abertas-de-btg-pactual-ambev-e-itau","title":{"rendered":"Ano novo, emprego novo: confira vagas abertas de BTG Pactual, Ambev e Ita\u00fa"},"content":{"rendered":"<p>Segundo a Pesquisa Nacional por Amostra de Domic\u00edlios (PNAD), do Instituto Brasileiro de Geografia e Estat\u00edstica (IBGE), a taxa de desemprego no Pa\u00eds caiu para 6,9% no segundo trimestre de 2024. Desde abril \u2014 quando entrou na casa dos 7% \u2014, mant\u00e9m-se no menor patamar dos \u00faltimos dez anos. Por\u00e9m, a busca por novas coloca\u00e7\u00f5es segue, seja para mudar de emprego, seja para conseguir uma coloca\u00e7\u00e3o definitiva em 2025.<\/p>\n<p>Confira abaixo algumas vagas abertas para este ano, passando por \u00e1reas como finan\u00e7as, marketing, tecnologia e at\u00e9 mesmo \u00e1rea cl\u00ednica.<\/p>\n<p>&nbsp;<\/p>\n<p><strong>BTG PACTUAL<\/strong><\/p>\n<p>O banco BTG Pactual est\u00e1 com mais de 130 vagas dispon\u00edveis, em \u00e1reas como compliance, investimentos, digital, recursos humanos, tech, marketing, jur\u00eddico e opera\u00e7\u00f5es, entre outras. H\u00e1 vagas para diversos estados.<\/p>\n<p>Para informa\u00e7\u00f5es detalhadas sobre as oportunidades abertas no BTG Pactual, acesse o Portal de Carreiras da companhia\u00a0<a href=\"https:\/\/carreiras.btgpactual.com\/vagas\" target=\"_blank\" rel=\"noopener noreferrer\">neste link<\/a>.<\/p>\n<p><strong>AMBEV\u00a0<\/strong><\/p>\n<p>A Ambev, fabricante de bebidas l\u00edder na Am\u00e9rica Latina, est\u00e1 disponibilizando em seu portal de carreiras mais de 290 vagas. As coloca\u00e7\u00f5es s\u00e3o para diversos estados, incluindo capitais e interior, em dezenas de \u00e1reas diferentes. Confira detalhes sobre cada vaga\u00a0<a href=\"https:\/\/ambev.gupy.io\/\" target=\"_blank\" rel=\"noopener noreferrer\">neste link<\/a>.<\/p>\n<p><strong>ITA\u00da<\/strong><\/p>\n<p>O Banco Ita\u00fa tem mais de 130 posi\u00e7\u00f5es abertas em \u00e1reas como comunica\u00e7\u00e3o, comercial, dados, design e CX, jur\u00eddico e opera\u00e7\u00f5es, entre outras. As vagas est\u00e3o distribu\u00eddas por diversos estados do pa\u00eds, com a maioria das oportunidades concentradas em S\u00e3o Paulo.\u00a0Para mais informa\u00e7\u00f5es sobre as vagas dispon\u00edveis no Ita\u00fa, acesse\u00a0<a href=\"https:\/\/carreiras.itau.com.br\/busca-de-vagas\" target=\"_blank\" rel=\"noopener noreferrer\">este link<\/a>\u00a0para o Portal de Carreiras do banco.<\/p>\n<p><strong>GENIAL CARE<\/strong><\/p>\n<p>A Genial Care, rede de cuidado de sa\u00fade at\u00edpica refer\u00eancia na Am\u00e9rica Latina,\u00a0 que oferece suporte especializado \u00e0s crian\u00e7as com Transtorno do Espectro Autista (TEA) e suas fam\u00edlias, est\u00e1 com mais de 200 posi\u00e7\u00f5es abertas para psic\u00f3logos, terapeutas ocupacionais (T.O.), fonoaudi\u00f3logos (FONO) e tamb\u00e9m para \u00e1reas como tecnologia, atendimento e financeiro. Ainda para este ano, a healthtech tem mais de 20 coloca\u00e7\u00f5es em abertas FONO e T.O.<\/p>\n<p>Para mais informa\u00e7\u00f5es sobre as oportunidades na \u00e1rea cl\u00ednica da Genial Care, os profissionais devem acessar\u00a0<a href=\"https:\/\/genialcare.com.br\/terapeutas\/?utm_source=Imprensa&amp;utm_medium=organic&amp;utm_campaign=aqs_terapeutas_clinicos_site__Imprensa_release-vagas-2025\" target=\"_blank\" rel=\"noopener noreferrer\">este link<\/a>. Para as demais coloca\u00e7\u00f5es, os profissionais interessados podem acessar\u00a0<a href=\"https:\/\/genialcare.notion.site\/Time-Genial-908d9384d3674825affec8f55709ab23?utm_source=Imprensa&amp;utm_medium=organic&amp;utm_campaign=aqs_corporativo_geral_site__Imprensa_release-vagas-2025\" target=\"_blank\" rel=\"noopener noreferrer\">este link<\/a>.<\/p>\n<p><strong>KEYRUS<\/strong><\/p>\n<p>A Keyrus, consultoria internacional especialista em Intelig\u00eancia de Dados e Transforma\u00e7\u00e3o Digital, tem mais de 260 posi\u00e7\u00f5es abertas, tanto no Brasil quanto em outros pa\u00edses da Am\u00e9rica Latina e Europa. As vagas s\u00e3o para diversos n\u00edveis e existem tanto oportunidades h\u00edbridas quanto presenciais. Saiba mais detalhes sobre as vagas no LinkedIn da companhia, acessando\u00a0<a href=\"https:\/\/www.linkedin.com\/jobs\/search\/?currentJobId=3581155466&amp;f_C=12328%2C10310269%2C2220282%2C103495%2C3025924%2C3739951&amp;geoId=92000000&amp;origin=COMPANY_PAGE_JOBS_CLUSTER_EXPANSION&amp;originToLandingJobPostings=3581155466%2C3796148573%2C3577818127%2C4063327795%2C3763018770%2C4059675172%2C4091250623%2C4070075976%2C4026294468\" target=\"_blank\" rel=\"noopener noreferrer\">este link<\/a>.<\/p>\n<p><strong>MINDMINERS<\/strong><\/p>\n<p>A MindMiners, empresa de tecnologia que atua em solu\u00e7\u00f5es disruptivas para o mercado de consumer insights, tem oportunidades em \u00e1reas como desenvolvimento de produto, pesquisa de mercado, vendas e customer success. Para visualizar todos os detalhes de cada uma das coloca\u00e7\u00f5es dispon\u00edveis na MindMiners, basta acessar o Portal de Carreiras da companhia\u00a0<a href=\"https:\/\/mindminers.gupy.io\/\" target=\"_blank\" rel=\"noopener noreferrer\">neste link<\/a>.<\/p>\n<p>LEIA MAIS<\/p>\n<p><a href=\"https:\/\/redenoticiaz.com.br\/blog\/2025\/01\/07\/janeiro-branco-os-cuidados-com-a-saude-mental\">Janeiro Branco: Os cuidados com a sa\u00fade mental<\/a><\/p>\n<p><a href=\"https:\/\/redenoticiaz.com.br\/blog\/2025\/01\/07\/video-cachorro-que-foi-espancado-e-adotado-por-guarda-municipal\">V\u00cdDEO \u2013 Cachorro que foi espancado \u00e9 adotado por guarda municipal<\/a><\/p>\n<p>&nbsp;<\/p>\n","protected":false},"excerpt":{"rendered":"<p>Segundo a Pesquisa Nacional por Amostra de Domic\u00edlios (PNAD), do Instituto Brasileiro de Geografia e Estat\u00edstica (IBGE), a taxa de desemprego no Pa\u00eds caiu para 6,9% no segundo trimestre de 2024. Desde abril \u2014 quando entrou na casa dos 7% \u2014, mant\u00e9m-se no menor patamar dos \u00faltimos dez anos. Por\u00e9m, a busca por novas coloca\u00e7\u00f5es &hellip;<\/p>\n","protected":false},"author":30,"featured_media":116485,"comment_status":"open","ping_status":"closed","sticky":false,"template":"","format":"standard","meta":{"footnotes":""},"categories":[29902],"tags":[19793,31030,172,1564],"class_list":["post-119837","post","type-post","status-publish","format-standard","has-post-thumbnail","hentry","category-emprego","tag-ambev","tag-btg","tag-emprego","tag-itau"],"yoast_head":"<!-- This site is optimized with the Yoast SEO plugin v27.4 - https:\/\/yoast.com\/product\/yoast-seo-wordpress\/ -->\n<title>Ano novo, emprego novo: confira vagas abertas de BTG Pactual, Ambev e Ita\u00fa - Ribeir\u00e3o Preto e Regi\u00e3o<\/title>\n<meta name=\"description\" content=\"A busca por novas coloca\u00e7\u00f5es segue, seja para mudar de emprego, seja para conseguir uma coloca\u00e7\u00e3o definitiva em 2025.\" \/>\n<meta name=\"robots\" content=\"index, follow, max-snippet:-1, max-image-preview:large, max-video-preview:-1\" \/>\n<link rel=\"canonical\" href=\"https:\/\/redenoticiaz.com.br\/ribeiraopreto-regiao\/sp\/2025\/01\/08\/ano-novo-emprego-novo-confira-vagas-abertas-de-btg-pactual-ambev-e-itau\" \/>\n<meta property=\"og:locale\" content=\"pt_BR\" \/>\n<meta property=\"og:type\" content=\"article\" \/>\n<meta property=\"og:title\" content=\"Ano novo, emprego novo: confira vagas abertas de BTG Pactual, Ambev e Ita\u00fa - Ribeir\u00e3o Preto e Regi\u00e3o\" \/>\n<meta property=\"og:description\" content=\"A busca por novas coloca\u00e7\u00f5es segue, seja para mudar de emprego, seja para conseguir uma coloca\u00e7\u00e3o definitiva em 2025.\" \/>\n<meta property=\"og:url\" content=\"https:\/\/redenoticiaz.com.br\/ribeiraopreto-regiao\/sp\/2025\/01\/08\/ano-novo-emprego-novo-confira-vagas-abertas-de-btg-pactual-ambev-e-itau\" \/>\n<meta property=\"og:site_name\" content=\"Ribeir\u00e3o Preto e Regi\u00e3o\" \/>\n<meta property=\"article:publisher\" content=\"https:\/\/m.facebook.com\/redenoticiaz.barretos\" \/>\n<meta property=\"article:published_time\" content=\"2025-01-08T14:02:53+00:00\" \/>\n<meta property=\"og:image\" content=\"https:\/\/redenoticiaz.com.br\/ribeiraopreto-regiao\/wp-content\/uploads\/sites\/4\/2024\/03\/carteira-de-trabalho-divulgacao-seteq.jpg?v=1709054213\" \/>\n\t<meta property=\"og:image:width\" content=\"984\" \/>\n\t<meta property=\"og:image:height\" content=\"657\" \/>\n\t<meta property=\"og:image:type\" content=\"image\/jpeg\" \/>\n<meta name=\"author\" content=\"Carina Reifonas\" \/>\n<meta name=\"twitter:card\" content=\"summary_large_image\" \/>\n<meta name=\"twitter:creator\" content=\"@RN_barretos\" \/>\n<meta name=\"twitter:site\" content=\"@RN_barretos\" \/>\n<meta name=\"twitter:label1\" content=\"Escrito por\" \/>\n\t<meta name=\"twitter:data1\" content=\"Carina Reifonas\" \/>\n\t<meta name=\"twitter:label2\" content=\"Est. tempo de leitura\" \/>\n\t<meta name=\"twitter:data2\" content=\"3 minutos\" \/>\n<script type=\"application\/ld+json\" class=\"yoast-schema-graph\">{\"@context\":\"https:\\\/\\\/schema.org\",\"@graph\":[{\"@type\":\"Article\",\"@id\":\"https:\\\/\\\/redenoticiaz.com.br\\\/ribeiraopreto-regiao\\\/sp\\\/2025\\\/01\\\/08\\\/ano-novo-emprego-novo-confira-vagas-abertas-de-btg-pactual-ambev-e-itau#article\",\"isPartOf\":{\"@id\":\"https:\\\/\\\/redenoticiaz.com.br\\\/ribeiraopreto-regiao\\\/sp\\\/2025\\\/01\\\/08\\\/ano-novo-emprego-novo-confira-vagas-abertas-de-btg-pactual-ambev-e-itau\"},\"author\":{\"name\":\"Carina Reifonas\",\"@id\":\"https:\\\/\\\/redenoticiaz.com.br\\\/ribeiraopreto-regiao\\\/#\\\/schema\\\/person\\\/1f84d6e94e6a62d2d81199d7503e9e90\"},\"headline\":\"Ano novo, emprego novo: confira vagas abertas de BTG Pactual, Ambev e Ita\u00fa\",\"datePublished\":\"2025-01-08T14:02:53+00:00\",\"mainEntityOfPage\":{\"@id\":\"https:\\\/\\\/redenoticiaz.com.br\\\/ribeiraopreto-regiao\\\/sp\\\/2025\\\/01\\\/08\\\/ano-novo-emprego-novo-confira-vagas-abertas-de-btg-pactual-ambev-e-itau\"},\"wordCount\":533,\"commentCount\":0,\"publisher\":{\"@id\":\"https:\\\/\\\/redenoticiaz.com.br\\\/ribeiraopreto-regiao\\\/#organization\"},\"image\":{\"@id\":\"https:\\\/\\\/redenoticiaz.com.br\\\/ribeiraopreto-regiao\\\/sp\\\/2025\\\/01\\\/08\\\/ano-novo-emprego-novo-confira-vagas-abertas-de-btg-pactual-ambev-e-itau#primaryimage\"},\"thumbnailUrl\":\"https:\\\/\\\/redenoticiaz.com.br\\\/ribeiraopreto-regiao\\\/wp-content\\\/uploads\\\/sites\\\/4\\\/2024\\\/03\\\/carteira-de-trabalho-divulgacao-seteq.jpg?v=1709054213\",\"keywords\":[\"AMBEV\",\"BTG\",\"EMPREGO\",\"ITA\u00da\"],\"articleSection\":[\"Emprego\"],\"inLanguage\":\"pt-BR\",\"potentialAction\":[{\"@type\":\"CommentAction\",\"name\":\"Comment\",\"target\":[\"https:\\\/\\\/redenoticiaz.com.br\\\/ribeiraopreto-regiao\\\/sp\\\/2025\\\/01\\\/08\\\/ano-novo-emprego-novo-confira-vagas-abertas-de-btg-pactual-ambev-e-itau#respond\"]}]},{\"@type\":\"WebPage\",\"@id\":\"https:\\\/\\\/redenoticiaz.com.br\\\/ribeiraopreto-regiao\\\/sp\\\/2025\\\/01\\\/08\\\/ano-novo-emprego-novo-confira-vagas-abertas-de-btg-pactual-ambev-e-itau\",\"url\":\"https:\\\/\\\/redenoticiaz.com.br\\\/ribeiraopreto-regiao\\\/sp\\\/2025\\\/01\\\/08\\\/ano-novo-emprego-novo-confira-vagas-abertas-de-btg-pactual-ambev-e-itau\",\"name\":\"Ano novo, emprego novo: confira vagas abertas de BTG Pactual, Ambev e Ita\u00fa - Ribeir\u00e3o Preto e Regi\u00e3o\",\"isPartOf\":{\"@id\":\"https:\\\/\\\/redenoticiaz.com.br\\\/ribeiraopreto-regiao\\\/#website\"},\"primaryImageOfPage\":{\"@id\":\"https:\\\/\\\/redenoticiaz.com.br\\\/ribeiraopreto-regiao\\\/sp\\\/2025\\\/01\\\/08\\\/ano-novo-emprego-novo-confira-vagas-abertas-de-btg-pactual-ambev-e-itau#primaryimage\"},\"image\":{\"@id\":\"https:\\\/\\\/redenoticiaz.com.br\\\/ribeiraopreto-regiao\\\/sp\\\/2025\\\/01\\\/08\\\/ano-novo-emprego-novo-confira-vagas-abertas-de-btg-pactual-ambev-e-itau#primaryimage\"},\"thumbnailUrl\":\"https:\\\/\\\/redenoticiaz.com.br\\\/ribeiraopreto-regiao\\\/wp-content\\\/uploads\\\/sites\\\/4\\\/2024\\\/03\\\/carteira-de-trabalho-divulgacao-seteq.jpg?v=1709054213\",\"datePublished\":\"2025-01-08T14:02:53+00:00\",\"description\":\"A busca por novas coloca\u00e7\u00f5es segue, seja para mudar de emprego, seja para conseguir uma coloca\u00e7\u00e3o definitiva em 2025.\",\"inLanguage\":\"pt-BR\",\"potentialAction\":[{\"@type\":\"ReadAction\",\"target\":[\"https:\\\/\\\/redenoticiaz.com.br\\\/ribeiraopreto-regiao\\\/sp\\\/2025\\\/01\\\/08\\\/ano-novo-emprego-novo-confira-vagas-abertas-de-btg-pactual-ambev-e-itau\"]}]},{\"@type\":\"ImageObject\",\"inLanguage\":\"pt-BR\",\"@id\":\"https:\\\/\\\/redenoticiaz.com.br\\\/ribeiraopreto-regiao\\\/sp\\\/2025\\\/01\\\/08\\\/ano-novo-emprego-novo-confira-vagas-abertas-de-btg-pactual-ambev-e-itau#primaryimage\",\"url\":\"https:\\\/\\\/redenoticiaz.com.br\\\/ribeiraopreto-regiao\\\/wp-content\\\/uploads\\\/sites\\\/4\\\/2024\\\/03\\\/carteira-de-trabalho-divulgacao-seteq.jpg?v=1709054213\",\"contentUrl\":\"https:\\\/\\\/redenoticiaz.com.br\\\/ribeiraopreto-regiao\\\/wp-content\\\/uploads\\\/sites\\\/4\\\/2024\\\/03\\\/carteira-de-trabalho-divulgacao-seteq.jpg?v=1709054213\",\"width\":984,\"height\":657},{\"@type\":\"WebSite\",\"@id\":\"https:\\\/\\\/redenoticiaz.com.br\\\/ribeiraopreto-regiao\\\/#website\",\"url\":\"https:\\\/\\\/redenoticiaz.com.br\\\/ribeiraopreto-regiao\\\/\",\"name\":\"Ribeir\u00e3o Preto e Regi\u00e3o\",\"description\":\"Rede NoticiaZ - Ribeir\u00e3o Preto e regi\u00e3o\",\"publisher\":{\"@id\":\"https:\\\/\\\/redenoticiaz.com.br\\\/ribeiraopreto-regiao\\\/#organization\"},\"potentialAction\":[{\"@type\":\"SearchAction\",\"target\":{\"@type\":\"EntryPoint\",\"urlTemplate\":\"https:\\\/\\\/redenoticiaz.com.br\\\/ribeiraopreto-regiao\\\/?s={search_term_string}\"},\"query-input\":{\"@type\":\"PropertyValueSpecification\",\"valueRequired\":true,\"valueName\":\"search_term_string\"}}],\"inLanguage\":\"pt-BR\"},{\"@type\":\"Organization\",\"@id\":\"https:\\\/\\\/redenoticiaz.com.br\\\/ribeiraopreto-regiao\\\/#organization\",\"name\":\"Ribeir\u00e3o Preto e Regi\u00e3o\",\"url\":\"https:\\\/\\\/redenoticiaz.com.br\\\/ribeiraopreto-regiao\\\/\",\"logo\":{\"@type\":\"ImageObject\",\"inLanguage\":\"pt-BR\",\"@id\":\"https:\\\/\\\/redenoticiaz.com.br\\\/ribeiraopreto-regiao\\\/#\\\/schema\\\/logo\\\/image\\\/\",\"url\":\"https:\\\/\\\/redenoticiaz.com.br\\\/barretos-regiao\\\/wp-content\\\/uploads\\\/sites\\\/4\\\/2022\\\/02\\\/logo.jpg\",\"contentUrl\":\"https:\\\/\\\/redenoticiaz.com.br\\\/barretos-regiao\\\/wp-content\\\/uploads\\\/sites\\\/4\\\/2022\\\/02\\\/logo.jpg\",\"width\":400,\"height\":250,\"caption\":\"Ribeir\u00e3o Preto e Regi\u00e3o\"},\"image\":{\"@id\":\"https:\\\/\\\/redenoticiaz.com.br\\\/ribeiraopreto-regiao\\\/#\\\/schema\\\/logo\\\/image\\\/\"},\"sameAs\":[\"https:\\\/\\\/m.facebook.com\\\/redenoticiaz.barretos\",\"https:\\\/\\\/x.com\\\/RN_barretos\",\"https:\\\/\\\/www.instagram.com\\\/redenoticiaz.barretos\\\/?igshid=YmMyMTA2M2Y\",\"https:\\\/\\\/www.linkedin.com\\\/company\\\/rede-noticiaz-barretos-e-regio\\\/\"]},{\"@type\":\"Person\",\"@id\":\"https:\\\/\\\/redenoticiaz.com.br\\\/ribeiraopreto-regiao\\\/#\\\/schema\\\/person\\\/1f84d6e94e6a62d2d81199d7503e9e90\",\"name\":\"Carina Reifonas\",\"image\":{\"@type\":\"ImageObject\",\"inLanguage\":\"pt-BR\",\"@id\":\"https:\\\/\\\/secure.gravatar.com\\\/avatar\\\/04c59859b23696cf867715880f81d5c037e60109730bdb4e6670ec2a2245bc97?s=96&d=mm&r=g\",\"url\":\"https:\\\/\\\/secure.gravatar.com\\\/avatar\\\/04c59859b23696cf867715880f81d5c037e60109730bdb4e6670ec2a2245bc97?s=96&d=mm&r=g\",\"contentUrl\":\"https:\\\/\\\/secure.gravatar.com\\\/avatar\\\/04c59859b23696cf867715880f81d5c037e60109730bdb4e6670ec2a2245bc97?s=96&d=mm&r=g\",\"caption\":\"Carina Reifonas\"},\"url\":\"https:\\\/\\\/redenoticiaz.com.br\\\/ribeiraopreto-regiao\\\/sp\\\/author\\\/carinareifonas\"}]}<\/script>\n<!-- \/ Yoast SEO plugin. -->","yoast_head_json":{"title":"Ano novo, emprego novo: confira vagas abertas de BTG Pactual, Ambev e Ita\u00fa - Ribeir\u00e3o Preto e Regi\u00e3o","description":"A busca por novas coloca\u00e7\u00f5es segue, seja para mudar de emprego, seja para conseguir uma coloca\u00e7\u00e3o definitiva em 2025.","robots":{"index":"index","follow":"follow","max-snippet":"max-snippet:-1","max-image-preview":"max-image-preview:large","max-video-preview":"max-video-preview:-1"},"canonical":"https:\/\/redenoticiaz.com.br\/ribeiraopreto-regiao\/sp\/2025\/01\/08\/ano-novo-emprego-novo-confira-vagas-abertas-de-btg-pactual-ambev-e-itau","og_locale":"pt_BR","og_type":"article","og_title":"Ano novo, emprego novo: confira vagas abertas de BTG Pactual, Ambev e Ita\u00fa - Ribeir\u00e3o Preto e Regi\u00e3o","og_description":"A busca por novas coloca\u00e7\u00f5es segue, seja para mudar de emprego, seja para conseguir uma coloca\u00e7\u00e3o definitiva em 2025.","og_url":"https:\/\/redenoticiaz.com.br\/ribeiraopreto-regiao\/sp\/2025\/01\/08\/ano-novo-emprego-novo-confira-vagas-abertas-de-btg-pactual-ambev-e-itau","og_site_name":"Ribeir\u00e3o Preto e Regi\u00e3o","article_publisher":"https:\/\/m.facebook.com\/redenoticiaz.barretos","article_published_time":"2025-01-08T14:02:53+00:00","og_image":[{"width":984,"height":657,"url":"https:\/\/redenoticiaz.com.br\/ribeiraopreto-regiao\/wp-content\/uploads\/sites\/4\/2024\/03\/carteira-de-trabalho-divulgacao-seteq.jpg?v=1709054213","type":"image\/jpeg"}],"author":"Carina Reifonas","twitter_card":"summary_large_image","twitter_creator":"@RN_barretos","twitter_site":"@RN_barretos","twitter_misc":{"Escrito por":"Carina Reifonas","Est. tempo de leitura":"3 minutos"},"schema":{"@context":"https:\/\/schema.org","@graph":[{"@type":"Article","@id":"https:\/\/redenoticiaz.com.br\/ribeiraopreto-regiao\/sp\/2025\/01\/08\/ano-novo-emprego-novo-confira-vagas-abertas-de-btg-pactual-ambev-e-itau#article","isPartOf":{"@id":"https:\/\/redenoticiaz.com.br\/ribeiraopreto-regiao\/sp\/2025\/01\/08\/ano-novo-emprego-novo-confira-vagas-abertas-de-btg-pactual-ambev-e-itau"},"author":{"name":"Carina Reifonas","@id":"https:\/\/redenoticiaz.com.br\/ribeiraopreto-regiao\/#\/schema\/person\/1f84d6e94e6a62d2d81199d7503e9e90"},"headline":"Ano novo, emprego novo: confira vagas abertas de BTG Pactual, Ambev e Ita\u00fa","datePublished":"2025-01-08T14:02:53+00:00","mainEntityOfPage":{"@id":"https:\/\/redenoticiaz.com.br\/ribeiraopreto-regiao\/sp\/2025\/01\/08\/ano-novo-emprego-novo-confira-vagas-abertas-de-btg-pactual-ambev-e-itau"},"wordCount":533,"commentCount":0,"publisher":{"@id":"https:\/\/redenoticiaz.com.br\/ribeiraopreto-regiao\/#organization"},"image":{"@id":"https:\/\/redenoticiaz.com.br\/ribeiraopreto-regiao\/sp\/2025\/01\/08\/ano-novo-emprego-novo-confira-vagas-abertas-de-btg-pactual-ambev-e-itau#primaryimage"},"thumbnailUrl":"https:\/\/redenoticiaz.com.br\/ribeiraopreto-regiao\/wp-content\/uploads\/sites\/4\/2024\/03\/carteira-de-trabalho-divulgacao-seteq.jpg?v=1709054213","keywords":["AMBEV","BTG","EMPREGO","ITA\u00da"],"articleSection":["Emprego"],"inLanguage":"pt-BR","potentialAction":[{"@type":"CommentAction","name":"Comment","target":["https:\/\/redenoticiaz.com.br\/ribeiraopreto-regiao\/sp\/2025\/01\/08\/ano-novo-emprego-novo-confira-vagas-abertas-de-btg-pactual-ambev-e-itau#respond"]}]},{"@type":"WebPage","@id":"https:\/\/redenoticiaz.com.br\/ribeiraopreto-regiao\/sp\/2025\/01\/08\/ano-novo-emprego-novo-confira-vagas-abertas-de-btg-pactual-ambev-e-itau","url":"https:\/\/redenoticiaz.com.br\/ribeiraopreto-regiao\/sp\/2025\/01\/08\/ano-novo-emprego-novo-confira-vagas-abertas-de-btg-pactual-ambev-e-itau","name":"Ano novo, emprego novo: confira vagas abertas de BTG Pactual, Ambev e Ita\u00fa - Ribeir\u00e3o Preto e Regi\u00e3o","isPartOf":{"@id":"https:\/\/redenoticiaz.com.br\/ribeiraopreto-regiao\/#website"},"primaryImageOfPage":{"@id":"https:\/\/redenoticiaz.com.br\/ribeiraopreto-regiao\/sp\/2025\/01\/08\/ano-novo-emprego-novo-confira-vagas-abertas-de-btg-pactual-ambev-e-itau#primaryimage"},"image":{"@id":"https:\/\/redenoticiaz.com.br\/ribeiraopreto-regiao\/sp\/2025\/01\/08\/ano-novo-emprego-novo-confira-vagas-abertas-de-btg-pactual-ambev-e-itau#primaryimage"},"thumbnailUrl":"https:\/\/redenoticiaz.com.br\/ribeiraopreto-regiao\/wp-content\/uploads\/sites\/4\/2024\/03\/carteira-de-trabalho-divulgacao-seteq.jpg?v=1709054213","datePublished":"2025-01-08T14:02:53+00:00","description":"A busca por novas coloca\u00e7\u00f5es segue, seja para mudar de emprego, seja para conseguir uma coloca\u00e7\u00e3o definitiva em 2025.","inLanguage":"pt-BR","potentialAction":[{"@type":"ReadAction","target":["https:\/\/redenoticiaz.com.br\/ribeiraopreto-regiao\/sp\/2025\/01\/08\/ano-novo-emprego-novo-confira-vagas-abertas-de-btg-pactual-ambev-e-itau"]}]},{"@type":"ImageObject","inLanguage":"pt-BR","@id":"https:\/\/redenoticiaz.com.br\/ribeiraopreto-regiao\/sp\/2025\/01\/08\/ano-novo-emprego-novo-confira-vagas-abertas-de-btg-pactual-ambev-e-itau#primaryimage","url":"https:\/\/redenoticiaz.com.br\/ribeiraopreto-regiao\/wp-content\/uploads\/sites\/4\/2024\/03\/carteira-de-trabalho-divulgacao-seteq.jpg?v=1709054213","contentUrl":"https:\/\/redenoticiaz.com.br\/ribeiraopreto-regiao\/wp-content\/uploads\/sites\/4\/2024\/03\/carteira-de-trabalho-divulgacao-seteq.jpg?v=1709054213","width":984,"height":657},{"@type":"WebSite","@id":"https:\/\/redenoticiaz.com.br\/ribeiraopreto-regiao\/#website","url":"https:\/\/redenoticiaz.com.br\/ribeiraopreto-regiao\/","name":"Ribeir\u00e3o Preto e Regi\u00e3o","description":"Rede NoticiaZ - Ribeir\u00e3o Preto e regi\u00e3o","publisher":{"@id":"https:\/\/redenoticiaz.com.br\/ribeiraopreto-regiao\/#organization"},"potentialAction":[{"@type":"SearchAction","target":{"@type":"EntryPoint","urlTemplate":"https:\/\/redenoticiaz.com.br\/ribeiraopreto-regiao\/?s={search_term_string}"},"query-input":{"@type":"PropertyValueSpecification","valueRequired":true,"valueName":"search_term_string"}}],"inLanguage":"pt-BR"},{"@type":"Organization","@id":"https:\/\/redenoticiaz.com.br\/ribeiraopreto-regiao\/#organization","name":"Ribeir\u00e3o Preto e Regi\u00e3o","url":"https:\/\/redenoticiaz.com.br\/ribeiraopreto-regiao\/","logo":{"@type":"ImageObject","inLanguage":"pt-BR","@id":"https:\/\/redenoticiaz.com.br\/ribeiraopreto-regiao\/#\/schema\/logo\/image\/","url":"https:\/\/redenoticiaz.com.br\/barretos-regiao\/wp-content\/uploads\/sites\/4\/2022\/02\/logo.jpg","contentUrl":"https:\/\/redenoticiaz.com.br\/barretos-regiao\/wp-content\/uploads\/sites\/4\/2022\/02\/logo.jpg","width":400,"height":250,"caption":"Ribeir\u00e3o Preto e Regi\u00e3o"},"image":{"@id":"https:\/\/redenoticiaz.com.br\/ribeiraopreto-regiao\/#\/schema\/logo\/image\/"},"sameAs":["https:\/\/m.facebook.com\/redenoticiaz.barretos","https:\/\/x.com\/RN_barretos","https:\/\/www.instagram.com\/redenoticiaz.barretos\/?igshid=YmMyMTA2M2Y","https:\/\/www.linkedin.com\/company\/rede-noticiaz-barretos-e-regio\/"]},{"@type":"Person","@id":"https:\/\/redenoticiaz.com.br\/ribeiraopreto-regiao\/#\/schema\/person\/1f84d6e94e6a62d2d81199d7503e9e90","name":"Carina Reifonas","image":{"@type":"ImageObject","inLanguage":"pt-BR","@id":"https:\/\/secure.gravatar.com\/avatar\/04c59859b23696cf867715880f81d5c037e60109730bdb4e6670ec2a2245bc97?s=96&d=mm&r=g","url":"https:\/\/secure.gravatar.com\/avatar\/04c59859b23696cf867715880f81d5c037e60109730bdb4e6670ec2a2245bc97?s=96&d=mm&r=g","contentUrl":"https:\/\/secure.gravatar.com\/avatar\/04c59859b23696cf867715880f81d5c037e60109730bdb4e6670ec2a2245bc97?s=96&d=mm&r=g","caption":"Carina Reifonas"},"url":"https:\/\/redenoticiaz.com.br\/ribeiraopreto-regiao\/sp\/author\/carinareifonas"}]}},"_links":{"self":[{"href":"https:\/\/redenoticiaz.com.br\/ribeiraopreto-regiao\/wp-json\/wp\/v2\/posts\/119837","targetHints":{"allow":["GET"]}}],"collection":[{"href":"https:\/\/redenoticiaz.com.br\/ribeiraopreto-regiao\/wp-json\/wp\/v2\/posts"}],"about":[{"href":"https:\/\/redenoticiaz.com.br\/ribeiraopreto-regiao\/wp-json\/wp\/v2\/types\/post"}],"author":[{"embeddable":true,"href":"https:\/\/redenoticiaz.com.br\/ribeiraopreto-regiao\/wp-json\/wp\/v2\/users\/30"}],"replies":[{"embeddable":true,"href":"https:\/\/redenoticiaz.com.br\/ribeiraopreto-regiao\/wp-json\/wp\/v2\/comments?post=119837"}],"version-history":[{"count":0,"href":"https:\/\/redenoticiaz.com.br\/ribeiraopreto-regiao\/wp-json\/wp\/v2\/posts\/119837\/revisions"}],"wp:featuredmedia":[{"embeddable":true,"href":"https:\/\/redenoticiaz.com.br\/ribeiraopreto-regiao\/wp-json\/wp\/v2\/media\/116485"}],"wp:attachment":[{"href":"https:\/\/redenoticiaz.com.br\/ribeiraopreto-regiao\/wp-json\/wp\/v2\/media?parent=119837"}],"wp:term":[{"taxonomy":"category","embeddable":true,"href":"https:\/\/redenoticiaz.com.br\/ribeiraopreto-regiao\/wp-json\/wp\/v2\/categories?post=119837"},{"taxonomy":"post_tag","embeddable":true,"href":"https:\/\/redenoticiaz.com.br\/ribeiraopreto-regiao\/wp-json\/wp\/v2\/tags?post=119837"}],"curies":[{"name":"wp","href":"https:\/\/api.w.org\/{rel}","templated":true}]}}