{"id":119841,"date":"2025-01-11T13:00:54","date_gmt":"2025-01-11T16:00:54","guid":{"rendered":"https:\/\/redenoticiaz.com.br\/barretos-regiao\/?p=119841"},"modified":"2025-01-08T13:40:19","modified_gmt":"2025-01-08T16:40:19","slug":"veja-como-proteger-seu-celular-e-o-que-fazer-em-caso-de-furto","status":"publish","type":"post","link":"https:\/\/redenoticiaz.com.br\/ribeiraopreto-regiao\/sp\/2025\/01\/11\/veja-como-proteger-seu-celular-e-o-que-fazer-em-caso-de-furto","title":{"rendered":"Veja como proteger seu celular e o que fazer em caso de furto"},"content":{"rendered":"<p>A Pol\u00edcia Civil de S\u00e3o Paulo recuperou mais de 39 mil celulares roubados ou furtados no ano passado, devolvendo quase 36 mil deles aos seus propriet\u00e1rios. O trabalho segue em 2025 com a Opera\u00e7\u00e3o Big Mobile, que j\u00e1 recuperou 8 mil aparelhos desde o \u00faltimo s\u00e1bado (4). O pr\u00f3ximo passo \u00e9 identificar os donos dos celulares.<\/p>\n<p>Segundo o delegado-geral da Pol\u00edcia Civil, Artur Dian, a colabora\u00e7\u00e3o das v\u00edtimas \u00e9 fundamental. &#8220;N\u00f3s pedimos que as v\u00edtimas continuem denunciando para que possamos localizar os telefones e devolv\u00ea-los aos propriet\u00e1rios&#8221;, afirmou.<\/p>\n<h3>Opera\u00e7\u00e3o Big Mobile<\/h3>\n<p>A opera\u00e7\u00e3o mobilizou 483 policiais, 213 viaturas, um drone e uma aeronave. Foram realizados 29 flagrantes, com a pris\u00e3o de 32 suspeitos. O Departamento de Intelig\u00eancia da Pol\u00edcia Civil (Dipol) foi essencial na localiza\u00e7\u00e3o dos aparelhos.<\/p>\n<h3>Como proteger seu celular e agir em casos de roubo:<\/h3>\n<ul>\n<li><strong>Registre um boletim de ocorr\u00eancia (BO):<\/strong> Fa\u00e7a o BO presencialmente ou na Delegacia Eletr\u00f4nica da Pol\u00edcia Civil de S\u00e3o Paulo.<\/li>\n<li><strong>Informe o n\u00famero de IMEI:<\/strong> Este c\u00f3digo \u00fanico identifica o celular e pode ser encontrado na caixa do aparelho ou no menu de configura\u00e7\u00f5es. Salve o n\u00famero em local seguro.<\/li>\n<li><strong>Ative e compartilhe a localiza\u00e7\u00e3o:<\/strong> Ferramentas de localiza\u00e7\u00e3o em tempo real ajudam na recupera\u00e7\u00e3o do aparelho.<\/li>\n<li><strong>Notifique seu banco:<\/strong> Solicite o bloqueio tempor\u00e1rio de contas e cart\u00f5es dispon\u00edveis no dispositivo roubado.<\/li>\n<li><strong>Use o app \u201cCelular Roubado\u201d da Anatel:<\/strong> O aplicativo permite bloquear o aparelho, a linha telef\u00f4nica e aplicativos, impedindo o uso indevido.<\/li>\n<\/ul>\n<p>A Opera\u00e7\u00e3o Big Mobile refor\u00e7a a import\u00e2ncia do registro de boletins de ocorr\u00eancia com dados precisos, como o n\u00famero de IMEI e informa\u00e7\u00f5es de localiza\u00e7\u00e3o, para que a pol\u00edcia possa recuperar mais aparelhos e prender os respons\u00e1veis.<\/p>\n<p>LEIA MAIS<\/p>\n<p><a href=\"https:\/\/redenoticiaz.com.br\/blog\/2025\/01\/08\/mais-de-8-mil-celulares-sao-apreendidos-em-operacao-policia-busca-os-donos\">Mais de 8 mil celulares s\u00e3o apreendidos em opera\u00e7\u00e3o; pol\u00edcia busca os donos<\/a><\/p>\n<p><a href=\"https:\/\/redenoticiaz.com.br\/blog\/2025\/01\/08\/762-mil-vagas-de-trabalho-ainda-em-janeiro\">76,2 mil vagas de trabalho ainda em janeiro<\/a><\/p>\n<p>&nbsp;<\/p>\n","protected":false},"excerpt":{"rendered":"<p>A Pol\u00edcia Civil de S\u00e3o Paulo recuperou mais de 39 mil celulares roubados ou furtados no ano passado, devolvendo quase 36 mil deles aos seus propriet\u00e1rios. O trabalho segue em 2025 com a Opera\u00e7\u00e3o Big Mobile, que j\u00e1 recuperou 8 mil aparelhos desde o \u00faltimo s\u00e1bado (4). O pr\u00f3ximo passo \u00e9 identificar os donos dos &hellip;<\/p>\n","protected":false},"author":30,"featured_media":119842,"comment_status":"open","ping_status":"closed","sticky":false,"template":"","format":"standard","meta":{"footnotes":""},"categories":[88],"tags":[18397,3437],"class_list":["post-119841","post","type-post","status-publish","format-standard","has-post-thumbnail","hentry","category-policia","tag-celulares","tag-roubo"],"yoast_head":"<!-- This site is optimized with the Yoast SEO plugin v28.4 - https:\/\/yoast.com\/product\/yoast-seo-wordpress\/ -->\n<title>Veja como proteger seu celular e o que fazer em caso de furto - Ribeir\u00e3o Preto e Regi\u00e3o<\/title>\n<meta name=\"description\" content=\"A Pol\u00edcia Civil de S\u00e3o Paulo recuperou mais de 39 mil celulares roubados ou furtados no ano passado, devolvendo quase 36 mil deles.\" \/>\n<meta name=\"robots\" content=\"index, follow, max-snippet:-1, max-image-preview:large, max-video-preview:-1\" \/>\n<link rel=\"canonical\" href=\"https:\/\/redenoticiaz.com.br\/ribeiraopreto-regiao\/sp\/2025\/01\/11\/veja-como-proteger-seu-celular-e-o-que-fazer-em-caso-de-furto\" \/>\n<meta property=\"og:locale\" content=\"pt_BR\" \/>\n<meta property=\"og:type\" content=\"article\" \/>\n<meta property=\"og:title\" content=\"Veja como proteger seu celular e o que fazer em caso de furto - Ribeir\u00e3o Preto e Regi\u00e3o\" \/>\n<meta property=\"og:description\" content=\"A Pol\u00edcia Civil de S\u00e3o Paulo recuperou mais de 39 mil celulares roubados ou furtados no ano passado, devolvendo quase 36 mil deles.\" \/>\n<meta property=\"og:url\" content=\"https:\/\/redenoticiaz.com.br\/ribeiraopreto-regiao\/sp\/2025\/01\/11\/veja-como-proteger-seu-celular-e-o-que-fazer-em-caso-de-furto\" \/>\n<meta property=\"og:site_name\" content=\"Ribeir\u00e3o Preto e Regi\u00e3o\" \/>\n<meta property=\"article:publisher\" content=\"https:\/\/m.facebook.com\/redenoticiaz.barretos\" \/>\n<meta property=\"article:published_time\" content=\"2025-01-11T16:00:54+00:00\" \/>\n<meta property=\"og:image\" content=\"https:\/\/redenoticiaz.com.br\/ribeiraopreto-regiao\/wp-content\/uploads\/sites\/4\/2025\/01\/7.jpg?v=1717700904\" \/>\n\t<meta property=\"og:image:width\" content=\"1640\" \/>\n\t<meta property=\"og:image:height\" content=\"924\" \/>\n\t<meta property=\"og:image:type\" content=\"image\/jpeg\" \/>\n<meta name=\"author\" content=\"Carina Reifonas\" \/>\n<meta name=\"twitter:card\" content=\"summary_large_image\" \/>\n<meta name=\"twitter:creator\" content=\"@RN_barretos\" \/>\n<meta name=\"twitter:site\" content=\"@RN_barretos\" \/>\n<meta name=\"twitter:label1\" content=\"Escrito por\" \/>\n\t<meta name=\"twitter:data1\" content=\"Carina Reifonas\" \/>\n\t<meta name=\"twitter:label2\" content=\"Est. tempo de leitura\" \/>\n\t<meta name=\"twitter:data2\" content=\"2 minutos\" \/>\n<script type=\"application\/ld+json\" class=\"yoast-schema-graph\">{\"@context\":\"https:\\\/\\\/schema.org\",\"@graph\":[{\"@type\":\"Article\",\"@id\":\"https:\\\/\\\/redenoticiaz.com.br\\\/ribeiraopreto-regiao\\\/sp\\\/2025\\\/01\\\/11\\\/veja-como-proteger-seu-celular-e-o-que-fazer-em-caso-de-furto#article\",\"isPartOf\":{\"@id\":\"https:\\\/\\\/redenoticiaz.com.br\\\/ribeiraopreto-regiao\\\/sp\\\/2025\\\/01\\\/11\\\/veja-como-proteger-seu-celular-e-o-que-fazer-em-caso-de-furto\"},\"author\":{\"name\":\"Carina Reifonas\",\"@id\":\"https:\\\/\\\/redenoticiaz.com.br\\\/ribeiraopreto-regiao\\\/#\\\/schema\\\/person\\\/1f84d6e94e6a62d2d81199d7503e9e90\"},\"headline\":\"Veja como proteger seu celular e o que fazer em caso de furto\",\"datePublished\":\"2025-01-11T16:00:54+00:00\",\"mainEntityOfPage\":{\"@id\":\"https:\\\/\\\/redenoticiaz.com.br\\\/ribeiraopreto-regiao\\\/sp\\\/2025\\\/01\\\/11\\\/veja-como-proteger-seu-celular-e-o-que-fazer-em-caso-de-furto\"},\"wordCount\":348,\"commentCount\":0,\"publisher\":{\"@id\":\"https:\\\/\\\/redenoticiaz.com.br\\\/ribeiraopreto-regiao\\\/#organization\"},\"image\":{\"@id\":\"https:\\\/\\\/redenoticiaz.com.br\\\/ribeiraopreto-regiao\\\/sp\\\/2025\\\/01\\\/11\\\/veja-como-proteger-seu-celular-e-o-que-fazer-em-caso-de-furto#primaryimage\"},\"thumbnailUrl\":\"https:\\\/\\\/redenoticiaz.com.br\\\/ribeiraopreto-regiao\\\/wp-content\\\/uploads\\\/sites\\\/4\\\/2025\\\/01\\\/7.jpg?v=1717700904\",\"keywords\":[\"CELULARES\",\"roubo\"],\"articleSection\":[\"Pol\u00edcia\"],\"inLanguage\":\"pt-BR\",\"potentialAction\":[{\"@type\":\"CommentAction\",\"name\":\"Comment\",\"target\":[\"https:\\\/\\\/redenoticiaz.com.br\\\/ribeiraopreto-regiao\\\/sp\\\/2025\\\/01\\\/11\\\/veja-como-proteger-seu-celular-e-o-que-fazer-em-caso-de-furto#respond\"]}]},{\"@type\":\"WebPage\",\"@id\":\"https:\\\/\\\/redenoticiaz.com.br\\\/ribeiraopreto-regiao\\\/sp\\\/2025\\\/01\\\/11\\\/veja-como-proteger-seu-celular-e-o-que-fazer-em-caso-de-furto\",\"url\":\"https:\\\/\\\/redenoticiaz.com.br\\\/ribeiraopreto-regiao\\\/sp\\\/2025\\\/01\\\/11\\\/veja-como-proteger-seu-celular-e-o-que-fazer-em-caso-de-furto\",\"name\":\"Veja como proteger seu celular e o que fazer em caso de furto - Ribeir\u00e3o Preto e Regi\u00e3o\",\"isPartOf\":{\"@id\":\"https:\\\/\\\/redenoticiaz.com.br\\\/ribeiraopreto-regiao\\\/#website\"},\"primaryImageOfPage\":{\"@id\":\"https:\\\/\\\/redenoticiaz.com.br\\\/ribeiraopreto-regiao\\\/sp\\\/2025\\\/01\\\/11\\\/veja-como-proteger-seu-celular-e-o-que-fazer-em-caso-de-furto#primaryimage\"},\"image\":{\"@id\":\"https:\\\/\\\/redenoticiaz.com.br\\\/ribeiraopreto-regiao\\\/sp\\\/2025\\\/01\\\/11\\\/veja-como-proteger-seu-celular-e-o-que-fazer-em-caso-de-furto#primaryimage\"},\"thumbnailUrl\":\"https:\\\/\\\/redenoticiaz.com.br\\\/ribeiraopreto-regiao\\\/wp-content\\\/uploads\\\/sites\\\/4\\\/2025\\\/01\\\/7.jpg?v=1717700904\",\"datePublished\":\"2025-01-11T16:00:54+00:00\",\"description\":\"A Pol\u00edcia Civil de S\u00e3o Paulo recuperou mais de 39 mil celulares roubados ou furtados no ano passado, devolvendo quase 36 mil deles.\",\"inLanguage\":\"pt-BR\",\"potentialAction\":[{\"@type\":\"ReadAction\",\"target\":[\"https:\\\/\\\/redenoticiaz.com.br\\\/ribeiraopreto-regiao\\\/sp\\\/2025\\\/01\\\/11\\\/veja-como-proteger-seu-celular-e-o-que-fazer-em-caso-de-furto\"]}]},{\"@type\":\"ImageObject\",\"inLanguage\":\"pt-BR\",\"@id\":\"https:\\\/\\\/redenoticiaz.com.br\\\/ribeiraopreto-regiao\\\/sp\\\/2025\\\/01\\\/11\\\/veja-como-proteger-seu-celular-e-o-que-fazer-em-caso-de-furto#primaryimage\",\"url\":\"https:\\\/\\\/redenoticiaz.com.br\\\/ribeiraopreto-regiao\\\/wp-content\\\/uploads\\\/sites\\\/4\\\/2025\\\/01\\\/7.jpg?v=1717700904\",\"contentUrl\":\"https:\\\/\\\/redenoticiaz.com.br\\\/ribeiraopreto-regiao\\\/wp-content\\\/uploads\\\/sites\\\/4\\\/2025\\\/01\\\/7.jpg?v=1717700904\",\"width\":1640,\"height\":924},{\"@type\":\"WebSite\",\"@id\":\"https:\\\/\\\/redenoticiaz.com.br\\\/ribeiraopreto-regiao\\\/#website\",\"url\":\"https:\\\/\\\/redenoticiaz.com.br\\\/ribeiraopreto-regiao\\\/\",\"name\":\"Ribeir\u00e3o Preto e Regi\u00e3o\",\"description\":\"Rede NoticiaZ - Ribeir\u00e3o Preto e regi\u00e3o\",\"publisher\":{\"@id\":\"https:\\\/\\\/redenoticiaz.com.br\\\/ribeiraopreto-regiao\\\/#organization\"},\"potentialAction\":[{\"@type\":\"SearchAction\",\"target\":{\"@type\":\"EntryPoint\",\"urlTemplate\":\"https:\\\/\\\/redenoticiaz.com.br\\\/ribeiraopreto-regiao\\\/?s={search_term_string}\"},\"query-input\":{\"@type\":\"PropertyValueSpecification\",\"valueRequired\":true,\"valueName\":\"search_term_string\"}}],\"inLanguage\":\"pt-BR\"},{\"@type\":\"Organization\",\"@id\":\"https:\\\/\\\/redenoticiaz.com.br\\\/ribeiraopreto-regiao\\\/#organization\",\"name\":\"Ribeir\u00e3o Preto e Regi\u00e3o\",\"url\":\"https:\\\/\\\/redenoticiaz.com.br\\\/ribeiraopreto-regiao\\\/\",\"logo\":{\"@type\":\"ImageObject\",\"inLanguage\":\"pt-BR\",\"@id\":\"https:\\\/\\\/redenoticiaz.com.br\\\/ribeiraopreto-regiao\\\/#\\\/schema\\\/logo\\\/image\\\/\",\"url\":\"https:\\\/\\\/redenoticiaz.com.br\\\/barretos-regiao\\\/wp-content\\\/uploads\\\/sites\\\/4\\\/2022\\\/02\\\/logo.jpg\",\"contentUrl\":\"https:\\\/\\\/redenoticiaz.com.br\\\/barretos-regiao\\\/wp-content\\\/uploads\\\/sites\\\/4\\\/2022\\\/02\\\/logo.jpg\",\"width\":400,\"height\":250,\"caption\":\"Ribeir\u00e3o Preto e Regi\u00e3o\"},\"image\":{\"@id\":\"https:\\\/\\\/redenoticiaz.com.br\\\/ribeiraopreto-regiao\\\/#\\\/schema\\\/logo\\\/image\\\/\"},\"sameAs\":[\"https:\\\/\\\/m.facebook.com\\\/redenoticiaz.barretos\",\"https:\\\/\\\/x.com\\\/RN_barretos\",\"https:\\\/\\\/www.instagram.com\\\/redenoticiaz.barretos\\\/?igshid=YmMyMTA2M2Y\",\"https:\\\/\\\/www.linkedin.com\\\/company\\\/rede-noticiaz-barretos-e-regio\\\/\"]},{\"@type\":\"Person\",\"@id\":\"https:\\\/\\\/redenoticiaz.com.br\\\/ribeiraopreto-regiao\\\/#\\\/schema\\\/person\\\/1f84d6e94e6a62d2d81199d7503e9e90\",\"name\":\"Carina Reifonas\",\"image\":{\"@type\":\"ImageObject\",\"inLanguage\":\"pt-BR\",\"@id\":\"https:\\\/\\\/secure.gravatar.com\\\/avatar\\\/04c59859b23696cf867715880f81d5c037e60109730bdb4e6670ec2a2245bc97?s=96&d=mm&r=g\",\"url\":\"https:\\\/\\\/secure.gravatar.com\\\/avatar\\\/04c59859b23696cf867715880f81d5c037e60109730bdb4e6670ec2a2245bc97?s=96&d=mm&r=g\",\"contentUrl\":\"https:\\\/\\\/secure.gravatar.com\\\/avatar\\\/04c59859b23696cf867715880f81d5c037e60109730bdb4e6670ec2a2245bc97?s=96&d=mm&r=g\",\"caption\":\"Carina Reifonas\"},\"url\":\"https:\\\/\\\/redenoticiaz.com.br\\\/ribeiraopreto-regiao\\\/sp\\\/author\\\/carinareifonas\"}]}<\/script>\n<!-- \/ Yoast SEO plugin. -->","yoast_head_json":{"title":"Veja como proteger seu celular e o que fazer em caso de furto - Ribeir\u00e3o Preto e Regi\u00e3o","description":"A Pol\u00edcia Civil de S\u00e3o Paulo recuperou mais de 39 mil celulares roubados ou furtados no ano passado, devolvendo quase 36 mil deles.","robots":{"index":"index","follow":"follow","max-snippet":"max-snippet:-1","max-image-preview":"max-image-preview:large","max-video-preview":"max-video-preview:-1"},"canonical":"https:\/\/redenoticiaz.com.br\/ribeiraopreto-regiao\/sp\/2025\/01\/11\/veja-como-proteger-seu-celular-e-o-que-fazer-em-caso-de-furto","og_locale":"pt_BR","og_type":"article","og_title":"Veja como proteger seu celular e o que fazer em caso de furto - Ribeir\u00e3o Preto e Regi\u00e3o","og_description":"A Pol\u00edcia Civil de S\u00e3o Paulo recuperou mais de 39 mil celulares roubados ou furtados no ano passado, devolvendo quase 36 mil deles.","og_url":"https:\/\/redenoticiaz.com.br\/ribeiraopreto-regiao\/sp\/2025\/01\/11\/veja-como-proteger-seu-celular-e-o-que-fazer-em-caso-de-furto","og_site_name":"Ribeir\u00e3o Preto e Regi\u00e3o","article_publisher":"https:\/\/m.facebook.com\/redenoticiaz.barretos","article_published_time":"2025-01-11T16:00:54+00:00","og_image":[{"width":1640,"height":924,"url":"https:\/\/redenoticiaz.com.br\/ribeiraopreto-regiao\/wp-content\/uploads\/sites\/4\/2025\/01\/7.jpg?v=1717700904","type":"image\/jpeg"}],"author":"Carina Reifonas","twitter_card":"summary_large_image","twitter_creator":"@RN_barretos","twitter_site":"@RN_barretos","twitter_misc":{"Escrito por":"Carina Reifonas","Est. tempo de leitura":"2 minutos"},"schema":{"@context":"https:\/\/schema.org","@graph":[{"@type":"Article","@id":"https:\/\/redenoticiaz.com.br\/ribeiraopreto-regiao\/sp\/2025\/01\/11\/veja-como-proteger-seu-celular-e-o-que-fazer-em-caso-de-furto#article","isPartOf":{"@id":"https:\/\/redenoticiaz.com.br\/ribeiraopreto-regiao\/sp\/2025\/01\/11\/veja-como-proteger-seu-celular-e-o-que-fazer-em-caso-de-furto"},"author":{"name":"Carina Reifonas","@id":"https:\/\/redenoticiaz.com.br\/ribeiraopreto-regiao\/#\/schema\/person\/1f84d6e94e6a62d2d81199d7503e9e90"},"headline":"Veja como proteger seu celular e o que fazer em caso de furto","datePublished":"2025-01-11T16:00:54+00:00","mainEntityOfPage":{"@id":"https:\/\/redenoticiaz.com.br\/ribeiraopreto-regiao\/sp\/2025\/01\/11\/veja-como-proteger-seu-celular-e-o-que-fazer-em-caso-de-furto"},"wordCount":348,"commentCount":0,"publisher":{"@id":"https:\/\/redenoticiaz.com.br\/ribeiraopreto-regiao\/#organization"},"image":{"@id":"https:\/\/redenoticiaz.com.br\/ribeiraopreto-regiao\/sp\/2025\/01\/11\/veja-como-proteger-seu-celular-e-o-que-fazer-em-caso-de-furto#primaryimage"},"thumbnailUrl":"https:\/\/redenoticiaz.com.br\/ribeiraopreto-regiao\/wp-content\/uploads\/sites\/4\/2025\/01\/7.jpg?v=1717700904","keywords":["CELULARES","roubo"],"articleSection":["Pol\u00edcia"],"inLanguage":"pt-BR","potentialAction":[{"@type":"CommentAction","name":"Comment","target":["https:\/\/redenoticiaz.com.br\/ribeiraopreto-regiao\/sp\/2025\/01\/11\/veja-como-proteger-seu-celular-e-o-que-fazer-em-caso-de-furto#respond"]}]},{"@type":"WebPage","@id":"https:\/\/redenoticiaz.com.br\/ribeiraopreto-regiao\/sp\/2025\/01\/11\/veja-como-proteger-seu-celular-e-o-que-fazer-em-caso-de-furto","url":"https:\/\/redenoticiaz.com.br\/ribeiraopreto-regiao\/sp\/2025\/01\/11\/veja-como-proteger-seu-celular-e-o-que-fazer-em-caso-de-furto","name":"Veja como proteger seu celular e o que fazer em caso de furto - Ribeir\u00e3o Preto e Regi\u00e3o","isPartOf":{"@id":"https:\/\/redenoticiaz.com.br\/ribeiraopreto-regiao\/#website"},"primaryImageOfPage":{"@id":"https:\/\/redenoticiaz.com.br\/ribeiraopreto-regiao\/sp\/2025\/01\/11\/veja-como-proteger-seu-celular-e-o-que-fazer-em-caso-de-furto#primaryimage"},"image":{"@id":"https:\/\/redenoticiaz.com.br\/ribeiraopreto-regiao\/sp\/2025\/01\/11\/veja-como-proteger-seu-celular-e-o-que-fazer-em-caso-de-furto#primaryimage"},"thumbnailUrl":"https:\/\/redenoticiaz.com.br\/ribeiraopreto-regiao\/wp-content\/uploads\/sites\/4\/2025\/01\/7.jpg?v=1717700904","datePublished":"2025-01-11T16:00:54+00:00","description":"A Pol\u00edcia Civil de S\u00e3o Paulo recuperou mais de 39 mil celulares roubados ou furtados no ano passado, devolvendo quase 36 mil deles.","inLanguage":"pt-BR","potentialAction":[{"@type":"ReadAction","target":["https:\/\/redenoticiaz.com.br\/ribeiraopreto-regiao\/sp\/2025\/01\/11\/veja-como-proteger-seu-celular-e-o-que-fazer-em-caso-de-furto"]}]},{"@type":"ImageObject","inLanguage":"pt-BR","@id":"https:\/\/redenoticiaz.com.br\/ribeiraopreto-regiao\/sp\/2025\/01\/11\/veja-como-proteger-seu-celular-e-o-que-fazer-em-caso-de-furto#primaryimage","url":"https:\/\/redenoticiaz.com.br\/ribeiraopreto-regiao\/wp-content\/uploads\/sites\/4\/2025\/01\/7.jpg?v=1717700904","contentUrl":"https:\/\/redenoticiaz.com.br\/ribeiraopreto-regiao\/wp-content\/uploads\/sites\/4\/2025\/01\/7.jpg?v=1717700904","width":1640,"height":924},{"@type":"WebSite","@id":"https:\/\/redenoticiaz.com.br\/ribeiraopreto-regiao\/#website","url":"https:\/\/redenoticiaz.com.br\/ribeiraopreto-regiao\/","name":"Ribeir\u00e3o Preto e Regi\u00e3o","description":"Rede NoticiaZ - Ribeir\u00e3o Preto e regi\u00e3o","publisher":{"@id":"https:\/\/redenoticiaz.com.br\/ribeiraopreto-regiao\/#organization"},"potentialAction":[{"@type":"SearchAction","target":{"@type":"EntryPoint","urlTemplate":"https:\/\/redenoticiaz.com.br\/ribeiraopreto-regiao\/?s={search_term_string}"},"query-input":{"@type":"PropertyValueSpecification","valueRequired":true,"valueName":"search_term_string"}}],"inLanguage":"pt-BR"},{"@type":"Organization","@id":"https:\/\/redenoticiaz.com.br\/ribeiraopreto-regiao\/#organization","name":"Ribeir\u00e3o Preto e Regi\u00e3o","url":"https:\/\/redenoticiaz.com.br\/ribeiraopreto-regiao\/","logo":{"@type":"ImageObject","inLanguage":"pt-BR","@id":"https:\/\/redenoticiaz.com.br\/ribeiraopreto-regiao\/#\/schema\/logo\/image\/","url":"https:\/\/redenoticiaz.com.br\/barretos-regiao\/wp-content\/uploads\/sites\/4\/2022\/02\/logo.jpg","contentUrl":"https:\/\/redenoticiaz.com.br\/barretos-regiao\/wp-content\/uploads\/sites\/4\/2022\/02\/logo.jpg","width":400,"height":250,"caption":"Ribeir\u00e3o Preto e Regi\u00e3o"},"image":{"@id":"https:\/\/redenoticiaz.com.br\/ribeiraopreto-regiao\/#\/schema\/logo\/image\/"},"sameAs":["https:\/\/m.facebook.com\/redenoticiaz.barretos","https:\/\/x.com\/RN_barretos","https:\/\/www.instagram.com\/redenoticiaz.barretos\/?igshid=YmMyMTA2M2Y","https:\/\/www.linkedin.com\/company\/rede-noticiaz-barretos-e-regio\/"]},{"@type":"Person","@id":"https:\/\/redenoticiaz.com.br\/ribeiraopreto-regiao\/#\/schema\/person\/1f84d6e94e6a62d2d81199d7503e9e90","name":"Carina Reifonas","image":{"@type":"ImageObject","inLanguage":"pt-BR","@id":"https:\/\/secure.gravatar.com\/avatar\/04c59859b23696cf867715880f81d5c037e60109730bdb4e6670ec2a2245bc97?s=96&d=mm&r=g","url":"https:\/\/secure.gravatar.com\/avatar\/04c59859b23696cf867715880f81d5c037e60109730bdb4e6670ec2a2245bc97?s=96&d=mm&r=g","contentUrl":"https:\/\/secure.gravatar.com\/avatar\/04c59859b23696cf867715880f81d5c037e60109730bdb4e6670ec2a2245bc97?s=96&d=mm&r=g","caption":"Carina Reifonas"},"url":"https:\/\/redenoticiaz.com.br\/ribeiraopreto-regiao\/sp\/author\/carinareifonas"}]}},"_links":{"self":[{"href":"https:\/\/redenoticiaz.com.br\/ribeiraopreto-regiao\/wp-json\/wp\/v2\/posts\/119841","targetHints":{"allow":["GET"]}}],"collection":[{"href":"https:\/\/redenoticiaz.com.br\/ribeiraopreto-regiao\/wp-json\/wp\/v2\/posts"}],"about":[{"href":"https:\/\/redenoticiaz.com.br\/ribeiraopreto-regiao\/wp-json\/wp\/v2\/types\/post"}],"author":[{"embeddable":true,"href":"https:\/\/redenoticiaz.com.br\/ribeiraopreto-regiao\/wp-json\/wp\/v2\/users\/30"}],"replies":[{"embeddable":true,"href":"https:\/\/redenoticiaz.com.br\/ribeiraopreto-regiao\/wp-json\/wp\/v2\/comments?post=119841"}],"version-history":[{"count":1,"href":"https:\/\/redenoticiaz.com.br\/ribeiraopreto-regiao\/wp-json\/wp\/v2\/posts\/119841\/revisions"}],"predecessor-version":[{"id":119882,"href":"https:\/\/redenoticiaz.com.br\/ribeiraopreto-regiao\/wp-json\/wp\/v2\/posts\/119841\/revisions\/119882"}],"wp:featuredmedia":[{"embeddable":true,"href":"https:\/\/redenoticiaz.com.br\/ribeiraopreto-regiao\/wp-json\/wp\/v2\/media\/119842"}],"wp:attachment":[{"href":"https:\/\/redenoticiaz.com.br\/ribeiraopreto-regiao\/wp-json\/wp\/v2\/media?parent=119841"}],"wp:term":[{"taxonomy":"category","embeddable":true,"href":"https:\/\/redenoticiaz.com.br\/ribeiraopreto-regiao\/wp-json\/wp\/v2\/categories?post=119841"},{"taxonomy":"post_tag","embeddable":true,"href":"https:\/\/redenoticiaz.com.br\/ribeiraopreto-regiao\/wp-json\/wp\/v2\/tags?post=119841"}],"curies":[{"name":"wp","href":"https:\/\/api.w.org\/{rel}","templated":true}]}}