{"id":119967,"date":"2025-07-11T10:54:07","date_gmt":"2025-07-11T13:54:07","guid":{"rendered":"https:\/\/redenoticiaz.com.br\/barretos-regiao\/sp\/2025\/07\/11\/lupo-abre-novas-oportunidades-para-quem-busca-emprego-na-industria-textil"},"modified":"2025-07-11T10:54:07","modified_gmt":"2025-07-11T13:54:07","slug":"lupo-abre-novas-oportunidades-para-quem-busca-emprego-na-industria-textil","status":"publish","type":"post","link":"https:\/\/redenoticiaz.com.br\/ribeiraopreto-regiao\/sp\/2025\/07\/11\/lupo-abre-novas-oportunidades-para-quem-busca-emprego-na-industria-textil","title":{"rendered":"Lupo abre novas oportunidades para quem busca emprego na ind\u00fastria t\u00eaxtil"},"content":{"rendered":"<p>A Lupo, uma das maiores empresas do setor t\u00eaxtil do Brasil, est\u00e1 com novas oportunidades abertas para quem deseja ingressar no mercado de trabalho ou busca uma recoloca\u00e7\u00e3o profissional. Com produ\u00e7\u00e3o que abrange meias-cal\u00e7as, lingeries, cuecas, roupas esportivas e pijamas, a companhia busca colaboradores para integrar sua equipe de produ\u00e7\u00e3o.<\/p>\n<p>Entre as atividades do cargo est\u00e3o: prepara\u00e7\u00e3o de materiais, apoio direto no processo produtivo, controle de qualidade, manuten\u00e7\u00e3o e organiza\u00e7\u00e3o de equipamentos, al\u00e9m da limpeza e conserva\u00e7\u00e3o do ambiente de trabalho.<\/p>\n<p>Os candidatos devem ter habilidade manual, aten\u00e7\u00e3o aos detalhes, facilidade para o trabalho em equipe e disposi\u00e7\u00e3o para desempenhar tarefas variadas ao longo do processo de fabrica\u00e7\u00e3o.<\/p>\n<p>A Lupo \u00e9 reconhecida nacionalmente por sua tradi\u00e7\u00e3o no mercado t\u00eaxtil e oferece aos funcion\u00e1rios ambiente din\u00e2mico, com oportunidade de crescimento profissional.<\/p>\n<p>\ud83d\udccd Para se candidatar ou saber mais sobre a vaga, acesse o <a href=\"https:\/\/www.lupo.com.br\/trabalhe-conosco\/vaga01\">site oficial da Lupo.\u00a0\u00a0<\/a><\/p>\n<p>Siga nossas redes sociais no <a href=\"https:\/\/www.instagram.com\/redenoticiaz\/\">Instagram<\/a> e <a href=\"https:\/\/www.facebook.com\/p\/Rede-Noticiaz-100063557592062\/?_rdr\">Facebook<\/a> para ficar por dentro de todas as novidades e atualiza\u00e7\u00f5es!<\/p>\n<p>Junte-se ao canal de empregos do<a href=\"https:\/\/chat.whatsapp.com\/IZvl6ywXD9K5Zh7loxWKGE\"> Rede Noticias WhatsApp<\/a><\/p>\n<p>LEIA MAIS<\/p>\n<p><a href=\"https:\/\/redenoticiaz.com.br\/blog\/2025\/07\/11\/empregos-em-home-office-e-com-salario-em-dolar\">Empregos em home office e com sal\u00e1rio em d\u00f3lar<\/a><\/p>\n<p><a href=\"https:\/\/redenoticiaz.com.br\/blog\/2025\/07\/10\/elvin-lubrificantes-abre-60-vagas-de-emprego\">Elvin Lubrificantes abre 60 vagas de emprego<\/a><\/p>\n","protected":false},"excerpt":{"rendered":"<p>A Lupo, uma das maiores empresas do setor t\u00eaxtil do Brasil, est\u00e1 com novas oportunidades abertas para quem deseja ingressar no mercado de trabalho ou busca uma recoloca\u00e7\u00e3o profissional. Com produ\u00e7\u00e3o que abrange meias-cal\u00e7as, lingeries, cuecas, roupas esportivas e pijamas, a companhia busca colaboradores para integrar sua equipe de produ\u00e7\u00e3o. Entre as atividades do cargo &hellip;<\/p>\n","protected":false},"author":30,"featured_media":116925,"comment_status":"open","ping_status":"closed","sticky":false,"template":"","format":"standard","meta":{"footnotes":""},"categories":[29902],"tags":[172,30230,19364],"class_list":["post-119967","post","type-post","status-publish","format-standard","has-post-thumbnail","hentry","category-emprego","tag-emprego","tag-lupo","tag-vaga"],"yoast_head":"<!-- This site is optimized with the Yoast SEO plugin v27.4 - https:\/\/yoast.com\/product\/yoast-seo-wordpress\/ -->\n<title>Lupo abre novas oportunidades para quem busca emprego na ind\u00fastria t\u00eaxtil - Ribeir\u00e3o Preto e Regi\u00e3o<\/title>\n<meta name=\"description\" content=\"A Lupo, uma das maiores empresas do setor t\u00eaxtil do Brasil, est\u00e1 com novas oportunidades abertas para quem deseja ingressar no mercado de trabalho.\" \/>\n<meta name=\"robots\" content=\"index, follow, max-snippet:-1, max-image-preview:large, max-video-preview:-1\" \/>\n<link rel=\"canonical\" href=\"https:\/\/redenoticiaz.com.br\/ribeiraopreto-regiao\/sp\/2025\/07\/11\/lupo-abre-novas-oportunidades-para-quem-busca-emprego-na-industria-textil\" \/>\n<meta property=\"og:locale\" content=\"pt_BR\" \/>\n<meta property=\"og:type\" content=\"article\" \/>\n<meta property=\"og:title\" content=\"Lupo abre novas oportunidades para quem busca emprego na ind\u00fastria t\u00eaxtil - Ribeir\u00e3o Preto e Regi\u00e3o\" \/>\n<meta property=\"og:description\" content=\"A Lupo, uma das maiores empresas do setor t\u00eaxtil do Brasil, est\u00e1 com novas oportunidades abertas para quem deseja ingressar no mercado de trabalho.\" \/>\n<meta property=\"og:url\" content=\"https:\/\/redenoticiaz.com.br\/ribeiraopreto-regiao\/sp\/2025\/07\/11\/lupo-abre-novas-oportunidades-para-quem-busca-emprego-na-industria-textil\" \/>\n<meta property=\"og:site_name\" content=\"Ribeir\u00e3o Preto e Regi\u00e3o\" \/>\n<meta property=\"article:publisher\" content=\"https:\/\/m.facebook.com\/redenoticiaz.barretos\" \/>\n<meta property=\"article:published_time\" content=\"2025-07-11T13:54:07+00:00\" \/>\n<meta property=\"og:image\" content=\"https:\/\/redenoticiaz.com.br\/ribeiraopreto-regiao\/wp-content\/uploads\/sites\/4\/2024\/05\/Captura-de-tela-2024-05-01-113948.png?v=1714574401\" \/>\n\t<meta property=\"og:image:width\" content=\"481\" \/>\n\t<meta property=\"og:image:height\" content=\"209\" \/>\n\t<meta property=\"og:image:type\" content=\"image\/png\" \/>\n<meta name=\"author\" content=\"Carina Reifonas\" \/>\n<meta name=\"twitter:card\" content=\"summary_large_image\" \/>\n<meta name=\"twitter:creator\" content=\"@RN_barretos\" \/>\n<meta name=\"twitter:site\" content=\"@RN_barretos\" \/>\n<meta name=\"twitter:label1\" content=\"Escrito por\" \/>\n\t<meta name=\"twitter:data1\" content=\"Carina Reifonas\" \/>\n\t<meta name=\"twitter:label2\" content=\"Est. tempo de leitura\" \/>\n\t<meta name=\"twitter:data2\" content=\"2 minutos\" \/>\n<script type=\"application\/ld+json\" class=\"yoast-schema-graph\">{\"@context\":\"https:\\\/\\\/schema.org\",\"@graph\":[{\"@type\":\"Article\",\"@id\":\"https:\\\/\\\/redenoticiaz.com.br\\\/ribeiraopreto-regiao\\\/sp\\\/2025\\\/07\\\/11\\\/lupo-abre-novas-oportunidades-para-quem-busca-emprego-na-industria-textil#article\",\"isPartOf\":{\"@id\":\"https:\\\/\\\/redenoticiaz.com.br\\\/ribeiraopreto-regiao\\\/sp\\\/2025\\\/07\\\/11\\\/lupo-abre-novas-oportunidades-para-quem-busca-emprego-na-industria-textil\"},\"author\":{\"name\":\"Carina Reifonas\",\"@id\":\"https:\\\/\\\/redenoticiaz.com.br\\\/ribeiraopreto-regiao\\\/#\\\/schema\\\/person\\\/1f84d6e94e6a62d2d81199d7503e9e90\"},\"headline\":\"Lupo abre novas oportunidades para quem busca emprego na ind\u00fastria t\u00eaxtil\",\"datePublished\":\"2025-07-11T13:54:07+00:00\",\"mainEntityOfPage\":{\"@id\":\"https:\\\/\\\/redenoticiaz.com.br\\\/ribeiraopreto-regiao\\\/sp\\\/2025\\\/07\\\/11\\\/lupo-abre-novas-oportunidades-para-quem-busca-emprego-na-industria-textil\"},\"wordCount\":222,\"commentCount\":0,\"publisher\":{\"@id\":\"https:\\\/\\\/redenoticiaz.com.br\\\/ribeiraopreto-regiao\\\/#organization\"},\"image\":{\"@id\":\"https:\\\/\\\/redenoticiaz.com.br\\\/ribeiraopreto-regiao\\\/sp\\\/2025\\\/07\\\/11\\\/lupo-abre-novas-oportunidades-para-quem-busca-emprego-na-industria-textil#primaryimage\"},\"thumbnailUrl\":\"https:\\\/\\\/redenoticiaz.com.br\\\/ribeiraopreto-regiao\\\/wp-content\\\/uploads\\\/sites\\\/4\\\/2024\\\/05\\\/Captura-de-tela-2024-05-01-113948.png?v=1714574401\",\"keywords\":[\"EMPREGO\",\"Lupo\",\"VAGA\"],\"articleSection\":[\"Emprego\"],\"inLanguage\":\"pt-BR\",\"potentialAction\":[{\"@type\":\"CommentAction\",\"name\":\"Comment\",\"target\":[\"https:\\\/\\\/redenoticiaz.com.br\\\/ribeiraopreto-regiao\\\/sp\\\/2025\\\/07\\\/11\\\/lupo-abre-novas-oportunidades-para-quem-busca-emprego-na-industria-textil#respond\"]}]},{\"@type\":\"WebPage\",\"@id\":\"https:\\\/\\\/redenoticiaz.com.br\\\/ribeiraopreto-regiao\\\/sp\\\/2025\\\/07\\\/11\\\/lupo-abre-novas-oportunidades-para-quem-busca-emprego-na-industria-textil\",\"url\":\"https:\\\/\\\/redenoticiaz.com.br\\\/ribeiraopreto-regiao\\\/sp\\\/2025\\\/07\\\/11\\\/lupo-abre-novas-oportunidades-para-quem-busca-emprego-na-industria-textil\",\"name\":\"Lupo abre novas oportunidades para quem busca emprego na ind\u00fastria t\u00eaxtil - Ribeir\u00e3o Preto e Regi\u00e3o\",\"isPartOf\":{\"@id\":\"https:\\\/\\\/redenoticiaz.com.br\\\/ribeiraopreto-regiao\\\/#website\"},\"primaryImageOfPage\":{\"@id\":\"https:\\\/\\\/redenoticiaz.com.br\\\/ribeiraopreto-regiao\\\/sp\\\/2025\\\/07\\\/11\\\/lupo-abre-novas-oportunidades-para-quem-busca-emprego-na-industria-textil#primaryimage\"},\"image\":{\"@id\":\"https:\\\/\\\/redenoticiaz.com.br\\\/ribeiraopreto-regiao\\\/sp\\\/2025\\\/07\\\/11\\\/lupo-abre-novas-oportunidades-para-quem-busca-emprego-na-industria-textil#primaryimage\"},\"thumbnailUrl\":\"https:\\\/\\\/redenoticiaz.com.br\\\/ribeiraopreto-regiao\\\/wp-content\\\/uploads\\\/sites\\\/4\\\/2024\\\/05\\\/Captura-de-tela-2024-05-01-113948.png?v=1714574401\",\"datePublished\":\"2025-07-11T13:54:07+00:00\",\"description\":\"A Lupo, uma das maiores empresas do setor t\u00eaxtil do Brasil, est\u00e1 com novas oportunidades abertas para quem deseja ingressar no mercado de trabalho.\",\"inLanguage\":\"pt-BR\",\"potentialAction\":[{\"@type\":\"ReadAction\",\"target\":[\"https:\\\/\\\/redenoticiaz.com.br\\\/ribeiraopreto-regiao\\\/sp\\\/2025\\\/07\\\/11\\\/lupo-abre-novas-oportunidades-para-quem-busca-emprego-na-industria-textil\"]}]},{\"@type\":\"ImageObject\",\"inLanguage\":\"pt-BR\",\"@id\":\"https:\\\/\\\/redenoticiaz.com.br\\\/ribeiraopreto-regiao\\\/sp\\\/2025\\\/07\\\/11\\\/lupo-abre-novas-oportunidades-para-quem-busca-emprego-na-industria-textil#primaryimage\",\"url\":\"https:\\\/\\\/redenoticiaz.com.br\\\/ribeiraopreto-regiao\\\/wp-content\\\/uploads\\\/sites\\\/4\\\/2024\\\/05\\\/Captura-de-tela-2024-05-01-113948.png?v=1714574401\",\"contentUrl\":\"https:\\\/\\\/redenoticiaz.com.br\\\/ribeiraopreto-regiao\\\/wp-content\\\/uploads\\\/sites\\\/4\\\/2024\\\/05\\\/Captura-de-tela-2024-05-01-113948.png?v=1714574401\",\"width\":481,\"height\":209},{\"@type\":\"WebSite\",\"@id\":\"https:\\\/\\\/redenoticiaz.com.br\\\/ribeiraopreto-regiao\\\/#website\",\"url\":\"https:\\\/\\\/redenoticiaz.com.br\\\/ribeiraopreto-regiao\\\/\",\"name\":\"Ribeir\u00e3o Preto e Regi\u00e3o\",\"description\":\"Rede NoticiaZ - Ribeir\u00e3o Preto e regi\u00e3o\",\"publisher\":{\"@id\":\"https:\\\/\\\/redenoticiaz.com.br\\\/ribeiraopreto-regiao\\\/#organization\"},\"potentialAction\":[{\"@type\":\"SearchAction\",\"target\":{\"@type\":\"EntryPoint\",\"urlTemplate\":\"https:\\\/\\\/redenoticiaz.com.br\\\/ribeiraopreto-regiao\\\/?s={search_term_string}\"},\"query-input\":{\"@type\":\"PropertyValueSpecification\",\"valueRequired\":true,\"valueName\":\"search_term_string\"}}],\"inLanguage\":\"pt-BR\"},{\"@type\":\"Organization\",\"@id\":\"https:\\\/\\\/redenoticiaz.com.br\\\/ribeiraopreto-regiao\\\/#organization\",\"name\":\"Ribeir\u00e3o Preto e Regi\u00e3o\",\"url\":\"https:\\\/\\\/redenoticiaz.com.br\\\/ribeiraopreto-regiao\\\/\",\"logo\":{\"@type\":\"ImageObject\",\"inLanguage\":\"pt-BR\",\"@id\":\"https:\\\/\\\/redenoticiaz.com.br\\\/ribeiraopreto-regiao\\\/#\\\/schema\\\/logo\\\/image\\\/\",\"url\":\"https:\\\/\\\/redenoticiaz.com.br\\\/barretos-regiao\\\/wp-content\\\/uploads\\\/sites\\\/4\\\/2022\\\/02\\\/logo.jpg\",\"contentUrl\":\"https:\\\/\\\/redenoticiaz.com.br\\\/barretos-regiao\\\/wp-content\\\/uploads\\\/sites\\\/4\\\/2022\\\/02\\\/logo.jpg\",\"width\":400,\"height\":250,\"caption\":\"Ribeir\u00e3o Preto e Regi\u00e3o\"},\"image\":{\"@id\":\"https:\\\/\\\/redenoticiaz.com.br\\\/ribeiraopreto-regiao\\\/#\\\/schema\\\/logo\\\/image\\\/\"},\"sameAs\":[\"https:\\\/\\\/m.facebook.com\\\/redenoticiaz.barretos\",\"https:\\\/\\\/x.com\\\/RN_barretos\",\"https:\\\/\\\/www.instagram.com\\\/redenoticiaz.barretos\\\/?igshid=YmMyMTA2M2Y\",\"https:\\\/\\\/www.linkedin.com\\\/company\\\/rede-noticiaz-barretos-e-regio\\\/\"]},{\"@type\":\"Person\",\"@id\":\"https:\\\/\\\/redenoticiaz.com.br\\\/ribeiraopreto-regiao\\\/#\\\/schema\\\/person\\\/1f84d6e94e6a62d2d81199d7503e9e90\",\"name\":\"Carina Reifonas\",\"image\":{\"@type\":\"ImageObject\",\"inLanguage\":\"pt-BR\",\"@id\":\"https:\\\/\\\/secure.gravatar.com\\\/avatar\\\/04c59859b23696cf867715880f81d5c037e60109730bdb4e6670ec2a2245bc97?s=96&d=mm&r=g\",\"url\":\"https:\\\/\\\/secure.gravatar.com\\\/avatar\\\/04c59859b23696cf867715880f81d5c037e60109730bdb4e6670ec2a2245bc97?s=96&d=mm&r=g\",\"contentUrl\":\"https:\\\/\\\/secure.gravatar.com\\\/avatar\\\/04c59859b23696cf867715880f81d5c037e60109730bdb4e6670ec2a2245bc97?s=96&d=mm&r=g\",\"caption\":\"Carina Reifonas\"},\"url\":\"https:\\\/\\\/redenoticiaz.com.br\\\/ribeiraopreto-regiao\\\/sp\\\/author\\\/carinareifonas\"}]}<\/script>\n<!-- \/ Yoast SEO plugin. -->","yoast_head_json":{"title":"Lupo abre novas oportunidades para quem busca emprego na ind\u00fastria t\u00eaxtil - Ribeir\u00e3o Preto e Regi\u00e3o","description":"A Lupo, uma das maiores empresas do setor t\u00eaxtil do Brasil, est\u00e1 com novas oportunidades abertas para quem deseja ingressar no mercado de trabalho.","robots":{"index":"index","follow":"follow","max-snippet":"max-snippet:-1","max-image-preview":"max-image-preview:large","max-video-preview":"max-video-preview:-1"},"canonical":"https:\/\/redenoticiaz.com.br\/ribeiraopreto-regiao\/sp\/2025\/07\/11\/lupo-abre-novas-oportunidades-para-quem-busca-emprego-na-industria-textil","og_locale":"pt_BR","og_type":"article","og_title":"Lupo abre novas oportunidades para quem busca emprego na ind\u00fastria t\u00eaxtil - Ribeir\u00e3o Preto e Regi\u00e3o","og_description":"A Lupo, uma das maiores empresas do setor t\u00eaxtil do Brasil, est\u00e1 com novas oportunidades abertas para quem deseja ingressar no mercado de trabalho.","og_url":"https:\/\/redenoticiaz.com.br\/ribeiraopreto-regiao\/sp\/2025\/07\/11\/lupo-abre-novas-oportunidades-para-quem-busca-emprego-na-industria-textil","og_site_name":"Ribeir\u00e3o Preto e Regi\u00e3o","article_publisher":"https:\/\/m.facebook.com\/redenoticiaz.barretos","article_published_time":"2025-07-11T13:54:07+00:00","og_image":[{"width":481,"height":209,"url":"https:\/\/redenoticiaz.com.br\/ribeiraopreto-regiao\/wp-content\/uploads\/sites\/4\/2024\/05\/Captura-de-tela-2024-05-01-113948.png?v=1714574401","type":"image\/png"}],"author":"Carina Reifonas","twitter_card":"summary_large_image","twitter_creator":"@RN_barretos","twitter_site":"@RN_barretos","twitter_misc":{"Escrito por":"Carina Reifonas","Est. tempo de leitura":"2 minutos"},"schema":{"@context":"https:\/\/schema.org","@graph":[{"@type":"Article","@id":"https:\/\/redenoticiaz.com.br\/ribeiraopreto-regiao\/sp\/2025\/07\/11\/lupo-abre-novas-oportunidades-para-quem-busca-emprego-na-industria-textil#article","isPartOf":{"@id":"https:\/\/redenoticiaz.com.br\/ribeiraopreto-regiao\/sp\/2025\/07\/11\/lupo-abre-novas-oportunidades-para-quem-busca-emprego-na-industria-textil"},"author":{"name":"Carina Reifonas","@id":"https:\/\/redenoticiaz.com.br\/ribeiraopreto-regiao\/#\/schema\/person\/1f84d6e94e6a62d2d81199d7503e9e90"},"headline":"Lupo abre novas oportunidades para quem busca emprego na ind\u00fastria t\u00eaxtil","datePublished":"2025-07-11T13:54:07+00:00","mainEntityOfPage":{"@id":"https:\/\/redenoticiaz.com.br\/ribeiraopreto-regiao\/sp\/2025\/07\/11\/lupo-abre-novas-oportunidades-para-quem-busca-emprego-na-industria-textil"},"wordCount":222,"commentCount":0,"publisher":{"@id":"https:\/\/redenoticiaz.com.br\/ribeiraopreto-regiao\/#organization"},"image":{"@id":"https:\/\/redenoticiaz.com.br\/ribeiraopreto-regiao\/sp\/2025\/07\/11\/lupo-abre-novas-oportunidades-para-quem-busca-emprego-na-industria-textil#primaryimage"},"thumbnailUrl":"https:\/\/redenoticiaz.com.br\/ribeiraopreto-regiao\/wp-content\/uploads\/sites\/4\/2024\/05\/Captura-de-tela-2024-05-01-113948.png?v=1714574401","keywords":["EMPREGO","Lupo","VAGA"],"articleSection":["Emprego"],"inLanguage":"pt-BR","potentialAction":[{"@type":"CommentAction","name":"Comment","target":["https:\/\/redenoticiaz.com.br\/ribeiraopreto-regiao\/sp\/2025\/07\/11\/lupo-abre-novas-oportunidades-para-quem-busca-emprego-na-industria-textil#respond"]}]},{"@type":"WebPage","@id":"https:\/\/redenoticiaz.com.br\/ribeiraopreto-regiao\/sp\/2025\/07\/11\/lupo-abre-novas-oportunidades-para-quem-busca-emprego-na-industria-textil","url":"https:\/\/redenoticiaz.com.br\/ribeiraopreto-regiao\/sp\/2025\/07\/11\/lupo-abre-novas-oportunidades-para-quem-busca-emprego-na-industria-textil","name":"Lupo abre novas oportunidades para quem busca emprego na ind\u00fastria t\u00eaxtil - Ribeir\u00e3o Preto e Regi\u00e3o","isPartOf":{"@id":"https:\/\/redenoticiaz.com.br\/ribeiraopreto-regiao\/#website"},"primaryImageOfPage":{"@id":"https:\/\/redenoticiaz.com.br\/ribeiraopreto-regiao\/sp\/2025\/07\/11\/lupo-abre-novas-oportunidades-para-quem-busca-emprego-na-industria-textil#primaryimage"},"image":{"@id":"https:\/\/redenoticiaz.com.br\/ribeiraopreto-regiao\/sp\/2025\/07\/11\/lupo-abre-novas-oportunidades-para-quem-busca-emprego-na-industria-textil#primaryimage"},"thumbnailUrl":"https:\/\/redenoticiaz.com.br\/ribeiraopreto-regiao\/wp-content\/uploads\/sites\/4\/2024\/05\/Captura-de-tela-2024-05-01-113948.png?v=1714574401","datePublished":"2025-07-11T13:54:07+00:00","description":"A Lupo, uma das maiores empresas do setor t\u00eaxtil do Brasil, est\u00e1 com novas oportunidades abertas para quem deseja ingressar no mercado de trabalho.","inLanguage":"pt-BR","potentialAction":[{"@type":"ReadAction","target":["https:\/\/redenoticiaz.com.br\/ribeiraopreto-regiao\/sp\/2025\/07\/11\/lupo-abre-novas-oportunidades-para-quem-busca-emprego-na-industria-textil"]}]},{"@type":"ImageObject","inLanguage":"pt-BR","@id":"https:\/\/redenoticiaz.com.br\/ribeiraopreto-regiao\/sp\/2025\/07\/11\/lupo-abre-novas-oportunidades-para-quem-busca-emprego-na-industria-textil#primaryimage","url":"https:\/\/redenoticiaz.com.br\/ribeiraopreto-regiao\/wp-content\/uploads\/sites\/4\/2024\/05\/Captura-de-tela-2024-05-01-113948.png?v=1714574401","contentUrl":"https:\/\/redenoticiaz.com.br\/ribeiraopreto-regiao\/wp-content\/uploads\/sites\/4\/2024\/05\/Captura-de-tela-2024-05-01-113948.png?v=1714574401","width":481,"height":209},{"@type":"WebSite","@id":"https:\/\/redenoticiaz.com.br\/ribeiraopreto-regiao\/#website","url":"https:\/\/redenoticiaz.com.br\/ribeiraopreto-regiao\/","name":"Ribeir\u00e3o Preto e Regi\u00e3o","description":"Rede NoticiaZ - Ribeir\u00e3o Preto e regi\u00e3o","publisher":{"@id":"https:\/\/redenoticiaz.com.br\/ribeiraopreto-regiao\/#organization"},"potentialAction":[{"@type":"SearchAction","target":{"@type":"EntryPoint","urlTemplate":"https:\/\/redenoticiaz.com.br\/ribeiraopreto-regiao\/?s={search_term_string}"},"query-input":{"@type":"PropertyValueSpecification","valueRequired":true,"valueName":"search_term_string"}}],"inLanguage":"pt-BR"},{"@type":"Organization","@id":"https:\/\/redenoticiaz.com.br\/ribeiraopreto-regiao\/#organization","name":"Ribeir\u00e3o Preto e Regi\u00e3o","url":"https:\/\/redenoticiaz.com.br\/ribeiraopreto-regiao\/","logo":{"@type":"ImageObject","inLanguage":"pt-BR","@id":"https:\/\/redenoticiaz.com.br\/ribeiraopreto-regiao\/#\/schema\/logo\/image\/","url":"https:\/\/redenoticiaz.com.br\/barretos-regiao\/wp-content\/uploads\/sites\/4\/2022\/02\/logo.jpg","contentUrl":"https:\/\/redenoticiaz.com.br\/barretos-regiao\/wp-content\/uploads\/sites\/4\/2022\/02\/logo.jpg","width":400,"height":250,"caption":"Ribeir\u00e3o Preto e Regi\u00e3o"},"image":{"@id":"https:\/\/redenoticiaz.com.br\/ribeiraopreto-regiao\/#\/schema\/logo\/image\/"},"sameAs":["https:\/\/m.facebook.com\/redenoticiaz.barretos","https:\/\/x.com\/RN_barretos","https:\/\/www.instagram.com\/redenoticiaz.barretos\/?igshid=YmMyMTA2M2Y","https:\/\/www.linkedin.com\/company\/rede-noticiaz-barretos-e-regio\/"]},{"@type":"Person","@id":"https:\/\/redenoticiaz.com.br\/ribeiraopreto-regiao\/#\/schema\/person\/1f84d6e94e6a62d2d81199d7503e9e90","name":"Carina Reifonas","image":{"@type":"ImageObject","inLanguage":"pt-BR","@id":"https:\/\/secure.gravatar.com\/avatar\/04c59859b23696cf867715880f81d5c037e60109730bdb4e6670ec2a2245bc97?s=96&d=mm&r=g","url":"https:\/\/secure.gravatar.com\/avatar\/04c59859b23696cf867715880f81d5c037e60109730bdb4e6670ec2a2245bc97?s=96&d=mm&r=g","contentUrl":"https:\/\/secure.gravatar.com\/avatar\/04c59859b23696cf867715880f81d5c037e60109730bdb4e6670ec2a2245bc97?s=96&d=mm&r=g","caption":"Carina Reifonas"},"url":"https:\/\/redenoticiaz.com.br\/ribeiraopreto-regiao\/sp\/author\/carinareifonas"}]}},"_links":{"self":[{"href":"https:\/\/redenoticiaz.com.br\/ribeiraopreto-regiao\/wp-json\/wp\/v2\/posts\/119967","targetHints":{"allow":["GET"]}}],"collection":[{"href":"https:\/\/redenoticiaz.com.br\/ribeiraopreto-regiao\/wp-json\/wp\/v2\/posts"}],"about":[{"href":"https:\/\/redenoticiaz.com.br\/ribeiraopreto-regiao\/wp-json\/wp\/v2\/types\/post"}],"author":[{"embeddable":true,"href":"https:\/\/redenoticiaz.com.br\/ribeiraopreto-regiao\/wp-json\/wp\/v2\/users\/30"}],"replies":[{"embeddable":true,"href":"https:\/\/redenoticiaz.com.br\/ribeiraopreto-regiao\/wp-json\/wp\/v2\/comments?post=119967"}],"version-history":[{"count":0,"href":"https:\/\/redenoticiaz.com.br\/ribeiraopreto-regiao\/wp-json\/wp\/v2\/posts\/119967\/revisions"}],"wp:featuredmedia":[{"embeddable":true,"href":"https:\/\/redenoticiaz.com.br\/ribeiraopreto-regiao\/wp-json\/wp\/v2\/media\/116925"}],"wp:attachment":[{"href":"https:\/\/redenoticiaz.com.br\/ribeiraopreto-regiao\/wp-json\/wp\/v2\/media?parent=119967"}],"wp:term":[{"taxonomy":"category","embeddable":true,"href":"https:\/\/redenoticiaz.com.br\/ribeiraopreto-regiao\/wp-json\/wp\/v2\/categories?post=119967"},{"taxonomy":"post_tag","embeddable":true,"href":"https:\/\/redenoticiaz.com.br\/ribeiraopreto-regiao\/wp-json\/wp\/v2\/tags?post=119967"}],"curies":[{"name":"wp","href":"https:\/\/api.w.org\/{rel}","templated":true}]}}