{"id":119968,"date":"2025-07-11T11:10:01","date_gmt":"2025-07-11T14:10:01","guid":{"rendered":"https:\/\/redenoticiaz.com.br\/barretos-regiao\/sp\/2025\/07\/11\/nubank-abre-novas-vagas-em-areas-de-trabalho"},"modified":"2025-07-11T11:10:01","modified_gmt":"2025-07-11T14:10:01","slug":"nubank-abre-novas-vagas-em-areas-de-trabalho","status":"publish","type":"post","link":"https:\/\/redenoticiaz.com.br\/ribeiraopreto-regiao\/sp\/2025\/07\/11\/nubank-abre-novas-vagas-em-areas-de-trabalho","title":{"rendered":"Nubank abre novas vagas em \u00e1reas de trabalho"},"content":{"rendered":"<p>O Nubank, uma das maiores plataformas digitais de servi\u00e7os financeiros da Am\u00e9rica Latina, est\u00e1 com novas oportunidades de emprego abertas para profissionais que desejam atuar em um ambiente din\u00e2mico, inovador e com forte presen\u00e7a tecnol\u00f3gica.<\/p>\n<p>Ao todo, s\u00e3o <strong>12 vagas<\/strong> distribu\u00eddas entre \u00e1reas essenciais da empresa, com destaque para o setor de tecnologia e finan\u00e7as. Confira as posi\u00e7\u00f5es dispon\u00edveis:<\/p>\n<ul>\n<li>Engineer (Engenharia de Software) \u2013 5 vagas<\/li>\n<li>FP&amp;A (Planejamento e An\u00e1lise Financeira) \u2013 4 vagas<\/li>\n<li>Controllership (Controladoria) \u2013 1 vaga<\/li>\n<li>Product (Produto) \u2013 1 vaga<\/li>\n<li>Risk Management (Gest\u00e3o de Riscos) \u2013 1 vaga<\/li>\n<\/ul>\n<p>As vagas contemplam diferentes n\u00edveis de experi\u00eancia e oferecem a chance de trabalhar em um dos principais unic\u00f3rnios brasileiros, conhecido por valorizar a diversidade, a inclus\u00e3o e a cultura de aprendizado cont\u00ednuo.<\/p>\n<p>Os interessados podem se candidatar diretamente pelo site oficial do <a href=\"https:\/\/international.nubank.com.br\/pt-br\/jobs\/\">Nubank<\/a>.<\/p>\n<p>Siga nossas redes sociais no <a href=\"https:\/\/www.instagram.com\/redenoticiaz\/\">Instagram<\/a> e <a href=\"https:\/\/www.facebook.com\/p\/Rede-Noticiaz-100063557592062\/?_rdr\">Facebook<\/a> para ficar por dentro de todas as novidades e atualiza\u00e7\u00f5es!<\/p>\n<p>Junte-se ao canal de empregos do<a href=\"https:\/\/chat.whatsapp.com\/IZvl6ywXD9K5Zh7loxWKGE\"> Rede Noticias WhatsApp\u00a0<\/a><\/p>\n<p>LEIA MAIS<\/p>\n<p><a href=\"https:\/\/redenoticiaz.com.br\/blog\/2025\/07\/11\/lupo-abre-novas-oportunidades-para-quem-busca-emprego-na-industria-textil\">Lupo abre novas oportunidades para quem busca emprego na ind\u00fastria t\u00eaxtil<\/a><\/p>\n<p><a href=\"https:\/\/redenoticiaz.com.br\/blog\/2025\/07\/11\/empregos-em-home-office-e-com-salario-em-dolar\">Empregos em home office e com sal\u00e1rio em d\u00f3lar<\/a><\/p>\n","protected":false},"excerpt":{"rendered":"<p>O Nubank, uma das maiores plataformas digitais de servi\u00e7os financeiros da Am\u00e9rica Latina, est\u00e1 com novas oportunidades de emprego abertas para profissionais que desejam atuar em um ambiente din\u00e2mico, inovador e com forte presen\u00e7a tecnol\u00f3gica. Ao todo, s\u00e3o 12 vagas distribu\u00eddas entre \u00e1reas essenciais da empresa, com destaque para o setor de tecnologia e finan\u00e7as. &hellip;<\/p>\n","protected":false},"author":30,"featured_media":116823,"comment_status":"open","ping_status":"closed","sticky":false,"template":"","format":"standard","meta":{"footnotes":""},"categories":[29902],"tags":[],"class_list":["post-119968","post","type-post","status-publish","format-standard","has-post-thumbnail","hentry","category-emprego"],"yoast_head":"<!-- This site is optimized with the Yoast SEO plugin v27.4 - https:\/\/yoast.com\/product\/yoast-seo-wordpress\/ -->\n<title>Nubank abre novas vagas em \u00e1reas de trabalho - Ribeir\u00e3o Preto e Regi\u00e3o<\/title>\n<meta name=\"description\" content=\"O Nubank, uma das maiores plataformas digitais de servi\u00e7os financeiros da Am\u00e9rica Latina, est\u00e1 com novas oportunidades de emprego abertas\" \/>\n<meta name=\"robots\" content=\"index, follow, max-snippet:-1, max-image-preview:large, max-video-preview:-1\" \/>\n<link rel=\"canonical\" href=\"https:\/\/redenoticiaz.com.br\/ribeiraopreto-regiao\/sp\/2025\/07\/11\/nubank-abre-novas-vagas-em-areas-de-trabalho\" \/>\n<meta property=\"og:locale\" content=\"pt_BR\" \/>\n<meta property=\"og:type\" content=\"article\" \/>\n<meta property=\"og:title\" content=\"Nubank abre novas vagas em \u00e1reas de trabalho - Ribeir\u00e3o Preto e Regi\u00e3o\" \/>\n<meta property=\"og:description\" content=\"O Nubank, uma das maiores plataformas digitais de servi\u00e7os financeiros da Am\u00e9rica Latina, est\u00e1 com novas oportunidades de emprego abertas\" \/>\n<meta property=\"og:url\" content=\"https:\/\/redenoticiaz.com.br\/ribeiraopreto-regiao\/sp\/2025\/07\/11\/nubank-abre-novas-vagas-em-areas-de-trabalho\" \/>\n<meta property=\"og:site_name\" content=\"Ribeir\u00e3o Preto e Regi\u00e3o\" \/>\n<meta property=\"article:publisher\" content=\"https:\/\/m.facebook.com\/redenoticiaz.barretos\" \/>\n<meta property=\"article:published_time\" content=\"2025-07-11T14:10:01+00:00\" \/>\n<meta property=\"og:image\" content=\"https:\/\/redenoticiaz.com.br\/ribeiraopreto-regiao\/wp-content\/uploads\/sites\/4\/2024\/04\/Captura-de-tela-2024-04-21-100732.png?v=1713704878\" \/>\n\t<meta property=\"og:image:width\" content=\"433\" \/>\n\t<meta property=\"og:image:height\" content=\"328\" \/>\n\t<meta property=\"og:image:type\" content=\"image\/png\" \/>\n<meta name=\"author\" content=\"Carina Reifonas\" \/>\n<meta name=\"twitter:card\" content=\"summary_large_image\" \/>\n<meta name=\"twitter:creator\" content=\"@RN_barretos\" \/>\n<meta name=\"twitter:site\" content=\"@RN_barretos\" \/>\n<meta name=\"twitter:label1\" content=\"Escrito por\" \/>\n\t<meta name=\"twitter:data1\" content=\"Carina Reifonas\" \/>\n\t<meta name=\"twitter:label2\" content=\"Est. tempo de leitura\" \/>\n\t<meta name=\"twitter:data2\" content=\"2 minutos\" \/>\n<script type=\"application\/ld+json\" class=\"yoast-schema-graph\">{\"@context\":\"https:\\\/\\\/schema.org\",\"@graph\":[{\"@type\":\"Article\",\"@id\":\"https:\\\/\\\/redenoticiaz.com.br\\\/ribeiraopreto-regiao\\\/sp\\\/2025\\\/07\\\/11\\\/nubank-abre-novas-vagas-em-areas-de-trabalho#article\",\"isPartOf\":{\"@id\":\"https:\\\/\\\/redenoticiaz.com.br\\\/ribeiraopreto-regiao\\\/sp\\\/2025\\\/07\\\/11\\\/nubank-abre-novas-vagas-em-areas-de-trabalho\"},\"author\":{\"name\":\"Carina Reifonas\",\"@id\":\"https:\\\/\\\/redenoticiaz.com.br\\\/ribeiraopreto-regiao\\\/#\\\/schema\\\/person\\\/1f84d6e94e6a62d2d81199d7503e9e90\"},\"headline\":\"Nubank abre novas vagas em \u00e1reas de trabalho\",\"datePublished\":\"2025-07-11T14:10:01+00:00\",\"mainEntityOfPage\":{\"@id\":\"https:\\\/\\\/redenoticiaz.com.br\\\/ribeiraopreto-regiao\\\/sp\\\/2025\\\/07\\\/11\\\/nubank-abre-novas-vagas-em-areas-de-trabalho\"},\"wordCount\":205,\"commentCount\":0,\"publisher\":{\"@id\":\"https:\\\/\\\/redenoticiaz.com.br\\\/ribeiraopreto-regiao\\\/#organization\"},\"image\":{\"@id\":\"https:\\\/\\\/redenoticiaz.com.br\\\/ribeiraopreto-regiao\\\/sp\\\/2025\\\/07\\\/11\\\/nubank-abre-novas-vagas-em-areas-de-trabalho#primaryimage\"},\"thumbnailUrl\":\"https:\\\/\\\/redenoticiaz.com.br\\\/ribeiraopreto-regiao\\\/wp-content\\\/uploads\\\/sites\\\/4\\\/2024\\\/04\\\/Captura-de-tela-2024-04-21-100732.png?v=1713704878\",\"articleSection\":[\"Emprego\"],\"inLanguage\":\"pt-BR\",\"potentialAction\":[{\"@type\":\"CommentAction\",\"name\":\"Comment\",\"target\":[\"https:\\\/\\\/redenoticiaz.com.br\\\/ribeiraopreto-regiao\\\/sp\\\/2025\\\/07\\\/11\\\/nubank-abre-novas-vagas-em-areas-de-trabalho#respond\"]}]},{\"@type\":\"WebPage\",\"@id\":\"https:\\\/\\\/redenoticiaz.com.br\\\/ribeiraopreto-regiao\\\/sp\\\/2025\\\/07\\\/11\\\/nubank-abre-novas-vagas-em-areas-de-trabalho\",\"url\":\"https:\\\/\\\/redenoticiaz.com.br\\\/ribeiraopreto-regiao\\\/sp\\\/2025\\\/07\\\/11\\\/nubank-abre-novas-vagas-em-areas-de-trabalho\",\"name\":\"Nubank abre novas vagas em \u00e1reas de trabalho - Ribeir\u00e3o Preto e Regi\u00e3o\",\"isPartOf\":{\"@id\":\"https:\\\/\\\/redenoticiaz.com.br\\\/ribeiraopreto-regiao\\\/#website\"},\"primaryImageOfPage\":{\"@id\":\"https:\\\/\\\/redenoticiaz.com.br\\\/ribeiraopreto-regiao\\\/sp\\\/2025\\\/07\\\/11\\\/nubank-abre-novas-vagas-em-areas-de-trabalho#primaryimage\"},\"image\":{\"@id\":\"https:\\\/\\\/redenoticiaz.com.br\\\/ribeiraopreto-regiao\\\/sp\\\/2025\\\/07\\\/11\\\/nubank-abre-novas-vagas-em-areas-de-trabalho#primaryimage\"},\"thumbnailUrl\":\"https:\\\/\\\/redenoticiaz.com.br\\\/ribeiraopreto-regiao\\\/wp-content\\\/uploads\\\/sites\\\/4\\\/2024\\\/04\\\/Captura-de-tela-2024-04-21-100732.png?v=1713704878\",\"datePublished\":\"2025-07-11T14:10:01+00:00\",\"description\":\"O Nubank, uma das maiores plataformas digitais de servi\u00e7os financeiros da Am\u00e9rica Latina, est\u00e1 com novas oportunidades de emprego abertas\",\"inLanguage\":\"pt-BR\",\"potentialAction\":[{\"@type\":\"ReadAction\",\"target\":[\"https:\\\/\\\/redenoticiaz.com.br\\\/ribeiraopreto-regiao\\\/sp\\\/2025\\\/07\\\/11\\\/nubank-abre-novas-vagas-em-areas-de-trabalho\"]}]},{\"@type\":\"ImageObject\",\"inLanguage\":\"pt-BR\",\"@id\":\"https:\\\/\\\/redenoticiaz.com.br\\\/ribeiraopreto-regiao\\\/sp\\\/2025\\\/07\\\/11\\\/nubank-abre-novas-vagas-em-areas-de-trabalho#primaryimage\",\"url\":\"https:\\\/\\\/redenoticiaz.com.br\\\/ribeiraopreto-regiao\\\/wp-content\\\/uploads\\\/sites\\\/4\\\/2024\\\/04\\\/Captura-de-tela-2024-04-21-100732.png?v=1713704878\",\"contentUrl\":\"https:\\\/\\\/redenoticiaz.com.br\\\/ribeiraopreto-regiao\\\/wp-content\\\/uploads\\\/sites\\\/4\\\/2024\\\/04\\\/Captura-de-tela-2024-04-21-100732.png?v=1713704878\",\"width\":433,\"height\":328},{\"@type\":\"WebSite\",\"@id\":\"https:\\\/\\\/redenoticiaz.com.br\\\/ribeiraopreto-regiao\\\/#website\",\"url\":\"https:\\\/\\\/redenoticiaz.com.br\\\/ribeiraopreto-regiao\\\/\",\"name\":\"Ribeir\u00e3o Preto e Regi\u00e3o\",\"description\":\"Rede NoticiaZ - Ribeir\u00e3o Preto e regi\u00e3o\",\"publisher\":{\"@id\":\"https:\\\/\\\/redenoticiaz.com.br\\\/ribeiraopreto-regiao\\\/#organization\"},\"potentialAction\":[{\"@type\":\"SearchAction\",\"target\":{\"@type\":\"EntryPoint\",\"urlTemplate\":\"https:\\\/\\\/redenoticiaz.com.br\\\/ribeiraopreto-regiao\\\/?s={search_term_string}\"},\"query-input\":{\"@type\":\"PropertyValueSpecification\",\"valueRequired\":true,\"valueName\":\"search_term_string\"}}],\"inLanguage\":\"pt-BR\"},{\"@type\":\"Organization\",\"@id\":\"https:\\\/\\\/redenoticiaz.com.br\\\/ribeiraopreto-regiao\\\/#organization\",\"name\":\"Ribeir\u00e3o Preto e Regi\u00e3o\",\"url\":\"https:\\\/\\\/redenoticiaz.com.br\\\/ribeiraopreto-regiao\\\/\",\"logo\":{\"@type\":\"ImageObject\",\"inLanguage\":\"pt-BR\",\"@id\":\"https:\\\/\\\/redenoticiaz.com.br\\\/ribeiraopreto-regiao\\\/#\\\/schema\\\/logo\\\/image\\\/\",\"url\":\"https:\\\/\\\/redenoticiaz.com.br\\\/barretos-regiao\\\/wp-content\\\/uploads\\\/sites\\\/4\\\/2022\\\/02\\\/logo.jpg\",\"contentUrl\":\"https:\\\/\\\/redenoticiaz.com.br\\\/barretos-regiao\\\/wp-content\\\/uploads\\\/sites\\\/4\\\/2022\\\/02\\\/logo.jpg\",\"width\":400,\"height\":250,\"caption\":\"Ribeir\u00e3o Preto e Regi\u00e3o\"},\"image\":{\"@id\":\"https:\\\/\\\/redenoticiaz.com.br\\\/ribeiraopreto-regiao\\\/#\\\/schema\\\/logo\\\/image\\\/\"},\"sameAs\":[\"https:\\\/\\\/m.facebook.com\\\/redenoticiaz.barretos\",\"https:\\\/\\\/x.com\\\/RN_barretos\",\"https:\\\/\\\/www.instagram.com\\\/redenoticiaz.barretos\\\/?igshid=YmMyMTA2M2Y\",\"https:\\\/\\\/www.linkedin.com\\\/company\\\/rede-noticiaz-barretos-e-regio\\\/\"]},{\"@type\":\"Person\",\"@id\":\"https:\\\/\\\/redenoticiaz.com.br\\\/ribeiraopreto-regiao\\\/#\\\/schema\\\/person\\\/1f84d6e94e6a62d2d81199d7503e9e90\",\"name\":\"Carina Reifonas\",\"image\":{\"@type\":\"ImageObject\",\"inLanguage\":\"pt-BR\",\"@id\":\"https:\\\/\\\/secure.gravatar.com\\\/avatar\\\/04c59859b23696cf867715880f81d5c037e60109730bdb4e6670ec2a2245bc97?s=96&d=mm&r=g\",\"url\":\"https:\\\/\\\/secure.gravatar.com\\\/avatar\\\/04c59859b23696cf867715880f81d5c037e60109730bdb4e6670ec2a2245bc97?s=96&d=mm&r=g\",\"contentUrl\":\"https:\\\/\\\/secure.gravatar.com\\\/avatar\\\/04c59859b23696cf867715880f81d5c037e60109730bdb4e6670ec2a2245bc97?s=96&d=mm&r=g\",\"caption\":\"Carina Reifonas\"},\"url\":\"https:\\\/\\\/redenoticiaz.com.br\\\/ribeiraopreto-regiao\\\/sp\\\/author\\\/carinareifonas\"}]}<\/script>\n<!-- \/ Yoast SEO plugin. -->","yoast_head_json":{"title":"Nubank abre novas vagas em \u00e1reas de trabalho - Ribeir\u00e3o Preto e Regi\u00e3o","description":"O Nubank, uma das maiores plataformas digitais de servi\u00e7os financeiros da Am\u00e9rica Latina, est\u00e1 com novas oportunidades de emprego abertas","robots":{"index":"index","follow":"follow","max-snippet":"max-snippet:-1","max-image-preview":"max-image-preview:large","max-video-preview":"max-video-preview:-1"},"canonical":"https:\/\/redenoticiaz.com.br\/ribeiraopreto-regiao\/sp\/2025\/07\/11\/nubank-abre-novas-vagas-em-areas-de-trabalho","og_locale":"pt_BR","og_type":"article","og_title":"Nubank abre novas vagas em \u00e1reas de trabalho - Ribeir\u00e3o Preto e Regi\u00e3o","og_description":"O Nubank, uma das maiores plataformas digitais de servi\u00e7os financeiros da Am\u00e9rica Latina, est\u00e1 com novas oportunidades de emprego abertas","og_url":"https:\/\/redenoticiaz.com.br\/ribeiraopreto-regiao\/sp\/2025\/07\/11\/nubank-abre-novas-vagas-em-areas-de-trabalho","og_site_name":"Ribeir\u00e3o Preto e Regi\u00e3o","article_publisher":"https:\/\/m.facebook.com\/redenoticiaz.barretos","article_published_time":"2025-07-11T14:10:01+00:00","og_image":[{"width":433,"height":328,"url":"https:\/\/redenoticiaz.com.br\/ribeiraopreto-regiao\/wp-content\/uploads\/sites\/4\/2024\/04\/Captura-de-tela-2024-04-21-100732.png?v=1713704878","type":"image\/png"}],"author":"Carina Reifonas","twitter_card":"summary_large_image","twitter_creator":"@RN_barretos","twitter_site":"@RN_barretos","twitter_misc":{"Escrito por":"Carina Reifonas","Est. tempo de leitura":"2 minutos"},"schema":{"@context":"https:\/\/schema.org","@graph":[{"@type":"Article","@id":"https:\/\/redenoticiaz.com.br\/ribeiraopreto-regiao\/sp\/2025\/07\/11\/nubank-abre-novas-vagas-em-areas-de-trabalho#article","isPartOf":{"@id":"https:\/\/redenoticiaz.com.br\/ribeiraopreto-regiao\/sp\/2025\/07\/11\/nubank-abre-novas-vagas-em-areas-de-trabalho"},"author":{"name":"Carina Reifonas","@id":"https:\/\/redenoticiaz.com.br\/ribeiraopreto-regiao\/#\/schema\/person\/1f84d6e94e6a62d2d81199d7503e9e90"},"headline":"Nubank abre novas vagas em \u00e1reas de trabalho","datePublished":"2025-07-11T14:10:01+00:00","mainEntityOfPage":{"@id":"https:\/\/redenoticiaz.com.br\/ribeiraopreto-regiao\/sp\/2025\/07\/11\/nubank-abre-novas-vagas-em-areas-de-trabalho"},"wordCount":205,"commentCount":0,"publisher":{"@id":"https:\/\/redenoticiaz.com.br\/ribeiraopreto-regiao\/#organization"},"image":{"@id":"https:\/\/redenoticiaz.com.br\/ribeiraopreto-regiao\/sp\/2025\/07\/11\/nubank-abre-novas-vagas-em-areas-de-trabalho#primaryimage"},"thumbnailUrl":"https:\/\/redenoticiaz.com.br\/ribeiraopreto-regiao\/wp-content\/uploads\/sites\/4\/2024\/04\/Captura-de-tela-2024-04-21-100732.png?v=1713704878","articleSection":["Emprego"],"inLanguage":"pt-BR","potentialAction":[{"@type":"CommentAction","name":"Comment","target":["https:\/\/redenoticiaz.com.br\/ribeiraopreto-regiao\/sp\/2025\/07\/11\/nubank-abre-novas-vagas-em-areas-de-trabalho#respond"]}]},{"@type":"WebPage","@id":"https:\/\/redenoticiaz.com.br\/ribeiraopreto-regiao\/sp\/2025\/07\/11\/nubank-abre-novas-vagas-em-areas-de-trabalho","url":"https:\/\/redenoticiaz.com.br\/ribeiraopreto-regiao\/sp\/2025\/07\/11\/nubank-abre-novas-vagas-em-areas-de-trabalho","name":"Nubank abre novas vagas em \u00e1reas de trabalho - Ribeir\u00e3o Preto e Regi\u00e3o","isPartOf":{"@id":"https:\/\/redenoticiaz.com.br\/ribeiraopreto-regiao\/#website"},"primaryImageOfPage":{"@id":"https:\/\/redenoticiaz.com.br\/ribeiraopreto-regiao\/sp\/2025\/07\/11\/nubank-abre-novas-vagas-em-areas-de-trabalho#primaryimage"},"image":{"@id":"https:\/\/redenoticiaz.com.br\/ribeiraopreto-regiao\/sp\/2025\/07\/11\/nubank-abre-novas-vagas-em-areas-de-trabalho#primaryimage"},"thumbnailUrl":"https:\/\/redenoticiaz.com.br\/ribeiraopreto-regiao\/wp-content\/uploads\/sites\/4\/2024\/04\/Captura-de-tela-2024-04-21-100732.png?v=1713704878","datePublished":"2025-07-11T14:10:01+00:00","description":"O Nubank, uma das maiores plataformas digitais de servi\u00e7os financeiros da Am\u00e9rica Latina, est\u00e1 com novas oportunidades de emprego abertas","inLanguage":"pt-BR","potentialAction":[{"@type":"ReadAction","target":["https:\/\/redenoticiaz.com.br\/ribeiraopreto-regiao\/sp\/2025\/07\/11\/nubank-abre-novas-vagas-em-areas-de-trabalho"]}]},{"@type":"ImageObject","inLanguage":"pt-BR","@id":"https:\/\/redenoticiaz.com.br\/ribeiraopreto-regiao\/sp\/2025\/07\/11\/nubank-abre-novas-vagas-em-areas-de-trabalho#primaryimage","url":"https:\/\/redenoticiaz.com.br\/ribeiraopreto-regiao\/wp-content\/uploads\/sites\/4\/2024\/04\/Captura-de-tela-2024-04-21-100732.png?v=1713704878","contentUrl":"https:\/\/redenoticiaz.com.br\/ribeiraopreto-regiao\/wp-content\/uploads\/sites\/4\/2024\/04\/Captura-de-tela-2024-04-21-100732.png?v=1713704878","width":433,"height":328},{"@type":"WebSite","@id":"https:\/\/redenoticiaz.com.br\/ribeiraopreto-regiao\/#website","url":"https:\/\/redenoticiaz.com.br\/ribeiraopreto-regiao\/","name":"Ribeir\u00e3o Preto e Regi\u00e3o","description":"Rede NoticiaZ - Ribeir\u00e3o Preto e regi\u00e3o","publisher":{"@id":"https:\/\/redenoticiaz.com.br\/ribeiraopreto-regiao\/#organization"},"potentialAction":[{"@type":"SearchAction","target":{"@type":"EntryPoint","urlTemplate":"https:\/\/redenoticiaz.com.br\/ribeiraopreto-regiao\/?s={search_term_string}"},"query-input":{"@type":"PropertyValueSpecification","valueRequired":true,"valueName":"search_term_string"}}],"inLanguage":"pt-BR"},{"@type":"Organization","@id":"https:\/\/redenoticiaz.com.br\/ribeiraopreto-regiao\/#organization","name":"Ribeir\u00e3o Preto e Regi\u00e3o","url":"https:\/\/redenoticiaz.com.br\/ribeiraopreto-regiao\/","logo":{"@type":"ImageObject","inLanguage":"pt-BR","@id":"https:\/\/redenoticiaz.com.br\/ribeiraopreto-regiao\/#\/schema\/logo\/image\/","url":"https:\/\/redenoticiaz.com.br\/barretos-regiao\/wp-content\/uploads\/sites\/4\/2022\/02\/logo.jpg","contentUrl":"https:\/\/redenoticiaz.com.br\/barretos-regiao\/wp-content\/uploads\/sites\/4\/2022\/02\/logo.jpg","width":400,"height":250,"caption":"Ribeir\u00e3o Preto e Regi\u00e3o"},"image":{"@id":"https:\/\/redenoticiaz.com.br\/ribeiraopreto-regiao\/#\/schema\/logo\/image\/"},"sameAs":["https:\/\/m.facebook.com\/redenoticiaz.barretos","https:\/\/x.com\/RN_barretos","https:\/\/www.instagram.com\/redenoticiaz.barretos\/?igshid=YmMyMTA2M2Y","https:\/\/www.linkedin.com\/company\/rede-noticiaz-barretos-e-regio\/"]},{"@type":"Person","@id":"https:\/\/redenoticiaz.com.br\/ribeiraopreto-regiao\/#\/schema\/person\/1f84d6e94e6a62d2d81199d7503e9e90","name":"Carina Reifonas","image":{"@type":"ImageObject","inLanguage":"pt-BR","@id":"https:\/\/secure.gravatar.com\/avatar\/04c59859b23696cf867715880f81d5c037e60109730bdb4e6670ec2a2245bc97?s=96&d=mm&r=g","url":"https:\/\/secure.gravatar.com\/avatar\/04c59859b23696cf867715880f81d5c037e60109730bdb4e6670ec2a2245bc97?s=96&d=mm&r=g","contentUrl":"https:\/\/secure.gravatar.com\/avatar\/04c59859b23696cf867715880f81d5c037e60109730bdb4e6670ec2a2245bc97?s=96&d=mm&r=g","caption":"Carina Reifonas"},"url":"https:\/\/redenoticiaz.com.br\/ribeiraopreto-regiao\/sp\/author\/carinareifonas"}]}},"_links":{"self":[{"href":"https:\/\/redenoticiaz.com.br\/ribeiraopreto-regiao\/wp-json\/wp\/v2\/posts\/119968","targetHints":{"allow":["GET"]}}],"collection":[{"href":"https:\/\/redenoticiaz.com.br\/ribeiraopreto-regiao\/wp-json\/wp\/v2\/posts"}],"about":[{"href":"https:\/\/redenoticiaz.com.br\/ribeiraopreto-regiao\/wp-json\/wp\/v2\/types\/post"}],"author":[{"embeddable":true,"href":"https:\/\/redenoticiaz.com.br\/ribeiraopreto-regiao\/wp-json\/wp\/v2\/users\/30"}],"replies":[{"embeddable":true,"href":"https:\/\/redenoticiaz.com.br\/ribeiraopreto-regiao\/wp-json\/wp\/v2\/comments?post=119968"}],"version-history":[{"count":1,"href":"https:\/\/redenoticiaz.com.br\/ribeiraopreto-regiao\/wp-json\/wp\/v2\/posts\/119968\/revisions"}],"predecessor-version":[{"id":119969,"href":"https:\/\/redenoticiaz.com.br\/ribeiraopreto-regiao\/wp-json\/wp\/v2\/posts\/119968\/revisions\/119969"}],"wp:featuredmedia":[{"embeddable":true,"href":"https:\/\/redenoticiaz.com.br\/ribeiraopreto-regiao\/wp-json\/wp\/v2\/media\/116823"}],"wp:attachment":[{"href":"https:\/\/redenoticiaz.com.br\/ribeiraopreto-regiao\/wp-json\/wp\/v2\/media?parent=119968"}],"wp:term":[{"taxonomy":"category","embeddable":true,"href":"https:\/\/redenoticiaz.com.br\/ribeiraopreto-regiao\/wp-json\/wp\/v2\/categories?post=119968"},{"taxonomy":"post_tag","embeddable":true,"href":"https:\/\/redenoticiaz.com.br\/ribeiraopreto-regiao\/wp-json\/wp\/v2\/tags?post=119968"}],"curies":[{"name":"wp","href":"https:\/\/api.w.org\/{rel}","templated":true}]}}