{"id":120012,"date":"2025-07-20T12:00:50","date_gmt":"2025-07-20T15:00:50","guid":{"rendered":"https:\/\/redenoticiaz.com.br\/barretos-regiao\/?p=120012"},"modified":"2025-07-21T10:42:43","modified_gmt":"2025-07-21T13:42:43","slug":"netflix-inicia-gravacoes-de-minisserie-sobre-o-tricampeonato-do-brasil-em-1970","status":"publish","type":"post","link":"https:\/\/redenoticiaz.com.br\/ribeiraopreto-regiao\/sp\/2025\/07\/20\/netflix-inicia-gravacoes-de-minisserie-sobre-o-tricampeonato-do-brasil-em-1970","title":{"rendered":"Netflix inicia grava\u00e7\u00f5es de miniss\u00e9rie sobre o tricampeonato do Brasil em 1970"},"content":{"rendered":"<p>A Netflix anunciou o in\u00edcio das grava\u00e7\u00f5es de Brasil 70 \u2013 A Saga do Tri, miniss\u00e9rie de fic\u00e7\u00e3o que vai recontar a hist\u00f3rica campanha da Sele\u00e7\u00e3o Brasileira rumo ao tricampeonato mundial em 1970. A produ\u00e7\u00e3o \u00e9 estrelada por Rodrigo Santoro, que viver\u00e1 o t\u00e9cnico Jo\u00e3o Saldanha, Bruno Mazzeo como Zagallo, e Lucas Agr\u00edcola no papel de Pel\u00e9.<\/p>\n<p>As filmagens acontecem no Brasil e no M\u00e9xico, pa\u00edses que marcaram a prepara\u00e7\u00e3o e a conquista da ta\u00e7a. Ainda sem data de estreia, a s\u00e9rie promete uma narrativa imersiva dos bastidores, dos lances decisivos e do clima pol\u00edtico da \u00e9poca \u2014 em meio \u00e0 repress\u00e3o do regime militar no Brasil.<\/p>\n<p>A proposta da Netflix \u00e9 resgatar os momentos de tens\u00e3o, genialidade e supera\u00e7\u00e3o de craques como Pel\u00e9, Tost\u00e3o, G\u00e9rson, Carlos Alberto, Rivellino e Jairzinho, al\u00e9m dos t\u00e9cnicos Jo\u00e3o Saldanha e Zagallo, que comandaram a equipe durante o per\u00edodo.<\/p>\n<p>A dire\u00e7\u00e3o geral \u00e9 assinada por Paulo Morelli e Pedro Morelli, com epis\u00f3dios dirigidos tamb\u00e9m por Quico Meirelles. A cria\u00e7\u00e3o \u00e9 de Nan\u00e1 Xavier e Rafael Dornellas. O roteiro final tem colabora\u00e7\u00e3o de Felipe Sant&#8217;Angelo.<\/p>\n<p>Al\u00e9m do trio principal, o elenco conta com Marcelo Adnet (Eus\u00e9bio Teixeira), Bruna Mascarenhas (Rosemeri), Ravel Andrade (Tost\u00e3o), Gui Ferraz (Jairzinho), Caio Cabral (Carlos Alberto), Daniel Blanco (Rivellino), Maicon Rodrigues (Paulo C\u00e9zar Caju), entre outros nomes.<\/p>\n<p>LEIA MAIS<\/p>\n<p><a href=\"https:\/\/redenoticiaz.com.br\/blog\/2025\/07\/17\/video-traicao-e-flagrada-ao-vivo-em-show-do-coldplay\">V\u00cdDEO \u2014 Trai\u00e7\u00e3o \u00e9 flagrada ao vivo em show do Coldplay<\/a><\/p>\n<p><a href=\"https:\/\/redenoticiaz.com.br\/blog\/2025\/07\/17\/festa-julina-de-jundiai-2025-a-celebracao-inesquecivel-esta-pronta-para-comecar\">Festa Julina de Jundia\u00ed 2025: A Celebra\u00e7\u00e3o inesquec\u00edvel est\u00e1 pronta para come\u00e7ar!<\/a><\/p>\n","protected":false},"excerpt":{"rendered":"<p>A Netflix anunciou o in\u00edcio das grava\u00e7\u00f5es de Brasil 70 \u2013 A Saga do Tri, miniss\u00e9rie de fic\u00e7\u00e3o que vai recontar a hist\u00f3rica campanha da Sele\u00e7\u00e3o Brasileira rumo ao tricampeonato mundial em 1970. A produ\u00e7\u00e3o \u00e9 estrelada por Rodrigo Santoro, que viver\u00e1 o t\u00e9cnico Jo\u00e3o Saldanha, Bruno Mazzeo como Zagallo, e Lucas Agr\u00edcola no papel &hellip;<\/p>\n","protected":false},"author":30,"featured_media":120013,"comment_status":"open","ping_status":"closed","sticky":false,"template":"","format":"standard","meta":{"footnotes":""},"categories":[23210],"tags":[],"class_list":["post-120012","post","type-post","status-publish","format-standard","has-post-thumbnail","hentry","category-cameraz"],"yoast_head":"<!-- This site is optimized with the Yoast SEO plugin v27.5 - https:\/\/yoast.com\/product\/yoast-seo-wordpress\/ -->\n<title>Netflix inicia grava\u00e7\u00f5es de miniss\u00e9rie sobre o tricampeonato do Brasil em 1970 - Ribeir\u00e3o Preto e Regi\u00e3o<\/title>\n<meta name=\"description\" content=\"A Netflix anunciou o in\u00edcio das grava\u00e7\u00f5es de Brasil 70 \u2013 A Saga do Tri, miniss\u00e9rie de fic\u00e7\u00e3o que vai recontar a hist\u00f3rica campanha da Sele\u00e7\u00e3o Brasileira...\" \/>\n<meta name=\"robots\" content=\"index, follow, max-snippet:-1, max-image-preview:large, max-video-preview:-1\" \/>\n<link rel=\"canonical\" href=\"https:\/\/redenoticiaz.com.br\/ribeiraopreto-regiao\/sp\/2025\/07\/20\/netflix-inicia-gravacoes-de-minisserie-sobre-o-tricampeonato-do-brasil-em-1970\" \/>\n<meta property=\"og:locale\" content=\"pt_BR\" \/>\n<meta property=\"og:type\" content=\"article\" \/>\n<meta property=\"og:title\" content=\"Netflix inicia grava\u00e7\u00f5es de miniss\u00e9rie sobre o tricampeonato do Brasil em 1970 - Ribeir\u00e3o Preto e Regi\u00e3o\" \/>\n<meta property=\"og:description\" content=\"A Netflix anunciou o in\u00edcio das grava\u00e7\u00f5es de Brasil 70 \u2013 A Saga do Tri, miniss\u00e9rie de fic\u00e7\u00e3o que vai recontar a hist\u00f3rica campanha da Sele\u00e7\u00e3o Brasileira...\" \/>\n<meta property=\"og:url\" content=\"https:\/\/redenoticiaz.com.br\/ribeiraopreto-regiao\/sp\/2025\/07\/20\/netflix-inicia-gravacoes-de-minisserie-sobre-o-tricampeonato-do-brasil-em-1970\" \/>\n<meta property=\"og:site_name\" content=\"Ribeir\u00e3o Preto e Regi\u00e3o\" \/>\n<meta property=\"article:publisher\" content=\"https:\/\/m.facebook.com\/redenoticiaz.barretos\" \/>\n<meta property=\"article:published_time\" content=\"2025-07-20T15:00:50+00:00\" \/>\n<meta property=\"article:modified_time\" content=\"2025-07-21T13:42:43+00:00\" \/>\n<meta property=\"og:image\" content=\"https:\/\/redenoticiaz.com.br\/ribeiraopreto-regiao\/wp-content\/uploads\/sites\/4\/2025\/07\/4ac37ebd-afd0-74c3-6ecb-5ca5f74ac981-scaled.jpg?v=1752770162\" \/>\n\t<meta property=\"og:image:width\" content=\"1920\" \/>\n\t<meta property=\"og:image:height\" content=\"924\" \/>\n\t<meta property=\"og:image:type\" content=\"image\/jpeg\" \/>\n<meta name=\"author\" content=\"Carina Reifonas\" \/>\n<meta name=\"twitter:card\" content=\"summary_large_image\" \/>\n<meta name=\"twitter:creator\" content=\"@RN_barretos\" \/>\n<meta name=\"twitter:site\" content=\"@RN_barretos\" \/>\n<meta name=\"twitter:label1\" content=\"Escrito por\" \/>\n\t<meta name=\"twitter:data1\" content=\"Carina Reifonas\" \/>\n\t<meta name=\"twitter:label2\" content=\"Est. tempo de leitura\" \/>\n\t<meta name=\"twitter:data2\" content=\"2 minutos\" \/>\n<script type=\"application\/ld+json\" class=\"yoast-schema-graph\">{\"@context\":\"https:\\\/\\\/schema.org\",\"@graph\":[{\"@type\":\"Article\",\"@id\":\"https:\\\/\\\/redenoticiaz.com.br\\\/ribeiraopreto-regiao\\\/sp\\\/2025\\\/07\\\/20\\\/netflix-inicia-gravacoes-de-minisserie-sobre-o-tricampeonato-do-brasil-em-1970#article\",\"isPartOf\":{\"@id\":\"https:\\\/\\\/redenoticiaz.com.br\\\/ribeiraopreto-regiao\\\/sp\\\/2025\\\/07\\\/20\\\/netflix-inicia-gravacoes-de-minisserie-sobre-o-tricampeonato-do-brasil-em-1970\"},\"author\":{\"name\":\"Carina Reifonas\",\"@id\":\"https:\\\/\\\/redenoticiaz.com.br\\\/ribeiraopreto-regiao\\\/#\\\/schema\\\/person\\\/1f84d6e94e6a62d2d81199d7503e9e90\"},\"headline\":\"Netflix inicia grava\u00e7\u00f5es de miniss\u00e9rie sobre o tricampeonato do Brasil em 1970\",\"datePublished\":\"2025-07-20T15:00:50+00:00\",\"dateModified\":\"2025-07-21T13:42:43+00:00\",\"mainEntityOfPage\":{\"@id\":\"https:\\\/\\\/redenoticiaz.com.br\\\/ribeiraopreto-regiao\\\/sp\\\/2025\\\/07\\\/20\\\/netflix-inicia-gravacoes-de-minisserie-sobre-o-tricampeonato-do-brasil-em-1970\"},\"wordCount\":282,\"commentCount\":0,\"publisher\":{\"@id\":\"https:\\\/\\\/redenoticiaz.com.br\\\/ribeiraopreto-regiao\\\/#organization\"},\"image\":{\"@id\":\"https:\\\/\\\/redenoticiaz.com.br\\\/ribeiraopreto-regiao\\\/sp\\\/2025\\\/07\\\/20\\\/netflix-inicia-gravacoes-de-minisserie-sobre-o-tricampeonato-do-brasil-em-1970#primaryimage\"},\"thumbnailUrl\":\"https:\\\/\\\/redenoticiaz.com.br\\\/ribeiraopreto-regiao\\\/wp-content\\\/uploads\\\/sites\\\/4\\\/2025\\\/07\\\/4ac37ebd-afd0-74c3-6ecb-5ca5f74ac981-scaled.jpg?v=1752770162\",\"articleSection\":[\"C\u00e2mera Z\"],\"inLanguage\":\"pt-BR\",\"potentialAction\":[{\"@type\":\"CommentAction\",\"name\":\"Comment\",\"target\":[\"https:\\\/\\\/redenoticiaz.com.br\\\/ribeiraopreto-regiao\\\/sp\\\/2025\\\/07\\\/20\\\/netflix-inicia-gravacoes-de-minisserie-sobre-o-tricampeonato-do-brasil-em-1970#respond\"]}]},{\"@type\":\"WebPage\",\"@id\":\"https:\\\/\\\/redenoticiaz.com.br\\\/ribeiraopreto-regiao\\\/sp\\\/2025\\\/07\\\/20\\\/netflix-inicia-gravacoes-de-minisserie-sobre-o-tricampeonato-do-brasil-em-1970\",\"url\":\"https:\\\/\\\/redenoticiaz.com.br\\\/ribeiraopreto-regiao\\\/sp\\\/2025\\\/07\\\/20\\\/netflix-inicia-gravacoes-de-minisserie-sobre-o-tricampeonato-do-brasil-em-1970\",\"name\":\"Netflix inicia grava\u00e7\u00f5es de miniss\u00e9rie sobre o tricampeonato do Brasil em 1970 - Ribeir\u00e3o Preto e Regi\u00e3o\",\"isPartOf\":{\"@id\":\"https:\\\/\\\/redenoticiaz.com.br\\\/ribeiraopreto-regiao\\\/#website\"},\"primaryImageOfPage\":{\"@id\":\"https:\\\/\\\/redenoticiaz.com.br\\\/ribeiraopreto-regiao\\\/sp\\\/2025\\\/07\\\/20\\\/netflix-inicia-gravacoes-de-minisserie-sobre-o-tricampeonato-do-brasil-em-1970#primaryimage\"},\"image\":{\"@id\":\"https:\\\/\\\/redenoticiaz.com.br\\\/ribeiraopreto-regiao\\\/sp\\\/2025\\\/07\\\/20\\\/netflix-inicia-gravacoes-de-minisserie-sobre-o-tricampeonato-do-brasil-em-1970#primaryimage\"},\"thumbnailUrl\":\"https:\\\/\\\/redenoticiaz.com.br\\\/ribeiraopreto-regiao\\\/wp-content\\\/uploads\\\/sites\\\/4\\\/2025\\\/07\\\/4ac37ebd-afd0-74c3-6ecb-5ca5f74ac981-scaled.jpg?v=1752770162\",\"datePublished\":\"2025-07-20T15:00:50+00:00\",\"dateModified\":\"2025-07-21T13:42:43+00:00\",\"description\":\"A Netflix anunciou o in\u00edcio das grava\u00e7\u00f5es de Brasil 70 \u2013 A Saga do Tri, miniss\u00e9rie de fic\u00e7\u00e3o que vai recontar a hist\u00f3rica campanha da Sele\u00e7\u00e3o Brasileira...\",\"inLanguage\":\"pt-BR\",\"potentialAction\":[{\"@type\":\"ReadAction\",\"target\":[\"https:\\\/\\\/redenoticiaz.com.br\\\/ribeiraopreto-regiao\\\/sp\\\/2025\\\/07\\\/20\\\/netflix-inicia-gravacoes-de-minisserie-sobre-o-tricampeonato-do-brasil-em-1970\"]}]},{\"@type\":\"ImageObject\",\"inLanguage\":\"pt-BR\",\"@id\":\"https:\\\/\\\/redenoticiaz.com.br\\\/ribeiraopreto-regiao\\\/sp\\\/2025\\\/07\\\/20\\\/netflix-inicia-gravacoes-de-minisserie-sobre-o-tricampeonato-do-brasil-em-1970#primaryimage\",\"url\":\"https:\\\/\\\/redenoticiaz.com.br\\\/ribeiraopreto-regiao\\\/wp-content\\\/uploads\\\/sites\\\/4\\\/2025\\\/07\\\/4ac37ebd-afd0-74c3-6ecb-5ca5f74ac981-scaled.jpg?v=1752770162\",\"contentUrl\":\"https:\\\/\\\/redenoticiaz.com.br\\\/ribeiraopreto-regiao\\\/wp-content\\\/uploads\\\/sites\\\/4\\\/2025\\\/07\\\/4ac37ebd-afd0-74c3-6ecb-5ca5f74ac981-scaled.jpg?v=1752770162\",\"width\":1920,\"height\":924,\"caption\":\"A Saga do Tri \u2014 Cr\u00e9dito: Julia Mataruna, Ana Pazian e Fernando Young\"},{\"@type\":\"WebSite\",\"@id\":\"https:\\\/\\\/redenoticiaz.com.br\\\/ribeiraopreto-regiao\\\/#website\",\"url\":\"https:\\\/\\\/redenoticiaz.com.br\\\/ribeiraopreto-regiao\\\/\",\"name\":\"Ribeir\u00e3o Preto e Regi\u00e3o\",\"description\":\"Rede NoticiaZ - Ribeir\u00e3o Preto e regi\u00e3o\",\"publisher\":{\"@id\":\"https:\\\/\\\/redenoticiaz.com.br\\\/ribeiraopreto-regiao\\\/#organization\"},\"potentialAction\":[{\"@type\":\"SearchAction\",\"target\":{\"@type\":\"EntryPoint\",\"urlTemplate\":\"https:\\\/\\\/redenoticiaz.com.br\\\/ribeiraopreto-regiao\\\/?s={search_term_string}\"},\"query-input\":{\"@type\":\"PropertyValueSpecification\",\"valueRequired\":true,\"valueName\":\"search_term_string\"}}],\"inLanguage\":\"pt-BR\"},{\"@type\":\"Organization\",\"@id\":\"https:\\\/\\\/redenoticiaz.com.br\\\/ribeiraopreto-regiao\\\/#organization\",\"name\":\"Ribeir\u00e3o Preto e Regi\u00e3o\",\"url\":\"https:\\\/\\\/redenoticiaz.com.br\\\/ribeiraopreto-regiao\\\/\",\"logo\":{\"@type\":\"ImageObject\",\"inLanguage\":\"pt-BR\",\"@id\":\"https:\\\/\\\/redenoticiaz.com.br\\\/ribeiraopreto-regiao\\\/#\\\/schema\\\/logo\\\/image\\\/\",\"url\":\"https:\\\/\\\/redenoticiaz.com.br\\\/barretos-regiao\\\/wp-content\\\/uploads\\\/sites\\\/4\\\/2022\\\/02\\\/logo.jpg\",\"contentUrl\":\"https:\\\/\\\/redenoticiaz.com.br\\\/barretos-regiao\\\/wp-content\\\/uploads\\\/sites\\\/4\\\/2022\\\/02\\\/logo.jpg\",\"width\":400,\"height\":250,\"caption\":\"Ribeir\u00e3o Preto e Regi\u00e3o\"},\"image\":{\"@id\":\"https:\\\/\\\/redenoticiaz.com.br\\\/ribeiraopreto-regiao\\\/#\\\/schema\\\/logo\\\/image\\\/\"},\"sameAs\":[\"https:\\\/\\\/m.facebook.com\\\/redenoticiaz.barretos\",\"https:\\\/\\\/x.com\\\/RN_barretos\",\"https:\\\/\\\/www.instagram.com\\\/redenoticiaz.barretos\\\/?igshid=YmMyMTA2M2Y\",\"https:\\\/\\\/www.linkedin.com\\\/company\\\/rede-noticiaz-barretos-e-regio\\\/\"]},{\"@type\":\"Person\",\"@id\":\"https:\\\/\\\/redenoticiaz.com.br\\\/ribeiraopreto-regiao\\\/#\\\/schema\\\/person\\\/1f84d6e94e6a62d2d81199d7503e9e90\",\"name\":\"Carina Reifonas\",\"image\":{\"@type\":\"ImageObject\",\"inLanguage\":\"pt-BR\",\"@id\":\"https:\\\/\\\/secure.gravatar.com\\\/avatar\\\/04c59859b23696cf867715880f81d5c037e60109730bdb4e6670ec2a2245bc97?s=96&d=mm&r=g\",\"url\":\"https:\\\/\\\/secure.gravatar.com\\\/avatar\\\/04c59859b23696cf867715880f81d5c037e60109730bdb4e6670ec2a2245bc97?s=96&d=mm&r=g\",\"contentUrl\":\"https:\\\/\\\/secure.gravatar.com\\\/avatar\\\/04c59859b23696cf867715880f81d5c037e60109730bdb4e6670ec2a2245bc97?s=96&d=mm&r=g\",\"caption\":\"Carina Reifonas\"},\"url\":\"https:\\\/\\\/redenoticiaz.com.br\\\/ribeiraopreto-regiao\\\/sp\\\/author\\\/carinareifonas\"}]}<\/script>\n<!-- \/ Yoast SEO plugin. -->","yoast_head_json":{"title":"Netflix inicia grava\u00e7\u00f5es de miniss\u00e9rie sobre o tricampeonato do Brasil em 1970 - Ribeir\u00e3o Preto e Regi\u00e3o","description":"A Netflix anunciou o in\u00edcio das grava\u00e7\u00f5es de Brasil 70 \u2013 A Saga do Tri, miniss\u00e9rie de fic\u00e7\u00e3o que vai recontar a hist\u00f3rica campanha da Sele\u00e7\u00e3o Brasileira...","robots":{"index":"index","follow":"follow","max-snippet":"max-snippet:-1","max-image-preview":"max-image-preview:large","max-video-preview":"max-video-preview:-1"},"canonical":"https:\/\/redenoticiaz.com.br\/ribeiraopreto-regiao\/sp\/2025\/07\/20\/netflix-inicia-gravacoes-de-minisserie-sobre-o-tricampeonato-do-brasil-em-1970","og_locale":"pt_BR","og_type":"article","og_title":"Netflix inicia grava\u00e7\u00f5es de miniss\u00e9rie sobre o tricampeonato do Brasil em 1970 - Ribeir\u00e3o Preto e Regi\u00e3o","og_description":"A Netflix anunciou o in\u00edcio das grava\u00e7\u00f5es de Brasil 70 \u2013 A Saga do Tri, miniss\u00e9rie de fic\u00e7\u00e3o que vai recontar a hist\u00f3rica campanha da Sele\u00e7\u00e3o Brasileira...","og_url":"https:\/\/redenoticiaz.com.br\/ribeiraopreto-regiao\/sp\/2025\/07\/20\/netflix-inicia-gravacoes-de-minisserie-sobre-o-tricampeonato-do-brasil-em-1970","og_site_name":"Ribeir\u00e3o Preto e Regi\u00e3o","article_publisher":"https:\/\/m.facebook.com\/redenoticiaz.barretos","article_published_time":"2025-07-20T15:00:50+00:00","article_modified_time":"2025-07-21T13:42:43+00:00","og_image":[{"width":1920,"height":924,"url":"https:\/\/redenoticiaz.com.br\/ribeiraopreto-regiao\/wp-content\/uploads\/sites\/4\/2025\/07\/4ac37ebd-afd0-74c3-6ecb-5ca5f74ac981-scaled.jpg?v=1752770162","type":"image\/jpeg"}],"author":"Carina Reifonas","twitter_card":"summary_large_image","twitter_creator":"@RN_barretos","twitter_site":"@RN_barretos","twitter_misc":{"Escrito por":"Carina Reifonas","Est. tempo de leitura":"2 minutos"},"schema":{"@context":"https:\/\/schema.org","@graph":[{"@type":"Article","@id":"https:\/\/redenoticiaz.com.br\/ribeiraopreto-regiao\/sp\/2025\/07\/20\/netflix-inicia-gravacoes-de-minisserie-sobre-o-tricampeonato-do-brasil-em-1970#article","isPartOf":{"@id":"https:\/\/redenoticiaz.com.br\/ribeiraopreto-regiao\/sp\/2025\/07\/20\/netflix-inicia-gravacoes-de-minisserie-sobre-o-tricampeonato-do-brasil-em-1970"},"author":{"name":"Carina Reifonas","@id":"https:\/\/redenoticiaz.com.br\/ribeiraopreto-regiao\/#\/schema\/person\/1f84d6e94e6a62d2d81199d7503e9e90"},"headline":"Netflix inicia grava\u00e7\u00f5es de miniss\u00e9rie sobre o tricampeonato do Brasil em 1970","datePublished":"2025-07-20T15:00:50+00:00","dateModified":"2025-07-21T13:42:43+00:00","mainEntityOfPage":{"@id":"https:\/\/redenoticiaz.com.br\/ribeiraopreto-regiao\/sp\/2025\/07\/20\/netflix-inicia-gravacoes-de-minisserie-sobre-o-tricampeonato-do-brasil-em-1970"},"wordCount":282,"commentCount":0,"publisher":{"@id":"https:\/\/redenoticiaz.com.br\/ribeiraopreto-regiao\/#organization"},"image":{"@id":"https:\/\/redenoticiaz.com.br\/ribeiraopreto-regiao\/sp\/2025\/07\/20\/netflix-inicia-gravacoes-de-minisserie-sobre-o-tricampeonato-do-brasil-em-1970#primaryimage"},"thumbnailUrl":"https:\/\/redenoticiaz.com.br\/ribeiraopreto-regiao\/wp-content\/uploads\/sites\/4\/2025\/07\/4ac37ebd-afd0-74c3-6ecb-5ca5f74ac981-scaled.jpg?v=1752770162","articleSection":["C\u00e2mera Z"],"inLanguage":"pt-BR","potentialAction":[{"@type":"CommentAction","name":"Comment","target":["https:\/\/redenoticiaz.com.br\/ribeiraopreto-regiao\/sp\/2025\/07\/20\/netflix-inicia-gravacoes-de-minisserie-sobre-o-tricampeonato-do-brasil-em-1970#respond"]}]},{"@type":"WebPage","@id":"https:\/\/redenoticiaz.com.br\/ribeiraopreto-regiao\/sp\/2025\/07\/20\/netflix-inicia-gravacoes-de-minisserie-sobre-o-tricampeonato-do-brasil-em-1970","url":"https:\/\/redenoticiaz.com.br\/ribeiraopreto-regiao\/sp\/2025\/07\/20\/netflix-inicia-gravacoes-de-minisserie-sobre-o-tricampeonato-do-brasil-em-1970","name":"Netflix inicia grava\u00e7\u00f5es de miniss\u00e9rie sobre o tricampeonato do Brasil em 1970 - Ribeir\u00e3o Preto e Regi\u00e3o","isPartOf":{"@id":"https:\/\/redenoticiaz.com.br\/ribeiraopreto-regiao\/#website"},"primaryImageOfPage":{"@id":"https:\/\/redenoticiaz.com.br\/ribeiraopreto-regiao\/sp\/2025\/07\/20\/netflix-inicia-gravacoes-de-minisserie-sobre-o-tricampeonato-do-brasil-em-1970#primaryimage"},"image":{"@id":"https:\/\/redenoticiaz.com.br\/ribeiraopreto-regiao\/sp\/2025\/07\/20\/netflix-inicia-gravacoes-de-minisserie-sobre-o-tricampeonato-do-brasil-em-1970#primaryimage"},"thumbnailUrl":"https:\/\/redenoticiaz.com.br\/ribeiraopreto-regiao\/wp-content\/uploads\/sites\/4\/2025\/07\/4ac37ebd-afd0-74c3-6ecb-5ca5f74ac981-scaled.jpg?v=1752770162","datePublished":"2025-07-20T15:00:50+00:00","dateModified":"2025-07-21T13:42:43+00:00","description":"A Netflix anunciou o in\u00edcio das grava\u00e7\u00f5es de Brasil 70 \u2013 A Saga do Tri, miniss\u00e9rie de fic\u00e7\u00e3o que vai recontar a hist\u00f3rica campanha da Sele\u00e7\u00e3o Brasileira...","inLanguage":"pt-BR","potentialAction":[{"@type":"ReadAction","target":["https:\/\/redenoticiaz.com.br\/ribeiraopreto-regiao\/sp\/2025\/07\/20\/netflix-inicia-gravacoes-de-minisserie-sobre-o-tricampeonato-do-brasil-em-1970"]}]},{"@type":"ImageObject","inLanguage":"pt-BR","@id":"https:\/\/redenoticiaz.com.br\/ribeiraopreto-regiao\/sp\/2025\/07\/20\/netflix-inicia-gravacoes-de-minisserie-sobre-o-tricampeonato-do-brasil-em-1970#primaryimage","url":"https:\/\/redenoticiaz.com.br\/ribeiraopreto-regiao\/wp-content\/uploads\/sites\/4\/2025\/07\/4ac37ebd-afd0-74c3-6ecb-5ca5f74ac981-scaled.jpg?v=1752770162","contentUrl":"https:\/\/redenoticiaz.com.br\/ribeiraopreto-regiao\/wp-content\/uploads\/sites\/4\/2025\/07\/4ac37ebd-afd0-74c3-6ecb-5ca5f74ac981-scaled.jpg?v=1752770162","width":1920,"height":924,"caption":"A Saga do Tri \u2014 Cr\u00e9dito: Julia Mataruna, Ana Pazian e Fernando Young"},{"@type":"WebSite","@id":"https:\/\/redenoticiaz.com.br\/ribeiraopreto-regiao\/#website","url":"https:\/\/redenoticiaz.com.br\/ribeiraopreto-regiao\/","name":"Ribeir\u00e3o Preto e Regi\u00e3o","description":"Rede NoticiaZ - Ribeir\u00e3o Preto e regi\u00e3o","publisher":{"@id":"https:\/\/redenoticiaz.com.br\/ribeiraopreto-regiao\/#organization"},"potentialAction":[{"@type":"SearchAction","target":{"@type":"EntryPoint","urlTemplate":"https:\/\/redenoticiaz.com.br\/ribeiraopreto-regiao\/?s={search_term_string}"},"query-input":{"@type":"PropertyValueSpecification","valueRequired":true,"valueName":"search_term_string"}}],"inLanguage":"pt-BR"},{"@type":"Organization","@id":"https:\/\/redenoticiaz.com.br\/ribeiraopreto-regiao\/#organization","name":"Ribeir\u00e3o Preto e Regi\u00e3o","url":"https:\/\/redenoticiaz.com.br\/ribeiraopreto-regiao\/","logo":{"@type":"ImageObject","inLanguage":"pt-BR","@id":"https:\/\/redenoticiaz.com.br\/ribeiraopreto-regiao\/#\/schema\/logo\/image\/","url":"https:\/\/redenoticiaz.com.br\/barretos-regiao\/wp-content\/uploads\/sites\/4\/2022\/02\/logo.jpg","contentUrl":"https:\/\/redenoticiaz.com.br\/barretos-regiao\/wp-content\/uploads\/sites\/4\/2022\/02\/logo.jpg","width":400,"height":250,"caption":"Ribeir\u00e3o Preto e Regi\u00e3o"},"image":{"@id":"https:\/\/redenoticiaz.com.br\/ribeiraopreto-regiao\/#\/schema\/logo\/image\/"},"sameAs":["https:\/\/m.facebook.com\/redenoticiaz.barretos","https:\/\/x.com\/RN_barretos","https:\/\/www.instagram.com\/redenoticiaz.barretos\/?igshid=YmMyMTA2M2Y","https:\/\/www.linkedin.com\/company\/rede-noticiaz-barretos-e-regio\/"]},{"@type":"Person","@id":"https:\/\/redenoticiaz.com.br\/ribeiraopreto-regiao\/#\/schema\/person\/1f84d6e94e6a62d2d81199d7503e9e90","name":"Carina Reifonas","image":{"@type":"ImageObject","inLanguage":"pt-BR","@id":"https:\/\/secure.gravatar.com\/avatar\/04c59859b23696cf867715880f81d5c037e60109730bdb4e6670ec2a2245bc97?s=96&d=mm&r=g","url":"https:\/\/secure.gravatar.com\/avatar\/04c59859b23696cf867715880f81d5c037e60109730bdb4e6670ec2a2245bc97?s=96&d=mm&r=g","contentUrl":"https:\/\/secure.gravatar.com\/avatar\/04c59859b23696cf867715880f81d5c037e60109730bdb4e6670ec2a2245bc97?s=96&d=mm&r=g","caption":"Carina Reifonas"},"url":"https:\/\/redenoticiaz.com.br\/ribeiraopreto-regiao\/sp\/author\/carinareifonas"}]}},"_links":{"self":[{"href":"https:\/\/redenoticiaz.com.br\/ribeiraopreto-regiao\/wp-json\/wp\/v2\/posts\/120012","targetHints":{"allow":["GET"]}}],"collection":[{"href":"https:\/\/redenoticiaz.com.br\/ribeiraopreto-regiao\/wp-json\/wp\/v2\/posts"}],"about":[{"href":"https:\/\/redenoticiaz.com.br\/ribeiraopreto-regiao\/wp-json\/wp\/v2\/types\/post"}],"author":[{"embeddable":true,"href":"https:\/\/redenoticiaz.com.br\/ribeiraopreto-regiao\/wp-json\/wp\/v2\/users\/30"}],"replies":[{"embeddable":true,"href":"https:\/\/redenoticiaz.com.br\/ribeiraopreto-regiao\/wp-json\/wp\/v2\/comments?post=120012"}],"version-history":[{"count":1,"href":"https:\/\/redenoticiaz.com.br\/ribeiraopreto-regiao\/wp-json\/wp\/v2\/posts\/120012\/revisions"}],"predecessor-version":[{"id":120014,"href":"https:\/\/redenoticiaz.com.br\/ribeiraopreto-regiao\/wp-json\/wp\/v2\/posts\/120012\/revisions\/120014"}],"wp:featuredmedia":[{"embeddable":true,"href":"https:\/\/redenoticiaz.com.br\/ribeiraopreto-regiao\/wp-json\/wp\/v2\/media\/120013"}],"wp:attachment":[{"href":"https:\/\/redenoticiaz.com.br\/ribeiraopreto-regiao\/wp-json\/wp\/v2\/media?parent=120012"}],"wp:term":[{"taxonomy":"category","embeddable":true,"href":"https:\/\/redenoticiaz.com.br\/ribeiraopreto-regiao\/wp-json\/wp\/v2\/categories?post=120012"},{"taxonomy":"post_tag","embeddable":true,"href":"https:\/\/redenoticiaz.com.br\/ribeiraopreto-regiao\/wp-json\/wp\/v2\/tags?post=120012"}],"curies":[{"name":"wp","href":"https:\/\/api.w.org\/{rel}","templated":true}]}}