{"id":120054,"date":"2025-07-27T11:00:54","date_gmt":"2025-07-27T14:00:54","guid":{"rendered":"https:\/\/redenoticiaz.com.br\/barretos-regiao\/?p=120054"},"modified":"2025-07-25T09:15:50","modified_gmt":"2025-07-25T12:15:50","slug":"tarcisio-anuncia-linha-de-credito-para-minimizar-impactos-do-tarifaco-dos-eua","status":"publish","type":"post","link":"https:\/\/redenoticiaz.com.br\/ribeiraopreto-regiao\/sp\/2025\/07\/27\/tarcisio-anuncia-linha-de-credito-para-minimizar-impactos-do-tarifaco-dos-eua","title":{"rendered":"Tarc\u00edsio anuncia linha de cr\u00e9dito para minimizar impactos do tarifa\u00e7o dos EUA"},"content":{"rendered":"<p>O governador de S\u00e3o Paulo, Tarc\u00edsio de Freitas (Republicanos), anunciou nesta quinta-feira (24) uma linha de cr\u00e9dito especial para empresas afetadas pelo tarifa\u00e7o de 50% sobre produtos brasileiros, anunciado pelo presidente dos Estados Unidos, Donald Trump. O objetivo \u00e9 minimizar os preju\u00edzos econ\u00f4micos causados pela nova medida, que entra em vigor em 1\u00ba de agosto.<\/p>\n<p>O cr\u00e9dito ter\u00e1 juros subsidiados \u2014 R$ 0,27 ao m\u00eas + IPCA \u2014 com um ano de car\u00eancia e at\u00e9 seis anos para pagamento. Segundo o governo estadual, a primeira libera\u00e7\u00e3o ser\u00e1 de R$ 1 bilh\u00e3o. O recurso vem de um refor\u00e7o no fundo garantidor estadual e da libera\u00e7\u00e3o de cr\u00e9ditos acumulados de ICMS, beneficiando principalmente exportadores.<\/p>\n<p>Durante evento em Sorocaba, Tarc\u00edsio afirmou que outras medidas tamb\u00e9m est\u00e3o sendo estudadas com o setor privado e parlamentares, inclusive no campo diplom\u00e1tico, para tentar conter os efeitos do tarifa\u00e7o sobre a economia paulista.<\/p>\n<h3><strong>Investimentos na sa\u00fade<\/strong><\/h3>\n<p>Al\u00e9m da medida econ\u00f4mica, o governador tamb\u00e9m anunciou mais de R$ 300 milh\u00f5es em investimentos na sa\u00fade da regi\u00e3o de Sorocaba. Ao todo, ser\u00e3o mais de 340 novos leitos em hospitais de Sorocaba, Itu e Itapetininga.<\/p>\n<p>No Hospital Regional de Sorocaba, foram entregues 46 leitos \u2014 sendo 10 de UTI e 36 de enfermaria \u2014, elevando a capacidade da unidade para 250 leitos. Em Itu, o Hospital de Reabilita\u00e7\u00e3o recebeu 38 leitos de cuidados prolongados. J\u00e1 em Itapetininga, as obras do novo hospital regional foram iniciadas e devem oferecer cerca de 250 leitos para m\u00e9dia e alta complexidade, incluindo oncologia.<\/p>\n<p>Tarc\u00edsio tamb\u00e9m confirmou o investimento de R$ 26,1 milh\u00f5es para melhorias no Conjunto Hospitalar de Sorocaba, incluindo reforma do pronto-socorro e aquisi\u00e7\u00e3o de novos equipamentos, como aparelho de resson\u00e2ncia magn\u00e9tica e PET-CT.<\/p>\n<p>LEIA MAIS<\/p>\n<p><a href=\"https:\/\/redenoticiaz.com.br\/blog\/2025\/07\/25\/homem-e-preso-em-varzea-paulista-por-receptacao-de-motos-roubadas\">Homem \u00e9 preso em V\u00e1rzea Paulista por recepta\u00e7\u00e3o de motos roubadas<\/a><\/p>\n<p><a href=\"https:\/\/redenoticiaz.com.br\/blog\/2025\/07\/24\/carro-clonado-e-apreendido-e-homem-e-detido-durante-patrulhamento-da-pm\">Carro clonado \u00e9 apreendido e homem \u00e9 detido durante patrulhamento da PM<\/a><\/p>\n","protected":false},"excerpt":{"rendered":"<p>O governador de S\u00e3o Paulo, Tarc\u00edsio de Freitas (Republicanos), anunciou nesta quinta-feira (24) uma linha de cr\u00e9dito especial para empresas afetadas pelo tarifa\u00e7o de 50% sobre produtos brasileiros, anunciado pelo presidente dos Estados Unidos, Donald Trump. O objetivo \u00e9 minimizar os preju\u00edzos econ\u00f4micos causados pela nova medida, que entra em vigor em 1\u00ba de agosto. &hellip;<\/p>\n","protected":false},"author":30,"featured_media":113817,"comment_status":"open","ping_status":"closed","sticky":false,"template":"","format":"standard","meta":{"footnotes":""},"categories":[101,129],"tags":[20345,30730,20764,31121],"class_list":["post-120054","post","type-post","status-publish","format-standard","has-post-thumbnail","hentry","category-economia","category-saude","tag-eua","tag-linha-de-credito","tag-tarcisio","tag-tarifaco"],"yoast_head":"<!-- This site is optimized with the Yoast SEO plugin v27.4 - https:\/\/yoast.com\/product\/yoast-seo-wordpress\/ -->\n<title>Tarc\u00edsio anuncia linha de cr\u00e9dito para minimizar impactos do tarifa\u00e7o dos EUA - Ribeir\u00e3o Preto e Regi\u00e3o<\/title>\n<meta name=\"description\" content=\"O governador de S\u00e3o Paulo, Tarc\u00edsio de Freitas (Republicanos), anuncio uma linha de cr\u00e9dito especial para empresas afetadas pelo tarifa\u00e7o de 50% sobre produtos brasileiros\" \/>\n<meta name=\"robots\" content=\"index, follow, max-snippet:-1, max-image-preview:large, max-video-preview:-1\" \/>\n<link rel=\"canonical\" href=\"https:\/\/redenoticiaz.com.br\/ribeiraopreto-regiao\/sp\/2025\/07\/27\/tarcisio-anuncia-linha-de-credito-para-minimizar-impactos-do-tarifaco-dos-eua\" \/>\n<meta property=\"og:locale\" content=\"pt_BR\" \/>\n<meta property=\"og:type\" content=\"article\" \/>\n<meta property=\"og:title\" content=\"Tarc\u00edsio anuncia linha de cr\u00e9dito para minimizar impactos do tarifa\u00e7o dos EUA - Ribeir\u00e3o Preto e Regi\u00e3o\" \/>\n<meta property=\"og:description\" content=\"O governador de S\u00e3o Paulo, Tarc\u00edsio de Freitas (Republicanos), anuncio uma linha de cr\u00e9dito especial para empresas afetadas pelo tarifa\u00e7o de 50% sobre produtos brasileiros\" \/>\n<meta property=\"og:url\" content=\"https:\/\/redenoticiaz.com.br\/ribeiraopreto-regiao\/sp\/2025\/07\/27\/tarcisio-anuncia-linha-de-credito-para-minimizar-impactos-do-tarifaco-dos-eua\" \/>\n<meta property=\"og:site_name\" content=\"Ribeir\u00e3o Preto e Regi\u00e3o\" \/>\n<meta property=\"article:publisher\" content=\"https:\/\/m.facebook.com\/redenoticiaz.barretos\" \/>\n<meta property=\"article:published_time\" content=\"2025-07-27T14:00:54+00:00\" \/>\n<meta property=\"og:image\" content=\"https:\/\/redenoticiaz.com.br\/ribeiraopreto-regiao\/wp-content\/uploads\/sites\/4\/2023\/12\/naom_64d0d6d9c3d9e.jpg?v=1703611551\" \/>\n\t<meta property=\"og:image:width\" content=\"1920\" \/>\n\t<meta property=\"og:image:height\" content=\"1080\" \/>\n\t<meta property=\"og:image:type\" content=\"image\/jpeg\" \/>\n<meta name=\"author\" content=\"Carina Reifonas\" \/>\n<meta name=\"twitter:card\" content=\"summary_large_image\" \/>\n<meta name=\"twitter:creator\" content=\"@RN_barretos\" \/>\n<meta name=\"twitter:site\" content=\"@RN_barretos\" \/>\n<meta name=\"twitter:label1\" content=\"Escrito por\" \/>\n\t<meta name=\"twitter:data1\" content=\"Carina Reifonas\" \/>\n\t<meta name=\"twitter:label2\" content=\"Est. tempo de leitura\" \/>\n\t<meta name=\"twitter:data2\" content=\"2 minutos\" \/>\n<script type=\"application\/ld+json\" class=\"yoast-schema-graph\">{\"@context\":\"https:\\\/\\\/schema.org\",\"@graph\":[{\"@type\":\"Article\",\"@id\":\"https:\\\/\\\/redenoticiaz.com.br\\\/ribeiraopreto-regiao\\\/sp\\\/2025\\\/07\\\/27\\\/tarcisio-anuncia-linha-de-credito-para-minimizar-impactos-do-tarifaco-dos-eua#article\",\"isPartOf\":{\"@id\":\"https:\\\/\\\/redenoticiaz.com.br\\\/ribeiraopreto-regiao\\\/sp\\\/2025\\\/07\\\/27\\\/tarcisio-anuncia-linha-de-credito-para-minimizar-impactos-do-tarifaco-dos-eua\"},\"author\":{\"name\":\"Carina Reifonas\",\"@id\":\"https:\\\/\\\/redenoticiaz.com.br\\\/ribeiraopreto-regiao\\\/#\\\/schema\\\/person\\\/1f84d6e94e6a62d2d81199d7503e9e90\"},\"headline\":\"Tarc\u00edsio anuncia linha de cr\u00e9dito para minimizar impactos do tarifa\u00e7o dos EUA\",\"datePublished\":\"2025-07-27T14:00:54+00:00\",\"mainEntityOfPage\":{\"@id\":\"https:\\\/\\\/redenoticiaz.com.br\\\/ribeiraopreto-regiao\\\/sp\\\/2025\\\/07\\\/27\\\/tarcisio-anuncia-linha-de-credito-para-minimizar-impactos-do-tarifaco-dos-eua\"},\"wordCount\":335,\"commentCount\":0,\"publisher\":{\"@id\":\"https:\\\/\\\/redenoticiaz.com.br\\\/ribeiraopreto-regiao\\\/#organization\"},\"image\":{\"@id\":\"https:\\\/\\\/redenoticiaz.com.br\\\/ribeiraopreto-regiao\\\/sp\\\/2025\\\/07\\\/27\\\/tarcisio-anuncia-linha-de-credito-para-minimizar-impactos-do-tarifaco-dos-eua#primaryimage\"},\"thumbnailUrl\":\"https:\\\/\\\/redenoticiaz.com.br\\\/ribeiraopreto-regiao\\\/wp-content\\\/uploads\\\/sites\\\/4\\\/2023\\\/12\\\/naom_64d0d6d9c3d9e.jpg?v=1703611551\",\"keywords\":[\"EUA\",\"linha de cr\u00e9dito\",\"tarc\u00edsio\",\"tarifa\u00e7o\"],\"articleSection\":[\"Economia\",\"Sa\u00fade\"],\"inLanguage\":\"pt-BR\",\"potentialAction\":[{\"@type\":\"CommentAction\",\"name\":\"Comment\",\"target\":[\"https:\\\/\\\/redenoticiaz.com.br\\\/ribeiraopreto-regiao\\\/sp\\\/2025\\\/07\\\/27\\\/tarcisio-anuncia-linha-de-credito-para-minimizar-impactos-do-tarifaco-dos-eua#respond\"]}]},{\"@type\":\"WebPage\",\"@id\":\"https:\\\/\\\/redenoticiaz.com.br\\\/ribeiraopreto-regiao\\\/sp\\\/2025\\\/07\\\/27\\\/tarcisio-anuncia-linha-de-credito-para-minimizar-impactos-do-tarifaco-dos-eua\",\"url\":\"https:\\\/\\\/redenoticiaz.com.br\\\/ribeiraopreto-regiao\\\/sp\\\/2025\\\/07\\\/27\\\/tarcisio-anuncia-linha-de-credito-para-minimizar-impactos-do-tarifaco-dos-eua\",\"name\":\"Tarc\u00edsio anuncia linha de cr\u00e9dito para minimizar impactos do tarifa\u00e7o dos EUA - Ribeir\u00e3o Preto e Regi\u00e3o\",\"isPartOf\":{\"@id\":\"https:\\\/\\\/redenoticiaz.com.br\\\/ribeiraopreto-regiao\\\/#website\"},\"primaryImageOfPage\":{\"@id\":\"https:\\\/\\\/redenoticiaz.com.br\\\/ribeiraopreto-regiao\\\/sp\\\/2025\\\/07\\\/27\\\/tarcisio-anuncia-linha-de-credito-para-minimizar-impactos-do-tarifaco-dos-eua#primaryimage\"},\"image\":{\"@id\":\"https:\\\/\\\/redenoticiaz.com.br\\\/ribeiraopreto-regiao\\\/sp\\\/2025\\\/07\\\/27\\\/tarcisio-anuncia-linha-de-credito-para-minimizar-impactos-do-tarifaco-dos-eua#primaryimage\"},\"thumbnailUrl\":\"https:\\\/\\\/redenoticiaz.com.br\\\/ribeiraopreto-regiao\\\/wp-content\\\/uploads\\\/sites\\\/4\\\/2023\\\/12\\\/naom_64d0d6d9c3d9e.jpg?v=1703611551\",\"datePublished\":\"2025-07-27T14:00:54+00:00\",\"description\":\"O governador de S\u00e3o Paulo, Tarc\u00edsio de Freitas (Republicanos), anuncio uma linha de cr\u00e9dito especial para empresas afetadas pelo tarifa\u00e7o de 50% sobre produtos brasileiros\",\"inLanguage\":\"pt-BR\",\"potentialAction\":[{\"@type\":\"ReadAction\",\"target\":[\"https:\\\/\\\/redenoticiaz.com.br\\\/ribeiraopreto-regiao\\\/sp\\\/2025\\\/07\\\/27\\\/tarcisio-anuncia-linha-de-credito-para-minimizar-impactos-do-tarifaco-dos-eua\"]}]},{\"@type\":\"ImageObject\",\"inLanguage\":\"pt-BR\",\"@id\":\"https:\\\/\\\/redenoticiaz.com.br\\\/ribeiraopreto-regiao\\\/sp\\\/2025\\\/07\\\/27\\\/tarcisio-anuncia-linha-de-credito-para-minimizar-impactos-do-tarifaco-dos-eua#primaryimage\",\"url\":\"https:\\\/\\\/redenoticiaz.com.br\\\/ribeiraopreto-regiao\\\/wp-content\\\/uploads\\\/sites\\\/4\\\/2023\\\/12\\\/naom_64d0d6d9c3d9e.jpg?v=1703611551\",\"contentUrl\":\"https:\\\/\\\/redenoticiaz.com.br\\\/ribeiraopreto-regiao\\\/wp-content\\\/uploads\\\/sites\\\/4\\\/2023\\\/12\\\/naom_64d0d6d9c3d9e.jpg?v=1703611551\",\"width\":1920,\"height\":1080,\"caption\":\"Tarc\u00edsio regulamenta lei de acesso a cannabis medicinal no SUS. Cr\u00e9dito: Reprodu\u00e7\u00e3o\"},{\"@type\":\"WebSite\",\"@id\":\"https:\\\/\\\/redenoticiaz.com.br\\\/ribeiraopreto-regiao\\\/#website\",\"url\":\"https:\\\/\\\/redenoticiaz.com.br\\\/ribeiraopreto-regiao\\\/\",\"name\":\"Ribeir\u00e3o Preto e Regi\u00e3o\",\"description\":\"Rede NoticiaZ - Ribeir\u00e3o Preto e regi\u00e3o\",\"publisher\":{\"@id\":\"https:\\\/\\\/redenoticiaz.com.br\\\/ribeiraopreto-regiao\\\/#organization\"},\"potentialAction\":[{\"@type\":\"SearchAction\",\"target\":{\"@type\":\"EntryPoint\",\"urlTemplate\":\"https:\\\/\\\/redenoticiaz.com.br\\\/ribeiraopreto-regiao\\\/?s={search_term_string}\"},\"query-input\":{\"@type\":\"PropertyValueSpecification\",\"valueRequired\":true,\"valueName\":\"search_term_string\"}}],\"inLanguage\":\"pt-BR\"},{\"@type\":\"Organization\",\"@id\":\"https:\\\/\\\/redenoticiaz.com.br\\\/ribeiraopreto-regiao\\\/#organization\",\"name\":\"Ribeir\u00e3o Preto e Regi\u00e3o\",\"url\":\"https:\\\/\\\/redenoticiaz.com.br\\\/ribeiraopreto-regiao\\\/\",\"logo\":{\"@type\":\"ImageObject\",\"inLanguage\":\"pt-BR\",\"@id\":\"https:\\\/\\\/redenoticiaz.com.br\\\/ribeiraopreto-regiao\\\/#\\\/schema\\\/logo\\\/image\\\/\",\"url\":\"https:\\\/\\\/redenoticiaz.com.br\\\/barretos-regiao\\\/wp-content\\\/uploads\\\/sites\\\/4\\\/2022\\\/02\\\/logo.jpg\",\"contentUrl\":\"https:\\\/\\\/redenoticiaz.com.br\\\/barretos-regiao\\\/wp-content\\\/uploads\\\/sites\\\/4\\\/2022\\\/02\\\/logo.jpg\",\"width\":400,\"height\":250,\"caption\":\"Ribeir\u00e3o Preto e Regi\u00e3o\"},\"image\":{\"@id\":\"https:\\\/\\\/redenoticiaz.com.br\\\/ribeiraopreto-regiao\\\/#\\\/schema\\\/logo\\\/image\\\/\"},\"sameAs\":[\"https:\\\/\\\/m.facebook.com\\\/redenoticiaz.barretos\",\"https:\\\/\\\/x.com\\\/RN_barretos\",\"https:\\\/\\\/www.instagram.com\\\/redenoticiaz.barretos\\\/?igshid=YmMyMTA2M2Y\",\"https:\\\/\\\/www.linkedin.com\\\/company\\\/rede-noticiaz-barretos-e-regio\\\/\"]},{\"@type\":\"Person\",\"@id\":\"https:\\\/\\\/redenoticiaz.com.br\\\/ribeiraopreto-regiao\\\/#\\\/schema\\\/person\\\/1f84d6e94e6a62d2d81199d7503e9e90\",\"name\":\"Carina Reifonas\",\"image\":{\"@type\":\"ImageObject\",\"inLanguage\":\"pt-BR\",\"@id\":\"https:\\\/\\\/secure.gravatar.com\\\/avatar\\\/04c59859b23696cf867715880f81d5c037e60109730bdb4e6670ec2a2245bc97?s=96&d=mm&r=g\",\"url\":\"https:\\\/\\\/secure.gravatar.com\\\/avatar\\\/04c59859b23696cf867715880f81d5c037e60109730bdb4e6670ec2a2245bc97?s=96&d=mm&r=g\",\"contentUrl\":\"https:\\\/\\\/secure.gravatar.com\\\/avatar\\\/04c59859b23696cf867715880f81d5c037e60109730bdb4e6670ec2a2245bc97?s=96&d=mm&r=g\",\"caption\":\"Carina Reifonas\"},\"url\":\"https:\\\/\\\/redenoticiaz.com.br\\\/ribeiraopreto-regiao\\\/sp\\\/author\\\/carinareifonas\"}]}<\/script>\n<!-- \/ Yoast SEO plugin. -->","yoast_head_json":{"title":"Tarc\u00edsio anuncia linha de cr\u00e9dito para minimizar impactos do tarifa\u00e7o dos EUA - Ribeir\u00e3o Preto e Regi\u00e3o","description":"O governador de S\u00e3o Paulo, Tarc\u00edsio de Freitas (Republicanos), anuncio uma linha de cr\u00e9dito especial para empresas afetadas pelo tarifa\u00e7o de 50% sobre produtos brasileiros","robots":{"index":"index","follow":"follow","max-snippet":"max-snippet:-1","max-image-preview":"max-image-preview:large","max-video-preview":"max-video-preview:-1"},"canonical":"https:\/\/redenoticiaz.com.br\/ribeiraopreto-regiao\/sp\/2025\/07\/27\/tarcisio-anuncia-linha-de-credito-para-minimizar-impactos-do-tarifaco-dos-eua","og_locale":"pt_BR","og_type":"article","og_title":"Tarc\u00edsio anuncia linha de cr\u00e9dito para minimizar impactos do tarifa\u00e7o dos EUA - Ribeir\u00e3o Preto e Regi\u00e3o","og_description":"O governador de S\u00e3o Paulo, Tarc\u00edsio de Freitas (Republicanos), anuncio uma linha de cr\u00e9dito especial para empresas afetadas pelo tarifa\u00e7o de 50% sobre produtos brasileiros","og_url":"https:\/\/redenoticiaz.com.br\/ribeiraopreto-regiao\/sp\/2025\/07\/27\/tarcisio-anuncia-linha-de-credito-para-minimizar-impactos-do-tarifaco-dos-eua","og_site_name":"Ribeir\u00e3o Preto e Regi\u00e3o","article_publisher":"https:\/\/m.facebook.com\/redenoticiaz.barretos","article_published_time":"2025-07-27T14:00:54+00:00","og_image":[{"width":1920,"height":1080,"url":"https:\/\/redenoticiaz.com.br\/ribeiraopreto-regiao\/wp-content\/uploads\/sites\/4\/2023\/12\/naom_64d0d6d9c3d9e.jpg?v=1703611551","type":"image\/jpeg"}],"author":"Carina Reifonas","twitter_card":"summary_large_image","twitter_creator":"@RN_barretos","twitter_site":"@RN_barretos","twitter_misc":{"Escrito por":"Carina Reifonas","Est. tempo de leitura":"2 minutos"},"schema":{"@context":"https:\/\/schema.org","@graph":[{"@type":"Article","@id":"https:\/\/redenoticiaz.com.br\/ribeiraopreto-regiao\/sp\/2025\/07\/27\/tarcisio-anuncia-linha-de-credito-para-minimizar-impactos-do-tarifaco-dos-eua#article","isPartOf":{"@id":"https:\/\/redenoticiaz.com.br\/ribeiraopreto-regiao\/sp\/2025\/07\/27\/tarcisio-anuncia-linha-de-credito-para-minimizar-impactos-do-tarifaco-dos-eua"},"author":{"name":"Carina Reifonas","@id":"https:\/\/redenoticiaz.com.br\/ribeiraopreto-regiao\/#\/schema\/person\/1f84d6e94e6a62d2d81199d7503e9e90"},"headline":"Tarc\u00edsio anuncia linha de cr\u00e9dito para minimizar impactos do tarifa\u00e7o dos EUA","datePublished":"2025-07-27T14:00:54+00:00","mainEntityOfPage":{"@id":"https:\/\/redenoticiaz.com.br\/ribeiraopreto-regiao\/sp\/2025\/07\/27\/tarcisio-anuncia-linha-de-credito-para-minimizar-impactos-do-tarifaco-dos-eua"},"wordCount":335,"commentCount":0,"publisher":{"@id":"https:\/\/redenoticiaz.com.br\/ribeiraopreto-regiao\/#organization"},"image":{"@id":"https:\/\/redenoticiaz.com.br\/ribeiraopreto-regiao\/sp\/2025\/07\/27\/tarcisio-anuncia-linha-de-credito-para-minimizar-impactos-do-tarifaco-dos-eua#primaryimage"},"thumbnailUrl":"https:\/\/redenoticiaz.com.br\/ribeiraopreto-regiao\/wp-content\/uploads\/sites\/4\/2023\/12\/naom_64d0d6d9c3d9e.jpg?v=1703611551","keywords":["EUA","linha de cr\u00e9dito","tarc\u00edsio","tarifa\u00e7o"],"articleSection":["Economia","Sa\u00fade"],"inLanguage":"pt-BR","potentialAction":[{"@type":"CommentAction","name":"Comment","target":["https:\/\/redenoticiaz.com.br\/ribeiraopreto-regiao\/sp\/2025\/07\/27\/tarcisio-anuncia-linha-de-credito-para-minimizar-impactos-do-tarifaco-dos-eua#respond"]}]},{"@type":"WebPage","@id":"https:\/\/redenoticiaz.com.br\/ribeiraopreto-regiao\/sp\/2025\/07\/27\/tarcisio-anuncia-linha-de-credito-para-minimizar-impactos-do-tarifaco-dos-eua","url":"https:\/\/redenoticiaz.com.br\/ribeiraopreto-regiao\/sp\/2025\/07\/27\/tarcisio-anuncia-linha-de-credito-para-minimizar-impactos-do-tarifaco-dos-eua","name":"Tarc\u00edsio anuncia linha de cr\u00e9dito para minimizar impactos do tarifa\u00e7o dos EUA - Ribeir\u00e3o Preto e Regi\u00e3o","isPartOf":{"@id":"https:\/\/redenoticiaz.com.br\/ribeiraopreto-regiao\/#website"},"primaryImageOfPage":{"@id":"https:\/\/redenoticiaz.com.br\/ribeiraopreto-regiao\/sp\/2025\/07\/27\/tarcisio-anuncia-linha-de-credito-para-minimizar-impactos-do-tarifaco-dos-eua#primaryimage"},"image":{"@id":"https:\/\/redenoticiaz.com.br\/ribeiraopreto-regiao\/sp\/2025\/07\/27\/tarcisio-anuncia-linha-de-credito-para-minimizar-impactos-do-tarifaco-dos-eua#primaryimage"},"thumbnailUrl":"https:\/\/redenoticiaz.com.br\/ribeiraopreto-regiao\/wp-content\/uploads\/sites\/4\/2023\/12\/naom_64d0d6d9c3d9e.jpg?v=1703611551","datePublished":"2025-07-27T14:00:54+00:00","description":"O governador de S\u00e3o Paulo, Tarc\u00edsio de Freitas (Republicanos), anuncio uma linha de cr\u00e9dito especial para empresas afetadas pelo tarifa\u00e7o de 50% sobre produtos brasileiros","inLanguage":"pt-BR","potentialAction":[{"@type":"ReadAction","target":["https:\/\/redenoticiaz.com.br\/ribeiraopreto-regiao\/sp\/2025\/07\/27\/tarcisio-anuncia-linha-de-credito-para-minimizar-impactos-do-tarifaco-dos-eua"]}]},{"@type":"ImageObject","inLanguage":"pt-BR","@id":"https:\/\/redenoticiaz.com.br\/ribeiraopreto-regiao\/sp\/2025\/07\/27\/tarcisio-anuncia-linha-de-credito-para-minimizar-impactos-do-tarifaco-dos-eua#primaryimage","url":"https:\/\/redenoticiaz.com.br\/ribeiraopreto-regiao\/wp-content\/uploads\/sites\/4\/2023\/12\/naom_64d0d6d9c3d9e.jpg?v=1703611551","contentUrl":"https:\/\/redenoticiaz.com.br\/ribeiraopreto-regiao\/wp-content\/uploads\/sites\/4\/2023\/12\/naom_64d0d6d9c3d9e.jpg?v=1703611551","width":1920,"height":1080,"caption":"Tarc\u00edsio regulamenta lei de acesso a cannabis medicinal no SUS. Cr\u00e9dito: Reprodu\u00e7\u00e3o"},{"@type":"WebSite","@id":"https:\/\/redenoticiaz.com.br\/ribeiraopreto-regiao\/#website","url":"https:\/\/redenoticiaz.com.br\/ribeiraopreto-regiao\/","name":"Ribeir\u00e3o Preto e Regi\u00e3o","description":"Rede NoticiaZ - Ribeir\u00e3o Preto e regi\u00e3o","publisher":{"@id":"https:\/\/redenoticiaz.com.br\/ribeiraopreto-regiao\/#organization"},"potentialAction":[{"@type":"SearchAction","target":{"@type":"EntryPoint","urlTemplate":"https:\/\/redenoticiaz.com.br\/ribeiraopreto-regiao\/?s={search_term_string}"},"query-input":{"@type":"PropertyValueSpecification","valueRequired":true,"valueName":"search_term_string"}}],"inLanguage":"pt-BR"},{"@type":"Organization","@id":"https:\/\/redenoticiaz.com.br\/ribeiraopreto-regiao\/#organization","name":"Ribeir\u00e3o Preto e Regi\u00e3o","url":"https:\/\/redenoticiaz.com.br\/ribeiraopreto-regiao\/","logo":{"@type":"ImageObject","inLanguage":"pt-BR","@id":"https:\/\/redenoticiaz.com.br\/ribeiraopreto-regiao\/#\/schema\/logo\/image\/","url":"https:\/\/redenoticiaz.com.br\/barretos-regiao\/wp-content\/uploads\/sites\/4\/2022\/02\/logo.jpg","contentUrl":"https:\/\/redenoticiaz.com.br\/barretos-regiao\/wp-content\/uploads\/sites\/4\/2022\/02\/logo.jpg","width":400,"height":250,"caption":"Ribeir\u00e3o Preto e Regi\u00e3o"},"image":{"@id":"https:\/\/redenoticiaz.com.br\/ribeiraopreto-regiao\/#\/schema\/logo\/image\/"},"sameAs":["https:\/\/m.facebook.com\/redenoticiaz.barretos","https:\/\/x.com\/RN_barretos","https:\/\/www.instagram.com\/redenoticiaz.barretos\/?igshid=YmMyMTA2M2Y","https:\/\/www.linkedin.com\/company\/rede-noticiaz-barretos-e-regio\/"]},{"@type":"Person","@id":"https:\/\/redenoticiaz.com.br\/ribeiraopreto-regiao\/#\/schema\/person\/1f84d6e94e6a62d2d81199d7503e9e90","name":"Carina Reifonas","image":{"@type":"ImageObject","inLanguage":"pt-BR","@id":"https:\/\/secure.gravatar.com\/avatar\/04c59859b23696cf867715880f81d5c037e60109730bdb4e6670ec2a2245bc97?s=96&d=mm&r=g","url":"https:\/\/secure.gravatar.com\/avatar\/04c59859b23696cf867715880f81d5c037e60109730bdb4e6670ec2a2245bc97?s=96&d=mm&r=g","contentUrl":"https:\/\/secure.gravatar.com\/avatar\/04c59859b23696cf867715880f81d5c037e60109730bdb4e6670ec2a2245bc97?s=96&d=mm&r=g","caption":"Carina Reifonas"},"url":"https:\/\/redenoticiaz.com.br\/ribeiraopreto-regiao\/sp\/author\/carinareifonas"}]}},"_links":{"self":[{"href":"https:\/\/redenoticiaz.com.br\/ribeiraopreto-regiao\/wp-json\/wp\/v2\/posts\/120054","targetHints":{"allow":["GET"]}}],"collection":[{"href":"https:\/\/redenoticiaz.com.br\/ribeiraopreto-regiao\/wp-json\/wp\/v2\/posts"}],"about":[{"href":"https:\/\/redenoticiaz.com.br\/ribeiraopreto-regiao\/wp-json\/wp\/v2\/types\/post"}],"author":[{"embeddable":true,"href":"https:\/\/redenoticiaz.com.br\/ribeiraopreto-regiao\/wp-json\/wp\/v2\/users\/30"}],"replies":[{"embeddable":true,"href":"https:\/\/redenoticiaz.com.br\/ribeiraopreto-regiao\/wp-json\/wp\/v2\/comments?post=120054"}],"version-history":[{"count":1,"href":"https:\/\/redenoticiaz.com.br\/ribeiraopreto-regiao\/wp-json\/wp\/v2\/posts\/120054\/revisions"}],"predecessor-version":[{"id":120057,"href":"https:\/\/redenoticiaz.com.br\/ribeiraopreto-regiao\/wp-json\/wp\/v2\/posts\/120054\/revisions\/120057"}],"wp:featuredmedia":[{"embeddable":true,"href":"https:\/\/redenoticiaz.com.br\/ribeiraopreto-regiao\/wp-json\/wp\/v2\/media\/113817"}],"wp:attachment":[{"href":"https:\/\/redenoticiaz.com.br\/ribeiraopreto-regiao\/wp-json\/wp\/v2\/media?parent=120054"}],"wp:term":[{"taxonomy":"category","embeddable":true,"href":"https:\/\/redenoticiaz.com.br\/ribeiraopreto-regiao\/wp-json\/wp\/v2\/categories?post=120054"},{"taxonomy":"post_tag","embeddable":true,"href":"https:\/\/redenoticiaz.com.br\/ribeiraopreto-regiao\/wp-json\/wp\/v2\/tags?post=120054"}],"curies":[{"name":"wp","href":"https:\/\/api.w.org\/{rel}","templated":true}]}}