{"id":120153,"date":"2025-08-07T12:29:12","date_gmt":"2025-08-07T15:29:12","guid":{"rendered":"https:\/\/redenoticiaz.com.br\/barretos-regiao\/sp\/2025\/08\/07\/prefeitura-abre-concurso-com-313-vagas-e-salarios-de-ate-r-156-mil"},"modified":"2025-08-07T13:18:13","modified_gmt":"2025-08-07T16:18:13","slug":"prefeitura-abre-concurso-com-313-vagas-e-salarios-de-ate-r-156-mil","status":"publish","type":"post","link":"https:\/\/redenoticiaz.com.br\/ribeiraopreto-regiao\/sp\/2025\/08\/07\/prefeitura-abre-concurso-com-313-vagas-e-salarios-de-ate-r-156-mil","title":{"rendered":"Prefeitura abre concurso com 313 vagas e sal\u00e1rios de at\u00e9 R$ 15,6 mil"},"content":{"rendered":"<p>A Prefeitura de Bebedouro, no interior de S\u00e3o Paulo, est\u00e1 com inscri\u00e7\u00f5es abertas at\u00e9 a pr\u00f3xima ter\u00e7a-feira (12) para o concurso p\u00fablico que oferece 313 vagas imediatas, al\u00e9m de cadastro de reserva em diferentes \u00e1reas. Os sal\u00e1rios variam de R$ 1.500 a R$ 15.600, dependendo do cargo e da forma\u00e7\u00e3o exigida.<\/p>\n<p>As inscri\u00e7\u00f5es devem ser feitas exclusivamente pelo <a href=\"https:\/\/www.ibamsp-concursos.org.br\/\"><strong>site do Instituto Brasileiro de Administra\u00e7\u00e3o Municipal (Ibam),<\/strong> <\/a>respons\u00e1vel pela organiza\u00e7\u00e3o do certame.<\/p>\n<p>\ud83d\udccb Distribui\u00e7\u00e3o das vagas por edital:<\/p>\n<ul>\n<li>Edital 01: Secretaria Municipal de Educa\u00e7\u00e3o \u2013 196 vagas + cadastro reserva<\/li>\n<li>Edital 02: Secretaria Municipal de Sa\u00fade \u2013 33 vagas + cadastro reserva<\/li>\n<li>Edital 03: Demais cargos da Prefeitura (apenas prova objetiva) \u2013 63 vagas + cadastro reserva<\/li>\n<li>Edital 04: Demais cargos da Prefeitura (com provas objetiva, pr\u00e1tica e de performance) \u2013 21 vagas + cadastro reserva<\/li>\n<\/ul>\n<p><strong>\ud83d\udcb0 Taxa de inscri\u00e7\u00e3o:<\/strong><\/p>\n<ul>\n<li>N\u00edvel fundamental: R$ 56,00<\/li>\n<li>N\u00edvel m\u00e9dio: R$ 74,00 ou R$ 85,00<\/li>\n<li>N\u00edvel superior: R$ 94,00 ou R$ 116,00<\/li>\n<\/ul>\n<p>Os valores variam conforme o cargo escolhido e o edital correspondente.<\/p>\n<p><strong>\ud83d\udccc Como se inscrever:<\/strong><br \/>\nA inscri\u00e7\u00e3o deve ser feita pelo site do Ibam Concursos:<br \/>\n\ud83d\udc49 <a href=\"http:\/\/www.ibamsp-concursos.org.br\">https:\/\/novo.ibamsp-concursos.org.br\/informacoes\/68\/www.ibamsp-concursos.org.br\u00a0\u00a0<\/a><\/p>\n<p>LEIA MAIS<\/p>\n<p><a href=\"https:\/\/redenoticiaz.com.br\/blog\/2025\/08\/06\/talenti-divulga-590-vagas-de-emprego-abertas-na-area-de-tecnologia\">TalenTI divulga 590 vagas de emprego abertas na \u00e1rea de tecnologia<\/a><\/p>\n<p><a href=\"https:\/\/redenoticiaz.com.br\/blog\/2025\/08\/06\/pit-stop-de-empregos-acontece-em-jundiai-com-entrega-de-curriculos-e-workshops-gratuitos\">Pit Stop de Empregos acontece em Jundia\u00ed com entrega de curr\u00edculos e workshops gratuitos<\/a><\/p>\n","protected":false},"excerpt":{"rendered":"<p>A Prefeitura de Bebedouro, no interior de S\u00e3o Paulo, est\u00e1 com inscri\u00e7\u00f5es abertas at\u00e9 a pr\u00f3xima ter\u00e7a-feira (12) para o concurso p\u00fablico que oferece 313 vagas imediatas, al\u00e9m de cadastro de reserva em diferentes \u00e1reas. Os sal\u00e1rios variam de R$ 1.500 a R$ 15.600, dependendo do cargo e da forma\u00e7\u00e3o exigida. As inscri\u00e7\u00f5es devem ser &hellip;<\/p>\n","protected":false},"author":30,"featured_media":116581,"comment_status":"open","ping_status":"closed","sticky":false,"template":"","format":"standard","meta":{"footnotes":""},"categories":[29902],"tags":[3692,8546,31232,31231],"class_list":["post-120153","post","type-post","status-publish","format-standard","has-post-thumbnail","hentry","category-emprego","tag-cadastro","tag-concurso","tag-iinscricoes-abertas","tag-prefeitura-de-bebedouro"],"yoast_head":"<!-- This site is optimized with the Yoast SEO plugin v27.5 - https:\/\/yoast.com\/product\/yoast-seo-wordpress\/ -->\n<title>Prefeitura abre concurso com 313 vagas e sal\u00e1rios de at\u00e9 R$ 15,6 mil - Ribeir\u00e3o Preto e Regi\u00e3o<\/title>\n<meta name=\"description\" content=\"A Prefeitura de Bebedouro, no interior de S\u00e3o Paulo, est\u00e1 com inscri\u00e7\u00f5es abertas para o concurso p\u00fablico que oferece 313 vagas imediatas\" \/>\n<meta name=\"robots\" content=\"index, follow, max-snippet:-1, max-image-preview:large, max-video-preview:-1\" \/>\n<link rel=\"canonical\" href=\"https:\/\/redenoticiaz.com.br\/ribeiraopreto-regiao\/sp\/2025\/08\/07\/prefeitura-abre-concurso-com-313-vagas-e-salarios-de-ate-r-156-mil\" \/>\n<meta property=\"og:locale\" content=\"pt_BR\" \/>\n<meta property=\"og:type\" content=\"article\" \/>\n<meta property=\"og:title\" content=\"Prefeitura abre concurso com 313 vagas e sal\u00e1rios de at\u00e9 R$ 15,6 mil - Ribeir\u00e3o Preto e Regi\u00e3o\" \/>\n<meta property=\"og:description\" content=\"A Prefeitura de Bebedouro, no interior de S\u00e3o Paulo, est\u00e1 com inscri\u00e7\u00f5es abertas para o concurso p\u00fablico que oferece 313 vagas imediatas\" \/>\n<meta property=\"og:url\" content=\"https:\/\/redenoticiaz.com.br\/ribeiraopreto-regiao\/sp\/2025\/08\/07\/prefeitura-abre-concurso-com-313-vagas-e-salarios-de-ate-r-156-mil\" \/>\n<meta property=\"og:site_name\" content=\"Ribeir\u00e3o Preto e Regi\u00e3o\" \/>\n<meta property=\"article:publisher\" content=\"https:\/\/m.facebook.com\/redenoticiaz.barretos\" \/>\n<meta property=\"article:published_time\" content=\"2025-08-07T15:29:12+00:00\" \/>\n<meta property=\"article:modified_time\" content=\"2025-08-07T16:18:13+00:00\" \/>\n<meta property=\"og:image\" content=\"https:\/\/redenoticiaz.com.br\/ribeiraopreto-regiao\/wp-content\/uploads\/sites\/4\/2024\/04\/o-que-estudar-para-concurso-publico-da-prefeitura.jpg?v=1687383523\" \/>\n\t<meta property=\"og:image:width\" content=\"1200\" \/>\n\t<meta property=\"og:image:height\" content=\"801\" \/>\n\t<meta property=\"og:image:type\" content=\"image\/jpeg\" \/>\n<meta name=\"author\" content=\"Carina Reifonas\" \/>\n<meta name=\"twitter:card\" content=\"summary_large_image\" \/>\n<meta name=\"twitter:creator\" content=\"@RN_barretos\" \/>\n<meta name=\"twitter:site\" content=\"@RN_barretos\" \/>\n<meta name=\"twitter:label1\" content=\"Escrito por\" \/>\n\t<meta name=\"twitter:data1\" content=\"Carina Reifonas\" \/>\n\t<meta name=\"twitter:label2\" content=\"Est. tempo de leitura\" \/>\n\t<meta name=\"twitter:data2\" content=\"2 minutos\" \/>\n<script type=\"application\/ld+json\" class=\"yoast-schema-graph\">{\"@context\":\"https:\\\/\\\/schema.org\",\"@graph\":[{\"@type\":\"Article\",\"@id\":\"https:\\\/\\\/redenoticiaz.com.br\\\/ribeiraopreto-regiao\\\/sp\\\/2025\\\/08\\\/07\\\/prefeitura-abre-concurso-com-313-vagas-e-salarios-de-ate-r-156-mil#article\",\"isPartOf\":{\"@id\":\"https:\\\/\\\/redenoticiaz.com.br\\\/ribeiraopreto-regiao\\\/sp\\\/2025\\\/08\\\/07\\\/prefeitura-abre-concurso-com-313-vagas-e-salarios-de-ate-r-156-mil\"},\"author\":{\"name\":\"Carina Reifonas\",\"@id\":\"https:\\\/\\\/redenoticiaz.com.br\\\/ribeiraopreto-regiao\\\/#\\\/schema\\\/person\\\/1f84d6e94e6a62d2d81199d7503e9e90\"},\"headline\":\"Prefeitura abre concurso com 313 vagas e sal\u00e1rios de at\u00e9 R$ 15,6 mil\",\"datePublished\":\"2025-08-07T15:29:12+00:00\",\"dateModified\":\"2025-08-07T16:18:13+00:00\",\"mainEntityOfPage\":{\"@id\":\"https:\\\/\\\/redenoticiaz.com.br\\\/ribeiraopreto-regiao\\\/sp\\\/2025\\\/08\\\/07\\\/prefeitura-abre-concurso-com-313-vagas-e-salarios-de-ate-r-156-mil\"},\"wordCount\":225,\"commentCount\":0,\"publisher\":{\"@id\":\"https:\\\/\\\/redenoticiaz.com.br\\\/ribeiraopreto-regiao\\\/#organization\"},\"image\":{\"@id\":\"https:\\\/\\\/redenoticiaz.com.br\\\/ribeiraopreto-regiao\\\/sp\\\/2025\\\/08\\\/07\\\/prefeitura-abre-concurso-com-313-vagas-e-salarios-de-ate-r-156-mil#primaryimage\"},\"thumbnailUrl\":\"https:\\\/\\\/redenoticiaz.com.br\\\/ribeiraopreto-regiao\\\/wp-content\\\/uploads\\\/sites\\\/4\\\/2024\\\/04\\\/o-que-estudar-para-concurso-publico-da-prefeitura.jpg?v=1687383523\",\"keywords\":[\"CADASTRO\",\"CONCURSO\",\"IINSCRI\u00c7\u00d5ES ABERTAS\",\"Prefeitura de Bebedouro\"],\"articleSection\":[\"Emprego\"],\"inLanguage\":\"pt-BR\",\"potentialAction\":[{\"@type\":\"CommentAction\",\"name\":\"Comment\",\"target\":[\"https:\\\/\\\/redenoticiaz.com.br\\\/ribeiraopreto-regiao\\\/sp\\\/2025\\\/08\\\/07\\\/prefeitura-abre-concurso-com-313-vagas-e-salarios-de-ate-r-156-mil#respond\"]}]},{\"@type\":\"WebPage\",\"@id\":\"https:\\\/\\\/redenoticiaz.com.br\\\/ribeiraopreto-regiao\\\/sp\\\/2025\\\/08\\\/07\\\/prefeitura-abre-concurso-com-313-vagas-e-salarios-de-ate-r-156-mil\",\"url\":\"https:\\\/\\\/redenoticiaz.com.br\\\/ribeiraopreto-regiao\\\/sp\\\/2025\\\/08\\\/07\\\/prefeitura-abre-concurso-com-313-vagas-e-salarios-de-ate-r-156-mil\",\"name\":\"Prefeitura abre concurso com 313 vagas e sal\u00e1rios de at\u00e9 R$ 15,6 mil - Ribeir\u00e3o Preto e Regi\u00e3o\",\"isPartOf\":{\"@id\":\"https:\\\/\\\/redenoticiaz.com.br\\\/ribeiraopreto-regiao\\\/#website\"},\"primaryImageOfPage\":{\"@id\":\"https:\\\/\\\/redenoticiaz.com.br\\\/ribeiraopreto-regiao\\\/sp\\\/2025\\\/08\\\/07\\\/prefeitura-abre-concurso-com-313-vagas-e-salarios-de-ate-r-156-mil#primaryimage\"},\"image\":{\"@id\":\"https:\\\/\\\/redenoticiaz.com.br\\\/ribeiraopreto-regiao\\\/sp\\\/2025\\\/08\\\/07\\\/prefeitura-abre-concurso-com-313-vagas-e-salarios-de-ate-r-156-mil#primaryimage\"},\"thumbnailUrl\":\"https:\\\/\\\/redenoticiaz.com.br\\\/ribeiraopreto-regiao\\\/wp-content\\\/uploads\\\/sites\\\/4\\\/2024\\\/04\\\/o-que-estudar-para-concurso-publico-da-prefeitura.jpg?v=1687383523\",\"datePublished\":\"2025-08-07T15:29:12+00:00\",\"dateModified\":\"2025-08-07T16:18:13+00:00\",\"description\":\"A Prefeitura de Bebedouro, no interior de S\u00e3o Paulo, est\u00e1 com inscri\u00e7\u00f5es abertas para o concurso p\u00fablico que oferece 313 vagas imediatas\",\"inLanguage\":\"pt-BR\",\"potentialAction\":[{\"@type\":\"ReadAction\",\"target\":[\"https:\\\/\\\/redenoticiaz.com.br\\\/ribeiraopreto-regiao\\\/sp\\\/2025\\\/08\\\/07\\\/prefeitura-abre-concurso-com-313-vagas-e-salarios-de-ate-r-156-mil\"]}]},{\"@type\":\"ImageObject\",\"inLanguage\":\"pt-BR\",\"@id\":\"https:\\\/\\\/redenoticiaz.com.br\\\/ribeiraopreto-regiao\\\/sp\\\/2025\\\/08\\\/07\\\/prefeitura-abre-concurso-com-313-vagas-e-salarios-de-ate-r-156-mil#primaryimage\",\"url\":\"https:\\\/\\\/redenoticiaz.com.br\\\/ribeiraopreto-regiao\\\/wp-content\\\/uploads\\\/sites\\\/4\\\/2024\\\/04\\\/o-que-estudar-para-concurso-publico-da-prefeitura.jpg?v=1687383523\",\"contentUrl\":\"https:\\\/\\\/redenoticiaz.com.br\\\/ribeiraopreto-regiao\\\/wp-content\\\/uploads\\\/sites\\\/4\\\/2024\\\/04\\\/o-que-estudar-para-concurso-publico-da-prefeitura.jpg?v=1687383523\",\"width\":1200,\"height\":801,\"caption\":\"Foto: Divulga\u00e7\u00e3o\"},{\"@type\":\"WebSite\",\"@id\":\"https:\\\/\\\/redenoticiaz.com.br\\\/ribeiraopreto-regiao\\\/#website\",\"url\":\"https:\\\/\\\/redenoticiaz.com.br\\\/ribeiraopreto-regiao\\\/\",\"name\":\"Ribeir\u00e3o Preto e Regi\u00e3o\",\"description\":\"Rede NoticiaZ - Ribeir\u00e3o Preto e regi\u00e3o\",\"publisher\":{\"@id\":\"https:\\\/\\\/redenoticiaz.com.br\\\/ribeiraopreto-regiao\\\/#organization\"},\"potentialAction\":[{\"@type\":\"SearchAction\",\"target\":{\"@type\":\"EntryPoint\",\"urlTemplate\":\"https:\\\/\\\/redenoticiaz.com.br\\\/ribeiraopreto-regiao\\\/?s={search_term_string}\"},\"query-input\":{\"@type\":\"PropertyValueSpecification\",\"valueRequired\":true,\"valueName\":\"search_term_string\"}}],\"inLanguage\":\"pt-BR\"},{\"@type\":\"Organization\",\"@id\":\"https:\\\/\\\/redenoticiaz.com.br\\\/ribeiraopreto-regiao\\\/#organization\",\"name\":\"Ribeir\u00e3o Preto e Regi\u00e3o\",\"url\":\"https:\\\/\\\/redenoticiaz.com.br\\\/ribeiraopreto-regiao\\\/\",\"logo\":{\"@type\":\"ImageObject\",\"inLanguage\":\"pt-BR\",\"@id\":\"https:\\\/\\\/redenoticiaz.com.br\\\/ribeiraopreto-regiao\\\/#\\\/schema\\\/logo\\\/image\\\/\",\"url\":\"https:\\\/\\\/redenoticiaz.com.br\\\/barretos-regiao\\\/wp-content\\\/uploads\\\/sites\\\/4\\\/2022\\\/02\\\/logo.jpg\",\"contentUrl\":\"https:\\\/\\\/redenoticiaz.com.br\\\/barretos-regiao\\\/wp-content\\\/uploads\\\/sites\\\/4\\\/2022\\\/02\\\/logo.jpg\",\"width\":400,\"height\":250,\"caption\":\"Ribeir\u00e3o Preto e Regi\u00e3o\"},\"image\":{\"@id\":\"https:\\\/\\\/redenoticiaz.com.br\\\/ribeiraopreto-regiao\\\/#\\\/schema\\\/logo\\\/image\\\/\"},\"sameAs\":[\"https:\\\/\\\/m.facebook.com\\\/redenoticiaz.barretos\",\"https:\\\/\\\/x.com\\\/RN_barretos\",\"https:\\\/\\\/www.instagram.com\\\/redenoticiaz.barretos\\\/?igshid=YmMyMTA2M2Y\",\"https:\\\/\\\/www.linkedin.com\\\/company\\\/rede-noticiaz-barretos-e-regio\\\/\"]},{\"@type\":\"Person\",\"@id\":\"https:\\\/\\\/redenoticiaz.com.br\\\/ribeiraopreto-regiao\\\/#\\\/schema\\\/person\\\/1f84d6e94e6a62d2d81199d7503e9e90\",\"name\":\"Carina Reifonas\",\"image\":{\"@type\":\"ImageObject\",\"inLanguage\":\"pt-BR\",\"@id\":\"https:\\\/\\\/secure.gravatar.com\\\/avatar\\\/04c59859b23696cf867715880f81d5c037e60109730bdb4e6670ec2a2245bc97?s=96&d=mm&r=g\",\"url\":\"https:\\\/\\\/secure.gravatar.com\\\/avatar\\\/04c59859b23696cf867715880f81d5c037e60109730bdb4e6670ec2a2245bc97?s=96&d=mm&r=g\",\"contentUrl\":\"https:\\\/\\\/secure.gravatar.com\\\/avatar\\\/04c59859b23696cf867715880f81d5c037e60109730bdb4e6670ec2a2245bc97?s=96&d=mm&r=g\",\"caption\":\"Carina Reifonas\"},\"url\":\"https:\\\/\\\/redenoticiaz.com.br\\\/ribeiraopreto-regiao\\\/sp\\\/author\\\/carinareifonas\"}]}<\/script>\n<!-- \/ Yoast SEO plugin. -->","yoast_head_json":{"title":"Prefeitura abre concurso com 313 vagas e sal\u00e1rios de at\u00e9 R$ 15,6 mil - Ribeir\u00e3o Preto e Regi\u00e3o","description":"A Prefeitura de Bebedouro, no interior de S\u00e3o Paulo, est\u00e1 com inscri\u00e7\u00f5es abertas para o concurso p\u00fablico que oferece 313 vagas imediatas","robots":{"index":"index","follow":"follow","max-snippet":"max-snippet:-1","max-image-preview":"max-image-preview:large","max-video-preview":"max-video-preview:-1"},"canonical":"https:\/\/redenoticiaz.com.br\/ribeiraopreto-regiao\/sp\/2025\/08\/07\/prefeitura-abre-concurso-com-313-vagas-e-salarios-de-ate-r-156-mil","og_locale":"pt_BR","og_type":"article","og_title":"Prefeitura abre concurso com 313 vagas e sal\u00e1rios de at\u00e9 R$ 15,6 mil - Ribeir\u00e3o Preto e Regi\u00e3o","og_description":"A Prefeitura de Bebedouro, no interior de S\u00e3o Paulo, est\u00e1 com inscri\u00e7\u00f5es abertas para o concurso p\u00fablico que oferece 313 vagas imediatas","og_url":"https:\/\/redenoticiaz.com.br\/ribeiraopreto-regiao\/sp\/2025\/08\/07\/prefeitura-abre-concurso-com-313-vagas-e-salarios-de-ate-r-156-mil","og_site_name":"Ribeir\u00e3o Preto e Regi\u00e3o","article_publisher":"https:\/\/m.facebook.com\/redenoticiaz.barretos","article_published_time":"2025-08-07T15:29:12+00:00","article_modified_time":"2025-08-07T16:18:13+00:00","og_image":[{"width":1200,"height":801,"url":"https:\/\/redenoticiaz.com.br\/ribeiraopreto-regiao\/wp-content\/uploads\/sites\/4\/2024\/04\/o-que-estudar-para-concurso-publico-da-prefeitura.jpg?v=1687383523","type":"image\/jpeg"}],"author":"Carina Reifonas","twitter_card":"summary_large_image","twitter_creator":"@RN_barretos","twitter_site":"@RN_barretos","twitter_misc":{"Escrito por":"Carina Reifonas","Est. tempo de leitura":"2 minutos"},"schema":{"@context":"https:\/\/schema.org","@graph":[{"@type":"Article","@id":"https:\/\/redenoticiaz.com.br\/ribeiraopreto-regiao\/sp\/2025\/08\/07\/prefeitura-abre-concurso-com-313-vagas-e-salarios-de-ate-r-156-mil#article","isPartOf":{"@id":"https:\/\/redenoticiaz.com.br\/ribeiraopreto-regiao\/sp\/2025\/08\/07\/prefeitura-abre-concurso-com-313-vagas-e-salarios-de-ate-r-156-mil"},"author":{"name":"Carina Reifonas","@id":"https:\/\/redenoticiaz.com.br\/ribeiraopreto-regiao\/#\/schema\/person\/1f84d6e94e6a62d2d81199d7503e9e90"},"headline":"Prefeitura abre concurso com 313 vagas e sal\u00e1rios de at\u00e9 R$ 15,6 mil","datePublished":"2025-08-07T15:29:12+00:00","dateModified":"2025-08-07T16:18:13+00:00","mainEntityOfPage":{"@id":"https:\/\/redenoticiaz.com.br\/ribeiraopreto-regiao\/sp\/2025\/08\/07\/prefeitura-abre-concurso-com-313-vagas-e-salarios-de-ate-r-156-mil"},"wordCount":225,"commentCount":0,"publisher":{"@id":"https:\/\/redenoticiaz.com.br\/ribeiraopreto-regiao\/#organization"},"image":{"@id":"https:\/\/redenoticiaz.com.br\/ribeiraopreto-regiao\/sp\/2025\/08\/07\/prefeitura-abre-concurso-com-313-vagas-e-salarios-de-ate-r-156-mil#primaryimage"},"thumbnailUrl":"https:\/\/redenoticiaz.com.br\/ribeiraopreto-regiao\/wp-content\/uploads\/sites\/4\/2024\/04\/o-que-estudar-para-concurso-publico-da-prefeitura.jpg?v=1687383523","keywords":["CADASTRO","CONCURSO","IINSCRI\u00c7\u00d5ES ABERTAS","Prefeitura de Bebedouro"],"articleSection":["Emprego"],"inLanguage":"pt-BR","potentialAction":[{"@type":"CommentAction","name":"Comment","target":["https:\/\/redenoticiaz.com.br\/ribeiraopreto-regiao\/sp\/2025\/08\/07\/prefeitura-abre-concurso-com-313-vagas-e-salarios-de-ate-r-156-mil#respond"]}]},{"@type":"WebPage","@id":"https:\/\/redenoticiaz.com.br\/ribeiraopreto-regiao\/sp\/2025\/08\/07\/prefeitura-abre-concurso-com-313-vagas-e-salarios-de-ate-r-156-mil","url":"https:\/\/redenoticiaz.com.br\/ribeiraopreto-regiao\/sp\/2025\/08\/07\/prefeitura-abre-concurso-com-313-vagas-e-salarios-de-ate-r-156-mil","name":"Prefeitura abre concurso com 313 vagas e sal\u00e1rios de at\u00e9 R$ 15,6 mil - Ribeir\u00e3o Preto e Regi\u00e3o","isPartOf":{"@id":"https:\/\/redenoticiaz.com.br\/ribeiraopreto-regiao\/#website"},"primaryImageOfPage":{"@id":"https:\/\/redenoticiaz.com.br\/ribeiraopreto-regiao\/sp\/2025\/08\/07\/prefeitura-abre-concurso-com-313-vagas-e-salarios-de-ate-r-156-mil#primaryimage"},"image":{"@id":"https:\/\/redenoticiaz.com.br\/ribeiraopreto-regiao\/sp\/2025\/08\/07\/prefeitura-abre-concurso-com-313-vagas-e-salarios-de-ate-r-156-mil#primaryimage"},"thumbnailUrl":"https:\/\/redenoticiaz.com.br\/ribeiraopreto-regiao\/wp-content\/uploads\/sites\/4\/2024\/04\/o-que-estudar-para-concurso-publico-da-prefeitura.jpg?v=1687383523","datePublished":"2025-08-07T15:29:12+00:00","dateModified":"2025-08-07T16:18:13+00:00","description":"A Prefeitura de Bebedouro, no interior de S\u00e3o Paulo, est\u00e1 com inscri\u00e7\u00f5es abertas para o concurso p\u00fablico que oferece 313 vagas imediatas","inLanguage":"pt-BR","potentialAction":[{"@type":"ReadAction","target":["https:\/\/redenoticiaz.com.br\/ribeiraopreto-regiao\/sp\/2025\/08\/07\/prefeitura-abre-concurso-com-313-vagas-e-salarios-de-ate-r-156-mil"]}]},{"@type":"ImageObject","inLanguage":"pt-BR","@id":"https:\/\/redenoticiaz.com.br\/ribeiraopreto-regiao\/sp\/2025\/08\/07\/prefeitura-abre-concurso-com-313-vagas-e-salarios-de-ate-r-156-mil#primaryimage","url":"https:\/\/redenoticiaz.com.br\/ribeiraopreto-regiao\/wp-content\/uploads\/sites\/4\/2024\/04\/o-que-estudar-para-concurso-publico-da-prefeitura.jpg?v=1687383523","contentUrl":"https:\/\/redenoticiaz.com.br\/ribeiraopreto-regiao\/wp-content\/uploads\/sites\/4\/2024\/04\/o-que-estudar-para-concurso-publico-da-prefeitura.jpg?v=1687383523","width":1200,"height":801,"caption":"Foto: Divulga\u00e7\u00e3o"},{"@type":"WebSite","@id":"https:\/\/redenoticiaz.com.br\/ribeiraopreto-regiao\/#website","url":"https:\/\/redenoticiaz.com.br\/ribeiraopreto-regiao\/","name":"Ribeir\u00e3o Preto e Regi\u00e3o","description":"Rede NoticiaZ - Ribeir\u00e3o Preto e regi\u00e3o","publisher":{"@id":"https:\/\/redenoticiaz.com.br\/ribeiraopreto-regiao\/#organization"},"potentialAction":[{"@type":"SearchAction","target":{"@type":"EntryPoint","urlTemplate":"https:\/\/redenoticiaz.com.br\/ribeiraopreto-regiao\/?s={search_term_string}"},"query-input":{"@type":"PropertyValueSpecification","valueRequired":true,"valueName":"search_term_string"}}],"inLanguage":"pt-BR"},{"@type":"Organization","@id":"https:\/\/redenoticiaz.com.br\/ribeiraopreto-regiao\/#organization","name":"Ribeir\u00e3o Preto e Regi\u00e3o","url":"https:\/\/redenoticiaz.com.br\/ribeiraopreto-regiao\/","logo":{"@type":"ImageObject","inLanguage":"pt-BR","@id":"https:\/\/redenoticiaz.com.br\/ribeiraopreto-regiao\/#\/schema\/logo\/image\/","url":"https:\/\/redenoticiaz.com.br\/barretos-regiao\/wp-content\/uploads\/sites\/4\/2022\/02\/logo.jpg","contentUrl":"https:\/\/redenoticiaz.com.br\/barretos-regiao\/wp-content\/uploads\/sites\/4\/2022\/02\/logo.jpg","width":400,"height":250,"caption":"Ribeir\u00e3o Preto e Regi\u00e3o"},"image":{"@id":"https:\/\/redenoticiaz.com.br\/ribeiraopreto-regiao\/#\/schema\/logo\/image\/"},"sameAs":["https:\/\/m.facebook.com\/redenoticiaz.barretos","https:\/\/x.com\/RN_barretos","https:\/\/www.instagram.com\/redenoticiaz.barretos\/?igshid=YmMyMTA2M2Y","https:\/\/www.linkedin.com\/company\/rede-noticiaz-barretos-e-regio\/"]},{"@type":"Person","@id":"https:\/\/redenoticiaz.com.br\/ribeiraopreto-regiao\/#\/schema\/person\/1f84d6e94e6a62d2d81199d7503e9e90","name":"Carina Reifonas","image":{"@type":"ImageObject","inLanguage":"pt-BR","@id":"https:\/\/secure.gravatar.com\/avatar\/04c59859b23696cf867715880f81d5c037e60109730bdb4e6670ec2a2245bc97?s=96&d=mm&r=g","url":"https:\/\/secure.gravatar.com\/avatar\/04c59859b23696cf867715880f81d5c037e60109730bdb4e6670ec2a2245bc97?s=96&d=mm&r=g","contentUrl":"https:\/\/secure.gravatar.com\/avatar\/04c59859b23696cf867715880f81d5c037e60109730bdb4e6670ec2a2245bc97?s=96&d=mm&r=g","caption":"Carina Reifonas"},"url":"https:\/\/redenoticiaz.com.br\/ribeiraopreto-regiao\/sp\/author\/carinareifonas"}]}},"_links":{"self":[{"href":"https:\/\/redenoticiaz.com.br\/ribeiraopreto-regiao\/wp-json\/wp\/v2\/posts\/120153","targetHints":{"allow":["GET"]}}],"collection":[{"href":"https:\/\/redenoticiaz.com.br\/ribeiraopreto-regiao\/wp-json\/wp\/v2\/posts"}],"about":[{"href":"https:\/\/redenoticiaz.com.br\/ribeiraopreto-regiao\/wp-json\/wp\/v2\/types\/post"}],"author":[{"embeddable":true,"href":"https:\/\/redenoticiaz.com.br\/ribeiraopreto-regiao\/wp-json\/wp\/v2\/users\/30"}],"replies":[{"embeddable":true,"href":"https:\/\/redenoticiaz.com.br\/ribeiraopreto-regiao\/wp-json\/wp\/v2\/comments?post=120153"}],"version-history":[{"count":1,"href":"https:\/\/redenoticiaz.com.br\/ribeiraopreto-regiao\/wp-json\/wp\/v2\/posts\/120153\/revisions"}],"predecessor-version":[{"id":120154,"href":"https:\/\/redenoticiaz.com.br\/ribeiraopreto-regiao\/wp-json\/wp\/v2\/posts\/120153\/revisions\/120154"}],"wp:featuredmedia":[{"embeddable":true,"href":"https:\/\/redenoticiaz.com.br\/ribeiraopreto-regiao\/wp-json\/wp\/v2\/media\/116581"}],"wp:attachment":[{"href":"https:\/\/redenoticiaz.com.br\/ribeiraopreto-regiao\/wp-json\/wp\/v2\/media?parent=120153"}],"wp:term":[{"taxonomy":"category","embeddable":true,"href":"https:\/\/redenoticiaz.com.br\/ribeiraopreto-regiao\/wp-json\/wp\/v2\/categories?post=120153"},{"taxonomy":"post_tag","embeddable":true,"href":"https:\/\/redenoticiaz.com.br\/ribeiraopreto-regiao\/wp-json\/wp\/v2\/tags?post=120153"}],"curies":[{"name":"wp","href":"https:\/\/api.w.org\/{rel}","templated":true}]}}