{"id":120236,"date":"2025-08-15T10:03:32","date_gmt":"2025-08-15T13:03:32","guid":{"rendered":"https:\/\/redenoticiaz.com.br\/barretos-regiao\/sp\/2025\/08\/15\/eduardo-bolsonaro-fala-em-queimar-toda-a-floresta-antes-de-nova-reuniao-com-governo-trump"},"modified":"2025-08-15T10:03:32","modified_gmt":"2025-08-15T13:03:32","slug":"eduardo-bolsonaro-fala-em-queimar-toda-a-floresta-antes-de-nova-reuniao-com-governo-trump","status":"publish","type":"post","link":"https:\/\/redenoticiaz.com.br\/ribeiraopreto-regiao\/sp\/2025\/08\/15\/eduardo-bolsonaro-fala-em-queimar-toda-a-floresta-antes-de-nova-reuniao-com-governo-trump","title":{"rendered":"Eduardo Bolsonaro fala em &#8216;queimar toda a floresta&#8217; antes de nova reuni\u00e3o com governo Trump"},"content":{"rendered":"<p>O deputado federal Eduardo Bolsonaro (PL-SP) provocou repercuss\u00e3o ao afirmar que est\u00e1 disposto a \u201csacrificar tudo\u201d e \u201cqueimar toda a floresta\u201d em v\u00eddeo publicado nas redes sociais nesta quarta-feira (13). A declara\u00e7\u00e3o ocorre antes de novas reuni\u00f5es com representantes do governo de Donald Trump, nos Estados Unidos, onde o parlamentar est\u00e1 desde mar\u00e7o.<\/p>\n<p>\u201cEnt\u00e3o, que seja com o menor sacrif\u00edcio poss\u00edvel, mas, se for necess\u00e1rio, iremos sim sacrificar tudo e queimar toda a floresta\u201d, disse Eduardo, em recado direcionado ao ministro do Supremo Tribunal Federal (STF) Alexandre de Moraes, relator do julgamento da organiza\u00e7\u00e3o criminosa acusada de tentar um golpe de Estado no Brasil. A fala foi interpretada por aliados como uma disposi\u00e7\u00e3o de provocar o caos para evitar a pris\u00e3o do ex-presidente Jair Bolsonaro.<\/p>\n<p>No v\u00eddeo, o filho \u201c02\u201d de Bolsonaro tamb\u00e9m afirma que \u201cvai continuar trabalhando at\u00e9 eles entenderem que perderam o poder e encontraram um advers\u00e1rio mais poderoso\u201d.<\/p>\n<p>Desde que chegou aos EUA, ele tem mantido encontros com representantes do governo Trump, fortalecendo contatos internacionais enquanto responde a processos no Brasil.<\/p>\n<p>LEIA MAIS<\/p>\n<p><a href=\"https:\/\/redenoticiaz.com.br\/blog\/2025\/08\/15\/policia-federal-investiga-esquema-milionario-de-corrupcao-em-sao-bernardo-do-campo\">Pol\u00edcia Federal investiga esquema milion\u00e1rio de corrup\u00e7\u00e3o em S\u00e3o Bernardo do Campo<\/a><\/p>\n<p><a href=\"https:\/\/redenoticiaz.com.br\/blog\/2025\/08\/14\/portal-jundiai-empreendedora-oferece-quase-2-mil-vagas-de-emprego-na-cidade\">Portal Jundia\u00ed Empreendedora oferece quase 2 mil vagas de emprego na cidade<\/a><\/p>\n<p>&nbsp;<\/p>\n<p>&nbsp;<\/p>\n","protected":false},"excerpt":{"rendered":"<p>O deputado federal Eduardo Bolsonaro (PL-SP) provocou repercuss\u00e3o ao afirmar que est\u00e1 disposto a \u201csacrificar tudo\u201d e \u201cqueimar toda a floresta\u201d em v\u00eddeo publicado nas redes sociais nesta quarta-feira (13). A declara\u00e7\u00e3o ocorre antes de novas reuni\u00f5es com representantes do governo de Donald Trump, nos Estados Unidos, onde o parlamentar est\u00e1 desde mar\u00e7o. \u201cEnt\u00e3o, que &hellip;<\/p>\n","protected":false},"author":30,"featured_media":120237,"comment_status":"open","ping_status":"closed","sticky":false,"template":"","format":"standard","meta":{"footnotes":""},"categories":[186],"tags":[],"class_list":["post-120236","post","type-post","status-publish","format-standard","has-post-thumbnail","hentry","category-politica"],"yoast_head":"<!-- This site is optimized with the Yoast SEO plugin v27.4 - https:\/\/yoast.com\/product\/yoast-seo-wordpress\/ -->\n<title>Eduardo Bolsonaro fala em &#039;queimar toda a floresta&#039; antes de nova reuni\u00e3o com governo Trump - Ribeir\u00e3o Preto e Regi\u00e3o<\/title>\n<meta name=\"description\" content=\"O deputado federal Eduardo Bolsonaro (PL-SP) provocou repercuss\u00e3o ao afirmar que est\u00e1 disposto a \u201csacrificar tudo\u201d e \u201cqueimar toda a floresta\u201d\" \/>\n<meta name=\"robots\" content=\"index, follow, max-snippet:-1, max-image-preview:large, max-video-preview:-1\" \/>\n<link rel=\"canonical\" href=\"https:\/\/redenoticiaz.com.br\/ribeiraopreto-regiao\/sp\/2025\/08\/15\/eduardo-bolsonaro-fala-em-queimar-toda-a-floresta-antes-de-nova-reuniao-com-governo-trump\" \/>\n<meta property=\"og:locale\" content=\"pt_BR\" \/>\n<meta property=\"og:type\" content=\"article\" \/>\n<meta property=\"og:title\" content=\"Eduardo Bolsonaro fala em &#039;queimar toda a floresta&#039; antes de nova reuni\u00e3o com governo Trump - Ribeir\u00e3o Preto e Regi\u00e3o\" \/>\n<meta property=\"og:description\" content=\"O deputado federal Eduardo Bolsonaro (PL-SP) provocou repercuss\u00e3o ao afirmar que est\u00e1 disposto a \u201csacrificar tudo\u201d e \u201cqueimar toda a floresta\u201d\" \/>\n<meta property=\"og:url\" content=\"https:\/\/redenoticiaz.com.br\/ribeiraopreto-regiao\/sp\/2025\/08\/15\/eduardo-bolsonaro-fala-em-queimar-toda-a-floresta-antes-de-nova-reuniao-com-governo-trump\" \/>\n<meta property=\"og:site_name\" content=\"Ribeir\u00e3o Preto e Regi\u00e3o\" \/>\n<meta property=\"article:publisher\" content=\"https:\/\/m.facebook.com\/redenoticiaz.barretos\" \/>\n<meta property=\"article:published_time\" content=\"2025-08-15T13:03:32+00:00\" \/>\n<meta property=\"og:image\" content=\"https:\/\/redenoticiaz.com.br\/ribeiraopreto-regiao\/wp-content\/uploads\/sites\/4\/2025\/08\/Captura-de-tela-2025-08-15-094916.jpg?v=1755262912\" \/>\n\t<meta property=\"og:image:width\" content=\"565\" \/>\n\t<meta property=\"og:image:height\" content=\"396\" \/>\n\t<meta property=\"og:image:type\" content=\"image\/jpeg\" \/>\n<meta name=\"author\" content=\"Carina Reifonas\" \/>\n<meta name=\"twitter:card\" content=\"summary_large_image\" \/>\n<meta name=\"twitter:creator\" content=\"@RN_barretos\" \/>\n<meta name=\"twitter:site\" content=\"@RN_barretos\" \/>\n<meta name=\"twitter:label1\" content=\"Escrito por\" \/>\n\t<meta name=\"twitter:data1\" content=\"Carina Reifonas\" \/>\n\t<meta name=\"twitter:label2\" content=\"Est. tempo de leitura\" \/>\n\t<meta name=\"twitter:data2\" content=\"2 minutos\" \/>\n<script type=\"application\/ld+json\" class=\"yoast-schema-graph\">{\"@context\":\"https:\\\/\\\/schema.org\",\"@graph\":[{\"@type\":\"Article\",\"@id\":\"https:\\\/\\\/redenoticiaz.com.br\\\/ribeiraopreto-regiao\\\/sp\\\/2025\\\/08\\\/15\\\/eduardo-bolsonaro-fala-em-queimar-toda-a-floresta-antes-de-nova-reuniao-com-governo-trump#article\",\"isPartOf\":{\"@id\":\"https:\\\/\\\/redenoticiaz.com.br\\\/ribeiraopreto-regiao\\\/sp\\\/2025\\\/08\\\/15\\\/eduardo-bolsonaro-fala-em-queimar-toda-a-floresta-antes-de-nova-reuniao-com-governo-trump\"},\"author\":{\"name\":\"Carina Reifonas\",\"@id\":\"https:\\\/\\\/redenoticiaz.com.br\\\/ribeiraopreto-regiao\\\/#\\\/schema\\\/person\\\/1f84d6e94e6a62d2d81199d7503e9e90\"},\"headline\":\"Eduardo Bolsonaro fala em &#8216;queimar toda a floresta&#8217; antes de nova reuni\u00e3o com governo Trump\",\"datePublished\":\"2025-08-15T13:03:32+00:00\",\"mainEntityOfPage\":{\"@id\":\"https:\\\/\\\/redenoticiaz.com.br\\\/ribeiraopreto-regiao\\\/sp\\\/2025\\\/08\\\/15\\\/eduardo-bolsonaro-fala-em-queimar-toda-a-floresta-antes-de-nova-reuniao-com-governo-trump\"},\"wordCount\":234,\"commentCount\":0,\"publisher\":{\"@id\":\"https:\\\/\\\/redenoticiaz.com.br\\\/ribeiraopreto-regiao\\\/#organization\"},\"image\":{\"@id\":\"https:\\\/\\\/redenoticiaz.com.br\\\/ribeiraopreto-regiao\\\/sp\\\/2025\\\/08\\\/15\\\/eduardo-bolsonaro-fala-em-queimar-toda-a-floresta-antes-de-nova-reuniao-com-governo-trump#primaryimage\"},\"thumbnailUrl\":\"https:\\\/\\\/redenoticiaz.com.br\\\/ribeiraopreto-regiao\\\/wp-content\\\/uploads\\\/sites\\\/4\\\/2025\\\/08\\\/Captura-de-tela-2025-08-15-094916.jpg?v=1755262912\",\"articleSection\":[\"Pol\u00edtica\"],\"inLanguage\":\"pt-BR\",\"potentialAction\":[{\"@type\":\"CommentAction\",\"name\":\"Comment\",\"target\":[\"https:\\\/\\\/redenoticiaz.com.br\\\/ribeiraopreto-regiao\\\/sp\\\/2025\\\/08\\\/15\\\/eduardo-bolsonaro-fala-em-queimar-toda-a-floresta-antes-de-nova-reuniao-com-governo-trump#respond\"]}]},{\"@type\":\"WebPage\",\"@id\":\"https:\\\/\\\/redenoticiaz.com.br\\\/ribeiraopreto-regiao\\\/sp\\\/2025\\\/08\\\/15\\\/eduardo-bolsonaro-fala-em-queimar-toda-a-floresta-antes-de-nova-reuniao-com-governo-trump\",\"url\":\"https:\\\/\\\/redenoticiaz.com.br\\\/ribeiraopreto-regiao\\\/sp\\\/2025\\\/08\\\/15\\\/eduardo-bolsonaro-fala-em-queimar-toda-a-floresta-antes-de-nova-reuniao-com-governo-trump\",\"name\":\"Eduardo Bolsonaro fala em 'queimar toda a floresta' antes de nova reuni\u00e3o com governo Trump - Ribeir\u00e3o Preto e Regi\u00e3o\",\"isPartOf\":{\"@id\":\"https:\\\/\\\/redenoticiaz.com.br\\\/ribeiraopreto-regiao\\\/#website\"},\"primaryImageOfPage\":{\"@id\":\"https:\\\/\\\/redenoticiaz.com.br\\\/ribeiraopreto-regiao\\\/sp\\\/2025\\\/08\\\/15\\\/eduardo-bolsonaro-fala-em-queimar-toda-a-floresta-antes-de-nova-reuniao-com-governo-trump#primaryimage\"},\"image\":{\"@id\":\"https:\\\/\\\/redenoticiaz.com.br\\\/ribeiraopreto-regiao\\\/sp\\\/2025\\\/08\\\/15\\\/eduardo-bolsonaro-fala-em-queimar-toda-a-floresta-antes-de-nova-reuniao-com-governo-trump#primaryimage\"},\"thumbnailUrl\":\"https:\\\/\\\/redenoticiaz.com.br\\\/ribeiraopreto-regiao\\\/wp-content\\\/uploads\\\/sites\\\/4\\\/2025\\\/08\\\/Captura-de-tela-2025-08-15-094916.jpg?v=1755262912\",\"datePublished\":\"2025-08-15T13:03:32+00:00\",\"description\":\"O deputado federal Eduardo Bolsonaro (PL-SP) provocou repercuss\u00e3o ao afirmar que est\u00e1 disposto a \u201csacrificar tudo\u201d e \u201cqueimar toda a floresta\u201d\",\"inLanguage\":\"pt-BR\",\"potentialAction\":[{\"@type\":\"ReadAction\",\"target\":[\"https:\\\/\\\/redenoticiaz.com.br\\\/ribeiraopreto-regiao\\\/sp\\\/2025\\\/08\\\/15\\\/eduardo-bolsonaro-fala-em-queimar-toda-a-floresta-antes-de-nova-reuniao-com-governo-trump\"]}]},{\"@type\":\"ImageObject\",\"inLanguage\":\"pt-BR\",\"@id\":\"https:\\\/\\\/redenoticiaz.com.br\\\/ribeiraopreto-regiao\\\/sp\\\/2025\\\/08\\\/15\\\/eduardo-bolsonaro-fala-em-queimar-toda-a-floresta-antes-de-nova-reuniao-com-governo-trump#primaryimage\",\"url\":\"https:\\\/\\\/redenoticiaz.com.br\\\/ribeiraopreto-regiao\\\/wp-content\\\/uploads\\\/sites\\\/4\\\/2025\\\/08\\\/Captura-de-tela-2025-08-15-094916.jpg?v=1755262912\",\"contentUrl\":\"https:\\\/\\\/redenoticiaz.com.br\\\/ribeiraopreto-regiao\\\/wp-content\\\/uploads\\\/sites\\\/4\\\/2025\\\/08\\\/Captura-de-tela-2025-08-15-094916.jpg?v=1755262912\",\"width\":565,\"height\":396,\"caption\":\"Eduardo Bolsonaro fala em 'queimar toda a floresta' antes de nova reuni\u00e3o com governo Trump \u2014 Foto: Reprodu\u00e7\u00e3o\"},{\"@type\":\"WebSite\",\"@id\":\"https:\\\/\\\/redenoticiaz.com.br\\\/ribeiraopreto-regiao\\\/#website\",\"url\":\"https:\\\/\\\/redenoticiaz.com.br\\\/ribeiraopreto-regiao\\\/\",\"name\":\"Ribeir\u00e3o Preto e Regi\u00e3o\",\"description\":\"Rede NoticiaZ - Ribeir\u00e3o Preto e regi\u00e3o\",\"publisher\":{\"@id\":\"https:\\\/\\\/redenoticiaz.com.br\\\/ribeiraopreto-regiao\\\/#organization\"},\"potentialAction\":[{\"@type\":\"SearchAction\",\"target\":{\"@type\":\"EntryPoint\",\"urlTemplate\":\"https:\\\/\\\/redenoticiaz.com.br\\\/ribeiraopreto-regiao\\\/?s={search_term_string}\"},\"query-input\":{\"@type\":\"PropertyValueSpecification\",\"valueRequired\":true,\"valueName\":\"search_term_string\"}}],\"inLanguage\":\"pt-BR\"},{\"@type\":\"Organization\",\"@id\":\"https:\\\/\\\/redenoticiaz.com.br\\\/ribeiraopreto-regiao\\\/#organization\",\"name\":\"Ribeir\u00e3o Preto e Regi\u00e3o\",\"url\":\"https:\\\/\\\/redenoticiaz.com.br\\\/ribeiraopreto-regiao\\\/\",\"logo\":{\"@type\":\"ImageObject\",\"inLanguage\":\"pt-BR\",\"@id\":\"https:\\\/\\\/redenoticiaz.com.br\\\/ribeiraopreto-regiao\\\/#\\\/schema\\\/logo\\\/image\\\/\",\"url\":\"https:\\\/\\\/redenoticiaz.com.br\\\/barretos-regiao\\\/wp-content\\\/uploads\\\/sites\\\/4\\\/2022\\\/02\\\/logo.jpg\",\"contentUrl\":\"https:\\\/\\\/redenoticiaz.com.br\\\/barretos-regiao\\\/wp-content\\\/uploads\\\/sites\\\/4\\\/2022\\\/02\\\/logo.jpg\",\"width\":400,\"height\":250,\"caption\":\"Ribeir\u00e3o Preto e Regi\u00e3o\"},\"image\":{\"@id\":\"https:\\\/\\\/redenoticiaz.com.br\\\/ribeiraopreto-regiao\\\/#\\\/schema\\\/logo\\\/image\\\/\"},\"sameAs\":[\"https:\\\/\\\/m.facebook.com\\\/redenoticiaz.barretos\",\"https:\\\/\\\/x.com\\\/RN_barretos\",\"https:\\\/\\\/www.instagram.com\\\/redenoticiaz.barretos\\\/?igshid=YmMyMTA2M2Y\",\"https:\\\/\\\/www.linkedin.com\\\/company\\\/rede-noticiaz-barretos-e-regio\\\/\"]},{\"@type\":\"Person\",\"@id\":\"https:\\\/\\\/redenoticiaz.com.br\\\/ribeiraopreto-regiao\\\/#\\\/schema\\\/person\\\/1f84d6e94e6a62d2d81199d7503e9e90\",\"name\":\"Carina Reifonas\",\"image\":{\"@type\":\"ImageObject\",\"inLanguage\":\"pt-BR\",\"@id\":\"https:\\\/\\\/secure.gravatar.com\\\/avatar\\\/04c59859b23696cf867715880f81d5c037e60109730bdb4e6670ec2a2245bc97?s=96&d=mm&r=g\",\"url\":\"https:\\\/\\\/secure.gravatar.com\\\/avatar\\\/04c59859b23696cf867715880f81d5c037e60109730bdb4e6670ec2a2245bc97?s=96&d=mm&r=g\",\"contentUrl\":\"https:\\\/\\\/secure.gravatar.com\\\/avatar\\\/04c59859b23696cf867715880f81d5c037e60109730bdb4e6670ec2a2245bc97?s=96&d=mm&r=g\",\"caption\":\"Carina Reifonas\"},\"url\":\"https:\\\/\\\/redenoticiaz.com.br\\\/ribeiraopreto-regiao\\\/sp\\\/author\\\/carinareifonas\"}]}<\/script>\n<!-- \/ Yoast SEO plugin. -->","yoast_head_json":{"title":"Eduardo Bolsonaro fala em 'queimar toda a floresta' antes de nova reuni\u00e3o com governo Trump - Ribeir\u00e3o Preto e Regi\u00e3o","description":"O deputado federal Eduardo Bolsonaro (PL-SP) provocou repercuss\u00e3o ao afirmar que est\u00e1 disposto a \u201csacrificar tudo\u201d e \u201cqueimar toda a floresta\u201d","robots":{"index":"index","follow":"follow","max-snippet":"max-snippet:-1","max-image-preview":"max-image-preview:large","max-video-preview":"max-video-preview:-1"},"canonical":"https:\/\/redenoticiaz.com.br\/ribeiraopreto-regiao\/sp\/2025\/08\/15\/eduardo-bolsonaro-fala-em-queimar-toda-a-floresta-antes-de-nova-reuniao-com-governo-trump","og_locale":"pt_BR","og_type":"article","og_title":"Eduardo Bolsonaro fala em 'queimar toda a floresta' antes de nova reuni\u00e3o com governo Trump - Ribeir\u00e3o Preto e Regi\u00e3o","og_description":"O deputado federal Eduardo Bolsonaro (PL-SP) provocou repercuss\u00e3o ao afirmar que est\u00e1 disposto a \u201csacrificar tudo\u201d e \u201cqueimar toda a floresta\u201d","og_url":"https:\/\/redenoticiaz.com.br\/ribeiraopreto-regiao\/sp\/2025\/08\/15\/eduardo-bolsonaro-fala-em-queimar-toda-a-floresta-antes-de-nova-reuniao-com-governo-trump","og_site_name":"Ribeir\u00e3o Preto e Regi\u00e3o","article_publisher":"https:\/\/m.facebook.com\/redenoticiaz.barretos","article_published_time":"2025-08-15T13:03:32+00:00","og_image":[{"width":565,"height":396,"url":"https:\/\/redenoticiaz.com.br\/ribeiraopreto-regiao\/wp-content\/uploads\/sites\/4\/2025\/08\/Captura-de-tela-2025-08-15-094916.jpg?v=1755262912","type":"image\/jpeg"}],"author":"Carina Reifonas","twitter_card":"summary_large_image","twitter_creator":"@RN_barretos","twitter_site":"@RN_barretos","twitter_misc":{"Escrito por":"Carina Reifonas","Est. tempo de leitura":"2 minutos"},"schema":{"@context":"https:\/\/schema.org","@graph":[{"@type":"Article","@id":"https:\/\/redenoticiaz.com.br\/ribeiraopreto-regiao\/sp\/2025\/08\/15\/eduardo-bolsonaro-fala-em-queimar-toda-a-floresta-antes-de-nova-reuniao-com-governo-trump#article","isPartOf":{"@id":"https:\/\/redenoticiaz.com.br\/ribeiraopreto-regiao\/sp\/2025\/08\/15\/eduardo-bolsonaro-fala-em-queimar-toda-a-floresta-antes-de-nova-reuniao-com-governo-trump"},"author":{"name":"Carina Reifonas","@id":"https:\/\/redenoticiaz.com.br\/ribeiraopreto-regiao\/#\/schema\/person\/1f84d6e94e6a62d2d81199d7503e9e90"},"headline":"Eduardo Bolsonaro fala em &#8216;queimar toda a floresta&#8217; antes de nova reuni\u00e3o com governo Trump","datePublished":"2025-08-15T13:03:32+00:00","mainEntityOfPage":{"@id":"https:\/\/redenoticiaz.com.br\/ribeiraopreto-regiao\/sp\/2025\/08\/15\/eduardo-bolsonaro-fala-em-queimar-toda-a-floresta-antes-de-nova-reuniao-com-governo-trump"},"wordCount":234,"commentCount":0,"publisher":{"@id":"https:\/\/redenoticiaz.com.br\/ribeiraopreto-regiao\/#organization"},"image":{"@id":"https:\/\/redenoticiaz.com.br\/ribeiraopreto-regiao\/sp\/2025\/08\/15\/eduardo-bolsonaro-fala-em-queimar-toda-a-floresta-antes-de-nova-reuniao-com-governo-trump#primaryimage"},"thumbnailUrl":"https:\/\/redenoticiaz.com.br\/ribeiraopreto-regiao\/wp-content\/uploads\/sites\/4\/2025\/08\/Captura-de-tela-2025-08-15-094916.jpg?v=1755262912","articleSection":["Pol\u00edtica"],"inLanguage":"pt-BR","potentialAction":[{"@type":"CommentAction","name":"Comment","target":["https:\/\/redenoticiaz.com.br\/ribeiraopreto-regiao\/sp\/2025\/08\/15\/eduardo-bolsonaro-fala-em-queimar-toda-a-floresta-antes-de-nova-reuniao-com-governo-trump#respond"]}]},{"@type":"WebPage","@id":"https:\/\/redenoticiaz.com.br\/ribeiraopreto-regiao\/sp\/2025\/08\/15\/eduardo-bolsonaro-fala-em-queimar-toda-a-floresta-antes-de-nova-reuniao-com-governo-trump","url":"https:\/\/redenoticiaz.com.br\/ribeiraopreto-regiao\/sp\/2025\/08\/15\/eduardo-bolsonaro-fala-em-queimar-toda-a-floresta-antes-de-nova-reuniao-com-governo-trump","name":"Eduardo Bolsonaro fala em 'queimar toda a floresta' antes de nova reuni\u00e3o com governo Trump - Ribeir\u00e3o Preto e Regi\u00e3o","isPartOf":{"@id":"https:\/\/redenoticiaz.com.br\/ribeiraopreto-regiao\/#website"},"primaryImageOfPage":{"@id":"https:\/\/redenoticiaz.com.br\/ribeiraopreto-regiao\/sp\/2025\/08\/15\/eduardo-bolsonaro-fala-em-queimar-toda-a-floresta-antes-de-nova-reuniao-com-governo-trump#primaryimage"},"image":{"@id":"https:\/\/redenoticiaz.com.br\/ribeiraopreto-regiao\/sp\/2025\/08\/15\/eduardo-bolsonaro-fala-em-queimar-toda-a-floresta-antes-de-nova-reuniao-com-governo-trump#primaryimage"},"thumbnailUrl":"https:\/\/redenoticiaz.com.br\/ribeiraopreto-regiao\/wp-content\/uploads\/sites\/4\/2025\/08\/Captura-de-tela-2025-08-15-094916.jpg?v=1755262912","datePublished":"2025-08-15T13:03:32+00:00","description":"O deputado federal Eduardo Bolsonaro (PL-SP) provocou repercuss\u00e3o ao afirmar que est\u00e1 disposto a \u201csacrificar tudo\u201d e \u201cqueimar toda a floresta\u201d","inLanguage":"pt-BR","potentialAction":[{"@type":"ReadAction","target":["https:\/\/redenoticiaz.com.br\/ribeiraopreto-regiao\/sp\/2025\/08\/15\/eduardo-bolsonaro-fala-em-queimar-toda-a-floresta-antes-de-nova-reuniao-com-governo-trump"]}]},{"@type":"ImageObject","inLanguage":"pt-BR","@id":"https:\/\/redenoticiaz.com.br\/ribeiraopreto-regiao\/sp\/2025\/08\/15\/eduardo-bolsonaro-fala-em-queimar-toda-a-floresta-antes-de-nova-reuniao-com-governo-trump#primaryimage","url":"https:\/\/redenoticiaz.com.br\/ribeiraopreto-regiao\/wp-content\/uploads\/sites\/4\/2025\/08\/Captura-de-tela-2025-08-15-094916.jpg?v=1755262912","contentUrl":"https:\/\/redenoticiaz.com.br\/ribeiraopreto-regiao\/wp-content\/uploads\/sites\/4\/2025\/08\/Captura-de-tela-2025-08-15-094916.jpg?v=1755262912","width":565,"height":396,"caption":"Eduardo Bolsonaro fala em 'queimar toda a floresta' antes de nova reuni\u00e3o com governo Trump \u2014 Foto: Reprodu\u00e7\u00e3o"},{"@type":"WebSite","@id":"https:\/\/redenoticiaz.com.br\/ribeiraopreto-regiao\/#website","url":"https:\/\/redenoticiaz.com.br\/ribeiraopreto-regiao\/","name":"Ribeir\u00e3o Preto e Regi\u00e3o","description":"Rede NoticiaZ - Ribeir\u00e3o Preto e regi\u00e3o","publisher":{"@id":"https:\/\/redenoticiaz.com.br\/ribeiraopreto-regiao\/#organization"},"potentialAction":[{"@type":"SearchAction","target":{"@type":"EntryPoint","urlTemplate":"https:\/\/redenoticiaz.com.br\/ribeiraopreto-regiao\/?s={search_term_string}"},"query-input":{"@type":"PropertyValueSpecification","valueRequired":true,"valueName":"search_term_string"}}],"inLanguage":"pt-BR"},{"@type":"Organization","@id":"https:\/\/redenoticiaz.com.br\/ribeiraopreto-regiao\/#organization","name":"Ribeir\u00e3o Preto e Regi\u00e3o","url":"https:\/\/redenoticiaz.com.br\/ribeiraopreto-regiao\/","logo":{"@type":"ImageObject","inLanguage":"pt-BR","@id":"https:\/\/redenoticiaz.com.br\/ribeiraopreto-regiao\/#\/schema\/logo\/image\/","url":"https:\/\/redenoticiaz.com.br\/barretos-regiao\/wp-content\/uploads\/sites\/4\/2022\/02\/logo.jpg","contentUrl":"https:\/\/redenoticiaz.com.br\/barretos-regiao\/wp-content\/uploads\/sites\/4\/2022\/02\/logo.jpg","width":400,"height":250,"caption":"Ribeir\u00e3o Preto e Regi\u00e3o"},"image":{"@id":"https:\/\/redenoticiaz.com.br\/ribeiraopreto-regiao\/#\/schema\/logo\/image\/"},"sameAs":["https:\/\/m.facebook.com\/redenoticiaz.barretos","https:\/\/x.com\/RN_barretos","https:\/\/www.instagram.com\/redenoticiaz.barretos\/?igshid=YmMyMTA2M2Y","https:\/\/www.linkedin.com\/company\/rede-noticiaz-barretos-e-regio\/"]},{"@type":"Person","@id":"https:\/\/redenoticiaz.com.br\/ribeiraopreto-regiao\/#\/schema\/person\/1f84d6e94e6a62d2d81199d7503e9e90","name":"Carina Reifonas","image":{"@type":"ImageObject","inLanguage":"pt-BR","@id":"https:\/\/secure.gravatar.com\/avatar\/04c59859b23696cf867715880f81d5c037e60109730bdb4e6670ec2a2245bc97?s=96&d=mm&r=g","url":"https:\/\/secure.gravatar.com\/avatar\/04c59859b23696cf867715880f81d5c037e60109730bdb4e6670ec2a2245bc97?s=96&d=mm&r=g","contentUrl":"https:\/\/secure.gravatar.com\/avatar\/04c59859b23696cf867715880f81d5c037e60109730bdb4e6670ec2a2245bc97?s=96&d=mm&r=g","caption":"Carina Reifonas"},"url":"https:\/\/redenoticiaz.com.br\/ribeiraopreto-regiao\/sp\/author\/carinareifonas"}]}},"_links":{"self":[{"href":"https:\/\/redenoticiaz.com.br\/ribeiraopreto-regiao\/wp-json\/wp\/v2\/posts\/120236","targetHints":{"allow":["GET"]}}],"collection":[{"href":"https:\/\/redenoticiaz.com.br\/ribeiraopreto-regiao\/wp-json\/wp\/v2\/posts"}],"about":[{"href":"https:\/\/redenoticiaz.com.br\/ribeiraopreto-regiao\/wp-json\/wp\/v2\/types\/post"}],"author":[{"embeddable":true,"href":"https:\/\/redenoticiaz.com.br\/ribeiraopreto-regiao\/wp-json\/wp\/v2\/users\/30"}],"replies":[{"embeddable":true,"href":"https:\/\/redenoticiaz.com.br\/ribeiraopreto-regiao\/wp-json\/wp\/v2\/comments?post=120236"}],"version-history":[{"count":1,"href":"https:\/\/redenoticiaz.com.br\/ribeiraopreto-regiao\/wp-json\/wp\/v2\/posts\/120236\/revisions"}],"predecessor-version":[{"id":120238,"href":"https:\/\/redenoticiaz.com.br\/ribeiraopreto-regiao\/wp-json\/wp\/v2\/posts\/120236\/revisions\/120238"}],"wp:featuredmedia":[{"embeddable":true,"href":"https:\/\/redenoticiaz.com.br\/ribeiraopreto-regiao\/wp-json\/wp\/v2\/media\/120237"}],"wp:attachment":[{"href":"https:\/\/redenoticiaz.com.br\/ribeiraopreto-regiao\/wp-json\/wp\/v2\/media?parent=120236"}],"wp:term":[{"taxonomy":"category","embeddable":true,"href":"https:\/\/redenoticiaz.com.br\/ribeiraopreto-regiao\/wp-json\/wp\/v2\/categories?post=120236"},{"taxonomy":"post_tag","embeddable":true,"href":"https:\/\/redenoticiaz.com.br\/ribeiraopreto-regiao\/wp-json\/wp\/v2\/tags?post=120236"}],"curies":[{"name":"wp","href":"https:\/\/api.w.org\/{rel}","templated":true}]}}