{"id":120308,"date":"2025-08-31T10:00:15","date_gmt":"2025-08-31T13:00:15","guid":{"rendered":"https:\/\/redenoticiaz.com.br\/barretos-regiao\/?p=120308"},"modified":"2025-08-26T13:11:02","modified_gmt":"2025-08-26T16:11:02","slug":"filmes-e-series-inspirada-nos-signos-do-zodiaco","status":"publish","type":"post","link":"https:\/\/redenoticiaz.com.br\/ribeiraopreto-regiao\/sp\/2025\/08\/31\/filmes-e-series-inspirada-nos-signos-do-zodiaco","title":{"rendered":"Filmes e s\u00e9ries inspirada nos signos do zod\u00edaco"},"content":{"rendered":"<p>A Netflix apresenta a novidade \u201cSua playlist do zod\u00edaco\u201d, uma cole\u00e7\u00e3o tem\u00e1tica que associa filmes e s\u00e9ries \u00e0s caracter\u00edsticas de cada signo do zod\u00edaco. A iniciativa permite aos assinantes personalizar a experi\u00eancia no aplicativo, explorar novos t\u00edtulos e revisitar favoritos de acordo com a personalidade astrol\u00f3gica.<\/p>\n<p>O lan\u00e7amento coincide com a temporada de Virgem (23 de agosto a 22 de setembro), signo conhecido pelo planejamento, aten\u00e7\u00e3o aos detalhes e organiza\u00e7\u00e3o. Personagens como Beth Harmon, de O Gambito da Rainha, ilustram bem essas caracter\u00edsticas.<\/p>\n<p>A cada semana, a Netflix promete novas curadorias, muitas delas inspiradas em tend\u00eancias da cultura pop. Entre os destaques da cole\u00e7\u00e3o, est\u00e3o:<\/p>\n<p><strong>Virgem<\/strong> \u2013 assaltos e confrontos: O Gambito da Rainha, Treta, O Grande Assalto<\/p>\n<p><strong>Libra<\/strong> \u2013 thrillers rom\u00e2nticos: Ozark, Peaky Blinders, De Volta \u00e0 A\u00e7\u00e3o, Designated Survivor<\/p>\n<p><strong>Escorpi\u00e3o<\/strong> \u2013 mist\u00e9rios: Wandinha, Voc\u00ea, O Agente Noturno, Manifest, Glass Onion: Um Mist\u00e9rio Knives Out<\/p>\n<p><strong>Sagit\u00e1rio<\/strong> \u2013 aventuras: One Piece, Minha Vida em Marte, O Menino no Espelho, The Witcher, Avatar: O \u00daltimo Mestre do Ar<\/p>\n<p><strong>Capric\u00f3rnio<\/strong> \u2013 neg\u00f3cios e empreendedorismo: Uma Advogada Extraordin\u00e1ria, Dept. Q, A Diplomata, Como Nossos Pais<\/p>\n<p><strong>Aqu\u00e1rio<\/strong> \u2013 fic\u00e7\u00e3o cient\u00edfica e espa\u00e7o: Stranger Things, Rebel Moon<\/p>\n<p><strong>Peixes<\/strong> \u2013 romances: Bridgerton, Coisa Mais Linda, Desejo Irland\u00eas, Para Sempre, XO, Kitty<\/p>\n<p><strong>\u00c1ries<\/strong> \u2013 realities e competi\u00e7\u00f5es: A Batalha dos 100, Round 6: O Desafio, Casamento \u00e0s Cegas Brasil, Kaos<\/p>\n<p><strong>Touro<\/strong> \u2013 comida e festas: Madea: O Retorno, Nonnas, Heeramandi &#8211; O Bazar de Diamantes<\/p>\n<p><strong>G\u00eameos<\/strong> \u2013 stand-up e personagens falantes: Ali Wong: Single Lady, Big Mouth, Ningu\u00e9m Quer<\/p>\n<p><strong>C\u00e2ncer<\/strong> \u2013 dramas emocionantes: Meu Sangue Ferve Por Voc\u00ea, Heartstopper, A Lista da Minha Vida, Ginny &amp; Georgia<\/p>\n<p><strong>Le\u00e3o<\/strong> \u2013 realeza e l\u00edderes: The Crown, Rainha Charlotte: Uma Hist\u00f3ria Bridgerton, Emily em Paris<\/p>\n<p>A cole\u00e7\u00e3o j\u00e1 est\u00e1 dispon\u00edvel para todos os assinantes da Netflix.<\/p>\n<p>LEIA MAIS<\/p>\n<p><a href=\"https:\/\/redenoticiaz.com.br\/blog\/2025\/08\/26\/ca-abre-selecao-em-sp-e-jundiai-com-salarios-e-cargos-variados\">C&amp;A abre sele\u00e7\u00e3o em SP e Jundia\u00ed com sal\u00e1rios e cargos variados<\/a><\/p>\n<p><a href=\"https:\/\/redenoticiaz.com.br\/blog\/2025\/08\/26\/policia-militar-apreende-85-kg-de-maconha-em-operacao-em-itatiba\">Pol\u00edcia Militar apreende 85 kg de maconha em opera\u00e7\u00e3o em Itatiba<\/a><\/p>\n","protected":false},"excerpt":{"rendered":"<p>A Netflix apresenta a novidade \u201cSua playlist do zod\u00edaco\u201d, uma cole\u00e7\u00e3o tem\u00e1tica que associa filmes e s\u00e9ries \u00e0s caracter\u00edsticas de cada signo do zod\u00edaco. A iniciativa permite aos assinantes personalizar a experi\u00eancia no aplicativo, explorar novos t\u00edtulos e revisitar favoritos de acordo com a personalidade astrol\u00f3gica. O lan\u00e7amento coincide com a temporada de Virgem (23 &hellip;<\/p>\n","protected":false},"author":30,"featured_media":2388,"comment_status":"open","ping_status":"closed","sticky":false,"template":"","format":"standard","meta":{"footnotes":""},"categories":[23210],"tags":[4767,5887,6704],"class_list":["post-120308","post","type-post","status-publish","format-standard","has-post-thumbnail","hentry","category-cameraz","tag-filmes","tag-netflix","tag-series"],"yoast_head":"<!-- This site is optimized with the Yoast SEO plugin v27.4 - https:\/\/yoast.com\/product\/yoast-seo-wordpress\/ -->\n<title>Filmes e s\u00e9ries inspirada nos signos do zod\u00edaco - Ribeir\u00e3o Preto e Regi\u00e3o<\/title>\n<meta name=\"description\" content=\"\u201cSua playlist do zod\u00edaco\u201d, uma cole\u00e7\u00e3o tem\u00e1tica que associa filmes e s\u00e9ries \u00e0s caracter\u00edsticas de cada signo do zod\u00edaco.\" \/>\n<meta name=\"robots\" content=\"index, follow, max-snippet:-1, max-image-preview:large, max-video-preview:-1\" \/>\n<link rel=\"canonical\" href=\"https:\/\/redenoticiaz.com.br\/ribeiraopreto-regiao\/sp\/2025\/08\/31\/filmes-e-series-inspirada-nos-signos-do-zodiaco\" \/>\n<meta property=\"og:locale\" content=\"pt_BR\" \/>\n<meta property=\"og:type\" content=\"article\" \/>\n<meta property=\"og:title\" content=\"Filmes e s\u00e9ries inspirada nos signos do zod\u00edaco - Ribeir\u00e3o Preto e Regi\u00e3o\" \/>\n<meta property=\"og:description\" content=\"\u201cSua playlist do zod\u00edaco\u201d, uma cole\u00e7\u00e3o tem\u00e1tica que associa filmes e s\u00e9ries \u00e0s caracter\u00edsticas de cada signo do zod\u00edaco.\" \/>\n<meta property=\"og:url\" content=\"https:\/\/redenoticiaz.com.br\/ribeiraopreto-regiao\/sp\/2025\/08\/31\/filmes-e-series-inspirada-nos-signos-do-zodiaco\" \/>\n<meta property=\"og:site_name\" content=\"Ribeir\u00e3o Preto e Regi\u00e3o\" \/>\n<meta property=\"article:publisher\" content=\"https:\/\/m.facebook.com\/redenoticiaz.barretos\" \/>\n<meta property=\"article:published_time\" content=\"2025-08-31T13:00:15+00:00\" \/>\n<meta property=\"og:image\" content=\"https:\/\/redenoticiaz.com.br\/ribeiraopreto-regiao\/wp-content\/uploads\/sites\/4\/2022\/04\/strangerthings_strangerthings4_2_00_24_22_13_rc.jpg\" \/>\n\t<meta property=\"og:image:width\" content=\"1920\" \/>\n\t<meta property=\"og:image:height\" content=\"960\" \/>\n\t<meta property=\"og:image:type\" content=\"image\/jpeg\" \/>\n<meta name=\"author\" content=\"Carina Reifonas\" \/>\n<meta name=\"twitter:card\" content=\"summary_large_image\" \/>\n<meta name=\"twitter:creator\" content=\"@RN_barretos\" \/>\n<meta name=\"twitter:site\" content=\"@RN_barretos\" \/>\n<meta name=\"twitter:label1\" content=\"Escrito por\" \/>\n\t<meta name=\"twitter:data1\" content=\"Carina Reifonas\" \/>\n\t<meta name=\"twitter:label2\" content=\"Est. tempo de leitura\" \/>\n\t<meta name=\"twitter:data2\" content=\"2 minutos\" \/>\n<script type=\"application\/ld+json\" class=\"yoast-schema-graph\">{\"@context\":\"https:\\\/\\\/schema.org\",\"@graph\":[{\"@type\":\"Article\",\"@id\":\"https:\\\/\\\/redenoticiaz.com.br\\\/ribeiraopreto-regiao\\\/sp\\\/2025\\\/08\\\/31\\\/filmes-e-series-inspirada-nos-signos-do-zodiaco#article\",\"isPartOf\":{\"@id\":\"https:\\\/\\\/redenoticiaz.com.br\\\/ribeiraopreto-regiao\\\/sp\\\/2025\\\/08\\\/31\\\/filmes-e-series-inspirada-nos-signos-do-zodiaco\"},\"author\":{\"name\":\"Carina Reifonas\",\"@id\":\"https:\\\/\\\/redenoticiaz.com.br\\\/ribeiraopreto-regiao\\\/#\\\/schema\\\/person\\\/1f84d6e94e6a62d2d81199d7503e9e90\"},\"headline\":\"Filmes e s\u00e9ries inspirada nos signos do zod\u00edaco\",\"datePublished\":\"2025-08-31T13:00:15+00:00\",\"mainEntityOfPage\":{\"@id\":\"https:\\\/\\\/redenoticiaz.com.br\\\/ribeiraopreto-regiao\\\/sp\\\/2025\\\/08\\\/31\\\/filmes-e-series-inspirada-nos-signos-do-zodiaco\"},\"wordCount\":358,\"commentCount\":0,\"publisher\":{\"@id\":\"https:\\\/\\\/redenoticiaz.com.br\\\/ribeiraopreto-regiao\\\/#organization\"},\"image\":{\"@id\":\"https:\\\/\\\/redenoticiaz.com.br\\\/ribeiraopreto-regiao\\\/sp\\\/2025\\\/08\\\/31\\\/filmes-e-series-inspirada-nos-signos-do-zodiaco#primaryimage\"},\"thumbnailUrl\":\"https:\\\/\\\/redenoticiaz.com.br\\\/ribeiraopreto-regiao\\\/wp-content\\\/uploads\\\/sites\\\/4\\\/2022\\\/04\\\/strangerthings_strangerthings4_2_00_24_22_13_rc.jpg\",\"keywords\":[\"FILMES\",\"NETFLIX\",\"S\u00c9RIES\"],\"articleSection\":[\"C\u00e2mera Z\"],\"inLanguage\":\"pt-BR\",\"potentialAction\":[{\"@type\":\"CommentAction\",\"name\":\"Comment\",\"target\":[\"https:\\\/\\\/redenoticiaz.com.br\\\/ribeiraopreto-regiao\\\/sp\\\/2025\\\/08\\\/31\\\/filmes-e-series-inspirada-nos-signos-do-zodiaco#respond\"]}]},{\"@type\":\"WebPage\",\"@id\":\"https:\\\/\\\/redenoticiaz.com.br\\\/ribeiraopreto-regiao\\\/sp\\\/2025\\\/08\\\/31\\\/filmes-e-series-inspirada-nos-signos-do-zodiaco\",\"url\":\"https:\\\/\\\/redenoticiaz.com.br\\\/ribeiraopreto-regiao\\\/sp\\\/2025\\\/08\\\/31\\\/filmes-e-series-inspirada-nos-signos-do-zodiaco\",\"name\":\"Filmes e s\u00e9ries inspirada nos signos do zod\u00edaco - Ribeir\u00e3o Preto e Regi\u00e3o\",\"isPartOf\":{\"@id\":\"https:\\\/\\\/redenoticiaz.com.br\\\/ribeiraopreto-regiao\\\/#website\"},\"primaryImageOfPage\":{\"@id\":\"https:\\\/\\\/redenoticiaz.com.br\\\/ribeiraopreto-regiao\\\/sp\\\/2025\\\/08\\\/31\\\/filmes-e-series-inspirada-nos-signos-do-zodiaco#primaryimage\"},\"image\":{\"@id\":\"https:\\\/\\\/redenoticiaz.com.br\\\/ribeiraopreto-regiao\\\/sp\\\/2025\\\/08\\\/31\\\/filmes-e-series-inspirada-nos-signos-do-zodiaco#primaryimage\"},\"thumbnailUrl\":\"https:\\\/\\\/redenoticiaz.com.br\\\/ribeiraopreto-regiao\\\/wp-content\\\/uploads\\\/sites\\\/4\\\/2022\\\/04\\\/strangerthings_strangerthings4_2_00_24_22_13_rc.jpg\",\"datePublished\":\"2025-08-31T13:00:15+00:00\",\"description\":\"\u201cSua playlist do zod\u00edaco\u201d, uma cole\u00e7\u00e3o tem\u00e1tica que associa filmes e s\u00e9ries \u00e0s caracter\u00edsticas de cada signo do zod\u00edaco.\",\"inLanguage\":\"pt-BR\",\"potentialAction\":[{\"@type\":\"ReadAction\",\"target\":[\"https:\\\/\\\/redenoticiaz.com.br\\\/ribeiraopreto-regiao\\\/sp\\\/2025\\\/08\\\/31\\\/filmes-e-series-inspirada-nos-signos-do-zodiaco\"]}]},{\"@type\":\"ImageObject\",\"inLanguage\":\"pt-BR\",\"@id\":\"https:\\\/\\\/redenoticiaz.com.br\\\/ribeiraopreto-regiao\\\/sp\\\/2025\\\/08\\\/31\\\/filmes-e-series-inspirada-nos-signos-do-zodiaco#primaryimage\",\"url\":\"https:\\\/\\\/redenoticiaz.com.br\\\/ribeiraopreto-regiao\\\/wp-content\\\/uploads\\\/sites\\\/4\\\/2022\\\/04\\\/strangerthings_strangerthings4_2_00_24_22_13_rc.jpg\",\"contentUrl\":\"https:\\\/\\\/redenoticiaz.com.br\\\/ribeiraopreto-regiao\\\/wp-content\\\/uploads\\\/sites\\\/4\\\/2022\\\/04\\\/strangerthings_strangerthings4_2_00_24_22_13_rc.jpg\",\"width\":1920,\"height\":960,\"caption\":\"STRANGER THINGS 4. Foto : Divulga\u00e7\u00e3o\"},{\"@type\":\"WebSite\",\"@id\":\"https:\\\/\\\/redenoticiaz.com.br\\\/ribeiraopreto-regiao\\\/#website\",\"url\":\"https:\\\/\\\/redenoticiaz.com.br\\\/ribeiraopreto-regiao\\\/\",\"name\":\"Ribeir\u00e3o Preto e Regi\u00e3o\",\"description\":\"Rede NoticiaZ - Ribeir\u00e3o Preto e regi\u00e3o\",\"publisher\":{\"@id\":\"https:\\\/\\\/redenoticiaz.com.br\\\/ribeiraopreto-regiao\\\/#organization\"},\"potentialAction\":[{\"@type\":\"SearchAction\",\"target\":{\"@type\":\"EntryPoint\",\"urlTemplate\":\"https:\\\/\\\/redenoticiaz.com.br\\\/ribeiraopreto-regiao\\\/?s={search_term_string}\"},\"query-input\":{\"@type\":\"PropertyValueSpecification\",\"valueRequired\":true,\"valueName\":\"search_term_string\"}}],\"inLanguage\":\"pt-BR\"},{\"@type\":\"Organization\",\"@id\":\"https:\\\/\\\/redenoticiaz.com.br\\\/ribeiraopreto-regiao\\\/#organization\",\"name\":\"Ribeir\u00e3o Preto e Regi\u00e3o\",\"url\":\"https:\\\/\\\/redenoticiaz.com.br\\\/ribeiraopreto-regiao\\\/\",\"logo\":{\"@type\":\"ImageObject\",\"inLanguage\":\"pt-BR\",\"@id\":\"https:\\\/\\\/redenoticiaz.com.br\\\/ribeiraopreto-regiao\\\/#\\\/schema\\\/logo\\\/image\\\/\",\"url\":\"https:\\\/\\\/redenoticiaz.com.br\\\/barretos-regiao\\\/wp-content\\\/uploads\\\/sites\\\/4\\\/2022\\\/02\\\/logo.jpg\",\"contentUrl\":\"https:\\\/\\\/redenoticiaz.com.br\\\/barretos-regiao\\\/wp-content\\\/uploads\\\/sites\\\/4\\\/2022\\\/02\\\/logo.jpg\",\"width\":400,\"height\":250,\"caption\":\"Ribeir\u00e3o Preto e Regi\u00e3o\"},\"image\":{\"@id\":\"https:\\\/\\\/redenoticiaz.com.br\\\/ribeiraopreto-regiao\\\/#\\\/schema\\\/logo\\\/image\\\/\"},\"sameAs\":[\"https:\\\/\\\/m.facebook.com\\\/redenoticiaz.barretos\",\"https:\\\/\\\/x.com\\\/RN_barretos\",\"https:\\\/\\\/www.instagram.com\\\/redenoticiaz.barretos\\\/?igshid=YmMyMTA2M2Y\",\"https:\\\/\\\/www.linkedin.com\\\/company\\\/rede-noticiaz-barretos-e-regio\\\/\"]},{\"@type\":\"Person\",\"@id\":\"https:\\\/\\\/redenoticiaz.com.br\\\/ribeiraopreto-regiao\\\/#\\\/schema\\\/person\\\/1f84d6e94e6a62d2d81199d7503e9e90\",\"name\":\"Carina Reifonas\",\"image\":{\"@type\":\"ImageObject\",\"inLanguage\":\"pt-BR\",\"@id\":\"https:\\\/\\\/secure.gravatar.com\\\/avatar\\\/04c59859b23696cf867715880f81d5c037e60109730bdb4e6670ec2a2245bc97?s=96&d=mm&r=g\",\"url\":\"https:\\\/\\\/secure.gravatar.com\\\/avatar\\\/04c59859b23696cf867715880f81d5c037e60109730bdb4e6670ec2a2245bc97?s=96&d=mm&r=g\",\"contentUrl\":\"https:\\\/\\\/secure.gravatar.com\\\/avatar\\\/04c59859b23696cf867715880f81d5c037e60109730bdb4e6670ec2a2245bc97?s=96&d=mm&r=g\",\"caption\":\"Carina Reifonas\"},\"url\":\"https:\\\/\\\/redenoticiaz.com.br\\\/ribeiraopreto-regiao\\\/sp\\\/author\\\/carinareifonas\"}]}<\/script>\n<!-- \/ Yoast SEO plugin. -->","yoast_head_json":{"title":"Filmes e s\u00e9ries inspirada nos signos do zod\u00edaco - Ribeir\u00e3o Preto e Regi\u00e3o","description":"\u201cSua playlist do zod\u00edaco\u201d, uma cole\u00e7\u00e3o tem\u00e1tica que associa filmes e s\u00e9ries \u00e0s caracter\u00edsticas de cada signo do zod\u00edaco.","robots":{"index":"index","follow":"follow","max-snippet":"max-snippet:-1","max-image-preview":"max-image-preview:large","max-video-preview":"max-video-preview:-1"},"canonical":"https:\/\/redenoticiaz.com.br\/ribeiraopreto-regiao\/sp\/2025\/08\/31\/filmes-e-series-inspirada-nos-signos-do-zodiaco","og_locale":"pt_BR","og_type":"article","og_title":"Filmes e s\u00e9ries inspirada nos signos do zod\u00edaco - Ribeir\u00e3o Preto e Regi\u00e3o","og_description":"\u201cSua playlist do zod\u00edaco\u201d, uma cole\u00e7\u00e3o tem\u00e1tica que associa filmes e s\u00e9ries \u00e0s caracter\u00edsticas de cada signo do zod\u00edaco.","og_url":"https:\/\/redenoticiaz.com.br\/ribeiraopreto-regiao\/sp\/2025\/08\/31\/filmes-e-series-inspirada-nos-signos-do-zodiaco","og_site_name":"Ribeir\u00e3o Preto e Regi\u00e3o","article_publisher":"https:\/\/m.facebook.com\/redenoticiaz.barretos","article_published_time":"2025-08-31T13:00:15+00:00","og_image":[{"width":1920,"height":960,"url":"https:\/\/redenoticiaz.com.br\/ribeiraopreto-regiao\/wp-content\/uploads\/sites\/4\/2022\/04\/strangerthings_strangerthings4_2_00_24_22_13_rc.jpg","type":"image\/jpeg"}],"author":"Carina Reifonas","twitter_card":"summary_large_image","twitter_creator":"@RN_barretos","twitter_site":"@RN_barretos","twitter_misc":{"Escrito por":"Carina Reifonas","Est. tempo de leitura":"2 minutos"},"schema":{"@context":"https:\/\/schema.org","@graph":[{"@type":"Article","@id":"https:\/\/redenoticiaz.com.br\/ribeiraopreto-regiao\/sp\/2025\/08\/31\/filmes-e-series-inspirada-nos-signos-do-zodiaco#article","isPartOf":{"@id":"https:\/\/redenoticiaz.com.br\/ribeiraopreto-regiao\/sp\/2025\/08\/31\/filmes-e-series-inspirada-nos-signos-do-zodiaco"},"author":{"name":"Carina Reifonas","@id":"https:\/\/redenoticiaz.com.br\/ribeiraopreto-regiao\/#\/schema\/person\/1f84d6e94e6a62d2d81199d7503e9e90"},"headline":"Filmes e s\u00e9ries inspirada nos signos do zod\u00edaco","datePublished":"2025-08-31T13:00:15+00:00","mainEntityOfPage":{"@id":"https:\/\/redenoticiaz.com.br\/ribeiraopreto-regiao\/sp\/2025\/08\/31\/filmes-e-series-inspirada-nos-signos-do-zodiaco"},"wordCount":358,"commentCount":0,"publisher":{"@id":"https:\/\/redenoticiaz.com.br\/ribeiraopreto-regiao\/#organization"},"image":{"@id":"https:\/\/redenoticiaz.com.br\/ribeiraopreto-regiao\/sp\/2025\/08\/31\/filmes-e-series-inspirada-nos-signos-do-zodiaco#primaryimage"},"thumbnailUrl":"https:\/\/redenoticiaz.com.br\/ribeiraopreto-regiao\/wp-content\/uploads\/sites\/4\/2022\/04\/strangerthings_strangerthings4_2_00_24_22_13_rc.jpg","keywords":["FILMES","NETFLIX","S\u00c9RIES"],"articleSection":["C\u00e2mera Z"],"inLanguage":"pt-BR","potentialAction":[{"@type":"CommentAction","name":"Comment","target":["https:\/\/redenoticiaz.com.br\/ribeiraopreto-regiao\/sp\/2025\/08\/31\/filmes-e-series-inspirada-nos-signos-do-zodiaco#respond"]}]},{"@type":"WebPage","@id":"https:\/\/redenoticiaz.com.br\/ribeiraopreto-regiao\/sp\/2025\/08\/31\/filmes-e-series-inspirada-nos-signos-do-zodiaco","url":"https:\/\/redenoticiaz.com.br\/ribeiraopreto-regiao\/sp\/2025\/08\/31\/filmes-e-series-inspirada-nos-signos-do-zodiaco","name":"Filmes e s\u00e9ries inspirada nos signos do zod\u00edaco - Ribeir\u00e3o Preto e Regi\u00e3o","isPartOf":{"@id":"https:\/\/redenoticiaz.com.br\/ribeiraopreto-regiao\/#website"},"primaryImageOfPage":{"@id":"https:\/\/redenoticiaz.com.br\/ribeiraopreto-regiao\/sp\/2025\/08\/31\/filmes-e-series-inspirada-nos-signos-do-zodiaco#primaryimage"},"image":{"@id":"https:\/\/redenoticiaz.com.br\/ribeiraopreto-regiao\/sp\/2025\/08\/31\/filmes-e-series-inspirada-nos-signos-do-zodiaco#primaryimage"},"thumbnailUrl":"https:\/\/redenoticiaz.com.br\/ribeiraopreto-regiao\/wp-content\/uploads\/sites\/4\/2022\/04\/strangerthings_strangerthings4_2_00_24_22_13_rc.jpg","datePublished":"2025-08-31T13:00:15+00:00","description":"\u201cSua playlist do zod\u00edaco\u201d, uma cole\u00e7\u00e3o tem\u00e1tica que associa filmes e s\u00e9ries \u00e0s caracter\u00edsticas de cada signo do zod\u00edaco.","inLanguage":"pt-BR","potentialAction":[{"@type":"ReadAction","target":["https:\/\/redenoticiaz.com.br\/ribeiraopreto-regiao\/sp\/2025\/08\/31\/filmes-e-series-inspirada-nos-signos-do-zodiaco"]}]},{"@type":"ImageObject","inLanguage":"pt-BR","@id":"https:\/\/redenoticiaz.com.br\/ribeiraopreto-regiao\/sp\/2025\/08\/31\/filmes-e-series-inspirada-nos-signos-do-zodiaco#primaryimage","url":"https:\/\/redenoticiaz.com.br\/ribeiraopreto-regiao\/wp-content\/uploads\/sites\/4\/2022\/04\/strangerthings_strangerthings4_2_00_24_22_13_rc.jpg","contentUrl":"https:\/\/redenoticiaz.com.br\/ribeiraopreto-regiao\/wp-content\/uploads\/sites\/4\/2022\/04\/strangerthings_strangerthings4_2_00_24_22_13_rc.jpg","width":1920,"height":960,"caption":"STRANGER THINGS 4. Foto : Divulga\u00e7\u00e3o"},{"@type":"WebSite","@id":"https:\/\/redenoticiaz.com.br\/ribeiraopreto-regiao\/#website","url":"https:\/\/redenoticiaz.com.br\/ribeiraopreto-regiao\/","name":"Ribeir\u00e3o Preto e Regi\u00e3o","description":"Rede NoticiaZ - Ribeir\u00e3o Preto e regi\u00e3o","publisher":{"@id":"https:\/\/redenoticiaz.com.br\/ribeiraopreto-regiao\/#organization"},"potentialAction":[{"@type":"SearchAction","target":{"@type":"EntryPoint","urlTemplate":"https:\/\/redenoticiaz.com.br\/ribeiraopreto-regiao\/?s={search_term_string}"},"query-input":{"@type":"PropertyValueSpecification","valueRequired":true,"valueName":"search_term_string"}}],"inLanguage":"pt-BR"},{"@type":"Organization","@id":"https:\/\/redenoticiaz.com.br\/ribeiraopreto-regiao\/#organization","name":"Ribeir\u00e3o Preto e Regi\u00e3o","url":"https:\/\/redenoticiaz.com.br\/ribeiraopreto-regiao\/","logo":{"@type":"ImageObject","inLanguage":"pt-BR","@id":"https:\/\/redenoticiaz.com.br\/ribeiraopreto-regiao\/#\/schema\/logo\/image\/","url":"https:\/\/redenoticiaz.com.br\/barretos-regiao\/wp-content\/uploads\/sites\/4\/2022\/02\/logo.jpg","contentUrl":"https:\/\/redenoticiaz.com.br\/barretos-regiao\/wp-content\/uploads\/sites\/4\/2022\/02\/logo.jpg","width":400,"height":250,"caption":"Ribeir\u00e3o Preto e Regi\u00e3o"},"image":{"@id":"https:\/\/redenoticiaz.com.br\/ribeiraopreto-regiao\/#\/schema\/logo\/image\/"},"sameAs":["https:\/\/m.facebook.com\/redenoticiaz.barretos","https:\/\/x.com\/RN_barretos","https:\/\/www.instagram.com\/redenoticiaz.barretos\/?igshid=YmMyMTA2M2Y","https:\/\/www.linkedin.com\/company\/rede-noticiaz-barretos-e-regio\/"]},{"@type":"Person","@id":"https:\/\/redenoticiaz.com.br\/ribeiraopreto-regiao\/#\/schema\/person\/1f84d6e94e6a62d2d81199d7503e9e90","name":"Carina Reifonas","image":{"@type":"ImageObject","inLanguage":"pt-BR","@id":"https:\/\/secure.gravatar.com\/avatar\/04c59859b23696cf867715880f81d5c037e60109730bdb4e6670ec2a2245bc97?s=96&d=mm&r=g","url":"https:\/\/secure.gravatar.com\/avatar\/04c59859b23696cf867715880f81d5c037e60109730bdb4e6670ec2a2245bc97?s=96&d=mm&r=g","contentUrl":"https:\/\/secure.gravatar.com\/avatar\/04c59859b23696cf867715880f81d5c037e60109730bdb4e6670ec2a2245bc97?s=96&d=mm&r=g","caption":"Carina Reifonas"},"url":"https:\/\/redenoticiaz.com.br\/ribeiraopreto-regiao\/sp\/author\/carinareifonas"}]}},"_links":{"self":[{"href":"https:\/\/redenoticiaz.com.br\/ribeiraopreto-regiao\/wp-json\/wp\/v2\/posts\/120308","targetHints":{"allow":["GET"]}}],"collection":[{"href":"https:\/\/redenoticiaz.com.br\/ribeiraopreto-regiao\/wp-json\/wp\/v2\/posts"}],"about":[{"href":"https:\/\/redenoticiaz.com.br\/ribeiraopreto-regiao\/wp-json\/wp\/v2\/types\/post"}],"author":[{"embeddable":true,"href":"https:\/\/redenoticiaz.com.br\/ribeiraopreto-regiao\/wp-json\/wp\/v2\/users\/30"}],"replies":[{"embeddable":true,"href":"https:\/\/redenoticiaz.com.br\/ribeiraopreto-regiao\/wp-json\/wp\/v2\/comments?post=120308"}],"version-history":[{"count":1,"href":"https:\/\/redenoticiaz.com.br\/ribeiraopreto-regiao\/wp-json\/wp\/v2\/posts\/120308\/revisions"}],"predecessor-version":[{"id":120327,"href":"https:\/\/redenoticiaz.com.br\/ribeiraopreto-regiao\/wp-json\/wp\/v2\/posts\/120308\/revisions\/120327"}],"wp:featuredmedia":[{"embeddable":true,"href":"https:\/\/redenoticiaz.com.br\/ribeiraopreto-regiao\/wp-json\/wp\/v2\/media\/2388"}],"wp:attachment":[{"href":"https:\/\/redenoticiaz.com.br\/ribeiraopreto-regiao\/wp-json\/wp\/v2\/media?parent=120308"}],"wp:term":[{"taxonomy":"category","embeddable":true,"href":"https:\/\/redenoticiaz.com.br\/ribeiraopreto-regiao\/wp-json\/wp\/v2\/categories?post=120308"},{"taxonomy":"post_tag","embeddable":true,"href":"https:\/\/redenoticiaz.com.br\/ribeiraopreto-regiao\/wp-json\/wp\/v2\/tags?post=120308"}],"curies":[{"name":"wp","href":"https:\/\/api.w.org\/{rel}","templated":true}]}}