{"id":120640,"date":"2025-10-24T14:17:50","date_gmt":"2025-10-24T17:17:50","guid":{"rendered":"https:\/\/redenoticiaz.com.br\/barretos-regiao\/sp\/2025\/10\/24\/lula-gera-polemica-ao-classificar-traficantes-como-vitimas-dos-usuarios"},"modified":"2025-10-24T14:17:50","modified_gmt":"2025-10-24T17:17:50","slug":"lula-gera-polemica-ao-classificar-traficantes-como-vitimas-dos-usuarios","status":"publish","type":"post","link":"https:\/\/redenoticiaz.com.br\/ribeiraopreto-regiao\/sp\/2025\/10\/24\/lula-gera-polemica-ao-classificar-traficantes-como-vitimas-dos-usuarios","title":{"rendered":"Lula gera pol\u00eamica ao classificar traficantes como \u201cv\u00edtimas dos usu\u00e1rios\u201d"},"content":{"rendered":"<p>O presidente <strong>Luiz In\u00e1cio Lula da Silva (PT)<\/strong> causou pol\u00eamica nesta sexta-feira (24) durante coletiva em Jacarta, Indon\u00e9sia, ao afirmar que os traficantes de drogas s\u00e3o <em>\u201cv\u00edtimas dos usu\u00e1rios\u201d<\/em> e que seria \u201c<em>mais f\u00e1cil\u201d<\/em> para Brasil e Estados Unidos combater os viciados.<\/p>\n<p>A declara\u00e7\u00e3o foi feita ao ser questionado sobre coment\u00e1rios do presidente americano Donald Trump, que defendeu a\u00e7\u00f5es violentas contra traficantes. Lula disse que <em>\u201cos usu\u00e1rios s\u00e3o respons\u00e1veis pelos traficantes\u201d<\/em> e que h\u00e1 uma troca de responsabilidade entre quem vende e quem consome drogas. Segundo ele, \u00e9 necess\u00e1rio maior cuidado dos pa\u00edses no combate \u00e0s drogas.<\/p>\n<p>O posicionamento repercutiu rapidamente e recebeu cr\u00edticas de parlamentares de oposi\u00e7\u00e3o. O l\u00edder do PL na C\u00e2mara, S\u00f3stenes Cavalcante (RJ), afirmou que o governo \u201cprefere passar pano para o crime\u201d e classificou a declara\u00e7\u00e3o como \u201cinacredit\u00e1vel\u201d.<\/p>\n<p>LEIA MAIS<\/p>\n<p><a href=\"https:\/\/redenoticiaz.com.br\/blog\/2025\/10\/24\/google-anuncia-mais-de-4-mil-vagas-de-emprego-em-todo-o-mundo\">Google anuncia mais de 4 mil vagas de emprego em todo o mundo<\/a><\/p>\n<p><a href=\"https:\/\/redenoticiaz.com.br\/blog\/2025\/10\/24\/giro-do-futsal-joinville-avanca-na-lnf-campo-mourao-e-cascavel-largam-na-frente-e-corinthians-reencontra-o-magnus\">Giro do Futsal: Joinville avan\u00e7a na LNF, Campo Mour\u00e3o e Cascavel largam na frente, e Corinthians reencontra o Magnus<\/a><\/p>\n","protected":false},"excerpt":{"rendered":"<p>O presidente Luiz In\u00e1cio Lula da Silva (PT) causou pol\u00eamica nesta sexta-feira (24) durante coletiva em Jacarta, Indon\u00e9sia, ao afirmar que os traficantes de drogas s\u00e3o \u201cv\u00edtimas dos usu\u00e1rios\u201d e que seria \u201cmais f\u00e1cil\u201d para Brasil e Estados Unidos combater os viciados. A declara\u00e7\u00e3o foi feita ao ser questionado sobre coment\u00e1rios do presidente americano Donald &hellip;<\/p>\n","protected":false},"author":30,"featured_media":116838,"comment_status":"open","ping_status":"closed","sticky":false,"template":"","format":"standard","meta":{"footnotes":""},"categories":[186],"tags":[9332,19085,17524,31359],"class_list":["post-120640","post","type-post","status-publish","format-standard","has-post-thumbnail","hentry","category-politica","tag-lula","tag-presidente","tag-traficantes","tag-vitimas-dos-usurarios"],"yoast_head":"<!-- This site is optimized with the Yoast SEO plugin v27.4 - https:\/\/yoast.com\/product\/yoast-seo-wordpress\/ -->\n<title>Lula gera pol\u00eamica ao classificar traficantes como \u201cv\u00edtimas dos usu\u00e1rios\u201d - Ribeir\u00e3o Preto e Regi\u00e3o<\/title>\n<meta name=\"description\" content=\"Lula (PT) causou pol\u00eamica nesta sexta-feira (24) durante coletiva em Jacarta, Indon\u00e9sia, ao afirmar que os traficantes de drogas s\u00e3o \u201cv\u00edtimas dos usu\u00e1rios\u201d\" \/>\n<meta name=\"robots\" content=\"index, follow, max-snippet:-1, max-image-preview:large, max-video-preview:-1\" \/>\n<link rel=\"canonical\" href=\"https:\/\/redenoticiaz.com.br\/ribeiraopreto-regiao\/sp\/2025\/10\/24\/lula-gera-polemica-ao-classificar-traficantes-como-vitimas-dos-usuarios\" \/>\n<meta property=\"og:locale\" content=\"pt_BR\" \/>\n<meta property=\"og:type\" content=\"article\" \/>\n<meta property=\"og:title\" content=\"Lula gera pol\u00eamica ao classificar traficantes como \u201cv\u00edtimas dos usu\u00e1rios\u201d - Ribeir\u00e3o Preto e Regi\u00e3o\" \/>\n<meta property=\"og:description\" content=\"Lula (PT) causou pol\u00eamica nesta sexta-feira (24) durante coletiva em Jacarta, Indon\u00e9sia, ao afirmar que os traficantes de drogas s\u00e3o \u201cv\u00edtimas dos usu\u00e1rios\u201d\" \/>\n<meta property=\"og:url\" content=\"https:\/\/redenoticiaz.com.br\/ribeiraopreto-regiao\/sp\/2025\/10\/24\/lula-gera-polemica-ao-classificar-traficantes-como-vitimas-dos-usuarios\" \/>\n<meta property=\"og:site_name\" content=\"Ribeir\u00e3o Preto e Regi\u00e3o\" \/>\n<meta property=\"article:publisher\" content=\"https:\/\/m.facebook.com\/redenoticiaz.barretos\" \/>\n<meta property=\"article:published_time\" content=\"2025-10-24T17:17:50+00:00\" \/>\n<meta property=\"og:image\" content=\"https:\/\/redenoticiaz.com.br\/ribeiraopreto-regiao\/wp-content\/uploads\/sites\/4\/2024\/04\/Captura-de-tela-2024-04-22-162744.png?v=1713814512\" \/>\n\t<meta property=\"og:image:width\" content=\"309\" \/>\n\t<meta property=\"og:image:height\" content=\"211\" \/>\n\t<meta property=\"og:image:type\" content=\"image\/png\" \/>\n<meta name=\"author\" content=\"Carina Reifonas\" \/>\n<meta name=\"twitter:card\" content=\"summary_large_image\" \/>\n<meta name=\"twitter:creator\" content=\"@RN_barretos\" \/>\n<meta name=\"twitter:site\" content=\"@RN_barretos\" \/>\n<meta name=\"twitter:label1\" content=\"Escrito por\" \/>\n\t<meta name=\"twitter:data1\" content=\"Carina Reifonas\" \/>\n\t<meta name=\"twitter:label2\" content=\"Est. tempo de leitura\" \/>\n\t<meta name=\"twitter:data2\" content=\"2 minutos\" \/>\n<script type=\"application\/ld+json\" class=\"yoast-schema-graph\">{\"@context\":\"https:\\\/\\\/schema.org\",\"@graph\":[{\"@type\":\"Article\",\"@id\":\"https:\\\/\\\/redenoticiaz.com.br\\\/ribeiraopreto-regiao\\\/sp\\\/2025\\\/10\\\/24\\\/lula-gera-polemica-ao-classificar-traficantes-como-vitimas-dos-usuarios#article\",\"isPartOf\":{\"@id\":\"https:\\\/\\\/redenoticiaz.com.br\\\/ribeiraopreto-regiao\\\/sp\\\/2025\\\/10\\\/24\\\/lula-gera-polemica-ao-classificar-traficantes-como-vitimas-dos-usuarios\"},\"author\":{\"name\":\"Carina Reifonas\",\"@id\":\"https:\\\/\\\/redenoticiaz.com.br\\\/ribeiraopreto-regiao\\\/#\\\/schema\\\/person\\\/1f84d6e94e6a62d2d81199d7503e9e90\"},\"headline\":\"Lula gera pol\u00eamica ao classificar traficantes como \u201cv\u00edtimas dos usu\u00e1rios\u201d\",\"datePublished\":\"2025-10-24T17:17:50+00:00\",\"mainEntityOfPage\":{\"@id\":\"https:\\\/\\\/redenoticiaz.com.br\\\/ribeiraopreto-regiao\\\/sp\\\/2025\\\/10\\\/24\\\/lula-gera-polemica-ao-classificar-traficantes-como-vitimas-dos-usuarios\"},\"wordCount\":201,\"commentCount\":0,\"publisher\":{\"@id\":\"https:\\\/\\\/redenoticiaz.com.br\\\/ribeiraopreto-regiao\\\/#organization\"},\"image\":{\"@id\":\"https:\\\/\\\/redenoticiaz.com.br\\\/ribeiraopreto-regiao\\\/sp\\\/2025\\\/10\\\/24\\\/lula-gera-polemica-ao-classificar-traficantes-como-vitimas-dos-usuarios#primaryimage\"},\"thumbnailUrl\":\"https:\\\/\\\/redenoticiaz.com.br\\\/ribeiraopreto-regiao\\\/wp-content\\\/uploads\\\/sites\\\/4\\\/2024\\\/04\\\/Captura-de-tela-2024-04-22-162744.png?v=1713814512\",\"keywords\":[\"Lula\",\"Presidente\",\"TRAFICANTES\",\"V\u00edtimas dos usur\u00e1rios\"],\"articleSection\":[\"Pol\u00edtica\"],\"inLanguage\":\"pt-BR\",\"potentialAction\":[{\"@type\":\"CommentAction\",\"name\":\"Comment\",\"target\":[\"https:\\\/\\\/redenoticiaz.com.br\\\/ribeiraopreto-regiao\\\/sp\\\/2025\\\/10\\\/24\\\/lula-gera-polemica-ao-classificar-traficantes-como-vitimas-dos-usuarios#respond\"]}]},{\"@type\":\"WebPage\",\"@id\":\"https:\\\/\\\/redenoticiaz.com.br\\\/ribeiraopreto-regiao\\\/sp\\\/2025\\\/10\\\/24\\\/lula-gera-polemica-ao-classificar-traficantes-como-vitimas-dos-usuarios\",\"url\":\"https:\\\/\\\/redenoticiaz.com.br\\\/ribeiraopreto-regiao\\\/sp\\\/2025\\\/10\\\/24\\\/lula-gera-polemica-ao-classificar-traficantes-como-vitimas-dos-usuarios\",\"name\":\"Lula gera pol\u00eamica ao classificar traficantes como \u201cv\u00edtimas dos usu\u00e1rios\u201d - Ribeir\u00e3o Preto e Regi\u00e3o\",\"isPartOf\":{\"@id\":\"https:\\\/\\\/redenoticiaz.com.br\\\/ribeiraopreto-regiao\\\/#website\"},\"primaryImageOfPage\":{\"@id\":\"https:\\\/\\\/redenoticiaz.com.br\\\/ribeiraopreto-regiao\\\/sp\\\/2025\\\/10\\\/24\\\/lula-gera-polemica-ao-classificar-traficantes-como-vitimas-dos-usuarios#primaryimage\"},\"image\":{\"@id\":\"https:\\\/\\\/redenoticiaz.com.br\\\/ribeiraopreto-regiao\\\/sp\\\/2025\\\/10\\\/24\\\/lula-gera-polemica-ao-classificar-traficantes-como-vitimas-dos-usuarios#primaryimage\"},\"thumbnailUrl\":\"https:\\\/\\\/redenoticiaz.com.br\\\/ribeiraopreto-regiao\\\/wp-content\\\/uploads\\\/sites\\\/4\\\/2024\\\/04\\\/Captura-de-tela-2024-04-22-162744.png?v=1713814512\",\"datePublished\":\"2025-10-24T17:17:50+00:00\",\"description\":\"Lula (PT) causou pol\u00eamica nesta sexta-feira (24) durante coletiva em Jacarta, Indon\u00e9sia, ao afirmar que os traficantes de drogas s\u00e3o \u201cv\u00edtimas dos usu\u00e1rios\u201d\",\"inLanguage\":\"pt-BR\",\"potentialAction\":[{\"@type\":\"ReadAction\",\"target\":[\"https:\\\/\\\/redenoticiaz.com.br\\\/ribeiraopreto-regiao\\\/sp\\\/2025\\\/10\\\/24\\\/lula-gera-polemica-ao-classificar-traficantes-como-vitimas-dos-usuarios\"]}]},{\"@type\":\"ImageObject\",\"inLanguage\":\"pt-BR\",\"@id\":\"https:\\\/\\\/redenoticiaz.com.br\\\/ribeiraopreto-regiao\\\/sp\\\/2025\\\/10\\\/24\\\/lula-gera-polemica-ao-classificar-traficantes-como-vitimas-dos-usuarios#primaryimage\",\"url\":\"https:\\\/\\\/redenoticiaz.com.br\\\/ribeiraopreto-regiao\\\/wp-content\\\/uploads\\\/sites\\\/4\\\/2024\\\/04\\\/Captura-de-tela-2024-04-22-162744.png?v=1713814512\",\"contentUrl\":\"https:\\\/\\\/redenoticiaz.com.br\\\/ribeiraopreto-regiao\\\/wp-content\\\/uploads\\\/sites\\\/4\\\/2024\\\/04\\\/Captura-de-tela-2024-04-22-162744.png?v=1713814512\",\"width\":309,\"height\":211,\"caption\":\"Presidente Luiz In\u00e1cio Lula da Silva (PT). Foto - Reprodu\u00e7\u00e3o\"},{\"@type\":\"WebSite\",\"@id\":\"https:\\\/\\\/redenoticiaz.com.br\\\/ribeiraopreto-regiao\\\/#website\",\"url\":\"https:\\\/\\\/redenoticiaz.com.br\\\/ribeiraopreto-regiao\\\/\",\"name\":\"Ribeir\u00e3o Preto e Regi\u00e3o\",\"description\":\"Rede NoticiaZ - Ribeir\u00e3o Preto e regi\u00e3o\",\"publisher\":{\"@id\":\"https:\\\/\\\/redenoticiaz.com.br\\\/ribeiraopreto-regiao\\\/#organization\"},\"potentialAction\":[{\"@type\":\"SearchAction\",\"target\":{\"@type\":\"EntryPoint\",\"urlTemplate\":\"https:\\\/\\\/redenoticiaz.com.br\\\/ribeiraopreto-regiao\\\/?s={search_term_string}\"},\"query-input\":{\"@type\":\"PropertyValueSpecification\",\"valueRequired\":true,\"valueName\":\"search_term_string\"}}],\"inLanguage\":\"pt-BR\"},{\"@type\":\"Organization\",\"@id\":\"https:\\\/\\\/redenoticiaz.com.br\\\/ribeiraopreto-regiao\\\/#organization\",\"name\":\"Ribeir\u00e3o Preto e Regi\u00e3o\",\"url\":\"https:\\\/\\\/redenoticiaz.com.br\\\/ribeiraopreto-regiao\\\/\",\"logo\":{\"@type\":\"ImageObject\",\"inLanguage\":\"pt-BR\",\"@id\":\"https:\\\/\\\/redenoticiaz.com.br\\\/ribeiraopreto-regiao\\\/#\\\/schema\\\/logo\\\/image\\\/\",\"url\":\"https:\\\/\\\/redenoticiaz.com.br\\\/barretos-regiao\\\/wp-content\\\/uploads\\\/sites\\\/4\\\/2022\\\/02\\\/logo.jpg\",\"contentUrl\":\"https:\\\/\\\/redenoticiaz.com.br\\\/barretos-regiao\\\/wp-content\\\/uploads\\\/sites\\\/4\\\/2022\\\/02\\\/logo.jpg\",\"width\":400,\"height\":250,\"caption\":\"Ribeir\u00e3o Preto e Regi\u00e3o\"},\"image\":{\"@id\":\"https:\\\/\\\/redenoticiaz.com.br\\\/ribeiraopreto-regiao\\\/#\\\/schema\\\/logo\\\/image\\\/\"},\"sameAs\":[\"https:\\\/\\\/m.facebook.com\\\/redenoticiaz.barretos\",\"https:\\\/\\\/x.com\\\/RN_barretos\",\"https:\\\/\\\/www.instagram.com\\\/redenoticiaz.barretos\\\/?igshid=YmMyMTA2M2Y\",\"https:\\\/\\\/www.linkedin.com\\\/company\\\/rede-noticiaz-barretos-e-regio\\\/\"]},{\"@type\":\"Person\",\"@id\":\"https:\\\/\\\/redenoticiaz.com.br\\\/ribeiraopreto-regiao\\\/#\\\/schema\\\/person\\\/1f84d6e94e6a62d2d81199d7503e9e90\",\"name\":\"Carina Reifonas\",\"image\":{\"@type\":\"ImageObject\",\"inLanguage\":\"pt-BR\",\"@id\":\"https:\\\/\\\/secure.gravatar.com\\\/avatar\\\/04c59859b23696cf867715880f81d5c037e60109730bdb4e6670ec2a2245bc97?s=96&d=mm&r=g\",\"url\":\"https:\\\/\\\/secure.gravatar.com\\\/avatar\\\/04c59859b23696cf867715880f81d5c037e60109730bdb4e6670ec2a2245bc97?s=96&d=mm&r=g\",\"contentUrl\":\"https:\\\/\\\/secure.gravatar.com\\\/avatar\\\/04c59859b23696cf867715880f81d5c037e60109730bdb4e6670ec2a2245bc97?s=96&d=mm&r=g\",\"caption\":\"Carina Reifonas\"},\"url\":\"https:\\\/\\\/redenoticiaz.com.br\\\/ribeiraopreto-regiao\\\/sp\\\/author\\\/carinareifonas\"}]}<\/script>\n<!-- \/ Yoast SEO plugin. -->","yoast_head_json":{"title":"Lula gera pol\u00eamica ao classificar traficantes como \u201cv\u00edtimas dos usu\u00e1rios\u201d - Ribeir\u00e3o Preto e Regi\u00e3o","description":"Lula (PT) causou pol\u00eamica nesta sexta-feira (24) durante coletiva em Jacarta, Indon\u00e9sia, ao afirmar que os traficantes de drogas s\u00e3o \u201cv\u00edtimas dos usu\u00e1rios\u201d","robots":{"index":"index","follow":"follow","max-snippet":"max-snippet:-1","max-image-preview":"max-image-preview:large","max-video-preview":"max-video-preview:-1"},"canonical":"https:\/\/redenoticiaz.com.br\/ribeiraopreto-regiao\/sp\/2025\/10\/24\/lula-gera-polemica-ao-classificar-traficantes-como-vitimas-dos-usuarios","og_locale":"pt_BR","og_type":"article","og_title":"Lula gera pol\u00eamica ao classificar traficantes como \u201cv\u00edtimas dos usu\u00e1rios\u201d - Ribeir\u00e3o Preto e Regi\u00e3o","og_description":"Lula (PT) causou pol\u00eamica nesta sexta-feira (24) durante coletiva em Jacarta, Indon\u00e9sia, ao afirmar que os traficantes de drogas s\u00e3o \u201cv\u00edtimas dos usu\u00e1rios\u201d","og_url":"https:\/\/redenoticiaz.com.br\/ribeiraopreto-regiao\/sp\/2025\/10\/24\/lula-gera-polemica-ao-classificar-traficantes-como-vitimas-dos-usuarios","og_site_name":"Ribeir\u00e3o Preto e Regi\u00e3o","article_publisher":"https:\/\/m.facebook.com\/redenoticiaz.barretos","article_published_time":"2025-10-24T17:17:50+00:00","og_image":[{"width":309,"height":211,"url":"https:\/\/redenoticiaz.com.br\/ribeiraopreto-regiao\/wp-content\/uploads\/sites\/4\/2024\/04\/Captura-de-tela-2024-04-22-162744.png?v=1713814512","type":"image\/png"}],"author":"Carina Reifonas","twitter_card":"summary_large_image","twitter_creator":"@RN_barretos","twitter_site":"@RN_barretos","twitter_misc":{"Escrito por":"Carina Reifonas","Est. tempo de leitura":"2 minutos"},"schema":{"@context":"https:\/\/schema.org","@graph":[{"@type":"Article","@id":"https:\/\/redenoticiaz.com.br\/ribeiraopreto-regiao\/sp\/2025\/10\/24\/lula-gera-polemica-ao-classificar-traficantes-como-vitimas-dos-usuarios#article","isPartOf":{"@id":"https:\/\/redenoticiaz.com.br\/ribeiraopreto-regiao\/sp\/2025\/10\/24\/lula-gera-polemica-ao-classificar-traficantes-como-vitimas-dos-usuarios"},"author":{"name":"Carina Reifonas","@id":"https:\/\/redenoticiaz.com.br\/ribeiraopreto-regiao\/#\/schema\/person\/1f84d6e94e6a62d2d81199d7503e9e90"},"headline":"Lula gera pol\u00eamica ao classificar traficantes como \u201cv\u00edtimas dos usu\u00e1rios\u201d","datePublished":"2025-10-24T17:17:50+00:00","mainEntityOfPage":{"@id":"https:\/\/redenoticiaz.com.br\/ribeiraopreto-regiao\/sp\/2025\/10\/24\/lula-gera-polemica-ao-classificar-traficantes-como-vitimas-dos-usuarios"},"wordCount":201,"commentCount":0,"publisher":{"@id":"https:\/\/redenoticiaz.com.br\/ribeiraopreto-regiao\/#organization"},"image":{"@id":"https:\/\/redenoticiaz.com.br\/ribeiraopreto-regiao\/sp\/2025\/10\/24\/lula-gera-polemica-ao-classificar-traficantes-como-vitimas-dos-usuarios#primaryimage"},"thumbnailUrl":"https:\/\/redenoticiaz.com.br\/ribeiraopreto-regiao\/wp-content\/uploads\/sites\/4\/2024\/04\/Captura-de-tela-2024-04-22-162744.png?v=1713814512","keywords":["Lula","Presidente","TRAFICANTES","V\u00edtimas dos usur\u00e1rios"],"articleSection":["Pol\u00edtica"],"inLanguage":"pt-BR","potentialAction":[{"@type":"CommentAction","name":"Comment","target":["https:\/\/redenoticiaz.com.br\/ribeiraopreto-regiao\/sp\/2025\/10\/24\/lula-gera-polemica-ao-classificar-traficantes-como-vitimas-dos-usuarios#respond"]}]},{"@type":"WebPage","@id":"https:\/\/redenoticiaz.com.br\/ribeiraopreto-regiao\/sp\/2025\/10\/24\/lula-gera-polemica-ao-classificar-traficantes-como-vitimas-dos-usuarios","url":"https:\/\/redenoticiaz.com.br\/ribeiraopreto-regiao\/sp\/2025\/10\/24\/lula-gera-polemica-ao-classificar-traficantes-como-vitimas-dos-usuarios","name":"Lula gera pol\u00eamica ao classificar traficantes como \u201cv\u00edtimas dos usu\u00e1rios\u201d - Ribeir\u00e3o Preto e Regi\u00e3o","isPartOf":{"@id":"https:\/\/redenoticiaz.com.br\/ribeiraopreto-regiao\/#website"},"primaryImageOfPage":{"@id":"https:\/\/redenoticiaz.com.br\/ribeiraopreto-regiao\/sp\/2025\/10\/24\/lula-gera-polemica-ao-classificar-traficantes-como-vitimas-dos-usuarios#primaryimage"},"image":{"@id":"https:\/\/redenoticiaz.com.br\/ribeiraopreto-regiao\/sp\/2025\/10\/24\/lula-gera-polemica-ao-classificar-traficantes-como-vitimas-dos-usuarios#primaryimage"},"thumbnailUrl":"https:\/\/redenoticiaz.com.br\/ribeiraopreto-regiao\/wp-content\/uploads\/sites\/4\/2024\/04\/Captura-de-tela-2024-04-22-162744.png?v=1713814512","datePublished":"2025-10-24T17:17:50+00:00","description":"Lula (PT) causou pol\u00eamica nesta sexta-feira (24) durante coletiva em Jacarta, Indon\u00e9sia, ao afirmar que os traficantes de drogas s\u00e3o \u201cv\u00edtimas dos usu\u00e1rios\u201d","inLanguage":"pt-BR","potentialAction":[{"@type":"ReadAction","target":["https:\/\/redenoticiaz.com.br\/ribeiraopreto-regiao\/sp\/2025\/10\/24\/lula-gera-polemica-ao-classificar-traficantes-como-vitimas-dos-usuarios"]}]},{"@type":"ImageObject","inLanguage":"pt-BR","@id":"https:\/\/redenoticiaz.com.br\/ribeiraopreto-regiao\/sp\/2025\/10\/24\/lula-gera-polemica-ao-classificar-traficantes-como-vitimas-dos-usuarios#primaryimage","url":"https:\/\/redenoticiaz.com.br\/ribeiraopreto-regiao\/wp-content\/uploads\/sites\/4\/2024\/04\/Captura-de-tela-2024-04-22-162744.png?v=1713814512","contentUrl":"https:\/\/redenoticiaz.com.br\/ribeiraopreto-regiao\/wp-content\/uploads\/sites\/4\/2024\/04\/Captura-de-tela-2024-04-22-162744.png?v=1713814512","width":309,"height":211,"caption":"Presidente Luiz In\u00e1cio Lula da Silva (PT). Foto - Reprodu\u00e7\u00e3o"},{"@type":"WebSite","@id":"https:\/\/redenoticiaz.com.br\/ribeiraopreto-regiao\/#website","url":"https:\/\/redenoticiaz.com.br\/ribeiraopreto-regiao\/","name":"Ribeir\u00e3o Preto e Regi\u00e3o","description":"Rede NoticiaZ - Ribeir\u00e3o Preto e regi\u00e3o","publisher":{"@id":"https:\/\/redenoticiaz.com.br\/ribeiraopreto-regiao\/#organization"},"potentialAction":[{"@type":"SearchAction","target":{"@type":"EntryPoint","urlTemplate":"https:\/\/redenoticiaz.com.br\/ribeiraopreto-regiao\/?s={search_term_string}"},"query-input":{"@type":"PropertyValueSpecification","valueRequired":true,"valueName":"search_term_string"}}],"inLanguage":"pt-BR"},{"@type":"Organization","@id":"https:\/\/redenoticiaz.com.br\/ribeiraopreto-regiao\/#organization","name":"Ribeir\u00e3o Preto e Regi\u00e3o","url":"https:\/\/redenoticiaz.com.br\/ribeiraopreto-regiao\/","logo":{"@type":"ImageObject","inLanguage":"pt-BR","@id":"https:\/\/redenoticiaz.com.br\/ribeiraopreto-regiao\/#\/schema\/logo\/image\/","url":"https:\/\/redenoticiaz.com.br\/barretos-regiao\/wp-content\/uploads\/sites\/4\/2022\/02\/logo.jpg","contentUrl":"https:\/\/redenoticiaz.com.br\/barretos-regiao\/wp-content\/uploads\/sites\/4\/2022\/02\/logo.jpg","width":400,"height":250,"caption":"Ribeir\u00e3o Preto e Regi\u00e3o"},"image":{"@id":"https:\/\/redenoticiaz.com.br\/ribeiraopreto-regiao\/#\/schema\/logo\/image\/"},"sameAs":["https:\/\/m.facebook.com\/redenoticiaz.barretos","https:\/\/x.com\/RN_barretos","https:\/\/www.instagram.com\/redenoticiaz.barretos\/?igshid=YmMyMTA2M2Y","https:\/\/www.linkedin.com\/company\/rede-noticiaz-barretos-e-regio\/"]},{"@type":"Person","@id":"https:\/\/redenoticiaz.com.br\/ribeiraopreto-regiao\/#\/schema\/person\/1f84d6e94e6a62d2d81199d7503e9e90","name":"Carina Reifonas","image":{"@type":"ImageObject","inLanguage":"pt-BR","@id":"https:\/\/secure.gravatar.com\/avatar\/04c59859b23696cf867715880f81d5c037e60109730bdb4e6670ec2a2245bc97?s=96&d=mm&r=g","url":"https:\/\/secure.gravatar.com\/avatar\/04c59859b23696cf867715880f81d5c037e60109730bdb4e6670ec2a2245bc97?s=96&d=mm&r=g","contentUrl":"https:\/\/secure.gravatar.com\/avatar\/04c59859b23696cf867715880f81d5c037e60109730bdb4e6670ec2a2245bc97?s=96&d=mm&r=g","caption":"Carina Reifonas"},"url":"https:\/\/redenoticiaz.com.br\/ribeiraopreto-regiao\/sp\/author\/carinareifonas"}]}},"_links":{"self":[{"href":"https:\/\/redenoticiaz.com.br\/ribeiraopreto-regiao\/wp-json\/wp\/v2\/posts\/120640","targetHints":{"allow":["GET"]}}],"collection":[{"href":"https:\/\/redenoticiaz.com.br\/ribeiraopreto-regiao\/wp-json\/wp\/v2\/posts"}],"about":[{"href":"https:\/\/redenoticiaz.com.br\/ribeiraopreto-regiao\/wp-json\/wp\/v2\/types\/post"}],"author":[{"embeddable":true,"href":"https:\/\/redenoticiaz.com.br\/ribeiraopreto-regiao\/wp-json\/wp\/v2\/users\/30"}],"replies":[{"embeddable":true,"href":"https:\/\/redenoticiaz.com.br\/ribeiraopreto-regiao\/wp-json\/wp\/v2\/comments?post=120640"}],"version-history":[{"count":1,"href":"https:\/\/redenoticiaz.com.br\/ribeiraopreto-regiao\/wp-json\/wp\/v2\/posts\/120640\/revisions"}],"predecessor-version":[{"id":120641,"href":"https:\/\/redenoticiaz.com.br\/ribeiraopreto-regiao\/wp-json\/wp\/v2\/posts\/120640\/revisions\/120641"}],"wp:featuredmedia":[{"embeddable":true,"href":"https:\/\/redenoticiaz.com.br\/ribeiraopreto-regiao\/wp-json\/wp\/v2\/media\/116838"}],"wp:attachment":[{"href":"https:\/\/redenoticiaz.com.br\/ribeiraopreto-regiao\/wp-json\/wp\/v2\/media?parent=120640"}],"wp:term":[{"taxonomy":"category","embeddable":true,"href":"https:\/\/redenoticiaz.com.br\/ribeiraopreto-regiao\/wp-json\/wp\/v2\/categories?post=120640"},{"taxonomy":"post_tag","embeddable":true,"href":"https:\/\/redenoticiaz.com.br\/ribeiraopreto-regiao\/wp-json\/wp\/v2\/tags?post=120640"}],"curies":[{"name":"wp","href":"https:\/\/api.w.org\/{rel}","templated":true}]}}