{"id":120695,"date":"2025-11-05T11:24:21","date_gmt":"2025-11-05T14:24:21","guid":{"rendered":"https:\/\/redenoticiaz.com.br\/barretos-regiao\/sp\/2025\/11\/05\/empresa-abre-17-vagas-em-varias-cidades-do-estado-de-sao-paulo"},"modified":"2025-11-05T11:24:21","modified_gmt":"2025-11-05T14:24:21","slug":"empresa-abre-17-vagas-em-varias-cidades-do-estado-de-sao-paulo","status":"publish","type":"post","link":"https:\/\/redenoticiaz.com.br\/ribeiraopreto-regiao\/sp\/2025\/11\/05\/empresa-abre-17-vagas-em-varias-cidades-do-estado-de-sao-paulo","title":{"rendered":"Empresa abre 17 vagas em v\u00e1rias cidades do estado de S\u00e3o Paulo"},"content":{"rendered":"<p>A Agibank, empresa do setor financeiro e de servi\u00e7os, est\u00e1 com 17 vagas abertas em diferentes cidades do estado de S\u00e3o Paulo. As oportunidades incluem tanto posi\u00e7\u00f5es efetivas quanto cadastros em banco de talentos.<\/p>\n<p>Em Campinas, h\u00e1 vagas para Auxiliar de Planejamento de Opera\u00e7\u00f5es e Auxiliar de Qualidade e Melhoria Cont\u00ednua, ambas com contrata\u00e7\u00e3o efetiva. J\u00e1 na capital paulista, as oportunidades s\u00e3o para Auxiliar de Vendas e Atendimento nos bairros Itaim e Lapa, al\u00e9m de uma vaga para o Banco de Talentos de Supervisores de Vendas na regi\u00e3o do ABC.<\/p>\n<p>O interior tamb\u00e9m conta com posi\u00e7\u00f5es abertas: em Mat\u00e3o, h\u00e1 vaga para Auxiliar de Vendas e Atendimento, enquanto em S\u00e3o Sebasti\u00e3o a oportunidade \u00e9 para o mesmo cargo. Em Amparo, a empresa busca um Consultor de Vendas.<\/p>\n<p>As inscri\u00e7\u00f5es podem ser feitas diretamente pelo <a href=\"https:\/\/agibank.gupy.io\/\">site<\/a>.<\/p>\n<p>LEIA MAIS<\/p>\n<p><a href=\"https:\/\/redenoticiaz.com.br\/blog\/2025\/11\/05\/aviao-de-carga-da-ups-cai-em-louisville-autoridades-confirmam-mortos-e-feridos\">Avi\u00e3o de carga da UPS cai em Louisville; autoridades confirmam mortos e feridos<\/a><\/p>\n<p><a href=\"https:\/\/redenoticiaz.com.br\/blog\/2025\/11\/05\/documentos-encontrados-com-corpo-em-galpao-podem-revelar-identidade-de-vitima-em-varzea-paulista\">Documentos encontrados com corpo em galp\u00e3o podem revelar identidade de v\u00edtima em V\u00e1rzea Paulista<\/a><\/p>\n<p>&nbsp;<\/p>\n","protected":false},"excerpt":{"rendered":"<p>A Agibank, empresa do setor financeiro e de servi\u00e7os, est\u00e1 com 17 vagas abertas em diferentes cidades do estado de S\u00e3o Paulo. As oportunidades incluem tanto posi\u00e7\u00f5es efetivas quanto cadastros em banco de talentos. Em Campinas, h\u00e1 vagas para Auxiliar de Planejamento de Opera\u00e7\u00f5es e Auxiliar de Qualidade e Melhoria Cont\u00ednua, ambas com contrata\u00e7\u00e3o efetiva. &hellip;<\/p>\n","protected":false},"author":30,"featured_media":119184,"comment_status":"open","ping_status":"closed","sticky":false,"template":"","format":"standard","meta":{"footnotes":""},"categories":[29902],"tags":[30802,577],"class_list":["post-120695","post","type-post","status-publish","format-standard","has-post-thumbnail","hentry","category-emprego","tag-agibank","tag-vagas"],"yoast_head":"<!-- This site is optimized with the Yoast SEO plugin v27.4 - https:\/\/yoast.com\/product\/yoast-seo-wordpress\/ -->\n<title>Empresa abre 17 vagas em v\u00e1rias cidades do estado de S\u00e3o Paulo - Ribeir\u00e3o Preto e Regi\u00e3o<\/title>\n<meta name=\"description\" content=\"A Agibank, empresa do setor financeiro e de servi\u00e7os, est\u00e1 com 17 vagas abertas em diferentes cidades do estado de S\u00e3o Paulo.\" \/>\n<meta name=\"robots\" content=\"index, follow, max-snippet:-1, max-image-preview:large, max-video-preview:-1\" \/>\n<link rel=\"canonical\" href=\"https:\/\/redenoticiaz.com.br\/ribeiraopreto-regiao\/sp\/2025\/11\/05\/empresa-abre-17-vagas-em-varias-cidades-do-estado-de-sao-paulo\" \/>\n<meta property=\"og:locale\" content=\"pt_BR\" \/>\n<meta property=\"og:type\" content=\"article\" \/>\n<meta property=\"og:title\" content=\"Empresa abre 17 vagas em v\u00e1rias cidades do estado de S\u00e3o Paulo - Ribeir\u00e3o Preto e Regi\u00e3o\" \/>\n<meta property=\"og:description\" content=\"A Agibank, empresa do setor financeiro e de servi\u00e7os, est\u00e1 com 17 vagas abertas em diferentes cidades do estado de S\u00e3o Paulo.\" \/>\n<meta property=\"og:url\" content=\"https:\/\/redenoticiaz.com.br\/ribeiraopreto-regiao\/sp\/2025\/11\/05\/empresa-abre-17-vagas-em-varias-cidades-do-estado-de-sao-paulo\" \/>\n<meta property=\"og:site_name\" content=\"Ribeir\u00e3o Preto e Regi\u00e3o\" \/>\n<meta property=\"article:publisher\" content=\"https:\/\/m.facebook.com\/redenoticiaz.barretos\" \/>\n<meta property=\"article:published_time\" content=\"2025-11-05T14:24:21+00:00\" \/>\n<meta property=\"og:image\" content=\"https:\/\/redenoticiaz.com.br\/ribeiraopreto-regiao\/wp-content\/uploads\/sites\/4\/2024\/11\/agibank-logo-696x392-1.jpg?v=1722257718\" \/>\n\t<meta property=\"og:image:width\" content=\"696\" \/>\n\t<meta property=\"og:image:height\" content=\"392\" \/>\n\t<meta property=\"og:image:type\" content=\"image\/jpeg\" \/>\n<meta name=\"author\" content=\"Carina Reifonas\" \/>\n<meta name=\"twitter:card\" content=\"summary_large_image\" \/>\n<meta name=\"twitter:creator\" content=\"@RN_barretos\" \/>\n<meta name=\"twitter:site\" content=\"@RN_barretos\" \/>\n<meta name=\"twitter:label1\" content=\"Escrito por\" \/>\n\t<meta name=\"twitter:data1\" content=\"Carina Reifonas\" \/>\n\t<meta name=\"twitter:label2\" content=\"Est. tempo de leitura\" \/>\n\t<meta name=\"twitter:data2\" content=\"2 minutos\" \/>\n<script type=\"application\/ld+json\" class=\"yoast-schema-graph\">{\"@context\":\"https:\\\/\\\/schema.org\",\"@graph\":[{\"@type\":\"Article\",\"@id\":\"https:\\\/\\\/redenoticiaz.com.br\\\/ribeiraopreto-regiao\\\/sp\\\/2025\\\/11\\\/05\\\/empresa-abre-17-vagas-em-varias-cidades-do-estado-de-sao-paulo#article\",\"isPartOf\":{\"@id\":\"https:\\\/\\\/redenoticiaz.com.br\\\/ribeiraopreto-regiao\\\/sp\\\/2025\\\/11\\\/05\\\/empresa-abre-17-vagas-em-varias-cidades-do-estado-de-sao-paulo\"},\"author\":{\"name\":\"Carina Reifonas\",\"@id\":\"https:\\\/\\\/redenoticiaz.com.br\\\/ribeiraopreto-regiao\\\/#\\\/schema\\\/person\\\/1f84d6e94e6a62d2d81199d7503e9e90\"},\"headline\":\"Empresa abre 17 vagas em v\u00e1rias cidades do estado de S\u00e3o Paulo\",\"datePublished\":\"2025-11-05T14:24:21+00:00\",\"mainEntityOfPage\":{\"@id\":\"https:\\\/\\\/redenoticiaz.com.br\\\/ribeiraopreto-regiao\\\/sp\\\/2025\\\/11\\\/05\\\/empresa-abre-17-vagas-em-varias-cidades-do-estado-de-sao-paulo\"},\"wordCount\":195,\"commentCount\":0,\"publisher\":{\"@id\":\"https:\\\/\\\/redenoticiaz.com.br\\\/ribeiraopreto-regiao\\\/#organization\"},\"image\":{\"@id\":\"https:\\\/\\\/redenoticiaz.com.br\\\/ribeiraopreto-regiao\\\/sp\\\/2025\\\/11\\\/05\\\/empresa-abre-17-vagas-em-varias-cidades-do-estado-de-sao-paulo#primaryimage\"},\"thumbnailUrl\":\"https:\\\/\\\/redenoticiaz.com.br\\\/ribeiraopreto-regiao\\\/wp-content\\\/uploads\\\/sites\\\/4\\\/2024\\\/11\\\/agibank-logo-696x392-1.jpg?v=1722257718\",\"keywords\":[\"Agibank\",\"VAGAS\"],\"articleSection\":[\"Emprego\"],\"inLanguage\":\"pt-BR\",\"potentialAction\":[{\"@type\":\"CommentAction\",\"name\":\"Comment\",\"target\":[\"https:\\\/\\\/redenoticiaz.com.br\\\/ribeiraopreto-regiao\\\/sp\\\/2025\\\/11\\\/05\\\/empresa-abre-17-vagas-em-varias-cidades-do-estado-de-sao-paulo#respond\"]}]},{\"@type\":\"WebPage\",\"@id\":\"https:\\\/\\\/redenoticiaz.com.br\\\/ribeiraopreto-regiao\\\/sp\\\/2025\\\/11\\\/05\\\/empresa-abre-17-vagas-em-varias-cidades-do-estado-de-sao-paulo\",\"url\":\"https:\\\/\\\/redenoticiaz.com.br\\\/ribeiraopreto-regiao\\\/sp\\\/2025\\\/11\\\/05\\\/empresa-abre-17-vagas-em-varias-cidades-do-estado-de-sao-paulo\",\"name\":\"Empresa abre 17 vagas em v\u00e1rias cidades do estado de S\u00e3o Paulo - Ribeir\u00e3o Preto e Regi\u00e3o\",\"isPartOf\":{\"@id\":\"https:\\\/\\\/redenoticiaz.com.br\\\/ribeiraopreto-regiao\\\/#website\"},\"primaryImageOfPage\":{\"@id\":\"https:\\\/\\\/redenoticiaz.com.br\\\/ribeiraopreto-regiao\\\/sp\\\/2025\\\/11\\\/05\\\/empresa-abre-17-vagas-em-varias-cidades-do-estado-de-sao-paulo#primaryimage\"},\"image\":{\"@id\":\"https:\\\/\\\/redenoticiaz.com.br\\\/ribeiraopreto-regiao\\\/sp\\\/2025\\\/11\\\/05\\\/empresa-abre-17-vagas-em-varias-cidades-do-estado-de-sao-paulo#primaryimage\"},\"thumbnailUrl\":\"https:\\\/\\\/redenoticiaz.com.br\\\/ribeiraopreto-regiao\\\/wp-content\\\/uploads\\\/sites\\\/4\\\/2024\\\/11\\\/agibank-logo-696x392-1.jpg?v=1722257718\",\"datePublished\":\"2025-11-05T14:24:21+00:00\",\"description\":\"A Agibank, empresa do setor financeiro e de servi\u00e7os, est\u00e1 com 17 vagas abertas em diferentes cidades do estado de S\u00e3o Paulo.\",\"inLanguage\":\"pt-BR\",\"potentialAction\":[{\"@type\":\"ReadAction\",\"target\":[\"https:\\\/\\\/redenoticiaz.com.br\\\/ribeiraopreto-regiao\\\/sp\\\/2025\\\/11\\\/05\\\/empresa-abre-17-vagas-em-varias-cidades-do-estado-de-sao-paulo\"]}]},{\"@type\":\"ImageObject\",\"inLanguage\":\"pt-BR\",\"@id\":\"https:\\\/\\\/redenoticiaz.com.br\\\/ribeiraopreto-regiao\\\/sp\\\/2025\\\/11\\\/05\\\/empresa-abre-17-vagas-em-varias-cidades-do-estado-de-sao-paulo#primaryimage\",\"url\":\"https:\\\/\\\/redenoticiaz.com.br\\\/ribeiraopreto-regiao\\\/wp-content\\\/uploads\\\/sites\\\/4\\\/2024\\\/11\\\/agibank-logo-696x392-1.jpg?v=1722257718\",\"contentUrl\":\"https:\\\/\\\/redenoticiaz.com.br\\\/ribeiraopreto-regiao\\\/wp-content\\\/uploads\\\/sites\\\/4\\\/2024\\\/11\\\/agibank-logo-696x392-1.jpg?v=1722257718\",\"width\":696,\"height\":392},{\"@type\":\"WebSite\",\"@id\":\"https:\\\/\\\/redenoticiaz.com.br\\\/ribeiraopreto-regiao\\\/#website\",\"url\":\"https:\\\/\\\/redenoticiaz.com.br\\\/ribeiraopreto-regiao\\\/\",\"name\":\"Ribeir\u00e3o Preto e Regi\u00e3o\",\"description\":\"Rede NoticiaZ - Ribeir\u00e3o Preto e regi\u00e3o\",\"publisher\":{\"@id\":\"https:\\\/\\\/redenoticiaz.com.br\\\/ribeiraopreto-regiao\\\/#organization\"},\"potentialAction\":[{\"@type\":\"SearchAction\",\"target\":{\"@type\":\"EntryPoint\",\"urlTemplate\":\"https:\\\/\\\/redenoticiaz.com.br\\\/ribeiraopreto-regiao\\\/?s={search_term_string}\"},\"query-input\":{\"@type\":\"PropertyValueSpecification\",\"valueRequired\":true,\"valueName\":\"search_term_string\"}}],\"inLanguage\":\"pt-BR\"},{\"@type\":\"Organization\",\"@id\":\"https:\\\/\\\/redenoticiaz.com.br\\\/ribeiraopreto-regiao\\\/#organization\",\"name\":\"Ribeir\u00e3o Preto e Regi\u00e3o\",\"url\":\"https:\\\/\\\/redenoticiaz.com.br\\\/ribeiraopreto-regiao\\\/\",\"logo\":{\"@type\":\"ImageObject\",\"inLanguage\":\"pt-BR\",\"@id\":\"https:\\\/\\\/redenoticiaz.com.br\\\/ribeiraopreto-regiao\\\/#\\\/schema\\\/logo\\\/image\\\/\",\"url\":\"https:\\\/\\\/redenoticiaz.com.br\\\/barretos-regiao\\\/wp-content\\\/uploads\\\/sites\\\/4\\\/2022\\\/02\\\/logo.jpg\",\"contentUrl\":\"https:\\\/\\\/redenoticiaz.com.br\\\/barretos-regiao\\\/wp-content\\\/uploads\\\/sites\\\/4\\\/2022\\\/02\\\/logo.jpg\",\"width\":400,\"height\":250,\"caption\":\"Ribeir\u00e3o Preto e Regi\u00e3o\"},\"image\":{\"@id\":\"https:\\\/\\\/redenoticiaz.com.br\\\/ribeiraopreto-regiao\\\/#\\\/schema\\\/logo\\\/image\\\/\"},\"sameAs\":[\"https:\\\/\\\/m.facebook.com\\\/redenoticiaz.barretos\",\"https:\\\/\\\/x.com\\\/RN_barretos\",\"https:\\\/\\\/www.instagram.com\\\/redenoticiaz.barretos\\\/?igshid=YmMyMTA2M2Y\",\"https:\\\/\\\/www.linkedin.com\\\/company\\\/rede-noticiaz-barretos-e-regio\\\/\"]},{\"@type\":\"Person\",\"@id\":\"https:\\\/\\\/redenoticiaz.com.br\\\/ribeiraopreto-regiao\\\/#\\\/schema\\\/person\\\/1f84d6e94e6a62d2d81199d7503e9e90\",\"name\":\"Carina Reifonas\",\"image\":{\"@type\":\"ImageObject\",\"inLanguage\":\"pt-BR\",\"@id\":\"https:\\\/\\\/secure.gravatar.com\\\/avatar\\\/04c59859b23696cf867715880f81d5c037e60109730bdb4e6670ec2a2245bc97?s=96&d=mm&r=g\",\"url\":\"https:\\\/\\\/secure.gravatar.com\\\/avatar\\\/04c59859b23696cf867715880f81d5c037e60109730bdb4e6670ec2a2245bc97?s=96&d=mm&r=g\",\"contentUrl\":\"https:\\\/\\\/secure.gravatar.com\\\/avatar\\\/04c59859b23696cf867715880f81d5c037e60109730bdb4e6670ec2a2245bc97?s=96&d=mm&r=g\",\"caption\":\"Carina Reifonas\"},\"url\":\"https:\\\/\\\/redenoticiaz.com.br\\\/ribeiraopreto-regiao\\\/sp\\\/author\\\/carinareifonas\"}]}<\/script>\n<!-- \/ Yoast SEO plugin. -->","yoast_head_json":{"title":"Empresa abre 17 vagas em v\u00e1rias cidades do estado de S\u00e3o Paulo - Ribeir\u00e3o Preto e Regi\u00e3o","description":"A Agibank, empresa do setor financeiro e de servi\u00e7os, est\u00e1 com 17 vagas abertas em diferentes cidades do estado de S\u00e3o Paulo.","robots":{"index":"index","follow":"follow","max-snippet":"max-snippet:-1","max-image-preview":"max-image-preview:large","max-video-preview":"max-video-preview:-1"},"canonical":"https:\/\/redenoticiaz.com.br\/ribeiraopreto-regiao\/sp\/2025\/11\/05\/empresa-abre-17-vagas-em-varias-cidades-do-estado-de-sao-paulo","og_locale":"pt_BR","og_type":"article","og_title":"Empresa abre 17 vagas em v\u00e1rias cidades do estado de S\u00e3o Paulo - Ribeir\u00e3o Preto e Regi\u00e3o","og_description":"A Agibank, empresa do setor financeiro e de servi\u00e7os, est\u00e1 com 17 vagas abertas em diferentes cidades do estado de S\u00e3o Paulo.","og_url":"https:\/\/redenoticiaz.com.br\/ribeiraopreto-regiao\/sp\/2025\/11\/05\/empresa-abre-17-vagas-em-varias-cidades-do-estado-de-sao-paulo","og_site_name":"Ribeir\u00e3o Preto e Regi\u00e3o","article_publisher":"https:\/\/m.facebook.com\/redenoticiaz.barretos","article_published_time":"2025-11-05T14:24:21+00:00","og_image":[{"width":696,"height":392,"url":"https:\/\/redenoticiaz.com.br\/ribeiraopreto-regiao\/wp-content\/uploads\/sites\/4\/2024\/11\/agibank-logo-696x392-1.jpg?v=1722257718","type":"image\/jpeg"}],"author":"Carina Reifonas","twitter_card":"summary_large_image","twitter_creator":"@RN_barretos","twitter_site":"@RN_barretos","twitter_misc":{"Escrito por":"Carina Reifonas","Est. tempo de leitura":"2 minutos"},"schema":{"@context":"https:\/\/schema.org","@graph":[{"@type":"Article","@id":"https:\/\/redenoticiaz.com.br\/ribeiraopreto-regiao\/sp\/2025\/11\/05\/empresa-abre-17-vagas-em-varias-cidades-do-estado-de-sao-paulo#article","isPartOf":{"@id":"https:\/\/redenoticiaz.com.br\/ribeiraopreto-regiao\/sp\/2025\/11\/05\/empresa-abre-17-vagas-em-varias-cidades-do-estado-de-sao-paulo"},"author":{"name":"Carina Reifonas","@id":"https:\/\/redenoticiaz.com.br\/ribeiraopreto-regiao\/#\/schema\/person\/1f84d6e94e6a62d2d81199d7503e9e90"},"headline":"Empresa abre 17 vagas em v\u00e1rias cidades do estado de S\u00e3o Paulo","datePublished":"2025-11-05T14:24:21+00:00","mainEntityOfPage":{"@id":"https:\/\/redenoticiaz.com.br\/ribeiraopreto-regiao\/sp\/2025\/11\/05\/empresa-abre-17-vagas-em-varias-cidades-do-estado-de-sao-paulo"},"wordCount":195,"commentCount":0,"publisher":{"@id":"https:\/\/redenoticiaz.com.br\/ribeiraopreto-regiao\/#organization"},"image":{"@id":"https:\/\/redenoticiaz.com.br\/ribeiraopreto-regiao\/sp\/2025\/11\/05\/empresa-abre-17-vagas-em-varias-cidades-do-estado-de-sao-paulo#primaryimage"},"thumbnailUrl":"https:\/\/redenoticiaz.com.br\/ribeiraopreto-regiao\/wp-content\/uploads\/sites\/4\/2024\/11\/agibank-logo-696x392-1.jpg?v=1722257718","keywords":["Agibank","VAGAS"],"articleSection":["Emprego"],"inLanguage":"pt-BR","potentialAction":[{"@type":"CommentAction","name":"Comment","target":["https:\/\/redenoticiaz.com.br\/ribeiraopreto-regiao\/sp\/2025\/11\/05\/empresa-abre-17-vagas-em-varias-cidades-do-estado-de-sao-paulo#respond"]}]},{"@type":"WebPage","@id":"https:\/\/redenoticiaz.com.br\/ribeiraopreto-regiao\/sp\/2025\/11\/05\/empresa-abre-17-vagas-em-varias-cidades-do-estado-de-sao-paulo","url":"https:\/\/redenoticiaz.com.br\/ribeiraopreto-regiao\/sp\/2025\/11\/05\/empresa-abre-17-vagas-em-varias-cidades-do-estado-de-sao-paulo","name":"Empresa abre 17 vagas em v\u00e1rias cidades do estado de S\u00e3o Paulo - Ribeir\u00e3o Preto e Regi\u00e3o","isPartOf":{"@id":"https:\/\/redenoticiaz.com.br\/ribeiraopreto-regiao\/#website"},"primaryImageOfPage":{"@id":"https:\/\/redenoticiaz.com.br\/ribeiraopreto-regiao\/sp\/2025\/11\/05\/empresa-abre-17-vagas-em-varias-cidades-do-estado-de-sao-paulo#primaryimage"},"image":{"@id":"https:\/\/redenoticiaz.com.br\/ribeiraopreto-regiao\/sp\/2025\/11\/05\/empresa-abre-17-vagas-em-varias-cidades-do-estado-de-sao-paulo#primaryimage"},"thumbnailUrl":"https:\/\/redenoticiaz.com.br\/ribeiraopreto-regiao\/wp-content\/uploads\/sites\/4\/2024\/11\/agibank-logo-696x392-1.jpg?v=1722257718","datePublished":"2025-11-05T14:24:21+00:00","description":"A Agibank, empresa do setor financeiro e de servi\u00e7os, est\u00e1 com 17 vagas abertas em diferentes cidades do estado de S\u00e3o Paulo.","inLanguage":"pt-BR","potentialAction":[{"@type":"ReadAction","target":["https:\/\/redenoticiaz.com.br\/ribeiraopreto-regiao\/sp\/2025\/11\/05\/empresa-abre-17-vagas-em-varias-cidades-do-estado-de-sao-paulo"]}]},{"@type":"ImageObject","inLanguage":"pt-BR","@id":"https:\/\/redenoticiaz.com.br\/ribeiraopreto-regiao\/sp\/2025\/11\/05\/empresa-abre-17-vagas-em-varias-cidades-do-estado-de-sao-paulo#primaryimage","url":"https:\/\/redenoticiaz.com.br\/ribeiraopreto-regiao\/wp-content\/uploads\/sites\/4\/2024\/11\/agibank-logo-696x392-1.jpg?v=1722257718","contentUrl":"https:\/\/redenoticiaz.com.br\/ribeiraopreto-regiao\/wp-content\/uploads\/sites\/4\/2024\/11\/agibank-logo-696x392-1.jpg?v=1722257718","width":696,"height":392},{"@type":"WebSite","@id":"https:\/\/redenoticiaz.com.br\/ribeiraopreto-regiao\/#website","url":"https:\/\/redenoticiaz.com.br\/ribeiraopreto-regiao\/","name":"Ribeir\u00e3o Preto e Regi\u00e3o","description":"Rede NoticiaZ - Ribeir\u00e3o Preto e regi\u00e3o","publisher":{"@id":"https:\/\/redenoticiaz.com.br\/ribeiraopreto-regiao\/#organization"},"potentialAction":[{"@type":"SearchAction","target":{"@type":"EntryPoint","urlTemplate":"https:\/\/redenoticiaz.com.br\/ribeiraopreto-regiao\/?s={search_term_string}"},"query-input":{"@type":"PropertyValueSpecification","valueRequired":true,"valueName":"search_term_string"}}],"inLanguage":"pt-BR"},{"@type":"Organization","@id":"https:\/\/redenoticiaz.com.br\/ribeiraopreto-regiao\/#organization","name":"Ribeir\u00e3o Preto e Regi\u00e3o","url":"https:\/\/redenoticiaz.com.br\/ribeiraopreto-regiao\/","logo":{"@type":"ImageObject","inLanguage":"pt-BR","@id":"https:\/\/redenoticiaz.com.br\/ribeiraopreto-regiao\/#\/schema\/logo\/image\/","url":"https:\/\/redenoticiaz.com.br\/barretos-regiao\/wp-content\/uploads\/sites\/4\/2022\/02\/logo.jpg","contentUrl":"https:\/\/redenoticiaz.com.br\/barretos-regiao\/wp-content\/uploads\/sites\/4\/2022\/02\/logo.jpg","width":400,"height":250,"caption":"Ribeir\u00e3o Preto e Regi\u00e3o"},"image":{"@id":"https:\/\/redenoticiaz.com.br\/ribeiraopreto-regiao\/#\/schema\/logo\/image\/"},"sameAs":["https:\/\/m.facebook.com\/redenoticiaz.barretos","https:\/\/x.com\/RN_barretos","https:\/\/www.instagram.com\/redenoticiaz.barretos\/?igshid=YmMyMTA2M2Y","https:\/\/www.linkedin.com\/company\/rede-noticiaz-barretos-e-regio\/"]},{"@type":"Person","@id":"https:\/\/redenoticiaz.com.br\/ribeiraopreto-regiao\/#\/schema\/person\/1f84d6e94e6a62d2d81199d7503e9e90","name":"Carina Reifonas","image":{"@type":"ImageObject","inLanguage":"pt-BR","@id":"https:\/\/secure.gravatar.com\/avatar\/04c59859b23696cf867715880f81d5c037e60109730bdb4e6670ec2a2245bc97?s=96&d=mm&r=g","url":"https:\/\/secure.gravatar.com\/avatar\/04c59859b23696cf867715880f81d5c037e60109730bdb4e6670ec2a2245bc97?s=96&d=mm&r=g","contentUrl":"https:\/\/secure.gravatar.com\/avatar\/04c59859b23696cf867715880f81d5c037e60109730bdb4e6670ec2a2245bc97?s=96&d=mm&r=g","caption":"Carina Reifonas"},"url":"https:\/\/redenoticiaz.com.br\/ribeiraopreto-regiao\/sp\/author\/carinareifonas"}]}},"_links":{"self":[{"href":"https:\/\/redenoticiaz.com.br\/ribeiraopreto-regiao\/wp-json\/wp\/v2\/posts\/120695","targetHints":{"allow":["GET"]}}],"collection":[{"href":"https:\/\/redenoticiaz.com.br\/ribeiraopreto-regiao\/wp-json\/wp\/v2\/posts"}],"about":[{"href":"https:\/\/redenoticiaz.com.br\/ribeiraopreto-regiao\/wp-json\/wp\/v2\/types\/post"}],"author":[{"embeddable":true,"href":"https:\/\/redenoticiaz.com.br\/ribeiraopreto-regiao\/wp-json\/wp\/v2\/users\/30"}],"replies":[{"embeddable":true,"href":"https:\/\/redenoticiaz.com.br\/ribeiraopreto-regiao\/wp-json\/wp\/v2\/comments?post=120695"}],"version-history":[{"count":0,"href":"https:\/\/redenoticiaz.com.br\/ribeiraopreto-regiao\/wp-json\/wp\/v2\/posts\/120695\/revisions"}],"wp:featuredmedia":[{"embeddable":true,"href":"https:\/\/redenoticiaz.com.br\/ribeiraopreto-regiao\/wp-json\/wp\/v2\/media\/119184"}],"wp:attachment":[{"href":"https:\/\/redenoticiaz.com.br\/ribeiraopreto-regiao\/wp-json\/wp\/v2\/media?parent=120695"}],"wp:term":[{"taxonomy":"category","embeddable":true,"href":"https:\/\/redenoticiaz.com.br\/ribeiraopreto-regiao\/wp-json\/wp\/v2\/categories?post=120695"},{"taxonomy":"post_tag","embeddable":true,"href":"https:\/\/redenoticiaz.com.br\/ribeiraopreto-regiao\/wp-json\/wp\/v2\/tags?post=120695"}],"curies":[{"name":"wp","href":"https:\/\/api.w.org\/{rel}","templated":true}]}}