{"id":120800,"date":"2025-11-30T12:00:01","date_gmt":"2025-11-30T15:00:01","guid":{"rendered":"https:\/\/redenoticiaz.com.br\/barretos-regiao\/?p=120800"},"modified":"2025-11-28T13:06:53","modified_gmt":"2025-11-28T16:06:53","slug":"brasil-vai-iniciar-vacinacao-contra-virus-da-bronquiolite-no-sus-apos-compra-de-18-milhao-de-doses","status":"publish","type":"post","link":"https:\/\/redenoticiaz.com.br\/ribeiraopreto-regiao\/sp\/2025\/11\/30\/brasil-vai-iniciar-vacinacao-contra-virus-da-bronquiolite-no-sus-apos-compra-de-18-milhao-de-doses","title":{"rendered":"Brasil vai iniciar vacina\u00e7\u00e3o contra v\u00edrus da bronquiolite no SUS ap\u00f3s compra de 1,8 milh\u00e3o de doses"},"content":{"rendered":"<p>O Minist\u00e9rio da Sa\u00fade confirmou a aquisi\u00e7\u00e3o de 1,8 milh\u00e3o de doses da vacina contra o v\u00edrus sincicial respirat\u00f3rio (VSR), respons\u00e1vel pela maior parte dos casos de bronquiolite em beb\u00eas. A previs\u00e3o \u00e9 que a aplica\u00e7\u00e3o pelo SUS comece em dezembro, assim que os imunizantes forem distribu\u00eddos a estados e munic\u00edpios.<\/p>\n<p>A vacina ser\u00e1 destinada principalmente a gestantes, que receber\u00e3o dose \u00fanica a partir da 28\u00aa semana de gravidez. A imuniza\u00e7\u00e3o da m\u00e3e garante prote\u00e7\u00e3o inicial ao beb\u00ea, o grupo mais vulner\u00e1vel \u00e0s complica\u00e7\u00f5es do VSR. Segundo a pasta, o v\u00edrus causa 75% dos casos de bronquiolite e 40% das pneumonias em crian\u00e7as menores de dois anos.<\/p>\n<p>A entrada da vacina na rede p\u00fablica \u00e9 resultado de um acordo entre o Instituto Butantan e a Pfizer, que transferiu a tecnologia de produ\u00e7\u00e3o ao laborat\u00f3rio brasileiro. Na rede privada, o imunizante Abrysvo, da Pfizer, pode custar at\u00e9 R$ 1.760.<\/p>\n<p>Outras vacinas contra o VSR tamb\u00e9m j\u00e1 est\u00e3o dispon\u00edveis no pa\u00eds, como o nirsevimabe (Beyfortus), da Sanofi, vendido por at\u00e9 R$ 3.548, e o Arexvy, da GSK, indicado para idosos a partir de 60 anos, com pre\u00e7o aproximado de R$ 1.726.<\/p>\n<p>A bronquiolite, altamente contagiosa, provoca principalmente tosse e dificuldade para respirar. Embora a maioria dos quadros seja leve, casos graves podem exigir interna\u00e7\u00e3o \u2014 especialmente em rec\u00e9m-nascidos e beb\u00eas pequenos.<\/p>\n<p>No Brasil, a circula\u00e7\u00e3o do VSR costuma aumentar entre mar\u00e7o e julho, com exce\u00e7\u00e3o da regi\u00e3o Norte, onde o pico ocorre de fevereiro a junho.<\/p>\n<p>LEIA MAIS<\/p>\n<p><a href=\"https:\/\/redenoticiaz.com.br\/blog\/2025\/11\/28\/anvisa-manda-recolher-lava-roupas-ype-apos-deteccao-de-bacteria\">Anvisa manda recolher lava-roupas Yp\u00ea ap\u00f3s detec\u00e7\u00e3o de bact\u00e9ria<\/a><\/p>\n<p><a href=\"https:\/\/redenoticiaz.com.br\/blog\/2025\/11\/28\/chegou-nova-oportunidade-tv-tem-abre-cadastro-para-vagas-comerciais-em-quatro-cidades\">Chegou nova oportunidade: TV TEM abre cadastro para vagas comerciais em quatro cidades<\/a><\/p>\n<p>&nbsp;<\/p>\n<p>&nbsp;<\/p>\n<p>&nbsp;<\/p>\n<p>&nbsp;<\/p>\n<p>&nbsp;<\/p>\n<p>&nbsp;<\/p>\n","protected":false},"excerpt":{"rendered":"<p>O Minist\u00e9rio da Sa\u00fade confirmou a aquisi\u00e7\u00e3o de 1,8 milh\u00e3o de doses da vacina contra o v\u00edrus sincicial respirat\u00f3rio (VSR), respons\u00e1vel pela maior parte dos casos de bronquiolite em beb\u00eas. A previs\u00e3o \u00e9 que a aplica\u00e7\u00e3o pelo SUS comece em dezembro, assim que os imunizantes forem distribu\u00eddos a estados e munic\u00edpios. A vacina ser\u00e1 destinada &hellip;<\/p>\n","protected":false},"author":30,"featured_media":119697,"comment_status":"open","ping_status":"closed","sticky":false,"template":"","format":"standard","meta":{"footnotes":""},"categories":[129],"tags":[31398,1314,31399],"class_list":["post-120800","post","type-post","status-publish","format-standard","has-post-thumbnail","hentry","category-saude","tag-bronquiolite","tag-ministerio-da-saude","tag-vacine"],"yoast_head":"<!-- This site is optimized with the Yoast SEO plugin v27.4 - https:\/\/yoast.com\/product\/yoast-seo-wordpress\/ -->\n<title>Brasil vai iniciar vacina\u00e7\u00e3o contra v\u00edrus da bronquiolite no SUS ap\u00f3s compra de 1,8 milh\u00e3o de doses - Ribeir\u00e3o Preto e Regi\u00e3o<\/title>\n<meta name=\"description\" content=\"O Minist\u00e9rio da Sa\u00fade confirmou a aquisi\u00e7\u00e3o de 1,8 milh\u00e3o de doses da vacina contra o v\u00edrus sincicial respirat\u00f3rio (VSR), respons\u00e1vel pela maior parte dos casos de bronquiolite\" \/>\n<meta name=\"robots\" content=\"index, follow, max-snippet:-1, max-image-preview:large, max-video-preview:-1\" \/>\n<link rel=\"canonical\" href=\"https:\/\/redenoticiaz.com.br\/ribeiraopreto-regiao\/sp\/2025\/11\/30\/brasil-vai-iniciar-vacinacao-contra-virus-da-bronquiolite-no-sus-apos-compra-de-18-milhao-de-doses\" \/>\n<meta property=\"og:locale\" content=\"pt_BR\" \/>\n<meta property=\"og:type\" content=\"article\" \/>\n<meta property=\"og:title\" content=\"Brasil vai iniciar vacina\u00e7\u00e3o contra v\u00edrus da bronquiolite no SUS ap\u00f3s compra de 1,8 milh\u00e3o de doses - Ribeir\u00e3o Preto e Regi\u00e3o\" \/>\n<meta property=\"og:description\" content=\"O Minist\u00e9rio da Sa\u00fade confirmou a aquisi\u00e7\u00e3o de 1,8 milh\u00e3o de doses da vacina contra o v\u00edrus sincicial respirat\u00f3rio (VSR), respons\u00e1vel pela maior parte dos casos de bronquiolite\" \/>\n<meta property=\"og:url\" content=\"https:\/\/redenoticiaz.com.br\/ribeiraopreto-regiao\/sp\/2025\/11\/30\/brasil-vai-iniciar-vacinacao-contra-virus-da-bronquiolite-no-sus-apos-compra-de-18-milhao-de-doses\" \/>\n<meta property=\"og:site_name\" content=\"Ribeir\u00e3o Preto e Regi\u00e3o\" \/>\n<meta property=\"article:publisher\" content=\"https:\/\/m.facebook.com\/redenoticiaz.barretos\" \/>\n<meta property=\"article:published_time\" content=\"2025-11-30T15:00:01+00:00\" \/>\n<meta property=\"og:image\" content=\"https:\/\/redenoticiaz.com.br\/ribeiraopreto-regiao\/wp-content\/uploads\/sites\/4\/2024\/12\/gravida.jpg?v=1620851767\" \/>\n\t<meta property=\"og:image:width\" content=\"984\" \/>\n\t<meta property=\"og:image:height\" content=\"656\" \/>\n\t<meta property=\"og:image:type\" content=\"image\/jpeg\" \/>\n<meta name=\"author\" content=\"Carina Reifonas\" \/>\n<meta name=\"twitter:card\" content=\"summary_large_image\" \/>\n<meta name=\"twitter:creator\" content=\"@RN_barretos\" \/>\n<meta name=\"twitter:site\" content=\"@RN_barretos\" \/>\n<meta name=\"twitter:label1\" content=\"Escrito por\" \/>\n\t<meta name=\"twitter:data1\" content=\"Carina Reifonas\" \/>\n\t<meta name=\"twitter:label2\" content=\"Est. tempo de leitura\" \/>\n\t<meta name=\"twitter:data2\" content=\"2 minutos\" \/>\n<script type=\"application\/ld+json\" class=\"yoast-schema-graph\">{\"@context\":\"https:\\\/\\\/schema.org\",\"@graph\":[{\"@type\":\"Article\",\"@id\":\"https:\\\/\\\/redenoticiaz.com.br\\\/ribeiraopreto-regiao\\\/sp\\\/2025\\\/11\\\/30\\\/brasil-vai-iniciar-vacinacao-contra-virus-da-bronquiolite-no-sus-apos-compra-de-18-milhao-de-doses#article\",\"isPartOf\":{\"@id\":\"https:\\\/\\\/redenoticiaz.com.br\\\/ribeiraopreto-regiao\\\/sp\\\/2025\\\/11\\\/30\\\/brasil-vai-iniciar-vacinacao-contra-virus-da-bronquiolite-no-sus-apos-compra-de-18-milhao-de-doses\"},\"author\":{\"name\":\"Carina Reifonas\",\"@id\":\"https:\\\/\\\/redenoticiaz.com.br\\\/ribeiraopreto-regiao\\\/#\\\/schema\\\/person\\\/1f84d6e94e6a62d2d81199d7503e9e90\"},\"headline\":\"Brasil vai iniciar vacina\u00e7\u00e3o contra v\u00edrus da bronquiolite no SUS ap\u00f3s compra de 1,8 milh\u00e3o de doses\",\"datePublished\":\"2025-11-30T15:00:01+00:00\",\"mainEntityOfPage\":{\"@id\":\"https:\\\/\\\/redenoticiaz.com.br\\\/ribeiraopreto-regiao\\\/sp\\\/2025\\\/11\\\/30\\\/brasil-vai-iniciar-vacinacao-contra-virus-da-bronquiolite-no-sus-apos-compra-de-18-milhao-de-doses\"},\"wordCount\":321,\"commentCount\":0,\"publisher\":{\"@id\":\"https:\\\/\\\/redenoticiaz.com.br\\\/ribeiraopreto-regiao\\\/#organization\"},\"image\":{\"@id\":\"https:\\\/\\\/redenoticiaz.com.br\\\/ribeiraopreto-regiao\\\/sp\\\/2025\\\/11\\\/30\\\/brasil-vai-iniciar-vacinacao-contra-virus-da-bronquiolite-no-sus-apos-compra-de-18-milhao-de-doses#primaryimage\"},\"thumbnailUrl\":\"https:\\\/\\\/redenoticiaz.com.br\\\/ribeiraopreto-regiao\\\/wp-content\\\/uploads\\\/sites\\\/4\\\/2024\\\/12\\\/gravida.jpg?v=1620851767\",\"keywords\":[\"Bronquiolite\",\"Minist\u00e9rio da Sa\u00fade\",\"Vacine\"],\"articleSection\":[\"Sa\u00fade\"],\"inLanguage\":\"pt-BR\",\"potentialAction\":[{\"@type\":\"CommentAction\",\"name\":\"Comment\",\"target\":[\"https:\\\/\\\/redenoticiaz.com.br\\\/ribeiraopreto-regiao\\\/sp\\\/2025\\\/11\\\/30\\\/brasil-vai-iniciar-vacinacao-contra-virus-da-bronquiolite-no-sus-apos-compra-de-18-milhao-de-doses#respond\"]}]},{\"@type\":\"WebPage\",\"@id\":\"https:\\\/\\\/redenoticiaz.com.br\\\/ribeiraopreto-regiao\\\/sp\\\/2025\\\/11\\\/30\\\/brasil-vai-iniciar-vacinacao-contra-virus-da-bronquiolite-no-sus-apos-compra-de-18-milhao-de-doses\",\"url\":\"https:\\\/\\\/redenoticiaz.com.br\\\/ribeiraopreto-regiao\\\/sp\\\/2025\\\/11\\\/30\\\/brasil-vai-iniciar-vacinacao-contra-virus-da-bronquiolite-no-sus-apos-compra-de-18-milhao-de-doses\",\"name\":\"Brasil vai iniciar vacina\u00e7\u00e3o contra v\u00edrus da bronquiolite no SUS ap\u00f3s compra de 1,8 milh\u00e3o de doses - Ribeir\u00e3o Preto e Regi\u00e3o\",\"isPartOf\":{\"@id\":\"https:\\\/\\\/redenoticiaz.com.br\\\/ribeiraopreto-regiao\\\/#website\"},\"primaryImageOfPage\":{\"@id\":\"https:\\\/\\\/redenoticiaz.com.br\\\/ribeiraopreto-regiao\\\/sp\\\/2025\\\/11\\\/30\\\/brasil-vai-iniciar-vacinacao-contra-virus-da-bronquiolite-no-sus-apos-compra-de-18-milhao-de-doses#primaryimage\"},\"image\":{\"@id\":\"https:\\\/\\\/redenoticiaz.com.br\\\/ribeiraopreto-regiao\\\/sp\\\/2025\\\/11\\\/30\\\/brasil-vai-iniciar-vacinacao-contra-virus-da-bronquiolite-no-sus-apos-compra-de-18-milhao-de-doses#primaryimage\"},\"thumbnailUrl\":\"https:\\\/\\\/redenoticiaz.com.br\\\/ribeiraopreto-regiao\\\/wp-content\\\/uploads\\\/sites\\\/4\\\/2024\\\/12\\\/gravida.jpg?v=1620851767\",\"datePublished\":\"2025-11-30T15:00:01+00:00\",\"description\":\"O Minist\u00e9rio da Sa\u00fade confirmou a aquisi\u00e7\u00e3o de 1,8 milh\u00e3o de doses da vacina contra o v\u00edrus sincicial respirat\u00f3rio (VSR), respons\u00e1vel pela maior parte dos casos de bronquiolite\",\"inLanguage\":\"pt-BR\",\"potentialAction\":[{\"@type\":\"ReadAction\",\"target\":[\"https:\\\/\\\/redenoticiaz.com.br\\\/ribeiraopreto-regiao\\\/sp\\\/2025\\\/11\\\/30\\\/brasil-vai-iniciar-vacinacao-contra-virus-da-bronquiolite-no-sus-apos-compra-de-18-milhao-de-doses\"]}]},{\"@type\":\"ImageObject\",\"inLanguage\":\"pt-BR\",\"@id\":\"https:\\\/\\\/redenoticiaz.com.br\\\/ribeiraopreto-regiao\\\/sp\\\/2025\\\/11\\\/30\\\/brasil-vai-iniciar-vacinacao-contra-virus-da-bronquiolite-no-sus-apos-compra-de-18-milhao-de-doses#primaryimage\",\"url\":\"https:\\\/\\\/redenoticiaz.com.br\\\/ribeiraopreto-regiao\\\/wp-content\\\/uploads\\\/sites\\\/4\\\/2024\\\/12\\\/gravida.jpg?v=1620851767\",\"contentUrl\":\"https:\\\/\\\/redenoticiaz.com.br\\\/ribeiraopreto-regiao\\\/wp-content\\\/uploads\\\/sites\\\/4\\\/2024\\\/12\\\/gravida.jpg?v=1620851767\",\"width\":984,\"height\":656},{\"@type\":\"WebSite\",\"@id\":\"https:\\\/\\\/redenoticiaz.com.br\\\/ribeiraopreto-regiao\\\/#website\",\"url\":\"https:\\\/\\\/redenoticiaz.com.br\\\/ribeiraopreto-regiao\\\/\",\"name\":\"Ribeir\u00e3o Preto e Regi\u00e3o\",\"description\":\"Rede NoticiaZ - Ribeir\u00e3o Preto e regi\u00e3o\",\"publisher\":{\"@id\":\"https:\\\/\\\/redenoticiaz.com.br\\\/ribeiraopreto-regiao\\\/#organization\"},\"potentialAction\":[{\"@type\":\"SearchAction\",\"target\":{\"@type\":\"EntryPoint\",\"urlTemplate\":\"https:\\\/\\\/redenoticiaz.com.br\\\/ribeiraopreto-regiao\\\/?s={search_term_string}\"},\"query-input\":{\"@type\":\"PropertyValueSpecification\",\"valueRequired\":true,\"valueName\":\"search_term_string\"}}],\"inLanguage\":\"pt-BR\"},{\"@type\":\"Organization\",\"@id\":\"https:\\\/\\\/redenoticiaz.com.br\\\/ribeiraopreto-regiao\\\/#organization\",\"name\":\"Ribeir\u00e3o Preto e Regi\u00e3o\",\"url\":\"https:\\\/\\\/redenoticiaz.com.br\\\/ribeiraopreto-regiao\\\/\",\"logo\":{\"@type\":\"ImageObject\",\"inLanguage\":\"pt-BR\",\"@id\":\"https:\\\/\\\/redenoticiaz.com.br\\\/ribeiraopreto-regiao\\\/#\\\/schema\\\/logo\\\/image\\\/\",\"url\":\"https:\\\/\\\/redenoticiaz.com.br\\\/barretos-regiao\\\/wp-content\\\/uploads\\\/sites\\\/4\\\/2022\\\/02\\\/logo.jpg\",\"contentUrl\":\"https:\\\/\\\/redenoticiaz.com.br\\\/barretos-regiao\\\/wp-content\\\/uploads\\\/sites\\\/4\\\/2022\\\/02\\\/logo.jpg\",\"width\":400,\"height\":250,\"caption\":\"Ribeir\u00e3o Preto e Regi\u00e3o\"},\"image\":{\"@id\":\"https:\\\/\\\/redenoticiaz.com.br\\\/ribeiraopreto-regiao\\\/#\\\/schema\\\/logo\\\/image\\\/\"},\"sameAs\":[\"https:\\\/\\\/m.facebook.com\\\/redenoticiaz.barretos\",\"https:\\\/\\\/x.com\\\/RN_barretos\",\"https:\\\/\\\/www.instagram.com\\\/redenoticiaz.barretos\\\/?igshid=YmMyMTA2M2Y\",\"https:\\\/\\\/www.linkedin.com\\\/company\\\/rede-noticiaz-barretos-e-regio\\\/\"]},{\"@type\":\"Person\",\"@id\":\"https:\\\/\\\/redenoticiaz.com.br\\\/ribeiraopreto-regiao\\\/#\\\/schema\\\/person\\\/1f84d6e94e6a62d2d81199d7503e9e90\",\"name\":\"Carina Reifonas\",\"image\":{\"@type\":\"ImageObject\",\"inLanguage\":\"pt-BR\",\"@id\":\"https:\\\/\\\/secure.gravatar.com\\\/avatar\\\/04c59859b23696cf867715880f81d5c037e60109730bdb4e6670ec2a2245bc97?s=96&d=mm&r=g\",\"url\":\"https:\\\/\\\/secure.gravatar.com\\\/avatar\\\/04c59859b23696cf867715880f81d5c037e60109730bdb4e6670ec2a2245bc97?s=96&d=mm&r=g\",\"contentUrl\":\"https:\\\/\\\/secure.gravatar.com\\\/avatar\\\/04c59859b23696cf867715880f81d5c037e60109730bdb4e6670ec2a2245bc97?s=96&d=mm&r=g\",\"caption\":\"Carina Reifonas\"},\"url\":\"https:\\\/\\\/redenoticiaz.com.br\\\/ribeiraopreto-regiao\\\/sp\\\/author\\\/carinareifonas\"}]}<\/script>\n<!-- \/ Yoast SEO plugin. -->","yoast_head_json":{"title":"Brasil vai iniciar vacina\u00e7\u00e3o contra v\u00edrus da bronquiolite no SUS ap\u00f3s compra de 1,8 milh\u00e3o de doses - Ribeir\u00e3o Preto e Regi\u00e3o","description":"O Minist\u00e9rio da Sa\u00fade confirmou a aquisi\u00e7\u00e3o de 1,8 milh\u00e3o de doses da vacina contra o v\u00edrus sincicial respirat\u00f3rio (VSR), respons\u00e1vel pela maior parte dos casos de bronquiolite","robots":{"index":"index","follow":"follow","max-snippet":"max-snippet:-1","max-image-preview":"max-image-preview:large","max-video-preview":"max-video-preview:-1"},"canonical":"https:\/\/redenoticiaz.com.br\/ribeiraopreto-regiao\/sp\/2025\/11\/30\/brasil-vai-iniciar-vacinacao-contra-virus-da-bronquiolite-no-sus-apos-compra-de-18-milhao-de-doses","og_locale":"pt_BR","og_type":"article","og_title":"Brasil vai iniciar vacina\u00e7\u00e3o contra v\u00edrus da bronquiolite no SUS ap\u00f3s compra de 1,8 milh\u00e3o de doses - Ribeir\u00e3o Preto e Regi\u00e3o","og_description":"O Minist\u00e9rio da Sa\u00fade confirmou a aquisi\u00e7\u00e3o de 1,8 milh\u00e3o de doses da vacina contra o v\u00edrus sincicial respirat\u00f3rio (VSR), respons\u00e1vel pela maior parte dos casos de bronquiolite","og_url":"https:\/\/redenoticiaz.com.br\/ribeiraopreto-regiao\/sp\/2025\/11\/30\/brasil-vai-iniciar-vacinacao-contra-virus-da-bronquiolite-no-sus-apos-compra-de-18-milhao-de-doses","og_site_name":"Ribeir\u00e3o Preto e Regi\u00e3o","article_publisher":"https:\/\/m.facebook.com\/redenoticiaz.barretos","article_published_time":"2025-11-30T15:00:01+00:00","og_image":[{"width":984,"height":656,"url":"https:\/\/redenoticiaz.com.br\/ribeiraopreto-regiao\/wp-content\/uploads\/sites\/4\/2024\/12\/gravida.jpg?v=1620851767","type":"image\/jpeg"}],"author":"Carina Reifonas","twitter_card":"summary_large_image","twitter_creator":"@RN_barretos","twitter_site":"@RN_barretos","twitter_misc":{"Escrito por":"Carina Reifonas","Est. tempo de leitura":"2 minutos"},"schema":{"@context":"https:\/\/schema.org","@graph":[{"@type":"Article","@id":"https:\/\/redenoticiaz.com.br\/ribeiraopreto-regiao\/sp\/2025\/11\/30\/brasil-vai-iniciar-vacinacao-contra-virus-da-bronquiolite-no-sus-apos-compra-de-18-milhao-de-doses#article","isPartOf":{"@id":"https:\/\/redenoticiaz.com.br\/ribeiraopreto-regiao\/sp\/2025\/11\/30\/brasil-vai-iniciar-vacinacao-contra-virus-da-bronquiolite-no-sus-apos-compra-de-18-milhao-de-doses"},"author":{"name":"Carina Reifonas","@id":"https:\/\/redenoticiaz.com.br\/ribeiraopreto-regiao\/#\/schema\/person\/1f84d6e94e6a62d2d81199d7503e9e90"},"headline":"Brasil vai iniciar vacina\u00e7\u00e3o contra v\u00edrus da bronquiolite no SUS ap\u00f3s compra de 1,8 milh\u00e3o de doses","datePublished":"2025-11-30T15:00:01+00:00","mainEntityOfPage":{"@id":"https:\/\/redenoticiaz.com.br\/ribeiraopreto-regiao\/sp\/2025\/11\/30\/brasil-vai-iniciar-vacinacao-contra-virus-da-bronquiolite-no-sus-apos-compra-de-18-milhao-de-doses"},"wordCount":321,"commentCount":0,"publisher":{"@id":"https:\/\/redenoticiaz.com.br\/ribeiraopreto-regiao\/#organization"},"image":{"@id":"https:\/\/redenoticiaz.com.br\/ribeiraopreto-regiao\/sp\/2025\/11\/30\/brasil-vai-iniciar-vacinacao-contra-virus-da-bronquiolite-no-sus-apos-compra-de-18-milhao-de-doses#primaryimage"},"thumbnailUrl":"https:\/\/redenoticiaz.com.br\/ribeiraopreto-regiao\/wp-content\/uploads\/sites\/4\/2024\/12\/gravida.jpg?v=1620851767","keywords":["Bronquiolite","Minist\u00e9rio da Sa\u00fade","Vacine"],"articleSection":["Sa\u00fade"],"inLanguage":"pt-BR","potentialAction":[{"@type":"CommentAction","name":"Comment","target":["https:\/\/redenoticiaz.com.br\/ribeiraopreto-regiao\/sp\/2025\/11\/30\/brasil-vai-iniciar-vacinacao-contra-virus-da-bronquiolite-no-sus-apos-compra-de-18-milhao-de-doses#respond"]}]},{"@type":"WebPage","@id":"https:\/\/redenoticiaz.com.br\/ribeiraopreto-regiao\/sp\/2025\/11\/30\/brasil-vai-iniciar-vacinacao-contra-virus-da-bronquiolite-no-sus-apos-compra-de-18-milhao-de-doses","url":"https:\/\/redenoticiaz.com.br\/ribeiraopreto-regiao\/sp\/2025\/11\/30\/brasil-vai-iniciar-vacinacao-contra-virus-da-bronquiolite-no-sus-apos-compra-de-18-milhao-de-doses","name":"Brasil vai iniciar vacina\u00e7\u00e3o contra v\u00edrus da bronquiolite no SUS ap\u00f3s compra de 1,8 milh\u00e3o de doses - Ribeir\u00e3o Preto e Regi\u00e3o","isPartOf":{"@id":"https:\/\/redenoticiaz.com.br\/ribeiraopreto-regiao\/#website"},"primaryImageOfPage":{"@id":"https:\/\/redenoticiaz.com.br\/ribeiraopreto-regiao\/sp\/2025\/11\/30\/brasil-vai-iniciar-vacinacao-contra-virus-da-bronquiolite-no-sus-apos-compra-de-18-milhao-de-doses#primaryimage"},"image":{"@id":"https:\/\/redenoticiaz.com.br\/ribeiraopreto-regiao\/sp\/2025\/11\/30\/brasil-vai-iniciar-vacinacao-contra-virus-da-bronquiolite-no-sus-apos-compra-de-18-milhao-de-doses#primaryimage"},"thumbnailUrl":"https:\/\/redenoticiaz.com.br\/ribeiraopreto-regiao\/wp-content\/uploads\/sites\/4\/2024\/12\/gravida.jpg?v=1620851767","datePublished":"2025-11-30T15:00:01+00:00","description":"O Minist\u00e9rio da Sa\u00fade confirmou a aquisi\u00e7\u00e3o de 1,8 milh\u00e3o de doses da vacina contra o v\u00edrus sincicial respirat\u00f3rio (VSR), respons\u00e1vel pela maior parte dos casos de bronquiolite","inLanguage":"pt-BR","potentialAction":[{"@type":"ReadAction","target":["https:\/\/redenoticiaz.com.br\/ribeiraopreto-regiao\/sp\/2025\/11\/30\/brasil-vai-iniciar-vacinacao-contra-virus-da-bronquiolite-no-sus-apos-compra-de-18-milhao-de-doses"]}]},{"@type":"ImageObject","inLanguage":"pt-BR","@id":"https:\/\/redenoticiaz.com.br\/ribeiraopreto-regiao\/sp\/2025\/11\/30\/brasil-vai-iniciar-vacinacao-contra-virus-da-bronquiolite-no-sus-apos-compra-de-18-milhao-de-doses#primaryimage","url":"https:\/\/redenoticiaz.com.br\/ribeiraopreto-regiao\/wp-content\/uploads\/sites\/4\/2024\/12\/gravida.jpg?v=1620851767","contentUrl":"https:\/\/redenoticiaz.com.br\/ribeiraopreto-regiao\/wp-content\/uploads\/sites\/4\/2024\/12\/gravida.jpg?v=1620851767","width":984,"height":656},{"@type":"WebSite","@id":"https:\/\/redenoticiaz.com.br\/ribeiraopreto-regiao\/#website","url":"https:\/\/redenoticiaz.com.br\/ribeiraopreto-regiao\/","name":"Ribeir\u00e3o Preto e Regi\u00e3o","description":"Rede NoticiaZ - Ribeir\u00e3o Preto e regi\u00e3o","publisher":{"@id":"https:\/\/redenoticiaz.com.br\/ribeiraopreto-regiao\/#organization"},"potentialAction":[{"@type":"SearchAction","target":{"@type":"EntryPoint","urlTemplate":"https:\/\/redenoticiaz.com.br\/ribeiraopreto-regiao\/?s={search_term_string}"},"query-input":{"@type":"PropertyValueSpecification","valueRequired":true,"valueName":"search_term_string"}}],"inLanguage":"pt-BR"},{"@type":"Organization","@id":"https:\/\/redenoticiaz.com.br\/ribeiraopreto-regiao\/#organization","name":"Ribeir\u00e3o Preto e Regi\u00e3o","url":"https:\/\/redenoticiaz.com.br\/ribeiraopreto-regiao\/","logo":{"@type":"ImageObject","inLanguage":"pt-BR","@id":"https:\/\/redenoticiaz.com.br\/ribeiraopreto-regiao\/#\/schema\/logo\/image\/","url":"https:\/\/redenoticiaz.com.br\/barretos-regiao\/wp-content\/uploads\/sites\/4\/2022\/02\/logo.jpg","contentUrl":"https:\/\/redenoticiaz.com.br\/barretos-regiao\/wp-content\/uploads\/sites\/4\/2022\/02\/logo.jpg","width":400,"height":250,"caption":"Ribeir\u00e3o Preto e Regi\u00e3o"},"image":{"@id":"https:\/\/redenoticiaz.com.br\/ribeiraopreto-regiao\/#\/schema\/logo\/image\/"},"sameAs":["https:\/\/m.facebook.com\/redenoticiaz.barretos","https:\/\/x.com\/RN_barretos","https:\/\/www.instagram.com\/redenoticiaz.barretos\/?igshid=YmMyMTA2M2Y","https:\/\/www.linkedin.com\/company\/rede-noticiaz-barretos-e-regio\/"]},{"@type":"Person","@id":"https:\/\/redenoticiaz.com.br\/ribeiraopreto-regiao\/#\/schema\/person\/1f84d6e94e6a62d2d81199d7503e9e90","name":"Carina Reifonas","image":{"@type":"ImageObject","inLanguage":"pt-BR","@id":"https:\/\/secure.gravatar.com\/avatar\/04c59859b23696cf867715880f81d5c037e60109730bdb4e6670ec2a2245bc97?s=96&d=mm&r=g","url":"https:\/\/secure.gravatar.com\/avatar\/04c59859b23696cf867715880f81d5c037e60109730bdb4e6670ec2a2245bc97?s=96&d=mm&r=g","contentUrl":"https:\/\/secure.gravatar.com\/avatar\/04c59859b23696cf867715880f81d5c037e60109730bdb4e6670ec2a2245bc97?s=96&d=mm&r=g","caption":"Carina Reifonas"},"url":"https:\/\/redenoticiaz.com.br\/ribeiraopreto-regiao\/sp\/author\/carinareifonas"}]}},"_links":{"self":[{"href":"https:\/\/redenoticiaz.com.br\/ribeiraopreto-regiao\/wp-json\/wp\/v2\/posts\/120800","targetHints":{"allow":["GET"]}}],"collection":[{"href":"https:\/\/redenoticiaz.com.br\/ribeiraopreto-regiao\/wp-json\/wp\/v2\/posts"}],"about":[{"href":"https:\/\/redenoticiaz.com.br\/ribeiraopreto-regiao\/wp-json\/wp\/v2\/types\/post"}],"author":[{"embeddable":true,"href":"https:\/\/redenoticiaz.com.br\/ribeiraopreto-regiao\/wp-json\/wp\/v2\/users\/30"}],"replies":[{"embeddable":true,"href":"https:\/\/redenoticiaz.com.br\/ribeiraopreto-regiao\/wp-json\/wp\/v2\/comments?post=120800"}],"version-history":[{"count":1,"href":"https:\/\/redenoticiaz.com.br\/ribeiraopreto-regiao\/wp-json\/wp\/v2\/posts\/120800\/revisions"}],"predecessor-version":[{"id":120801,"href":"https:\/\/redenoticiaz.com.br\/ribeiraopreto-regiao\/wp-json\/wp\/v2\/posts\/120800\/revisions\/120801"}],"wp:featuredmedia":[{"embeddable":true,"href":"https:\/\/redenoticiaz.com.br\/ribeiraopreto-regiao\/wp-json\/wp\/v2\/media\/119697"}],"wp:attachment":[{"href":"https:\/\/redenoticiaz.com.br\/ribeiraopreto-regiao\/wp-json\/wp\/v2\/media?parent=120800"}],"wp:term":[{"taxonomy":"category","embeddable":true,"href":"https:\/\/redenoticiaz.com.br\/ribeiraopreto-regiao\/wp-json\/wp\/v2\/categories?post=120800"},{"taxonomy":"post_tag","embeddable":true,"href":"https:\/\/redenoticiaz.com.br\/ribeiraopreto-regiao\/wp-json\/wp\/v2\/tags?post=120800"}],"curies":[{"name":"wp","href":"https:\/\/api.w.org\/{rel}","templated":true}]}}