{"id":120811,"date":"2025-12-03T13:55:08","date_gmt":"2025-12-03T16:55:08","guid":{"rendered":"https:\/\/redenoticiaz.com.br\/barretos-regiao\/sp\/2025\/12\/03\/argentina-inicia-julgamento-de-extradicao-de-condenados-pelos-ataques-de-8-de-janeiro"},"modified":"2025-12-03T13:55:08","modified_gmt":"2025-12-03T16:55:08","slug":"argentina-inicia-julgamento-de-extradicao-de-condenados-pelos-ataques-de-8-de-janeiro","status":"publish","type":"post","link":"https:\/\/redenoticiaz.com.br\/ribeiraopreto-regiao\/sp\/2025\/12\/03\/argentina-inicia-julgamento-de-extradicao-de-condenados-pelos-ataques-de-8-de-janeiro","title":{"rendered":"Argentina inicia julgamento de extradi\u00e7\u00e3o de condenados pelos ataques de 8 de janeiro"},"content":{"rendered":"<p>A Justi\u00e7a Federal da Argentina inicia nesta quarta-feira (3) o processo que vai analisar o pedido de extradi\u00e7\u00e3o de cinco brasileiros condenados pelos ataques de 8 de janeiro de 2023. Todos receberam penas entre 13 e 17 anos de pris\u00e3o no Brasil e foram detidos em solo argentino no fim do ano passado, ap\u00f3s solicita\u00e7\u00e3o do ministro Alexandre de Moraes, do STF.<\/p>\n<p>O caso est\u00e1 sob responsabilidade do juiz Daniel Rafecas, do Tribunal Federal Criminal n\u00ba 3, que j\u00e1 expediu cerca de 60 mandados de pris\u00e3o contra foragidos do 8 de janeiro identificados no pa\u00eds. As ordens foram emitidas a partir dos pedidos de extradi\u00e7\u00e3o encaminhados ao governo de Javier Milei.<\/p>\n<p>Nesta ter\u00e7a-feira (2), mais uma deten\u00e7\u00e3o ocorreu: uma brasileira de 53 anos foi presa enquanto tentava fugir para o Paraguai. Com isso, avan\u00e7a o processo de localiza\u00e7\u00e3o e captura de condenados que deixaram o Brasil para evitar o cumprimento da pena.<\/p>\n<p>LEIA MAIS<\/p>\n<p><a href=\"https:\/\/redenoticiaz.com.br\/blog\/2025\/12\/03\/da-mata-a-prisao-suspeito-e-detido-com-sacola-cheia-de-droga\" target=\"_blank\" rel=\"noopener\">Da mata \u00e0 pris\u00e3o: suspeito \u00e9 detido com sacola cheia de droga<\/a><\/p>\n<p><a href=\"https:\/\/redenoticiaz.com.br\/blog\/2025\/12\/03\/coca-cola-anuncia-contratacoes-em-jundiai-confira-as-funcoes-abertas\" target=\"_blank\" rel=\"noopener\">Coca-Cola anuncia contrata\u00e7\u00f5es em Jundia\u00ed; confira as fun\u00e7\u00f5es abertas<\/a><\/p>\n<p>&nbsp;<\/p>\n<p>&nbsp;<\/p>\n<p>&nbsp;<\/p>\n","protected":false},"excerpt":{"rendered":"<p>A Justi\u00e7a Federal da Argentina inicia nesta quarta-feira (3) o processo que vai analisar o pedido de extradi\u00e7\u00e3o de cinco brasileiros condenados pelos ataques de 8 de janeiro de 2023. Todos receberam penas entre 13 e 17 anos de pris\u00e3o no Brasil e foram detidos em solo argentino no fim do ano passado, ap\u00f3s solicita\u00e7\u00e3o &hellip;<\/p>\n","protected":false},"author":30,"featured_media":120812,"comment_status":"open","ping_status":"closed","sticky":false,"template":"","format":"standard","meta":{"footnotes":""},"categories":[186],"tags":[],"class_list":["post-120811","post","type-post","status-publish","format-standard","has-post-thumbnail","hentry","category-politica"],"yoast_head":"<!-- This site is optimized with the Yoast SEO plugin v28.3 - https:\/\/yoast.com\/product\/yoast-seo-wordpress\/ -->\n<title>Argentina inicia julgamento de extradi\u00e7\u00e3o de condenados pelos ataques de 8 de janeiro - Ribeir\u00e3o Preto e Regi\u00e3o<\/title>\n<meta name=\"description\" content=\"A Justi\u00e7a Federal da Argentina inicia o processo que vai analisar o pedido de extradi\u00e7\u00e3o de cinco brasileiros condenados pelos ataques de 8 de janeiro\" \/>\n<meta name=\"robots\" content=\"index, follow, max-snippet:-1, max-image-preview:large, max-video-preview:-1\" \/>\n<link rel=\"canonical\" href=\"https:\/\/redenoticiaz.com.br\/ribeiraopreto-regiao\/sp\/2025\/12\/03\/argentina-inicia-julgamento-de-extradicao-de-condenados-pelos-ataques-de-8-de-janeiro\" \/>\n<meta property=\"og:locale\" content=\"pt_BR\" \/>\n<meta property=\"og:type\" content=\"article\" \/>\n<meta property=\"og:title\" content=\"Argentina inicia julgamento de extradi\u00e7\u00e3o de condenados pelos ataques de 8 de janeiro - Ribeir\u00e3o Preto e Regi\u00e3o\" \/>\n<meta property=\"og:description\" content=\"A Justi\u00e7a Federal da Argentina inicia o processo que vai analisar o pedido de extradi\u00e7\u00e3o de cinco brasileiros condenados pelos ataques de 8 de janeiro\" \/>\n<meta property=\"og:url\" content=\"https:\/\/redenoticiaz.com.br\/ribeiraopreto-regiao\/sp\/2025\/12\/03\/argentina-inicia-julgamento-de-extradicao-de-condenados-pelos-ataques-de-8-de-janeiro\" \/>\n<meta property=\"og:site_name\" content=\"Ribeir\u00e3o Preto e Regi\u00e3o\" \/>\n<meta property=\"article:publisher\" content=\"https:\/\/m.facebook.com\/redenoticiaz.barretos\" \/>\n<meta property=\"article:published_time\" content=\"2025-12-03T16:55:08+00:00\" \/>\n<meta property=\"og:image\" content=\"https:\/\/redenoticiaz.com.br\/ribeiraopreto-regiao\/wp-content\/uploads\/sites\/4\/2025\/12\/Captura-de-tela-2025-12-03-134523.jpg?v=1764780359\" \/>\n\t<meta property=\"og:image:width\" content=\"612\" \/>\n\t<meta property=\"og:image:height\" content=\"381\" \/>\n\t<meta property=\"og:image:type\" content=\"image\/jpeg\" \/>\n<meta name=\"author\" content=\"Carina Reifonas\" \/>\n<meta name=\"twitter:card\" content=\"summary_large_image\" \/>\n<meta name=\"twitter:creator\" content=\"@RN_barretos\" \/>\n<meta name=\"twitter:site\" content=\"@RN_barretos\" \/>\n<meta name=\"twitter:label1\" content=\"Escrito por\" \/>\n\t<meta name=\"twitter:data1\" content=\"Carina Reifonas\" \/>\n\t<meta name=\"twitter:label2\" content=\"Est. tempo de leitura\" \/>\n\t<meta name=\"twitter:data2\" content=\"2 minutos\" \/>\n<script type=\"application\/ld+json\" class=\"yoast-schema-graph\">{\"@context\":\"https:\\\/\\\/schema.org\",\"@graph\":[{\"@type\":\"Article\",\"@id\":\"https:\\\/\\\/redenoticiaz.com.br\\\/ribeiraopreto-regiao\\\/sp\\\/2025\\\/12\\\/03\\\/argentina-inicia-julgamento-de-extradicao-de-condenados-pelos-ataques-de-8-de-janeiro#article\",\"isPartOf\":{\"@id\":\"https:\\\/\\\/redenoticiaz.com.br\\\/ribeiraopreto-regiao\\\/sp\\\/2025\\\/12\\\/03\\\/argentina-inicia-julgamento-de-extradicao-de-condenados-pelos-ataques-de-8-de-janeiro\"},\"author\":{\"name\":\"Carina Reifonas\",\"@id\":\"https:\\\/\\\/redenoticiaz.com.br\\\/ribeiraopreto-regiao\\\/#\\\/schema\\\/person\\\/1f84d6e94e6a62d2d81199d7503e9e90\"},\"headline\":\"Argentina inicia julgamento de extradi\u00e7\u00e3o de condenados pelos ataques de 8 de janeiro\",\"datePublished\":\"2025-12-03T16:55:08+00:00\",\"mainEntityOfPage\":{\"@id\":\"https:\\\/\\\/redenoticiaz.com.br\\\/ribeiraopreto-regiao\\\/sp\\\/2025\\\/12\\\/03\\\/argentina-inicia-julgamento-de-extradicao-de-condenados-pelos-ataques-de-8-de-janeiro\"},\"wordCount\":194,\"commentCount\":0,\"publisher\":{\"@id\":\"https:\\\/\\\/redenoticiaz.com.br\\\/ribeiraopreto-regiao\\\/#organization\"},\"image\":{\"@id\":\"https:\\\/\\\/redenoticiaz.com.br\\\/ribeiraopreto-regiao\\\/sp\\\/2025\\\/12\\\/03\\\/argentina-inicia-julgamento-de-extradicao-de-condenados-pelos-ataques-de-8-de-janeiro#primaryimage\"},\"thumbnailUrl\":\"https:\\\/\\\/redenoticiaz.com.br\\\/ribeiraopreto-regiao\\\/wp-content\\\/uploads\\\/sites\\\/4\\\/2025\\\/12\\\/Captura-de-tela-2025-12-03-134523.jpg?v=1764780359\",\"articleSection\":[\"Pol\u00edtica\"],\"inLanguage\":\"pt-BR\",\"potentialAction\":[{\"@type\":\"CommentAction\",\"name\":\"Comment\",\"target\":[\"https:\\\/\\\/redenoticiaz.com.br\\\/ribeiraopreto-regiao\\\/sp\\\/2025\\\/12\\\/03\\\/argentina-inicia-julgamento-de-extradicao-de-condenados-pelos-ataques-de-8-de-janeiro#respond\"]}]},{\"@type\":\"WebPage\",\"@id\":\"https:\\\/\\\/redenoticiaz.com.br\\\/ribeiraopreto-regiao\\\/sp\\\/2025\\\/12\\\/03\\\/argentina-inicia-julgamento-de-extradicao-de-condenados-pelos-ataques-de-8-de-janeiro\",\"url\":\"https:\\\/\\\/redenoticiaz.com.br\\\/ribeiraopreto-regiao\\\/sp\\\/2025\\\/12\\\/03\\\/argentina-inicia-julgamento-de-extradicao-de-condenados-pelos-ataques-de-8-de-janeiro\",\"name\":\"Argentina inicia julgamento de extradi\u00e7\u00e3o de condenados pelos ataques de 8 de janeiro - Ribeir\u00e3o Preto e Regi\u00e3o\",\"isPartOf\":{\"@id\":\"https:\\\/\\\/redenoticiaz.com.br\\\/ribeiraopreto-regiao\\\/#website\"},\"primaryImageOfPage\":{\"@id\":\"https:\\\/\\\/redenoticiaz.com.br\\\/ribeiraopreto-regiao\\\/sp\\\/2025\\\/12\\\/03\\\/argentina-inicia-julgamento-de-extradicao-de-condenados-pelos-ataques-de-8-de-janeiro#primaryimage\"},\"image\":{\"@id\":\"https:\\\/\\\/redenoticiaz.com.br\\\/ribeiraopreto-regiao\\\/sp\\\/2025\\\/12\\\/03\\\/argentina-inicia-julgamento-de-extradicao-de-condenados-pelos-ataques-de-8-de-janeiro#primaryimage\"},\"thumbnailUrl\":\"https:\\\/\\\/redenoticiaz.com.br\\\/ribeiraopreto-regiao\\\/wp-content\\\/uploads\\\/sites\\\/4\\\/2025\\\/12\\\/Captura-de-tela-2025-12-03-134523.jpg?v=1764780359\",\"datePublished\":\"2025-12-03T16:55:08+00:00\",\"description\":\"A Justi\u00e7a Federal da Argentina inicia o processo que vai analisar o pedido de extradi\u00e7\u00e3o de cinco brasileiros condenados pelos ataques de 8 de janeiro\",\"inLanguage\":\"pt-BR\",\"potentialAction\":[{\"@type\":\"ReadAction\",\"target\":[\"https:\\\/\\\/redenoticiaz.com.br\\\/ribeiraopreto-regiao\\\/sp\\\/2025\\\/12\\\/03\\\/argentina-inicia-julgamento-de-extradicao-de-condenados-pelos-ataques-de-8-de-janeiro\"]}]},{\"@type\":\"ImageObject\",\"inLanguage\":\"pt-BR\",\"@id\":\"https:\\\/\\\/redenoticiaz.com.br\\\/ribeiraopreto-regiao\\\/sp\\\/2025\\\/12\\\/03\\\/argentina-inicia-julgamento-de-extradicao-de-condenados-pelos-ataques-de-8-de-janeiro#primaryimage\",\"url\":\"https:\\\/\\\/redenoticiaz.com.br\\\/ribeiraopreto-regiao\\\/wp-content\\\/uploads\\\/sites\\\/4\\\/2025\\\/12\\\/Captura-de-tela-2025-12-03-134523.jpg?v=1764780359\",\"contentUrl\":\"https:\\\/\\\/redenoticiaz.com.br\\\/ribeiraopreto-regiao\\\/wp-content\\\/uploads\\\/sites\\\/4\\\/2025\\\/12\\\/Captura-de-tela-2025-12-03-134523.jpg?v=1764780359\",\"width\":612,\"height\":381,\"caption\":\"Argentina inicia julgamento de extradi\u00e7\u00e3o de condenados pelos ataques de 8 de janeiro \u2014 Foto: Marcelo Camargo\\\/Ag\u00eancia Brasil\"},{\"@type\":\"WebSite\",\"@id\":\"https:\\\/\\\/redenoticiaz.com.br\\\/ribeiraopreto-regiao\\\/#website\",\"url\":\"https:\\\/\\\/redenoticiaz.com.br\\\/ribeiraopreto-regiao\\\/\",\"name\":\"Ribeir\u00e3o Preto e Regi\u00e3o\",\"description\":\"Rede NoticiaZ - Ribeir\u00e3o Preto e regi\u00e3o\",\"publisher\":{\"@id\":\"https:\\\/\\\/redenoticiaz.com.br\\\/ribeiraopreto-regiao\\\/#organization\"},\"potentialAction\":[{\"@type\":\"SearchAction\",\"target\":{\"@type\":\"EntryPoint\",\"urlTemplate\":\"https:\\\/\\\/redenoticiaz.com.br\\\/ribeiraopreto-regiao\\\/?s={search_term_string}\"},\"query-input\":{\"@type\":\"PropertyValueSpecification\",\"valueRequired\":true,\"valueName\":\"search_term_string\"}}],\"inLanguage\":\"pt-BR\"},{\"@type\":\"Organization\",\"@id\":\"https:\\\/\\\/redenoticiaz.com.br\\\/ribeiraopreto-regiao\\\/#organization\",\"name\":\"Ribeir\u00e3o Preto e Regi\u00e3o\",\"url\":\"https:\\\/\\\/redenoticiaz.com.br\\\/ribeiraopreto-regiao\\\/\",\"logo\":{\"@type\":\"ImageObject\",\"inLanguage\":\"pt-BR\",\"@id\":\"https:\\\/\\\/redenoticiaz.com.br\\\/ribeiraopreto-regiao\\\/#\\\/schema\\\/logo\\\/image\\\/\",\"url\":\"https:\\\/\\\/redenoticiaz.com.br\\\/barretos-regiao\\\/wp-content\\\/uploads\\\/sites\\\/4\\\/2022\\\/02\\\/logo.jpg\",\"contentUrl\":\"https:\\\/\\\/redenoticiaz.com.br\\\/barretos-regiao\\\/wp-content\\\/uploads\\\/sites\\\/4\\\/2022\\\/02\\\/logo.jpg\",\"width\":400,\"height\":250,\"caption\":\"Ribeir\u00e3o Preto e Regi\u00e3o\"},\"image\":{\"@id\":\"https:\\\/\\\/redenoticiaz.com.br\\\/ribeiraopreto-regiao\\\/#\\\/schema\\\/logo\\\/image\\\/\"},\"sameAs\":[\"https:\\\/\\\/m.facebook.com\\\/redenoticiaz.barretos\",\"https:\\\/\\\/x.com\\\/RN_barretos\",\"https:\\\/\\\/www.instagram.com\\\/redenoticiaz.barretos\\\/?igshid=YmMyMTA2M2Y\",\"https:\\\/\\\/www.linkedin.com\\\/company\\\/rede-noticiaz-barretos-e-regio\\\/\"]},{\"@type\":\"Person\",\"@id\":\"https:\\\/\\\/redenoticiaz.com.br\\\/ribeiraopreto-regiao\\\/#\\\/schema\\\/person\\\/1f84d6e94e6a62d2d81199d7503e9e90\",\"name\":\"Carina Reifonas\",\"image\":{\"@type\":\"ImageObject\",\"inLanguage\":\"pt-BR\",\"@id\":\"https:\\\/\\\/secure.gravatar.com\\\/avatar\\\/04c59859b23696cf867715880f81d5c037e60109730bdb4e6670ec2a2245bc97?s=96&d=mm&r=g\",\"url\":\"https:\\\/\\\/secure.gravatar.com\\\/avatar\\\/04c59859b23696cf867715880f81d5c037e60109730bdb4e6670ec2a2245bc97?s=96&d=mm&r=g\",\"contentUrl\":\"https:\\\/\\\/secure.gravatar.com\\\/avatar\\\/04c59859b23696cf867715880f81d5c037e60109730bdb4e6670ec2a2245bc97?s=96&d=mm&r=g\",\"caption\":\"Carina Reifonas\"},\"url\":\"https:\\\/\\\/redenoticiaz.com.br\\\/ribeiraopreto-regiao\\\/sp\\\/author\\\/carinareifonas\"}]}<\/script>\n<!-- \/ Yoast SEO plugin. -->","yoast_head_json":{"title":"Argentina inicia julgamento de extradi\u00e7\u00e3o de condenados pelos ataques de 8 de janeiro - Ribeir\u00e3o Preto e Regi\u00e3o","description":"A Justi\u00e7a Federal da Argentina inicia o processo que vai analisar o pedido de extradi\u00e7\u00e3o de cinco brasileiros condenados pelos ataques de 8 de janeiro","robots":{"index":"index","follow":"follow","max-snippet":"max-snippet:-1","max-image-preview":"max-image-preview:large","max-video-preview":"max-video-preview:-1"},"canonical":"https:\/\/redenoticiaz.com.br\/ribeiraopreto-regiao\/sp\/2025\/12\/03\/argentina-inicia-julgamento-de-extradicao-de-condenados-pelos-ataques-de-8-de-janeiro","og_locale":"pt_BR","og_type":"article","og_title":"Argentina inicia julgamento de extradi\u00e7\u00e3o de condenados pelos ataques de 8 de janeiro - Ribeir\u00e3o Preto e Regi\u00e3o","og_description":"A Justi\u00e7a Federal da Argentina inicia o processo que vai analisar o pedido de extradi\u00e7\u00e3o de cinco brasileiros condenados pelos ataques de 8 de janeiro","og_url":"https:\/\/redenoticiaz.com.br\/ribeiraopreto-regiao\/sp\/2025\/12\/03\/argentina-inicia-julgamento-de-extradicao-de-condenados-pelos-ataques-de-8-de-janeiro","og_site_name":"Ribeir\u00e3o Preto e Regi\u00e3o","article_publisher":"https:\/\/m.facebook.com\/redenoticiaz.barretos","article_published_time":"2025-12-03T16:55:08+00:00","og_image":[{"width":612,"height":381,"url":"https:\/\/redenoticiaz.com.br\/ribeiraopreto-regiao\/wp-content\/uploads\/sites\/4\/2025\/12\/Captura-de-tela-2025-12-03-134523.jpg?v=1764780359","type":"image\/jpeg"}],"author":"Carina Reifonas","twitter_card":"summary_large_image","twitter_creator":"@RN_barretos","twitter_site":"@RN_barretos","twitter_misc":{"Escrito por":"Carina Reifonas","Est. tempo de leitura":"2 minutos"},"schema":{"@context":"https:\/\/schema.org","@graph":[{"@type":"Article","@id":"https:\/\/redenoticiaz.com.br\/ribeiraopreto-regiao\/sp\/2025\/12\/03\/argentina-inicia-julgamento-de-extradicao-de-condenados-pelos-ataques-de-8-de-janeiro#article","isPartOf":{"@id":"https:\/\/redenoticiaz.com.br\/ribeiraopreto-regiao\/sp\/2025\/12\/03\/argentina-inicia-julgamento-de-extradicao-de-condenados-pelos-ataques-de-8-de-janeiro"},"author":{"name":"Carina Reifonas","@id":"https:\/\/redenoticiaz.com.br\/ribeiraopreto-regiao\/#\/schema\/person\/1f84d6e94e6a62d2d81199d7503e9e90"},"headline":"Argentina inicia julgamento de extradi\u00e7\u00e3o de condenados pelos ataques de 8 de janeiro","datePublished":"2025-12-03T16:55:08+00:00","mainEntityOfPage":{"@id":"https:\/\/redenoticiaz.com.br\/ribeiraopreto-regiao\/sp\/2025\/12\/03\/argentina-inicia-julgamento-de-extradicao-de-condenados-pelos-ataques-de-8-de-janeiro"},"wordCount":194,"commentCount":0,"publisher":{"@id":"https:\/\/redenoticiaz.com.br\/ribeiraopreto-regiao\/#organization"},"image":{"@id":"https:\/\/redenoticiaz.com.br\/ribeiraopreto-regiao\/sp\/2025\/12\/03\/argentina-inicia-julgamento-de-extradicao-de-condenados-pelos-ataques-de-8-de-janeiro#primaryimage"},"thumbnailUrl":"https:\/\/redenoticiaz.com.br\/ribeiraopreto-regiao\/wp-content\/uploads\/sites\/4\/2025\/12\/Captura-de-tela-2025-12-03-134523.jpg?v=1764780359","articleSection":["Pol\u00edtica"],"inLanguage":"pt-BR","potentialAction":[{"@type":"CommentAction","name":"Comment","target":["https:\/\/redenoticiaz.com.br\/ribeiraopreto-regiao\/sp\/2025\/12\/03\/argentina-inicia-julgamento-de-extradicao-de-condenados-pelos-ataques-de-8-de-janeiro#respond"]}]},{"@type":"WebPage","@id":"https:\/\/redenoticiaz.com.br\/ribeiraopreto-regiao\/sp\/2025\/12\/03\/argentina-inicia-julgamento-de-extradicao-de-condenados-pelos-ataques-de-8-de-janeiro","url":"https:\/\/redenoticiaz.com.br\/ribeiraopreto-regiao\/sp\/2025\/12\/03\/argentina-inicia-julgamento-de-extradicao-de-condenados-pelos-ataques-de-8-de-janeiro","name":"Argentina inicia julgamento de extradi\u00e7\u00e3o de condenados pelos ataques de 8 de janeiro - Ribeir\u00e3o Preto e Regi\u00e3o","isPartOf":{"@id":"https:\/\/redenoticiaz.com.br\/ribeiraopreto-regiao\/#website"},"primaryImageOfPage":{"@id":"https:\/\/redenoticiaz.com.br\/ribeiraopreto-regiao\/sp\/2025\/12\/03\/argentina-inicia-julgamento-de-extradicao-de-condenados-pelos-ataques-de-8-de-janeiro#primaryimage"},"image":{"@id":"https:\/\/redenoticiaz.com.br\/ribeiraopreto-regiao\/sp\/2025\/12\/03\/argentina-inicia-julgamento-de-extradicao-de-condenados-pelos-ataques-de-8-de-janeiro#primaryimage"},"thumbnailUrl":"https:\/\/redenoticiaz.com.br\/ribeiraopreto-regiao\/wp-content\/uploads\/sites\/4\/2025\/12\/Captura-de-tela-2025-12-03-134523.jpg?v=1764780359","datePublished":"2025-12-03T16:55:08+00:00","description":"A Justi\u00e7a Federal da Argentina inicia o processo que vai analisar o pedido de extradi\u00e7\u00e3o de cinco brasileiros condenados pelos ataques de 8 de janeiro","inLanguage":"pt-BR","potentialAction":[{"@type":"ReadAction","target":["https:\/\/redenoticiaz.com.br\/ribeiraopreto-regiao\/sp\/2025\/12\/03\/argentina-inicia-julgamento-de-extradicao-de-condenados-pelos-ataques-de-8-de-janeiro"]}]},{"@type":"ImageObject","inLanguage":"pt-BR","@id":"https:\/\/redenoticiaz.com.br\/ribeiraopreto-regiao\/sp\/2025\/12\/03\/argentina-inicia-julgamento-de-extradicao-de-condenados-pelos-ataques-de-8-de-janeiro#primaryimage","url":"https:\/\/redenoticiaz.com.br\/ribeiraopreto-regiao\/wp-content\/uploads\/sites\/4\/2025\/12\/Captura-de-tela-2025-12-03-134523.jpg?v=1764780359","contentUrl":"https:\/\/redenoticiaz.com.br\/ribeiraopreto-regiao\/wp-content\/uploads\/sites\/4\/2025\/12\/Captura-de-tela-2025-12-03-134523.jpg?v=1764780359","width":612,"height":381,"caption":"Argentina inicia julgamento de extradi\u00e7\u00e3o de condenados pelos ataques de 8 de janeiro \u2014 Foto: Marcelo Camargo\/Ag\u00eancia Brasil"},{"@type":"WebSite","@id":"https:\/\/redenoticiaz.com.br\/ribeiraopreto-regiao\/#website","url":"https:\/\/redenoticiaz.com.br\/ribeiraopreto-regiao\/","name":"Ribeir\u00e3o Preto e Regi\u00e3o","description":"Rede NoticiaZ - Ribeir\u00e3o Preto e regi\u00e3o","publisher":{"@id":"https:\/\/redenoticiaz.com.br\/ribeiraopreto-regiao\/#organization"},"potentialAction":[{"@type":"SearchAction","target":{"@type":"EntryPoint","urlTemplate":"https:\/\/redenoticiaz.com.br\/ribeiraopreto-regiao\/?s={search_term_string}"},"query-input":{"@type":"PropertyValueSpecification","valueRequired":true,"valueName":"search_term_string"}}],"inLanguage":"pt-BR"},{"@type":"Organization","@id":"https:\/\/redenoticiaz.com.br\/ribeiraopreto-regiao\/#organization","name":"Ribeir\u00e3o Preto e Regi\u00e3o","url":"https:\/\/redenoticiaz.com.br\/ribeiraopreto-regiao\/","logo":{"@type":"ImageObject","inLanguage":"pt-BR","@id":"https:\/\/redenoticiaz.com.br\/ribeiraopreto-regiao\/#\/schema\/logo\/image\/","url":"https:\/\/redenoticiaz.com.br\/barretos-regiao\/wp-content\/uploads\/sites\/4\/2022\/02\/logo.jpg","contentUrl":"https:\/\/redenoticiaz.com.br\/barretos-regiao\/wp-content\/uploads\/sites\/4\/2022\/02\/logo.jpg","width":400,"height":250,"caption":"Ribeir\u00e3o Preto e Regi\u00e3o"},"image":{"@id":"https:\/\/redenoticiaz.com.br\/ribeiraopreto-regiao\/#\/schema\/logo\/image\/"},"sameAs":["https:\/\/m.facebook.com\/redenoticiaz.barretos","https:\/\/x.com\/RN_barretos","https:\/\/www.instagram.com\/redenoticiaz.barretos\/?igshid=YmMyMTA2M2Y","https:\/\/www.linkedin.com\/company\/rede-noticiaz-barretos-e-regio\/"]},{"@type":"Person","@id":"https:\/\/redenoticiaz.com.br\/ribeiraopreto-regiao\/#\/schema\/person\/1f84d6e94e6a62d2d81199d7503e9e90","name":"Carina Reifonas","image":{"@type":"ImageObject","inLanguage":"pt-BR","@id":"https:\/\/secure.gravatar.com\/avatar\/04c59859b23696cf867715880f81d5c037e60109730bdb4e6670ec2a2245bc97?s=96&d=mm&r=g","url":"https:\/\/secure.gravatar.com\/avatar\/04c59859b23696cf867715880f81d5c037e60109730bdb4e6670ec2a2245bc97?s=96&d=mm&r=g","contentUrl":"https:\/\/secure.gravatar.com\/avatar\/04c59859b23696cf867715880f81d5c037e60109730bdb4e6670ec2a2245bc97?s=96&d=mm&r=g","caption":"Carina Reifonas"},"url":"https:\/\/redenoticiaz.com.br\/ribeiraopreto-regiao\/sp\/author\/carinareifonas"}]}},"_links":{"self":[{"href":"https:\/\/redenoticiaz.com.br\/ribeiraopreto-regiao\/wp-json\/wp\/v2\/posts\/120811","targetHints":{"allow":["GET"]}}],"collection":[{"href":"https:\/\/redenoticiaz.com.br\/ribeiraopreto-regiao\/wp-json\/wp\/v2\/posts"}],"about":[{"href":"https:\/\/redenoticiaz.com.br\/ribeiraopreto-regiao\/wp-json\/wp\/v2\/types\/post"}],"author":[{"embeddable":true,"href":"https:\/\/redenoticiaz.com.br\/ribeiraopreto-regiao\/wp-json\/wp\/v2\/users\/30"}],"replies":[{"embeddable":true,"href":"https:\/\/redenoticiaz.com.br\/ribeiraopreto-regiao\/wp-json\/wp\/v2\/comments?post=120811"}],"version-history":[{"count":1,"href":"https:\/\/redenoticiaz.com.br\/ribeiraopreto-regiao\/wp-json\/wp\/v2\/posts\/120811\/revisions"}],"predecessor-version":[{"id":120813,"href":"https:\/\/redenoticiaz.com.br\/ribeiraopreto-regiao\/wp-json\/wp\/v2\/posts\/120811\/revisions\/120813"}],"wp:featuredmedia":[{"embeddable":true,"href":"https:\/\/redenoticiaz.com.br\/ribeiraopreto-regiao\/wp-json\/wp\/v2\/media\/120812"}],"wp:attachment":[{"href":"https:\/\/redenoticiaz.com.br\/ribeiraopreto-regiao\/wp-json\/wp\/v2\/media?parent=120811"}],"wp:term":[{"taxonomy":"category","embeddable":true,"href":"https:\/\/redenoticiaz.com.br\/ribeiraopreto-regiao\/wp-json\/wp\/v2\/categories?post=120811"},{"taxonomy":"post_tag","embeddable":true,"href":"https:\/\/redenoticiaz.com.br\/ribeiraopreto-regiao\/wp-json\/wp\/v2\/tags?post=120811"}],"curies":[{"name":"wp","href":"https:\/\/api.w.org\/{rel}","templated":true}]}}