{"id":120883,"date":"2025-12-11T14:10:09","date_gmt":"2025-12-11T17:10:09","guid":{"rendered":"https:\/\/redenoticiaz.com.br\/barretos-regiao\/sp\/2025\/12\/11\/empresa-em-sao-paulo-abre-vaga-na-area-financeira-com-salario-de-r-4-mil-e-modelo-hibrido"},"modified":"2025-12-11T14:10:09","modified_gmt":"2025-12-11T17:10:09","slug":"empresa-em-sao-paulo-abre-vaga-na-area-financeira-com-salario-de-r-4-mil-e-modelo-hibrido","status":"publish","type":"post","link":"https:\/\/redenoticiaz.com.br\/ribeiraopreto-regiao\/sp\/2025\/12\/11\/empresa-em-sao-paulo-abre-vaga-na-area-financeira-com-salario-de-r-4-mil-e-modelo-hibrido","title":{"rendered":"Empresa em S\u00e3o Paulo abre vaga na \u00e1rea financeira com sal\u00e1rio de R$ 4 mil e modelo h\u00edbrido"},"content":{"rendered":"<p>Uma empresa localizada na Rua Pamplona, em S\u00e3o Paulo, est\u00e1 com oportunidade aberta para profissionais da \u00e1rea financeira. A contrata\u00e7\u00e3o ser\u00e1 em regime CLT, com sal\u00e1rio de R$ 4.000 e modelo de trabalho h\u00edbrido \u2014 tr\u00eas dias presenciais e dois remotos.<\/p>\n<p>O processo seletivo \u00e9 conduzido pela consultoria Conex\u00e3o Talento, especializada em recrutamento e desenvolvimento organizacional.<\/p>\n<h3><strong>Atividades da fun\u00e7\u00e3o<\/strong><\/h3>\n<p><strong>O profissional selecionado ser\u00e1 respons\u00e1vel por:<\/strong><\/p>\n<ul>\n<li>Realizar baixas manuais e autom\u00e1ticas de recebimentos via transfer\u00eancia, cart\u00e3o e PIX;<\/li>\n<li>Efetuar concilia\u00e7\u00f5es banc\u00e1rias di\u00e1rias e conferir o plano de contas;<\/li>\n<li>Controlar e conciliar contas cont\u00e1beis no fechamento mensal;<\/li>\n<li>Emitir relat\u00f3rios de inadimpl\u00eancia e cobran\u00e7a;<\/li>\n<li>Atuar em processos envolvendo adquirentes e conciliadoras de cart\u00e3o, como Cielo e Getnet.<\/li>\n<\/ul>\n<h3><strong>Requisitos<\/strong><\/h3>\n<p><strong>Para concorrer \u00e0 vaga, \u00e9 necess\u00e1rio:<\/strong><\/p>\n<ul>\n<li>Forma\u00e7\u00e3o superior em Administra\u00e7\u00e3o, Ci\u00eancias Cont\u00e1beis, Economia, Gest\u00e3o Financeira, Engenharia de Produ\u00e7\u00e3o ou \u00e1reas afins;<\/li>\n<li>Experi\u00eancia na \u00e1rea financeira e em contas a receber;<\/li>\n<li>Viv\u00eancia com concilia\u00e7\u00e3o banc\u00e1ria e fechamento mensal;<\/li>\n<li>Excel avan\u00e7ado (f\u00f3rmulas, tabelas din\u00e2micas e consolida\u00e7\u00e3o de dados);<\/li>\n<li>Organiza\u00e7\u00e3o, responsabilidade e boa comunica\u00e7\u00e3o;<\/li>\n<li>Conhecimento em processos de adquirentes e conciliadoras de cart\u00f5es.<\/li>\n<li>Como diferencial, a empresa considera positivo o conhecimento em SAP Business One (SAP B1) e participa\u00e7\u00e3o em projetos de implanta\u00e7\u00e3o de sistemas.<\/li>\n<\/ul>\n<h3><strong>Benef\u00edcios<\/strong><\/h3>\n<p><strong>O pacote de benef\u00edcios inclui:<\/strong><\/p>\n<ul>\n<li>Plano de Sa\u00fade e Odontol\u00f3gico Bradesco, extensivo a dependentes;<\/li>\n<li>Vale-refei\u00e7\u00e3o de R$ 48 por dia;<\/li>\n<li>Aux\u00edlio home office de R$ 300;<\/li>\n<li>Seguro de vida.<\/li>\n<li>A jornada \u00e9 de segunda a sexta-feira, das 9h \u00e0s 18h.<\/li>\n<\/ul>\n<p><strong>Contrata\u00e7\u00e3o<\/strong><\/p>\n<p>A Conex\u00e3o Talento refor\u00e7a que atua intermediando o di\u00e1logo entre <a href=\"https:\/\/conexaotalento.gupy.io\/\">candidatos e diversas empresas clientes, e destaca que cada vaga possui condi\u00e7\u00f5es espec\u00edficas de contrata\u00e7\u00e3o.\u00a0<\/a><\/p>\n<p>LEIA MAIS<\/p>\n<p><a href=\"https:\/\/redenoticiaz.com.br\/blog\/2025\/12\/11\/video-festa-da-uva-2026-da-largada-aos-preparativos-em-jundiai\" target=\"_blank\" rel=\"noopener\">Caminh\u00e3o quebra e trava tr\u00e2nsito na D. Pedro I em Itatiba<\/a><\/p>\n<p><a href=\"https:\/\/redenoticiaz.com.br\/blog\/2025\/12\/11\/caso-rei-do-morango-chega-ao-3o-dia-de-julgamento\" target=\"_blank\" rel=\"noopener\">Caso \u201crei do morango\u201d chega ao 3\u00ba dia de julgamento<\/a><\/p>\n<p>&nbsp;<\/p>\n","protected":false},"excerpt":{"rendered":"<p>Uma empresa localizada na Rua Pamplona, em S\u00e3o Paulo, est\u00e1 com oportunidade aberta para profissionais da \u00e1rea financeira. A contrata\u00e7\u00e3o ser\u00e1 em regime CLT, com sal\u00e1rio de R$ 4.000 e modelo de trabalho h\u00edbrido \u2014 tr\u00eas dias presenciais e dois remotos. O processo seletivo \u00e9 conduzido pela consultoria Conex\u00e3o Talento, especializada em recrutamento e desenvolvimento &hellip;<\/p>\n","protected":false},"author":30,"featured_media":111973,"comment_status":"open","ping_status":"closed","sticky":false,"template":"","format":"standard","meta":{"footnotes":""},"categories":[29902],"tags":[14928,157,19364],"class_list":["post-120883","post","type-post","status-publish","format-standard","has-post-thumbnail","hentry","category-emprego","tag-empresa","tag-sao-paulo","tag-vaga"],"yoast_head":"<!-- This site is optimized with the Yoast SEO plugin v27.4 - https:\/\/yoast.com\/product\/yoast-seo-wordpress\/ -->\n<title>Empresa em S\u00e3o Paulo abre vaga na \u00e1rea financeira com sal\u00e1rio de R$ 4 mil e modelo h\u00edbrido - Ribeir\u00e3o Preto e Regi\u00e3o<\/title>\n<meta name=\"description\" content=\"Uma empresa localizada na Rua Pamplona, em S\u00e3o Paulo, est\u00e1 com oportunidade aberta para profissionais da \u00e1rea financeira.\" \/>\n<meta name=\"robots\" content=\"index, follow, max-snippet:-1, max-image-preview:large, max-video-preview:-1\" \/>\n<link rel=\"canonical\" href=\"https:\/\/redenoticiaz.com.br\/ribeiraopreto-regiao\/sp\/2025\/12\/11\/empresa-em-sao-paulo-abre-vaga-na-area-financeira-com-salario-de-r-4-mil-e-modelo-hibrido\" \/>\n<meta property=\"og:locale\" content=\"pt_BR\" \/>\n<meta property=\"og:type\" content=\"article\" \/>\n<meta property=\"og:title\" content=\"Empresa em S\u00e3o Paulo abre vaga na \u00e1rea financeira com sal\u00e1rio de R$ 4 mil e modelo h\u00edbrido - Ribeir\u00e3o Preto e Regi\u00e3o\" \/>\n<meta property=\"og:description\" content=\"Uma empresa localizada na Rua Pamplona, em S\u00e3o Paulo, est\u00e1 com oportunidade aberta para profissionais da \u00e1rea financeira.\" \/>\n<meta property=\"og:url\" content=\"https:\/\/redenoticiaz.com.br\/ribeiraopreto-regiao\/sp\/2025\/12\/11\/empresa-em-sao-paulo-abre-vaga-na-area-financeira-com-salario-de-r-4-mil-e-modelo-hibrido\" \/>\n<meta property=\"og:site_name\" content=\"Ribeir\u00e3o Preto e Regi\u00e3o\" \/>\n<meta property=\"article:publisher\" content=\"https:\/\/m.facebook.com\/redenoticiaz.barretos\" \/>\n<meta property=\"article:published_time\" content=\"2025-12-11T17:10:09+00:00\" \/>\n<meta property=\"og:image\" content=\"https:\/\/redenoticiaz.com.br\/ribeiraopreto-regiao\/wp-content\/uploads\/sites\/4\/2023\/10\/carteira-de-trabalho.jpg?v=1698266077\" \/>\n\t<meta property=\"og:image:width\" content=\"1640\" \/>\n\t<meta property=\"og:image:height\" content=\"924\" \/>\n\t<meta property=\"og:image:type\" content=\"image\/jpeg\" \/>\n<meta name=\"author\" content=\"Carina Reifonas\" \/>\n<meta name=\"twitter:card\" content=\"summary_large_image\" \/>\n<meta name=\"twitter:creator\" content=\"@RN_barretos\" \/>\n<meta name=\"twitter:site\" content=\"@RN_barretos\" \/>\n<meta name=\"twitter:label1\" content=\"Escrito por\" \/>\n\t<meta name=\"twitter:data1\" content=\"Carina Reifonas\" \/>\n\t<meta name=\"twitter:label2\" content=\"Est. tempo de leitura\" \/>\n\t<meta name=\"twitter:data2\" content=\"2 minutos\" \/>\n<script type=\"application\/ld+json\" class=\"yoast-schema-graph\">{\"@context\":\"https:\\\/\\\/schema.org\",\"@graph\":[{\"@type\":\"Article\",\"@id\":\"https:\\\/\\\/redenoticiaz.com.br\\\/ribeiraopreto-regiao\\\/sp\\\/2025\\\/12\\\/11\\\/empresa-em-sao-paulo-abre-vaga-na-area-financeira-com-salario-de-r-4-mil-e-modelo-hibrido#article\",\"isPartOf\":{\"@id\":\"https:\\\/\\\/redenoticiaz.com.br\\\/ribeiraopreto-regiao\\\/sp\\\/2025\\\/12\\\/11\\\/empresa-em-sao-paulo-abre-vaga-na-area-financeira-com-salario-de-r-4-mil-e-modelo-hibrido\"},\"author\":{\"name\":\"Carina Reifonas\",\"@id\":\"https:\\\/\\\/redenoticiaz.com.br\\\/ribeiraopreto-regiao\\\/#\\\/schema\\\/person\\\/1f84d6e94e6a62d2d81199d7503e9e90\"},\"headline\":\"Empresa em S\u00e3o Paulo abre vaga na \u00e1rea financeira com sal\u00e1rio de R$ 4 mil e modelo h\u00edbrido\",\"datePublished\":\"2025-12-11T17:10:09+00:00\",\"mainEntityOfPage\":{\"@id\":\"https:\\\/\\\/redenoticiaz.com.br\\\/ribeiraopreto-regiao\\\/sp\\\/2025\\\/12\\\/11\\\/empresa-em-sao-paulo-abre-vaga-na-area-financeira-com-salario-de-r-4-mil-e-modelo-hibrido\"},\"wordCount\":353,\"commentCount\":0,\"publisher\":{\"@id\":\"https:\\\/\\\/redenoticiaz.com.br\\\/ribeiraopreto-regiao\\\/#organization\"},\"image\":{\"@id\":\"https:\\\/\\\/redenoticiaz.com.br\\\/ribeiraopreto-regiao\\\/sp\\\/2025\\\/12\\\/11\\\/empresa-em-sao-paulo-abre-vaga-na-area-financeira-com-salario-de-r-4-mil-e-modelo-hibrido#primaryimage\"},\"thumbnailUrl\":\"https:\\\/\\\/redenoticiaz.com.br\\\/ribeiraopreto-regiao\\\/wp-content\\\/uploads\\\/sites\\\/4\\\/2023\\\/10\\\/carteira-de-trabalho.jpg?v=1698266077\",\"keywords\":[\"EMPRESA\",\"S\u00e3o Paulo\",\"VAGA\"],\"articleSection\":[\"Emprego\"],\"inLanguage\":\"pt-BR\",\"potentialAction\":[{\"@type\":\"CommentAction\",\"name\":\"Comment\",\"target\":[\"https:\\\/\\\/redenoticiaz.com.br\\\/ribeiraopreto-regiao\\\/sp\\\/2025\\\/12\\\/11\\\/empresa-em-sao-paulo-abre-vaga-na-area-financeira-com-salario-de-r-4-mil-e-modelo-hibrido#respond\"]}]},{\"@type\":\"WebPage\",\"@id\":\"https:\\\/\\\/redenoticiaz.com.br\\\/ribeiraopreto-regiao\\\/sp\\\/2025\\\/12\\\/11\\\/empresa-em-sao-paulo-abre-vaga-na-area-financeira-com-salario-de-r-4-mil-e-modelo-hibrido\",\"url\":\"https:\\\/\\\/redenoticiaz.com.br\\\/ribeiraopreto-regiao\\\/sp\\\/2025\\\/12\\\/11\\\/empresa-em-sao-paulo-abre-vaga-na-area-financeira-com-salario-de-r-4-mil-e-modelo-hibrido\",\"name\":\"Empresa em S\u00e3o Paulo abre vaga na \u00e1rea financeira com sal\u00e1rio de R$ 4 mil e modelo h\u00edbrido - Ribeir\u00e3o Preto e Regi\u00e3o\",\"isPartOf\":{\"@id\":\"https:\\\/\\\/redenoticiaz.com.br\\\/ribeiraopreto-regiao\\\/#website\"},\"primaryImageOfPage\":{\"@id\":\"https:\\\/\\\/redenoticiaz.com.br\\\/ribeiraopreto-regiao\\\/sp\\\/2025\\\/12\\\/11\\\/empresa-em-sao-paulo-abre-vaga-na-area-financeira-com-salario-de-r-4-mil-e-modelo-hibrido#primaryimage\"},\"image\":{\"@id\":\"https:\\\/\\\/redenoticiaz.com.br\\\/ribeiraopreto-regiao\\\/sp\\\/2025\\\/12\\\/11\\\/empresa-em-sao-paulo-abre-vaga-na-area-financeira-com-salario-de-r-4-mil-e-modelo-hibrido#primaryimage\"},\"thumbnailUrl\":\"https:\\\/\\\/redenoticiaz.com.br\\\/ribeiraopreto-regiao\\\/wp-content\\\/uploads\\\/sites\\\/4\\\/2023\\\/10\\\/carteira-de-trabalho.jpg?v=1698266077\",\"datePublished\":\"2025-12-11T17:10:09+00:00\",\"description\":\"Uma empresa localizada na Rua Pamplona, em S\u00e3o Paulo, est\u00e1 com oportunidade aberta para profissionais da \u00e1rea financeira.\",\"inLanguage\":\"pt-BR\",\"potentialAction\":[{\"@type\":\"ReadAction\",\"target\":[\"https:\\\/\\\/redenoticiaz.com.br\\\/ribeiraopreto-regiao\\\/sp\\\/2025\\\/12\\\/11\\\/empresa-em-sao-paulo-abre-vaga-na-area-financeira-com-salario-de-r-4-mil-e-modelo-hibrido\"]}]},{\"@type\":\"ImageObject\",\"inLanguage\":\"pt-BR\",\"@id\":\"https:\\\/\\\/redenoticiaz.com.br\\\/ribeiraopreto-regiao\\\/sp\\\/2025\\\/12\\\/11\\\/empresa-em-sao-paulo-abre-vaga-na-area-financeira-com-salario-de-r-4-mil-e-modelo-hibrido#primaryimage\",\"url\":\"https:\\\/\\\/redenoticiaz.com.br\\\/ribeiraopreto-regiao\\\/wp-content\\\/uploads\\\/sites\\\/4\\\/2023\\\/10\\\/carteira-de-trabalho.jpg?v=1698266077\",\"contentUrl\":\"https:\\\/\\\/redenoticiaz.com.br\\\/ribeiraopreto-regiao\\\/wp-content\\\/uploads\\\/sites\\\/4\\\/2023\\\/10\\\/carteira-de-trabalho.jpg?v=1698266077\",\"width\":1640,\"height\":924},{\"@type\":\"WebSite\",\"@id\":\"https:\\\/\\\/redenoticiaz.com.br\\\/ribeiraopreto-regiao\\\/#website\",\"url\":\"https:\\\/\\\/redenoticiaz.com.br\\\/ribeiraopreto-regiao\\\/\",\"name\":\"Ribeir\u00e3o Preto e Regi\u00e3o\",\"description\":\"Rede NoticiaZ - Ribeir\u00e3o Preto e regi\u00e3o\",\"publisher\":{\"@id\":\"https:\\\/\\\/redenoticiaz.com.br\\\/ribeiraopreto-regiao\\\/#organization\"},\"potentialAction\":[{\"@type\":\"SearchAction\",\"target\":{\"@type\":\"EntryPoint\",\"urlTemplate\":\"https:\\\/\\\/redenoticiaz.com.br\\\/ribeiraopreto-regiao\\\/?s={search_term_string}\"},\"query-input\":{\"@type\":\"PropertyValueSpecification\",\"valueRequired\":true,\"valueName\":\"search_term_string\"}}],\"inLanguage\":\"pt-BR\"},{\"@type\":\"Organization\",\"@id\":\"https:\\\/\\\/redenoticiaz.com.br\\\/ribeiraopreto-regiao\\\/#organization\",\"name\":\"Ribeir\u00e3o Preto e Regi\u00e3o\",\"url\":\"https:\\\/\\\/redenoticiaz.com.br\\\/ribeiraopreto-regiao\\\/\",\"logo\":{\"@type\":\"ImageObject\",\"inLanguage\":\"pt-BR\",\"@id\":\"https:\\\/\\\/redenoticiaz.com.br\\\/ribeiraopreto-regiao\\\/#\\\/schema\\\/logo\\\/image\\\/\",\"url\":\"https:\\\/\\\/redenoticiaz.com.br\\\/barretos-regiao\\\/wp-content\\\/uploads\\\/sites\\\/4\\\/2022\\\/02\\\/logo.jpg\",\"contentUrl\":\"https:\\\/\\\/redenoticiaz.com.br\\\/barretos-regiao\\\/wp-content\\\/uploads\\\/sites\\\/4\\\/2022\\\/02\\\/logo.jpg\",\"width\":400,\"height\":250,\"caption\":\"Ribeir\u00e3o Preto e Regi\u00e3o\"},\"image\":{\"@id\":\"https:\\\/\\\/redenoticiaz.com.br\\\/ribeiraopreto-regiao\\\/#\\\/schema\\\/logo\\\/image\\\/\"},\"sameAs\":[\"https:\\\/\\\/m.facebook.com\\\/redenoticiaz.barretos\",\"https:\\\/\\\/x.com\\\/RN_barretos\",\"https:\\\/\\\/www.instagram.com\\\/redenoticiaz.barretos\\\/?igshid=YmMyMTA2M2Y\",\"https:\\\/\\\/www.linkedin.com\\\/company\\\/rede-noticiaz-barretos-e-regio\\\/\"]},{\"@type\":\"Person\",\"@id\":\"https:\\\/\\\/redenoticiaz.com.br\\\/ribeiraopreto-regiao\\\/#\\\/schema\\\/person\\\/1f84d6e94e6a62d2d81199d7503e9e90\",\"name\":\"Carina Reifonas\",\"image\":{\"@type\":\"ImageObject\",\"inLanguage\":\"pt-BR\",\"@id\":\"https:\\\/\\\/secure.gravatar.com\\\/avatar\\\/04c59859b23696cf867715880f81d5c037e60109730bdb4e6670ec2a2245bc97?s=96&d=mm&r=g\",\"url\":\"https:\\\/\\\/secure.gravatar.com\\\/avatar\\\/04c59859b23696cf867715880f81d5c037e60109730bdb4e6670ec2a2245bc97?s=96&d=mm&r=g\",\"contentUrl\":\"https:\\\/\\\/secure.gravatar.com\\\/avatar\\\/04c59859b23696cf867715880f81d5c037e60109730bdb4e6670ec2a2245bc97?s=96&d=mm&r=g\",\"caption\":\"Carina Reifonas\"},\"url\":\"https:\\\/\\\/redenoticiaz.com.br\\\/ribeiraopreto-regiao\\\/sp\\\/author\\\/carinareifonas\"}]}<\/script>\n<!-- \/ Yoast SEO plugin. -->","yoast_head_json":{"title":"Empresa em S\u00e3o Paulo abre vaga na \u00e1rea financeira com sal\u00e1rio de R$ 4 mil e modelo h\u00edbrido - Ribeir\u00e3o Preto e Regi\u00e3o","description":"Uma empresa localizada na Rua Pamplona, em S\u00e3o Paulo, est\u00e1 com oportunidade aberta para profissionais da \u00e1rea financeira.","robots":{"index":"index","follow":"follow","max-snippet":"max-snippet:-1","max-image-preview":"max-image-preview:large","max-video-preview":"max-video-preview:-1"},"canonical":"https:\/\/redenoticiaz.com.br\/ribeiraopreto-regiao\/sp\/2025\/12\/11\/empresa-em-sao-paulo-abre-vaga-na-area-financeira-com-salario-de-r-4-mil-e-modelo-hibrido","og_locale":"pt_BR","og_type":"article","og_title":"Empresa em S\u00e3o Paulo abre vaga na \u00e1rea financeira com sal\u00e1rio de R$ 4 mil e modelo h\u00edbrido - Ribeir\u00e3o Preto e Regi\u00e3o","og_description":"Uma empresa localizada na Rua Pamplona, em S\u00e3o Paulo, est\u00e1 com oportunidade aberta para profissionais da \u00e1rea financeira.","og_url":"https:\/\/redenoticiaz.com.br\/ribeiraopreto-regiao\/sp\/2025\/12\/11\/empresa-em-sao-paulo-abre-vaga-na-area-financeira-com-salario-de-r-4-mil-e-modelo-hibrido","og_site_name":"Ribeir\u00e3o Preto e Regi\u00e3o","article_publisher":"https:\/\/m.facebook.com\/redenoticiaz.barretos","article_published_time":"2025-12-11T17:10:09+00:00","og_image":[{"width":1640,"height":924,"url":"https:\/\/redenoticiaz.com.br\/ribeiraopreto-regiao\/wp-content\/uploads\/sites\/4\/2023\/10\/carteira-de-trabalho.jpg?v=1698266077","type":"image\/jpeg"}],"author":"Carina Reifonas","twitter_card":"summary_large_image","twitter_creator":"@RN_barretos","twitter_site":"@RN_barretos","twitter_misc":{"Escrito por":"Carina Reifonas","Est. tempo de leitura":"2 minutos"},"schema":{"@context":"https:\/\/schema.org","@graph":[{"@type":"Article","@id":"https:\/\/redenoticiaz.com.br\/ribeiraopreto-regiao\/sp\/2025\/12\/11\/empresa-em-sao-paulo-abre-vaga-na-area-financeira-com-salario-de-r-4-mil-e-modelo-hibrido#article","isPartOf":{"@id":"https:\/\/redenoticiaz.com.br\/ribeiraopreto-regiao\/sp\/2025\/12\/11\/empresa-em-sao-paulo-abre-vaga-na-area-financeira-com-salario-de-r-4-mil-e-modelo-hibrido"},"author":{"name":"Carina Reifonas","@id":"https:\/\/redenoticiaz.com.br\/ribeiraopreto-regiao\/#\/schema\/person\/1f84d6e94e6a62d2d81199d7503e9e90"},"headline":"Empresa em S\u00e3o Paulo abre vaga na \u00e1rea financeira com sal\u00e1rio de R$ 4 mil e modelo h\u00edbrido","datePublished":"2025-12-11T17:10:09+00:00","mainEntityOfPage":{"@id":"https:\/\/redenoticiaz.com.br\/ribeiraopreto-regiao\/sp\/2025\/12\/11\/empresa-em-sao-paulo-abre-vaga-na-area-financeira-com-salario-de-r-4-mil-e-modelo-hibrido"},"wordCount":353,"commentCount":0,"publisher":{"@id":"https:\/\/redenoticiaz.com.br\/ribeiraopreto-regiao\/#organization"},"image":{"@id":"https:\/\/redenoticiaz.com.br\/ribeiraopreto-regiao\/sp\/2025\/12\/11\/empresa-em-sao-paulo-abre-vaga-na-area-financeira-com-salario-de-r-4-mil-e-modelo-hibrido#primaryimage"},"thumbnailUrl":"https:\/\/redenoticiaz.com.br\/ribeiraopreto-regiao\/wp-content\/uploads\/sites\/4\/2023\/10\/carteira-de-trabalho.jpg?v=1698266077","keywords":["EMPRESA","S\u00e3o Paulo","VAGA"],"articleSection":["Emprego"],"inLanguage":"pt-BR","potentialAction":[{"@type":"CommentAction","name":"Comment","target":["https:\/\/redenoticiaz.com.br\/ribeiraopreto-regiao\/sp\/2025\/12\/11\/empresa-em-sao-paulo-abre-vaga-na-area-financeira-com-salario-de-r-4-mil-e-modelo-hibrido#respond"]}]},{"@type":"WebPage","@id":"https:\/\/redenoticiaz.com.br\/ribeiraopreto-regiao\/sp\/2025\/12\/11\/empresa-em-sao-paulo-abre-vaga-na-area-financeira-com-salario-de-r-4-mil-e-modelo-hibrido","url":"https:\/\/redenoticiaz.com.br\/ribeiraopreto-regiao\/sp\/2025\/12\/11\/empresa-em-sao-paulo-abre-vaga-na-area-financeira-com-salario-de-r-4-mil-e-modelo-hibrido","name":"Empresa em S\u00e3o Paulo abre vaga na \u00e1rea financeira com sal\u00e1rio de R$ 4 mil e modelo h\u00edbrido - Ribeir\u00e3o Preto e Regi\u00e3o","isPartOf":{"@id":"https:\/\/redenoticiaz.com.br\/ribeiraopreto-regiao\/#website"},"primaryImageOfPage":{"@id":"https:\/\/redenoticiaz.com.br\/ribeiraopreto-regiao\/sp\/2025\/12\/11\/empresa-em-sao-paulo-abre-vaga-na-area-financeira-com-salario-de-r-4-mil-e-modelo-hibrido#primaryimage"},"image":{"@id":"https:\/\/redenoticiaz.com.br\/ribeiraopreto-regiao\/sp\/2025\/12\/11\/empresa-em-sao-paulo-abre-vaga-na-area-financeira-com-salario-de-r-4-mil-e-modelo-hibrido#primaryimage"},"thumbnailUrl":"https:\/\/redenoticiaz.com.br\/ribeiraopreto-regiao\/wp-content\/uploads\/sites\/4\/2023\/10\/carteira-de-trabalho.jpg?v=1698266077","datePublished":"2025-12-11T17:10:09+00:00","description":"Uma empresa localizada na Rua Pamplona, em S\u00e3o Paulo, est\u00e1 com oportunidade aberta para profissionais da \u00e1rea financeira.","inLanguage":"pt-BR","potentialAction":[{"@type":"ReadAction","target":["https:\/\/redenoticiaz.com.br\/ribeiraopreto-regiao\/sp\/2025\/12\/11\/empresa-em-sao-paulo-abre-vaga-na-area-financeira-com-salario-de-r-4-mil-e-modelo-hibrido"]}]},{"@type":"ImageObject","inLanguage":"pt-BR","@id":"https:\/\/redenoticiaz.com.br\/ribeiraopreto-regiao\/sp\/2025\/12\/11\/empresa-em-sao-paulo-abre-vaga-na-area-financeira-com-salario-de-r-4-mil-e-modelo-hibrido#primaryimage","url":"https:\/\/redenoticiaz.com.br\/ribeiraopreto-regiao\/wp-content\/uploads\/sites\/4\/2023\/10\/carteira-de-trabalho.jpg?v=1698266077","contentUrl":"https:\/\/redenoticiaz.com.br\/ribeiraopreto-regiao\/wp-content\/uploads\/sites\/4\/2023\/10\/carteira-de-trabalho.jpg?v=1698266077","width":1640,"height":924},{"@type":"WebSite","@id":"https:\/\/redenoticiaz.com.br\/ribeiraopreto-regiao\/#website","url":"https:\/\/redenoticiaz.com.br\/ribeiraopreto-regiao\/","name":"Ribeir\u00e3o Preto e Regi\u00e3o","description":"Rede NoticiaZ - Ribeir\u00e3o Preto e regi\u00e3o","publisher":{"@id":"https:\/\/redenoticiaz.com.br\/ribeiraopreto-regiao\/#organization"},"potentialAction":[{"@type":"SearchAction","target":{"@type":"EntryPoint","urlTemplate":"https:\/\/redenoticiaz.com.br\/ribeiraopreto-regiao\/?s={search_term_string}"},"query-input":{"@type":"PropertyValueSpecification","valueRequired":true,"valueName":"search_term_string"}}],"inLanguage":"pt-BR"},{"@type":"Organization","@id":"https:\/\/redenoticiaz.com.br\/ribeiraopreto-regiao\/#organization","name":"Ribeir\u00e3o Preto e Regi\u00e3o","url":"https:\/\/redenoticiaz.com.br\/ribeiraopreto-regiao\/","logo":{"@type":"ImageObject","inLanguage":"pt-BR","@id":"https:\/\/redenoticiaz.com.br\/ribeiraopreto-regiao\/#\/schema\/logo\/image\/","url":"https:\/\/redenoticiaz.com.br\/barretos-regiao\/wp-content\/uploads\/sites\/4\/2022\/02\/logo.jpg","contentUrl":"https:\/\/redenoticiaz.com.br\/barretos-regiao\/wp-content\/uploads\/sites\/4\/2022\/02\/logo.jpg","width":400,"height":250,"caption":"Ribeir\u00e3o Preto e Regi\u00e3o"},"image":{"@id":"https:\/\/redenoticiaz.com.br\/ribeiraopreto-regiao\/#\/schema\/logo\/image\/"},"sameAs":["https:\/\/m.facebook.com\/redenoticiaz.barretos","https:\/\/x.com\/RN_barretos","https:\/\/www.instagram.com\/redenoticiaz.barretos\/?igshid=YmMyMTA2M2Y","https:\/\/www.linkedin.com\/company\/rede-noticiaz-barretos-e-regio\/"]},{"@type":"Person","@id":"https:\/\/redenoticiaz.com.br\/ribeiraopreto-regiao\/#\/schema\/person\/1f84d6e94e6a62d2d81199d7503e9e90","name":"Carina Reifonas","image":{"@type":"ImageObject","inLanguage":"pt-BR","@id":"https:\/\/secure.gravatar.com\/avatar\/04c59859b23696cf867715880f81d5c037e60109730bdb4e6670ec2a2245bc97?s=96&d=mm&r=g","url":"https:\/\/secure.gravatar.com\/avatar\/04c59859b23696cf867715880f81d5c037e60109730bdb4e6670ec2a2245bc97?s=96&d=mm&r=g","contentUrl":"https:\/\/secure.gravatar.com\/avatar\/04c59859b23696cf867715880f81d5c037e60109730bdb4e6670ec2a2245bc97?s=96&d=mm&r=g","caption":"Carina Reifonas"},"url":"https:\/\/redenoticiaz.com.br\/ribeiraopreto-regiao\/sp\/author\/carinareifonas"}]}},"_links":{"self":[{"href":"https:\/\/redenoticiaz.com.br\/ribeiraopreto-regiao\/wp-json\/wp\/v2\/posts\/120883","targetHints":{"allow":["GET"]}}],"collection":[{"href":"https:\/\/redenoticiaz.com.br\/ribeiraopreto-regiao\/wp-json\/wp\/v2\/posts"}],"about":[{"href":"https:\/\/redenoticiaz.com.br\/ribeiraopreto-regiao\/wp-json\/wp\/v2\/types\/post"}],"author":[{"embeddable":true,"href":"https:\/\/redenoticiaz.com.br\/ribeiraopreto-regiao\/wp-json\/wp\/v2\/users\/30"}],"replies":[{"embeddable":true,"href":"https:\/\/redenoticiaz.com.br\/ribeiraopreto-regiao\/wp-json\/wp\/v2\/comments?post=120883"}],"version-history":[{"count":0,"href":"https:\/\/redenoticiaz.com.br\/ribeiraopreto-regiao\/wp-json\/wp\/v2\/posts\/120883\/revisions"}],"wp:featuredmedia":[{"embeddable":true,"href":"https:\/\/redenoticiaz.com.br\/ribeiraopreto-regiao\/wp-json\/wp\/v2\/media\/111973"}],"wp:attachment":[{"href":"https:\/\/redenoticiaz.com.br\/ribeiraopreto-regiao\/wp-json\/wp\/v2\/media?parent=120883"}],"wp:term":[{"taxonomy":"category","embeddable":true,"href":"https:\/\/redenoticiaz.com.br\/ribeiraopreto-regiao\/wp-json\/wp\/v2\/categories?post=120883"},{"taxonomy":"post_tag","embeddable":true,"href":"https:\/\/redenoticiaz.com.br\/ribeiraopreto-regiao\/wp-json\/wp\/v2\/tags?post=120883"}],"curies":[{"name":"wp","href":"https:\/\/api.w.org\/{rel}","templated":true}]}}