{"id":121231,"date":"2026-04-22T12:40:46","date_gmt":"2026-04-22T15:40:46","guid":{"rendered":"https:\/\/redenoticiaz.com.br\/ribeiraopreto-regiao\/?p=121231"},"modified":"2026-04-22T10:52:19","modified_gmt":"2026-04-22T13:52:19","slug":"ribeirao-preto-inaugura-novo-caps-ii-centro-sul-e-amplia-atendimento-em-saude-mental","status":"publish","type":"post","link":"https:\/\/redenoticiaz.com.br\/ribeiraopreto-regiao\/sp\/2026\/04\/22\/ribeirao-preto-inaugura-novo-caps-ii-centro-sul-e-amplia-atendimento-em-saude-mental","title":{"rendered":"Ribeir\u00e3o Preto inaugura novo CAPS II Centro Sul e amplia atendimento em sa\u00fade mental"},"content":{"rendered":"<p>A Prefeitura de Ribeir\u00e3o Preto inaugurou uma nova unidade do CAPS II Centro Sul, ampliando a rede de atendimento em sa\u00fade mental no munic\u00edpio. O espa\u00e7o re\u00fane, em um \u00fanico endere\u00e7o, os servi\u00e7os que antes funcionavam separadamente, com foco em aumentar a capacidade e melhorar a qualidade do atendimento.<\/p>\n<p>Localizado no bairro Jardim Maria Goretti, o novo equipamento foi instalado em um pr\u00e9dio planejado para oferecer mais estrutura, com salas para atendimentos terap\u00eauticos, \u00e1reas de conviv\u00eancia e ambientes voltados ao acolhimento dos pacientes.<\/p>\n<p>A expectativa \u00e9 de aproximadamente 120 atendimentos por dia, o que pode representar cerca de 30 mil atendimentos por ano. A unifica\u00e7\u00e3o das unidades tamb\u00e9m mant\u00e9m as equipes j\u00e1 existentes, agora integradas em um \u00fanico local.<\/p>\n<p>O funcionamento foi ampliado e passa a ocorrer das 7h \u00e0s 19h, facilitando o acesso para quem depende do servi\u00e7o p\u00fablico de sa\u00fade. A reorganiza\u00e7\u00e3o busca otimizar recursos e melhorar o fluxo de atendimento dentro do Sistema \u00danico de Sa\u00fade (SUS).<\/p>\n<p>O investimento na obra foi de cerca de R$ 4,3 milh\u00f5es, incluindo recursos de emenda parlamentar.<\/p>\n<p>A iniciativa faz parte de um conjunto de a\u00e7\u00f5es voltadas \u00e0 amplia\u00e7\u00e3o da rede de sa\u00fade mental na cidade, que tamb\u00e9m prev\u00ea novos servi\u00e7os especializados para atendimento cont\u00ednuo da popula\u00e7\u00e3o.<\/p>\n<p>LEIA MAIS<\/p>\n<p><a href=\"https:\/\/redenoticiaz.com.br\/ribeiraopreto-regiao\/sp\/2026\/04\/22\/briga-termina-com-dois-mortos-e-dois-feridos-suspeito-e-preso-apos-ataque-com-faca\">Briga termina com dois mortos e dois feridos; suspeito \u00e9 preso ap\u00f3s ataque com faca<\/a><\/p>\n<p><a href=\"https:\/\/redenoticiaz.com.br\/ribeiraopreto-regiao\/sp\/2026\/04\/20\/jovem-aprendiz-dos-correios-2026-inscricoes-terminam-nesta-semana-com-548-vagas\">Jovem Aprendiz dos Correios 2026: inscri\u00e7\u00f5es terminam nesta semana com 548 vagas<\/a><\/p>\n","protected":false},"excerpt":{"rendered":"<p>A Prefeitura de Ribeir\u00e3o Preto inaugurou uma nova unidade do CAPS II Centro Sul, ampliando a rede de atendimento em sa\u00fade mental no munic\u00edpio. O espa\u00e7o re\u00fane, em um \u00fanico endere\u00e7o, os servi\u00e7os que antes funcionavam separadamente, com foco em aumentar a capacidade e melhorar a qualidade do atendimento. Localizado no bairro Jardim Maria Goretti, &hellip;<\/p>\n","protected":false},"author":30,"featured_media":121232,"comment_status":"open","ping_status":"closed","sticky":false,"template":"","format":"standard","meta":{"footnotes":""},"categories":[2920,31500,129],"tags":[3693,28135,4097,9761],"class_list":["post-121231","post","type-post","status-publish","format-standard","has-post-thumbnail","hentry","category-obras","category-ribeirao-preto","category-saude","tag-atendimento","tag-capsii","tag-ribeirao-preto","tag-saude-mental"],"yoast_head":"<!-- This site is optimized with the Yoast SEO plugin v27.4 - https:\/\/yoast.com\/product\/yoast-seo-wordpress\/ -->\n<title>Ribeir\u00e3o Preto inaugura novo CAPS II Centro Sul e amplia atendimento em sa\u00fade mental - Ribeir\u00e3o Preto e Regi\u00e3o<\/title>\n<meta name=\"description\" content=\"Ribeir\u00e3o Preto inaugura novo CAPS II Centro Sul com capacidade para at\u00e9 30 mil atendimentos por ano e amplia rede de sa\u00fade mental no SUS.\" \/>\n<meta name=\"robots\" content=\"index, follow, max-snippet:-1, max-image-preview:large, max-video-preview:-1\" \/>\n<link rel=\"canonical\" href=\"https:\/\/redenoticiaz.com.br\/ribeiraopreto-regiao\/sp\/2026\/04\/22\/ribeirao-preto-inaugura-novo-caps-ii-centro-sul-e-amplia-atendimento-em-saude-mental\" \/>\n<meta property=\"og:locale\" content=\"pt_BR\" \/>\n<meta property=\"og:type\" content=\"article\" \/>\n<meta property=\"og:title\" content=\"Ribeir\u00e3o Preto inaugura novo CAPS II Centro Sul e amplia atendimento em sa\u00fade mental - Ribeir\u00e3o Preto e Regi\u00e3o\" \/>\n<meta property=\"og:description\" content=\"Ribeir\u00e3o Preto inaugura novo CAPS II Centro Sul com capacidade para at\u00e9 30 mil atendimentos por ano e amplia rede de sa\u00fade mental no SUS.\" \/>\n<meta property=\"og:url\" content=\"https:\/\/redenoticiaz.com.br\/ribeiraopreto-regiao\/sp\/2026\/04\/22\/ribeirao-preto-inaugura-novo-caps-ii-centro-sul-e-amplia-atendimento-em-saude-mental\" \/>\n<meta property=\"og:site_name\" content=\"Ribeir\u00e3o Preto e Regi\u00e3o\" \/>\n<meta property=\"article:publisher\" content=\"https:\/\/m.facebook.com\/redenoticiaz.barretos\" \/>\n<meta property=\"article:published_time\" content=\"2026-04-22T15:40:46+00:00\" \/>\n<meta property=\"og:image\" content=\"https:\/\/redenoticiaz.com.br\/ribeiraopreto-regiao\/wp-content\/uploads\/sites\/4\/2026\/04\/inauguracao_caps_ii_vila_virginia_-_foto_guilherme_sircili_2.jpeg\" \/>\n\t<meta property=\"og:image:width\" content=\"1620\" \/>\n\t<meta property=\"og:image:height\" content=\"1080\" \/>\n\t<meta property=\"og:image:type\" content=\"image\/jpeg\" \/>\n<meta name=\"author\" content=\"Carina Reifonas\" \/>\n<meta name=\"twitter:card\" content=\"summary_large_image\" \/>\n<meta name=\"twitter:creator\" content=\"@RN_barretos\" \/>\n<meta name=\"twitter:site\" content=\"@RN_barretos\" \/>\n<meta name=\"twitter:label1\" content=\"Escrito por\" \/>\n\t<meta name=\"twitter:data1\" content=\"Carina Reifonas\" \/>\n\t<meta name=\"twitter:label2\" content=\"Est. tempo de leitura\" \/>\n\t<meta name=\"twitter:data2\" content=\"2 minutos\" \/>\n<script type=\"application\/ld+json\" class=\"yoast-schema-graph\">{\"@context\":\"https:\\\/\\\/schema.org\",\"@graph\":[{\"@type\":\"Article\",\"@id\":\"https:\\\/\\\/redenoticiaz.com.br\\\/ribeiraopreto-regiao\\\/sp\\\/2026\\\/04\\\/22\\\/ribeirao-preto-inaugura-novo-caps-ii-centro-sul-e-amplia-atendimento-em-saude-mental#article\",\"isPartOf\":{\"@id\":\"https:\\\/\\\/redenoticiaz.com.br\\\/ribeiraopreto-regiao\\\/sp\\\/2026\\\/04\\\/22\\\/ribeirao-preto-inaugura-novo-caps-ii-centro-sul-e-amplia-atendimento-em-saude-mental\"},\"author\":{\"name\":\"Carina Reifonas\",\"@id\":\"https:\\\/\\\/redenoticiaz.com.br\\\/ribeiraopreto-regiao\\\/#\\\/schema\\\/person\\\/1f84d6e94e6a62d2d81199d7503e9e90\"},\"headline\":\"Ribeir\u00e3o Preto inaugura novo CAPS II Centro Sul e amplia atendimento em sa\u00fade mental\",\"datePublished\":\"2026-04-22T15:40:46+00:00\",\"mainEntityOfPage\":{\"@id\":\"https:\\\/\\\/redenoticiaz.com.br\\\/ribeiraopreto-regiao\\\/sp\\\/2026\\\/04\\\/22\\\/ribeirao-preto-inaugura-novo-caps-ii-centro-sul-e-amplia-atendimento-em-saude-mental\"},\"wordCount\":271,\"commentCount\":0,\"publisher\":{\"@id\":\"https:\\\/\\\/redenoticiaz.com.br\\\/ribeiraopreto-regiao\\\/#organization\"},\"image\":{\"@id\":\"https:\\\/\\\/redenoticiaz.com.br\\\/ribeiraopreto-regiao\\\/sp\\\/2026\\\/04\\\/22\\\/ribeirao-preto-inaugura-novo-caps-ii-centro-sul-e-amplia-atendimento-em-saude-mental#primaryimage\"},\"thumbnailUrl\":\"https:\\\/\\\/redenoticiaz.com.br\\\/ribeiraopreto-regiao\\\/wp-content\\\/uploads\\\/sites\\\/4\\\/2026\\\/04\\\/inauguracao_caps_ii_vila_virginia_-_foto_guilherme_sircili_2.jpeg\",\"keywords\":[\"ATENDIMENTO\",\"CAPSII\",\"RIBEIR\u00c3O PRETO\",\"SA\u00daDE MENTAL\"],\"articleSection\":[\"Obras\",\"Ribeir\u00e3o Preto\",\"Sa\u00fade\"],\"inLanguage\":\"pt-BR\",\"potentialAction\":[{\"@type\":\"CommentAction\",\"name\":\"Comment\",\"target\":[\"https:\\\/\\\/redenoticiaz.com.br\\\/ribeiraopreto-regiao\\\/sp\\\/2026\\\/04\\\/22\\\/ribeirao-preto-inaugura-novo-caps-ii-centro-sul-e-amplia-atendimento-em-saude-mental#respond\"]}]},{\"@type\":\"WebPage\",\"@id\":\"https:\\\/\\\/redenoticiaz.com.br\\\/ribeiraopreto-regiao\\\/sp\\\/2026\\\/04\\\/22\\\/ribeirao-preto-inaugura-novo-caps-ii-centro-sul-e-amplia-atendimento-em-saude-mental\",\"url\":\"https:\\\/\\\/redenoticiaz.com.br\\\/ribeiraopreto-regiao\\\/sp\\\/2026\\\/04\\\/22\\\/ribeirao-preto-inaugura-novo-caps-ii-centro-sul-e-amplia-atendimento-em-saude-mental\",\"name\":\"Ribeir\u00e3o Preto inaugura novo CAPS II Centro Sul e amplia atendimento em sa\u00fade mental - Ribeir\u00e3o Preto e Regi\u00e3o\",\"isPartOf\":{\"@id\":\"https:\\\/\\\/redenoticiaz.com.br\\\/ribeiraopreto-regiao\\\/#website\"},\"primaryImageOfPage\":{\"@id\":\"https:\\\/\\\/redenoticiaz.com.br\\\/ribeiraopreto-regiao\\\/sp\\\/2026\\\/04\\\/22\\\/ribeirao-preto-inaugura-novo-caps-ii-centro-sul-e-amplia-atendimento-em-saude-mental#primaryimage\"},\"image\":{\"@id\":\"https:\\\/\\\/redenoticiaz.com.br\\\/ribeiraopreto-regiao\\\/sp\\\/2026\\\/04\\\/22\\\/ribeirao-preto-inaugura-novo-caps-ii-centro-sul-e-amplia-atendimento-em-saude-mental#primaryimage\"},\"thumbnailUrl\":\"https:\\\/\\\/redenoticiaz.com.br\\\/ribeiraopreto-regiao\\\/wp-content\\\/uploads\\\/sites\\\/4\\\/2026\\\/04\\\/inauguracao_caps_ii_vila_virginia_-_foto_guilherme_sircili_2.jpeg\",\"datePublished\":\"2026-04-22T15:40:46+00:00\",\"description\":\"Ribeir\u00e3o Preto inaugura novo CAPS II Centro Sul com capacidade para at\u00e9 30 mil atendimentos por ano e amplia rede de sa\u00fade mental no SUS.\",\"inLanguage\":\"pt-BR\",\"potentialAction\":[{\"@type\":\"ReadAction\",\"target\":[\"https:\\\/\\\/redenoticiaz.com.br\\\/ribeiraopreto-regiao\\\/sp\\\/2026\\\/04\\\/22\\\/ribeirao-preto-inaugura-novo-caps-ii-centro-sul-e-amplia-atendimento-em-saude-mental\"]}]},{\"@type\":\"ImageObject\",\"inLanguage\":\"pt-BR\",\"@id\":\"https:\\\/\\\/redenoticiaz.com.br\\\/ribeiraopreto-regiao\\\/sp\\\/2026\\\/04\\\/22\\\/ribeirao-preto-inaugura-novo-caps-ii-centro-sul-e-amplia-atendimento-em-saude-mental#primaryimage\",\"url\":\"https:\\\/\\\/redenoticiaz.com.br\\\/ribeiraopreto-regiao\\\/wp-content\\\/uploads\\\/sites\\\/4\\\/2026\\\/04\\\/inauguracao_caps_ii_vila_virginia_-_foto_guilherme_sircili_2.jpeg\",\"contentUrl\":\"https:\\\/\\\/redenoticiaz.com.br\\\/ribeiraopreto-regiao\\\/wp-content\\\/uploads\\\/sites\\\/4\\\/2026\\\/04\\\/inauguracao_caps_ii_vila_virginia_-_foto_guilherme_sircili_2.jpeg\",\"width\":1620,\"height\":1080,\"caption\":\"Ribeir\u00e3o Preto inaugura novo CAPS II Centro Sul e amplia atendimento em sa\u00fade mental\"},{\"@type\":\"WebSite\",\"@id\":\"https:\\\/\\\/redenoticiaz.com.br\\\/ribeiraopreto-regiao\\\/#website\",\"url\":\"https:\\\/\\\/redenoticiaz.com.br\\\/ribeiraopreto-regiao\\\/\",\"name\":\"Ribeir\u00e3o Preto e Regi\u00e3o\",\"description\":\"Rede NoticiaZ - Ribeir\u00e3o Preto e regi\u00e3o\",\"publisher\":{\"@id\":\"https:\\\/\\\/redenoticiaz.com.br\\\/ribeiraopreto-regiao\\\/#organization\"},\"potentialAction\":[{\"@type\":\"SearchAction\",\"target\":{\"@type\":\"EntryPoint\",\"urlTemplate\":\"https:\\\/\\\/redenoticiaz.com.br\\\/ribeiraopreto-regiao\\\/?s={search_term_string}\"},\"query-input\":{\"@type\":\"PropertyValueSpecification\",\"valueRequired\":true,\"valueName\":\"search_term_string\"}}],\"inLanguage\":\"pt-BR\"},{\"@type\":\"Organization\",\"@id\":\"https:\\\/\\\/redenoticiaz.com.br\\\/ribeiraopreto-regiao\\\/#organization\",\"name\":\"Ribeir\u00e3o Preto e Regi\u00e3o\",\"url\":\"https:\\\/\\\/redenoticiaz.com.br\\\/ribeiraopreto-regiao\\\/\",\"logo\":{\"@type\":\"ImageObject\",\"inLanguage\":\"pt-BR\",\"@id\":\"https:\\\/\\\/redenoticiaz.com.br\\\/ribeiraopreto-regiao\\\/#\\\/schema\\\/logo\\\/image\\\/\",\"url\":\"https:\\\/\\\/redenoticiaz.com.br\\\/barretos-regiao\\\/wp-content\\\/uploads\\\/sites\\\/4\\\/2022\\\/02\\\/logo.jpg\",\"contentUrl\":\"https:\\\/\\\/redenoticiaz.com.br\\\/barretos-regiao\\\/wp-content\\\/uploads\\\/sites\\\/4\\\/2022\\\/02\\\/logo.jpg\",\"width\":400,\"height\":250,\"caption\":\"Ribeir\u00e3o Preto e Regi\u00e3o\"},\"image\":{\"@id\":\"https:\\\/\\\/redenoticiaz.com.br\\\/ribeiraopreto-regiao\\\/#\\\/schema\\\/logo\\\/image\\\/\"},\"sameAs\":[\"https:\\\/\\\/m.facebook.com\\\/redenoticiaz.barretos\",\"https:\\\/\\\/x.com\\\/RN_barretos\",\"https:\\\/\\\/www.instagram.com\\\/redenoticiaz.barretos\\\/?igshid=YmMyMTA2M2Y\",\"https:\\\/\\\/www.linkedin.com\\\/company\\\/rede-noticiaz-barretos-e-regio\\\/\"]},{\"@type\":\"Person\",\"@id\":\"https:\\\/\\\/redenoticiaz.com.br\\\/ribeiraopreto-regiao\\\/#\\\/schema\\\/person\\\/1f84d6e94e6a62d2d81199d7503e9e90\",\"name\":\"Carina Reifonas\",\"image\":{\"@type\":\"ImageObject\",\"inLanguage\":\"pt-BR\",\"@id\":\"https:\\\/\\\/secure.gravatar.com\\\/avatar\\\/04c59859b23696cf867715880f81d5c037e60109730bdb4e6670ec2a2245bc97?s=96&d=mm&r=g\",\"url\":\"https:\\\/\\\/secure.gravatar.com\\\/avatar\\\/04c59859b23696cf867715880f81d5c037e60109730bdb4e6670ec2a2245bc97?s=96&d=mm&r=g\",\"contentUrl\":\"https:\\\/\\\/secure.gravatar.com\\\/avatar\\\/04c59859b23696cf867715880f81d5c037e60109730bdb4e6670ec2a2245bc97?s=96&d=mm&r=g\",\"caption\":\"Carina Reifonas\"},\"url\":\"https:\\\/\\\/redenoticiaz.com.br\\\/ribeiraopreto-regiao\\\/sp\\\/author\\\/carinareifonas\"}]}<\/script>\n<!-- \/ Yoast SEO plugin. -->","yoast_head_json":{"title":"Ribeir\u00e3o Preto inaugura novo CAPS II Centro Sul e amplia atendimento em sa\u00fade mental - Ribeir\u00e3o Preto e Regi\u00e3o","description":"Ribeir\u00e3o Preto inaugura novo CAPS II Centro Sul com capacidade para at\u00e9 30 mil atendimentos por ano e amplia rede de sa\u00fade mental no SUS.","robots":{"index":"index","follow":"follow","max-snippet":"max-snippet:-1","max-image-preview":"max-image-preview:large","max-video-preview":"max-video-preview:-1"},"canonical":"https:\/\/redenoticiaz.com.br\/ribeiraopreto-regiao\/sp\/2026\/04\/22\/ribeirao-preto-inaugura-novo-caps-ii-centro-sul-e-amplia-atendimento-em-saude-mental","og_locale":"pt_BR","og_type":"article","og_title":"Ribeir\u00e3o Preto inaugura novo CAPS II Centro Sul e amplia atendimento em sa\u00fade mental - Ribeir\u00e3o Preto e Regi\u00e3o","og_description":"Ribeir\u00e3o Preto inaugura novo CAPS II Centro Sul com capacidade para at\u00e9 30 mil atendimentos por ano e amplia rede de sa\u00fade mental no SUS.","og_url":"https:\/\/redenoticiaz.com.br\/ribeiraopreto-regiao\/sp\/2026\/04\/22\/ribeirao-preto-inaugura-novo-caps-ii-centro-sul-e-amplia-atendimento-em-saude-mental","og_site_name":"Ribeir\u00e3o Preto e Regi\u00e3o","article_publisher":"https:\/\/m.facebook.com\/redenoticiaz.barretos","article_published_time":"2026-04-22T15:40:46+00:00","og_image":[{"width":1620,"height":1080,"url":"https:\/\/redenoticiaz.com.br\/ribeiraopreto-regiao\/wp-content\/uploads\/sites\/4\/2026\/04\/inauguracao_caps_ii_vila_virginia_-_foto_guilherme_sircili_2.jpeg","type":"image\/jpeg"}],"author":"Carina Reifonas","twitter_card":"summary_large_image","twitter_creator":"@RN_barretos","twitter_site":"@RN_barretos","twitter_misc":{"Escrito por":"Carina Reifonas","Est. tempo de leitura":"2 minutos"},"schema":{"@context":"https:\/\/schema.org","@graph":[{"@type":"Article","@id":"https:\/\/redenoticiaz.com.br\/ribeiraopreto-regiao\/sp\/2026\/04\/22\/ribeirao-preto-inaugura-novo-caps-ii-centro-sul-e-amplia-atendimento-em-saude-mental#article","isPartOf":{"@id":"https:\/\/redenoticiaz.com.br\/ribeiraopreto-regiao\/sp\/2026\/04\/22\/ribeirao-preto-inaugura-novo-caps-ii-centro-sul-e-amplia-atendimento-em-saude-mental"},"author":{"name":"Carina Reifonas","@id":"https:\/\/redenoticiaz.com.br\/ribeiraopreto-regiao\/#\/schema\/person\/1f84d6e94e6a62d2d81199d7503e9e90"},"headline":"Ribeir\u00e3o Preto inaugura novo CAPS II Centro Sul e amplia atendimento em sa\u00fade mental","datePublished":"2026-04-22T15:40:46+00:00","mainEntityOfPage":{"@id":"https:\/\/redenoticiaz.com.br\/ribeiraopreto-regiao\/sp\/2026\/04\/22\/ribeirao-preto-inaugura-novo-caps-ii-centro-sul-e-amplia-atendimento-em-saude-mental"},"wordCount":271,"commentCount":0,"publisher":{"@id":"https:\/\/redenoticiaz.com.br\/ribeiraopreto-regiao\/#organization"},"image":{"@id":"https:\/\/redenoticiaz.com.br\/ribeiraopreto-regiao\/sp\/2026\/04\/22\/ribeirao-preto-inaugura-novo-caps-ii-centro-sul-e-amplia-atendimento-em-saude-mental#primaryimage"},"thumbnailUrl":"https:\/\/redenoticiaz.com.br\/ribeiraopreto-regiao\/wp-content\/uploads\/sites\/4\/2026\/04\/inauguracao_caps_ii_vila_virginia_-_foto_guilherme_sircili_2.jpeg","keywords":["ATENDIMENTO","CAPSII","RIBEIR\u00c3O PRETO","SA\u00daDE MENTAL"],"articleSection":["Obras","Ribeir\u00e3o Preto","Sa\u00fade"],"inLanguage":"pt-BR","potentialAction":[{"@type":"CommentAction","name":"Comment","target":["https:\/\/redenoticiaz.com.br\/ribeiraopreto-regiao\/sp\/2026\/04\/22\/ribeirao-preto-inaugura-novo-caps-ii-centro-sul-e-amplia-atendimento-em-saude-mental#respond"]}]},{"@type":"WebPage","@id":"https:\/\/redenoticiaz.com.br\/ribeiraopreto-regiao\/sp\/2026\/04\/22\/ribeirao-preto-inaugura-novo-caps-ii-centro-sul-e-amplia-atendimento-em-saude-mental","url":"https:\/\/redenoticiaz.com.br\/ribeiraopreto-regiao\/sp\/2026\/04\/22\/ribeirao-preto-inaugura-novo-caps-ii-centro-sul-e-amplia-atendimento-em-saude-mental","name":"Ribeir\u00e3o Preto inaugura novo CAPS II Centro Sul e amplia atendimento em sa\u00fade mental - Ribeir\u00e3o Preto e Regi\u00e3o","isPartOf":{"@id":"https:\/\/redenoticiaz.com.br\/ribeiraopreto-regiao\/#website"},"primaryImageOfPage":{"@id":"https:\/\/redenoticiaz.com.br\/ribeiraopreto-regiao\/sp\/2026\/04\/22\/ribeirao-preto-inaugura-novo-caps-ii-centro-sul-e-amplia-atendimento-em-saude-mental#primaryimage"},"image":{"@id":"https:\/\/redenoticiaz.com.br\/ribeiraopreto-regiao\/sp\/2026\/04\/22\/ribeirao-preto-inaugura-novo-caps-ii-centro-sul-e-amplia-atendimento-em-saude-mental#primaryimage"},"thumbnailUrl":"https:\/\/redenoticiaz.com.br\/ribeiraopreto-regiao\/wp-content\/uploads\/sites\/4\/2026\/04\/inauguracao_caps_ii_vila_virginia_-_foto_guilherme_sircili_2.jpeg","datePublished":"2026-04-22T15:40:46+00:00","description":"Ribeir\u00e3o Preto inaugura novo CAPS II Centro Sul com capacidade para at\u00e9 30 mil atendimentos por ano e amplia rede de sa\u00fade mental no SUS.","inLanguage":"pt-BR","potentialAction":[{"@type":"ReadAction","target":["https:\/\/redenoticiaz.com.br\/ribeiraopreto-regiao\/sp\/2026\/04\/22\/ribeirao-preto-inaugura-novo-caps-ii-centro-sul-e-amplia-atendimento-em-saude-mental"]}]},{"@type":"ImageObject","inLanguage":"pt-BR","@id":"https:\/\/redenoticiaz.com.br\/ribeiraopreto-regiao\/sp\/2026\/04\/22\/ribeirao-preto-inaugura-novo-caps-ii-centro-sul-e-amplia-atendimento-em-saude-mental#primaryimage","url":"https:\/\/redenoticiaz.com.br\/ribeiraopreto-regiao\/wp-content\/uploads\/sites\/4\/2026\/04\/inauguracao_caps_ii_vila_virginia_-_foto_guilherme_sircili_2.jpeg","contentUrl":"https:\/\/redenoticiaz.com.br\/ribeiraopreto-regiao\/wp-content\/uploads\/sites\/4\/2026\/04\/inauguracao_caps_ii_vila_virginia_-_foto_guilherme_sircili_2.jpeg","width":1620,"height":1080,"caption":"Ribeir\u00e3o Preto inaugura novo CAPS II Centro Sul e amplia atendimento em sa\u00fade mental"},{"@type":"WebSite","@id":"https:\/\/redenoticiaz.com.br\/ribeiraopreto-regiao\/#website","url":"https:\/\/redenoticiaz.com.br\/ribeiraopreto-regiao\/","name":"Ribeir\u00e3o Preto e Regi\u00e3o","description":"Rede NoticiaZ - Ribeir\u00e3o Preto e regi\u00e3o","publisher":{"@id":"https:\/\/redenoticiaz.com.br\/ribeiraopreto-regiao\/#organization"},"potentialAction":[{"@type":"SearchAction","target":{"@type":"EntryPoint","urlTemplate":"https:\/\/redenoticiaz.com.br\/ribeiraopreto-regiao\/?s={search_term_string}"},"query-input":{"@type":"PropertyValueSpecification","valueRequired":true,"valueName":"search_term_string"}}],"inLanguage":"pt-BR"},{"@type":"Organization","@id":"https:\/\/redenoticiaz.com.br\/ribeiraopreto-regiao\/#organization","name":"Ribeir\u00e3o Preto e Regi\u00e3o","url":"https:\/\/redenoticiaz.com.br\/ribeiraopreto-regiao\/","logo":{"@type":"ImageObject","inLanguage":"pt-BR","@id":"https:\/\/redenoticiaz.com.br\/ribeiraopreto-regiao\/#\/schema\/logo\/image\/","url":"https:\/\/redenoticiaz.com.br\/barretos-regiao\/wp-content\/uploads\/sites\/4\/2022\/02\/logo.jpg","contentUrl":"https:\/\/redenoticiaz.com.br\/barretos-regiao\/wp-content\/uploads\/sites\/4\/2022\/02\/logo.jpg","width":400,"height":250,"caption":"Ribeir\u00e3o Preto e Regi\u00e3o"},"image":{"@id":"https:\/\/redenoticiaz.com.br\/ribeiraopreto-regiao\/#\/schema\/logo\/image\/"},"sameAs":["https:\/\/m.facebook.com\/redenoticiaz.barretos","https:\/\/x.com\/RN_barretos","https:\/\/www.instagram.com\/redenoticiaz.barretos\/?igshid=YmMyMTA2M2Y","https:\/\/www.linkedin.com\/company\/rede-noticiaz-barretos-e-regio\/"]},{"@type":"Person","@id":"https:\/\/redenoticiaz.com.br\/ribeiraopreto-regiao\/#\/schema\/person\/1f84d6e94e6a62d2d81199d7503e9e90","name":"Carina Reifonas","image":{"@type":"ImageObject","inLanguage":"pt-BR","@id":"https:\/\/secure.gravatar.com\/avatar\/04c59859b23696cf867715880f81d5c037e60109730bdb4e6670ec2a2245bc97?s=96&d=mm&r=g","url":"https:\/\/secure.gravatar.com\/avatar\/04c59859b23696cf867715880f81d5c037e60109730bdb4e6670ec2a2245bc97?s=96&d=mm&r=g","contentUrl":"https:\/\/secure.gravatar.com\/avatar\/04c59859b23696cf867715880f81d5c037e60109730bdb4e6670ec2a2245bc97?s=96&d=mm&r=g","caption":"Carina Reifonas"},"url":"https:\/\/redenoticiaz.com.br\/ribeiraopreto-regiao\/sp\/author\/carinareifonas"}]}},"_links":{"self":[{"href":"https:\/\/redenoticiaz.com.br\/ribeiraopreto-regiao\/wp-json\/wp\/v2\/posts\/121231","targetHints":{"allow":["GET"]}}],"collection":[{"href":"https:\/\/redenoticiaz.com.br\/ribeiraopreto-regiao\/wp-json\/wp\/v2\/posts"}],"about":[{"href":"https:\/\/redenoticiaz.com.br\/ribeiraopreto-regiao\/wp-json\/wp\/v2\/types\/post"}],"author":[{"embeddable":true,"href":"https:\/\/redenoticiaz.com.br\/ribeiraopreto-regiao\/wp-json\/wp\/v2\/users\/30"}],"replies":[{"embeddable":true,"href":"https:\/\/redenoticiaz.com.br\/ribeiraopreto-regiao\/wp-json\/wp\/v2\/comments?post=121231"}],"version-history":[{"count":1,"href":"https:\/\/redenoticiaz.com.br\/ribeiraopreto-regiao\/wp-json\/wp\/v2\/posts\/121231\/revisions"}],"predecessor-version":[{"id":121234,"href":"https:\/\/redenoticiaz.com.br\/ribeiraopreto-regiao\/wp-json\/wp\/v2\/posts\/121231\/revisions\/121234"}],"wp:featuredmedia":[{"embeddable":true,"href":"https:\/\/redenoticiaz.com.br\/ribeiraopreto-regiao\/wp-json\/wp\/v2\/media\/121232"}],"wp:attachment":[{"href":"https:\/\/redenoticiaz.com.br\/ribeiraopreto-regiao\/wp-json\/wp\/v2\/media?parent=121231"}],"wp:term":[{"taxonomy":"category","embeddable":true,"href":"https:\/\/redenoticiaz.com.br\/ribeiraopreto-regiao\/wp-json\/wp\/v2\/categories?post=121231"},{"taxonomy":"post_tag","embeddable":true,"href":"https:\/\/redenoticiaz.com.br\/ribeiraopreto-regiao\/wp-json\/wp\/v2\/tags?post=121231"}],"curies":[{"name":"wp","href":"https:\/\/api.w.org\/{rel}","templated":true}]}}