{"id":121239,"date":"2026-04-23T09:51:16","date_gmt":"2026-04-23T12:51:16","guid":{"rendered":"https:\/\/redenoticiaz.com.br\/ribeiraopreto-regiao\/?p=121239"},"modified":"2026-04-23T09:51:16","modified_gmt":"2026-04-23T12:51:16","slug":"limpeza-na-estrada-do-boiadeiro-remove-70-toneladas-de-residuos-e-fecha-depositos-irregulares-em-ribeirao-preto","status":"publish","type":"post","link":"https:\/\/redenoticiaz.com.br\/ribeiraopreto-regiao\/sp\/2026\/04\/23\/limpeza-na-estrada-do-boiadeiro-remove-70-toneladas-de-residuos-e-fecha-depositos-irregulares-em-ribeirao-preto","title":{"rendered":"Limpeza na Estrada do Boiadeiro remove 70 toneladas de res\u00edduos e fecha dep\u00f3sitos irregulares em Ribeir\u00e3o Preto"},"content":{"rendered":"<p>A Estrada do Boiadeiro, na regi\u00e3o Oeste de Ribeir\u00e3o Preto (SP), voltou a ser alvo de uma opera\u00e7\u00e3o de limpeza e fiscaliza\u00e7\u00e3o nesta quarta-feira (22). A a\u00e7\u00e3o resultou na retirada de cerca de 70 toneladas de res\u00edduos somente no per\u00edodo da manh\u00e3, al\u00e9m da lacra\u00e7\u00e3o de dep\u00f3sitos irregulares de sucata.<\/p>\n<p>Localizada pr\u00f3xima \u00e0 Avenida Caramuru, a \u00e1rea \u00e9 considerada de preserva\u00e7\u00e3o ambiental e tem hist\u00f3rico de descarte irregular. As interven\u00e7\u00f5es v\u00eam sendo realizadas de forma peri\u00f3dica, com foco na redu\u00e7\u00e3o de impactos ambientais e na melhoria das condi\u00e7\u00f5es de seguran\u00e7a para moradores e comerciantes da regi\u00e3o.<\/p>\n<p>De acordo com a administra\u00e7\u00e3o municipal, as a\u00e7\u00f5es j\u00e1 apresentam \u10e8\u10d4\u10d3\u10d4\u10d2ados pr\u00e1ticos. Nas duas \u00faltimas opera\u00e7\u00f5es, aproximadamente 230 toneladas de res\u00edduos foram recolhidas, indicando queda no volume acumulado ao longo do tempo.<\/p>\n<p>A limpeza tamb\u00e9m reflete diretamente na recupera\u00e7\u00e3o do espa\u00e7o, especialmente nas margens do c\u00f3rrego, onde foi observada diminui\u00e7\u00e3o significativa de lixo. Paralelamente, a fiscaliza\u00e7\u00e3o cont\u00ednua tem contribu\u00eddo para reduzir o n\u00famero de estabelecimentos em situa\u00e7\u00e3o irregular.<\/p>\n<p>Os trabalhos seguem em andamento at\u00e9 a remo\u00e7\u00e3o total dos res\u00edduos, com atua\u00e7\u00e3o integrada de equipes respons\u00e1veis pela manuten\u00e7\u00e3o urbana, meio ambiente e seguran\u00e7a p\u00fablica.<\/p>\n<p>LEIA MAIS<\/p>\n<p><a href=\"https:\/\/redenoticiaz.com.br\/ribeiraopreto-regiao\/sp\/2026\/04\/23\/homem-e-preso-apos-esfaquear-ex-companheira-em-ribeirao-preto\">Homem \u00e9 preso ap\u00f3s esfaquear ex-companheira em Ribeir\u00e3o Preto<\/a><\/p>\n<p><a href=\"https:\/\/redenoticiaz.com.br\/ribeiraopreto-regiao\/sp\/2026\/04\/22\/mulher-e-encontrada-morta-em-ribeirao-preto\">Mulher \u00e9 encontrada morta em Ribeir\u00e3o Preto<\/a><\/p>\n","protected":false},"excerpt":{"rendered":"<p>A Estrada do Boiadeiro, na regi\u00e3o Oeste de Ribeir\u00e3o Preto (SP), voltou a ser alvo de uma opera\u00e7\u00e3o de limpeza e fiscaliza\u00e7\u00e3o nesta quarta-feira (22). A a\u00e7\u00e3o resultou na retirada de cerca de 70 toneladas de res\u00edduos somente no per\u00edodo da manh\u00e3, al\u00e9m da lacra\u00e7\u00e3o de dep\u00f3sitos irregulares de sucata. Localizada pr\u00f3xima \u00e0 Avenida Caramuru, &hellip;<\/p>\n","protected":false},"author":30,"featured_media":121240,"comment_status":"open","ping_status":"closed","sticky":false,"template":"","format":"standard","meta":{"footnotes":""},"categories":[94,31500],"tags":[31516,60,9186],"class_list":["post-121239","post","type-post","status-publish","format-standard","has-post-thumbnail","hentry","category-meio-ambiente","category-ribeirao-preto","tag-estrada-do-boiadeiro","tag-fiscalizacao","tag-limpeza"],"yoast_head":"<!-- This site is optimized with the Yoast SEO plugin v27.4 - https:\/\/yoast.com\/product\/yoast-seo-wordpress\/ -->\n<title>Limpeza na Estrada do Boiadeiro remove 70 toneladas de res\u00edduos e fecha dep\u00f3sitos irregulares em Ribeir\u00e3o Preto - Ribeir\u00e3o Preto e Regi\u00e3o<\/title>\n<meta name=\"description\" content=\"Prefeitura de Ribeir\u00e3o Preto realiza limpeza na Estrada do Boiadeiro, remove toneladas de res\u00edduos e lacra dep\u00f3sitos irregulares.\" \/>\n<meta name=\"robots\" content=\"index, follow, max-snippet:-1, max-image-preview:large, max-video-preview:-1\" \/>\n<link rel=\"canonical\" href=\"https:\/\/redenoticiaz.com.br\/ribeiraopreto-regiao\/sp\/2026\/04\/23\/limpeza-na-estrada-do-boiadeiro-remove-70-toneladas-de-residuos-e-fecha-depositos-irregulares-em-ribeirao-preto\" \/>\n<meta property=\"og:locale\" content=\"pt_BR\" \/>\n<meta property=\"og:type\" content=\"article\" \/>\n<meta property=\"og:title\" content=\"Limpeza na Estrada do Boiadeiro remove 70 toneladas de res\u00edduos e fecha dep\u00f3sitos irregulares em Ribeir\u00e3o Preto - Ribeir\u00e3o Preto e Regi\u00e3o\" \/>\n<meta property=\"og:description\" content=\"Prefeitura de Ribeir\u00e3o Preto realiza limpeza na Estrada do Boiadeiro, remove toneladas de res\u00edduos e lacra dep\u00f3sitos irregulares.\" \/>\n<meta property=\"og:url\" content=\"https:\/\/redenoticiaz.com.br\/ribeiraopreto-regiao\/sp\/2026\/04\/23\/limpeza-na-estrada-do-boiadeiro-remove-70-toneladas-de-residuos-e-fecha-depositos-irregulares-em-ribeirao-preto\" \/>\n<meta property=\"og:site_name\" content=\"Ribeir\u00e3o Preto e Regi\u00e3o\" \/>\n<meta property=\"article:publisher\" content=\"https:\/\/m.facebook.com\/redenoticiaz.barretos\" \/>\n<meta property=\"article:published_time\" content=\"2026-04-23T12:51:16+00:00\" \/>\n<meta property=\"og:image\" content=\"https:\/\/redenoticiaz.com.br\/ribeiraopreto-regiao\/wp-content\/uploads\/sites\/4\/2026\/04\/estradaboiadeiro_01.jpg\" \/>\n\t<meta property=\"og:image:width\" content=\"1280\" \/>\n\t<meta property=\"og:image:height\" content=\"853\" \/>\n\t<meta property=\"og:image:type\" content=\"image\/jpeg\" \/>\n<meta name=\"author\" content=\"Carina Reifonas\" \/>\n<meta name=\"twitter:card\" content=\"summary_large_image\" \/>\n<meta name=\"twitter:creator\" content=\"@RN_barretos\" \/>\n<meta name=\"twitter:site\" content=\"@RN_barretos\" \/>\n<meta name=\"twitter:label1\" content=\"Escrito por\" \/>\n\t<meta name=\"twitter:data1\" content=\"Carina Reifonas\" \/>\n\t<meta name=\"twitter:label2\" content=\"Est. tempo de leitura\" \/>\n\t<meta name=\"twitter:data2\" content=\"2 minutos\" \/>\n<script type=\"application\/ld+json\" class=\"yoast-schema-graph\">{\"@context\":\"https:\\\/\\\/schema.org\",\"@graph\":[{\"@type\":\"Article\",\"@id\":\"https:\\\/\\\/redenoticiaz.com.br\\\/ribeiraopreto-regiao\\\/sp\\\/2026\\\/04\\\/23\\\/limpeza-na-estrada-do-boiadeiro-remove-70-toneladas-de-residuos-e-fecha-depositos-irregulares-em-ribeirao-preto#article\",\"isPartOf\":{\"@id\":\"https:\\\/\\\/redenoticiaz.com.br\\\/ribeiraopreto-regiao\\\/sp\\\/2026\\\/04\\\/23\\\/limpeza-na-estrada-do-boiadeiro-remove-70-toneladas-de-residuos-e-fecha-depositos-irregulares-em-ribeirao-preto\"},\"author\":{\"name\":\"Carina Reifonas\",\"@id\":\"https:\\\/\\\/redenoticiaz.com.br\\\/ribeiraopreto-regiao\\\/#\\\/schema\\\/person\\\/1f84d6e94e6a62d2d81199d7503e9e90\"},\"headline\":\"Limpeza na Estrada do Boiadeiro remove 70 toneladas de res\u00edduos e fecha dep\u00f3sitos irregulares em Ribeir\u00e3o Preto\",\"datePublished\":\"2026-04-23T12:51:16+00:00\",\"mainEntityOfPage\":{\"@id\":\"https:\\\/\\\/redenoticiaz.com.br\\\/ribeiraopreto-regiao\\\/sp\\\/2026\\\/04\\\/23\\\/limpeza-na-estrada-do-boiadeiro-remove-70-toneladas-de-residuos-e-fecha-depositos-irregulares-em-ribeirao-preto\"},\"wordCount\":264,\"commentCount\":0,\"publisher\":{\"@id\":\"https:\\\/\\\/redenoticiaz.com.br\\\/ribeiraopreto-regiao\\\/#organization\"},\"image\":{\"@id\":\"https:\\\/\\\/redenoticiaz.com.br\\\/ribeiraopreto-regiao\\\/sp\\\/2026\\\/04\\\/23\\\/limpeza-na-estrada-do-boiadeiro-remove-70-toneladas-de-residuos-e-fecha-depositos-irregulares-em-ribeirao-preto#primaryimage\"},\"thumbnailUrl\":\"https:\\\/\\\/redenoticiaz.com.br\\\/ribeiraopreto-regiao\\\/wp-content\\\/uploads\\\/sites\\\/4\\\/2026\\\/04\\\/estradaboiadeiro_01.jpg\",\"keywords\":[\"Estrada do Boiadeiro\",\"FISCALIZA\u00c7\u00c3O\",\"LIMPEZA\"],\"articleSection\":[\"Meio Ambiente\",\"Ribeir\u00e3o Preto\"],\"inLanguage\":\"pt-BR\",\"potentialAction\":[{\"@type\":\"CommentAction\",\"name\":\"Comment\",\"target\":[\"https:\\\/\\\/redenoticiaz.com.br\\\/ribeiraopreto-regiao\\\/sp\\\/2026\\\/04\\\/23\\\/limpeza-na-estrada-do-boiadeiro-remove-70-toneladas-de-residuos-e-fecha-depositos-irregulares-em-ribeirao-preto#respond\"]}]},{\"@type\":\"WebPage\",\"@id\":\"https:\\\/\\\/redenoticiaz.com.br\\\/ribeiraopreto-regiao\\\/sp\\\/2026\\\/04\\\/23\\\/limpeza-na-estrada-do-boiadeiro-remove-70-toneladas-de-residuos-e-fecha-depositos-irregulares-em-ribeirao-preto\",\"url\":\"https:\\\/\\\/redenoticiaz.com.br\\\/ribeiraopreto-regiao\\\/sp\\\/2026\\\/04\\\/23\\\/limpeza-na-estrada-do-boiadeiro-remove-70-toneladas-de-residuos-e-fecha-depositos-irregulares-em-ribeirao-preto\",\"name\":\"Limpeza na Estrada do Boiadeiro remove 70 toneladas de res\u00edduos e fecha dep\u00f3sitos irregulares em Ribeir\u00e3o Preto - Ribeir\u00e3o Preto e Regi\u00e3o\",\"isPartOf\":{\"@id\":\"https:\\\/\\\/redenoticiaz.com.br\\\/ribeiraopreto-regiao\\\/#website\"},\"primaryImageOfPage\":{\"@id\":\"https:\\\/\\\/redenoticiaz.com.br\\\/ribeiraopreto-regiao\\\/sp\\\/2026\\\/04\\\/23\\\/limpeza-na-estrada-do-boiadeiro-remove-70-toneladas-de-residuos-e-fecha-depositos-irregulares-em-ribeirao-preto#primaryimage\"},\"image\":{\"@id\":\"https:\\\/\\\/redenoticiaz.com.br\\\/ribeiraopreto-regiao\\\/sp\\\/2026\\\/04\\\/23\\\/limpeza-na-estrada-do-boiadeiro-remove-70-toneladas-de-residuos-e-fecha-depositos-irregulares-em-ribeirao-preto#primaryimage\"},\"thumbnailUrl\":\"https:\\\/\\\/redenoticiaz.com.br\\\/ribeiraopreto-regiao\\\/wp-content\\\/uploads\\\/sites\\\/4\\\/2026\\\/04\\\/estradaboiadeiro_01.jpg\",\"datePublished\":\"2026-04-23T12:51:16+00:00\",\"description\":\"Prefeitura de Ribeir\u00e3o Preto realiza limpeza na Estrada do Boiadeiro, remove toneladas de res\u00edduos e lacra dep\u00f3sitos irregulares.\",\"inLanguage\":\"pt-BR\",\"potentialAction\":[{\"@type\":\"ReadAction\",\"target\":[\"https:\\\/\\\/redenoticiaz.com.br\\\/ribeiraopreto-regiao\\\/sp\\\/2026\\\/04\\\/23\\\/limpeza-na-estrada-do-boiadeiro-remove-70-toneladas-de-residuos-e-fecha-depositos-irregulares-em-ribeirao-preto\"]}]},{\"@type\":\"ImageObject\",\"inLanguage\":\"pt-BR\",\"@id\":\"https:\\\/\\\/redenoticiaz.com.br\\\/ribeiraopreto-regiao\\\/sp\\\/2026\\\/04\\\/23\\\/limpeza-na-estrada-do-boiadeiro-remove-70-toneladas-de-residuos-e-fecha-depositos-irregulares-em-ribeirao-preto#primaryimage\",\"url\":\"https:\\\/\\\/redenoticiaz.com.br\\\/ribeiraopreto-regiao\\\/wp-content\\\/uploads\\\/sites\\\/4\\\/2026\\\/04\\\/estradaboiadeiro_01.jpg\",\"contentUrl\":\"https:\\\/\\\/redenoticiaz.com.br\\\/ribeiraopreto-regiao\\\/wp-content\\\/uploads\\\/sites\\\/4\\\/2026\\\/04\\\/estradaboiadeiro_01.jpg\",\"width\":1280,\"height\":853,\"caption\":\"Limpeza na Estrada do Boiadeiro remove 70 toneladas de res\u00edduos e fecha dep\u00f3sitos irregulares em Ribeir\u00e3o Preto\"},{\"@type\":\"WebSite\",\"@id\":\"https:\\\/\\\/redenoticiaz.com.br\\\/ribeiraopreto-regiao\\\/#website\",\"url\":\"https:\\\/\\\/redenoticiaz.com.br\\\/ribeiraopreto-regiao\\\/\",\"name\":\"Ribeir\u00e3o Preto e Regi\u00e3o\",\"description\":\"Rede NoticiaZ - Ribeir\u00e3o Preto e regi\u00e3o\",\"publisher\":{\"@id\":\"https:\\\/\\\/redenoticiaz.com.br\\\/ribeiraopreto-regiao\\\/#organization\"},\"potentialAction\":[{\"@type\":\"SearchAction\",\"target\":{\"@type\":\"EntryPoint\",\"urlTemplate\":\"https:\\\/\\\/redenoticiaz.com.br\\\/ribeiraopreto-regiao\\\/?s={search_term_string}\"},\"query-input\":{\"@type\":\"PropertyValueSpecification\",\"valueRequired\":true,\"valueName\":\"search_term_string\"}}],\"inLanguage\":\"pt-BR\"},{\"@type\":\"Organization\",\"@id\":\"https:\\\/\\\/redenoticiaz.com.br\\\/ribeiraopreto-regiao\\\/#organization\",\"name\":\"Ribeir\u00e3o Preto e Regi\u00e3o\",\"url\":\"https:\\\/\\\/redenoticiaz.com.br\\\/ribeiraopreto-regiao\\\/\",\"logo\":{\"@type\":\"ImageObject\",\"inLanguage\":\"pt-BR\",\"@id\":\"https:\\\/\\\/redenoticiaz.com.br\\\/ribeiraopreto-regiao\\\/#\\\/schema\\\/logo\\\/image\\\/\",\"url\":\"https:\\\/\\\/redenoticiaz.com.br\\\/barretos-regiao\\\/wp-content\\\/uploads\\\/sites\\\/4\\\/2022\\\/02\\\/logo.jpg\",\"contentUrl\":\"https:\\\/\\\/redenoticiaz.com.br\\\/barretos-regiao\\\/wp-content\\\/uploads\\\/sites\\\/4\\\/2022\\\/02\\\/logo.jpg\",\"width\":400,\"height\":250,\"caption\":\"Ribeir\u00e3o Preto e Regi\u00e3o\"},\"image\":{\"@id\":\"https:\\\/\\\/redenoticiaz.com.br\\\/ribeiraopreto-regiao\\\/#\\\/schema\\\/logo\\\/image\\\/\"},\"sameAs\":[\"https:\\\/\\\/m.facebook.com\\\/redenoticiaz.barretos\",\"https:\\\/\\\/x.com\\\/RN_barretos\",\"https:\\\/\\\/www.instagram.com\\\/redenoticiaz.barretos\\\/?igshid=YmMyMTA2M2Y\",\"https:\\\/\\\/www.linkedin.com\\\/company\\\/rede-noticiaz-barretos-e-regio\\\/\"]},{\"@type\":\"Person\",\"@id\":\"https:\\\/\\\/redenoticiaz.com.br\\\/ribeiraopreto-regiao\\\/#\\\/schema\\\/person\\\/1f84d6e94e6a62d2d81199d7503e9e90\",\"name\":\"Carina Reifonas\",\"image\":{\"@type\":\"ImageObject\",\"inLanguage\":\"pt-BR\",\"@id\":\"https:\\\/\\\/secure.gravatar.com\\\/avatar\\\/04c59859b23696cf867715880f81d5c037e60109730bdb4e6670ec2a2245bc97?s=96&d=mm&r=g\",\"url\":\"https:\\\/\\\/secure.gravatar.com\\\/avatar\\\/04c59859b23696cf867715880f81d5c037e60109730bdb4e6670ec2a2245bc97?s=96&d=mm&r=g\",\"contentUrl\":\"https:\\\/\\\/secure.gravatar.com\\\/avatar\\\/04c59859b23696cf867715880f81d5c037e60109730bdb4e6670ec2a2245bc97?s=96&d=mm&r=g\",\"caption\":\"Carina Reifonas\"},\"url\":\"https:\\\/\\\/redenoticiaz.com.br\\\/ribeiraopreto-regiao\\\/sp\\\/author\\\/carinareifonas\"}]}<\/script>\n<!-- \/ Yoast SEO plugin. -->","yoast_head_json":{"title":"Limpeza na Estrada do Boiadeiro remove 70 toneladas de res\u00edduos e fecha dep\u00f3sitos irregulares em Ribeir\u00e3o Preto - Ribeir\u00e3o Preto e Regi\u00e3o","description":"Prefeitura de Ribeir\u00e3o Preto realiza limpeza na Estrada do Boiadeiro, remove toneladas de res\u00edduos e lacra dep\u00f3sitos irregulares.","robots":{"index":"index","follow":"follow","max-snippet":"max-snippet:-1","max-image-preview":"max-image-preview:large","max-video-preview":"max-video-preview:-1"},"canonical":"https:\/\/redenoticiaz.com.br\/ribeiraopreto-regiao\/sp\/2026\/04\/23\/limpeza-na-estrada-do-boiadeiro-remove-70-toneladas-de-residuos-e-fecha-depositos-irregulares-em-ribeirao-preto","og_locale":"pt_BR","og_type":"article","og_title":"Limpeza na Estrada do Boiadeiro remove 70 toneladas de res\u00edduos e fecha dep\u00f3sitos irregulares em Ribeir\u00e3o Preto - Ribeir\u00e3o Preto e Regi\u00e3o","og_description":"Prefeitura de Ribeir\u00e3o Preto realiza limpeza na Estrada do Boiadeiro, remove toneladas de res\u00edduos e lacra dep\u00f3sitos irregulares.","og_url":"https:\/\/redenoticiaz.com.br\/ribeiraopreto-regiao\/sp\/2026\/04\/23\/limpeza-na-estrada-do-boiadeiro-remove-70-toneladas-de-residuos-e-fecha-depositos-irregulares-em-ribeirao-preto","og_site_name":"Ribeir\u00e3o Preto e Regi\u00e3o","article_publisher":"https:\/\/m.facebook.com\/redenoticiaz.barretos","article_published_time":"2026-04-23T12:51:16+00:00","og_image":[{"width":1280,"height":853,"url":"https:\/\/redenoticiaz.com.br\/ribeiraopreto-regiao\/wp-content\/uploads\/sites\/4\/2026\/04\/estradaboiadeiro_01.jpg","type":"image\/jpeg"}],"author":"Carina Reifonas","twitter_card":"summary_large_image","twitter_creator":"@RN_barretos","twitter_site":"@RN_barretos","twitter_misc":{"Escrito por":"Carina Reifonas","Est. tempo de leitura":"2 minutos"},"schema":{"@context":"https:\/\/schema.org","@graph":[{"@type":"Article","@id":"https:\/\/redenoticiaz.com.br\/ribeiraopreto-regiao\/sp\/2026\/04\/23\/limpeza-na-estrada-do-boiadeiro-remove-70-toneladas-de-residuos-e-fecha-depositos-irregulares-em-ribeirao-preto#article","isPartOf":{"@id":"https:\/\/redenoticiaz.com.br\/ribeiraopreto-regiao\/sp\/2026\/04\/23\/limpeza-na-estrada-do-boiadeiro-remove-70-toneladas-de-residuos-e-fecha-depositos-irregulares-em-ribeirao-preto"},"author":{"name":"Carina Reifonas","@id":"https:\/\/redenoticiaz.com.br\/ribeiraopreto-regiao\/#\/schema\/person\/1f84d6e94e6a62d2d81199d7503e9e90"},"headline":"Limpeza na Estrada do Boiadeiro remove 70 toneladas de res\u00edduos e fecha dep\u00f3sitos irregulares em Ribeir\u00e3o Preto","datePublished":"2026-04-23T12:51:16+00:00","mainEntityOfPage":{"@id":"https:\/\/redenoticiaz.com.br\/ribeiraopreto-regiao\/sp\/2026\/04\/23\/limpeza-na-estrada-do-boiadeiro-remove-70-toneladas-de-residuos-e-fecha-depositos-irregulares-em-ribeirao-preto"},"wordCount":264,"commentCount":0,"publisher":{"@id":"https:\/\/redenoticiaz.com.br\/ribeiraopreto-regiao\/#organization"},"image":{"@id":"https:\/\/redenoticiaz.com.br\/ribeiraopreto-regiao\/sp\/2026\/04\/23\/limpeza-na-estrada-do-boiadeiro-remove-70-toneladas-de-residuos-e-fecha-depositos-irregulares-em-ribeirao-preto#primaryimage"},"thumbnailUrl":"https:\/\/redenoticiaz.com.br\/ribeiraopreto-regiao\/wp-content\/uploads\/sites\/4\/2026\/04\/estradaboiadeiro_01.jpg","keywords":["Estrada do Boiadeiro","FISCALIZA\u00c7\u00c3O","LIMPEZA"],"articleSection":["Meio Ambiente","Ribeir\u00e3o Preto"],"inLanguage":"pt-BR","potentialAction":[{"@type":"CommentAction","name":"Comment","target":["https:\/\/redenoticiaz.com.br\/ribeiraopreto-regiao\/sp\/2026\/04\/23\/limpeza-na-estrada-do-boiadeiro-remove-70-toneladas-de-residuos-e-fecha-depositos-irregulares-em-ribeirao-preto#respond"]}]},{"@type":"WebPage","@id":"https:\/\/redenoticiaz.com.br\/ribeiraopreto-regiao\/sp\/2026\/04\/23\/limpeza-na-estrada-do-boiadeiro-remove-70-toneladas-de-residuos-e-fecha-depositos-irregulares-em-ribeirao-preto","url":"https:\/\/redenoticiaz.com.br\/ribeiraopreto-regiao\/sp\/2026\/04\/23\/limpeza-na-estrada-do-boiadeiro-remove-70-toneladas-de-residuos-e-fecha-depositos-irregulares-em-ribeirao-preto","name":"Limpeza na Estrada do Boiadeiro remove 70 toneladas de res\u00edduos e fecha dep\u00f3sitos irregulares em Ribeir\u00e3o Preto - Ribeir\u00e3o Preto e Regi\u00e3o","isPartOf":{"@id":"https:\/\/redenoticiaz.com.br\/ribeiraopreto-regiao\/#website"},"primaryImageOfPage":{"@id":"https:\/\/redenoticiaz.com.br\/ribeiraopreto-regiao\/sp\/2026\/04\/23\/limpeza-na-estrada-do-boiadeiro-remove-70-toneladas-de-residuos-e-fecha-depositos-irregulares-em-ribeirao-preto#primaryimage"},"image":{"@id":"https:\/\/redenoticiaz.com.br\/ribeiraopreto-regiao\/sp\/2026\/04\/23\/limpeza-na-estrada-do-boiadeiro-remove-70-toneladas-de-residuos-e-fecha-depositos-irregulares-em-ribeirao-preto#primaryimage"},"thumbnailUrl":"https:\/\/redenoticiaz.com.br\/ribeiraopreto-regiao\/wp-content\/uploads\/sites\/4\/2026\/04\/estradaboiadeiro_01.jpg","datePublished":"2026-04-23T12:51:16+00:00","description":"Prefeitura de Ribeir\u00e3o Preto realiza limpeza na Estrada do Boiadeiro, remove toneladas de res\u00edduos e lacra dep\u00f3sitos irregulares.","inLanguage":"pt-BR","potentialAction":[{"@type":"ReadAction","target":["https:\/\/redenoticiaz.com.br\/ribeiraopreto-regiao\/sp\/2026\/04\/23\/limpeza-na-estrada-do-boiadeiro-remove-70-toneladas-de-residuos-e-fecha-depositos-irregulares-em-ribeirao-preto"]}]},{"@type":"ImageObject","inLanguage":"pt-BR","@id":"https:\/\/redenoticiaz.com.br\/ribeiraopreto-regiao\/sp\/2026\/04\/23\/limpeza-na-estrada-do-boiadeiro-remove-70-toneladas-de-residuos-e-fecha-depositos-irregulares-em-ribeirao-preto#primaryimage","url":"https:\/\/redenoticiaz.com.br\/ribeiraopreto-regiao\/wp-content\/uploads\/sites\/4\/2026\/04\/estradaboiadeiro_01.jpg","contentUrl":"https:\/\/redenoticiaz.com.br\/ribeiraopreto-regiao\/wp-content\/uploads\/sites\/4\/2026\/04\/estradaboiadeiro_01.jpg","width":1280,"height":853,"caption":"Limpeza na Estrada do Boiadeiro remove 70 toneladas de res\u00edduos e fecha dep\u00f3sitos irregulares em Ribeir\u00e3o Preto"},{"@type":"WebSite","@id":"https:\/\/redenoticiaz.com.br\/ribeiraopreto-regiao\/#website","url":"https:\/\/redenoticiaz.com.br\/ribeiraopreto-regiao\/","name":"Ribeir\u00e3o Preto e Regi\u00e3o","description":"Rede NoticiaZ - Ribeir\u00e3o Preto e regi\u00e3o","publisher":{"@id":"https:\/\/redenoticiaz.com.br\/ribeiraopreto-regiao\/#organization"},"potentialAction":[{"@type":"SearchAction","target":{"@type":"EntryPoint","urlTemplate":"https:\/\/redenoticiaz.com.br\/ribeiraopreto-regiao\/?s={search_term_string}"},"query-input":{"@type":"PropertyValueSpecification","valueRequired":true,"valueName":"search_term_string"}}],"inLanguage":"pt-BR"},{"@type":"Organization","@id":"https:\/\/redenoticiaz.com.br\/ribeiraopreto-regiao\/#organization","name":"Ribeir\u00e3o Preto e Regi\u00e3o","url":"https:\/\/redenoticiaz.com.br\/ribeiraopreto-regiao\/","logo":{"@type":"ImageObject","inLanguage":"pt-BR","@id":"https:\/\/redenoticiaz.com.br\/ribeiraopreto-regiao\/#\/schema\/logo\/image\/","url":"https:\/\/redenoticiaz.com.br\/barretos-regiao\/wp-content\/uploads\/sites\/4\/2022\/02\/logo.jpg","contentUrl":"https:\/\/redenoticiaz.com.br\/barretos-regiao\/wp-content\/uploads\/sites\/4\/2022\/02\/logo.jpg","width":400,"height":250,"caption":"Ribeir\u00e3o Preto e Regi\u00e3o"},"image":{"@id":"https:\/\/redenoticiaz.com.br\/ribeiraopreto-regiao\/#\/schema\/logo\/image\/"},"sameAs":["https:\/\/m.facebook.com\/redenoticiaz.barretos","https:\/\/x.com\/RN_barretos","https:\/\/www.instagram.com\/redenoticiaz.barretos\/?igshid=YmMyMTA2M2Y","https:\/\/www.linkedin.com\/company\/rede-noticiaz-barretos-e-regio\/"]},{"@type":"Person","@id":"https:\/\/redenoticiaz.com.br\/ribeiraopreto-regiao\/#\/schema\/person\/1f84d6e94e6a62d2d81199d7503e9e90","name":"Carina Reifonas","image":{"@type":"ImageObject","inLanguage":"pt-BR","@id":"https:\/\/secure.gravatar.com\/avatar\/04c59859b23696cf867715880f81d5c037e60109730bdb4e6670ec2a2245bc97?s=96&d=mm&r=g","url":"https:\/\/secure.gravatar.com\/avatar\/04c59859b23696cf867715880f81d5c037e60109730bdb4e6670ec2a2245bc97?s=96&d=mm&r=g","contentUrl":"https:\/\/secure.gravatar.com\/avatar\/04c59859b23696cf867715880f81d5c037e60109730bdb4e6670ec2a2245bc97?s=96&d=mm&r=g","caption":"Carina Reifonas"},"url":"https:\/\/redenoticiaz.com.br\/ribeiraopreto-regiao\/sp\/author\/carinareifonas"}]}},"_links":{"self":[{"href":"https:\/\/redenoticiaz.com.br\/ribeiraopreto-regiao\/wp-json\/wp\/v2\/posts\/121239","targetHints":{"allow":["GET"]}}],"collection":[{"href":"https:\/\/redenoticiaz.com.br\/ribeiraopreto-regiao\/wp-json\/wp\/v2\/posts"}],"about":[{"href":"https:\/\/redenoticiaz.com.br\/ribeiraopreto-regiao\/wp-json\/wp\/v2\/types\/post"}],"author":[{"embeddable":true,"href":"https:\/\/redenoticiaz.com.br\/ribeiraopreto-regiao\/wp-json\/wp\/v2\/users\/30"}],"replies":[{"embeddable":true,"href":"https:\/\/redenoticiaz.com.br\/ribeiraopreto-regiao\/wp-json\/wp\/v2\/comments?post=121239"}],"version-history":[{"count":1,"href":"https:\/\/redenoticiaz.com.br\/ribeiraopreto-regiao\/wp-json\/wp\/v2\/posts\/121239\/revisions"}],"predecessor-version":[{"id":121241,"href":"https:\/\/redenoticiaz.com.br\/ribeiraopreto-regiao\/wp-json\/wp\/v2\/posts\/121239\/revisions\/121241"}],"wp:featuredmedia":[{"embeddable":true,"href":"https:\/\/redenoticiaz.com.br\/ribeiraopreto-regiao\/wp-json\/wp\/v2\/media\/121240"}],"wp:attachment":[{"href":"https:\/\/redenoticiaz.com.br\/ribeiraopreto-regiao\/wp-json\/wp\/v2\/media?parent=121239"}],"wp:term":[{"taxonomy":"category","embeddable":true,"href":"https:\/\/redenoticiaz.com.br\/ribeiraopreto-regiao\/wp-json\/wp\/v2\/categories?post=121239"},{"taxonomy":"post_tag","embeddable":true,"href":"https:\/\/redenoticiaz.com.br\/ribeiraopreto-regiao\/wp-json\/wp\/v2\/tags?post=121239"}],"curies":[{"name":"wp","href":"https:\/\/api.w.org\/{rel}","templated":true}]}}