{"id":121251,"date":"2026-04-24T10:08:37","date_gmt":"2026-04-24T13:08:37","guid":{"rendered":"https:\/\/redenoticiaz.com.br\/ribeiraopreto-regiao\/?p=121251"},"modified":"2026-04-24T10:08:37","modified_gmt":"2026-04-24T13:08:37","slug":"idoso-e-rendido-por-criminosos-armados-durante-roubo-em-padaria-em-ribeirao-preto","status":"publish","type":"post","link":"https:\/\/redenoticiaz.com.br\/ribeiraopreto-regiao\/sp\/2026\/04\/24\/idoso-e-rendido-por-criminosos-armados-durante-roubo-em-padaria-em-ribeirao-preto","title":{"rendered":"Idoso \u00e9 rendido por criminosos armados durante roubo em padaria em Ribeir\u00e3o Preto"},"content":{"rendered":"<p>Um idoso de 70 anos foi roubado enquanto se preparava para trabalhar na madrugada desta quarta-feira (22), em uma padaria no bairro Jardim Maria Casagrande, na zona Norte de Ribeir\u00e3o Preto.<\/p>\n<p>De acordo com a Pol\u00edcia Militar, o propriet\u00e1rio do estabelecimento \u2014 localizado ao lado da pr\u00f3pria resid\u00eancia \u2014 acordou por volta das 3h30 para iniciar a produ\u00e7\u00e3o quando foi surpreendido por dois criminosos armados.<\/p>\n<p>C\u00e2meras de seguran\u00e7a registraram o momento em que a v\u00edtima \u00e9 rendida e amea\u00e7ada durante a a\u00e7\u00e3o.<\/p>\n<p>Segundo o registro da ocorr\u00eancia, os suspeitos levaram cerca de R$ 2 mil em dinheiro, semijoias e produtos da padaria. Na fuga, tamb\u00e9m roubaram o carro da filha do idoso.<\/p>\n<p>O ve\u00edculo foi localizado posteriormente, mas os autores do crime ainda n\u00e3o foram identificados. O caso foi registrado e ser\u00e1 investigado pela Pol\u00edcia Civil.<\/p>\n<p>Informa\u00e7\u00f5es que possam ajudar na identifica\u00e7\u00e3o dos suspeitos podem ser repassadas de forma an\u00f4nima pelo Disque-Den\u00fancia, no telefone 181.<\/p>\n<p>LEIA MAIS<\/p>\n<p><a href=\"https:\/\/redenoticiaz.com.br\/ribeiraopreto-regiao\/sp\/2026\/04\/24\/acidente-na-anhanguera-em-jundiai-envolve-caminhoes-e-deixa-motorista-ferido\">Acidente na Anhanguera em Jundia\u00ed envolve caminh\u00f5es e deixa motorista ferido<\/a><\/p>\n<p><a href=\"https:\/\/redenoticiaz.com.br\/ribeiraopreto-regiao\/sp\/2026\/04\/23\/dia-mundial-da-criatividade-2026-em-ribeirao-preto-tem-programacao-gratuita-com-mais-de-40-atividades\">Dia Mundial da Criatividade 2026 em Ribeir\u00e3o Preto tem programa\u00e7\u00e3o gratuita com mais de 40 atividades<\/a><\/p>\n","protected":false},"excerpt":{"rendered":"<p>Um idoso de 70 anos foi roubado enquanto se preparava para trabalhar na madrugada desta quarta-feira (22), em uma padaria no bairro Jardim Maria Casagrande, na zona Norte de Ribeir\u00e3o Preto. De acordo com a Pol\u00edcia Militar, o propriet\u00e1rio do estabelecimento \u2014 localizado ao lado da pr\u00f3pria resid\u00eancia \u2014 acordou por volta das 3h30 para &hellip;<\/p>\n","protected":false},"author":30,"featured_media":121252,"comment_status":"open","ping_status":"closed","sticky":false,"template":"","format":"standard","meta":{"footnotes":""},"categories":[88,31500],"tags":[18114,20075,2182,4097],"class_list":["post-121251","post","type-post","status-publish","format-standard","has-post-thumbnail","hentry","category-policia","category-ribeirao-preto","tag-armados","tag-criminosos","tag-idoso","tag-ribeirao-preto"],"yoast_head":"<!-- This site is optimized with the Yoast SEO plugin v27.4 - https:\/\/yoast.com\/product\/yoast-seo-wordpress\/ -->\n<title>Idoso \u00e9 rendido por criminosos armados durante roubo em padaria em Ribeir\u00e3o Preto - Ribeir\u00e3o Preto e Regi\u00e3o<\/title>\n<meta name=\"description\" content=\"Roubo em padaria de Ribeir\u00e3o Preto deixa idoso de 70 anos sob amea\u00e7a. Criminosos armados levaram dinheiro, produtos e ve\u00edculo.\" \/>\n<meta name=\"robots\" content=\"index, follow, max-snippet:-1, max-image-preview:large, max-video-preview:-1\" \/>\n<link rel=\"canonical\" href=\"https:\/\/redenoticiaz.com.br\/ribeiraopreto-regiao\/sp\/2026\/04\/24\/idoso-e-rendido-por-criminosos-armados-durante-roubo-em-padaria-em-ribeirao-preto\" \/>\n<meta property=\"og:locale\" content=\"pt_BR\" \/>\n<meta property=\"og:type\" content=\"article\" \/>\n<meta property=\"og:title\" content=\"Idoso \u00e9 rendido por criminosos armados durante roubo em padaria em Ribeir\u00e3o Preto - Ribeir\u00e3o Preto e Regi\u00e3o\" \/>\n<meta property=\"og:description\" content=\"Roubo em padaria de Ribeir\u00e3o Preto deixa idoso de 70 anos sob amea\u00e7a. Criminosos armados levaram dinheiro, produtos e ve\u00edculo.\" \/>\n<meta property=\"og:url\" content=\"https:\/\/redenoticiaz.com.br\/ribeiraopreto-regiao\/sp\/2026\/04\/24\/idoso-e-rendido-por-criminosos-armados-durante-roubo-em-padaria-em-ribeirao-preto\" \/>\n<meta property=\"og:site_name\" content=\"Ribeir\u00e3o Preto e Regi\u00e3o\" \/>\n<meta property=\"article:publisher\" content=\"https:\/\/m.facebook.com\/redenoticiaz.barretos\" \/>\n<meta property=\"article:published_time\" content=\"2026-04-24T13:08:37+00:00\" \/>\n<meta property=\"og:image\" content=\"https:\/\/redenoticiaz.com.br\/ribeiraopreto-regiao\/wp-content\/uploads\/sites\/4\/2026\/04\/Captura-de-tela-2026-04-24-091413.png\" \/>\n\t<meta property=\"og:image:width\" content=\"547\" \/>\n\t<meta property=\"og:image:height\" content=\"376\" \/>\n\t<meta property=\"og:image:type\" content=\"image\/png\" \/>\n<meta name=\"author\" content=\"Carina Reifonas\" \/>\n<meta name=\"twitter:card\" content=\"summary_large_image\" \/>\n<meta name=\"twitter:creator\" content=\"@RN_barretos\" \/>\n<meta name=\"twitter:site\" content=\"@RN_barretos\" \/>\n<meta name=\"twitter:label1\" content=\"Escrito por\" \/>\n\t<meta name=\"twitter:data1\" content=\"Carina Reifonas\" \/>\n\t<meta name=\"twitter:label2\" content=\"Est. tempo de leitura\" \/>\n\t<meta name=\"twitter:data2\" content=\"2 minutos\" \/>\n<script type=\"application\/ld+json\" class=\"yoast-schema-graph\">{\"@context\":\"https:\\\/\\\/schema.org\",\"@graph\":[{\"@type\":\"Article\",\"@id\":\"https:\\\/\\\/redenoticiaz.com.br\\\/ribeiraopreto-regiao\\\/sp\\\/2026\\\/04\\\/24\\\/idoso-e-rendido-por-criminosos-armados-durante-roubo-em-padaria-em-ribeirao-preto#article\",\"isPartOf\":{\"@id\":\"https:\\\/\\\/redenoticiaz.com.br\\\/ribeiraopreto-regiao\\\/sp\\\/2026\\\/04\\\/24\\\/idoso-e-rendido-por-criminosos-armados-durante-roubo-em-padaria-em-ribeirao-preto\"},\"author\":{\"name\":\"Carina Reifonas\",\"@id\":\"https:\\\/\\\/redenoticiaz.com.br\\\/ribeiraopreto-regiao\\\/#\\\/schema\\\/person\\\/1f84d6e94e6a62d2d81199d7503e9e90\"},\"headline\":\"Idoso \u00e9 rendido por criminosos armados durante roubo em padaria em Ribeir\u00e3o Preto\",\"datePublished\":\"2026-04-24T13:08:37+00:00\",\"mainEntityOfPage\":{\"@id\":\"https:\\\/\\\/redenoticiaz.com.br\\\/ribeiraopreto-regiao\\\/sp\\\/2026\\\/04\\\/24\\\/idoso-e-rendido-por-criminosos-armados-durante-roubo-em-padaria-em-ribeirao-preto\"},\"wordCount\":211,\"commentCount\":0,\"publisher\":{\"@id\":\"https:\\\/\\\/redenoticiaz.com.br\\\/ribeiraopreto-regiao\\\/#organization\"},\"image\":{\"@id\":\"https:\\\/\\\/redenoticiaz.com.br\\\/ribeiraopreto-regiao\\\/sp\\\/2026\\\/04\\\/24\\\/idoso-e-rendido-por-criminosos-armados-durante-roubo-em-padaria-em-ribeirao-preto#primaryimage\"},\"thumbnailUrl\":\"https:\\\/\\\/redenoticiaz.com.br\\\/ribeiraopreto-regiao\\\/wp-content\\\/uploads\\\/sites\\\/4\\\/2026\\\/04\\\/Captura-de-tela-2026-04-24-091413.png\",\"keywords\":[\"ARMADOS\",\"CRIMINOSOS\",\"IDOSO\",\"RIBEIR\u00c3O PRETO\"],\"articleSection\":[\"Pol\u00edcia\",\"Ribeir\u00e3o Preto\"],\"inLanguage\":\"pt-BR\",\"potentialAction\":[{\"@type\":\"CommentAction\",\"name\":\"Comment\",\"target\":[\"https:\\\/\\\/redenoticiaz.com.br\\\/ribeiraopreto-regiao\\\/sp\\\/2026\\\/04\\\/24\\\/idoso-e-rendido-por-criminosos-armados-durante-roubo-em-padaria-em-ribeirao-preto#respond\"]}]},{\"@type\":\"WebPage\",\"@id\":\"https:\\\/\\\/redenoticiaz.com.br\\\/ribeiraopreto-regiao\\\/sp\\\/2026\\\/04\\\/24\\\/idoso-e-rendido-por-criminosos-armados-durante-roubo-em-padaria-em-ribeirao-preto\",\"url\":\"https:\\\/\\\/redenoticiaz.com.br\\\/ribeiraopreto-regiao\\\/sp\\\/2026\\\/04\\\/24\\\/idoso-e-rendido-por-criminosos-armados-durante-roubo-em-padaria-em-ribeirao-preto\",\"name\":\"Idoso \u00e9 rendido por criminosos armados durante roubo em padaria em Ribeir\u00e3o Preto - Ribeir\u00e3o Preto e Regi\u00e3o\",\"isPartOf\":{\"@id\":\"https:\\\/\\\/redenoticiaz.com.br\\\/ribeiraopreto-regiao\\\/#website\"},\"primaryImageOfPage\":{\"@id\":\"https:\\\/\\\/redenoticiaz.com.br\\\/ribeiraopreto-regiao\\\/sp\\\/2026\\\/04\\\/24\\\/idoso-e-rendido-por-criminosos-armados-durante-roubo-em-padaria-em-ribeirao-preto#primaryimage\"},\"image\":{\"@id\":\"https:\\\/\\\/redenoticiaz.com.br\\\/ribeiraopreto-regiao\\\/sp\\\/2026\\\/04\\\/24\\\/idoso-e-rendido-por-criminosos-armados-durante-roubo-em-padaria-em-ribeirao-preto#primaryimage\"},\"thumbnailUrl\":\"https:\\\/\\\/redenoticiaz.com.br\\\/ribeiraopreto-regiao\\\/wp-content\\\/uploads\\\/sites\\\/4\\\/2026\\\/04\\\/Captura-de-tela-2026-04-24-091413.png\",\"datePublished\":\"2026-04-24T13:08:37+00:00\",\"description\":\"Roubo em padaria de Ribeir\u00e3o Preto deixa idoso de 70 anos sob amea\u00e7a. Criminosos armados levaram dinheiro, produtos e ve\u00edculo.\",\"inLanguage\":\"pt-BR\",\"potentialAction\":[{\"@type\":\"ReadAction\",\"target\":[\"https:\\\/\\\/redenoticiaz.com.br\\\/ribeiraopreto-regiao\\\/sp\\\/2026\\\/04\\\/24\\\/idoso-e-rendido-por-criminosos-armados-durante-roubo-em-padaria-em-ribeirao-preto\"]}]},{\"@type\":\"ImageObject\",\"inLanguage\":\"pt-BR\",\"@id\":\"https:\\\/\\\/redenoticiaz.com.br\\\/ribeiraopreto-regiao\\\/sp\\\/2026\\\/04\\\/24\\\/idoso-e-rendido-por-criminosos-armados-durante-roubo-em-padaria-em-ribeirao-preto#primaryimage\",\"url\":\"https:\\\/\\\/redenoticiaz.com.br\\\/ribeiraopreto-regiao\\\/wp-content\\\/uploads\\\/sites\\\/4\\\/2026\\\/04\\\/Captura-de-tela-2026-04-24-091413.png\",\"contentUrl\":\"https:\\\/\\\/redenoticiaz.com.br\\\/ribeiraopreto-regiao\\\/wp-content\\\/uploads\\\/sites\\\/4\\\/2026\\\/04\\\/Captura-de-tela-2026-04-24-091413.png\",\"width\":547,\"height\":376,\"caption\":\"Idoso \u00e9 rendido por criminosos armados durante roubo em padaria em Ribeir\u00e3o Preto\"},{\"@type\":\"WebSite\",\"@id\":\"https:\\\/\\\/redenoticiaz.com.br\\\/ribeiraopreto-regiao\\\/#website\",\"url\":\"https:\\\/\\\/redenoticiaz.com.br\\\/ribeiraopreto-regiao\\\/\",\"name\":\"Ribeir\u00e3o Preto e Regi\u00e3o\",\"description\":\"Rede NoticiaZ - Ribeir\u00e3o Preto e regi\u00e3o\",\"publisher\":{\"@id\":\"https:\\\/\\\/redenoticiaz.com.br\\\/ribeiraopreto-regiao\\\/#organization\"},\"potentialAction\":[{\"@type\":\"SearchAction\",\"target\":{\"@type\":\"EntryPoint\",\"urlTemplate\":\"https:\\\/\\\/redenoticiaz.com.br\\\/ribeiraopreto-regiao\\\/?s={search_term_string}\"},\"query-input\":{\"@type\":\"PropertyValueSpecification\",\"valueRequired\":true,\"valueName\":\"search_term_string\"}}],\"inLanguage\":\"pt-BR\"},{\"@type\":\"Organization\",\"@id\":\"https:\\\/\\\/redenoticiaz.com.br\\\/ribeiraopreto-regiao\\\/#organization\",\"name\":\"Ribeir\u00e3o Preto e Regi\u00e3o\",\"url\":\"https:\\\/\\\/redenoticiaz.com.br\\\/ribeiraopreto-regiao\\\/\",\"logo\":{\"@type\":\"ImageObject\",\"inLanguage\":\"pt-BR\",\"@id\":\"https:\\\/\\\/redenoticiaz.com.br\\\/ribeiraopreto-regiao\\\/#\\\/schema\\\/logo\\\/image\\\/\",\"url\":\"https:\\\/\\\/redenoticiaz.com.br\\\/barretos-regiao\\\/wp-content\\\/uploads\\\/sites\\\/4\\\/2022\\\/02\\\/logo.jpg\",\"contentUrl\":\"https:\\\/\\\/redenoticiaz.com.br\\\/barretos-regiao\\\/wp-content\\\/uploads\\\/sites\\\/4\\\/2022\\\/02\\\/logo.jpg\",\"width\":400,\"height\":250,\"caption\":\"Ribeir\u00e3o Preto e Regi\u00e3o\"},\"image\":{\"@id\":\"https:\\\/\\\/redenoticiaz.com.br\\\/ribeiraopreto-regiao\\\/#\\\/schema\\\/logo\\\/image\\\/\"},\"sameAs\":[\"https:\\\/\\\/m.facebook.com\\\/redenoticiaz.barretos\",\"https:\\\/\\\/x.com\\\/RN_barretos\",\"https:\\\/\\\/www.instagram.com\\\/redenoticiaz.barretos\\\/?igshid=YmMyMTA2M2Y\",\"https:\\\/\\\/www.linkedin.com\\\/company\\\/rede-noticiaz-barretos-e-regio\\\/\"]},{\"@type\":\"Person\",\"@id\":\"https:\\\/\\\/redenoticiaz.com.br\\\/ribeiraopreto-regiao\\\/#\\\/schema\\\/person\\\/1f84d6e94e6a62d2d81199d7503e9e90\",\"name\":\"Carina Reifonas\",\"image\":{\"@type\":\"ImageObject\",\"inLanguage\":\"pt-BR\",\"@id\":\"https:\\\/\\\/secure.gravatar.com\\\/avatar\\\/04c59859b23696cf867715880f81d5c037e60109730bdb4e6670ec2a2245bc97?s=96&d=mm&r=g\",\"url\":\"https:\\\/\\\/secure.gravatar.com\\\/avatar\\\/04c59859b23696cf867715880f81d5c037e60109730bdb4e6670ec2a2245bc97?s=96&d=mm&r=g\",\"contentUrl\":\"https:\\\/\\\/secure.gravatar.com\\\/avatar\\\/04c59859b23696cf867715880f81d5c037e60109730bdb4e6670ec2a2245bc97?s=96&d=mm&r=g\",\"caption\":\"Carina Reifonas\"},\"url\":\"https:\\\/\\\/redenoticiaz.com.br\\\/ribeiraopreto-regiao\\\/sp\\\/author\\\/carinareifonas\"}]}<\/script>\n<!-- \/ Yoast SEO plugin. -->","yoast_head_json":{"title":"Idoso \u00e9 rendido por criminosos armados durante roubo em padaria em Ribeir\u00e3o Preto - Ribeir\u00e3o Preto e Regi\u00e3o","description":"Roubo em padaria de Ribeir\u00e3o Preto deixa idoso de 70 anos sob amea\u00e7a. Criminosos armados levaram dinheiro, produtos e ve\u00edculo.","robots":{"index":"index","follow":"follow","max-snippet":"max-snippet:-1","max-image-preview":"max-image-preview:large","max-video-preview":"max-video-preview:-1"},"canonical":"https:\/\/redenoticiaz.com.br\/ribeiraopreto-regiao\/sp\/2026\/04\/24\/idoso-e-rendido-por-criminosos-armados-durante-roubo-em-padaria-em-ribeirao-preto","og_locale":"pt_BR","og_type":"article","og_title":"Idoso \u00e9 rendido por criminosos armados durante roubo em padaria em Ribeir\u00e3o Preto - Ribeir\u00e3o Preto e Regi\u00e3o","og_description":"Roubo em padaria de Ribeir\u00e3o Preto deixa idoso de 70 anos sob amea\u00e7a. Criminosos armados levaram dinheiro, produtos e ve\u00edculo.","og_url":"https:\/\/redenoticiaz.com.br\/ribeiraopreto-regiao\/sp\/2026\/04\/24\/idoso-e-rendido-por-criminosos-armados-durante-roubo-em-padaria-em-ribeirao-preto","og_site_name":"Ribeir\u00e3o Preto e Regi\u00e3o","article_publisher":"https:\/\/m.facebook.com\/redenoticiaz.barretos","article_published_time":"2026-04-24T13:08:37+00:00","og_image":[{"width":547,"height":376,"url":"https:\/\/redenoticiaz.com.br\/ribeiraopreto-regiao\/wp-content\/uploads\/sites\/4\/2026\/04\/Captura-de-tela-2026-04-24-091413.png","type":"image\/png"}],"author":"Carina Reifonas","twitter_card":"summary_large_image","twitter_creator":"@RN_barretos","twitter_site":"@RN_barretos","twitter_misc":{"Escrito por":"Carina Reifonas","Est. tempo de leitura":"2 minutos"},"schema":{"@context":"https:\/\/schema.org","@graph":[{"@type":"Article","@id":"https:\/\/redenoticiaz.com.br\/ribeiraopreto-regiao\/sp\/2026\/04\/24\/idoso-e-rendido-por-criminosos-armados-durante-roubo-em-padaria-em-ribeirao-preto#article","isPartOf":{"@id":"https:\/\/redenoticiaz.com.br\/ribeiraopreto-regiao\/sp\/2026\/04\/24\/idoso-e-rendido-por-criminosos-armados-durante-roubo-em-padaria-em-ribeirao-preto"},"author":{"name":"Carina Reifonas","@id":"https:\/\/redenoticiaz.com.br\/ribeiraopreto-regiao\/#\/schema\/person\/1f84d6e94e6a62d2d81199d7503e9e90"},"headline":"Idoso \u00e9 rendido por criminosos armados durante roubo em padaria em Ribeir\u00e3o Preto","datePublished":"2026-04-24T13:08:37+00:00","mainEntityOfPage":{"@id":"https:\/\/redenoticiaz.com.br\/ribeiraopreto-regiao\/sp\/2026\/04\/24\/idoso-e-rendido-por-criminosos-armados-durante-roubo-em-padaria-em-ribeirao-preto"},"wordCount":211,"commentCount":0,"publisher":{"@id":"https:\/\/redenoticiaz.com.br\/ribeiraopreto-regiao\/#organization"},"image":{"@id":"https:\/\/redenoticiaz.com.br\/ribeiraopreto-regiao\/sp\/2026\/04\/24\/idoso-e-rendido-por-criminosos-armados-durante-roubo-em-padaria-em-ribeirao-preto#primaryimage"},"thumbnailUrl":"https:\/\/redenoticiaz.com.br\/ribeiraopreto-regiao\/wp-content\/uploads\/sites\/4\/2026\/04\/Captura-de-tela-2026-04-24-091413.png","keywords":["ARMADOS","CRIMINOSOS","IDOSO","RIBEIR\u00c3O PRETO"],"articleSection":["Pol\u00edcia","Ribeir\u00e3o Preto"],"inLanguage":"pt-BR","potentialAction":[{"@type":"CommentAction","name":"Comment","target":["https:\/\/redenoticiaz.com.br\/ribeiraopreto-regiao\/sp\/2026\/04\/24\/idoso-e-rendido-por-criminosos-armados-durante-roubo-em-padaria-em-ribeirao-preto#respond"]}]},{"@type":"WebPage","@id":"https:\/\/redenoticiaz.com.br\/ribeiraopreto-regiao\/sp\/2026\/04\/24\/idoso-e-rendido-por-criminosos-armados-durante-roubo-em-padaria-em-ribeirao-preto","url":"https:\/\/redenoticiaz.com.br\/ribeiraopreto-regiao\/sp\/2026\/04\/24\/idoso-e-rendido-por-criminosos-armados-durante-roubo-em-padaria-em-ribeirao-preto","name":"Idoso \u00e9 rendido por criminosos armados durante roubo em padaria em Ribeir\u00e3o Preto - Ribeir\u00e3o Preto e Regi\u00e3o","isPartOf":{"@id":"https:\/\/redenoticiaz.com.br\/ribeiraopreto-regiao\/#website"},"primaryImageOfPage":{"@id":"https:\/\/redenoticiaz.com.br\/ribeiraopreto-regiao\/sp\/2026\/04\/24\/idoso-e-rendido-por-criminosos-armados-durante-roubo-em-padaria-em-ribeirao-preto#primaryimage"},"image":{"@id":"https:\/\/redenoticiaz.com.br\/ribeiraopreto-regiao\/sp\/2026\/04\/24\/idoso-e-rendido-por-criminosos-armados-durante-roubo-em-padaria-em-ribeirao-preto#primaryimage"},"thumbnailUrl":"https:\/\/redenoticiaz.com.br\/ribeiraopreto-regiao\/wp-content\/uploads\/sites\/4\/2026\/04\/Captura-de-tela-2026-04-24-091413.png","datePublished":"2026-04-24T13:08:37+00:00","description":"Roubo em padaria de Ribeir\u00e3o Preto deixa idoso de 70 anos sob amea\u00e7a. Criminosos armados levaram dinheiro, produtos e ve\u00edculo.","inLanguage":"pt-BR","potentialAction":[{"@type":"ReadAction","target":["https:\/\/redenoticiaz.com.br\/ribeiraopreto-regiao\/sp\/2026\/04\/24\/idoso-e-rendido-por-criminosos-armados-durante-roubo-em-padaria-em-ribeirao-preto"]}]},{"@type":"ImageObject","inLanguage":"pt-BR","@id":"https:\/\/redenoticiaz.com.br\/ribeiraopreto-regiao\/sp\/2026\/04\/24\/idoso-e-rendido-por-criminosos-armados-durante-roubo-em-padaria-em-ribeirao-preto#primaryimage","url":"https:\/\/redenoticiaz.com.br\/ribeiraopreto-regiao\/wp-content\/uploads\/sites\/4\/2026\/04\/Captura-de-tela-2026-04-24-091413.png","contentUrl":"https:\/\/redenoticiaz.com.br\/ribeiraopreto-regiao\/wp-content\/uploads\/sites\/4\/2026\/04\/Captura-de-tela-2026-04-24-091413.png","width":547,"height":376,"caption":"Idoso \u00e9 rendido por criminosos armados durante roubo em padaria em Ribeir\u00e3o Preto"},{"@type":"WebSite","@id":"https:\/\/redenoticiaz.com.br\/ribeiraopreto-regiao\/#website","url":"https:\/\/redenoticiaz.com.br\/ribeiraopreto-regiao\/","name":"Ribeir\u00e3o Preto e Regi\u00e3o","description":"Rede NoticiaZ - Ribeir\u00e3o Preto e regi\u00e3o","publisher":{"@id":"https:\/\/redenoticiaz.com.br\/ribeiraopreto-regiao\/#organization"},"potentialAction":[{"@type":"SearchAction","target":{"@type":"EntryPoint","urlTemplate":"https:\/\/redenoticiaz.com.br\/ribeiraopreto-regiao\/?s={search_term_string}"},"query-input":{"@type":"PropertyValueSpecification","valueRequired":true,"valueName":"search_term_string"}}],"inLanguage":"pt-BR"},{"@type":"Organization","@id":"https:\/\/redenoticiaz.com.br\/ribeiraopreto-regiao\/#organization","name":"Ribeir\u00e3o Preto e Regi\u00e3o","url":"https:\/\/redenoticiaz.com.br\/ribeiraopreto-regiao\/","logo":{"@type":"ImageObject","inLanguage":"pt-BR","@id":"https:\/\/redenoticiaz.com.br\/ribeiraopreto-regiao\/#\/schema\/logo\/image\/","url":"https:\/\/redenoticiaz.com.br\/barretos-regiao\/wp-content\/uploads\/sites\/4\/2022\/02\/logo.jpg","contentUrl":"https:\/\/redenoticiaz.com.br\/barretos-regiao\/wp-content\/uploads\/sites\/4\/2022\/02\/logo.jpg","width":400,"height":250,"caption":"Ribeir\u00e3o Preto e Regi\u00e3o"},"image":{"@id":"https:\/\/redenoticiaz.com.br\/ribeiraopreto-regiao\/#\/schema\/logo\/image\/"},"sameAs":["https:\/\/m.facebook.com\/redenoticiaz.barretos","https:\/\/x.com\/RN_barretos","https:\/\/www.instagram.com\/redenoticiaz.barretos\/?igshid=YmMyMTA2M2Y","https:\/\/www.linkedin.com\/company\/rede-noticiaz-barretos-e-regio\/"]},{"@type":"Person","@id":"https:\/\/redenoticiaz.com.br\/ribeiraopreto-regiao\/#\/schema\/person\/1f84d6e94e6a62d2d81199d7503e9e90","name":"Carina Reifonas","image":{"@type":"ImageObject","inLanguage":"pt-BR","@id":"https:\/\/secure.gravatar.com\/avatar\/04c59859b23696cf867715880f81d5c037e60109730bdb4e6670ec2a2245bc97?s=96&d=mm&r=g","url":"https:\/\/secure.gravatar.com\/avatar\/04c59859b23696cf867715880f81d5c037e60109730bdb4e6670ec2a2245bc97?s=96&d=mm&r=g","contentUrl":"https:\/\/secure.gravatar.com\/avatar\/04c59859b23696cf867715880f81d5c037e60109730bdb4e6670ec2a2245bc97?s=96&d=mm&r=g","caption":"Carina Reifonas"},"url":"https:\/\/redenoticiaz.com.br\/ribeiraopreto-regiao\/sp\/author\/carinareifonas"}]}},"_links":{"self":[{"href":"https:\/\/redenoticiaz.com.br\/ribeiraopreto-regiao\/wp-json\/wp\/v2\/posts\/121251","targetHints":{"allow":["GET"]}}],"collection":[{"href":"https:\/\/redenoticiaz.com.br\/ribeiraopreto-regiao\/wp-json\/wp\/v2\/posts"}],"about":[{"href":"https:\/\/redenoticiaz.com.br\/ribeiraopreto-regiao\/wp-json\/wp\/v2\/types\/post"}],"author":[{"embeddable":true,"href":"https:\/\/redenoticiaz.com.br\/ribeiraopreto-regiao\/wp-json\/wp\/v2\/users\/30"}],"replies":[{"embeddable":true,"href":"https:\/\/redenoticiaz.com.br\/ribeiraopreto-regiao\/wp-json\/wp\/v2\/comments?post=121251"}],"version-history":[{"count":1,"href":"https:\/\/redenoticiaz.com.br\/ribeiraopreto-regiao\/wp-json\/wp\/v2\/posts\/121251\/revisions"}],"predecessor-version":[{"id":121255,"href":"https:\/\/redenoticiaz.com.br\/ribeiraopreto-regiao\/wp-json\/wp\/v2\/posts\/121251\/revisions\/121255"}],"wp:featuredmedia":[{"embeddable":true,"href":"https:\/\/redenoticiaz.com.br\/ribeiraopreto-regiao\/wp-json\/wp\/v2\/media\/121252"}],"wp:attachment":[{"href":"https:\/\/redenoticiaz.com.br\/ribeiraopreto-regiao\/wp-json\/wp\/v2\/media?parent=121251"}],"wp:term":[{"taxonomy":"category","embeddable":true,"href":"https:\/\/redenoticiaz.com.br\/ribeiraopreto-regiao\/wp-json\/wp\/v2\/categories?post=121251"},{"taxonomy":"post_tag","embeddable":true,"href":"https:\/\/redenoticiaz.com.br\/ribeiraopreto-regiao\/wp-json\/wp\/v2\/tags?post=121251"}],"curies":[{"name":"wp","href":"https:\/\/api.w.org\/{rel}","templated":true}]}}