{"id":121276,"date":"2026-04-28T10:28:20","date_gmt":"2026-04-28T13:28:20","guid":{"rendered":"https:\/\/redenoticiaz.com.br\/ribeiraopreto-regiao\/?p=121276"},"modified":"2026-04-28T10:28:20","modified_gmt":"2026-04-28T13:28:20","slug":"suspeito-de-feminicidio-em-ribeirao-preto-e-preso-apos-matar-ex-namorada-a-facadas","status":"publish","type":"post","link":"https:\/\/redenoticiaz.com.br\/ribeiraopreto-regiao\/sp\/2026\/04\/28\/suspeito-de-feminicidio-em-ribeirao-preto-e-preso-apos-matar-ex-namorada-a-facadas","title":{"rendered":"Suspeito de feminic\u00eddio em Ribeir\u00e3o Preto \u00e9 preso ap\u00f3s matar ex-namorada a facadas"},"content":{"rendered":"<p>Um homem suspeito de feminic\u00eddio em Ribeir\u00e3o Preto foi preso neste s\u00e1bado (25) no distrito de Cruz das Posses, em Sert\u00e3ozinho, ap\u00f3s matar a ex-namorada a facadas.<\/p>\n<p>A v\u00edtima, Thais Rodrigues de Paulo, de 24 anos, foi atacada na rua Rio Paragua\u00e7u, no bairro Jardim Presidente Dutra, na zona Norte da cidade. Ela n\u00e3o resistiu aos ferimentos.<\/p>\n<p>De acordo com a Guarda Civil Municipal (GCM) de Sert\u00e3ozinho, o suspeito, identificado como Maziel Dantas da Silva, de 51 anos, foi localizado escondido em uma resid\u00eancia.<\/p>\n<p>Ap\u00f3s a pris\u00e3o, ele foi encaminhado \u00e0 Delegacia de Defesa da Mulher (DDM) de Ribeir\u00e3o Preto, onde o caso foi registrado como feminic\u00eddio e segue sob investiga\u00e7\u00e3o da Pol\u00edcia Civil.<\/p>\n<p>O crime refor\u00e7a os alertas sobre a viol\u00eancia contra a mulher e a import\u00e2ncia da den\u00fancia em casos de amea\u00e7a ou agress\u00e3o.<\/p>\n<p>LEIA MAIS<\/p>\n<p><a href=\"https:\/\/redenoticiaz.com.br\/ribeiraopreto-regiao\/sp\/2026\/04\/28\/tarcisio-e-flavio-bolsonaro-iniciam-pre-campanha-na-agrishow-com-criticas-ao-governo-lula\">Tarc\u00edsio e Fl\u00e1vio Bolsonaro iniciam pr\u00e9-campanha na Agrishow com cr\u00edticas ao governo Lula<\/a><\/p>\n<p><a href=\"https:\/\/redenoticiaz.com.br\/ribeiraopreto-regiao\/sp\/2026\/04\/27\/sesi-em-movimento-2026-oferece-atividades-fisicas-gratuitas-em-ribeirao-preto\">SESI em Movimento 2026 oferece atividades f\u00edsicas gratuitas em Ribeir\u00e3o Preto<\/a><\/p>\n","protected":false},"excerpt":{"rendered":"<p>Um homem suspeito de feminic\u00eddio em Ribeir\u00e3o Preto foi preso neste s\u00e1bado (25) no distrito de Cruz das Posses, em Sert\u00e3ozinho, ap\u00f3s matar a ex-namorada a facadas. A v\u00edtima, Thais Rodrigues de Paulo, de 24 anos, foi atacada na rua Rio Paragua\u00e7u, no bairro Jardim Presidente Dutra, na zona Norte da cidade. Ela n\u00e3o resistiu &hellip;<\/p>\n","protected":false},"author":30,"featured_media":121278,"comment_status":"open","ping_status":"closed","sticky":false,"template":"","format":"standard","meta":{"footnotes":""},"categories":[88,31500],"tags":[12105,16999,4097,9413],"class_list":["post-121276","post","type-post","status-publish","format-standard","has-post-thumbnail","hentry","category-policia","category-ribeirao-preto","tag-feminicidio","tag-matar","tag-ribeirao-preto","tag-suspeito"],"yoast_head":"<!-- This site is optimized with the Yoast SEO plugin v27.4 - https:\/\/yoast.com\/product\/yoast-seo-wordpress\/ -->\n<title>Suspeito de feminic\u00eddio em Ribeir\u00e3o Preto \u00e9 preso ap\u00f3s matar ex-namorada a facadas - Ribeir\u00e3o Preto e Regi\u00e3o<\/title>\n<meta name=\"description\" content=\"Suspeito de feminic\u00eddio em Ribeir\u00e3o Preto \u00e9 preso em Sert\u00e3ozinho. V\u00edtima de 24 anos foi morta a facadas na zona Norte da cidade.\" \/>\n<meta name=\"robots\" content=\"index, follow, max-snippet:-1, max-image-preview:large, max-video-preview:-1\" \/>\n<link rel=\"canonical\" href=\"https:\/\/redenoticiaz.com.br\/ribeiraopreto-regiao\/sp\/2026\/04\/28\/suspeito-de-feminicidio-em-ribeirao-preto-e-preso-apos-matar-ex-namorada-a-facadas\" \/>\n<meta property=\"og:locale\" content=\"pt_BR\" \/>\n<meta property=\"og:type\" content=\"article\" \/>\n<meta property=\"og:title\" content=\"Suspeito de feminic\u00eddio em Ribeir\u00e3o Preto \u00e9 preso ap\u00f3s matar ex-namorada a facadas - Ribeir\u00e3o Preto e Regi\u00e3o\" \/>\n<meta property=\"og:description\" content=\"Suspeito de feminic\u00eddio em Ribeir\u00e3o Preto \u00e9 preso em Sert\u00e3ozinho. V\u00edtima de 24 anos foi morta a facadas na zona Norte da cidade.\" \/>\n<meta property=\"og:url\" content=\"https:\/\/redenoticiaz.com.br\/ribeiraopreto-regiao\/sp\/2026\/04\/28\/suspeito-de-feminicidio-em-ribeirao-preto-e-preso-apos-matar-ex-namorada-a-facadas\" \/>\n<meta property=\"og:site_name\" content=\"Ribeir\u00e3o Preto e Regi\u00e3o\" \/>\n<meta property=\"article:publisher\" content=\"https:\/\/m.facebook.com\/redenoticiaz.barretos\" \/>\n<meta property=\"article:published_time\" content=\"2026-04-28T13:28:20+00:00\" \/>\n<meta property=\"og:image\" content=\"https:\/\/redenoticiaz.com.br\/ribeiraopreto-regiao\/wp-content\/uploads\/sites\/4\/2026\/04\/Captura-de-tela-2026-04-28-094922.png\" \/>\n\t<meta property=\"og:image:width\" content=\"496\" \/>\n\t<meta property=\"og:image:height\" content=\"335\" \/>\n\t<meta property=\"og:image:type\" content=\"image\/png\" \/>\n<meta name=\"author\" content=\"Carina Reifonas\" \/>\n<meta name=\"twitter:card\" content=\"summary_large_image\" \/>\n<meta name=\"twitter:creator\" content=\"@RN_barretos\" \/>\n<meta name=\"twitter:site\" content=\"@RN_barretos\" \/>\n<meta name=\"twitter:label1\" content=\"Escrito por\" \/>\n\t<meta name=\"twitter:data1\" content=\"Carina Reifonas\" \/>\n\t<meta name=\"twitter:label2\" content=\"Est. tempo de leitura\" \/>\n\t<meta name=\"twitter:data2\" content=\"2 minutos\" \/>\n<script type=\"application\/ld+json\" class=\"yoast-schema-graph\">{\"@context\":\"https:\\\/\\\/schema.org\",\"@graph\":[{\"@type\":\"Article\",\"@id\":\"https:\\\/\\\/redenoticiaz.com.br\\\/ribeiraopreto-regiao\\\/sp\\\/2026\\\/04\\\/28\\\/suspeito-de-feminicidio-em-ribeirao-preto-e-preso-apos-matar-ex-namorada-a-facadas#article\",\"isPartOf\":{\"@id\":\"https:\\\/\\\/redenoticiaz.com.br\\\/ribeiraopreto-regiao\\\/sp\\\/2026\\\/04\\\/28\\\/suspeito-de-feminicidio-em-ribeirao-preto-e-preso-apos-matar-ex-namorada-a-facadas\"},\"author\":{\"name\":\"Carina Reifonas\",\"@id\":\"https:\\\/\\\/redenoticiaz.com.br\\\/ribeiraopreto-regiao\\\/#\\\/schema\\\/person\\\/1f84d6e94e6a62d2d81199d7503e9e90\"},\"headline\":\"Suspeito de feminic\u00eddio em Ribeir\u00e3o Preto \u00e9 preso ap\u00f3s matar ex-namorada a facadas\",\"datePublished\":\"2026-04-28T13:28:20+00:00\",\"mainEntityOfPage\":{\"@id\":\"https:\\\/\\\/redenoticiaz.com.br\\\/ribeiraopreto-regiao\\\/sp\\\/2026\\\/04\\\/28\\\/suspeito-de-feminicidio-em-ribeirao-preto-e-preso-apos-matar-ex-namorada-a-facadas\"},\"wordCount\":200,\"commentCount\":0,\"publisher\":{\"@id\":\"https:\\\/\\\/redenoticiaz.com.br\\\/ribeiraopreto-regiao\\\/#organization\"},\"image\":{\"@id\":\"https:\\\/\\\/redenoticiaz.com.br\\\/ribeiraopreto-regiao\\\/sp\\\/2026\\\/04\\\/28\\\/suspeito-de-feminicidio-em-ribeirao-preto-e-preso-apos-matar-ex-namorada-a-facadas#primaryimage\"},\"thumbnailUrl\":\"https:\\\/\\\/redenoticiaz.com.br\\\/ribeiraopreto-regiao\\\/wp-content\\\/uploads\\\/sites\\\/4\\\/2026\\\/04\\\/Captura-de-tela-2026-04-28-094922.png\",\"keywords\":[\"FEMINIC\u00cdDIO\",\"MATAR\",\"RIBEIR\u00c3O PRETO\",\"SUSPEITO\"],\"articleSection\":[\"Pol\u00edcia\",\"Ribeir\u00e3o Preto\"],\"inLanguage\":\"pt-BR\",\"potentialAction\":[{\"@type\":\"CommentAction\",\"name\":\"Comment\",\"target\":[\"https:\\\/\\\/redenoticiaz.com.br\\\/ribeiraopreto-regiao\\\/sp\\\/2026\\\/04\\\/28\\\/suspeito-de-feminicidio-em-ribeirao-preto-e-preso-apos-matar-ex-namorada-a-facadas#respond\"]}]},{\"@type\":\"WebPage\",\"@id\":\"https:\\\/\\\/redenoticiaz.com.br\\\/ribeiraopreto-regiao\\\/sp\\\/2026\\\/04\\\/28\\\/suspeito-de-feminicidio-em-ribeirao-preto-e-preso-apos-matar-ex-namorada-a-facadas\",\"url\":\"https:\\\/\\\/redenoticiaz.com.br\\\/ribeiraopreto-regiao\\\/sp\\\/2026\\\/04\\\/28\\\/suspeito-de-feminicidio-em-ribeirao-preto-e-preso-apos-matar-ex-namorada-a-facadas\",\"name\":\"Suspeito de feminic\u00eddio em Ribeir\u00e3o Preto \u00e9 preso ap\u00f3s matar ex-namorada a facadas - Ribeir\u00e3o Preto e Regi\u00e3o\",\"isPartOf\":{\"@id\":\"https:\\\/\\\/redenoticiaz.com.br\\\/ribeiraopreto-regiao\\\/#website\"},\"primaryImageOfPage\":{\"@id\":\"https:\\\/\\\/redenoticiaz.com.br\\\/ribeiraopreto-regiao\\\/sp\\\/2026\\\/04\\\/28\\\/suspeito-de-feminicidio-em-ribeirao-preto-e-preso-apos-matar-ex-namorada-a-facadas#primaryimage\"},\"image\":{\"@id\":\"https:\\\/\\\/redenoticiaz.com.br\\\/ribeiraopreto-regiao\\\/sp\\\/2026\\\/04\\\/28\\\/suspeito-de-feminicidio-em-ribeirao-preto-e-preso-apos-matar-ex-namorada-a-facadas#primaryimage\"},\"thumbnailUrl\":\"https:\\\/\\\/redenoticiaz.com.br\\\/ribeiraopreto-regiao\\\/wp-content\\\/uploads\\\/sites\\\/4\\\/2026\\\/04\\\/Captura-de-tela-2026-04-28-094922.png\",\"datePublished\":\"2026-04-28T13:28:20+00:00\",\"description\":\"Suspeito de feminic\u00eddio em Ribeir\u00e3o Preto \u00e9 preso em Sert\u00e3ozinho. V\u00edtima de 24 anos foi morta a facadas na zona Norte da cidade.\",\"inLanguage\":\"pt-BR\",\"potentialAction\":[{\"@type\":\"ReadAction\",\"target\":[\"https:\\\/\\\/redenoticiaz.com.br\\\/ribeiraopreto-regiao\\\/sp\\\/2026\\\/04\\\/28\\\/suspeito-de-feminicidio-em-ribeirao-preto-e-preso-apos-matar-ex-namorada-a-facadas\"]}]},{\"@type\":\"ImageObject\",\"inLanguage\":\"pt-BR\",\"@id\":\"https:\\\/\\\/redenoticiaz.com.br\\\/ribeiraopreto-regiao\\\/sp\\\/2026\\\/04\\\/28\\\/suspeito-de-feminicidio-em-ribeirao-preto-e-preso-apos-matar-ex-namorada-a-facadas#primaryimage\",\"url\":\"https:\\\/\\\/redenoticiaz.com.br\\\/ribeiraopreto-regiao\\\/wp-content\\\/uploads\\\/sites\\\/4\\\/2026\\\/04\\\/Captura-de-tela-2026-04-28-094922.png\",\"contentUrl\":\"https:\\\/\\\/redenoticiaz.com.br\\\/ribeiraopreto-regiao\\\/wp-content\\\/uploads\\\/sites\\\/4\\\/2026\\\/04\\\/Captura-de-tela-2026-04-28-094922.png\",\"width\":496,\"height\":335,\"caption\":\"Suspeito de feminic\u00eddio em Ribeir\u00e3o Preto \u00e9 preso ap\u00f3s matar ex-namorada a facadas\"},{\"@type\":\"WebSite\",\"@id\":\"https:\\\/\\\/redenoticiaz.com.br\\\/ribeiraopreto-regiao\\\/#website\",\"url\":\"https:\\\/\\\/redenoticiaz.com.br\\\/ribeiraopreto-regiao\\\/\",\"name\":\"Ribeir\u00e3o Preto e Regi\u00e3o\",\"description\":\"Rede NoticiaZ - Ribeir\u00e3o Preto e regi\u00e3o\",\"publisher\":{\"@id\":\"https:\\\/\\\/redenoticiaz.com.br\\\/ribeiraopreto-regiao\\\/#organization\"},\"potentialAction\":[{\"@type\":\"SearchAction\",\"target\":{\"@type\":\"EntryPoint\",\"urlTemplate\":\"https:\\\/\\\/redenoticiaz.com.br\\\/ribeiraopreto-regiao\\\/?s={search_term_string}\"},\"query-input\":{\"@type\":\"PropertyValueSpecification\",\"valueRequired\":true,\"valueName\":\"search_term_string\"}}],\"inLanguage\":\"pt-BR\"},{\"@type\":\"Organization\",\"@id\":\"https:\\\/\\\/redenoticiaz.com.br\\\/ribeiraopreto-regiao\\\/#organization\",\"name\":\"Ribeir\u00e3o Preto e Regi\u00e3o\",\"url\":\"https:\\\/\\\/redenoticiaz.com.br\\\/ribeiraopreto-regiao\\\/\",\"logo\":{\"@type\":\"ImageObject\",\"inLanguage\":\"pt-BR\",\"@id\":\"https:\\\/\\\/redenoticiaz.com.br\\\/ribeiraopreto-regiao\\\/#\\\/schema\\\/logo\\\/image\\\/\",\"url\":\"https:\\\/\\\/redenoticiaz.com.br\\\/barretos-regiao\\\/wp-content\\\/uploads\\\/sites\\\/4\\\/2022\\\/02\\\/logo.jpg\",\"contentUrl\":\"https:\\\/\\\/redenoticiaz.com.br\\\/barretos-regiao\\\/wp-content\\\/uploads\\\/sites\\\/4\\\/2022\\\/02\\\/logo.jpg\",\"width\":400,\"height\":250,\"caption\":\"Ribeir\u00e3o Preto e Regi\u00e3o\"},\"image\":{\"@id\":\"https:\\\/\\\/redenoticiaz.com.br\\\/ribeiraopreto-regiao\\\/#\\\/schema\\\/logo\\\/image\\\/\"},\"sameAs\":[\"https:\\\/\\\/m.facebook.com\\\/redenoticiaz.barretos\",\"https:\\\/\\\/x.com\\\/RN_barretos\",\"https:\\\/\\\/www.instagram.com\\\/redenoticiaz.barretos\\\/?igshid=YmMyMTA2M2Y\",\"https:\\\/\\\/www.linkedin.com\\\/company\\\/rede-noticiaz-barretos-e-regio\\\/\"]},{\"@type\":\"Person\",\"@id\":\"https:\\\/\\\/redenoticiaz.com.br\\\/ribeiraopreto-regiao\\\/#\\\/schema\\\/person\\\/1f84d6e94e6a62d2d81199d7503e9e90\",\"name\":\"Carina Reifonas\",\"image\":{\"@type\":\"ImageObject\",\"inLanguage\":\"pt-BR\",\"@id\":\"https:\\\/\\\/secure.gravatar.com\\\/avatar\\\/04c59859b23696cf867715880f81d5c037e60109730bdb4e6670ec2a2245bc97?s=96&d=mm&r=g\",\"url\":\"https:\\\/\\\/secure.gravatar.com\\\/avatar\\\/04c59859b23696cf867715880f81d5c037e60109730bdb4e6670ec2a2245bc97?s=96&d=mm&r=g\",\"contentUrl\":\"https:\\\/\\\/secure.gravatar.com\\\/avatar\\\/04c59859b23696cf867715880f81d5c037e60109730bdb4e6670ec2a2245bc97?s=96&d=mm&r=g\",\"caption\":\"Carina Reifonas\"},\"url\":\"https:\\\/\\\/redenoticiaz.com.br\\\/ribeiraopreto-regiao\\\/sp\\\/author\\\/carinareifonas\"}]}<\/script>\n<!-- \/ Yoast SEO plugin. -->","yoast_head_json":{"title":"Suspeito de feminic\u00eddio em Ribeir\u00e3o Preto \u00e9 preso ap\u00f3s matar ex-namorada a facadas - Ribeir\u00e3o Preto e Regi\u00e3o","description":"Suspeito de feminic\u00eddio em Ribeir\u00e3o Preto \u00e9 preso em Sert\u00e3ozinho. V\u00edtima de 24 anos foi morta a facadas na zona Norte da cidade.","robots":{"index":"index","follow":"follow","max-snippet":"max-snippet:-1","max-image-preview":"max-image-preview:large","max-video-preview":"max-video-preview:-1"},"canonical":"https:\/\/redenoticiaz.com.br\/ribeiraopreto-regiao\/sp\/2026\/04\/28\/suspeito-de-feminicidio-em-ribeirao-preto-e-preso-apos-matar-ex-namorada-a-facadas","og_locale":"pt_BR","og_type":"article","og_title":"Suspeito de feminic\u00eddio em Ribeir\u00e3o Preto \u00e9 preso ap\u00f3s matar ex-namorada a facadas - Ribeir\u00e3o Preto e Regi\u00e3o","og_description":"Suspeito de feminic\u00eddio em Ribeir\u00e3o Preto \u00e9 preso em Sert\u00e3ozinho. V\u00edtima de 24 anos foi morta a facadas na zona Norte da cidade.","og_url":"https:\/\/redenoticiaz.com.br\/ribeiraopreto-regiao\/sp\/2026\/04\/28\/suspeito-de-feminicidio-em-ribeirao-preto-e-preso-apos-matar-ex-namorada-a-facadas","og_site_name":"Ribeir\u00e3o Preto e Regi\u00e3o","article_publisher":"https:\/\/m.facebook.com\/redenoticiaz.barretos","article_published_time":"2026-04-28T13:28:20+00:00","og_image":[{"width":496,"height":335,"url":"https:\/\/redenoticiaz.com.br\/ribeiraopreto-regiao\/wp-content\/uploads\/sites\/4\/2026\/04\/Captura-de-tela-2026-04-28-094922.png","type":"image\/png"}],"author":"Carina Reifonas","twitter_card":"summary_large_image","twitter_creator":"@RN_barretos","twitter_site":"@RN_barretos","twitter_misc":{"Escrito por":"Carina Reifonas","Est. tempo de leitura":"2 minutos"},"schema":{"@context":"https:\/\/schema.org","@graph":[{"@type":"Article","@id":"https:\/\/redenoticiaz.com.br\/ribeiraopreto-regiao\/sp\/2026\/04\/28\/suspeito-de-feminicidio-em-ribeirao-preto-e-preso-apos-matar-ex-namorada-a-facadas#article","isPartOf":{"@id":"https:\/\/redenoticiaz.com.br\/ribeiraopreto-regiao\/sp\/2026\/04\/28\/suspeito-de-feminicidio-em-ribeirao-preto-e-preso-apos-matar-ex-namorada-a-facadas"},"author":{"name":"Carina Reifonas","@id":"https:\/\/redenoticiaz.com.br\/ribeiraopreto-regiao\/#\/schema\/person\/1f84d6e94e6a62d2d81199d7503e9e90"},"headline":"Suspeito de feminic\u00eddio em Ribeir\u00e3o Preto \u00e9 preso ap\u00f3s matar ex-namorada a facadas","datePublished":"2026-04-28T13:28:20+00:00","mainEntityOfPage":{"@id":"https:\/\/redenoticiaz.com.br\/ribeiraopreto-regiao\/sp\/2026\/04\/28\/suspeito-de-feminicidio-em-ribeirao-preto-e-preso-apos-matar-ex-namorada-a-facadas"},"wordCount":200,"commentCount":0,"publisher":{"@id":"https:\/\/redenoticiaz.com.br\/ribeiraopreto-regiao\/#organization"},"image":{"@id":"https:\/\/redenoticiaz.com.br\/ribeiraopreto-regiao\/sp\/2026\/04\/28\/suspeito-de-feminicidio-em-ribeirao-preto-e-preso-apos-matar-ex-namorada-a-facadas#primaryimage"},"thumbnailUrl":"https:\/\/redenoticiaz.com.br\/ribeiraopreto-regiao\/wp-content\/uploads\/sites\/4\/2026\/04\/Captura-de-tela-2026-04-28-094922.png","keywords":["FEMINIC\u00cdDIO","MATAR","RIBEIR\u00c3O PRETO","SUSPEITO"],"articleSection":["Pol\u00edcia","Ribeir\u00e3o Preto"],"inLanguage":"pt-BR","potentialAction":[{"@type":"CommentAction","name":"Comment","target":["https:\/\/redenoticiaz.com.br\/ribeiraopreto-regiao\/sp\/2026\/04\/28\/suspeito-de-feminicidio-em-ribeirao-preto-e-preso-apos-matar-ex-namorada-a-facadas#respond"]}]},{"@type":"WebPage","@id":"https:\/\/redenoticiaz.com.br\/ribeiraopreto-regiao\/sp\/2026\/04\/28\/suspeito-de-feminicidio-em-ribeirao-preto-e-preso-apos-matar-ex-namorada-a-facadas","url":"https:\/\/redenoticiaz.com.br\/ribeiraopreto-regiao\/sp\/2026\/04\/28\/suspeito-de-feminicidio-em-ribeirao-preto-e-preso-apos-matar-ex-namorada-a-facadas","name":"Suspeito de feminic\u00eddio em Ribeir\u00e3o Preto \u00e9 preso ap\u00f3s matar ex-namorada a facadas - Ribeir\u00e3o Preto e Regi\u00e3o","isPartOf":{"@id":"https:\/\/redenoticiaz.com.br\/ribeiraopreto-regiao\/#website"},"primaryImageOfPage":{"@id":"https:\/\/redenoticiaz.com.br\/ribeiraopreto-regiao\/sp\/2026\/04\/28\/suspeito-de-feminicidio-em-ribeirao-preto-e-preso-apos-matar-ex-namorada-a-facadas#primaryimage"},"image":{"@id":"https:\/\/redenoticiaz.com.br\/ribeiraopreto-regiao\/sp\/2026\/04\/28\/suspeito-de-feminicidio-em-ribeirao-preto-e-preso-apos-matar-ex-namorada-a-facadas#primaryimage"},"thumbnailUrl":"https:\/\/redenoticiaz.com.br\/ribeiraopreto-regiao\/wp-content\/uploads\/sites\/4\/2026\/04\/Captura-de-tela-2026-04-28-094922.png","datePublished":"2026-04-28T13:28:20+00:00","description":"Suspeito de feminic\u00eddio em Ribeir\u00e3o Preto \u00e9 preso em Sert\u00e3ozinho. V\u00edtima de 24 anos foi morta a facadas na zona Norte da cidade.","inLanguage":"pt-BR","potentialAction":[{"@type":"ReadAction","target":["https:\/\/redenoticiaz.com.br\/ribeiraopreto-regiao\/sp\/2026\/04\/28\/suspeito-de-feminicidio-em-ribeirao-preto-e-preso-apos-matar-ex-namorada-a-facadas"]}]},{"@type":"ImageObject","inLanguage":"pt-BR","@id":"https:\/\/redenoticiaz.com.br\/ribeiraopreto-regiao\/sp\/2026\/04\/28\/suspeito-de-feminicidio-em-ribeirao-preto-e-preso-apos-matar-ex-namorada-a-facadas#primaryimage","url":"https:\/\/redenoticiaz.com.br\/ribeiraopreto-regiao\/wp-content\/uploads\/sites\/4\/2026\/04\/Captura-de-tela-2026-04-28-094922.png","contentUrl":"https:\/\/redenoticiaz.com.br\/ribeiraopreto-regiao\/wp-content\/uploads\/sites\/4\/2026\/04\/Captura-de-tela-2026-04-28-094922.png","width":496,"height":335,"caption":"Suspeito de feminic\u00eddio em Ribeir\u00e3o Preto \u00e9 preso ap\u00f3s matar ex-namorada a facadas"},{"@type":"WebSite","@id":"https:\/\/redenoticiaz.com.br\/ribeiraopreto-regiao\/#website","url":"https:\/\/redenoticiaz.com.br\/ribeiraopreto-regiao\/","name":"Ribeir\u00e3o Preto e Regi\u00e3o","description":"Rede NoticiaZ - Ribeir\u00e3o Preto e regi\u00e3o","publisher":{"@id":"https:\/\/redenoticiaz.com.br\/ribeiraopreto-regiao\/#organization"},"potentialAction":[{"@type":"SearchAction","target":{"@type":"EntryPoint","urlTemplate":"https:\/\/redenoticiaz.com.br\/ribeiraopreto-regiao\/?s={search_term_string}"},"query-input":{"@type":"PropertyValueSpecification","valueRequired":true,"valueName":"search_term_string"}}],"inLanguage":"pt-BR"},{"@type":"Organization","@id":"https:\/\/redenoticiaz.com.br\/ribeiraopreto-regiao\/#organization","name":"Ribeir\u00e3o Preto e Regi\u00e3o","url":"https:\/\/redenoticiaz.com.br\/ribeiraopreto-regiao\/","logo":{"@type":"ImageObject","inLanguage":"pt-BR","@id":"https:\/\/redenoticiaz.com.br\/ribeiraopreto-regiao\/#\/schema\/logo\/image\/","url":"https:\/\/redenoticiaz.com.br\/barretos-regiao\/wp-content\/uploads\/sites\/4\/2022\/02\/logo.jpg","contentUrl":"https:\/\/redenoticiaz.com.br\/barretos-regiao\/wp-content\/uploads\/sites\/4\/2022\/02\/logo.jpg","width":400,"height":250,"caption":"Ribeir\u00e3o Preto e Regi\u00e3o"},"image":{"@id":"https:\/\/redenoticiaz.com.br\/ribeiraopreto-regiao\/#\/schema\/logo\/image\/"},"sameAs":["https:\/\/m.facebook.com\/redenoticiaz.barretos","https:\/\/x.com\/RN_barretos","https:\/\/www.instagram.com\/redenoticiaz.barretos\/?igshid=YmMyMTA2M2Y","https:\/\/www.linkedin.com\/company\/rede-noticiaz-barretos-e-regio\/"]},{"@type":"Person","@id":"https:\/\/redenoticiaz.com.br\/ribeiraopreto-regiao\/#\/schema\/person\/1f84d6e94e6a62d2d81199d7503e9e90","name":"Carina Reifonas","image":{"@type":"ImageObject","inLanguage":"pt-BR","@id":"https:\/\/secure.gravatar.com\/avatar\/04c59859b23696cf867715880f81d5c037e60109730bdb4e6670ec2a2245bc97?s=96&d=mm&r=g","url":"https:\/\/secure.gravatar.com\/avatar\/04c59859b23696cf867715880f81d5c037e60109730bdb4e6670ec2a2245bc97?s=96&d=mm&r=g","contentUrl":"https:\/\/secure.gravatar.com\/avatar\/04c59859b23696cf867715880f81d5c037e60109730bdb4e6670ec2a2245bc97?s=96&d=mm&r=g","caption":"Carina Reifonas"},"url":"https:\/\/redenoticiaz.com.br\/ribeiraopreto-regiao\/sp\/author\/carinareifonas"}]}},"_links":{"self":[{"href":"https:\/\/redenoticiaz.com.br\/ribeiraopreto-regiao\/wp-json\/wp\/v2\/posts\/121276","targetHints":{"allow":["GET"]}}],"collection":[{"href":"https:\/\/redenoticiaz.com.br\/ribeiraopreto-regiao\/wp-json\/wp\/v2\/posts"}],"about":[{"href":"https:\/\/redenoticiaz.com.br\/ribeiraopreto-regiao\/wp-json\/wp\/v2\/types\/post"}],"author":[{"embeddable":true,"href":"https:\/\/redenoticiaz.com.br\/ribeiraopreto-regiao\/wp-json\/wp\/v2\/users\/30"}],"replies":[{"embeddable":true,"href":"https:\/\/redenoticiaz.com.br\/ribeiraopreto-regiao\/wp-json\/wp\/v2\/comments?post=121276"}],"version-history":[{"count":1,"href":"https:\/\/redenoticiaz.com.br\/ribeiraopreto-regiao\/wp-json\/wp\/v2\/posts\/121276\/revisions"}],"predecessor-version":[{"id":121281,"href":"https:\/\/redenoticiaz.com.br\/ribeiraopreto-regiao\/wp-json\/wp\/v2\/posts\/121276\/revisions\/121281"}],"wp:featuredmedia":[{"embeddable":true,"href":"https:\/\/redenoticiaz.com.br\/ribeiraopreto-regiao\/wp-json\/wp\/v2\/media\/121278"}],"wp:attachment":[{"href":"https:\/\/redenoticiaz.com.br\/ribeiraopreto-regiao\/wp-json\/wp\/v2\/media?parent=121276"}],"wp:term":[{"taxonomy":"category","embeddable":true,"href":"https:\/\/redenoticiaz.com.br\/ribeiraopreto-regiao\/wp-json\/wp\/v2\/categories?post=121276"},{"taxonomy":"post_tag","embeddable":true,"href":"https:\/\/redenoticiaz.com.br\/ribeiraopreto-regiao\/wp-json\/wp\/v2\/tags?post=121276"}],"curies":[{"name":"wp","href":"https:\/\/api.w.org\/{rel}","templated":true}]}}